{"id":46936,"date":"2020-05-24T14:53:25","date_gmt":"2020-05-24T13:53:25","guid":{"rendered":"http:\/\/www.altominho.tv\/site\/?p=46936"},"modified":"2020-05-24T14:53:27","modified_gmt":"2020-05-24T13:53:27","slug":"mais-de-342-mil-mortos-e-53-milhoes-de-infetados-em-todo-o-mundo","status":"publish","type":"post","link":"https:\/\/www.altominho.tv\/site\/2020\/05\/24\/mais-de-342-mil-mortos-e-53-milhoes-de-infetados-em-todo-o-mundo\/","title":{"rendered":"Mais de 342 mil mortos e 5,3 milh\u00f5es de infetados em todo o mundo"},"content":{"rendered":"<p>A pandemia do novo coronav\u00edrus j\u00e1 matou pelo menos 342.295 pessoas em todo o mundo desde dezembro, segundo um balan\u00e7o da ag\u00eancia France Presse (AFP), \u00e0s 11h00 deste domingo, atrav\u00e9s de fontes oficiais. De acordo com os dados divulgados, h\u00e1 mais de 5.327.680 infetados em 196 pa\u00edses e territ\u00f3rios desde o in\u00edcio da epidemia.<\/p>\n<p class=\"text-paragraph\">A AFP alerta que o n\u00famero de casos diagnosticados reflete apenas uma fra\u00e7\u00e3o do total real de infe\u00e7\u00f5es, j\u00e1 que um grande n\u00famero de pa\u00edses est\u00e1 a testar apenas os casos que requerem tratamento hospitalar. Pelo menos 2.066.300 s\u00e3o hoje considerados curados.<\/p>\n<p class=\"text-paragraph\">Os Estados Unidos, que registaram a sua primeira morte ligada ao coronav\u00edrus no in\u00edcio de fevereiro, \u00e9 o pa\u00eds mais afetado em termos de n\u00famero de mortes (97.087) e casos (1.622.670), sendo que, pelo menos 361.239 pessoas foram declaradas curadas.<\/p>\n<p class=\"text-paragraph\">Depois dos Estados Unidos, os pa\u00edses mais afetados s\u00e3o o Reino Unido, com 36.675 mortes em 257.154 casos, a It\u00e1lia com 32.735 mortes (229.327 casos), a Espanha com 28.678 mortes (235.290 casos) e a Fran\u00e7a com 28.332 mortes (182.469 casos).<\/p>\n<p class=\"text-paragraph\">A China (excluindo os territ\u00f3rios de Hong Kong e Macau), onde a epidemia come\u00e7ou no final de dezembro, contabilizou oficialmente um total de 82.974 casos (tr\u00eas novos entre s\u00e1bado e domingo), incluindo 4.634 mortes e 78.261 curas.<\/p>\n<p class=\"text-paragraph\">A Europa totalizava, \u00e0s 11:00 de hoje, 173.551 mortes para 2.014.969 casos, Estados Unidos e Canad\u00e1 103.534 mortes (1.706.291 casos), Am\u00e9rica Latina e Caribe 39.103 mortes (715.568 casos), \u00c1sia 13.962 mortes (439.229 casos), M\u00e9dio Oriente 8.762 mortes (335.953 casos), \u00c1frica 3.253 mortes (107.205 casos) e Oce\u00e2nia 130 mortes (8.466 casos).<\/p>\n<p class=\"text-paragraph\">Esta avalia\u00e7\u00e3o foi realizada com dados recolhidos pela AFP junto de autoridades de sa\u00fade e informa\u00e7\u00f5es da Organiza\u00e7\u00e3o Mundial da Sa\u00fade (OMS).<\/p>\n<div class=\"entry-content\">\n<p>At\u00e9 este domingo, Portugal\u00a0<a href=\"https:\/\/www.altominho.tv\/site\/2020\/05\/24\/portugal-com-1-316-mortos-e-30-623-infetados\/\">registou 30.623 casos de Covid-19 e 1316 mortes<\/a>. H\u00e1 <a href=\"\/\/www.altominho.tv\/site\/2020\/05\/24\/ha-mais-de-17-mil-casos-recuperados-em-portugal\/\">17.549 pessoas recuperadas<\/a> da doen\u00e7a.<\/p>\n<\/div>\n","protected":false},"excerpt":{"rendered":"<p>A pandemia do novo coronav\u00edrus j\u00e1 matou pelo menos 342.295 pessoas em todo o mundo desde dezembro, segundo um balan\u00e7o da ag\u00eancia France Presse (AFP), \u00e0s 11h00 deste domingo, atrav\u00e9s de fontes oficiais. De acordo com os dados divulgados, h\u00e1 mais de 5.327.680 infetados em 196 pa\u00edses e territ\u00f3rios desde o in\u00edcio da epidemia. A [&hellip;]<\/p>\n","protected":false},"author":15,"featured_media":44594,"comment_status":"closed","ping_status":"closed","sticky":false,"template":"","format":"standard","meta":{"_exactmetrics_skip_tracking":false,"_exactmetrics_sitenote_active":false,"_exactmetrics_sitenote_note":"","_exactmetrics_sitenote_category":0,"footnotes":""},"categories":[42722],"tags":[27],"class_list":["post-46936","post","type-post","status-publish","format-standard","has-post-thumbnail","hentry","category-covid-19","tag-sociedade"],"yoast_head":"<!-- This site is optimized with the Yoast SEO Premium plugin v27.5 (Yoast SEO v27.5) - https:\/\/yoast.com\/product\/yoast-seo-premium-wordpress\/ -->\n<title>Mais de 342 mil mortos e 5,3 milh\u00f5es de infetados em todo o mundo<\/title>\n<meta name=\"robots\" content=\"index, follow, max-snippet:-1, max-image-preview:large, max-video-preview:-1\" \/>\n<link rel=\"canonical\" href=\"https:\/\/www.altominho.tv\/site\/2020\/05\/24\/mais-de-342-mil-mortos-e-53-milhoes-de-infetados-em-todo-o-mundo\/\" \/>\n<meta property=\"og:locale\" content=\"pt_PT\" \/>\n<meta property=\"og:type\" content=\"article\" \/>\n<meta property=\"og:title\" content=\"Mais de 342 mil mortos e 5,3 milh\u00f5es de infetados em todo o mundo\" \/>\n<meta property=\"og:description\" content=\"A pandemia do novo coronav\u00edrus j\u00e1 matou pelo menos 342.295 pessoas em todo o mundo desde dezembro, segundo um balan\u00e7o da ag\u00eancia France Presse (AFP), \u00e0s 11h00 deste domingo, atrav\u00e9s de fontes oficiais. De acordo com os dados divulgados, h\u00e1 mais de 5.327.680 infetados em 196 pa\u00edses e territ\u00f3rios desde o in\u00edcio da epidemia. A [&hellip;]\" \/>\n<meta property=\"og:url\" content=\"https:\/\/www.altominho.tv\/site\/2020\/05\/24\/mais-de-342-mil-mortos-e-53-milhoes-de-infetados-em-todo-o-mundo\/\" \/>\n<meta property=\"og:site_name\" content=\"Altominho.tv\" \/>\n<meta property=\"article:publisher\" content=\"https:\/\/www.facebook.com\/altominhotv\" \/>\n<meta property=\"article:published_time\" content=\"2020-05-24T13:53:25+00:00\" \/>\n<meta property=\"article:modified_time\" content=\"2020-05-24T13:53:27+00:00\" \/>\n<meta property=\"og:image\" content=\"https:\/\/www.altominho.tv\/site\/wp-content\/uploads\/2020\/04\/hospitais_1_5e9da4fee7afe.jpg\" \/>\n\t<meta property=\"og:image:width\" content=\"850\" \/>\n\t<meta property=\"og:image:height\" content=\"488\" \/>\n\t<meta property=\"og:image:type\" content=\"image\/jpeg\" \/>\n<meta name=\"author\" content=\"Andreia Ferreira | Lusa\" \/>\n<meta name=\"twitter:card\" content=\"summary_large_image\" \/>\n<meta name=\"twitter:creator\" content=\"@altominhoTV\" \/>\n<meta name=\"twitter:site\" content=\"@altominhoTV\" \/>\n<meta name=\"twitter:label1\" content=\"Escrito por\" \/>\n\t<meta name=\"twitter:data1\" content=\"Andreia Ferreira | Lusa\" \/>\n\t<meta name=\"twitter:label2\" content=\"Tempo estimado de leitura\" \/>\n\t<meta name=\"twitter:data2\" content=\"2 minutos\" \/>\n<script type=\"application\/ld+json\" class=\"yoast-schema-graph\">{\"@context\":\"https:\\\/\\\/schema.org\",\"@graph\":[{\"@type\":\"Article\",\"@id\":\"https:\\\/\\\/www.altominho.tv\\\/site\\\/2020\\\/05\\\/24\\\/mais-de-342-mil-mortos-e-53-milhoes-de-infetados-em-todo-o-mundo\\\/#article\",\"isPartOf\":{\"@id\":\"https:\\\/\\\/www.altominho.tv\\\/site\\\/2020\\\/05\\\/24\\\/mais-de-342-mil-mortos-e-53-milhoes-de-infetados-em-todo-o-mundo\\\/\"},\"author\":{\"name\":\"Andreia Ferreira | Lusa\",\"@id\":\"https:\\\/\\\/www.altominho.tv\\\/site\\\/#\\\/schema\\\/person\\\/a0bff6dc1041aadd46fa81887444b017\"},\"headline\":\"Mais de 342 mil mortos e 5,3 milh\u00f5es de infetados em todo o mundo\",\"datePublished\":\"2020-05-24T13:53:25+00:00\",\"dateModified\":\"2020-05-24T13:53:27+00:00\",\"mainEntityOfPage\":{\"@id\":\"https:\\\/\\\/www.altominho.tv\\\/site\\\/2020\\\/05\\\/24\\\/mais-de-342-mil-mortos-e-53-milhoes-de-infetados-em-todo-o-mundo\\\/\"},\"wordCount\":313,\"image\":{\"@id\":\"https:\\\/\\\/www.altominho.tv\\\/site\\\/2020\\\/05\\\/24\\\/mais-de-342-mil-mortos-e-53-milhoes-de-infetados-em-todo-o-mundo\\\/#primaryimage\"},\"thumbnailUrl\":\"https:\\\/\\\/www.altominho.tv\\\/site\\\/wp-content\\\/uploads\\\/2020\\\/04\\\/hospitais_1_5e9da4fee7afe.jpg\",\"keywords\":[\"Sociedade\"],\"articleSection\":[\"Coronav\u00edrus\"],\"inLanguage\":\"pt-PT\",\"copyrightYear\":\"2020\",\"copyrightHolder\":{\"@id\":\"https:\\\/\\\/www.altominho.tv\\\/site\\\/#organization\"}},{\"@type\":\"WebPage\",\"@id\":\"https:\\\/\\\/www.altominho.tv\\\/site\\\/2020\\\/05\\\/24\\\/mais-de-342-mil-mortos-e-53-milhoes-de-infetados-em-todo-o-mundo\\\/\",\"url\":\"https:\\\/\\\/www.altominho.tv\\\/site\\\/2020\\\/05\\\/24\\\/mais-de-342-mil-mortos-e-53-milhoes-de-infetados-em-todo-o-mundo\\\/\",\"name\":\"Mais de 342 mil mortos e 5,3 milh\u00f5es de infetados em todo o mundo\",\"isPartOf\":{\"@id\":\"https:\\\/\\\/www.altominho.tv\\\/site\\\/#website\"},\"primaryImageOfPage\":{\"@id\":\"https:\\\/\\\/www.altominho.tv\\\/site\\\/2020\\\/05\\\/24\\\/mais-de-342-mil-mortos-e-53-milhoes-de-infetados-em-todo-o-mundo\\\/#primaryimage\"},\"image\":{\"@id\":\"https:\\\/\\\/www.altominho.tv\\\/site\\\/2020\\\/05\\\/24\\\/mais-de-342-mil-mortos-e-53-milhoes-de-infetados-em-todo-o-mundo\\\/#primaryimage\"},\"thumbnailUrl\":\"https:\\\/\\\/www.altominho.tv\\\/site\\\/wp-content\\\/uploads\\\/2020\\\/04\\\/hospitais_1_5e9da4fee7afe.jpg\",\"datePublished\":\"2020-05-24T13:53:25+00:00\",\"dateModified\":\"2020-05-24T13:53:27+00:00\",\"author\":{\"@id\":\"https:\\\/\\\/www.altominho.tv\\\/site\\\/#\\\/schema\\\/person\\\/a0bff6dc1041aadd46fa81887444b017\"},\"breadcrumb\":{\"@id\":\"https:\\\/\\\/www.altominho.tv\\\/site\\\/2020\\\/05\\\/24\\\/mais-de-342-mil-mortos-e-53-milhoes-de-infetados-em-todo-o-mundo\\\/#breadcrumb\"},\"inLanguage\":\"pt-PT\",\"potentialAction\":[{\"@type\":\"ReadAction\",\"target\":[\"https:\\\/\\\/www.altominho.tv\\\/site\\\/2020\\\/05\\\/24\\\/mais-de-342-mil-mortos-e-53-milhoes-de-infetados-em-todo-o-mundo\\\/\"]}]},{\"@type\":\"ImageObject\",\"inLanguage\":\"pt-PT\",\"@id\":\"https:\\\/\\\/www.altominho.tv\\\/site\\\/2020\\\/05\\\/24\\\/mais-de-342-mil-mortos-e-53-milhoes-de-infetados-em-todo-o-mundo\\\/#primaryimage\",\"url\":\"https:\\\/\\\/www.altominho.tv\\\/site\\\/wp-content\\\/uploads\\\/2020\\\/04\\\/hospitais_1_5e9da4fee7afe.jpg\",\"contentUrl\":\"https:\\\/\\\/www.altominho.tv\\\/site\\\/wp-content\\\/uploads\\\/2020\\\/04\\\/hospitais_1_5e9da4fee7afe.jpg\",\"width\":850,\"height\":488},{\"@type\":\"BreadcrumbList\",\"@id\":\"https:\\\/\\\/www.altominho.tv\\\/site\\\/2020\\\/05\\\/24\\\/mais-de-342-mil-mortos-e-53-milhoes-de-infetados-em-todo-o-mundo\\\/#breadcrumb\",\"itemListElement\":[{\"@type\":\"ListItem\",\"position\":1,\"name\":\"In\u00edcio\",\"item\":\"https:\\\/\\\/www.altominho.tv\\\/site\\\/\"},{\"@type\":\"ListItem\",\"position\":2,\"name\":\"Mais de 342 mil mortos e 5,3 milh\u00f5es de infetados em todo o mundo\"}]},{\"@type\":\"WebSite\",\"@id\":\"https:\\\/\\\/www.altominho.tv\\\/site\\\/#website\",\"url\":\"https:\\\/\\\/www.altominho.tv\\\/site\\\/\",\"name\":\"Altominho.tv\",\"description\":\"A sua regi\u00e3o \u00e0 dist\u00e2ncia de um clique...\",\"potentialAction\":[{\"@type\":\"SearchAction\",\"target\":{\"@type\":\"EntryPoint\",\"urlTemplate\":\"https:\\\/\\\/www.altominho.tv\\\/site\\\/?s={search_term_string}\"},\"query-input\":{\"@type\":\"PropertyValueSpecification\",\"valueRequired\":true,\"valueName\":\"search_term_string\"}}],\"inLanguage\":\"pt-PT\"},{\"@type\":\"Person\",\"@id\":\"https:\\\/\\\/www.altominho.tv\\\/site\\\/#\\\/schema\\\/person\\\/a0bff6dc1041aadd46fa81887444b017\",\"name\":\"Andreia Ferreira | Lusa\",\"image\":{\"@type\":\"ImageObject\",\"inLanguage\":\"pt-PT\",\"@id\":\"https:\\\/\\\/www.altominho.tv\\\/site\\\/wp-content\\\/uploads\\\/2018\\\/04\\\/Andreia-150x150.jpg\",\"url\":\"https:\\\/\\\/www.altominho.tv\\\/site\\\/wp-content\\\/uploads\\\/2018\\\/04\\\/Andreia-150x150.jpg\",\"contentUrl\":\"https:\\\/\\\/www.altominho.tv\\\/site\\\/wp-content\\\/uploads\\\/2018\\\/04\\\/Andreia-150x150.jpg\",\"caption\":\"Andreia Ferreira | Lusa\"},\"sameAs\":[\"https:\\\/\\\/www.altominho.tv\\\/site\"],\"url\":\"https:\\\/\\\/www.altominho.tv\\\/site\\\/author\\\/andreiaferreiralusa\\\/\"}]}<\/script>\n<!-- \/ Yoast SEO Premium plugin. -->","yoast_head_json":{"title":"Mais de 342 mil mortos e 5,3 milh\u00f5es de infetados em todo o mundo","robots":{"index":"index","follow":"follow","max-snippet":"max-snippet:-1","max-image-preview":"max-image-preview:large","max-video-preview":"max-video-preview:-1"},"canonical":"https:\/\/www.altominho.tv\/site\/2020\/05\/24\/mais-de-342-mil-mortos-e-53-milhoes-de-infetados-em-todo-o-mundo\/","og_locale":"pt_PT","og_type":"article","og_title":"Mais de 342 mil mortos e 5,3 milh\u00f5es de infetados em todo o mundo","og_description":"A pandemia do novo coronav\u00edrus j\u00e1 matou pelo menos 342.295 pessoas em todo o mundo desde dezembro, segundo um balan\u00e7o da ag\u00eancia France Presse (AFP), \u00e0s 11h00 deste domingo, atrav\u00e9s de fontes oficiais. De acordo com os dados divulgados, h\u00e1 mais de 5.327.680 infetados em 196 pa\u00edses e territ\u00f3rios desde o in\u00edcio da epidemia. A [&hellip;]","og_url":"https:\/\/www.altominho.tv\/site\/2020\/05\/24\/mais-de-342-mil-mortos-e-53-milhoes-de-infetados-em-todo-o-mundo\/","og_site_name":"Altominho.tv","article_publisher":"https:\/\/www.facebook.com\/altominhotv","article_published_time":"2020-05-24T13:53:25+00:00","article_modified_time":"2020-05-24T13:53:27+00:00","og_image":[{"width":850,"height":488,"url":"https:\/\/www.altominho.tv\/site\/wp-content\/uploads\/2020\/04\/hospitais_1_5e9da4fee7afe.jpg","type":"image\/jpeg"}],"author":"Andreia Ferreira | Lusa","twitter_card":"summary_large_image","twitter_creator":"@altominhoTV","twitter_site":"@altominhoTV","twitter_misc":{"Escrito por":"Andreia Ferreira | Lusa","Tempo estimado de leitura":"2 minutos"},"schema":{"@context":"https:\/\/schema.org","@graph":[{"@type":"Article","@id":"https:\/\/www.altominho.tv\/site\/2020\/05\/24\/mais-de-342-mil-mortos-e-53-milhoes-de-infetados-em-todo-o-mundo\/#article","isPartOf":{"@id":"https:\/\/www.altominho.tv\/site\/2020\/05\/24\/mais-de-342-mil-mortos-e-53-milhoes-de-infetados-em-todo-o-mundo\/"},"author":{"name":"Andreia Ferreira | Lusa","@id":"https:\/\/www.altominho.tv\/site\/#\/schema\/person\/a0bff6dc1041aadd46fa81887444b017"},"headline":"Mais de 342 mil mortos e 5,3 milh\u00f5es de infetados em todo o mundo","datePublished":"2020-05-24T13:53:25+00:00","dateModified":"2020-05-24T13:53:27+00:00","mainEntityOfPage":{"@id":"https:\/\/www.altominho.tv\/site\/2020\/05\/24\/mais-de-342-mil-mortos-e-53-milhoes-de-infetados-em-todo-o-mundo\/"},"wordCount":313,"image":{"@id":"https:\/\/www.altominho.tv\/site\/2020\/05\/24\/mais-de-342-mil-mortos-e-53-milhoes-de-infetados-em-todo-o-mundo\/#primaryimage"},"thumbnailUrl":"https:\/\/www.altominho.tv\/site\/wp-content\/uploads\/2020\/04\/hospitais_1_5e9da4fee7afe.jpg","keywords":["Sociedade"],"articleSection":["Coronav\u00edrus"],"inLanguage":"pt-PT","copyrightYear":"2020","copyrightHolder":{"@id":"https:\/\/www.altominho.tv\/site\/#organization"}},{"@type":"WebPage","@id":"https:\/\/www.altominho.tv\/site\/2020\/05\/24\/mais-de-342-mil-mortos-e-53-milhoes-de-infetados-em-todo-o-mundo\/","url":"https:\/\/www.altominho.tv\/site\/2020\/05\/24\/mais-de-342-mil-mortos-e-53-milhoes-de-infetados-em-todo-o-mundo\/","name":"Mais de 342 mil mortos e 5,3 milh\u00f5es de infetados em todo o mundo","isPartOf":{"@id":"https:\/\/www.altominho.tv\/site\/#website"},"primaryImageOfPage":{"@id":"https:\/\/www.altominho.tv\/site\/2020\/05\/24\/mais-de-342-mil-mortos-e-53-milhoes-de-infetados-em-todo-o-mundo\/#primaryimage"},"image":{"@id":"https:\/\/www.altominho.tv\/site\/2020\/05\/24\/mais-de-342-mil-mortos-e-53-milhoes-de-infetados-em-todo-o-mundo\/#primaryimage"},"thumbnailUrl":"https:\/\/www.altominho.tv\/site\/wp-content\/uploads\/2020\/04\/hospitais_1_5e9da4fee7afe.jpg","datePublished":"2020-05-24T13:53:25+00:00","dateModified":"2020-05-24T13:53:27+00:00","author":{"@id":"https:\/\/www.altominho.tv\/site\/#\/schema\/person\/a0bff6dc1041aadd46fa81887444b017"},"breadcrumb":{"@id":"https:\/\/www.altominho.tv\/site\/2020\/05\/24\/mais-de-342-mil-mortos-e-53-milhoes-de-infetados-em-todo-o-mundo\/#breadcrumb"},"inLanguage":"pt-PT","potentialAction":[{"@type":"ReadAction","target":["https:\/\/www.altominho.tv\/site\/2020\/05\/24\/mais-de-342-mil-mortos-e-53-milhoes-de-infetados-em-todo-o-mundo\/"]}]},{"@type":"ImageObject","inLanguage":"pt-PT","@id":"https:\/\/www.altominho.tv\/site\/2020\/05\/24\/mais-de-342-mil-mortos-e-53-milhoes-de-infetados-em-todo-o-mundo\/#primaryimage","url":"https:\/\/www.altominho.tv\/site\/wp-content\/uploads\/2020\/04\/hospitais_1_5e9da4fee7afe.jpg","contentUrl":"https:\/\/www.altominho.tv\/site\/wp-content\/uploads\/2020\/04\/hospitais_1_5e9da4fee7afe.jpg","width":850,"height":488},{"@type":"BreadcrumbList","@id":"https:\/\/www.altominho.tv\/site\/2020\/05\/24\/mais-de-342-mil-mortos-e-53-milhoes-de-infetados-em-todo-o-mundo\/#breadcrumb","itemListElement":[{"@type":"ListItem","position":1,"name":"In\u00edcio","item":"https:\/\/www.altominho.tv\/site\/"},{"@type":"ListItem","position":2,"name":"Mais de 342 mil mortos e 5,3 milh\u00f5es de infetados em todo o mundo"}]},{"@type":"WebSite","@id":"https:\/\/www.altominho.tv\/site\/#website","url":"https:\/\/www.altominho.tv\/site\/","name":"Altominho.tv","description":"A sua regi\u00e3o \u00e0 dist\u00e2ncia de um clique...","potentialAction":[{"@type":"SearchAction","target":{"@type":"EntryPoint","urlTemplate":"https:\/\/www.altominho.tv\/site\/?s={search_term_string}"},"query-input":{"@type":"PropertyValueSpecification","valueRequired":true,"valueName":"search_term_string"}}],"inLanguage":"pt-PT"},{"@type":"Person","@id":"https:\/\/www.altominho.tv\/site\/#\/schema\/person\/a0bff6dc1041aadd46fa81887444b017","name":"Andreia Ferreira | Lusa","image":{"@type":"ImageObject","inLanguage":"pt-PT","@id":"https:\/\/www.altominho.tv\/site\/wp-content\/uploads\/2018\/04\/Andreia-150x150.jpg","url":"https:\/\/www.altominho.tv\/site\/wp-content\/uploads\/2018\/04\/Andreia-150x150.jpg","contentUrl":"https:\/\/www.altominho.tv\/site\/wp-content\/uploads\/2018\/04\/Andreia-150x150.jpg","caption":"Andreia Ferreira | Lusa"},"sameAs":["https:\/\/www.altominho.tv\/site"],"url":"https:\/\/www.altominho.tv\/site\/author\/andreiaferreiralusa\/"}]}},"_links":{"self":[{"href":"https:\/\/www.altominho.tv\/site\/wp-json\/wp\/v2\/posts\/46936","targetHints":{"allow":["GET"]}}],"collection":[{"href":"https:\/\/www.altominho.tv\/site\/wp-json\/wp\/v2\/posts"}],"about":[{"href":"https:\/\/www.altominho.tv\/site\/wp-json\/wp\/v2\/types\/post"}],"author":[{"embeddable":true,"href":"https:\/\/www.altominho.tv\/site\/wp-json\/wp\/v2\/users\/15"}],"replies":[{"embeddable":true,"href":"https:\/\/www.altominho.tv\/site\/wp-json\/wp\/v2\/comments?post=46936"}],"version-history":[{"count":0,"href":"https:\/\/www.altominho.tv\/site\/wp-json\/wp\/v2\/posts\/46936\/revisions"}],"wp:featuredmedia":[{"embeddable":true,"href":"https:\/\/www.altominho.tv\/site\/wp-json\/wp\/v2\/media\/44594"}],"wp:attachment":[{"href":"https:\/\/www.altominho.tv\/site\/wp-json\/wp\/v2\/media?parent=46936"}],"wp:term":[{"taxonomy":"category","embeddable":true,"href":"https:\/\/www.altominho.tv\/site\/wp-json\/wp\/v2\/categories?post=46936"},{"taxonomy":"post_tag","embeddable":true,"href":"https:\/\/www.altominho.tv\/site\/wp-json\/wp\/v2\/tags?post=46936"}],"curies":[{"name":"wp","href":"https:\/\/api.w.org\/{rel}","templated":true}]}}