{"id":46923,"date":"2020-05-24T11:24:47","date_gmt":"2020-05-24T10:24:47","guid":{"rendered":"http:\/\/www.altominho.tv\/site\/?p=46923"},"modified":"2020-05-24T11:24:51","modified_gmt":"2020-05-24T10:24:51","slug":"valorminho-desenvolve-acoes-online-de-sensibilizacao-ambiental","status":"publish","type":"post","link":"https:\/\/www.altominho.tv\/site\/2020\/05\/24\/valorminho-desenvolve-acoes-online-de-sensibilizacao-ambiental\/","title":{"rendered":"Valorminho desenvolve a\u00e7\u00f5es online de sensibiliza\u00e7\u00e3o ambiental"},"content":{"rendered":"<p>A\u00a0<span class=\"il\">Valorminho informou que lan\u00e7ou<\/span> a\u00e7\u00f5es de sensibiliza\u00e7\u00e3o ambiental, em formato digital, destinadas a estudantes.<\/p>\n<p>Em comunicado, a sociedade que gere o aterro sanit\u00e1rio do Vale do <span class=\"il\">Minho explica que, c<\/span>om a suspens\u00e3o das atividades presenciais nas escolas devido \u00e0 pandemia de Covid-19, a EGF lan\u00e7ou o Programa Ecovalor <em>online<\/em>, em substitui\u00e7\u00e3o das iniciativas presenciais nas escolas.<\/p>\n<p>&#8220;Para disponibilizar mais apoio aos professores e educadores, o programa est\u00e1 a promover a\u00e7\u00f5es de sensibiliza\u00e7\u00e3o ambiental por videoconfer\u00eancia e dedicadas ao tema dos res\u00edduos urbanos, reciclagem e aos impactos da gest\u00e3o de res\u00edduos nas nossas vidas&#8221;, adiantam na nota enviada \u00e0 imprensa.<\/p>\n<p class=\"p1\">As a\u00e7\u00f5es de sensibiliza\u00e7\u00e3o Ecovalor s\u00e3o &#8220;asseguradas por monitores de educa\u00e7\u00e3o ambiental&#8221;, est\u00e3o &#8220;adaptadas aos v\u00e1rios n\u00edveis de ensino&#8221; e &#8220;implicam a participa\u00e7\u00e3o nas plataformas digitais de cada escola ou institui\u00e7\u00e3o&#8221;.<\/p>\n<p class=\"p1\">O Programa Ecovalor tem como objetivo promover boas pr\u00e1ticas ambientais em estabelecimentos de ensino e institui\u00e7\u00f5es em todo o pa\u00eds. Em 2019, este programa chegou a mais de 392.000 alunos, que reciclaram 2.535 toneladas de embalagens para reciclar.<\/p>\n<p class=\"p1\">A Valorminho \u00e9 respons\u00e1vel pelo tratamento e valoriza\u00e7\u00e3o de res\u00edduos urbanos dos munic\u00edpios de Melga\u00e7o, Mon\u00e7\u00e3o, Valen\u00e7a, Vila Nova de Cerveira, Paredes de Coura e Caminha.<\/p>\n","protected":false},"excerpt":{"rendered":"<p>A\u00a0Valorminho informou que lan\u00e7ou a\u00e7\u00f5es de sensibiliza\u00e7\u00e3o ambiental, em formato digital, destinadas a estudantes. Em comunicado, a sociedade que gere o aterro sanit\u00e1rio do Vale do Minho explica que, com a suspens\u00e3o das atividades presenciais nas escolas devido \u00e0 pandemia de Covid-19, a EGF lan\u00e7ou o Programa Ecovalor online, em substitui\u00e7\u00e3o das iniciativas presenciais nas [&hellip;]<\/p>\n","protected":false},"author":12,"featured_media":46517,"comment_status":"closed","ping_status":"closed","sticky":false,"template":"","format":"standard","meta":{"_exactmetrics_skip_tracking":false,"footnotes":""},"categories":[73],"tags":[27],"class_list":["post-46923","post","type-post","status-publish","format-standard","has-post-thumbnail","hentry","category-alto-minho","tag-sociedade"],"yoast_head":"<!-- This site is optimized with the Yoast SEO Premium plugin v28.3 (Yoast SEO v28.3) - https:\/\/yoast.com\/product\/yoast-seo-premium-wordpress\/ -->\n<title>Valorminho desenvolve a\u00e7\u00f5es online de sensibiliza\u00e7\u00e3o ambiental<\/title>\n<meta name=\"robots\" content=\"index, follow, max-snippet:-1, max-image-preview:large, max-video-preview:-1\" \/>\n<link rel=\"canonical\" href=\"https:\/\/www.altominho.tv\/site\/2020\/05\/24\/valorminho-desenvolve-acoes-online-de-sensibilizacao-ambiental\/\" \/>\n<meta property=\"og:locale\" content=\"pt_PT\" \/>\n<meta property=\"og:type\" content=\"article\" \/>\n<meta property=\"og:title\" content=\"Valorminho desenvolve a\u00e7\u00f5es online de sensibiliza\u00e7\u00e3o ambiental\" \/>\n<meta property=\"og:description\" content=\"A\u00a0Valorminho informou que lan\u00e7ou a\u00e7\u00f5es de sensibiliza\u00e7\u00e3o ambiental, em formato digital, destinadas a estudantes. Em comunicado, a sociedade que gere o aterro sanit\u00e1rio do Vale do Minho explica que, com a suspens\u00e3o das atividades presenciais nas escolas devido \u00e0 pandemia de Covid-19, a EGF lan\u00e7ou o Programa Ecovalor online, em substitui\u00e7\u00e3o das iniciativas presenciais nas [&hellip;]\" \/>\n<meta property=\"og:url\" content=\"https:\/\/www.altominho.tv\/site\/2020\/05\/24\/valorminho-desenvolve-acoes-online-de-sensibilizacao-ambiental\/\" \/>\n<meta property=\"og:site_name\" content=\"Altominho.tv\" \/>\n<meta property=\"article:publisher\" content=\"https:\/\/www.facebook.com\/altominhotv\" \/>\n<meta property=\"article:published_time\" content=\"2020-05-24T10:24:47+00:00\" \/>\n<meta property=\"article:modified_time\" content=\"2020-05-24T10:24:51+00:00\" \/>\n<meta property=\"og:image\" content=\"https:\/\/www.altominho.tv\/site\/wp-content\/uploads\/2020\/05\/glenn-carstens-peters-npxXWgQ33ZQ-unsplash-scaled.jpg\" \/>\n\t<meta property=\"og:image:width\" content=\"2560\" \/>\n\t<meta property=\"og:image:height\" content=\"1703\" \/>\n\t<meta property=\"og:image:type\" content=\"image\/jpeg\" \/>\n<meta name=\"author\" content=\"Andreia Ferreira\" \/>\n<meta name=\"twitter:card\" content=\"summary_large_image\" \/>\n<meta name=\"twitter:creator\" content=\"@altominhoTV\" \/>\n<meta name=\"twitter:site\" content=\"@altominhoTV\" \/>\n<meta name=\"twitter:label1\" content=\"Escrito por\" \/>\n\t<meta name=\"twitter:data1\" content=\"Andreia Ferreira\" \/>\n\t<meta name=\"twitter:label2\" content=\"Tempo estimado de leitura\" \/>\n\t<meta name=\"twitter:data2\" content=\"1 minuto\" \/>\n<script type=\"application\/ld+json\" class=\"yoast-schema-graph\">{\"@context\":\"https:\\\/\\\/schema.org\",\"@graph\":[{\"@type\":\"Article\",\"@id\":\"https:\\\/\\\/www.altominho.tv\\\/site\\\/2020\\\/05\\\/24\\\/valorminho-desenvolve-acoes-online-de-sensibilizacao-ambiental\\\/#article\",\"isPartOf\":{\"@id\":\"https:\\\/\\\/www.altominho.tv\\\/site\\\/2020\\\/05\\\/24\\\/valorminho-desenvolve-acoes-online-de-sensibilizacao-ambiental\\\/\"},\"author\":{\"name\":\"Andreia Ferreira\",\"@id\":\"https:\\\/\\\/www.altominho.tv\\\/site\\\/#\\\/schema\\\/person\\\/d9be4265364723f14ea8e0d56a1d38cd\"},\"headline\":\"Valorminho desenvolve a\u00e7\u00f5es online de sensibiliza\u00e7\u00e3o ambiental\",\"datePublished\":\"2020-05-24T10:24:47+00:00\",\"dateModified\":\"2020-05-24T10:24:51+00:00\",\"mainEntityOfPage\":{\"@id\":\"https:\\\/\\\/www.altominho.tv\\\/site\\\/2020\\\/05\\\/24\\\/valorminho-desenvolve-acoes-online-de-sensibilizacao-ambiental\\\/\"},\"wordCount\":230,\"image\":{\"@id\":\"https:\\\/\\\/www.altominho.tv\\\/site\\\/2020\\\/05\\\/24\\\/valorminho-desenvolve-acoes-online-de-sensibilizacao-ambiental\\\/#primaryimage\"},\"thumbnailUrl\":\"https:\\\/\\\/www.altominho.tv\\\/site\\\/wp-content\\\/uploads\\\/2020\\\/05\\\/glenn-carstens-peters-npxXWgQ33ZQ-unsplash-scaled.jpg\",\"keywords\":[\"Sociedade\"],\"articleSection\":[\"Alto Minho\"],\"inLanguage\":\"pt-PT\",\"copyrightYear\":\"2020\",\"copyrightHolder\":{\"@id\":\"https:\\\/\\\/www.altominho.tv\\\/site\\\/#organization\"}},{\"@type\":\"WebPage\",\"@id\":\"https:\\\/\\\/www.altominho.tv\\\/site\\\/2020\\\/05\\\/24\\\/valorminho-desenvolve-acoes-online-de-sensibilizacao-ambiental\\\/\",\"url\":\"https:\\\/\\\/www.altominho.tv\\\/site\\\/2020\\\/05\\\/24\\\/valorminho-desenvolve-acoes-online-de-sensibilizacao-ambiental\\\/\",\"name\":\"Valorminho desenvolve a\u00e7\u00f5es online de sensibiliza\u00e7\u00e3o ambiental\",\"isPartOf\":{\"@id\":\"https:\\\/\\\/www.altominho.tv\\\/site\\\/#website\"},\"primaryImageOfPage\":{\"@id\":\"https:\\\/\\\/www.altominho.tv\\\/site\\\/2020\\\/05\\\/24\\\/valorminho-desenvolve-acoes-online-de-sensibilizacao-ambiental\\\/#primaryimage\"},\"image\":{\"@id\":\"https:\\\/\\\/www.altominho.tv\\\/site\\\/2020\\\/05\\\/24\\\/valorminho-desenvolve-acoes-online-de-sensibilizacao-ambiental\\\/#primaryimage\"},\"thumbnailUrl\":\"https:\\\/\\\/www.altominho.tv\\\/site\\\/wp-content\\\/uploads\\\/2020\\\/05\\\/glenn-carstens-peters-npxXWgQ33ZQ-unsplash-scaled.jpg\",\"datePublished\":\"2020-05-24T10:24:47+00:00\",\"dateModified\":\"2020-05-24T10:24:51+00:00\",\"author\":{\"@id\":\"https:\\\/\\\/www.altominho.tv\\\/site\\\/#\\\/schema\\\/person\\\/d9be4265364723f14ea8e0d56a1d38cd\"},\"breadcrumb\":{\"@id\":\"https:\\\/\\\/www.altominho.tv\\\/site\\\/2020\\\/05\\\/24\\\/valorminho-desenvolve-acoes-online-de-sensibilizacao-ambiental\\\/#breadcrumb\"},\"inLanguage\":\"pt-PT\",\"potentialAction\":[{\"@type\":\"ReadAction\",\"target\":[\"https:\\\/\\\/www.altominho.tv\\\/site\\\/2020\\\/05\\\/24\\\/valorminho-desenvolve-acoes-online-de-sensibilizacao-ambiental\\\/\"]}]},{\"@type\":\"ImageObject\",\"inLanguage\":\"pt-PT\",\"@id\":\"https:\\\/\\\/www.altominho.tv\\\/site\\\/2020\\\/05\\\/24\\\/valorminho-desenvolve-acoes-online-de-sensibilizacao-ambiental\\\/#primaryimage\",\"url\":\"https:\\\/\\\/www.altominho.tv\\\/site\\\/wp-content\\\/uploads\\\/2020\\\/05\\\/glenn-carstens-peters-npxXWgQ33ZQ-unsplash-scaled.jpg\",\"contentUrl\":\"https:\\\/\\\/www.altominho.tv\\\/site\\\/wp-content\\\/uploads\\\/2020\\\/05\\\/glenn-carstens-peters-npxXWgQ33ZQ-unsplash-scaled.jpg\",\"width\":2560,\"height\":1703},{\"@type\":\"BreadcrumbList\",\"@id\":\"https:\\\/\\\/www.altominho.tv\\\/site\\\/2020\\\/05\\\/24\\\/valorminho-desenvolve-acoes-online-de-sensibilizacao-ambiental\\\/#breadcrumb\",\"itemListElement\":[{\"@type\":\"ListItem\",\"position\":1,\"name\":\"In\u00edcio\",\"item\":\"https:\\\/\\\/www.altominho.tv\\\/site\\\/\"},{\"@type\":\"ListItem\",\"position\":2,\"name\":\"Valorminho desenvolve a\u00e7\u00f5es online de sensibiliza\u00e7\u00e3o ambiental\"}]},{\"@type\":\"WebSite\",\"@id\":\"https:\\\/\\\/www.altominho.tv\\\/site\\\/#website\",\"url\":\"https:\\\/\\\/www.altominho.tv\\\/site\\\/\",\"name\":\"Altominho.tv\",\"description\":\"A sua regi\u00e3o \u00e0 dist\u00e2ncia de um clique...\",\"potentialAction\":[{\"@type\":\"SearchAction\",\"target\":{\"@type\":\"EntryPoint\",\"urlTemplate\":\"https:\\\/\\\/www.altominho.tv\\\/site\\\/?s={search_term_string}\"},\"query-input\":{\"@type\":\"PropertyValueSpecification\",\"valueRequired\":true,\"valueName\":\"search_term_string\"}}],\"inLanguage\":\"pt-PT\"},{\"@type\":\"Person\",\"@id\":\"https:\\\/\\\/www.altominho.tv\\\/site\\\/#\\\/schema\\\/person\\\/d9be4265364723f14ea8e0d56a1d38cd\",\"name\":\"Andreia Ferreira\",\"image\":{\"@type\":\"ImageObject\",\"inLanguage\":\"pt-PT\",\"@id\":\"https:\\\/\\\/www.altominho.tv\\\/site\\\/wp-content\\\/uploads\\\/2021\\\/01\\\/AndreiaFerreira-150x150.jpg\",\"url\":\"https:\\\/\\\/www.altominho.tv\\\/site\\\/wp-content\\\/uploads\\\/2021\\\/01\\\/AndreiaFerreira-150x150.jpg\",\"contentUrl\":\"https:\\\/\\\/www.altominho.tv\\\/site\\\/wp-content\\\/uploads\\\/2021\\\/01\\\/AndreiaFerreira-150x150.jpg\",\"caption\":\"Andreia Ferreira\"},\"url\":\"https:\\\/\\\/www.altominho.tv\\\/site\\\/author\\\/andreiaferreira\\\/\"}]}<\/script>\n<!-- \/ Yoast SEO Premium plugin. -->","yoast_head_json":{"title":"Valorminho desenvolve a\u00e7\u00f5es online de sensibiliza\u00e7\u00e3o ambiental","robots":{"index":"index","follow":"follow","max-snippet":"max-snippet:-1","max-image-preview":"max-image-preview:large","max-video-preview":"max-video-preview:-1"},"canonical":"https:\/\/www.altominho.tv\/site\/2020\/05\/24\/valorminho-desenvolve-acoes-online-de-sensibilizacao-ambiental\/","og_locale":"pt_PT","og_type":"article","og_title":"Valorminho desenvolve a\u00e7\u00f5es online de sensibiliza\u00e7\u00e3o ambiental","og_description":"A\u00a0Valorminho informou que lan\u00e7ou a\u00e7\u00f5es de sensibiliza\u00e7\u00e3o ambiental, em formato digital, destinadas a estudantes. Em comunicado, a sociedade que gere o aterro sanit\u00e1rio do Vale do Minho explica que, com a suspens\u00e3o das atividades presenciais nas escolas devido \u00e0 pandemia de Covid-19, a EGF lan\u00e7ou o Programa Ecovalor online, em substitui\u00e7\u00e3o das iniciativas presenciais nas [&hellip;]","og_url":"https:\/\/www.altominho.tv\/site\/2020\/05\/24\/valorminho-desenvolve-acoes-online-de-sensibilizacao-ambiental\/","og_site_name":"Altominho.tv","article_publisher":"https:\/\/www.facebook.com\/altominhotv","article_published_time":"2020-05-24T10:24:47+00:00","article_modified_time":"2020-05-24T10:24:51+00:00","og_image":[{"width":2560,"height":1703,"url":"https:\/\/www.altominho.tv\/site\/wp-content\/uploads\/2020\/05\/glenn-carstens-peters-npxXWgQ33ZQ-unsplash-scaled.jpg","type":"image\/jpeg"}],"author":"Andreia Ferreira","twitter_card":"summary_large_image","twitter_creator":"@altominhoTV","twitter_site":"@altominhoTV","twitter_misc":{"Escrito por":"Andreia Ferreira","Tempo estimado de leitura":"1 minuto"},"schema":{"@context":"https:\/\/schema.org","@graph":[{"@type":"Article","@id":"https:\/\/www.altominho.tv\/site\/2020\/05\/24\/valorminho-desenvolve-acoes-online-de-sensibilizacao-ambiental\/#article","isPartOf":{"@id":"https:\/\/www.altominho.tv\/site\/2020\/05\/24\/valorminho-desenvolve-acoes-online-de-sensibilizacao-ambiental\/"},"author":{"name":"Andreia Ferreira","@id":"https:\/\/www.altominho.tv\/site\/#\/schema\/person\/d9be4265364723f14ea8e0d56a1d38cd"},"headline":"Valorminho desenvolve a\u00e7\u00f5es online de sensibiliza\u00e7\u00e3o ambiental","datePublished":"2020-05-24T10:24:47+00:00","dateModified":"2020-05-24T10:24:51+00:00","mainEntityOfPage":{"@id":"https:\/\/www.altominho.tv\/site\/2020\/05\/24\/valorminho-desenvolve-acoes-online-de-sensibilizacao-ambiental\/"},"wordCount":230,"image":{"@id":"https:\/\/www.altominho.tv\/site\/2020\/05\/24\/valorminho-desenvolve-acoes-online-de-sensibilizacao-ambiental\/#primaryimage"},"thumbnailUrl":"https:\/\/www.altominho.tv\/site\/wp-content\/uploads\/2020\/05\/glenn-carstens-peters-npxXWgQ33ZQ-unsplash-scaled.jpg","keywords":["Sociedade"],"articleSection":["Alto Minho"],"inLanguage":"pt-PT","copyrightYear":"2020","copyrightHolder":{"@id":"https:\/\/www.altominho.tv\/site\/#organization"}},{"@type":"WebPage","@id":"https:\/\/www.altominho.tv\/site\/2020\/05\/24\/valorminho-desenvolve-acoes-online-de-sensibilizacao-ambiental\/","url":"https:\/\/www.altominho.tv\/site\/2020\/05\/24\/valorminho-desenvolve-acoes-online-de-sensibilizacao-ambiental\/","name":"Valorminho desenvolve a\u00e7\u00f5es online de sensibiliza\u00e7\u00e3o ambiental","isPartOf":{"@id":"https:\/\/www.altominho.tv\/site\/#website"},"primaryImageOfPage":{"@id":"https:\/\/www.altominho.tv\/site\/2020\/05\/24\/valorminho-desenvolve-acoes-online-de-sensibilizacao-ambiental\/#primaryimage"},"image":{"@id":"https:\/\/www.altominho.tv\/site\/2020\/05\/24\/valorminho-desenvolve-acoes-online-de-sensibilizacao-ambiental\/#primaryimage"},"thumbnailUrl":"https:\/\/www.altominho.tv\/site\/wp-content\/uploads\/2020\/05\/glenn-carstens-peters-npxXWgQ33ZQ-unsplash-scaled.jpg","datePublished":"2020-05-24T10:24:47+00:00","dateModified":"2020-05-24T10:24:51+00:00","author":{"@id":"https:\/\/www.altominho.tv\/site\/#\/schema\/person\/d9be4265364723f14ea8e0d56a1d38cd"},"breadcrumb":{"@id":"https:\/\/www.altominho.tv\/site\/2020\/05\/24\/valorminho-desenvolve-acoes-online-de-sensibilizacao-ambiental\/#breadcrumb"},"inLanguage":"pt-PT","potentialAction":[{"@type":"ReadAction","target":["https:\/\/www.altominho.tv\/site\/2020\/05\/24\/valorminho-desenvolve-acoes-online-de-sensibilizacao-ambiental\/"]}]},{"@type":"ImageObject","inLanguage":"pt-PT","@id":"https:\/\/www.altominho.tv\/site\/2020\/05\/24\/valorminho-desenvolve-acoes-online-de-sensibilizacao-ambiental\/#primaryimage","url":"https:\/\/www.altominho.tv\/site\/wp-content\/uploads\/2020\/05\/glenn-carstens-peters-npxXWgQ33ZQ-unsplash-scaled.jpg","contentUrl":"https:\/\/www.altominho.tv\/site\/wp-content\/uploads\/2020\/05\/glenn-carstens-peters-npxXWgQ33ZQ-unsplash-scaled.jpg","width":2560,"height":1703},{"@type":"BreadcrumbList","@id":"https:\/\/www.altominho.tv\/site\/2020\/05\/24\/valorminho-desenvolve-acoes-online-de-sensibilizacao-ambiental\/#breadcrumb","itemListElement":[{"@type":"ListItem","position":1,"name":"In\u00edcio","item":"https:\/\/www.altominho.tv\/site\/"},{"@type":"ListItem","position":2,"name":"Valorminho desenvolve a\u00e7\u00f5es online de sensibiliza\u00e7\u00e3o ambiental"}]},{"@type":"WebSite","@id":"https:\/\/www.altominho.tv\/site\/#website","url":"https:\/\/www.altominho.tv\/site\/","name":"Altominho.tv","description":"A sua regi\u00e3o \u00e0 dist\u00e2ncia de um clique...","potentialAction":[{"@type":"SearchAction","target":{"@type":"EntryPoint","urlTemplate":"https:\/\/www.altominho.tv\/site\/?s={search_term_string}"},"query-input":{"@type":"PropertyValueSpecification","valueRequired":true,"valueName":"search_term_string"}}],"inLanguage":"pt-PT"},{"@type":"Person","@id":"https:\/\/www.altominho.tv\/site\/#\/schema\/person\/d9be4265364723f14ea8e0d56a1d38cd","name":"Andreia Ferreira","image":{"@type":"ImageObject","inLanguage":"pt-PT","@id":"https:\/\/www.altominho.tv\/site\/wp-content\/uploads\/2021\/01\/AndreiaFerreira-150x150.jpg","url":"https:\/\/www.altominho.tv\/site\/wp-content\/uploads\/2021\/01\/AndreiaFerreira-150x150.jpg","contentUrl":"https:\/\/www.altominho.tv\/site\/wp-content\/uploads\/2021\/01\/AndreiaFerreira-150x150.jpg","caption":"Andreia Ferreira"},"url":"https:\/\/www.altominho.tv\/site\/author\/andreiaferreira\/"}]}},"_links":{"self":[{"href":"https:\/\/www.altominho.tv\/site\/wp-json\/wp\/v2\/posts\/46923","targetHints":{"allow":["GET"]}}],"collection":[{"href":"https:\/\/www.altominho.tv\/site\/wp-json\/wp\/v2\/posts"}],"about":[{"href":"https:\/\/www.altominho.tv\/site\/wp-json\/wp\/v2\/types\/post"}],"author":[{"embeddable":true,"href":"https:\/\/www.altominho.tv\/site\/wp-json\/wp\/v2\/users\/12"}],"replies":[{"embeddable":true,"href":"https:\/\/www.altominho.tv\/site\/wp-json\/wp\/v2\/comments?post=46923"}],"version-history":[{"count":0,"href":"https:\/\/www.altominho.tv\/site\/wp-json\/wp\/v2\/posts\/46923\/revisions"}],"wp:featuredmedia":[{"embeddable":true,"href":"https:\/\/www.altominho.tv\/site\/wp-json\/wp\/v2\/media\/46517"}],"wp:attachment":[{"href":"https:\/\/www.altominho.tv\/site\/wp-json\/wp\/v2\/media?parent=46923"}],"wp:term":[{"taxonomy":"category","embeddable":true,"href":"https:\/\/www.altominho.tv\/site\/wp-json\/wp\/v2\/categories?post=46923"},{"taxonomy":"post_tag","embeddable":true,"href":"https:\/\/www.altominho.tv\/site\/wp-json\/wp\/v2\/tags?post=46923"}],"curies":[{"name":"wp","href":"https:\/\/api.w.org\/{rel}","templated":true}]}}