{"id":46892,"date":"2020-05-23T09:33:09","date_gmt":"2020-05-23T08:33:09","guid":{"rendered":"http:\/\/www.altominho.tv\/site\/?p=46892"},"modified":"2020-05-23T09:33:14","modified_gmt":"2020-05-23T08:33:14","slug":"cerca-de-50-mil-empresas-pediram-para-pagar-iva-e-irs-faseadamente","status":"publish","type":"post","link":"https:\/\/www.altominho.tv\/site\/2020\/05\/23\/cerca-de-50-mil-empresas-pediram-para-pagar-iva-e-irs-faseadamente\/","title":{"rendered":"Cerca de 50 mil empresas pediram para pagar IVA e IRS faseadamente"},"content":{"rendered":"\n<p>Quase 50 mil empresas aderiram ao regime de pagamento fracionado do IVA e reten\u00e7\u00f5es na fonte, tendo estes pedidos resultado no diferimento de 498 milh\u00f5es de euros de impostos, disse o secret\u00e1rio de Estado dos Assuntos Fiscais.<\/p>\n\n\n\n<p>Ant\u00f3nio Mendon\u00e7a Mendes falava durante um &#8216;webinar&#8217; sobre &#8220;A retoma econ\u00f3mica: pontos de vista institucionais&#8221;, promovido pela Ordem dos Contabilistas Certificados (OCC).<\/p>\n\n\n\n<p>Em declara\u00e7\u00f5es \u00e0 Lusa, o secret\u00e1rio de Estado dos Assuntos Fiscais, precisou que, daquele valor, 115 milh\u00f5es de euros correspondem a diferimentos do pagamento de reten\u00e7\u00f5es na fonte do IRS e o restante a pedidos de diferimento de IVA.<\/p>\n\n\n\n<p>Das 48.761 empresas que aderiram a esta medida excecional e tempor\u00e1ria, adotada com o objetivo de mitigar o impacto da pandemia de covid-19 na tesouraria das empresas, mais de um ter\u00e7o optou pelo plano prestacional de tr\u00eas meses.<\/p>\n\n\n\n<p>Este regime de flexibiliza\u00e7\u00e3o do pagamento das reten\u00e7\u00f5es na fonte do IRS e do IVA, permite que os valores devidos nos meses de abril, maio e junho sejam fracionados em tr\u00eas ou seis presta\u00e7\u00f5es, com a entrega de um ter\u00e7o ou um sexto no m\u00eas a que o pagamento seja devido, vencendo-se as restantes presta\u00e7\u00f5es na mesma data nos meses seguintes.<\/p>\n\n\n\n<p>Assim, as que optaram por entregar um ter\u00e7o do IRS ou do IVA em abril, ter\u00e3o em maio de entregar a ter\u00e7a parte do imposto relativa a esse m\u00eas, acrescida de mais um ter\u00e7o do valor que ficou por pagar em abril.<\/p>\n\n\n\n<p>Esta l\u00f3gica aplica-se de igual forma aos planos prestacionais a seis meses.<\/p>\n\n\n\n<p>Ant\u00f3nio Mendon\u00e7a Mendes adiantou tamb\u00e9m que aqueles 498 milh\u00f5es de euros representam cerca de um quinto (20%) do valor dos impostos a serem pagos e que os dados j\u00e1 dispon\u00edveis permitem concluir que as empresas de maior dimens\u00e3o s\u00e3o as que menos recorreram a este regime prestacional de pagamento dos impostos.<\/p>\n\n\n\n<p>Mesmo entre as micro, pequenas e m\u00e9dias empresas que aderiram os indicadores revelam que a medida &#8220;foi usada com parcim\u00f3nia&#8221;, segundo referiu o secret\u00e1rio de Estado em resposta em resposta \u00e0 baston\u00e1ria da OCC, Paula Franco.<\/p>\n\n\n\n<p>Em abril apenas pagaram o IVA as empresas que est\u00e3o no regime mensal, ou seja, as que faturam mais de 650 mil euros por ano. Em maio, ser\u00e1 a vez de as que est\u00e3o no regime trimestral fazerem o primeiro pagamento relativo a 2020, sendo que s\u00f3 na pr\u00f3xima semana ser\u00e1 poss\u00edvel perceber o n\u00edvel de ades\u00e3o a este regime excecional e tempor\u00e1rio.<\/p>\n","protected":false},"excerpt":{"rendered":"<p>Quase 50 mil empresas aderiram ao regime de pagamento fracionado do IVA e reten\u00e7\u00f5es na fonte, tendo estes pedidos resultado no diferimento de 498 milh\u00f5es de euros de impostos, disse o secret\u00e1rio de Estado dos Assuntos Fiscais. Ant\u00f3nio Mendon\u00e7a Mendes falava durante um &#8216;webinar&#8217; sobre &#8220;A retoma econ\u00f3mica: pontos de vista institucionais&#8221;, promovido pela Ordem [&hellip;]<\/p>\n","protected":false},"author":16,"featured_media":46893,"comment_status":"closed","ping_status":"closed","sticky":false,"template":"","format":"standard","meta":{"_exactmetrics_skip_tracking":false,"_exactmetrics_sitenote_active":false,"_exactmetrics_sitenote_note":"","_exactmetrics_sitenote_category":0,"footnotes":""},"categories":[73],"tags":[21,27],"class_list":["post-46892","post","type-post","status-publish","format-standard","has-post-thumbnail","hentry","category-alto-minho","tag-economia","tag-sociedade"],"yoast_head":"<!-- This site is optimized with the Yoast SEO Premium plugin v27.4 (Yoast SEO v27.4) - https:\/\/yoast.com\/product\/yoast-seo-premium-wordpress\/ -->\n<title>Cerca de 50 mil empresas pediram para pagar IVA e IRS faseadamente<\/title>\n<meta name=\"robots\" content=\"index, follow, max-snippet:-1, max-image-preview:large, max-video-preview:-1\" \/>\n<link rel=\"canonical\" href=\"https:\/\/www.altominho.tv\/site\/2020\/05\/23\/cerca-de-50-mil-empresas-pediram-para-pagar-iva-e-irs-faseadamente\/\" \/>\n<meta property=\"og:locale\" content=\"pt_PT\" \/>\n<meta property=\"og:type\" content=\"article\" \/>\n<meta property=\"og:title\" content=\"Cerca de 50 mil empresas pediram para pagar IVA e IRS faseadamente\" \/>\n<meta property=\"og:description\" content=\"Quase 50 mil empresas aderiram ao regime de pagamento fracionado do IVA e reten\u00e7\u00f5es na fonte, tendo estes pedidos resultado no diferimento de 498 milh\u00f5es de euros de impostos, disse o secret\u00e1rio de Estado dos Assuntos Fiscais. Ant\u00f3nio Mendon\u00e7a Mendes falava durante um &#8216;webinar&#8217; sobre &#8220;A retoma econ\u00f3mica: pontos de vista institucionais&#8221;, promovido pela Ordem [&hellip;]\" \/>\n<meta property=\"og:url\" content=\"https:\/\/www.altominho.tv\/site\/2020\/05\/23\/cerca-de-50-mil-empresas-pediram-para-pagar-iva-e-irs-faseadamente\/\" \/>\n<meta property=\"og:site_name\" content=\"Altominho.tv\" \/>\n<meta property=\"article:publisher\" content=\"https:\/\/www.facebook.com\/altominhotv\" \/>\n<meta property=\"article:published_time\" content=\"2020-05-23T08:33:09+00:00\" \/>\n<meta property=\"article:modified_time\" content=\"2020-05-23T08:33:14+00:00\" \/>\n<meta property=\"og:image\" content=\"https:\/\/www.altominho.tv\/site\/wp-content\/uploads\/2020\/05\/irs.jpg\" \/>\n\t<meta property=\"og:image:width\" content=\"800\" \/>\n\t<meta property=\"og:image:height\" content=\"533\" \/>\n\t<meta property=\"og:image:type\" content=\"image\/jpeg\" \/>\n<meta name=\"author\" content=\"Andreia Cunha | Lusa\" \/>\n<meta name=\"twitter:card\" content=\"summary_large_image\" \/>\n<meta name=\"twitter:creator\" content=\"@altominhoTV\" \/>\n<meta name=\"twitter:site\" content=\"@altominhoTV\" \/>\n<meta name=\"twitter:label1\" content=\"Escrito por\" \/>\n\t<meta name=\"twitter:data1\" content=\"Andreia Cunha | Lusa\" \/>\n\t<meta name=\"twitter:label2\" content=\"Tempo estimado de leitura\" \/>\n\t<meta name=\"twitter:data2\" content=\"2 minutos\" \/>\n<script type=\"application\/ld+json\" class=\"yoast-schema-graph\">{\"@context\":\"https:\\\/\\\/schema.org\",\"@graph\":[{\"@type\":\"Article\",\"@id\":\"https:\\\/\\\/www.altominho.tv\\\/site\\\/2020\\\/05\\\/23\\\/cerca-de-50-mil-empresas-pediram-para-pagar-iva-e-irs-faseadamente\\\/#article\",\"isPartOf\":{\"@id\":\"https:\\\/\\\/www.altominho.tv\\\/site\\\/2020\\\/05\\\/23\\\/cerca-de-50-mil-empresas-pediram-para-pagar-iva-e-irs-faseadamente\\\/\"},\"author\":{\"name\":\"Andreia Cunha | Lusa\",\"@id\":\"https:\\\/\\\/www.altominho.tv\\\/site\\\/#\\\/schema\\\/person\\\/dbaf181c01b51ff40c9f461a905d321e\"},\"headline\":\"Cerca de 50 mil empresas pediram para pagar IVA e IRS faseadamente\",\"datePublished\":\"2020-05-23T08:33:09+00:00\",\"dateModified\":\"2020-05-23T08:33:14+00:00\",\"mainEntityOfPage\":{\"@id\":\"https:\\\/\\\/www.altominho.tv\\\/site\\\/2020\\\/05\\\/23\\\/cerca-de-50-mil-empresas-pediram-para-pagar-iva-e-irs-faseadamente\\\/\"},\"wordCount\":446,\"image\":{\"@id\":\"https:\\\/\\\/www.altominho.tv\\\/site\\\/2020\\\/05\\\/23\\\/cerca-de-50-mil-empresas-pediram-para-pagar-iva-e-irs-faseadamente\\\/#primaryimage\"},\"thumbnailUrl\":\"https:\\\/\\\/www.altominho.tv\\\/site\\\/wp-content\\\/uploads\\\/2020\\\/05\\\/irs.jpg\",\"keywords\":[\"Economia\",\"Sociedade\"],\"articleSection\":[\"Alto Minho\"],\"inLanguage\":\"pt-PT\",\"copyrightYear\":\"2020\",\"copyrightHolder\":{\"@id\":\"https:\\\/\\\/www.altominho.tv\\\/site\\\/#organization\"}},{\"@type\":\"WebPage\",\"@id\":\"https:\\\/\\\/www.altominho.tv\\\/site\\\/2020\\\/05\\\/23\\\/cerca-de-50-mil-empresas-pediram-para-pagar-iva-e-irs-faseadamente\\\/\",\"url\":\"https:\\\/\\\/www.altominho.tv\\\/site\\\/2020\\\/05\\\/23\\\/cerca-de-50-mil-empresas-pediram-para-pagar-iva-e-irs-faseadamente\\\/\",\"name\":\"Cerca de 50 mil empresas pediram para pagar IVA e IRS faseadamente\",\"isPartOf\":{\"@id\":\"https:\\\/\\\/www.altominho.tv\\\/site\\\/#website\"},\"primaryImageOfPage\":{\"@id\":\"https:\\\/\\\/www.altominho.tv\\\/site\\\/2020\\\/05\\\/23\\\/cerca-de-50-mil-empresas-pediram-para-pagar-iva-e-irs-faseadamente\\\/#primaryimage\"},\"image\":{\"@id\":\"https:\\\/\\\/www.altominho.tv\\\/site\\\/2020\\\/05\\\/23\\\/cerca-de-50-mil-empresas-pediram-para-pagar-iva-e-irs-faseadamente\\\/#primaryimage\"},\"thumbnailUrl\":\"https:\\\/\\\/www.altominho.tv\\\/site\\\/wp-content\\\/uploads\\\/2020\\\/05\\\/irs.jpg\",\"datePublished\":\"2020-05-23T08:33:09+00:00\",\"dateModified\":\"2020-05-23T08:33:14+00:00\",\"author\":{\"@id\":\"https:\\\/\\\/www.altominho.tv\\\/site\\\/#\\\/schema\\\/person\\\/dbaf181c01b51ff40c9f461a905d321e\"},\"breadcrumb\":{\"@id\":\"https:\\\/\\\/www.altominho.tv\\\/site\\\/2020\\\/05\\\/23\\\/cerca-de-50-mil-empresas-pediram-para-pagar-iva-e-irs-faseadamente\\\/#breadcrumb\"},\"inLanguage\":\"pt-PT\",\"potentialAction\":[{\"@type\":\"ReadAction\",\"target\":[\"https:\\\/\\\/www.altominho.tv\\\/site\\\/2020\\\/05\\\/23\\\/cerca-de-50-mil-empresas-pediram-para-pagar-iva-e-irs-faseadamente\\\/\"]}]},{\"@type\":\"ImageObject\",\"inLanguage\":\"pt-PT\",\"@id\":\"https:\\\/\\\/www.altominho.tv\\\/site\\\/2020\\\/05\\\/23\\\/cerca-de-50-mil-empresas-pediram-para-pagar-iva-e-irs-faseadamente\\\/#primaryimage\",\"url\":\"https:\\\/\\\/www.altominho.tv\\\/site\\\/wp-content\\\/uploads\\\/2020\\\/05\\\/irs.jpg\",\"contentUrl\":\"https:\\\/\\\/www.altominho.tv\\\/site\\\/wp-content\\\/uploads\\\/2020\\\/05\\\/irs.jpg\",\"width\":800,\"height\":533},{\"@type\":\"BreadcrumbList\",\"@id\":\"https:\\\/\\\/www.altominho.tv\\\/site\\\/2020\\\/05\\\/23\\\/cerca-de-50-mil-empresas-pediram-para-pagar-iva-e-irs-faseadamente\\\/#breadcrumb\",\"itemListElement\":[{\"@type\":\"ListItem\",\"position\":1,\"name\":\"In\u00edcio\",\"item\":\"https:\\\/\\\/www.altominho.tv\\\/site\\\/\"},{\"@type\":\"ListItem\",\"position\":2,\"name\":\"Cerca de 50 mil empresas pediram para pagar IVA e IRS faseadamente\"}]},{\"@type\":\"WebSite\",\"@id\":\"https:\\\/\\\/www.altominho.tv\\\/site\\\/#website\",\"url\":\"https:\\\/\\\/www.altominho.tv\\\/site\\\/\",\"name\":\"Altominho.tv\",\"description\":\"A sua regi\u00e3o \u00e0 dist\u00e2ncia de um clique...\",\"potentialAction\":[{\"@type\":\"SearchAction\",\"target\":{\"@type\":\"EntryPoint\",\"urlTemplate\":\"https:\\\/\\\/www.altominho.tv\\\/site\\\/?s={search_term_string}\"},\"query-input\":{\"@type\":\"PropertyValueSpecification\",\"valueRequired\":true,\"valueName\":\"search_term_string\"}}],\"inLanguage\":\"pt-PT\"},{\"@type\":\"Person\",\"@id\":\"https:\\\/\\\/www.altominho.tv\\\/site\\\/#\\\/schema\\\/person\\\/dbaf181c01b51ff40c9f461a905d321e\",\"name\":\"Andreia Cunha | Lusa\",\"image\":{\"@type\":\"ImageObject\",\"inLanguage\":\"pt-PT\",\"@id\":\"https:\\\/\\\/www.altominho.tv\\\/site\\\/wp-content\\\/uploads\\\/2017\\\/11\\\/Andreia_Cunha-1-150x150.jpg\",\"url\":\"https:\\\/\\\/www.altominho.tv\\\/site\\\/wp-content\\\/uploads\\\/2017\\\/11\\\/Andreia_Cunha-1-150x150.jpg\",\"contentUrl\":\"https:\\\/\\\/www.altominho.tv\\\/site\\\/wp-content\\\/uploads\\\/2017\\\/11\\\/Andreia_Cunha-1-150x150.jpg\",\"caption\":\"Andreia Cunha | Lusa\"},\"sameAs\":[\"https:\\\/\\\/www.altominho.tv\\\/site\"],\"url\":\"https:\\\/\\\/www.altominho.tv\\\/site\\\/author\\\/andreiacunhalusa\\\/\"}]}<\/script>\n<!-- \/ Yoast SEO Premium plugin. -->","yoast_head_json":{"title":"Cerca de 50 mil empresas pediram para pagar IVA e IRS faseadamente","robots":{"index":"index","follow":"follow","max-snippet":"max-snippet:-1","max-image-preview":"max-image-preview:large","max-video-preview":"max-video-preview:-1"},"canonical":"https:\/\/www.altominho.tv\/site\/2020\/05\/23\/cerca-de-50-mil-empresas-pediram-para-pagar-iva-e-irs-faseadamente\/","og_locale":"pt_PT","og_type":"article","og_title":"Cerca de 50 mil empresas pediram para pagar IVA e IRS faseadamente","og_description":"Quase 50 mil empresas aderiram ao regime de pagamento fracionado do IVA e reten\u00e7\u00f5es na fonte, tendo estes pedidos resultado no diferimento de 498 milh\u00f5es de euros de impostos, disse o secret\u00e1rio de Estado dos Assuntos Fiscais. Ant\u00f3nio Mendon\u00e7a Mendes falava durante um &#8216;webinar&#8217; sobre &#8220;A retoma econ\u00f3mica: pontos de vista institucionais&#8221;, promovido pela Ordem [&hellip;]","og_url":"https:\/\/www.altominho.tv\/site\/2020\/05\/23\/cerca-de-50-mil-empresas-pediram-para-pagar-iva-e-irs-faseadamente\/","og_site_name":"Altominho.tv","article_publisher":"https:\/\/www.facebook.com\/altominhotv","article_published_time":"2020-05-23T08:33:09+00:00","article_modified_time":"2020-05-23T08:33:14+00:00","og_image":[{"width":800,"height":533,"url":"https:\/\/www.altominho.tv\/site\/wp-content\/uploads\/2020\/05\/irs.jpg","type":"image\/jpeg"}],"author":"Andreia Cunha | Lusa","twitter_card":"summary_large_image","twitter_creator":"@altominhoTV","twitter_site":"@altominhoTV","twitter_misc":{"Escrito por":"Andreia Cunha | Lusa","Tempo estimado de leitura":"2 minutos"},"schema":{"@context":"https:\/\/schema.org","@graph":[{"@type":"Article","@id":"https:\/\/www.altominho.tv\/site\/2020\/05\/23\/cerca-de-50-mil-empresas-pediram-para-pagar-iva-e-irs-faseadamente\/#article","isPartOf":{"@id":"https:\/\/www.altominho.tv\/site\/2020\/05\/23\/cerca-de-50-mil-empresas-pediram-para-pagar-iva-e-irs-faseadamente\/"},"author":{"name":"Andreia Cunha | Lusa","@id":"https:\/\/www.altominho.tv\/site\/#\/schema\/person\/dbaf181c01b51ff40c9f461a905d321e"},"headline":"Cerca de 50 mil empresas pediram para pagar IVA e IRS faseadamente","datePublished":"2020-05-23T08:33:09+00:00","dateModified":"2020-05-23T08:33:14+00:00","mainEntityOfPage":{"@id":"https:\/\/www.altominho.tv\/site\/2020\/05\/23\/cerca-de-50-mil-empresas-pediram-para-pagar-iva-e-irs-faseadamente\/"},"wordCount":446,"image":{"@id":"https:\/\/www.altominho.tv\/site\/2020\/05\/23\/cerca-de-50-mil-empresas-pediram-para-pagar-iva-e-irs-faseadamente\/#primaryimage"},"thumbnailUrl":"https:\/\/www.altominho.tv\/site\/wp-content\/uploads\/2020\/05\/irs.jpg","keywords":["Economia","Sociedade"],"articleSection":["Alto Minho"],"inLanguage":"pt-PT","copyrightYear":"2020","copyrightHolder":{"@id":"https:\/\/www.altominho.tv\/site\/#organization"}},{"@type":"WebPage","@id":"https:\/\/www.altominho.tv\/site\/2020\/05\/23\/cerca-de-50-mil-empresas-pediram-para-pagar-iva-e-irs-faseadamente\/","url":"https:\/\/www.altominho.tv\/site\/2020\/05\/23\/cerca-de-50-mil-empresas-pediram-para-pagar-iva-e-irs-faseadamente\/","name":"Cerca de 50 mil empresas pediram para pagar IVA e IRS faseadamente","isPartOf":{"@id":"https:\/\/www.altominho.tv\/site\/#website"},"primaryImageOfPage":{"@id":"https:\/\/www.altominho.tv\/site\/2020\/05\/23\/cerca-de-50-mil-empresas-pediram-para-pagar-iva-e-irs-faseadamente\/#primaryimage"},"image":{"@id":"https:\/\/www.altominho.tv\/site\/2020\/05\/23\/cerca-de-50-mil-empresas-pediram-para-pagar-iva-e-irs-faseadamente\/#primaryimage"},"thumbnailUrl":"https:\/\/www.altominho.tv\/site\/wp-content\/uploads\/2020\/05\/irs.jpg","datePublished":"2020-05-23T08:33:09+00:00","dateModified":"2020-05-23T08:33:14+00:00","author":{"@id":"https:\/\/www.altominho.tv\/site\/#\/schema\/person\/dbaf181c01b51ff40c9f461a905d321e"},"breadcrumb":{"@id":"https:\/\/www.altominho.tv\/site\/2020\/05\/23\/cerca-de-50-mil-empresas-pediram-para-pagar-iva-e-irs-faseadamente\/#breadcrumb"},"inLanguage":"pt-PT","potentialAction":[{"@type":"ReadAction","target":["https:\/\/www.altominho.tv\/site\/2020\/05\/23\/cerca-de-50-mil-empresas-pediram-para-pagar-iva-e-irs-faseadamente\/"]}]},{"@type":"ImageObject","inLanguage":"pt-PT","@id":"https:\/\/www.altominho.tv\/site\/2020\/05\/23\/cerca-de-50-mil-empresas-pediram-para-pagar-iva-e-irs-faseadamente\/#primaryimage","url":"https:\/\/www.altominho.tv\/site\/wp-content\/uploads\/2020\/05\/irs.jpg","contentUrl":"https:\/\/www.altominho.tv\/site\/wp-content\/uploads\/2020\/05\/irs.jpg","width":800,"height":533},{"@type":"BreadcrumbList","@id":"https:\/\/www.altominho.tv\/site\/2020\/05\/23\/cerca-de-50-mil-empresas-pediram-para-pagar-iva-e-irs-faseadamente\/#breadcrumb","itemListElement":[{"@type":"ListItem","position":1,"name":"In\u00edcio","item":"https:\/\/www.altominho.tv\/site\/"},{"@type":"ListItem","position":2,"name":"Cerca de 50 mil empresas pediram para pagar IVA e IRS faseadamente"}]},{"@type":"WebSite","@id":"https:\/\/www.altominho.tv\/site\/#website","url":"https:\/\/www.altominho.tv\/site\/","name":"Altominho.tv","description":"A sua regi\u00e3o \u00e0 dist\u00e2ncia de um clique...","potentialAction":[{"@type":"SearchAction","target":{"@type":"EntryPoint","urlTemplate":"https:\/\/www.altominho.tv\/site\/?s={search_term_string}"},"query-input":{"@type":"PropertyValueSpecification","valueRequired":true,"valueName":"search_term_string"}}],"inLanguage":"pt-PT"},{"@type":"Person","@id":"https:\/\/www.altominho.tv\/site\/#\/schema\/person\/dbaf181c01b51ff40c9f461a905d321e","name":"Andreia Cunha | Lusa","image":{"@type":"ImageObject","inLanguage":"pt-PT","@id":"https:\/\/www.altominho.tv\/site\/wp-content\/uploads\/2017\/11\/Andreia_Cunha-1-150x150.jpg","url":"https:\/\/www.altominho.tv\/site\/wp-content\/uploads\/2017\/11\/Andreia_Cunha-1-150x150.jpg","contentUrl":"https:\/\/www.altominho.tv\/site\/wp-content\/uploads\/2017\/11\/Andreia_Cunha-1-150x150.jpg","caption":"Andreia Cunha | Lusa"},"sameAs":["https:\/\/www.altominho.tv\/site"],"url":"https:\/\/www.altominho.tv\/site\/author\/andreiacunhalusa\/"}]}},"_links":{"self":[{"href":"https:\/\/www.altominho.tv\/site\/wp-json\/wp\/v2\/posts\/46892","targetHints":{"allow":["GET"]}}],"collection":[{"href":"https:\/\/www.altominho.tv\/site\/wp-json\/wp\/v2\/posts"}],"about":[{"href":"https:\/\/www.altominho.tv\/site\/wp-json\/wp\/v2\/types\/post"}],"author":[{"embeddable":true,"href":"https:\/\/www.altominho.tv\/site\/wp-json\/wp\/v2\/users\/16"}],"replies":[{"embeddable":true,"href":"https:\/\/www.altominho.tv\/site\/wp-json\/wp\/v2\/comments?post=46892"}],"version-history":[{"count":0,"href":"https:\/\/www.altominho.tv\/site\/wp-json\/wp\/v2\/posts\/46892\/revisions"}],"wp:featuredmedia":[{"embeddable":true,"href":"https:\/\/www.altominho.tv\/site\/wp-json\/wp\/v2\/media\/46893"}],"wp:attachment":[{"href":"https:\/\/www.altominho.tv\/site\/wp-json\/wp\/v2\/media?parent=46892"}],"wp:term":[{"taxonomy":"category","embeddable":true,"href":"https:\/\/www.altominho.tv\/site\/wp-json\/wp\/v2\/categories?post=46892"},{"taxonomy":"post_tag","embeddable":true,"href":"https:\/\/www.altominho.tv\/site\/wp-json\/wp\/v2\/tags?post=46892"}],"curies":[{"name":"wp","href":"https:\/\/api.w.org\/{rel}","templated":true}]}}