{"id":46889,"date":"2020-05-23T09:22:54","date_gmt":"2020-05-23T08:22:54","guid":{"rendered":"http:\/\/www.altominho.tv\/site\/?p=46889"},"modified":"2020-05-23T09:23:11","modified_gmt":"2020-05-23T08:23:11","slug":"circulacao-de-emigrantes-e-prioridade-nas-negociacoes-com-europa","status":"publish","type":"post","link":"https:\/\/www.altominho.tv\/site\/2020\/05\/23\/circulacao-de-emigrantes-e-prioridade-nas-negociacoes-com-europa\/","title":{"rendered":"Circula\u00e7\u00e3o de emigrantes \u00e9 prioridade nas negocia\u00e7\u00f5es com Europa"},"content":{"rendered":"\n<p>O ministro da Administra\u00e7\u00e3o Interna disse que no \u00e2mbito das medidas que est\u00e3o a ser negociadas a n\u00edvel europeu, a prioridade nacional est\u00e1 relacionada com a circula\u00e7\u00e3o dos emigrantes nos meses de ver\u00e3o.<br><\/p>\n\n\n\n<p>&#8220;H\u00e1 uma dimens\u00e3o, que \u00e9 uma dimens\u00e3o europeia. Para n\u00f3s, a prioridade \u00e9 a circula\u00e7\u00e3o dos nossos cidad\u00e3os que possam, vindos do resto da Europa, de Fran\u00e7a, da Su\u00ed\u00e7a, da Alemanha, com certeza, vir passar o seu ver\u00e3o a Portugal, voltando \u00e0s suas terras e promovendo tamb\u00e9m aquilo que \u00e9 a dimens\u00e3o de anima\u00e7\u00e3o da economia local&#8221;, disse Eduardo Cabrita.<br><\/p>\n\n\n\n<p>O governante falava na sexta-feira aos jornalistas na fronteira de Vilar Formoso, no concelho de Almeida, distrito da Guarda, ap\u00f3s uma visita ao Centro de Coopera\u00e7\u00e3o Policial e Aduaneira (CCPA), onde se inteirou\u00a0 da atividade realizada desde que foram repostas as fronteiras.<br><\/p>\n\n\n\n<p>Sobre o assunto, Eduardo Carita referiu: &#8220;Com preocupa\u00e7\u00f5es de salvaguarda de distanciamento f\u00edsico, utilizando regras de etiqueta respirat\u00f3ria e de higiene no uso das instala\u00e7\u00f5es, mas os resultados positivos que temos vindo a consolidar permitem-nos olhar para um ver\u00e3o com emigrantes em Portugal&#8221;.<br><\/p>\n\n\n\n<p>O ministro disse ainda que o pa\u00eds tem de &#8220;consolidar&#8221; os resultados positivos registados mas, tamb\u00e9m, &#8220;gradualmente permitir condi\u00e7\u00f5es que permitam aos portugueses vir at\u00e9 Portugal&#8221;, de acordo com a estrat\u00e9gia definida pela Comiss\u00e3o Europeia.<br><\/p>\n\n\n\n<p>Disse ainda esperar que essa estrat\u00e9gica possa permitir &#8220;um gradual alargamento das possibilidades de circula\u00e7\u00e3o&#8221;, em primeiro lugar nas fronteiras internas (a\u00e9reas e terrestres) dentro da Uni\u00e3o Europeia e, numa segunda fase, de fronteiras para fora da Uni\u00e3o Europeia.<br><\/p>\n\n\n\n<p>O controlo das fronteiras terrestres com Espanha est\u00e1 a ser feito desde as 23:00 do dia 16 de mar\u00e7o em nove pontos de passagem autorizada, devido \u00e0 pandemia da covid-19.<br><\/p>\n\n\n\n<p>Os pontos de fronteira em funcionamento s\u00e3o Valen\u00e7a-Tuy, Vila Verde da Raia-Ver\u00edn, Quintanilha-San Vitero, Vilar Formoso-Fuentes de O\u00f1oro, Termas de Monfortinho-Cilleros, Marv\u00e3o-Val\u00eancia de Alc\u00e2ntara, Caia-Badajoz, Vila Verde de Ficalho-Rosal de la Frontera e Castro Marim-Ayamonte.<br><\/p>\n\n\n\n<p>No \u00e2mbito do controlo das fronteiras, est\u00e3o impedidas as desloca\u00e7\u00f5es tur\u00edsticas e de lazer entre os dois pa\u00edses, sendo apenas permitida circula\u00e7\u00e3o de transportes de mercadorias e de trabalhadores transfronteiri\u00e7os.<br><\/p>\n\n\n\n<p>A n\u00edvel global, segundo um balan\u00e7o da ag\u00eancia de not\u00edcias AFP, a pandemia de covid-19 j\u00e1 provocou quase 330 mil mortos e infetou mais de 5,1 milh\u00f5es de pessoas em 196 pa\u00edses e territ\u00f3rios.<br><\/p>\n\n\n\n<p>Mais de 1,9 milh\u00f5es de doentes foram considerados curados.<\/p>\n\n\n\n<p>A doen\u00e7a \u00e9 transmitida por um novo coronav\u00edrus detetado no final de dezembro, em Wuhan, uma cidade do centro da China.<\/p>\n","protected":false},"excerpt":{"rendered":"<p>O ministro da Administra\u00e7\u00e3o Interna disse que no \u00e2mbito das medidas que est\u00e3o a ser negociadas a n\u00edvel europeu, a prioridade nacional est\u00e1 relacionada com a circula\u00e7\u00e3o dos emigrantes nos meses de ver\u00e3o. &#8220;H\u00e1 uma dimens\u00e3o, que \u00e9 uma dimens\u00e3o europeia. Para n\u00f3s, a prioridade \u00e9 a circula\u00e7\u00e3o dos nossos cidad\u00e3os que possam, vindos do [&hellip;]<\/p>\n","protected":false},"author":16,"featured_media":46890,"comment_status":"closed","ping_status":"closed","sticky":false,"template":"","format":"standard","meta":{"_exactmetrics_skip_tracking":false,"_exactmetrics_sitenote_active":false,"_exactmetrics_sitenote_note":"","_exactmetrics_sitenote_category":0,"footnotes":""},"categories":[73],"tags":[],"class_list":["post-46889","post","type-post","status-publish","format-standard","has-post-thumbnail","hentry","category-alto-minho"],"yoast_head":"<!-- This site is optimized with the Yoast SEO Premium plugin v27.4 (Yoast SEO v27.4) - https:\/\/yoast.com\/product\/yoast-seo-premium-wordpress\/ -->\n<title>Circula\u00e7\u00e3o de emigrantes \u00e9 prioridade nas negocia\u00e7\u00f5es com Europa<\/title>\n<meta name=\"robots\" content=\"index, follow, max-snippet:-1, max-image-preview:large, max-video-preview:-1\" \/>\n<link rel=\"canonical\" href=\"https:\/\/www.altominho.tv\/site\/2020\/05\/23\/circulacao-de-emigrantes-e-prioridade-nas-negociacoes-com-europa\/\" \/>\n<meta property=\"og:locale\" content=\"pt_PT\" \/>\n<meta property=\"og:type\" content=\"article\" \/>\n<meta property=\"og:title\" content=\"Circula\u00e7\u00e3o de emigrantes \u00e9 prioridade nas negocia\u00e7\u00f5es com Europa\" \/>\n<meta property=\"og:description\" content=\"O ministro da Administra\u00e7\u00e3o Interna disse que no \u00e2mbito das medidas que est\u00e3o a ser negociadas a n\u00edvel europeu, a prioridade nacional est\u00e1 relacionada com a circula\u00e7\u00e3o dos emigrantes nos meses de ver\u00e3o. &#8220;H\u00e1 uma dimens\u00e3o, que \u00e9 uma dimens\u00e3o europeia. Para n\u00f3s, a prioridade \u00e9 a circula\u00e7\u00e3o dos nossos cidad\u00e3os que possam, vindos do [&hellip;]\" \/>\n<meta property=\"og:url\" content=\"https:\/\/www.altominho.tv\/site\/2020\/05\/23\/circulacao-de-emigrantes-e-prioridade-nas-negociacoes-com-europa\/\" \/>\n<meta property=\"og:site_name\" content=\"Altominho.tv\" \/>\n<meta property=\"article:publisher\" content=\"https:\/\/www.facebook.com\/altominhotv\" \/>\n<meta property=\"article:published_time\" content=\"2020-05-23T08:22:54+00:00\" \/>\n<meta property=\"article:modified_time\" content=\"2020-05-23T08:23:11+00:00\" \/>\n<meta property=\"og:image\" content=\"https:\/\/www.altominho.tv\/site\/wp-content\/uploads\/2020\/05\/Fronteira_Valenc\u0327a-1-1.jpg\" \/>\n\t<meta property=\"og:image:width\" content=\"1800\" \/>\n\t<meta property=\"og:image:height\" content=\"1014\" \/>\n\t<meta property=\"og:image:type\" content=\"image\/jpeg\" \/>\n<meta name=\"author\" content=\"Andreia Cunha | Lusa\" \/>\n<meta name=\"twitter:card\" content=\"summary_large_image\" \/>\n<meta name=\"twitter:creator\" content=\"@altominhoTV\" \/>\n<meta name=\"twitter:site\" content=\"@altominhoTV\" \/>\n<meta name=\"twitter:label1\" content=\"Escrito por\" \/>\n\t<meta name=\"twitter:data1\" content=\"Andreia Cunha | Lusa\" \/>\n\t<meta name=\"twitter:label2\" content=\"Tempo estimado de leitura\" \/>\n\t<meta name=\"twitter:data2\" content=\"2 minutos\" \/>\n<script type=\"application\/ld+json\" class=\"yoast-schema-graph\">{\"@context\":\"https:\\\/\\\/schema.org\",\"@graph\":[{\"@type\":\"Article\",\"@id\":\"https:\\\/\\\/www.altominho.tv\\\/site\\\/2020\\\/05\\\/23\\\/circulacao-de-emigrantes-e-prioridade-nas-negociacoes-com-europa\\\/#article\",\"isPartOf\":{\"@id\":\"https:\\\/\\\/www.altominho.tv\\\/site\\\/2020\\\/05\\\/23\\\/circulacao-de-emigrantes-e-prioridade-nas-negociacoes-com-europa\\\/\"},\"author\":{\"name\":\"Andreia Cunha | Lusa\",\"@id\":\"https:\\\/\\\/www.altominho.tv\\\/site\\\/#\\\/schema\\\/person\\\/dbaf181c01b51ff40c9f461a905d321e\"},\"headline\":\"Circula\u00e7\u00e3o de emigrantes \u00e9 prioridade nas negocia\u00e7\u00f5es com Europa\",\"datePublished\":\"2020-05-23T08:22:54+00:00\",\"dateModified\":\"2020-05-23T08:23:11+00:00\",\"mainEntityOfPage\":{\"@id\":\"https:\\\/\\\/www.altominho.tv\\\/site\\\/2020\\\/05\\\/23\\\/circulacao-de-emigrantes-e-prioridade-nas-negociacoes-com-europa\\\/\"},\"wordCount\":467,\"image\":{\"@id\":\"https:\\\/\\\/www.altominho.tv\\\/site\\\/2020\\\/05\\\/23\\\/circulacao-de-emigrantes-e-prioridade-nas-negociacoes-com-europa\\\/#primaryimage\"},\"thumbnailUrl\":\"https:\\\/\\\/www.altominho.tv\\\/site\\\/wp-content\\\/uploads\\\/2020\\\/05\\\/Fronteira_Valenc\u0327a-1-1.jpg\",\"articleSection\":[\"Alto Minho\"],\"inLanguage\":\"pt-PT\",\"copyrightYear\":\"2020\",\"copyrightHolder\":{\"@id\":\"https:\\\/\\\/www.altominho.tv\\\/site\\\/#organization\"}},{\"@type\":\"WebPage\",\"@id\":\"https:\\\/\\\/www.altominho.tv\\\/site\\\/2020\\\/05\\\/23\\\/circulacao-de-emigrantes-e-prioridade-nas-negociacoes-com-europa\\\/\",\"url\":\"https:\\\/\\\/www.altominho.tv\\\/site\\\/2020\\\/05\\\/23\\\/circulacao-de-emigrantes-e-prioridade-nas-negociacoes-com-europa\\\/\",\"name\":\"Circula\u00e7\u00e3o de emigrantes \u00e9 prioridade nas negocia\u00e7\u00f5es com Europa\",\"isPartOf\":{\"@id\":\"https:\\\/\\\/www.altominho.tv\\\/site\\\/#website\"},\"primaryImageOfPage\":{\"@id\":\"https:\\\/\\\/www.altominho.tv\\\/site\\\/2020\\\/05\\\/23\\\/circulacao-de-emigrantes-e-prioridade-nas-negociacoes-com-europa\\\/#primaryimage\"},\"image\":{\"@id\":\"https:\\\/\\\/www.altominho.tv\\\/site\\\/2020\\\/05\\\/23\\\/circulacao-de-emigrantes-e-prioridade-nas-negociacoes-com-europa\\\/#primaryimage\"},\"thumbnailUrl\":\"https:\\\/\\\/www.altominho.tv\\\/site\\\/wp-content\\\/uploads\\\/2020\\\/05\\\/Fronteira_Valenc\u0327a-1-1.jpg\",\"datePublished\":\"2020-05-23T08:22:54+00:00\",\"dateModified\":\"2020-05-23T08:23:11+00:00\",\"author\":{\"@id\":\"https:\\\/\\\/www.altominho.tv\\\/site\\\/#\\\/schema\\\/person\\\/dbaf181c01b51ff40c9f461a905d321e\"},\"breadcrumb\":{\"@id\":\"https:\\\/\\\/www.altominho.tv\\\/site\\\/2020\\\/05\\\/23\\\/circulacao-de-emigrantes-e-prioridade-nas-negociacoes-com-europa\\\/#breadcrumb\"},\"inLanguage\":\"pt-PT\",\"potentialAction\":[{\"@type\":\"ReadAction\",\"target\":[\"https:\\\/\\\/www.altominho.tv\\\/site\\\/2020\\\/05\\\/23\\\/circulacao-de-emigrantes-e-prioridade-nas-negociacoes-com-europa\\\/\"]}]},{\"@type\":\"ImageObject\",\"inLanguage\":\"pt-PT\",\"@id\":\"https:\\\/\\\/www.altominho.tv\\\/site\\\/2020\\\/05\\\/23\\\/circulacao-de-emigrantes-e-prioridade-nas-negociacoes-com-europa\\\/#primaryimage\",\"url\":\"https:\\\/\\\/www.altominho.tv\\\/site\\\/wp-content\\\/uploads\\\/2020\\\/05\\\/Fronteira_Valenc\u0327a-1-1.jpg\",\"contentUrl\":\"https:\\\/\\\/www.altominho.tv\\\/site\\\/wp-content\\\/uploads\\\/2020\\\/05\\\/Fronteira_Valenc\u0327a-1-1.jpg\",\"width\":1800,\"height\":1014},{\"@type\":\"BreadcrumbList\",\"@id\":\"https:\\\/\\\/www.altominho.tv\\\/site\\\/2020\\\/05\\\/23\\\/circulacao-de-emigrantes-e-prioridade-nas-negociacoes-com-europa\\\/#breadcrumb\",\"itemListElement\":[{\"@type\":\"ListItem\",\"position\":1,\"name\":\"In\u00edcio\",\"item\":\"https:\\\/\\\/www.altominho.tv\\\/site\\\/\"},{\"@type\":\"ListItem\",\"position\":2,\"name\":\"Circula\u00e7\u00e3o de emigrantes \u00e9 prioridade nas negocia\u00e7\u00f5es com Europa\"}]},{\"@type\":\"WebSite\",\"@id\":\"https:\\\/\\\/www.altominho.tv\\\/site\\\/#website\",\"url\":\"https:\\\/\\\/www.altominho.tv\\\/site\\\/\",\"name\":\"Altominho.tv\",\"description\":\"A sua regi\u00e3o \u00e0 dist\u00e2ncia de um clique...\",\"potentialAction\":[{\"@type\":\"SearchAction\",\"target\":{\"@type\":\"EntryPoint\",\"urlTemplate\":\"https:\\\/\\\/www.altominho.tv\\\/site\\\/?s={search_term_string}\"},\"query-input\":{\"@type\":\"PropertyValueSpecification\",\"valueRequired\":true,\"valueName\":\"search_term_string\"}}],\"inLanguage\":\"pt-PT\"},{\"@type\":\"Person\",\"@id\":\"https:\\\/\\\/www.altominho.tv\\\/site\\\/#\\\/schema\\\/person\\\/dbaf181c01b51ff40c9f461a905d321e\",\"name\":\"Andreia Cunha | Lusa\",\"image\":{\"@type\":\"ImageObject\",\"inLanguage\":\"pt-PT\",\"@id\":\"https:\\\/\\\/www.altominho.tv\\\/site\\\/wp-content\\\/uploads\\\/2017\\\/11\\\/Andreia_Cunha-1-150x150.jpg\",\"url\":\"https:\\\/\\\/www.altominho.tv\\\/site\\\/wp-content\\\/uploads\\\/2017\\\/11\\\/Andreia_Cunha-1-150x150.jpg\",\"contentUrl\":\"https:\\\/\\\/www.altominho.tv\\\/site\\\/wp-content\\\/uploads\\\/2017\\\/11\\\/Andreia_Cunha-1-150x150.jpg\",\"caption\":\"Andreia Cunha | Lusa\"},\"sameAs\":[\"https:\\\/\\\/www.altominho.tv\\\/site\"],\"url\":\"https:\\\/\\\/www.altominho.tv\\\/site\\\/author\\\/andreiacunhalusa\\\/\"}]}<\/script>\n<!-- \/ Yoast SEO Premium plugin. -->","yoast_head_json":{"title":"Circula\u00e7\u00e3o de emigrantes \u00e9 prioridade nas negocia\u00e7\u00f5es com Europa","robots":{"index":"index","follow":"follow","max-snippet":"max-snippet:-1","max-image-preview":"max-image-preview:large","max-video-preview":"max-video-preview:-1"},"canonical":"https:\/\/www.altominho.tv\/site\/2020\/05\/23\/circulacao-de-emigrantes-e-prioridade-nas-negociacoes-com-europa\/","og_locale":"pt_PT","og_type":"article","og_title":"Circula\u00e7\u00e3o de emigrantes \u00e9 prioridade nas negocia\u00e7\u00f5es com Europa","og_description":"O ministro da Administra\u00e7\u00e3o Interna disse que no \u00e2mbito das medidas que est\u00e3o a ser negociadas a n\u00edvel europeu, a prioridade nacional est\u00e1 relacionada com a circula\u00e7\u00e3o dos emigrantes nos meses de ver\u00e3o. &#8220;H\u00e1 uma dimens\u00e3o, que \u00e9 uma dimens\u00e3o europeia. Para n\u00f3s, a prioridade \u00e9 a circula\u00e7\u00e3o dos nossos cidad\u00e3os que possam, vindos do [&hellip;]","og_url":"https:\/\/www.altominho.tv\/site\/2020\/05\/23\/circulacao-de-emigrantes-e-prioridade-nas-negociacoes-com-europa\/","og_site_name":"Altominho.tv","article_publisher":"https:\/\/www.facebook.com\/altominhotv","article_published_time":"2020-05-23T08:22:54+00:00","article_modified_time":"2020-05-23T08:23:11+00:00","og_image":[{"width":1800,"height":1014,"url":"https:\/\/www.altominho.tv\/site\/wp-content\/uploads\/2020\/05\/Fronteira_Valenc\u0327a-1-1.jpg","type":"image\/jpeg"}],"author":"Andreia Cunha | Lusa","twitter_card":"summary_large_image","twitter_creator":"@altominhoTV","twitter_site":"@altominhoTV","twitter_misc":{"Escrito por":"Andreia Cunha | Lusa","Tempo estimado de leitura":"2 minutos"},"schema":{"@context":"https:\/\/schema.org","@graph":[{"@type":"Article","@id":"https:\/\/www.altominho.tv\/site\/2020\/05\/23\/circulacao-de-emigrantes-e-prioridade-nas-negociacoes-com-europa\/#article","isPartOf":{"@id":"https:\/\/www.altominho.tv\/site\/2020\/05\/23\/circulacao-de-emigrantes-e-prioridade-nas-negociacoes-com-europa\/"},"author":{"name":"Andreia Cunha | Lusa","@id":"https:\/\/www.altominho.tv\/site\/#\/schema\/person\/dbaf181c01b51ff40c9f461a905d321e"},"headline":"Circula\u00e7\u00e3o de emigrantes \u00e9 prioridade nas negocia\u00e7\u00f5es com Europa","datePublished":"2020-05-23T08:22:54+00:00","dateModified":"2020-05-23T08:23:11+00:00","mainEntityOfPage":{"@id":"https:\/\/www.altominho.tv\/site\/2020\/05\/23\/circulacao-de-emigrantes-e-prioridade-nas-negociacoes-com-europa\/"},"wordCount":467,"image":{"@id":"https:\/\/www.altominho.tv\/site\/2020\/05\/23\/circulacao-de-emigrantes-e-prioridade-nas-negociacoes-com-europa\/#primaryimage"},"thumbnailUrl":"https:\/\/www.altominho.tv\/site\/wp-content\/uploads\/2020\/05\/Fronteira_Valenc\u0327a-1-1.jpg","articleSection":["Alto Minho"],"inLanguage":"pt-PT","copyrightYear":"2020","copyrightHolder":{"@id":"https:\/\/www.altominho.tv\/site\/#organization"}},{"@type":"WebPage","@id":"https:\/\/www.altominho.tv\/site\/2020\/05\/23\/circulacao-de-emigrantes-e-prioridade-nas-negociacoes-com-europa\/","url":"https:\/\/www.altominho.tv\/site\/2020\/05\/23\/circulacao-de-emigrantes-e-prioridade-nas-negociacoes-com-europa\/","name":"Circula\u00e7\u00e3o de emigrantes \u00e9 prioridade nas negocia\u00e7\u00f5es com Europa","isPartOf":{"@id":"https:\/\/www.altominho.tv\/site\/#website"},"primaryImageOfPage":{"@id":"https:\/\/www.altominho.tv\/site\/2020\/05\/23\/circulacao-de-emigrantes-e-prioridade-nas-negociacoes-com-europa\/#primaryimage"},"image":{"@id":"https:\/\/www.altominho.tv\/site\/2020\/05\/23\/circulacao-de-emigrantes-e-prioridade-nas-negociacoes-com-europa\/#primaryimage"},"thumbnailUrl":"https:\/\/www.altominho.tv\/site\/wp-content\/uploads\/2020\/05\/Fronteira_Valenc\u0327a-1-1.jpg","datePublished":"2020-05-23T08:22:54+00:00","dateModified":"2020-05-23T08:23:11+00:00","author":{"@id":"https:\/\/www.altominho.tv\/site\/#\/schema\/person\/dbaf181c01b51ff40c9f461a905d321e"},"breadcrumb":{"@id":"https:\/\/www.altominho.tv\/site\/2020\/05\/23\/circulacao-de-emigrantes-e-prioridade-nas-negociacoes-com-europa\/#breadcrumb"},"inLanguage":"pt-PT","potentialAction":[{"@type":"ReadAction","target":["https:\/\/www.altominho.tv\/site\/2020\/05\/23\/circulacao-de-emigrantes-e-prioridade-nas-negociacoes-com-europa\/"]}]},{"@type":"ImageObject","inLanguage":"pt-PT","@id":"https:\/\/www.altominho.tv\/site\/2020\/05\/23\/circulacao-de-emigrantes-e-prioridade-nas-negociacoes-com-europa\/#primaryimage","url":"https:\/\/www.altominho.tv\/site\/wp-content\/uploads\/2020\/05\/Fronteira_Valenc\u0327a-1-1.jpg","contentUrl":"https:\/\/www.altominho.tv\/site\/wp-content\/uploads\/2020\/05\/Fronteira_Valenc\u0327a-1-1.jpg","width":1800,"height":1014},{"@type":"BreadcrumbList","@id":"https:\/\/www.altominho.tv\/site\/2020\/05\/23\/circulacao-de-emigrantes-e-prioridade-nas-negociacoes-com-europa\/#breadcrumb","itemListElement":[{"@type":"ListItem","position":1,"name":"In\u00edcio","item":"https:\/\/www.altominho.tv\/site\/"},{"@type":"ListItem","position":2,"name":"Circula\u00e7\u00e3o de emigrantes \u00e9 prioridade nas negocia\u00e7\u00f5es com Europa"}]},{"@type":"WebSite","@id":"https:\/\/www.altominho.tv\/site\/#website","url":"https:\/\/www.altominho.tv\/site\/","name":"Altominho.tv","description":"A sua regi\u00e3o \u00e0 dist\u00e2ncia de um clique...","potentialAction":[{"@type":"SearchAction","target":{"@type":"EntryPoint","urlTemplate":"https:\/\/www.altominho.tv\/site\/?s={search_term_string}"},"query-input":{"@type":"PropertyValueSpecification","valueRequired":true,"valueName":"search_term_string"}}],"inLanguage":"pt-PT"},{"@type":"Person","@id":"https:\/\/www.altominho.tv\/site\/#\/schema\/person\/dbaf181c01b51ff40c9f461a905d321e","name":"Andreia Cunha | Lusa","image":{"@type":"ImageObject","inLanguage":"pt-PT","@id":"https:\/\/www.altominho.tv\/site\/wp-content\/uploads\/2017\/11\/Andreia_Cunha-1-150x150.jpg","url":"https:\/\/www.altominho.tv\/site\/wp-content\/uploads\/2017\/11\/Andreia_Cunha-1-150x150.jpg","contentUrl":"https:\/\/www.altominho.tv\/site\/wp-content\/uploads\/2017\/11\/Andreia_Cunha-1-150x150.jpg","caption":"Andreia Cunha | Lusa"},"sameAs":["https:\/\/www.altominho.tv\/site"],"url":"https:\/\/www.altominho.tv\/site\/author\/andreiacunhalusa\/"}]}},"_links":{"self":[{"href":"https:\/\/www.altominho.tv\/site\/wp-json\/wp\/v2\/posts\/46889","targetHints":{"allow":["GET"]}}],"collection":[{"href":"https:\/\/www.altominho.tv\/site\/wp-json\/wp\/v2\/posts"}],"about":[{"href":"https:\/\/www.altominho.tv\/site\/wp-json\/wp\/v2\/types\/post"}],"author":[{"embeddable":true,"href":"https:\/\/www.altominho.tv\/site\/wp-json\/wp\/v2\/users\/16"}],"replies":[{"embeddable":true,"href":"https:\/\/www.altominho.tv\/site\/wp-json\/wp\/v2\/comments?post=46889"}],"version-history":[{"count":0,"href":"https:\/\/www.altominho.tv\/site\/wp-json\/wp\/v2\/posts\/46889\/revisions"}],"wp:featuredmedia":[{"embeddable":true,"href":"https:\/\/www.altominho.tv\/site\/wp-json\/wp\/v2\/media\/46890"}],"wp:attachment":[{"href":"https:\/\/www.altominho.tv\/site\/wp-json\/wp\/v2\/media?parent=46889"}],"wp:term":[{"taxonomy":"category","embeddable":true,"href":"https:\/\/www.altominho.tv\/site\/wp-json\/wp\/v2\/categories?post=46889"},{"taxonomy":"post_tag","embeddable":true,"href":"https:\/\/www.altominho.tv\/site\/wp-json\/wp\/v2\/tags?post=46889"}],"curies":[{"name":"wp","href":"https:\/\/api.w.org\/{rel}","templated":true}]}}