{"id":46886,"date":"2020-05-23T09:15:05","date_gmt":"2020-05-23T08:15:05","guid":{"rendered":"http:\/\/www.altominho.tv\/site\/?p=46886"},"modified":"2020-05-23T09:15:09","modified_gmt":"2020-05-23T08:15:09","slug":"diretores-alertam-que-e-preciso-comecar-a-preparar-proximo-ano-letivo","status":"publish","type":"post","link":"https:\/\/www.altominho.tv\/site\/2020\/05\/23\/diretores-alertam-que-e-preciso-comecar-a-preparar-proximo-ano-letivo\/","title":{"rendered":"Diretores alertam que \u00e9 preciso come\u00e7ar a preparar pr\u00f3ximo ano letivo"},"content":{"rendered":"\n<p>V\u00e1rios diretores escolares alertaram no parlamento que \u00e9 \u201curgente\u201d ter orienta\u00e7\u00f5es do Minist\u00e9rio da Educa\u00e7\u00e3o para organizar o pr\u00f3ximo ano letivo, considerando que \u201ccome\u00e7a a ficar tarde\u201d.<br><\/p>\n\n\n\n<p>A pouco mais de um m\u00eas do fim do terceiro per\u00edodo de aulas, marcadas pela pandemia de covid-19, alguns diretores escolares admitiram que os alunos possam vir a ter, no pr\u00f3ximo ano letivo,\u00a0um sistema misto de aulas presenciais com aulas \u00e0 dist\u00e2ncia (b-learning).<br><\/p>\n\n\n\n<p>Durante a audi\u00e7\u00e3o parlamentar na comiss\u00e3o de Educa\u00e7\u00e3o, Ci\u00eancia Juventude e Desporto, solicitada pelo grupo parlamentar do PSD, todos os diretores ouvidos pediram \u201corienta\u00e7\u00f5es claras\u201d ao Minist\u00e9rio da Educa\u00e7\u00e3o \u200b\u200b\u200b\u200b\u200b\u200b\u200bpara que as escolas reabram no pr\u00f3ximo ano letivo sem problemas.<br><\/p>\n\n\n\n<p>A possibilidade de os alunos virem a ter aulas presenciais, mas tamb\u00e9m ensino \u00e0 dist\u00e2ncia foi admitido esta semana pelo ministro da Educa\u00e7\u00e3o, Tiago Brand\u00e3o Rodrigues, em entrevista ao Jornal P\u00fablico.<br><\/p>\n\n\n\n<p>A ideia\u00a0n\u00e3o\u00a0foi contestada pelos diretores, mas \u201ccome\u00e7a a ficar tarde para organizar um futuro nesse cen\u00e1rio\u201d, alertou\u00a0o vice-presidente da Associa\u00e7\u00e3o Nacional de Dirigentes Escolares (ANDE), Jorge Saleiro, durante a audi\u00e7\u00e3o parlamentar.<br><\/p>\n\n\n\n<p>\u201cSe desejam que a gente avance para esse modelo precisamos de orienta\u00e7\u00f5es claras, porque com orienta\u00e7\u00f5es claras as escolas dar\u00e3o respostas \u00e0 altura\u201d, acrescentou Jorge Saleiro, que \u00e9 tamb\u00e9m diretor do Agrupamento de Escolas de Barcelos.<br><\/p>\n\n\n\n<p>A opini\u00e3o de Jorge Saleiro foi partilhada por David Sousa, da Associa\u00e7\u00e3o Nacional de Diretores de Agrupamentos e Escolas P\u00fablicas (ANDAEP), que disse no parlamento ser \u201cnecess\u00e1rio e urgente come\u00e7ar j\u00e1 a preparar o pr\u00f3ximo ano letivo\u201d.<br><\/p>\n\n\n\n<p>David Sousa alertou que \u201cas turmas e as aulas n\u00e3o v\u00e3o poder funcionar nos mesmos moldes de antes\u201d e existem muitos outros assuntos que precisam de orienta\u00e7\u00f5es, sendo por isso &#8220;necess\u00e1rio come\u00e7ar a definir algumas linhas gerais\u201d.<br><\/p>\n\n\n\n<p>Saber quando come\u00e7a o pr\u00f3ximo ano letivo, qual a dimens\u00e3o das turmas ou se os bares e refeit\u00f3rios estar\u00e3o abertos foram algumas das perguntas ainda sem resposta, lembradas por Jos\u00e9 Eduardo Lemos, presidente do Conselho das Escolas (CE).<br><\/p>\n\n\n\n<p>Eduardo Lemos deixou no ar outras d\u00favidas, tais como saber de que forma ser\u00e1 recuperada a mat\u00e9ria que os alunos n\u00e3o conseguiram aprender este ano devido \u00e0 implementa\u00e7\u00e3o\u00a0repentina\u00a0das\u00a0aulas \u00e0 dist\u00e2ncia e aos in\u00fameros casos de estudantes sem acesso \u00e0 internet ou sem equipamentos que lhes permita seguir as aulas.<br><\/p>\n\n\n\n<p>\u201cConv\u00eam olhar para os problemas que poderemos vir a ter num futuro muito pr\u00f3ximo, j\u00e1 em setembro\u201d, defendeu o\u00a0presidente do CE.<br><\/p>\n\n\n\n<p>Olhar para as falhas que surgiram este ano letivo foi tamb\u00e9m um dos caminhos apontados por Carlos Louro, diretor do Agrupamento de Escolas de Ponte da Barca e da dire\u00e7\u00e3o da ANDE.<br><\/p>\n\n\n\n<p>Carlos Louro considerou que, agora, \u00e9 preciso \u201cavaliar todas as situa\u00e7\u00f5es menos bem resolvidas para fazer melhor\u201d e \u201cpreparar o pr\u00f3ximo ano letivo\u201d, cuidando de todos os envolvidos &#8211; alunos, professores, funcion\u00e1rios e fam\u00edlias.<br><\/p>\n\n\n\n<p>Durante a audi\u00e7\u00e3o, o diretor escolar David Sousa lembrou algumas das consequ\u00eancias da mudan\u00e7a repentina do ensino presencial para o ensino \u00e0 dist\u00e2ncia, imposto pelo Governo para tentar conter a dissemina\u00e7\u00e3o da pandemia de covid-19:\u00a0\u201cO que estamos a fazer agora n\u00e3o \u00e9 ensino \u00e0 dist\u00e2ncia, mas sim ensino de emerg\u00eancia\u201d, alertou.<br><\/p>\n\n\n\n<p>No entanto, David Sousa disse acreditar que ser\u00e1 poss\u00edvel \u201cpassar de um ensino de emerg\u00eancia para um ensino \u00e0 dist\u00e2ncia devidamente planeado, que v\u00e1 complementar o ensino presencial\u201d.<br><\/p>\n\n\n\n<p>Tamb\u00e9m Jorge Gon\u00e7alves, da Confedera\u00e7\u00e3o\u00a0Nacional das\u00a0Associa\u00e7\u00f5es\u00a0de Pais (Confap), defendeu que\u00a0&#8220;est\u00e1 na altura de fazer um levantamento\u00a0eficaz do que \u00e9 necess\u00e1rio para setembro&#8221;.\u00a0<br><\/p>\n\n\n\n<p>\u200b\u200b\u200b\u200b\u200b\u200b\u200bPortugal contabiliza 1.289 mortos associados \u00e0 covid-19 em 30.200 casos confirmados de infe\u00e7\u00e3o, segundo o \u00faltimo boletim di\u00e1rio da Dire\u00e7\u00e3o-Geral da Sa\u00fade (DGS) sobre a pandemia\u200b\u200b\u200b\u200b\u200b\u200b\u200b.<\/p>\n","protected":false},"excerpt":{"rendered":"<p>V\u00e1rios diretores escolares alertaram no parlamento que \u00e9 \u201curgente\u201d ter orienta\u00e7\u00f5es do Minist\u00e9rio da Educa\u00e7\u00e3o para organizar o pr\u00f3ximo ano letivo, considerando que \u201ccome\u00e7a a ficar tarde\u201d. A pouco mais de um m\u00eas do fim do terceiro per\u00edodo de aulas, marcadas pela pandemia de covid-19, alguns diretores escolares admitiram que os alunos possam vir a [&hellip;]<\/p>\n","protected":false},"author":16,"featured_media":46887,"comment_status":"closed","ping_status":"closed","sticky":false,"template":"","format":"standard","meta":{"_exactmetrics_skip_tracking":false,"_exactmetrics_sitenote_active":false,"_exactmetrics_sitenote_note":"","_exactmetrics_sitenote_category":0,"footnotes":""},"categories":[73],"tags":[22,27],"class_list":["post-46886","post","type-post","status-publish","format-standard","has-post-thumbnail","hentry","category-alto-minho","tag-educacao","tag-sociedade"],"yoast_head":"<!-- This site is optimized with the Yoast SEO Premium plugin v27.4 (Yoast SEO v27.4) - https:\/\/yoast.com\/product\/yoast-seo-premium-wordpress\/ -->\n<title>Diretores alertam que \u00e9 preciso come\u00e7ar a preparar pr\u00f3ximo ano letivo<\/title>\n<meta name=\"robots\" content=\"index, follow, max-snippet:-1, max-image-preview:large, max-video-preview:-1\" \/>\n<link rel=\"canonical\" href=\"https:\/\/www.altominho.tv\/site\/2020\/05\/23\/diretores-alertam-que-e-preciso-comecar-a-preparar-proximo-ano-letivo\/\" \/>\n<meta property=\"og:locale\" content=\"pt_PT\" \/>\n<meta property=\"og:type\" content=\"article\" \/>\n<meta property=\"og:title\" content=\"Diretores alertam que \u00e9 preciso come\u00e7ar a preparar pr\u00f3ximo ano letivo\" \/>\n<meta property=\"og:description\" content=\"V\u00e1rios diretores escolares alertaram no parlamento que \u00e9 \u201curgente\u201d ter orienta\u00e7\u00f5es do Minist\u00e9rio da Educa\u00e7\u00e3o para organizar o pr\u00f3ximo ano letivo, considerando que \u201ccome\u00e7a a ficar tarde\u201d. A pouco mais de um m\u00eas do fim do terceiro per\u00edodo de aulas, marcadas pela pandemia de covid-19, alguns diretores escolares admitiram que os alunos possam vir a [&hellip;]\" \/>\n<meta property=\"og:url\" content=\"https:\/\/www.altominho.tv\/site\/2020\/05\/23\/diretores-alertam-que-e-preciso-comecar-a-preparar-proximo-ano-letivo\/\" \/>\n<meta property=\"og:site_name\" content=\"Altominho.tv\" \/>\n<meta property=\"article:publisher\" content=\"https:\/\/www.facebook.com\/altominhotv\" \/>\n<meta property=\"article:published_time\" content=\"2020-05-23T08:15:05+00:00\" \/>\n<meta property=\"article:modified_time\" content=\"2020-05-23T08:15:09+00:00\" \/>\n<meta property=\"og:image\" content=\"https:\/\/www.altominho.tv\/site\/wp-content\/uploads\/2020\/05\/tiagobr.jpg\" \/>\n\t<meta property=\"og:image:width\" content=\"1000\" \/>\n\t<meta property=\"og:image:height\" content=\"579\" \/>\n\t<meta property=\"og:image:type\" content=\"image\/jpeg\" \/>\n<meta name=\"author\" content=\"Andreia Cunha | Lusa\" \/>\n<meta name=\"twitter:card\" content=\"summary_large_image\" \/>\n<meta name=\"twitter:creator\" content=\"@altominhoTV\" \/>\n<meta name=\"twitter:site\" content=\"@altominhoTV\" \/>\n<meta name=\"twitter:label1\" content=\"Escrito por\" \/>\n\t<meta name=\"twitter:data1\" content=\"Andreia Cunha | Lusa\" \/>\n\t<meta name=\"twitter:label2\" content=\"Tempo estimado de leitura\" \/>\n\t<meta name=\"twitter:data2\" content=\"3 minutos\" \/>\n<script type=\"application\/ld+json\" class=\"yoast-schema-graph\">{\"@context\":\"https:\\\/\\\/schema.org\",\"@graph\":[{\"@type\":\"Article\",\"@id\":\"https:\\\/\\\/www.altominho.tv\\\/site\\\/2020\\\/05\\\/23\\\/diretores-alertam-que-e-preciso-comecar-a-preparar-proximo-ano-letivo\\\/#article\",\"isPartOf\":{\"@id\":\"https:\\\/\\\/www.altominho.tv\\\/site\\\/2020\\\/05\\\/23\\\/diretores-alertam-que-e-preciso-comecar-a-preparar-proximo-ano-letivo\\\/\"},\"author\":{\"name\":\"Andreia Cunha | Lusa\",\"@id\":\"https:\\\/\\\/www.altominho.tv\\\/site\\\/#\\\/schema\\\/person\\\/dbaf181c01b51ff40c9f461a905d321e\"},\"headline\":\"Diretores alertam que \u00e9 preciso come\u00e7ar a preparar pr\u00f3ximo ano letivo\",\"datePublished\":\"2020-05-23T08:15:05+00:00\",\"dateModified\":\"2020-05-23T08:15:09+00:00\",\"mainEntityOfPage\":{\"@id\":\"https:\\\/\\\/www.altominho.tv\\\/site\\\/2020\\\/05\\\/23\\\/diretores-alertam-que-e-preciso-comecar-a-preparar-proximo-ano-letivo\\\/\"},\"wordCount\":674,\"image\":{\"@id\":\"https:\\\/\\\/www.altominho.tv\\\/site\\\/2020\\\/05\\\/23\\\/diretores-alertam-que-e-preciso-comecar-a-preparar-proximo-ano-letivo\\\/#primaryimage\"},\"thumbnailUrl\":\"https:\\\/\\\/www.altominho.tv\\\/site\\\/wp-content\\\/uploads\\\/2020\\\/05\\\/tiagobr.jpg\",\"keywords\":[\"Educa\u00e7\u00e3o\",\"Sociedade\"],\"articleSection\":[\"Alto Minho\"],\"inLanguage\":\"pt-PT\",\"copyrightYear\":\"2020\",\"copyrightHolder\":{\"@id\":\"https:\\\/\\\/www.altominho.tv\\\/site\\\/#organization\"}},{\"@type\":\"WebPage\",\"@id\":\"https:\\\/\\\/www.altominho.tv\\\/site\\\/2020\\\/05\\\/23\\\/diretores-alertam-que-e-preciso-comecar-a-preparar-proximo-ano-letivo\\\/\",\"url\":\"https:\\\/\\\/www.altominho.tv\\\/site\\\/2020\\\/05\\\/23\\\/diretores-alertam-que-e-preciso-comecar-a-preparar-proximo-ano-letivo\\\/\",\"name\":\"Diretores alertam que \u00e9 preciso come\u00e7ar a preparar pr\u00f3ximo ano letivo\",\"isPartOf\":{\"@id\":\"https:\\\/\\\/www.altominho.tv\\\/site\\\/#website\"},\"primaryImageOfPage\":{\"@id\":\"https:\\\/\\\/www.altominho.tv\\\/site\\\/2020\\\/05\\\/23\\\/diretores-alertam-que-e-preciso-comecar-a-preparar-proximo-ano-letivo\\\/#primaryimage\"},\"image\":{\"@id\":\"https:\\\/\\\/www.altominho.tv\\\/site\\\/2020\\\/05\\\/23\\\/diretores-alertam-que-e-preciso-comecar-a-preparar-proximo-ano-letivo\\\/#primaryimage\"},\"thumbnailUrl\":\"https:\\\/\\\/www.altominho.tv\\\/site\\\/wp-content\\\/uploads\\\/2020\\\/05\\\/tiagobr.jpg\",\"datePublished\":\"2020-05-23T08:15:05+00:00\",\"dateModified\":\"2020-05-23T08:15:09+00:00\",\"author\":{\"@id\":\"https:\\\/\\\/www.altominho.tv\\\/site\\\/#\\\/schema\\\/person\\\/dbaf181c01b51ff40c9f461a905d321e\"},\"breadcrumb\":{\"@id\":\"https:\\\/\\\/www.altominho.tv\\\/site\\\/2020\\\/05\\\/23\\\/diretores-alertam-que-e-preciso-comecar-a-preparar-proximo-ano-letivo\\\/#breadcrumb\"},\"inLanguage\":\"pt-PT\",\"potentialAction\":[{\"@type\":\"ReadAction\",\"target\":[\"https:\\\/\\\/www.altominho.tv\\\/site\\\/2020\\\/05\\\/23\\\/diretores-alertam-que-e-preciso-comecar-a-preparar-proximo-ano-letivo\\\/\"]}]},{\"@type\":\"ImageObject\",\"inLanguage\":\"pt-PT\",\"@id\":\"https:\\\/\\\/www.altominho.tv\\\/site\\\/2020\\\/05\\\/23\\\/diretores-alertam-que-e-preciso-comecar-a-preparar-proximo-ano-letivo\\\/#primaryimage\",\"url\":\"https:\\\/\\\/www.altominho.tv\\\/site\\\/wp-content\\\/uploads\\\/2020\\\/05\\\/tiagobr.jpg\",\"contentUrl\":\"https:\\\/\\\/www.altominho.tv\\\/site\\\/wp-content\\\/uploads\\\/2020\\\/05\\\/tiagobr.jpg\",\"width\":1000,\"height\":579},{\"@type\":\"BreadcrumbList\",\"@id\":\"https:\\\/\\\/www.altominho.tv\\\/site\\\/2020\\\/05\\\/23\\\/diretores-alertam-que-e-preciso-comecar-a-preparar-proximo-ano-letivo\\\/#breadcrumb\",\"itemListElement\":[{\"@type\":\"ListItem\",\"position\":1,\"name\":\"In\u00edcio\",\"item\":\"https:\\\/\\\/www.altominho.tv\\\/site\\\/\"},{\"@type\":\"ListItem\",\"position\":2,\"name\":\"Diretores alertam que \u00e9 preciso come\u00e7ar a preparar pr\u00f3ximo ano letivo\"}]},{\"@type\":\"WebSite\",\"@id\":\"https:\\\/\\\/www.altominho.tv\\\/site\\\/#website\",\"url\":\"https:\\\/\\\/www.altominho.tv\\\/site\\\/\",\"name\":\"Altominho.tv\",\"description\":\"A sua regi\u00e3o \u00e0 dist\u00e2ncia de um clique...\",\"potentialAction\":[{\"@type\":\"SearchAction\",\"target\":{\"@type\":\"EntryPoint\",\"urlTemplate\":\"https:\\\/\\\/www.altominho.tv\\\/site\\\/?s={search_term_string}\"},\"query-input\":{\"@type\":\"PropertyValueSpecification\",\"valueRequired\":true,\"valueName\":\"search_term_string\"}}],\"inLanguage\":\"pt-PT\"},{\"@type\":\"Person\",\"@id\":\"https:\\\/\\\/www.altominho.tv\\\/site\\\/#\\\/schema\\\/person\\\/dbaf181c01b51ff40c9f461a905d321e\",\"name\":\"Andreia Cunha | Lusa\",\"image\":{\"@type\":\"ImageObject\",\"inLanguage\":\"pt-PT\",\"@id\":\"https:\\\/\\\/www.altominho.tv\\\/site\\\/wp-content\\\/uploads\\\/2017\\\/11\\\/Andreia_Cunha-1-150x150.jpg\",\"url\":\"https:\\\/\\\/www.altominho.tv\\\/site\\\/wp-content\\\/uploads\\\/2017\\\/11\\\/Andreia_Cunha-1-150x150.jpg\",\"contentUrl\":\"https:\\\/\\\/www.altominho.tv\\\/site\\\/wp-content\\\/uploads\\\/2017\\\/11\\\/Andreia_Cunha-1-150x150.jpg\",\"caption\":\"Andreia Cunha | Lusa\"},\"sameAs\":[\"https:\\\/\\\/www.altominho.tv\\\/site\"],\"url\":\"https:\\\/\\\/www.altominho.tv\\\/site\\\/author\\\/andreiacunhalusa\\\/\"}]}<\/script>\n<!-- \/ Yoast SEO Premium plugin. -->","yoast_head_json":{"title":"Diretores alertam que \u00e9 preciso come\u00e7ar a preparar pr\u00f3ximo ano letivo","robots":{"index":"index","follow":"follow","max-snippet":"max-snippet:-1","max-image-preview":"max-image-preview:large","max-video-preview":"max-video-preview:-1"},"canonical":"https:\/\/www.altominho.tv\/site\/2020\/05\/23\/diretores-alertam-que-e-preciso-comecar-a-preparar-proximo-ano-letivo\/","og_locale":"pt_PT","og_type":"article","og_title":"Diretores alertam que \u00e9 preciso come\u00e7ar a preparar pr\u00f3ximo ano letivo","og_description":"V\u00e1rios diretores escolares alertaram no parlamento que \u00e9 \u201curgente\u201d ter orienta\u00e7\u00f5es do Minist\u00e9rio da Educa\u00e7\u00e3o para organizar o pr\u00f3ximo ano letivo, considerando que \u201ccome\u00e7a a ficar tarde\u201d. A pouco mais de um m\u00eas do fim do terceiro per\u00edodo de aulas, marcadas pela pandemia de covid-19, alguns diretores escolares admitiram que os alunos possam vir a [&hellip;]","og_url":"https:\/\/www.altominho.tv\/site\/2020\/05\/23\/diretores-alertam-que-e-preciso-comecar-a-preparar-proximo-ano-letivo\/","og_site_name":"Altominho.tv","article_publisher":"https:\/\/www.facebook.com\/altominhotv","article_published_time":"2020-05-23T08:15:05+00:00","article_modified_time":"2020-05-23T08:15:09+00:00","og_image":[{"width":1000,"height":579,"url":"https:\/\/www.altominho.tv\/site\/wp-content\/uploads\/2020\/05\/tiagobr.jpg","type":"image\/jpeg"}],"author":"Andreia Cunha | Lusa","twitter_card":"summary_large_image","twitter_creator":"@altominhoTV","twitter_site":"@altominhoTV","twitter_misc":{"Escrito por":"Andreia Cunha | Lusa","Tempo estimado de leitura":"3 minutos"},"schema":{"@context":"https:\/\/schema.org","@graph":[{"@type":"Article","@id":"https:\/\/www.altominho.tv\/site\/2020\/05\/23\/diretores-alertam-que-e-preciso-comecar-a-preparar-proximo-ano-letivo\/#article","isPartOf":{"@id":"https:\/\/www.altominho.tv\/site\/2020\/05\/23\/diretores-alertam-que-e-preciso-comecar-a-preparar-proximo-ano-letivo\/"},"author":{"name":"Andreia Cunha | Lusa","@id":"https:\/\/www.altominho.tv\/site\/#\/schema\/person\/dbaf181c01b51ff40c9f461a905d321e"},"headline":"Diretores alertam que \u00e9 preciso come\u00e7ar a preparar pr\u00f3ximo ano letivo","datePublished":"2020-05-23T08:15:05+00:00","dateModified":"2020-05-23T08:15:09+00:00","mainEntityOfPage":{"@id":"https:\/\/www.altominho.tv\/site\/2020\/05\/23\/diretores-alertam-que-e-preciso-comecar-a-preparar-proximo-ano-letivo\/"},"wordCount":674,"image":{"@id":"https:\/\/www.altominho.tv\/site\/2020\/05\/23\/diretores-alertam-que-e-preciso-comecar-a-preparar-proximo-ano-letivo\/#primaryimage"},"thumbnailUrl":"https:\/\/www.altominho.tv\/site\/wp-content\/uploads\/2020\/05\/tiagobr.jpg","keywords":["Educa\u00e7\u00e3o","Sociedade"],"articleSection":["Alto Minho"],"inLanguage":"pt-PT","copyrightYear":"2020","copyrightHolder":{"@id":"https:\/\/www.altominho.tv\/site\/#organization"}},{"@type":"WebPage","@id":"https:\/\/www.altominho.tv\/site\/2020\/05\/23\/diretores-alertam-que-e-preciso-comecar-a-preparar-proximo-ano-letivo\/","url":"https:\/\/www.altominho.tv\/site\/2020\/05\/23\/diretores-alertam-que-e-preciso-comecar-a-preparar-proximo-ano-letivo\/","name":"Diretores alertam que \u00e9 preciso come\u00e7ar a preparar pr\u00f3ximo ano letivo","isPartOf":{"@id":"https:\/\/www.altominho.tv\/site\/#website"},"primaryImageOfPage":{"@id":"https:\/\/www.altominho.tv\/site\/2020\/05\/23\/diretores-alertam-que-e-preciso-comecar-a-preparar-proximo-ano-letivo\/#primaryimage"},"image":{"@id":"https:\/\/www.altominho.tv\/site\/2020\/05\/23\/diretores-alertam-que-e-preciso-comecar-a-preparar-proximo-ano-letivo\/#primaryimage"},"thumbnailUrl":"https:\/\/www.altominho.tv\/site\/wp-content\/uploads\/2020\/05\/tiagobr.jpg","datePublished":"2020-05-23T08:15:05+00:00","dateModified":"2020-05-23T08:15:09+00:00","author":{"@id":"https:\/\/www.altominho.tv\/site\/#\/schema\/person\/dbaf181c01b51ff40c9f461a905d321e"},"breadcrumb":{"@id":"https:\/\/www.altominho.tv\/site\/2020\/05\/23\/diretores-alertam-que-e-preciso-comecar-a-preparar-proximo-ano-letivo\/#breadcrumb"},"inLanguage":"pt-PT","potentialAction":[{"@type":"ReadAction","target":["https:\/\/www.altominho.tv\/site\/2020\/05\/23\/diretores-alertam-que-e-preciso-comecar-a-preparar-proximo-ano-letivo\/"]}]},{"@type":"ImageObject","inLanguage":"pt-PT","@id":"https:\/\/www.altominho.tv\/site\/2020\/05\/23\/diretores-alertam-que-e-preciso-comecar-a-preparar-proximo-ano-letivo\/#primaryimage","url":"https:\/\/www.altominho.tv\/site\/wp-content\/uploads\/2020\/05\/tiagobr.jpg","contentUrl":"https:\/\/www.altominho.tv\/site\/wp-content\/uploads\/2020\/05\/tiagobr.jpg","width":1000,"height":579},{"@type":"BreadcrumbList","@id":"https:\/\/www.altominho.tv\/site\/2020\/05\/23\/diretores-alertam-que-e-preciso-comecar-a-preparar-proximo-ano-letivo\/#breadcrumb","itemListElement":[{"@type":"ListItem","position":1,"name":"In\u00edcio","item":"https:\/\/www.altominho.tv\/site\/"},{"@type":"ListItem","position":2,"name":"Diretores alertam que \u00e9 preciso come\u00e7ar a preparar pr\u00f3ximo ano letivo"}]},{"@type":"WebSite","@id":"https:\/\/www.altominho.tv\/site\/#website","url":"https:\/\/www.altominho.tv\/site\/","name":"Altominho.tv","description":"A sua regi\u00e3o \u00e0 dist\u00e2ncia de um clique...","potentialAction":[{"@type":"SearchAction","target":{"@type":"EntryPoint","urlTemplate":"https:\/\/www.altominho.tv\/site\/?s={search_term_string}"},"query-input":{"@type":"PropertyValueSpecification","valueRequired":true,"valueName":"search_term_string"}}],"inLanguage":"pt-PT"},{"@type":"Person","@id":"https:\/\/www.altominho.tv\/site\/#\/schema\/person\/dbaf181c01b51ff40c9f461a905d321e","name":"Andreia Cunha | Lusa","image":{"@type":"ImageObject","inLanguage":"pt-PT","@id":"https:\/\/www.altominho.tv\/site\/wp-content\/uploads\/2017\/11\/Andreia_Cunha-1-150x150.jpg","url":"https:\/\/www.altominho.tv\/site\/wp-content\/uploads\/2017\/11\/Andreia_Cunha-1-150x150.jpg","contentUrl":"https:\/\/www.altominho.tv\/site\/wp-content\/uploads\/2017\/11\/Andreia_Cunha-1-150x150.jpg","caption":"Andreia Cunha | Lusa"},"sameAs":["https:\/\/www.altominho.tv\/site"],"url":"https:\/\/www.altominho.tv\/site\/author\/andreiacunhalusa\/"}]}},"_links":{"self":[{"href":"https:\/\/www.altominho.tv\/site\/wp-json\/wp\/v2\/posts\/46886","targetHints":{"allow":["GET"]}}],"collection":[{"href":"https:\/\/www.altominho.tv\/site\/wp-json\/wp\/v2\/posts"}],"about":[{"href":"https:\/\/www.altominho.tv\/site\/wp-json\/wp\/v2\/types\/post"}],"author":[{"embeddable":true,"href":"https:\/\/www.altominho.tv\/site\/wp-json\/wp\/v2\/users\/16"}],"replies":[{"embeddable":true,"href":"https:\/\/www.altominho.tv\/site\/wp-json\/wp\/v2\/comments?post=46886"}],"version-history":[{"count":0,"href":"https:\/\/www.altominho.tv\/site\/wp-json\/wp\/v2\/posts\/46886\/revisions"}],"wp:featuredmedia":[{"embeddable":true,"href":"https:\/\/www.altominho.tv\/site\/wp-json\/wp\/v2\/media\/46887"}],"wp:attachment":[{"href":"https:\/\/www.altominho.tv\/site\/wp-json\/wp\/v2\/media?parent=46886"}],"wp:term":[{"taxonomy":"category","embeddable":true,"href":"https:\/\/www.altominho.tv\/site\/wp-json\/wp\/v2\/categories?post=46886"},{"taxonomy":"post_tag","embeddable":true,"href":"https:\/\/www.altominho.tv\/site\/wp-json\/wp\/v2\/tags?post=46886"}],"curies":[{"name":"wp","href":"https:\/\/api.w.org\/{rel}","templated":true}]}}