{"id":46883,"date":"2020-05-23T09:03:21","date_gmt":"2020-05-23T08:03:21","guid":{"rendered":"http:\/\/www.altominho.tv\/site\/?p=46883"},"modified":"2020-05-23T09:03:25","modified_gmt":"2020-05-23T08:03:25","slug":"espacos-desportivos-da-autarquia-dotados-de-desfibrilhadores","status":"publish","type":"post","link":"https:\/\/www.altominho.tv\/site\/2020\/05\/23\/espacos-desportivos-da-autarquia-dotados-de-desfibrilhadores\/","title":{"rendered":"Espa\u00e7os desportivos da autarquia dotados de desfibrilhadores"},"content":{"rendered":"\n<p>Os espa\u00e7os desportivos municipais em Vila Nova de Cerveira, v\u00e3o passar a estar dotados de desfibrilhadores.<\/p>\n\n\n\n<p>A C\u00e2mara Municipal de Vila Nova de Cerveira vai dotar, com tr\u00eas aparelhos DAE (Desfibrilhadores Autom\u00e1ticos Externos), as instala\u00e7\u00f5es do Clube Desportivo de Cerveira, da Associa\u00e7\u00e3o Desportiva de Campos e da Associa\u00e7\u00e3o Desportiva e Cultural da Juventude de Vila Nova de Cerveira. <\/p>\n\n\n\n<p>A verba de 1.200 euros j\u00e1 foi atribu\u00edda para instalar o primeiro dispositivo na Associa\u00e7\u00e3o Desportiva de Campos, &#8220;devido \u00e0 necessidade urgente de certifica\u00e7\u00e3o das instala\u00e7\u00f5es que utilizam&#8221;.<\/p>\n\n\n\n<p>Com esta a\u00e7\u00e3o, &#8220;o objetivo \u00e9 dotar os espa\u00e7os desportivos do concelho com este tipo de equipamento que permite prestar uma assist\u00eancia pr\u00e9-hospitalar a casos de paragem cardiorrespirat\u00f3ria em locais com elevados n\u00edveis de assist\u00eancia de p\u00fablico e de praticantes desportivos, como o s\u00e3o os est\u00e1dios de futebol ou a pr\u00e1tica de remo&#8221;.<\/p>\n\n\n\n<p>A implementa\u00e7\u00e3o destes tr\u00eas dispositivos DAE representa um investimento do Munic\u00edpio na ordem dos 3.600 euros, &#8220;dando uma resposta fundamental at\u00e9 aqui inexistente, contribuindo para o aumento da seguran\u00e7a e qualidade dos servi\u00e7os prestados&#8221;.<\/p>\n\n\n\n<p>A paragem cardiorrespirat\u00f3ria de origem card\u00edaca \u00e9 a principal causa de mortalidade nos pa\u00edses desenvolvidos, acontecendo quase sempre fora do meio hospitalar. <\/p>\n\n\n\n<p>A experi\u00eancia internacional demonstra que, em ambiente extra hospitalar, a utiliza\u00e7\u00e3o de desfibrilhadores autom\u00e1ticos externos por pessoal n\u00e3o m\u00e9dico aumenta significativamente a probabilidade de sobreviv\u00eancia das v\u00edtimas.<\/p>\n","protected":false},"excerpt":{"rendered":"<p>Os espa\u00e7os desportivos municipais em Vila Nova de Cerveira, v\u00e3o passar a estar dotados de desfibrilhadores. A C\u00e2mara Municipal de Vila Nova de Cerveira vai dotar, com tr\u00eas aparelhos DAE (Desfibrilhadores Autom\u00e1ticos Externos), as instala\u00e7\u00f5es do Clube Desportivo de Cerveira, da Associa\u00e7\u00e3o Desportiva de Campos e da Associa\u00e7\u00e3o Desportiva e Cultural da Juventude de Vila [&hellip;]<\/p>\n","protected":false},"author":7,"featured_media":46884,"comment_status":"closed","ping_status":"closed","sticky":false,"template":"","format":"standard","meta":{"_exactmetrics_skip_tracking":false,"_exactmetrics_sitenote_active":false,"_exactmetrics_sitenote_note":"","_exactmetrics_sitenote_category":0,"footnotes":""},"categories":[15],"tags":[20,26],"class_list":["post-46883","post","type-post","status-publish","format-standard","has-post-thumbnail","hentry","category-vila-nova-de-cerveira","tag-desporto","tag-saude"],"yoast_head":"<!-- This site is optimized with the Yoast SEO Premium plugin v27.4 (Yoast SEO v27.4) - https:\/\/yoast.com\/product\/yoast-seo-premium-wordpress\/ -->\n<title>Espa\u00e7os desportivos da autarquia dotados de desfibrilhadores<\/title>\n<meta name=\"robots\" content=\"index, follow, max-snippet:-1, max-image-preview:large, max-video-preview:-1\" \/>\n<link rel=\"canonical\" href=\"https:\/\/www.altominho.tv\/site\/2020\/05\/23\/espacos-desportivos-da-autarquia-dotados-de-desfibrilhadores\/\" \/>\n<meta property=\"og:locale\" content=\"pt_PT\" \/>\n<meta property=\"og:type\" content=\"article\" \/>\n<meta property=\"og:title\" content=\"Espa\u00e7os desportivos da autarquia dotados de desfibrilhadores\" \/>\n<meta property=\"og:description\" content=\"Os espa\u00e7os desportivos municipais em Vila Nova de Cerveira, v\u00e3o passar a estar dotados de desfibrilhadores. A C\u00e2mara Municipal de Vila Nova de Cerveira vai dotar, com tr\u00eas aparelhos DAE (Desfibrilhadores Autom\u00e1ticos Externos), as instala\u00e7\u00f5es do Clube Desportivo de Cerveira, da Associa\u00e7\u00e3o Desportiva de Campos e da Associa\u00e7\u00e3o Desportiva e Cultural da Juventude de Vila [&hellip;]\" \/>\n<meta property=\"og:url\" content=\"https:\/\/www.altominho.tv\/site\/2020\/05\/23\/espacos-desportivos-da-autarquia-dotados-de-desfibrilhadores\/\" \/>\n<meta property=\"og:site_name\" content=\"Altominho.tv\" \/>\n<meta property=\"article:publisher\" content=\"https:\/\/www.facebook.com\/altominhotv\" \/>\n<meta property=\"article:published_time\" content=\"2020-05-23T08:03:21+00:00\" \/>\n<meta property=\"article:modified_time\" content=\"2020-05-23T08:03:25+00:00\" \/>\n<meta property=\"og:image\" content=\"https:\/\/www.altominho.tv\/site\/wp-content\/uploads\/2020\/05\/Desfibrilhador-espa\u00e7os-desportivos-scaled.jpg\" \/>\n\t<meta property=\"og:image:width\" content=\"2560\" \/>\n\t<meta property=\"og:image:height\" content=\"1836\" \/>\n\t<meta property=\"og:image:type\" content=\"image\/jpeg\" \/>\n<meta name=\"author\" content=\"Andreia Cunha\" \/>\n<meta name=\"twitter:card\" content=\"summary_large_image\" \/>\n<meta name=\"twitter:creator\" content=\"@altominhoTV\" \/>\n<meta name=\"twitter:site\" content=\"@altominhoTV\" \/>\n<meta name=\"twitter:label1\" content=\"Escrito por\" \/>\n\t<meta name=\"twitter:data1\" content=\"Andreia Cunha\" \/>\n\t<meta name=\"twitter:label2\" content=\"Tempo estimado de leitura\" \/>\n\t<meta name=\"twitter:data2\" content=\"1 minuto\" \/>\n<script type=\"application\/ld+json\" class=\"yoast-schema-graph\">{\"@context\":\"https:\\\/\\\/schema.org\",\"@graph\":[{\"@type\":\"Article\",\"@id\":\"https:\\\/\\\/www.altominho.tv\\\/site\\\/2020\\\/05\\\/23\\\/espacos-desportivos-da-autarquia-dotados-de-desfibrilhadores\\\/#article\",\"isPartOf\":{\"@id\":\"https:\\\/\\\/www.altominho.tv\\\/site\\\/2020\\\/05\\\/23\\\/espacos-desportivos-da-autarquia-dotados-de-desfibrilhadores\\\/\"},\"author\":{\"name\":\"Andreia Cunha\",\"@id\":\"https:\\\/\\\/www.altominho.tv\\\/site\\\/#\\\/schema\\\/person\\\/a0e4ef6d041f98ca284393d8f1d97153\"},\"headline\":\"Espa\u00e7os desportivos da autarquia dotados de desfibrilhadores\",\"datePublished\":\"2020-05-23T08:03:21+00:00\",\"dateModified\":\"2020-05-23T08:03:25+00:00\",\"mainEntityOfPage\":{\"@id\":\"https:\\\/\\\/www.altominho.tv\\\/site\\\/2020\\\/05\\\/23\\\/espacos-desportivos-da-autarquia-dotados-de-desfibrilhadores\\\/\"},\"wordCount\":263,\"image\":{\"@id\":\"https:\\\/\\\/www.altominho.tv\\\/site\\\/2020\\\/05\\\/23\\\/espacos-desportivos-da-autarquia-dotados-de-desfibrilhadores\\\/#primaryimage\"},\"thumbnailUrl\":\"https:\\\/\\\/www.altominho.tv\\\/site\\\/wp-content\\\/uploads\\\/2020\\\/05\\\/Desfibrilhador-espa\u00e7os-desportivos-scaled.jpg\",\"keywords\":[\"Desporto\",\"Sa\u00fade\"],\"articleSection\":[\"Vila Nova de Cerveira\"],\"inLanguage\":\"pt-PT\",\"copyrightYear\":\"2020\",\"copyrightHolder\":{\"@id\":\"https:\\\/\\\/www.altominho.tv\\\/site\\\/#organization\"}},{\"@type\":\"WebPage\",\"@id\":\"https:\\\/\\\/www.altominho.tv\\\/site\\\/2020\\\/05\\\/23\\\/espacos-desportivos-da-autarquia-dotados-de-desfibrilhadores\\\/\",\"url\":\"https:\\\/\\\/www.altominho.tv\\\/site\\\/2020\\\/05\\\/23\\\/espacos-desportivos-da-autarquia-dotados-de-desfibrilhadores\\\/\",\"name\":\"Espa\u00e7os desportivos da autarquia dotados de desfibrilhadores\",\"isPartOf\":{\"@id\":\"https:\\\/\\\/www.altominho.tv\\\/site\\\/#website\"},\"primaryImageOfPage\":{\"@id\":\"https:\\\/\\\/www.altominho.tv\\\/site\\\/2020\\\/05\\\/23\\\/espacos-desportivos-da-autarquia-dotados-de-desfibrilhadores\\\/#primaryimage\"},\"image\":{\"@id\":\"https:\\\/\\\/www.altominho.tv\\\/site\\\/2020\\\/05\\\/23\\\/espacos-desportivos-da-autarquia-dotados-de-desfibrilhadores\\\/#primaryimage\"},\"thumbnailUrl\":\"https:\\\/\\\/www.altominho.tv\\\/site\\\/wp-content\\\/uploads\\\/2020\\\/05\\\/Desfibrilhador-espa\u00e7os-desportivos-scaled.jpg\",\"datePublished\":\"2020-05-23T08:03:21+00:00\",\"dateModified\":\"2020-05-23T08:03:25+00:00\",\"author\":{\"@id\":\"https:\\\/\\\/www.altominho.tv\\\/site\\\/#\\\/schema\\\/person\\\/a0e4ef6d041f98ca284393d8f1d97153\"},\"breadcrumb\":{\"@id\":\"https:\\\/\\\/www.altominho.tv\\\/site\\\/2020\\\/05\\\/23\\\/espacos-desportivos-da-autarquia-dotados-de-desfibrilhadores\\\/#breadcrumb\"},\"inLanguage\":\"pt-PT\",\"potentialAction\":[{\"@type\":\"ReadAction\",\"target\":[\"https:\\\/\\\/www.altominho.tv\\\/site\\\/2020\\\/05\\\/23\\\/espacos-desportivos-da-autarquia-dotados-de-desfibrilhadores\\\/\"]}]},{\"@type\":\"ImageObject\",\"inLanguage\":\"pt-PT\",\"@id\":\"https:\\\/\\\/www.altominho.tv\\\/site\\\/2020\\\/05\\\/23\\\/espacos-desportivos-da-autarquia-dotados-de-desfibrilhadores\\\/#primaryimage\",\"url\":\"https:\\\/\\\/www.altominho.tv\\\/site\\\/wp-content\\\/uploads\\\/2020\\\/05\\\/Desfibrilhador-espa\u00e7os-desportivos-scaled.jpg\",\"contentUrl\":\"https:\\\/\\\/www.altominho.tv\\\/site\\\/wp-content\\\/uploads\\\/2020\\\/05\\\/Desfibrilhador-espa\u00e7os-desportivos-scaled.jpg\",\"width\":2560,\"height\":1836},{\"@type\":\"BreadcrumbList\",\"@id\":\"https:\\\/\\\/www.altominho.tv\\\/site\\\/2020\\\/05\\\/23\\\/espacos-desportivos-da-autarquia-dotados-de-desfibrilhadores\\\/#breadcrumb\",\"itemListElement\":[{\"@type\":\"ListItem\",\"position\":1,\"name\":\"In\u00edcio\",\"item\":\"https:\\\/\\\/www.altominho.tv\\\/site\\\/\"},{\"@type\":\"ListItem\",\"position\":2,\"name\":\"Espa\u00e7os desportivos da autarquia dotados de desfibrilhadores\"}]},{\"@type\":\"WebSite\",\"@id\":\"https:\\\/\\\/www.altominho.tv\\\/site\\\/#website\",\"url\":\"https:\\\/\\\/www.altominho.tv\\\/site\\\/\",\"name\":\"Altominho.tv\",\"description\":\"A sua regi\u00e3o \u00e0 dist\u00e2ncia de um clique...\",\"potentialAction\":[{\"@type\":\"SearchAction\",\"target\":{\"@type\":\"EntryPoint\",\"urlTemplate\":\"https:\\\/\\\/www.altominho.tv\\\/site\\\/?s={search_term_string}\"},\"query-input\":{\"@type\":\"PropertyValueSpecification\",\"valueRequired\":true,\"valueName\":\"search_term_string\"}}],\"inLanguage\":\"pt-PT\"},{\"@type\":\"Person\",\"@id\":\"https:\\\/\\\/www.altominho.tv\\\/site\\\/#\\\/schema\\\/person\\\/a0e4ef6d041f98ca284393d8f1d97153\",\"name\":\"Andreia Cunha\",\"image\":{\"@type\":\"ImageObject\",\"inLanguage\":\"pt-PT\",\"@id\":\"https:\\\/\\\/www.altominho.tv\\\/site\\\/wp-content\\\/uploads\\\/2017\\\/11\\\/Andreia_Cunha-1-150x150.jpg\",\"url\":\"https:\\\/\\\/www.altominho.tv\\\/site\\\/wp-content\\\/uploads\\\/2017\\\/11\\\/Andreia_Cunha-1-150x150.jpg\",\"contentUrl\":\"https:\\\/\\\/www.altominho.tv\\\/site\\\/wp-content\\\/uploads\\\/2017\\\/11\\\/Andreia_Cunha-1-150x150.jpg\",\"caption\":\"Andreia Cunha\"},\"url\":\"https:\\\/\\\/www.altominho.tv\\\/site\\\/author\\\/andreiacunha\\\/\"}]}<\/script>\n<!-- \/ Yoast SEO Premium plugin. -->","yoast_head_json":{"title":"Espa\u00e7os desportivos da autarquia dotados de desfibrilhadores","robots":{"index":"index","follow":"follow","max-snippet":"max-snippet:-1","max-image-preview":"max-image-preview:large","max-video-preview":"max-video-preview:-1"},"canonical":"https:\/\/www.altominho.tv\/site\/2020\/05\/23\/espacos-desportivos-da-autarquia-dotados-de-desfibrilhadores\/","og_locale":"pt_PT","og_type":"article","og_title":"Espa\u00e7os desportivos da autarquia dotados de desfibrilhadores","og_description":"Os espa\u00e7os desportivos municipais em Vila Nova de Cerveira, v\u00e3o passar a estar dotados de desfibrilhadores. A C\u00e2mara Municipal de Vila Nova de Cerveira vai dotar, com tr\u00eas aparelhos DAE (Desfibrilhadores Autom\u00e1ticos Externos), as instala\u00e7\u00f5es do Clube Desportivo de Cerveira, da Associa\u00e7\u00e3o Desportiva de Campos e da Associa\u00e7\u00e3o Desportiva e Cultural da Juventude de Vila [&hellip;]","og_url":"https:\/\/www.altominho.tv\/site\/2020\/05\/23\/espacos-desportivos-da-autarquia-dotados-de-desfibrilhadores\/","og_site_name":"Altominho.tv","article_publisher":"https:\/\/www.facebook.com\/altominhotv","article_published_time":"2020-05-23T08:03:21+00:00","article_modified_time":"2020-05-23T08:03:25+00:00","og_image":[{"width":2560,"height":1836,"url":"https:\/\/www.altominho.tv\/site\/wp-content\/uploads\/2020\/05\/Desfibrilhador-espa\u00e7os-desportivos-scaled.jpg","type":"image\/jpeg"}],"author":"Andreia Cunha","twitter_card":"summary_large_image","twitter_creator":"@altominhoTV","twitter_site":"@altominhoTV","twitter_misc":{"Escrito por":"Andreia Cunha","Tempo estimado de leitura":"1 minuto"},"schema":{"@context":"https:\/\/schema.org","@graph":[{"@type":"Article","@id":"https:\/\/www.altominho.tv\/site\/2020\/05\/23\/espacos-desportivos-da-autarquia-dotados-de-desfibrilhadores\/#article","isPartOf":{"@id":"https:\/\/www.altominho.tv\/site\/2020\/05\/23\/espacos-desportivos-da-autarquia-dotados-de-desfibrilhadores\/"},"author":{"name":"Andreia Cunha","@id":"https:\/\/www.altominho.tv\/site\/#\/schema\/person\/a0e4ef6d041f98ca284393d8f1d97153"},"headline":"Espa\u00e7os desportivos da autarquia dotados de desfibrilhadores","datePublished":"2020-05-23T08:03:21+00:00","dateModified":"2020-05-23T08:03:25+00:00","mainEntityOfPage":{"@id":"https:\/\/www.altominho.tv\/site\/2020\/05\/23\/espacos-desportivos-da-autarquia-dotados-de-desfibrilhadores\/"},"wordCount":263,"image":{"@id":"https:\/\/www.altominho.tv\/site\/2020\/05\/23\/espacos-desportivos-da-autarquia-dotados-de-desfibrilhadores\/#primaryimage"},"thumbnailUrl":"https:\/\/www.altominho.tv\/site\/wp-content\/uploads\/2020\/05\/Desfibrilhador-espa\u00e7os-desportivos-scaled.jpg","keywords":["Desporto","Sa\u00fade"],"articleSection":["Vila Nova de Cerveira"],"inLanguage":"pt-PT","copyrightYear":"2020","copyrightHolder":{"@id":"https:\/\/www.altominho.tv\/site\/#organization"}},{"@type":"WebPage","@id":"https:\/\/www.altominho.tv\/site\/2020\/05\/23\/espacos-desportivos-da-autarquia-dotados-de-desfibrilhadores\/","url":"https:\/\/www.altominho.tv\/site\/2020\/05\/23\/espacos-desportivos-da-autarquia-dotados-de-desfibrilhadores\/","name":"Espa\u00e7os desportivos da autarquia dotados de desfibrilhadores","isPartOf":{"@id":"https:\/\/www.altominho.tv\/site\/#website"},"primaryImageOfPage":{"@id":"https:\/\/www.altominho.tv\/site\/2020\/05\/23\/espacos-desportivos-da-autarquia-dotados-de-desfibrilhadores\/#primaryimage"},"image":{"@id":"https:\/\/www.altominho.tv\/site\/2020\/05\/23\/espacos-desportivos-da-autarquia-dotados-de-desfibrilhadores\/#primaryimage"},"thumbnailUrl":"https:\/\/www.altominho.tv\/site\/wp-content\/uploads\/2020\/05\/Desfibrilhador-espa\u00e7os-desportivos-scaled.jpg","datePublished":"2020-05-23T08:03:21+00:00","dateModified":"2020-05-23T08:03:25+00:00","author":{"@id":"https:\/\/www.altominho.tv\/site\/#\/schema\/person\/a0e4ef6d041f98ca284393d8f1d97153"},"breadcrumb":{"@id":"https:\/\/www.altominho.tv\/site\/2020\/05\/23\/espacos-desportivos-da-autarquia-dotados-de-desfibrilhadores\/#breadcrumb"},"inLanguage":"pt-PT","potentialAction":[{"@type":"ReadAction","target":["https:\/\/www.altominho.tv\/site\/2020\/05\/23\/espacos-desportivos-da-autarquia-dotados-de-desfibrilhadores\/"]}]},{"@type":"ImageObject","inLanguage":"pt-PT","@id":"https:\/\/www.altominho.tv\/site\/2020\/05\/23\/espacos-desportivos-da-autarquia-dotados-de-desfibrilhadores\/#primaryimage","url":"https:\/\/www.altominho.tv\/site\/wp-content\/uploads\/2020\/05\/Desfibrilhador-espa\u00e7os-desportivos-scaled.jpg","contentUrl":"https:\/\/www.altominho.tv\/site\/wp-content\/uploads\/2020\/05\/Desfibrilhador-espa\u00e7os-desportivos-scaled.jpg","width":2560,"height":1836},{"@type":"BreadcrumbList","@id":"https:\/\/www.altominho.tv\/site\/2020\/05\/23\/espacos-desportivos-da-autarquia-dotados-de-desfibrilhadores\/#breadcrumb","itemListElement":[{"@type":"ListItem","position":1,"name":"In\u00edcio","item":"https:\/\/www.altominho.tv\/site\/"},{"@type":"ListItem","position":2,"name":"Espa\u00e7os desportivos da autarquia dotados de desfibrilhadores"}]},{"@type":"WebSite","@id":"https:\/\/www.altominho.tv\/site\/#website","url":"https:\/\/www.altominho.tv\/site\/","name":"Altominho.tv","description":"A sua regi\u00e3o \u00e0 dist\u00e2ncia de um clique...","potentialAction":[{"@type":"SearchAction","target":{"@type":"EntryPoint","urlTemplate":"https:\/\/www.altominho.tv\/site\/?s={search_term_string}"},"query-input":{"@type":"PropertyValueSpecification","valueRequired":true,"valueName":"search_term_string"}}],"inLanguage":"pt-PT"},{"@type":"Person","@id":"https:\/\/www.altominho.tv\/site\/#\/schema\/person\/a0e4ef6d041f98ca284393d8f1d97153","name":"Andreia Cunha","image":{"@type":"ImageObject","inLanguage":"pt-PT","@id":"https:\/\/www.altominho.tv\/site\/wp-content\/uploads\/2017\/11\/Andreia_Cunha-1-150x150.jpg","url":"https:\/\/www.altominho.tv\/site\/wp-content\/uploads\/2017\/11\/Andreia_Cunha-1-150x150.jpg","contentUrl":"https:\/\/www.altominho.tv\/site\/wp-content\/uploads\/2017\/11\/Andreia_Cunha-1-150x150.jpg","caption":"Andreia Cunha"},"url":"https:\/\/www.altominho.tv\/site\/author\/andreiacunha\/"}]}},"_links":{"self":[{"href":"https:\/\/www.altominho.tv\/site\/wp-json\/wp\/v2\/posts\/46883","targetHints":{"allow":["GET"]}}],"collection":[{"href":"https:\/\/www.altominho.tv\/site\/wp-json\/wp\/v2\/posts"}],"about":[{"href":"https:\/\/www.altominho.tv\/site\/wp-json\/wp\/v2\/types\/post"}],"author":[{"embeddable":true,"href":"https:\/\/www.altominho.tv\/site\/wp-json\/wp\/v2\/users\/7"}],"replies":[{"embeddable":true,"href":"https:\/\/www.altominho.tv\/site\/wp-json\/wp\/v2\/comments?post=46883"}],"version-history":[{"count":0,"href":"https:\/\/www.altominho.tv\/site\/wp-json\/wp\/v2\/posts\/46883\/revisions"}],"wp:featuredmedia":[{"embeddable":true,"href":"https:\/\/www.altominho.tv\/site\/wp-json\/wp\/v2\/media\/46884"}],"wp:attachment":[{"href":"https:\/\/www.altominho.tv\/site\/wp-json\/wp\/v2\/media?parent=46883"}],"wp:term":[{"taxonomy":"category","embeddable":true,"href":"https:\/\/www.altominho.tv\/site\/wp-json\/wp\/v2\/categories?post=46883"},{"taxonomy":"post_tag","embeddable":true,"href":"https:\/\/www.altominho.tv\/site\/wp-json\/wp\/v2\/tags?post=46883"}],"curies":[{"name":"wp","href":"https:\/\/api.w.org\/{rel}","templated":true}]}}