{"id":46881,"date":"2020-05-23T08:45:06","date_gmt":"2020-05-23T07:45:06","guid":{"rendered":"http:\/\/www.altominho.tv\/site\/?p=46881"},"modified":"2020-05-23T08:45:10","modified_gmt":"2020-05-23T07:45:10","slug":"be-questiona-sobre-recurso-recorrente-a-trabalho-precario-na-aguas-do-alto-minho","status":"publish","type":"post","link":"https:\/\/www.altominho.tv\/site\/2020\/05\/23\/be-questiona-sobre-recurso-recorrente-a-trabalho-precario-na-aguas-do-alto-minho\/","title":{"rendered":"BE questiona sobre \u201crecurso recorrente\u201d a trabalho prec\u00e1rio na \u00c1guas do Alto Minho"},"content":{"rendered":"\n<p>O Bloco de Esquerda questionou o Governo sobre o recurso recorrente a trabalho prec\u00e1rio na \u00c1guas do Alto Minho (AdAM) para assegurar necessidades prementes da empresa criada por sete executivos municipais do PS, PSD e CDS-PP da regi\u00e3o.<br><\/p>\n\n\n\n<p>Numa pergunta a que a ag\u00eancia Lusa teve hoje acesso, o deputado Jos\u00e9 Soeiro explicou que a situa\u00e7\u00e3o foi denunciada pelo Sindicato dos Trabalhadores da Administra\u00e7\u00e3o Local (STAL) de Viana do Castelo, referindo que a &#8220;empresa celebrou a 12 de maio um contrato no valor de 468.836 euros com a EGOR Outsourcing &#8211; Presta\u00e7\u00e3o de Servi\u00e7os, Organiza\u00e7\u00e3o e Administra\u00e7\u00e3o Pessoal, Lda., para a contrata\u00e7\u00e3o de 13 funcion\u00e1rios para as oitos lojas de atendimento ao p\u00fablico&#8221;.<br><\/p>\n\n\n\n<p>A AdAM \u00e9 detida em 51% pela \u00c1guas de Portugal (AdP) e em 49% por sete munic\u00edpios do distrito de Viana do Castelo (Arcos de Valdevez (PSD), Caminha (PS), Paredes de Coura (PS), Ponte de Lima (CDS-PP), Valen\u00e7a (PSD), Viana do Castelo (PS) e Vila Nova de Cerveira (Movimento independente PenCe &#8211; Pensar Cerveira), que comp\u00f5em a Comunidade Intermunicipal (CIM) do Alto Minho.<br><\/p>\n\n\n\n<p>Tr\u00eas concelhos do distrito &#8211; Ponte da Barca (PSD), Mon\u00e7\u00e3o (PSD) e Melga\u00e7o (PS) &#8211; reprovaram a constitui\u00e7\u00e3o daquela parceria.<br><\/p>\n\n\n\n<p>A nova empresa come\u00e7ou a operar em janeiro, &#8220;dimensionada para fornecer mais de nove milh\u00f5es de metros c\u00fabicos de \u00e1gua pot\u00e1vel, por ano, a cerca de 107 mil clientes e para recolher e tratar mais de seis milh\u00f5es de metros c\u00fabicos de \u00e1gua residual, por ano, a cerca de 70 mil clientes&#8221;.<br><\/p>\n\n\n\n<p>Na pergunta enviada \u00e0 ministra do Trabalho, Solidariedade e Seguran\u00e7a Social, o BE adianta que, &#8220;em abril sete funcion\u00e1rios que, desde janeiro, asseguraram o atendimento das lojas come\u00e7aram a ser pressionados a assinar um novo contrato com a EGOR, e que caso n\u00e3o assinassem os seus contratos eram rescindidos&#8221;.<br><\/p>\n\n\n\n<p>&#8220;Segundo os trabalhadores o novo contrato representa uma perda de 20 euros l\u00edquidos mensais&#8221;, refor\u00e7a Jos\u00e9 Soeiro.<br><\/p>\n\n\n\n<p>O BE considera &#8220;inaceit\u00e1vel que a empresa AdAM celebre um contrato para o recrutamento de trabalhadores prec\u00e1rios para assegurar necessidades prementes da empresa. \u00c9 inadmiss\u00edvel que a empresa de \u00e1guas pressione os trabalhadores a assinarem um novo contrato com perdas salariais n\u00e3o salvaguardando os interesses dos trabalhadores&#8221;.<br><\/p>\n\n\n\n<p>O deputado do BE quer saber &#8220;se Minist\u00e9rio do Trabalho tem conhecimento desta situa\u00e7\u00e3o, se pretende intervir junto da administra\u00e7\u00e3o da AdAM, por forma a erradicar a precariedade, se considera reverter a constitui\u00e7\u00e3o da parceria que deu origem \u00e0 AdAM se est\u00e1 dispon\u00edvel para denunciar o contrato com a EGOR Outsoucing&#8221;.<br><\/p>\n\n\n\n<p>O BE adianta que &#8220;lan\u00e7ar\u00e1 na pr\u00f3xima semana uma campanha p\u00fablica em todos os concelhos abrangidos pela empresa para revers\u00e3o imediata deste processo que est\u00e1 a prejudicar as popula\u00e7\u00f5es&#8221;.<\/p>\n","protected":false},"excerpt":{"rendered":"<p>O Bloco de Esquerda questionou o Governo sobre o recurso recorrente a trabalho prec\u00e1rio na \u00c1guas do Alto Minho (AdAM) para assegurar necessidades prementes da empresa criada por sete executivos municipais do PS, PSD e CDS-PP da regi\u00e3o. Numa pergunta a que a ag\u00eancia Lusa teve hoje acesso, o deputado Jos\u00e9 Soeiro explicou que a [&hellip;]<\/p>\n","protected":false},"author":13,"featured_media":46685,"comment_status":"closed","ping_status":"closed","sticky":false,"template":"","format":"standard","meta":{"_exactmetrics_skip_tracking":false,"_exactmetrics_sitenote_active":false,"_exactmetrics_sitenote_note":"","_exactmetrics_sitenote_category":0,"footnotes":""},"categories":[73],"tags":[27],"class_list":["post-46881","post","type-post","status-publish","format-standard","has-post-thumbnail","hentry","category-alto-minho","tag-sociedade"],"yoast_head":"<!-- This site is optimized with the Yoast SEO Premium plugin v27.4 (Yoast SEO v27.4) - https:\/\/yoast.com\/product\/yoast-seo-premium-wordpress\/ -->\n<title>BE questiona sobre \u201crecurso recorrente\u201d a trabalho prec\u00e1rio na \u00c1guas do Alto Minho<\/title>\n<meta name=\"robots\" content=\"index, follow, max-snippet:-1, max-image-preview:large, max-video-preview:-1\" \/>\n<link rel=\"canonical\" href=\"https:\/\/www.altominho.tv\/site\/2020\/05\/23\/be-questiona-sobre-recurso-recorrente-a-trabalho-precario-na-aguas-do-alto-minho\/\" \/>\n<meta property=\"og:locale\" content=\"pt_PT\" \/>\n<meta property=\"og:type\" content=\"article\" \/>\n<meta property=\"og:title\" content=\"BE questiona sobre \u201crecurso recorrente\u201d a trabalho prec\u00e1rio na \u00c1guas do Alto Minho\" \/>\n<meta property=\"og:description\" content=\"O Bloco de Esquerda questionou o Governo sobre o recurso recorrente a trabalho prec\u00e1rio na \u00c1guas do Alto Minho (AdAM) para assegurar necessidades prementes da empresa criada por sete executivos municipais do PS, PSD e CDS-PP da regi\u00e3o. Numa pergunta a que a ag\u00eancia Lusa teve hoje acesso, o deputado Jos\u00e9 Soeiro explicou que a [&hellip;]\" \/>\n<meta property=\"og:url\" content=\"https:\/\/www.altominho.tv\/site\/2020\/05\/23\/be-questiona-sobre-recurso-recorrente-a-trabalho-precario-na-aguas-do-alto-minho\/\" \/>\n<meta property=\"og:site_name\" content=\"Altominho.tv\" \/>\n<meta property=\"article:publisher\" content=\"https:\/\/www.facebook.com\/altominhotv\" \/>\n<meta property=\"article:published_time\" content=\"2020-05-23T07:45:06+00:00\" \/>\n<meta property=\"article:modified_time\" content=\"2020-05-23T07:45:10+00:00\" \/>\n<meta property=\"og:image\" content=\"https:\/\/www.altominho.tv\/site\/wp-content\/uploads\/2020\/05\/aguasam-1.jpg\" \/>\n\t<meta property=\"og:image:width\" content=\"744\" \/>\n\t<meta property=\"og:image:height\" content=\"495\" \/>\n\t<meta property=\"og:image:type\" content=\"image\/jpeg\" \/>\n<meta name=\"author\" content=\"Lusa\" \/>\n<meta name=\"twitter:card\" content=\"summary_large_image\" \/>\n<meta name=\"twitter:creator\" content=\"@altominhoTV\" \/>\n<meta name=\"twitter:site\" content=\"@altominhoTV\" \/>\n<meta name=\"twitter:label1\" content=\"Escrito por\" \/>\n\t<meta name=\"twitter:data1\" content=\"Lusa\" \/>\n\t<meta name=\"twitter:label2\" content=\"Tempo estimado de leitura\" \/>\n\t<meta name=\"twitter:data2\" content=\"2 minutos\" \/>\n<script type=\"application\/ld+json\" class=\"yoast-schema-graph\">{\"@context\":\"https:\\\/\\\/schema.org\",\"@graph\":[{\"@type\":\"Article\",\"@id\":\"https:\\\/\\\/www.altominho.tv\\\/site\\\/2020\\\/05\\\/23\\\/be-questiona-sobre-recurso-recorrente-a-trabalho-precario-na-aguas-do-alto-minho\\\/#article\",\"isPartOf\":{\"@id\":\"https:\\\/\\\/www.altominho.tv\\\/site\\\/2020\\\/05\\\/23\\\/be-questiona-sobre-recurso-recorrente-a-trabalho-precario-na-aguas-do-alto-minho\\\/\"},\"author\":{\"name\":\"Lusa\",\"@id\":\"https:\\\/\\\/www.altominho.tv\\\/site\\\/#\\\/schema\\\/person\\\/63f693da3e1899361cbe955c46f3232e\"},\"headline\":\"BE questiona sobre \u201crecurso recorrente\u201d a trabalho prec\u00e1rio na \u00c1guas do Alto Minho\",\"datePublished\":\"2020-05-23T07:45:06+00:00\",\"dateModified\":\"2020-05-23T07:45:10+00:00\",\"mainEntityOfPage\":{\"@id\":\"https:\\\/\\\/www.altominho.tv\\\/site\\\/2020\\\/05\\\/23\\\/be-questiona-sobre-recurso-recorrente-a-trabalho-precario-na-aguas-do-alto-minho\\\/\"},\"wordCount\":488,\"image\":{\"@id\":\"https:\\\/\\\/www.altominho.tv\\\/site\\\/2020\\\/05\\\/23\\\/be-questiona-sobre-recurso-recorrente-a-trabalho-precario-na-aguas-do-alto-minho\\\/#primaryimage\"},\"thumbnailUrl\":\"https:\\\/\\\/www.altominho.tv\\\/site\\\/wp-content\\\/uploads\\\/2020\\\/05\\\/aguasam-1.jpg\",\"keywords\":[\"Sociedade\"],\"articleSection\":[\"Alto Minho\"],\"inLanguage\":\"pt-PT\",\"copyrightYear\":\"2020\",\"copyrightHolder\":{\"@id\":\"https:\\\/\\\/www.altominho.tv\\\/site\\\/#organization\"}},{\"@type\":\"WebPage\",\"@id\":\"https:\\\/\\\/www.altominho.tv\\\/site\\\/2020\\\/05\\\/23\\\/be-questiona-sobre-recurso-recorrente-a-trabalho-precario-na-aguas-do-alto-minho\\\/\",\"url\":\"https:\\\/\\\/www.altominho.tv\\\/site\\\/2020\\\/05\\\/23\\\/be-questiona-sobre-recurso-recorrente-a-trabalho-precario-na-aguas-do-alto-minho\\\/\",\"name\":\"BE questiona sobre \u201crecurso recorrente\u201d a trabalho prec\u00e1rio na \u00c1guas do Alto Minho\",\"isPartOf\":{\"@id\":\"https:\\\/\\\/www.altominho.tv\\\/site\\\/#website\"},\"primaryImageOfPage\":{\"@id\":\"https:\\\/\\\/www.altominho.tv\\\/site\\\/2020\\\/05\\\/23\\\/be-questiona-sobre-recurso-recorrente-a-trabalho-precario-na-aguas-do-alto-minho\\\/#primaryimage\"},\"image\":{\"@id\":\"https:\\\/\\\/www.altominho.tv\\\/site\\\/2020\\\/05\\\/23\\\/be-questiona-sobre-recurso-recorrente-a-trabalho-precario-na-aguas-do-alto-minho\\\/#primaryimage\"},\"thumbnailUrl\":\"https:\\\/\\\/www.altominho.tv\\\/site\\\/wp-content\\\/uploads\\\/2020\\\/05\\\/aguasam-1.jpg\",\"datePublished\":\"2020-05-23T07:45:06+00:00\",\"dateModified\":\"2020-05-23T07:45:10+00:00\",\"author\":{\"@id\":\"https:\\\/\\\/www.altominho.tv\\\/site\\\/#\\\/schema\\\/person\\\/63f693da3e1899361cbe955c46f3232e\"},\"breadcrumb\":{\"@id\":\"https:\\\/\\\/www.altominho.tv\\\/site\\\/2020\\\/05\\\/23\\\/be-questiona-sobre-recurso-recorrente-a-trabalho-precario-na-aguas-do-alto-minho\\\/#breadcrumb\"},\"inLanguage\":\"pt-PT\",\"potentialAction\":[{\"@type\":\"ReadAction\",\"target\":[\"https:\\\/\\\/www.altominho.tv\\\/site\\\/2020\\\/05\\\/23\\\/be-questiona-sobre-recurso-recorrente-a-trabalho-precario-na-aguas-do-alto-minho\\\/\"]}]},{\"@type\":\"ImageObject\",\"inLanguage\":\"pt-PT\",\"@id\":\"https:\\\/\\\/www.altominho.tv\\\/site\\\/2020\\\/05\\\/23\\\/be-questiona-sobre-recurso-recorrente-a-trabalho-precario-na-aguas-do-alto-minho\\\/#primaryimage\",\"url\":\"https:\\\/\\\/www.altominho.tv\\\/site\\\/wp-content\\\/uploads\\\/2020\\\/05\\\/aguasam-1.jpg\",\"contentUrl\":\"https:\\\/\\\/www.altominho.tv\\\/site\\\/wp-content\\\/uploads\\\/2020\\\/05\\\/aguasam-1.jpg\",\"width\":744,\"height\":495},{\"@type\":\"BreadcrumbList\",\"@id\":\"https:\\\/\\\/www.altominho.tv\\\/site\\\/2020\\\/05\\\/23\\\/be-questiona-sobre-recurso-recorrente-a-trabalho-precario-na-aguas-do-alto-minho\\\/#breadcrumb\",\"itemListElement\":[{\"@type\":\"ListItem\",\"position\":1,\"name\":\"In\u00edcio\",\"item\":\"https:\\\/\\\/www.altominho.tv\\\/site\\\/\"},{\"@type\":\"ListItem\",\"position\":2,\"name\":\"BE questiona sobre \u201crecurso recorrente\u201d a trabalho prec\u00e1rio na \u00c1guas do Alto Minho\"}]},{\"@type\":\"WebSite\",\"@id\":\"https:\\\/\\\/www.altominho.tv\\\/site\\\/#website\",\"url\":\"https:\\\/\\\/www.altominho.tv\\\/site\\\/\",\"name\":\"Altominho.tv\",\"description\":\"A sua regi\u00e3o \u00e0 dist\u00e2ncia de um clique...\",\"potentialAction\":[{\"@type\":\"SearchAction\",\"target\":{\"@type\":\"EntryPoint\",\"urlTemplate\":\"https:\\\/\\\/www.altominho.tv\\\/site\\\/?s={search_term_string}\"},\"query-input\":{\"@type\":\"PropertyValueSpecification\",\"valueRequired\":true,\"valueName\":\"search_term_string\"}}],\"inLanguage\":\"pt-PT\"},{\"@type\":\"Person\",\"@id\":\"https:\\\/\\\/www.altominho.tv\\\/site\\\/#\\\/schema\\\/person\\\/63f693da3e1899361cbe955c46f3232e\",\"name\":\"Lusa\",\"image\":{\"@type\":\"ImageObject\",\"inLanguage\":\"pt-PT\",\"@id\":\"https:\\\/\\\/www.altominho.tv\\\/site\\\/wp-content\\\/uploads\\\/2019\\\/08\\\/LUSA_Logo.gif\",\"url\":\"https:\\\/\\\/www.altominho.tv\\\/site\\\/wp-content\\\/uploads\\\/2019\\\/08\\\/LUSA_Logo.gif\",\"contentUrl\":\"https:\\\/\\\/www.altominho.tv\\\/site\\\/wp-content\\\/uploads\\\/2019\\\/08\\\/LUSA_Logo.gif\",\"caption\":\"Lusa\"},\"sameAs\":[\"http:\\\/\\\/\\\/\\\/www.altominho.tv\\\/site\"],\"url\":\"https:\\\/\\\/www.altominho.tv\\\/site\\\/author\\\/lusa\\\/\"}]}<\/script>\n<!-- \/ Yoast SEO Premium plugin. -->","yoast_head_json":{"title":"BE questiona sobre \u201crecurso recorrente\u201d a trabalho prec\u00e1rio na \u00c1guas do Alto Minho","robots":{"index":"index","follow":"follow","max-snippet":"max-snippet:-1","max-image-preview":"max-image-preview:large","max-video-preview":"max-video-preview:-1"},"canonical":"https:\/\/www.altominho.tv\/site\/2020\/05\/23\/be-questiona-sobre-recurso-recorrente-a-trabalho-precario-na-aguas-do-alto-minho\/","og_locale":"pt_PT","og_type":"article","og_title":"BE questiona sobre \u201crecurso recorrente\u201d a trabalho prec\u00e1rio na \u00c1guas do Alto Minho","og_description":"O Bloco de Esquerda questionou o Governo sobre o recurso recorrente a trabalho prec\u00e1rio na \u00c1guas do Alto Minho (AdAM) para assegurar necessidades prementes da empresa criada por sete executivos municipais do PS, PSD e CDS-PP da regi\u00e3o. Numa pergunta a que a ag\u00eancia Lusa teve hoje acesso, o deputado Jos\u00e9 Soeiro explicou que a [&hellip;]","og_url":"https:\/\/www.altominho.tv\/site\/2020\/05\/23\/be-questiona-sobre-recurso-recorrente-a-trabalho-precario-na-aguas-do-alto-minho\/","og_site_name":"Altominho.tv","article_publisher":"https:\/\/www.facebook.com\/altominhotv","article_published_time":"2020-05-23T07:45:06+00:00","article_modified_time":"2020-05-23T07:45:10+00:00","og_image":[{"width":744,"height":495,"url":"https:\/\/www.altominho.tv\/site\/wp-content\/uploads\/2020\/05\/aguasam-1.jpg","type":"image\/jpeg"}],"author":"Lusa","twitter_card":"summary_large_image","twitter_creator":"@altominhoTV","twitter_site":"@altominhoTV","twitter_misc":{"Escrito por":"Lusa","Tempo estimado de leitura":"2 minutos"},"schema":{"@context":"https:\/\/schema.org","@graph":[{"@type":"Article","@id":"https:\/\/www.altominho.tv\/site\/2020\/05\/23\/be-questiona-sobre-recurso-recorrente-a-trabalho-precario-na-aguas-do-alto-minho\/#article","isPartOf":{"@id":"https:\/\/www.altominho.tv\/site\/2020\/05\/23\/be-questiona-sobre-recurso-recorrente-a-trabalho-precario-na-aguas-do-alto-minho\/"},"author":{"name":"Lusa","@id":"https:\/\/www.altominho.tv\/site\/#\/schema\/person\/63f693da3e1899361cbe955c46f3232e"},"headline":"BE questiona sobre \u201crecurso recorrente\u201d a trabalho prec\u00e1rio na \u00c1guas do Alto Minho","datePublished":"2020-05-23T07:45:06+00:00","dateModified":"2020-05-23T07:45:10+00:00","mainEntityOfPage":{"@id":"https:\/\/www.altominho.tv\/site\/2020\/05\/23\/be-questiona-sobre-recurso-recorrente-a-trabalho-precario-na-aguas-do-alto-minho\/"},"wordCount":488,"image":{"@id":"https:\/\/www.altominho.tv\/site\/2020\/05\/23\/be-questiona-sobre-recurso-recorrente-a-trabalho-precario-na-aguas-do-alto-minho\/#primaryimage"},"thumbnailUrl":"https:\/\/www.altominho.tv\/site\/wp-content\/uploads\/2020\/05\/aguasam-1.jpg","keywords":["Sociedade"],"articleSection":["Alto Minho"],"inLanguage":"pt-PT","copyrightYear":"2020","copyrightHolder":{"@id":"https:\/\/www.altominho.tv\/site\/#organization"}},{"@type":"WebPage","@id":"https:\/\/www.altominho.tv\/site\/2020\/05\/23\/be-questiona-sobre-recurso-recorrente-a-trabalho-precario-na-aguas-do-alto-minho\/","url":"https:\/\/www.altominho.tv\/site\/2020\/05\/23\/be-questiona-sobre-recurso-recorrente-a-trabalho-precario-na-aguas-do-alto-minho\/","name":"BE questiona sobre \u201crecurso recorrente\u201d a trabalho prec\u00e1rio na \u00c1guas do Alto Minho","isPartOf":{"@id":"https:\/\/www.altominho.tv\/site\/#website"},"primaryImageOfPage":{"@id":"https:\/\/www.altominho.tv\/site\/2020\/05\/23\/be-questiona-sobre-recurso-recorrente-a-trabalho-precario-na-aguas-do-alto-minho\/#primaryimage"},"image":{"@id":"https:\/\/www.altominho.tv\/site\/2020\/05\/23\/be-questiona-sobre-recurso-recorrente-a-trabalho-precario-na-aguas-do-alto-minho\/#primaryimage"},"thumbnailUrl":"https:\/\/www.altominho.tv\/site\/wp-content\/uploads\/2020\/05\/aguasam-1.jpg","datePublished":"2020-05-23T07:45:06+00:00","dateModified":"2020-05-23T07:45:10+00:00","author":{"@id":"https:\/\/www.altominho.tv\/site\/#\/schema\/person\/63f693da3e1899361cbe955c46f3232e"},"breadcrumb":{"@id":"https:\/\/www.altominho.tv\/site\/2020\/05\/23\/be-questiona-sobre-recurso-recorrente-a-trabalho-precario-na-aguas-do-alto-minho\/#breadcrumb"},"inLanguage":"pt-PT","potentialAction":[{"@type":"ReadAction","target":["https:\/\/www.altominho.tv\/site\/2020\/05\/23\/be-questiona-sobre-recurso-recorrente-a-trabalho-precario-na-aguas-do-alto-minho\/"]}]},{"@type":"ImageObject","inLanguage":"pt-PT","@id":"https:\/\/www.altominho.tv\/site\/2020\/05\/23\/be-questiona-sobre-recurso-recorrente-a-trabalho-precario-na-aguas-do-alto-minho\/#primaryimage","url":"https:\/\/www.altominho.tv\/site\/wp-content\/uploads\/2020\/05\/aguasam-1.jpg","contentUrl":"https:\/\/www.altominho.tv\/site\/wp-content\/uploads\/2020\/05\/aguasam-1.jpg","width":744,"height":495},{"@type":"BreadcrumbList","@id":"https:\/\/www.altominho.tv\/site\/2020\/05\/23\/be-questiona-sobre-recurso-recorrente-a-trabalho-precario-na-aguas-do-alto-minho\/#breadcrumb","itemListElement":[{"@type":"ListItem","position":1,"name":"In\u00edcio","item":"https:\/\/www.altominho.tv\/site\/"},{"@type":"ListItem","position":2,"name":"BE questiona sobre \u201crecurso recorrente\u201d a trabalho prec\u00e1rio na \u00c1guas do Alto Minho"}]},{"@type":"WebSite","@id":"https:\/\/www.altominho.tv\/site\/#website","url":"https:\/\/www.altominho.tv\/site\/","name":"Altominho.tv","description":"A sua regi\u00e3o \u00e0 dist\u00e2ncia de um clique...","potentialAction":[{"@type":"SearchAction","target":{"@type":"EntryPoint","urlTemplate":"https:\/\/www.altominho.tv\/site\/?s={search_term_string}"},"query-input":{"@type":"PropertyValueSpecification","valueRequired":true,"valueName":"search_term_string"}}],"inLanguage":"pt-PT"},{"@type":"Person","@id":"https:\/\/www.altominho.tv\/site\/#\/schema\/person\/63f693da3e1899361cbe955c46f3232e","name":"Lusa","image":{"@type":"ImageObject","inLanguage":"pt-PT","@id":"https:\/\/www.altominho.tv\/site\/wp-content\/uploads\/2019\/08\/LUSA_Logo.gif","url":"https:\/\/www.altominho.tv\/site\/wp-content\/uploads\/2019\/08\/LUSA_Logo.gif","contentUrl":"https:\/\/www.altominho.tv\/site\/wp-content\/uploads\/2019\/08\/LUSA_Logo.gif","caption":"Lusa"},"sameAs":["http:\/\/\/\/www.altominho.tv\/site"],"url":"https:\/\/www.altominho.tv\/site\/author\/lusa\/"}]}},"_links":{"self":[{"href":"https:\/\/www.altominho.tv\/site\/wp-json\/wp\/v2\/posts\/46881","targetHints":{"allow":["GET"]}}],"collection":[{"href":"https:\/\/www.altominho.tv\/site\/wp-json\/wp\/v2\/posts"}],"about":[{"href":"https:\/\/www.altominho.tv\/site\/wp-json\/wp\/v2\/types\/post"}],"author":[{"embeddable":true,"href":"https:\/\/www.altominho.tv\/site\/wp-json\/wp\/v2\/users\/13"}],"replies":[{"embeddable":true,"href":"https:\/\/www.altominho.tv\/site\/wp-json\/wp\/v2\/comments?post=46881"}],"version-history":[{"count":0,"href":"https:\/\/www.altominho.tv\/site\/wp-json\/wp\/v2\/posts\/46881\/revisions"}],"wp:featuredmedia":[{"embeddable":true,"href":"https:\/\/www.altominho.tv\/site\/wp-json\/wp\/v2\/media\/46685"}],"wp:attachment":[{"href":"https:\/\/www.altominho.tv\/site\/wp-json\/wp\/v2\/media?parent=46881"}],"wp:term":[{"taxonomy":"category","embeddable":true,"href":"https:\/\/www.altominho.tv\/site\/wp-json\/wp\/v2\/categories?post=46881"},{"taxonomy":"post_tag","embeddable":true,"href":"https:\/\/www.altominho.tv\/site\/wp-json\/wp\/v2\/tags?post=46881"}],"curies":[{"name":"wp","href":"https:\/\/api.w.org\/{rel}","templated":true}]}}