{"id":46878,"date":"2020-05-23T08:36:22","date_gmt":"2020-05-23T07:36:22","guid":{"rendered":"http:\/\/www.altominho.tv\/site\/?p=46878"},"modified":"2020-05-23T08:36:26","modified_gmt":"2020-05-23T07:36:26","slug":"dados-da-fenprof-sobre-faltas-de-alunos-coincidem-com-os-do-governo","status":"publish","type":"post","link":"https:\/\/www.altominho.tv\/site\/2020\/05\/23\/dados-da-fenprof-sobre-faltas-de-alunos-coincidem-com-os-do-governo\/","title":{"rendered":"Dados da Fenprof sobre faltas de alunos coincidem com os do Governo"},"content":{"rendered":"\n<p>O inqu\u00e9rito da Fenprof sobre faltas de alunos nas aulas presenciais coincide com os dados divulgados pelo Governo, que indicam 10% de aus\u00eancias na primeira semana de reabertura das escolas no 11.\u00ba e no 12.\u00ba ano.<\/p>\n\n\n\n<p>O Minist\u00e9rio da Educa\u00e7\u00e3o divulgou que nove em cada dez alunos do ensino secund\u00e1rio regressaram esta semana \u00e0s escolas para ter aulas presenciais assim como esteve presente a \u201cquase a totalidade\u201d dos professores previstos.<\/p>\n\n\n\n<p>Na segunda-feira os alunos do 11.\u00ba e 12.\u00ba anos de escolaridade assim como os do 2.\u00ba e 3.\u00ba anos dos cursos de dupla certifica\u00e7\u00e3o do ensino secund\u00e1rio voltaram a ter aulas presenciais, depois de dois meses de ensino \u00e0 dist\u00e2ncia decretado pelo Governo como forma de conter a dissemina\u00e7\u00e3o do novo coronav\u00edrus.<br><\/p>\n\n\n\n<p>Tamb\u00e9m a Federa\u00e7\u00e3o Nacional de Professores (Fenprof) afirma, em comunicado, que\u00a0&#8220;apenas 10% dos alunos tiveram em m\u00e9dia aus\u00eancias presenciais nas escolas desde a primeira semana de reabertura devido \u00e0 pandemia da covid-19, apesar de alguns estabelecimentos em que as faltas ultrapassaram os 50%&#8221;.<br><\/p>\n\n\n\n<p>Estes dados constam de um balan\u00e7o divulgado pela Federa\u00e7\u00e3o sobre a primeira semana de regresso \u00e0s aulas devido \u00e0 pandemia do novo coronav\u00edrus, que conclui que \u201co n\u00famero de alunos em situa\u00e7\u00e3o de risco ou doen\u00e7a \u00e9 baixo\u201d.<br><\/p>\n\n\n\n<p>O mesmo levantamento adianta que \u201cos motivos alegados para a aus\u00eancia s\u00e3o, normalmente a falta de transporte em hor\u00e1rio adequado, a preocupa\u00e7\u00e3o com a situa\u00e7\u00e3o epidemiol\u00f3gica e medo de cont\u00e1gio a familiares e serem disciplinas a que o aluno n\u00e3o ir\u00e1 fazer exame\u201d.<br><\/p>\n\n\n\n<p>A Fenprof refere que, \u201capesar de o Minist\u00e9rio da Educa\u00e7\u00e3o (ME) parecer ter abandonado estes alunos, muitos professores, solid\u00e1rios com eles, decidiram continuar a apoi\u00e1-los \u00e0 dist\u00e2ncia, fazendo-o para al\u00e9m dos limites legais do seu hor\u00e1rio de trabalho\u201d.<br><\/p>\n\n\n\n<p>\u201cComo a lei prev\u00ea, ainda que constitua mais um fator de desigualdade, h\u00e1 alunos que viram reduzida em 40% a 50% a carga letiva semanal prevista no curr\u00edculo e essa redu\u00e7\u00e3o foi determinada pelo ME como acomoda\u00e7\u00e3o da divis\u00e3o das turmas sem que, da\u00ed, resultasse a contrata\u00e7\u00e3o de mais docentes\u201d, afirma a Federa\u00e7\u00e3o.<br><\/p>\n\n\n\n<p>No estudo divulgado, a Fenprof conclui que os \u201cprofessores, como \u00e9 habitual, cumprem a maior parte com aulas presenciais e ensino \u00e0 dist\u00e2ncia, o que imp\u00f5e um esfor\u00e7o acrescido\u201d, e que \u201co pessoal auxiliar \u00e9 na maior parte dos casos adequado, porque nem todos os alunos v\u00e3o \u00e0 escola e s\u00f3 parte das instala\u00e7\u00f5es est\u00e3o abertas\u201d.<br><\/p>\n\n\n\n<p>Os casos analisados, segundo aquele a estrutura sindical, correspondem a uma amostra da ordem dos 20% das escolas que retomaram atividade presencial e abrangem todo o territ\u00f3rio continental, de Mon\u00e7\u00e3o e Mirandela a Lagos e Vila Real de Santo Ant\u00f3nio, tendo sido tamb\u00e9m consideradas escolas do litoral (Lisboa, Porto ou Coimbra) e do interior do pa\u00eds (Pinhel ou Nisa).<br><\/p>\n\n\n\n<p>Conclui o estudo que \u201cos professores compareceram ao trabalho presencial, com exce\u00e7\u00e3o dos que se encontram em situa\u00e7\u00e3o de doen\u00e7a\u201d.<br><\/p>\n\n\n\n<p>Em rela\u00e7\u00e3o aos docentes que integram grupos de risco, houve escolas que optaram por mant\u00ea-los em ensino a dist\u00e2ncia, com coadjuva\u00e7\u00e3o, e outras que preferiram substitui-los, reorganizando a distribui\u00e7\u00e3o de servi\u00e7o, afirma.<br><\/p>\n\n\n\n<p>Relativamente aos trabalhadores n\u00e3o docentes, \u201capesar de ainda haver registo de car\u00eancias, a maior parte das escolas afirma contar com um n\u00famero adequado \u00e0s suas necessidades porque, agora, apenas respondem a uma parte dos alunos e dos espa\u00e7os da escola\u201d.<br><\/p>\n\n\n\n<p>Contudo, afirma a Fenprof, \u201ch\u00e1 extremos, como, por exemplo, as escolas que s\u00e3o sede de \u2018mega-agrupamento\u2019 concentrando um n\u00famero elevado de funcion\u00e1rios, o que lhes permite, at\u00e9, promover um regime de rotatividade entre aqueles trabalhadores no apoio direto \u00e0s aulas\u201d.<br><\/p>\n\n\n\n<p>\u201cJ\u00e1 nas escolas que s\u00e3o apenas secund\u00e1rias ou predominantemente secund\u00e1rias surgem algumas dificuldades neste cap\u00edtulo, pois a percentagem de alunos presentes, relativamente ao total, \u00e9 significativa.<br><\/p>\n\n\n\n<p>A situa\u00e7\u00e3o mais dif\u00edcil foi detetada numa escola do barlavento algarvio, onde uma escola secund\u00e1ria apenas pode contar com oito dos seus 20 funcion\u00e1rios, o que \u00e9 manifestamente insuficiente\u201d, diz a federa\u00e7\u00e3o.<br><\/p>\n\n\n\n<p>Quanto ao que se refere aos hor\u00e1rios de trabalho e de distribui\u00e7\u00e3o de servi\u00e7os, a Fenprof afirma que \u201cpraticamente todas as escolas tiveram de proceder a altera\u00e7\u00f5es para compatibilizar os seus hor\u00e1rios de funcionamento com os determinados pelas orienta\u00e7\u00f5es emitidas para todos os estabelecimentos\u201d.<br><\/p>\n\n\n\n<p>Em rela\u00e7\u00e3o ao servi\u00e7o distribu\u00eddo, \u201cs\u00e3o em menor n\u00famero as que procederam a altera\u00e7\u00f5es e n\u00e3o v\u00e3o al\u00e9m de 1\/3 das escolas\u201d, pois \u201ca maioria destas considerou que n\u00e3o deveriam, a pouco mais de um m\u00eas do final das aulas, mudar os professores das turmas e s\u00f3 em casos excecionais, por norma relacionados com situa\u00e7\u00f5es de risco ou de doen\u00e7a, houve redistribui\u00e7\u00e3o de servi\u00e7o\u201d.<br><\/p>\n\n\n\n<p>A Federa\u00e7\u00e3o regista, no entanto, que, \u201cembora em n\u00famero residual, houve escolas que redistribu\u00edram servi\u00e7o para evitar que houvesse docentes com aulas presenciais e, simultaneamente, por terem turmas de anos sem exame, com ensino a dist\u00e2ncia\u201d, op\u00e7\u00e3o que considera \u201cna maior parte dos casos, n\u00e3o foi adotada, porquea mudan\u00e7a de professor da turma, neste momento final do ano letivo, seria prejudicial para os alunos\u201d.<br><\/p>\n\n\n\n<p>\u201cN\u00e3o pode deixar de se assinalar que ficam ainda mais sobrecarregados os professores (e s\u00e3o a grande maioria dos que voltaram ao regime presencial) que, depois das aulas nas suas escolas, correm para casa, onde ir\u00e3o continuar a trabalhar com outros alunos que se mant\u00eam em ensino \u00e0 dist\u00e2ncia\u201d, acrescenta.<br><\/p>\n\n\n\n<p>A Fenprof refere que\u00a0divulgar\u00e1 na pr\u00f3xima semana o resultado do question\u00e1rio realizado junto dos professores sobre ensini \u00e0 dist\u00e2ncia.<br><\/p>\n\n\n\n<p>A federa\u00e7\u00e3o salienta que nas escolas de refer\u00eancia para acolhimento de filhos de trabalhadores de servi\u00e7os essenciais \u201c s\u00e3o poucas as fam\u00edlias que recorrem a este servi\u00e7o\u201d, havendo mesmo estabelecimentos em que n\u00e3o comparece qualquer aluno ou s\u00e3o apenas dois ou tr\u00eas os que recorrem a tal servi\u00e7o\u201d.<br><\/p>\n\n\n\n<p>\u201cA contrastar com esse quadro, temos os alunos que se deslocam \u00e0 escola para almo\u00e7ar ou, quando o servi\u00e7o \u00e9 \u2018take away\u2019, levantar as suas refei\u00e7\u00f5es. H\u00e1 escolas em que s\u00e3o muitas dezenas de alunos a recorrer a este servi\u00e7o, o que confirma a sua import\u00e2ncia para responder a fam\u00edlias cujas dificuldades econ\u00f3micas se est\u00e3o a agravar neste tempo de pandemia\u201d, alerta.<br><\/p>\n\n\n\n<p>Por \u00faltimo, diz a Fenprof, \u201cmuitos professores, incluindo membros dos \u00f3rg\u00e3os de gest\u00e3o das escolas, confirmaram que a falta de um rastreio, com a realiza\u00e7\u00e3o de testes \u00e0 comunidade escolar, n\u00e3o ajudou a criar um clima de confian\u00e7a junto de quantos j\u00e1 est\u00e3o a trabalhar presencialmente nas escolas\u201d.<br><\/p>\n\n\n\n<p>Foram tamb\u00e9m manifestadas preocupa\u00e7\u00f5es por parte de escolas em que os equipamentos de prote\u00e7\u00e3o individual distribu\u00eddos s\u00e3o insuficientes para o tempo previs\u00edvel de atividade, uma vez que ainda n\u00e3o tinham informa\u00e7\u00e3o sobre se e quando ser\u00e1 feito o refor\u00e7o desses equipamentos, conclui a nota.<br><\/p>\n\n\n\n<p>Portugal entrou no dia 03 de maio em situa\u00e7\u00e3o de calamidade devido \u00e0 pandemia, depois de tr\u00eas per\u00edodos consecutivos em estado de emerg\u00eancia desde 19 de mar\u00e7o.<br><\/p>\n\n\n\n<p>Esta nova fase de combate \u00e0 covid-19 prev\u00ea o confinamento obrigat\u00f3rio para pessoas doentes e em vigil\u00e2ncia ativa, o dever geral de recolhimento domicili\u00e1rio e o uso obrigat\u00f3rio de m\u00e1scaras ou viseiras em transportes p\u00fablicos, servi\u00e7os de atendimento ao p\u00fablico, escolas e estabelecimentos comerciais.<br><\/p>\n\n\n\n<p>O Governo aprovou novas medidas que entraram em vigor na segunda-feira, entre as quais a retoma das visitas aos utentes dos lares de idosos, a reabertura das creches, aulas presenciais para os 11.\u00ba e 12.\u00ba anos e a reabertura de algumas lojas de rua, caf\u00e9s, restaurantes, museus, monumentos e pal\u00e1cios.<br><\/p>\n\n\n\n<p>O regresso das cerim\u00f3nias religiosas comunit\u00e1rias est\u00e1 previsto para 30 de maio e a abertura da \u00e9poca balnear para 06 de junho.<\/p>\n","protected":false},"excerpt":{"rendered":"<p>O inqu\u00e9rito da Fenprof sobre faltas de alunos nas aulas presenciais coincide com os dados divulgados pelo Governo, que indicam 10% de aus\u00eancias na primeira semana de reabertura das escolas no 11.\u00ba e no 12.\u00ba ano. O Minist\u00e9rio da Educa\u00e7\u00e3o divulgou que nove em cada dez alunos do ensino secund\u00e1rio regressaram esta semana \u00e0s escolas [&hellip;]<\/p>\n","protected":false},"author":16,"featured_media":46879,"comment_status":"closed","ping_status":"closed","sticky":false,"template":"","format":"standard","meta":{"_exactmetrics_skip_tracking":false,"_exactmetrics_sitenote_active":false,"_exactmetrics_sitenote_note":"","_exactmetrics_sitenote_category":0,"footnotes":""},"categories":[73],"tags":[22,27],"class_list":["post-46878","post","type-post","status-publish","format-standard","has-post-thumbnail","hentry","category-alto-minho","tag-educacao","tag-sociedade"],"yoast_head":"<!-- This site is optimized with the Yoast SEO Premium plugin v27.4 (Yoast SEO v27.4) - https:\/\/yoast.com\/product\/yoast-seo-premium-wordpress\/ -->\n<title>Dados da Fenprof sobre faltas de alunos coincidem com os do Governo<\/title>\n<meta name=\"robots\" content=\"index, follow, max-snippet:-1, max-image-preview:large, max-video-preview:-1\" \/>\n<link rel=\"canonical\" href=\"https:\/\/www.altominho.tv\/site\/2020\/05\/23\/dados-da-fenprof-sobre-faltas-de-alunos-coincidem-com-os-do-governo\/\" \/>\n<meta property=\"og:locale\" content=\"pt_PT\" \/>\n<meta property=\"og:type\" content=\"article\" \/>\n<meta property=\"og:title\" content=\"Dados da Fenprof sobre faltas de alunos coincidem com os do Governo\" \/>\n<meta property=\"og:description\" content=\"O inqu\u00e9rito da Fenprof sobre faltas de alunos nas aulas presenciais coincide com os dados divulgados pelo Governo, que indicam 10% de aus\u00eancias na primeira semana de reabertura das escolas no 11.\u00ba e no 12.\u00ba ano. O Minist\u00e9rio da Educa\u00e7\u00e3o divulgou que nove em cada dez alunos do ensino secund\u00e1rio regressaram esta semana \u00e0s escolas [&hellip;]\" \/>\n<meta property=\"og:url\" content=\"https:\/\/www.altominho.tv\/site\/2020\/05\/23\/dados-da-fenprof-sobre-faltas-de-alunos-coincidem-com-os-do-governo\/\" \/>\n<meta property=\"og:site_name\" content=\"Altominho.tv\" \/>\n<meta property=\"article:publisher\" content=\"https:\/\/www.facebook.com\/altominhotv\" \/>\n<meta property=\"article:published_time\" content=\"2020-05-23T07:36:22+00:00\" \/>\n<meta property=\"article:modified_time\" content=\"2020-05-23T07:36:26+00:00\" \/>\n<meta property=\"og:image\" content=\"https:\/\/www.altominho.tv\/site\/wp-content\/uploads\/2020\/05\/alunos-aulas.jpg\" \/>\n\t<meta property=\"og:image:width\" content=\"800\" \/>\n\t<meta property=\"og:image:height\" content=\"400\" \/>\n\t<meta property=\"og:image:type\" content=\"image\/jpeg\" \/>\n<meta name=\"author\" content=\"Andreia Cunha | Lusa\" \/>\n<meta name=\"twitter:card\" content=\"summary_large_image\" \/>\n<meta name=\"twitter:creator\" content=\"@altominhoTV\" \/>\n<meta name=\"twitter:site\" content=\"@altominhoTV\" \/>\n<meta name=\"twitter:label1\" content=\"Escrito por\" \/>\n\t<meta name=\"twitter:data1\" content=\"Andreia Cunha | Lusa\" \/>\n\t<meta name=\"twitter:label2\" content=\"Tempo estimado de leitura\" \/>\n\t<meta name=\"twitter:data2\" content=\"7 minutos\" \/>\n<script type=\"application\/ld+json\" class=\"yoast-schema-graph\">{\"@context\":\"https:\\\/\\\/schema.org\",\"@graph\":[{\"@type\":\"Article\",\"@id\":\"https:\\\/\\\/www.altominho.tv\\\/site\\\/2020\\\/05\\\/23\\\/dados-da-fenprof-sobre-faltas-de-alunos-coincidem-com-os-do-governo\\\/#article\",\"isPartOf\":{\"@id\":\"https:\\\/\\\/www.altominho.tv\\\/site\\\/2020\\\/05\\\/23\\\/dados-da-fenprof-sobre-faltas-de-alunos-coincidem-com-os-do-governo\\\/\"},\"author\":{\"name\":\"Andreia Cunha | Lusa\",\"@id\":\"https:\\\/\\\/www.altominho.tv\\\/site\\\/#\\\/schema\\\/person\\\/dbaf181c01b51ff40c9f461a905d321e\"},\"headline\":\"Dados da Fenprof sobre faltas de alunos coincidem com os do Governo\",\"datePublished\":\"2020-05-23T07:36:22+00:00\",\"dateModified\":\"2020-05-23T07:36:26+00:00\",\"mainEntityOfPage\":{\"@id\":\"https:\\\/\\\/www.altominho.tv\\\/site\\\/2020\\\/05\\\/23\\\/dados-da-fenprof-sobre-faltas-de-alunos-coincidem-com-os-do-governo\\\/\"},\"wordCount\":1368,\"image\":{\"@id\":\"https:\\\/\\\/www.altominho.tv\\\/site\\\/2020\\\/05\\\/23\\\/dados-da-fenprof-sobre-faltas-de-alunos-coincidem-com-os-do-governo\\\/#primaryimage\"},\"thumbnailUrl\":\"https:\\\/\\\/www.altominho.tv\\\/site\\\/wp-content\\\/uploads\\\/2020\\\/05\\\/alunos-aulas.jpg\",\"keywords\":[\"Educa\u00e7\u00e3o\",\"Sociedade\"],\"articleSection\":[\"Alto Minho\"],\"inLanguage\":\"pt-PT\",\"copyrightYear\":\"2020\",\"copyrightHolder\":{\"@id\":\"https:\\\/\\\/www.altominho.tv\\\/site\\\/#organization\"}},{\"@type\":\"WebPage\",\"@id\":\"https:\\\/\\\/www.altominho.tv\\\/site\\\/2020\\\/05\\\/23\\\/dados-da-fenprof-sobre-faltas-de-alunos-coincidem-com-os-do-governo\\\/\",\"url\":\"https:\\\/\\\/www.altominho.tv\\\/site\\\/2020\\\/05\\\/23\\\/dados-da-fenprof-sobre-faltas-de-alunos-coincidem-com-os-do-governo\\\/\",\"name\":\"Dados da Fenprof sobre faltas de alunos coincidem com os do Governo\",\"isPartOf\":{\"@id\":\"https:\\\/\\\/www.altominho.tv\\\/site\\\/#website\"},\"primaryImageOfPage\":{\"@id\":\"https:\\\/\\\/www.altominho.tv\\\/site\\\/2020\\\/05\\\/23\\\/dados-da-fenprof-sobre-faltas-de-alunos-coincidem-com-os-do-governo\\\/#primaryimage\"},\"image\":{\"@id\":\"https:\\\/\\\/www.altominho.tv\\\/site\\\/2020\\\/05\\\/23\\\/dados-da-fenprof-sobre-faltas-de-alunos-coincidem-com-os-do-governo\\\/#primaryimage\"},\"thumbnailUrl\":\"https:\\\/\\\/www.altominho.tv\\\/site\\\/wp-content\\\/uploads\\\/2020\\\/05\\\/alunos-aulas.jpg\",\"datePublished\":\"2020-05-23T07:36:22+00:00\",\"dateModified\":\"2020-05-23T07:36:26+00:00\",\"author\":{\"@id\":\"https:\\\/\\\/www.altominho.tv\\\/site\\\/#\\\/schema\\\/person\\\/dbaf181c01b51ff40c9f461a905d321e\"},\"breadcrumb\":{\"@id\":\"https:\\\/\\\/www.altominho.tv\\\/site\\\/2020\\\/05\\\/23\\\/dados-da-fenprof-sobre-faltas-de-alunos-coincidem-com-os-do-governo\\\/#breadcrumb\"},\"inLanguage\":\"pt-PT\",\"potentialAction\":[{\"@type\":\"ReadAction\",\"target\":[\"https:\\\/\\\/www.altominho.tv\\\/site\\\/2020\\\/05\\\/23\\\/dados-da-fenprof-sobre-faltas-de-alunos-coincidem-com-os-do-governo\\\/\"]}]},{\"@type\":\"ImageObject\",\"inLanguage\":\"pt-PT\",\"@id\":\"https:\\\/\\\/www.altominho.tv\\\/site\\\/2020\\\/05\\\/23\\\/dados-da-fenprof-sobre-faltas-de-alunos-coincidem-com-os-do-governo\\\/#primaryimage\",\"url\":\"https:\\\/\\\/www.altominho.tv\\\/site\\\/wp-content\\\/uploads\\\/2020\\\/05\\\/alunos-aulas.jpg\",\"contentUrl\":\"https:\\\/\\\/www.altominho.tv\\\/site\\\/wp-content\\\/uploads\\\/2020\\\/05\\\/alunos-aulas.jpg\",\"width\":800,\"height\":400},{\"@type\":\"BreadcrumbList\",\"@id\":\"https:\\\/\\\/www.altominho.tv\\\/site\\\/2020\\\/05\\\/23\\\/dados-da-fenprof-sobre-faltas-de-alunos-coincidem-com-os-do-governo\\\/#breadcrumb\",\"itemListElement\":[{\"@type\":\"ListItem\",\"position\":1,\"name\":\"In\u00edcio\",\"item\":\"https:\\\/\\\/www.altominho.tv\\\/site\\\/\"},{\"@type\":\"ListItem\",\"position\":2,\"name\":\"Dados da Fenprof sobre faltas de alunos coincidem com os do Governo\"}]},{\"@type\":\"WebSite\",\"@id\":\"https:\\\/\\\/www.altominho.tv\\\/site\\\/#website\",\"url\":\"https:\\\/\\\/www.altominho.tv\\\/site\\\/\",\"name\":\"Altominho.tv\",\"description\":\"A sua regi\u00e3o \u00e0 dist\u00e2ncia de um clique...\",\"potentialAction\":[{\"@type\":\"SearchAction\",\"target\":{\"@type\":\"EntryPoint\",\"urlTemplate\":\"https:\\\/\\\/www.altominho.tv\\\/site\\\/?s={search_term_string}\"},\"query-input\":{\"@type\":\"PropertyValueSpecification\",\"valueRequired\":true,\"valueName\":\"search_term_string\"}}],\"inLanguage\":\"pt-PT\"},{\"@type\":\"Person\",\"@id\":\"https:\\\/\\\/www.altominho.tv\\\/site\\\/#\\\/schema\\\/person\\\/dbaf181c01b51ff40c9f461a905d321e\",\"name\":\"Andreia Cunha | Lusa\",\"image\":{\"@type\":\"ImageObject\",\"inLanguage\":\"pt-PT\",\"@id\":\"https:\\\/\\\/www.altominho.tv\\\/site\\\/wp-content\\\/uploads\\\/2017\\\/11\\\/Andreia_Cunha-1-150x150.jpg\",\"url\":\"https:\\\/\\\/www.altominho.tv\\\/site\\\/wp-content\\\/uploads\\\/2017\\\/11\\\/Andreia_Cunha-1-150x150.jpg\",\"contentUrl\":\"https:\\\/\\\/www.altominho.tv\\\/site\\\/wp-content\\\/uploads\\\/2017\\\/11\\\/Andreia_Cunha-1-150x150.jpg\",\"caption\":\"Andreia Cunha | Lusa\"},\"sameAs\":[\"https:\\\/\\\/www.altominho.tv\\\/site\"],\"url\":\"https:\\\/\\\/www.altominho.tv\\\/site\\\/author\\\/andreiacunhalusa\\\/\"}]}<\/script>\n<!-- \/ Yoast SEO Premium plugin. -->","yoast_head_json":{"title":"Dados da Fenprof sobre faltas de alunos coincidem com os do Governo","robots":{"index":"index","follow":"follow","max-snippet":"max-snippet:-1","max-image-preview":"max-image-preview:large","max-video-preview":"max-video-preview:-1"},"canonical":"https:\/\/www.altominho.tv\/site\/2020\/05\/23\/dados-da-fenprof-sobre-faltas-de-alunos-coincidem-com-os-do-governo\/","og_locale":"pt_PT","og_type":"article","og_title":"Dados da Fenprof sobre faltas de alunos coincidem com os do Governo","og_description":"O inqu\u00e9rito da Fenprof sobre faltas de alunos nas aulas presenciais coincide com os dados divulgados pelo Governo, que indicam 10% de aus\u00eancias na primeira semana de reabertura das escolas no 11.\u00ba e no 12.\u00ba ano. O Minist\u00e9rio da Educa\u00e7\u00e3o divulgou que nove em cada dez alunos do ensino secund\u00e1rio regressaram esta semana \u00e0s escolas [&hellip;]","og_url":"https:\/\/www.altominho.tv\/site\/2020\/05\/23\/dados-da-fenprof-sobre-faltas-de-alunos-coincidem-com-os-do-governo\/","og_site_name":"Altominho.tv","article_publisher":"https:\/\/www.facebook.com\/altominhotv","article_published_time":"2020-05-23T07:36:22+00:00","article_modified_time":"2020-05-23T07:36:26+00:00","og_image":[{"width":800,"height":400,"url":"https:\/\/www.altominho.tv\/site\/wp-content\/uploads\/2020\/05\/alunos-aulas.jpg","type":"image\/jpeg"}],"author":"Andreia Cunha | Lusa","twitter_card":"summary_large_image","twitter_creator":"@altominhoTV","twitter_site":"@altominhoTV","twitter_misc":{"Escrito por":"Andreia Cunha | Lusa","Tempo estimado de leitura":"7 minutos"},"schema":{"@context":"https:\/\/schema.org","@graph":[{"@type":"Article","@id":"https:\/\/www.altominho.tv\/site\/2020\/05\/23\/dados-da-fenprof-sobre-faltas-de-alunos-coincidem-com-os-do-governo\/#article","isPartOf":{"@id":"https:\/\/www.altominho.tv\/site\/2020\/05\/23\/dados-da-fenprof-sobre-faltas-de-alunos-coincidem-com-os-do-governo\/"},"author":{"name":"Andreia Cunha | Lusa","@id":"https:\/\/www.altominho.tv\/site\/#\/schema\/person\/dbaf181c01b51ff40c9f461a905d321e"},"headline":"Dados da Fenprof sobre faltas de alunos coincidem com os do Governo","datePublished":"2020-05-23T07:36:22+00:00","dateModified":"2020-05-23T07:36:26+00:00","mainEntityOfPage":{"@id":"https:\/\/www.altominho.tv\/site\/2020\/05\/23\/dados-da-fenprof-sobre-faltas-de-alunos-coincidem-com-os-do-governo\/"},"wordCount":1368,"image":{"@id":"https:\/\/www.altominho.tv\/site\/2020\/05\/23\/dados-da-fenprof-sobre-faltas-de-alunos-coincidem-com-os-do-governo\/#primaryimage"},"thumbnailUrl":"https:\/\/www.altominho.tv\/site\/wp-content\/uploads\/2020\/05\/alunos-aulas.jpg","keywords":["Educa\u00e7\u00e3o","Sociedade"],"articleSection":["Alto Minho"],"inLanguage":"pt-PT","copyrightYear":"2020","copyrightHolder":{"@id":"https:\/\/www.altominho.tv\/site\/#organization"}},{"@type":"WebPage","@id":"https:\/\/www.altominho.tv\/site\/2020\/05\/23\/dados-da-fenprof-sobre-faltas-de-alunos-coincidem-com-os-do-governo\/","url":"https:\/\/www.altominho.tv\/site\/2020\/05\/23\/dados-da-fenprof-sobre-faltas-de-alunos-coincidem-com-os-do-governo\/","name":"Dados da Fenprof sobre faltas de alunos coincidem com os do Governo","isPartOf":{"@id":"https:\/\/www.altominho.tv\/site\/#website"},"primaryImageOfPage":{"@id":"https:\/\/www.altominho.tv\/site\/2020\/05\/23\/dados-da-fenprof-sobre-faltas-de-alunos-coincidem-com-os-do-governo\/#primaryimage"},"image":{"@id":"https:\/\/www.altominho.tv\/site\/2020\/05\/23\/dados-da-fenprof-sobre-faltas-de-alunos-coincidem-com-os-do-governo\/#primaryimage"},"thumbnailUrl":"https:\/\/www.altominho.tv\/site\/wp-content\/uploads\/2020\/05\/alunos-aulas.jpg","datePublished":"2020-05-23T07:36:22+00:00","dateModified":"2020-05-23T07:36:26+00:00","author":{"@id":"https:\/\/www.altominho.tv\/site\/#\/schema\/person\/dbaf181c01b51ff40c9f461a905d321e"},"breadcrumb":{"@id":"https:\/\/www.altominho.tv\/site\/2020\/05\/23\/dados-da-fenprof-sobre-faltas-de-alunos-coincidem-com-os-do-governo\/#breadcrumb"},"inLanguage":"pt-PT","potentialAction":[{"@type":"ReadAction","target":["https:\/\/www.altominho.tv\/site\/2020\/05\/23\/dados-da-fenprof-sobre-faltas-de-alunos-coincidem-com-os-do-governo\/"]}]},{"@type":"ImageObject","inLanguage":"pt-PT","@id":"https:\/\/www.altominho.tv\/site\/2020\/05\/23\/dados-da-fenprof-sobre-faltas-de-alunos-coincidem-com-os-do-governo\/#primaryimage","url":"https:\/\/www.altominho.tv\/site\/wp-content\/uploads\/2020\/05\/alunos-aulas.jpg","contentUrl":"https:\/\/www.altominho.tv\/site\/wp-content\/uploads\/2020\/05\/alunos-aulas.jpg","width":800,"height":400},{"@type":"BreadcrumbList","@id":"https:\/\/www.altominho.tv\/site\/2020\/05\/23\/dados-da-fenprof-sobre-faltas-de-alunos-coincidem-com-os-do-governo\/#breadcrumb","itemListElement":[{"@type":"ListItem","position":1,"name":"In\u00edcio","item":"https:\/\/www.altominho.tv\/site\/"},{"@type":"ListItem","position":2,"name":"Dados da Fenprof sobre faltas de alunos coincidem com os do Governo"}]},{"@type":"WebSite","@id":"https:\/\/www.altominho.tv\/site\/#website","url":"https:\/\/www.altominho.tv\/site\/","name":"Altominho.tv","description":"A sua regi\u00e3o \u00e0 dist\u00e2ncia de um clique...","potentialAction":[{"@type":"SearchAction","target":{"@type":"EntryPoint","urlTemplate":"https:\/\/www.altominho.tv\/site\/?s={search_term_string}"},"query-input":{"@type":"PropertyValueSpecification","valueRequired":true,"valueName":"search_term_string"}}],"inLanguage":"pt-PT"},{"@type":"Person","@id":"https:\/\/www.altominho.tv\/site\/#\/schema\/person\/dbaf181c01b51ff40c9f461a905d321e","name":"Andreia Cunha | Lusa","image":{"@type":"ImageObject","inLanguage":"pt-PT","@id":"https:\/\/www.altominho.tv\/site\/wp-content\/uploads\/2017\/11\/Andreia_Cunha-1-150x150.jpg","url":"https:\/\/www.altominho.tv\/site\/wp-content\/uploads\/2017\/11\/Andreia_Cunha-1-150x150.jpg","contentUrl":"https:\/\/www.altominho.tv\/site\/wp-content\/uploads\/2017\/11\/Andreia_Cunha-1-150x150.jpg","caption":"Andreia Cunha | Lusa"},"sameAs":["https:\/\/www.altominho.tv\/site"],"url":"https:\/\/www.altominho.tv\/site\/author\/andreiacunhalusa\/"}]}},"_links":{"self":[{"href":"https:\/\/www.altominho.tv\/site\/wp-json\/wp\/v2\/posts\/46878","targetHints":{"allow":["GET"]}}],"collection":[{"href":"https:\/\/www.altominho.tv\/site\/wp-json\/wp\/v2\/posts"}],"about":[{"href":"https:\/\/www.altominho.tv\/site\/wp-json\/wp\/v2\/types\/post"}],"author":[{"embeddable":true,"href":"https:\/\/www.altominho.tv\/site\/wp-json\/wp\/v2\/users\/16"}],"replies":[{"embeddable":true,"href":"https:\/\/www.altominho.tv\/site\/wp-json\/wp\/v2\/comments?post=46878"}],"version-history":[{"count":0,"href":"https:\/\/www.altominho.tv\/site\/wp-json\/wp\/v2\/posts\/46878\/revisions"}],"wp:featuredmedia":[{"embeddable":true,"href":"https:\/\/www.altominho.tv\/site\/wp-json\/wp\/v2\/media\/46879"}],"wp:attachment":[{"href":"https:\/\/www.altominho.tv\/site\/wp-json\/wp\/v2\/media?parent=46878"}],"wp:term":[{"taxonomy":"category","embeddable":true,"href":"https:\/\/www.altominho.tv\/site\/wp-json\/wp\/v2\/categories?post=46878"},{"taxonomy":"post_tag","embeddable":true,"href":"https:\/\/www.altominho.tv\/site\/wp-json\/wp\/v2\/tags?post=46878"}],"curies":[{"name":"wp","href":"https:\/\/api.w.org\/{rel}","templated":true}]}}