{"id":46875,"date":"2020-05-23T08:20:54","date_gmt":"2020-05-23T07:20:54","guid":{"rendered":"http:\/\/www.altominho.tv\/site\/?p=46875"},"modified":"2020-05-23T08:20:59","modified_gmt":"2020-05-23T07:20:59","slug":"no-caminho-portugues-ate-santiago-faz-falta-o-som-dos-passos-de-milhares-de-peregrinos","status":"publish","type":"post","link":"https:\/\/www.altominho.tv\/site\/2020\/05\/23\/no-caminho-portugues-ate-santiago-faz-falta-o-som-dos-passos-de-milhares-de-peregrinos\/","title":{"rendered":"No caminho portugu\u00eas at\u00e9 Santiago faz falta o som dos passos de milhares de peregrinos"},"content":{"rendered":"\n<p>No caminho portugu\u00eas pela costa, que parte do Porto e passa pelo Minho at\u00e9 Santiago de Compostela, na Galiza, ouve-se a natureza, mas falta o som dos passos de milhares de peregrinos que a pandemia silenciou nos dois pa\u00edses.<\/p>\n\n\n\n<p>&#8220;Ouvem-se os p\u00e1ssaros, os grilos, o vento, mas falta o som dos passos dos peregrinos, do cajado a bater nas pedras e a marcar o ritmo da caminhada, das conversas em idiomas de todo o mundo ou das cantigas entoadas em grupo. \u00c9 triste&#8221;, desabafa Alberto Barbosa, o presidente da Associa\u00e7\u00e3o dos Amigos dos Caminhos Santiago de Viana do Castelo.<br><\/p>\n\n\n\n<p>O mesmo sil\u00eancio atravessa os caminhos Interior e Central nesta rota milenar seguida por milh\u00f5es de peregrinos desde o in\u00edcio do s\u00e9culo IX, quando foi descoberto o sepulcro do ap\u00f3stolo Santiago Maior em Santiago de Compostela, capital da Galiza, em Espanha.<br><\/p>\n\n\n\n<p>O surto do novo coronav\u00edrus quase parou aeroportos, rep\u00f4s fronteiras entre Portugal e Espanha e impediu a peregrina\u00e7\u00e3o rumo \u00e0 catedral de Santiago, encerrada desde 13 de mar\u00e7o, para venerar as rel\u00edquias do santo. A p\u00e9, a cavalo ou em excurs\u00f5es, faltam as pessoas no caminho, que no ano passado atingiu um recorde, com 350 mil peregrinos.<br><\/p>\n\n\n\n<p>O movimento na rota parou h\u00e1 mais dois meses. Suspendeu neg\u00f3cios que germinaram e tinham tudo para ganhar dimens\u00e3o com o retorno da peregrina\u00e7\u00e3o.<br>&#8220;O caminho espalha economia por onde passa. Da pequena mercearia ao caf\u00e9, do restaurante ao alojamento, dos transportes a outros servi\u00e7os. \u00c9 uma microeconomia que gera receitas para as localidades mais pequeninas e isso \u00e9 que \u00e9 muito interessante no caminho&#8221;, refor\u00e7ou Alberto Barbosa.<br><\/p>\n\n\n\n<p>O &#8220;pico&#8221; da presen\u00e7a dos peregrinos na regi\u00e3o come\u00e7a em mar\u00e7o e estende-se at\u00e9 final do ver\u00e3o. Em 2019, mais de 80 mil passaram por Valen\u00e7a, rumo a Tui, atrav\u00e9s da centen\u00e1ria ponte sobre o rio Minho.<br><\/p>\n\n\n\n<p>S\u00f3 no albergue de S\u00e3o Teot\u00f3nio, o primeiro dos tr\u00eas municipais existentes no Alto Minho, pernoitaram 10% daqueles viajantes. O edif\u00edcio est\u00e1 fechado e sem data para reabrir.<br><\/p>\n\n\n\n<p>&#8220;At\u00e9 setembro os albergues p\u00fablicos n\u00e3o devem abrir. T\u00eam de se adaptar e n\u00e3o vai ser f\u00e1cil, ao contr\u00e1rio dos privados&#8221;, explicou \u00e0 Lusa o vereador do turismo da C\u00e2mara de Valen\u00e7a.<br><\/p>\n\n\n\n<p>Jos\u00e9 Monte antev\u00ea uma redu\u00e7\u00e3o &#8220;dr\u00e1stica&#8221; da capacidade do albergue, com duas camaratas e 60 beliches, que at\u00e9 agora acolhiam &#8220;muita gente, de todos os destinos&#8221;.<br><\/p>\n\n\n\n<p>&#8220;Estamos \u00e0 espera de orienta\u00e7\u00f5es para nos adaptarmos&#8221;, referiu, olhando o edif\u00edcio inaugurado h\u00e1 15 anos.<br><\/p>\n\n\n\n<p>Mas, desabafa, com o controlo das fronteiras desde mar\u00e7o, que impede as desloca\u00e7\u00f5es tur\u00edsticas e de lazer entre os dois pa\u00edses, sendo apenas permitida circula\u00e7\u00e3o de transportes de mercadorias e de trabalhadores transfronteiri\u00e7os, \u00e9 &#8220;muito dif\u00edcil&#8221; ver &#8220;alguma luz ao fundo t\u00fanel&#8221;.<br><\/p>\n\n\n\n<p>&#8220;Mal a nossa ponte internacional, um marco do caminho, esteja aberta e n\u00e3o haja condicionalismos julgo que as pessoas, naturalmente, ir\u00e3o fazer o caminho, seguindo as regras e procurando espa\u00e7os privados&#8221;, vaticinou o autarca.<br><\/p>\n\n\n\n<p>Al\u00e9m dos peregrinos, Valen\u00e7a est\u00e1 privada da visita regular dos vizinhos galegos, que est\u00e3o a 400 metros de dist\u00e2ncia, em Tui. A fortaleza portuguesa, habituada a 12 mil pessoas por dia, est\u00e1 deserta. Dos 200 estabelecimentos comerciais instalados no interior, poucos reabriram e o sil\u00eancio tomou conta de ruas e vielas.<br>&#8220;Havia uma cultura de sinergias que funcionava em fun\u00e7\u00e3o da ponte. Havia uma rotina dos espanh\u00f3is viram a este lado fazer compras, almo\u00e7ar, jantar. O bacalhau \u00e9 o prato de elei\u00e7\u00e3o. Hoje isso reduz-se a nada&#8221;, desabafou Jos\u00e9 Ponte.<br><\/p>\n\n\n\n<p>Perto da muralha, com vista para o Minho e para as duas pontes, Jo\u00e3o Teixeira regressa a casa, de sachola ao ombro. Mata o tempo em trabalhos no quintal porque a loja de numism\u00e1tica, filatelia e velharias, no r\u00e9s-do-ch\u00e3o da habita\u00e7\u00e3o, est\u00e1 fechada. Faltam os clientes, &#8220;cerca de 80% de espanh\u00f3is&#8221;.<br><\/p>\n\n\n\n<p>&#8220;O pouco dinheiro que t\u00ednhamos amealhado foi todo. Enquanto n\u00e3o abrirem a fronteira isto vai ser um caos. \u00c9 muito triste&#8221;, afirmou, lamentando tamb\u00e9m a aus\u00eancia dos peregrinos que lhe compravam &#8220;muitas conchas de Santiago&#8221;.<br><\/p>\n\n\n\n<p>Em Caminha, n\u00e3o h\u00e1 ponte, mas h\u00e1 um \u2018ferryboat&#8217; parado. No centro da vila o albergue gerido pela associa\u00e7\u00e3o presidida por Alberto Barbosa acolhia mais de seis mil peregrinos por ano. Fechou e j\u00e1 n\u00e3o reabre este ano.<br><\/p>\n\n\n\n<p>&#8220;Este \u00e9 um espa\u00e7o de partilha. Pode n\u00e3o ser muito compat\u00edvel com o novo coronav\u00edrus que n\u00e3o se d\u00e1 muito bem com partilhas. \u00c9 dif\u00edcil adaptar estes espa\u00e7os \u00e0s exig\u00eancias da DGS [Dire\u00e7\u00e3o-Geral da Sa\u00fade]. \u00c9 preciso investir e \u00e9 preciso ver se justifica&#8221;, explicou.<br><\/p>\n\n\n\n<p>J\u00e1 em Carre\u00e7o, Viana do Castelo, no alojamento local criado por Hugo Lopes na casa que herdou da fam\u00edlia, as portas reabriam com o desconfinamento, com redu\u00e7\u00e3o de 30% na lota\u00e7\u00e3o e as normas impostas pela covid-19. Em todos os recantos da Casa do Sard\u00e3o est\u00e1 presente a passagem de peregrinos, mas deles agora nem sinal.<br><\/p>\n\n\n\n<p>Mas, apesar da incerteza quanto ao futuro, o professor de educa\u00e7\u00e3o f\u00edsica que trocou o ensino por um novo projeto de vida quis acender uma &#8220;luz ao fundo do t\u00fanel&#8221;.<br><\/p>\n\n\n\n<p>&#8220;Para motivar as pessoas. Dar-lhes algum conforto e alento para que comecem a reorganizar os projetos de viagens, de peregrina\u00e7\u00e3o. N\u00e3o que o fa\u00e7am agora, mas que pelo menos vejam uma luz ao fundo do t\u00fanel&#8221;, referiu.<br><\/p>\n\n\n\n<p>Hugo viveu no estrangeiro, lecionou nos PALOP, mas foi nos montes de Carre\u00e7o, naquele &#8220;espa\u00e7o de partilha&#8221;, que diz ter experienciado a &#8220;mudan\u00e7a&#8221; mais &#8220;positiva&#8221; na sua vida.<br><\/p>\n\n\n\n<p>&#8220;O sentimento que existe aqui \u00e9 muito especial. A peregrina\u00e7\u00e3o a Santiago n\u00e3o \u00e9 turismo, pode ser entendido como uma forma de turismo, mas n\u00e3o \u00e9. O esp\u00edrito que se vive \u00e9 completamente diferente&#8221;, frisou.<br><\/p>\n\n\n\n<p>Hugo Lopes sabe que a normalidade vai demorar a chegar \u00e0 tradi\u00e7\u00e3o secular, mas acredita que chegar\u00e1.<br><\/p>\n\n\n\n<p>&#8220;Vai durar um bocadinho. Vai ser uma partilha com distanciamento quanto baste. Vamo-nos aproximando consoante nos permitam aproximarmo-nos&#8221;, rematou.<br>Em Portugal, morreram 1.289 pessoas das 30.200 confirmadas como infetadas, e h\u00e1 7.590 casos recuperados, de acordo com a Dire\u00e7\u00e3o-Geral da Sa\u00fade.<br><\/p>\n\n\n\n<p>A doen\u00e7a \u00e9 transmitida por um novo coronav\u00edrus detetado no final de dezembro, em Wuhan, uma cidade do centro da China.<\/p>\n","protected":false},"excerpt":{"rendered":"<p>No caminho portugu\u00eas pela costa, que parte do Porto e passa pelo Minho at\u00e9 Santiago de Compostela, na Galiza, ouve-se a natureza, mas falta o som dos passos de milhares de peregrinos que a pandemia silenciou nos dois pa\u00edses. &#8220;Ouvem-se os p\u00e1ssaros, os grilos, o vento, mas falta o som dos passos dos peregrinos, do [&hellip;]<\/p>\n","protected":false},"author":13,"featured_media":46876,"comment_status":"closed","ping_status":"closed","sticky":false,"template":"","format":"standard","meta":{"_exactmetrics_skip_tracking":false,"_exactmetrics_sitenote_active":false,"_exactmetrics_sitenote_note":"","_exactmetrics_sitenote_category":0,"footnotes":""},"categories":[73],"tags":[27],"class_list":["post-46875","post","type-post","status-publish","format-standard","has-post-thumbnail","hentry","category-alto-minho","tag-sociedade"],"yoast_head":"<!-- This site is optimized with the Yoast SEO Premium plugin v27.4 (Yoast SEO v27.4) - https:\/\/yoast.com\/product\/yoast-seo-premium-wordpress\/ -->\n<title>No caminho portugu\u00eas at\u00e9 Santiago faz falta o som dos passos de milhares de peregrinos<\/title>\n<meta name=\"robots\" content=\"index, follow, max-snippet:-1, max-image-preview:large, max-video-preview:-1\" \/>\n<link rel=\"canonical\" href=\"https:\/\/www.altominho.tv\/site\/2020\/05\/23\/no-caminho-portugues-ate-santiago-faz-falta-o-som-dos-passos-de-milhares-de-peregrinos\/\" \/>\n<meta property=\"og:locale\" content=\"pt_PT\" \/>\n<meta property=\"og:type\" content=\"article\" \/>\n<meta property=\"og:title\" content=\"No caminho portugu\u00eas at\u00e9 Santiago faz falta o som dos passos de milhares de peregrinos\" \/>\n<meta property=\"og:description\" content=\"No caminho portugu\u00eas pela costa, que parte do Porto e passa pelo Minho at\u00e9 Santiago de Compostela, na Galiza, ouve-se a natureza, mas falta o som dos passos de milhares de peregrinos que a pandemia silenciou nos dois pa\u00edses. &#8220;Ouvem-se os p\u00e1ssaros, os grilos, o vento, mas falta o som dos passos dos peregrinos, do [&hellip;]\" \/>\n<meta property=\"og:url\" content=\"https:\/\/www.altominho.tv\/site\/2020\/05\/23\/no-caminho-portugues-ate-santiago-faz-falta-o-som-dos-passos-de-milhares-de-peregrinos\/\" \/>\n<meta property=\"og:site_name\" content=\"Altominho.tv\" \/>\n<meta property=\"article:publisher\" content=\"https:\/\/www.facebook.com\/altominhotv\" \/>\n<meta property=\"article:published_time\" content=\"2020-05-23T07:20:54+00:00\" \/>\n<meta property=\"article:modified_time\" content=\"2020-05-23T07:20:59+00:00\" \/>\n<meta property=\"og:image\" content=\"https:\/\/www.altominho.tv\/site\/wp-content\/uploads\/2020\/05\/valen\u00e7ac-1.png\" \/>\n\t<meta property=\"og:image:width\" content=\"960\" \/>\n\t<meta property=\"og:image:height\" content=\"720\" \/>\n\t<meta property=\"og:image:type\" content=\"image\/png\" \/>\n<meta name=\"author\" content=\"Lusa\" \/>\n<meta name=\"twitter:card\" content=\"summary_large_image\" \/>\n<meta name=\"twitter:creator\" content=\"@altominhoTV\" \/>\n<meta name=\"twitter:site\" content=\"@altominhoTV\" \/>\n<meta name=\"twitter:label1\" content=\"Escrito por\" \/>\n\t<meta name=\"twitter:data1\" content=\"Lusa\" \/>\n\t<meta name=\"twitter:label2\" content=\"Tempo estimado de leitura\" \/>\n\t<meta name=\"twitter:data2\" content=\"5 minutos\" \/>\n<script type=\"application\/ld+json\" class=\"yoast-schema-graph\">{\"@context\":\"https:\\\/\\\/schema.org\",\"@graph\":[{\"@type\":\"Article\",\"@id\":\"https:\\\/\\\/www.altominho.tv\\\/site\\\/2020\\\/05\\\/23\\\/no-caminho-portugues-ate-santiago-faz-falta-o-som-dos-passos-de-milhares-de-peregrinos\\\/#article\",\"isPartOf\":{\"@id\":\"https:\\\/\\\/www.altominho.tv\\\/site\\\/2020\\\/05\\\/23\\\/no-caminho-portugues-ate-santiago-faz-falta-o-som-dos-passos-de-milhares-de-peregrinos\\\/\"},\"author\":{\"name\":\"Lusa\",\"@id\":\"https:\\\/\\\/www.altominho.tv\\\/site\\\/#\\\/schema\\\/person\\\/63f693da3e1899361cbe955c46f3232e\"},\"headline\":\"No caminho portugu\u00eas at\u00e9 Santiago faz falta o som dos passos de milhares de peregrinos\",\"datePublished\":\"2020-05-23T07:20:54+00:00\",\"dateModified\":\"2020-05-23T07:20:59+00:00\",\"mainEntityOfPage\":{\"@id\":\"https:\\\/\\\/www.altominho.tv\\\/site\\\/2020\\\/05\\\/23\\\/no-caminho-portugues-ate-santiago-faz-falta-o-som-dos-passos-de-milhares-de-peregrinos\\\/\"},\"wordCount\":1096,\"image\":{\"@id\":\"https:\\\/\\\/www.altominho.tv\\\/site\\\/2020\\\/05\\\/23\\\/no-caminho-portugues-ate-santiago-faz-falta-o-som-dos-passos-de-milhares-de-peregrinos\\\/#primaryimage\"},\"thumbnailUrl\":\"https:\\\/\\\/www.altominho.tv\\\/site\\\/wp-content\\\/uploads\\\/2020\\\/05\\\/valen\u00e7ac-1.png\",\"keywords\":[\"Sociedade\"],\"articleSection\":[\"Alto Minho\"],\"inLanguage\":\"pt-PT\",\"copyrightYear\":\"2020\",\"copyrightHolder\":{\"@id\":\"https:\\\/\\\/www.altominho.tv\\\/site\\\/#organization\"}},{\"@type\":\"WebPage\",\"@id\":\"https:\\\/\\\/www.altominho.tv\\\/site\\\/2020\\\/05\\\/23\\\/no-caminho-portugues-ate-santiago-faz-falta-o-som-dos-passos-de-milhares-de-peregrinos\\\/\",\"url\":\"https:\\\/\\\/www.altominho.tv\\\/site\\\/2020\\\/05\\\/23\\\/no-caminho-portugues-ate-santiago-faz-falta-o-som-dos-passos-de-milhares-de-peregrinos\\\/\",\"name\":\"No caminho portugu\u00eas at\u00e9 Santiago faz falta o som dos passos de milhares de peregrinos\",\"isPartOf\":{\"@id\":\"https:\\\/\\\/www.altominho.tv\\\/site\\\/#website\"},\"primaryImageOfPage\":{\"@id\":\"https:\\\/\\\/www.altominho.tv\\\/site\\\/2020\\\/05\\\/23\\\/no-caminho-portugues-ate-santiago-faz-falta-o-som-dos-passos-de-milhares-de-peregrinos\\\/#primaryimage\"},\"image\":{\"@id\":\"https:\\\/\\\/www.altominho.tv\\\/site\\\/2020\\\/05\\\/23\\\/no-caminho-portugues-ate-santiago-faz-falta-o-som-dos-passos-de-milhares-de-peregrinos\\\/#primaryimage\"},\"thumbnailUrl\":\"https:\\\/\\\/www.altominho.tv\\\/site\\\/wp-content\\\/uploads\\\/2020\\\/05\\\/valen\u00e7ac-1.png\",\"datePublished\":\"2020-05-23T07:20:54+00:00\",\"dateModified\":\"2020-05-23T07:20:59+00:00\",\"author\":{\"@id\":\"https:\\\/\\\/www.altominho.tv\\\/site\\\/#\\\/schema\\\/person\\\/63f693da3e1899361cbe955c46f3232e\"},\"breadcrumb\":{\"@id\":\"https:\\\/\\\/www.altominho.tv\\\/site\\\/2020\\\/05\\\/23\\\/no-caminho-portugues-ate-santiago-faz-falta-o-som-dos-passos-de-milhares-de-peregrinos\\\/#breadcrumb\"},\"inLanguage\":\"pt-PT\",\"potentialAction\":[{\"@type\":\"ReadAction\",\"target\":[\"https:\\\/\\\/www.altominho.tv\\\/site\\\/2020\\\/05\\\/23\\\/no-caminho-portugues-ate-santiago-faz-falta-o-som-dos-passos-de-milhares-de-peregrinos\\\/\"]}]},{\"@type\":\"ImageObject\",\"inLanguage\":\"pt-PT\",\"@id\":\"https:\\\/\\\/www.altominho.tv\\\/site\\\/2020\\\/05\\\/23\\\/no-caminho-portugues-ate-santiago-faz-falta-o-som-dos-passos-de-milhares-de-peregrinos\\\/#primaryimage\",\"url\":\"https:\\\/\\\/www.altominho.tv\\\/site\\\/wp-content\\\/uploads\\\/2020\\\/05\\\/valen\u00e7ac-1.png\",\"contentUrl\":\"https:\\\/\\\/www.altominho.tv\\\/site\\\/wp-content\\\/uploads\\\/2020\\\/05\\\/valen\u00e7ac-1.png\",\"width\":960,\"height\":720},{\"@type\":\"BreadcrumbList\",\"@id\":\"https:\\\/\\\/www.altominho.tv\\\/site\\\/2020\\\/05\\\/23\\\/no-caminho-portugues-ate-santiago-faz-falta-o-som-dos-passos-de-milhares-de-peregrinos\\\/#breadcrumb\",\"itemListElement\":[{\"@type\":\"ListItem\",\"position\":1,\"name\":\"In\u00edcio\",\"item\":\"https:\\\/\\\/www.altominho.tv\\\/site\\\/\"},{\"@type\":\"ListItem\",\"position\":2,\"name\":\"No caminho portugu\u00eas at\u00e9 Santiago faz falta o som dos passos de milhares de peregrinos\"}]},{\"@type\":\"WebSite\",\"@id\":\"https:\\\/\\\/www.altominho.tv\\\/site\\\/#website\",\"url\":\"https:\\\/\\\/www.altominho.tv\\\/site\\\/\",\"name\":\"Altominho.tv\",\"description\":\"A sua regi\u00e3o \u00e0 dist\u00e2ncia de um clique...\",\"potentialAction\":[{\"@type\":\"SearchAction\",\"target\":{\"@type\":\"EntryPoint\",\"urlTemplate\":\"https:\\\/\\\/www.altominho.tv\\\/site\\\/?s={search_term_string}\"},\"query-input\":{\"@type\":\"PropertyValueSpecification\",\"valueRequired\":true,\"valueName\":\"search_term_string\"}}],\"inLanguage\":\"pt-PT\"},{\"@type\":\"Person\",\"@id\":\"https:\\\/\\\/www.altominho.tv\\\/site\\\/#\\\/schema\\\/person\\\/63f693da3e1899361cbe955c46f3232e\",\"name\":\"Lusa\",\"image\":{\"@type\":\"ImageObject\",\"inLanguage\":\"pt-PT\",\"@id\":\"https:\\\/\\\/www.altominho.tv\\\/site\\\/wp-content\\\/uploads\\\/2019\\\/08\\\/LUSA_Logo.gif\",\"url\":\"https:\\\/\\\/www.altominho.tv\\\/site\\\/wp-content\\\/uploads\\\/2019\\\/08\\\/LUSA_Logo.gif\",\"contentUrl\":\"https:\\\/\\\/www.altominho.tv\\\/site\\\/wp-content\\\/uploads\\\/2019\\\/08\\\/LUSA_Logo.gif\",\"caption\":\"Lusa\"},\"sameAs\":[\"http:\\\/\\\/\\\/\\\/www.altominho.tv\\\/site\"],\"url\":\"https:\\\/\\\/www.altominho.tv\\\/site\\\/author\\\/lusa\\\/\"}]}<\/script>\n<!-- \/ Yoast SEO Premium plugin. -->","yoast_head_json":{"title":"No caminho portugu\u00eas at\u00e9 Santiago faz falta o som dos passos de milhares de peregrinos","robots":{"index":"index","follow":"follow","max-snippet":"max-snippet:-1","max-image-preview":"max-image-preview:large","max-video-preview":"max-video-preview:-1"},"canonical":"https:\/\/www.altominho.tv\/site\/2020\/05\/23\/no-caminho-portugues-ate-santiago-faz-falta-o-som-dos-passos-de-milhares-de-peregrinos\/","og_locale":"pt_PT","og_type":"article","og_title":"No caminho portugu\u00eas at\u00e9 Santiago faz falta o som dos passos de milhares de peregrinos","og_description":"No caminho portugu\u00eas pela costa, que parte do Porto e passa pelo Minho at\u00e9 Santiago de Compostela, na Galiza, ouve-se a natureza, mas falta o som dos passos de milhares de peregrinos que a pandemia silenciou nos dois pa\u00edses. &#8220;Ouvem-se os p\u00e1ssaros, os grilos, o vento, mas falta o som dos passos dos peregrinos, do [&hellip;]","og_url":"https:\/\/www.altominho.tv\/site\/2020\/05\/23\/no-caminho-portugues-ate-santiago-faz-falta-o-som-dos-passos-de-milhares-de-peregrinos\/","og_site_name":"Altominho.tv","article_publisher":"https:\/\/www.facebook.com\/altominhotv","article_published_time":"2020-05-23T07:20:54+00:00","article_modified_time":"2020-05-23T07:20:59+00:00","og_image":[{"width":960,"height":720,"url":"https:\/\/www.altominho.tv\/site\/wp-content\/uploads\/2020\/05\/valen\u00e7ac-1.png","type":"image\/png"}],"author":"Lusa","twitter_card":"summary_large_image","twitter_creator":"@altominhoTV","twitter_site":"@altominhoTV","twitter_misc":{"Escrito por":"Lusa","Tempo estimado de leitura":"5 minutos"},"schema":{"@context":"https:\/\/schema.org","@graph":[{"@type":"Article","@id":"https:\/\/www.altominho.tv\/site\/2020\/05\/23\/no-caminho-portugues-ate-santiago-faz-falta-o-som-dos-passos-de-milhares-de-peregrinos\/#article","isPartOf":{"@id":"https:\/\/www.altominho.tv\/site\/2020\/05\/23\/no-caminho-portugues-ate-santiago-faz-falta-o-som-dos-passos-de-milhares-de-peregrinos\/"},"author":{"name":"Lusa","@id":"https:\/\/www.altominho.tv\/site\/#\/schema\/person\/63f693da3e1899361cbe955c46f3232e"},"headline":"No caminho portugu\u00eas at\u00e9 Santiago faz falta o som dos passos de milhares de peregrinos","datePublished":"2020-05-23T07:20:54+00:00","dateModified":"2020-05-23T07:20:59+00:00","mainEntityOfPage":{"@id":"https:\/\/www.altominho.tv\/site\/2020\/05\/23\/no-caminho-portugues-ate-santiago-faz-falta-o-som-dos-passos-de-milhares-de-peregrinos\/"},"wordCount":1096,"image":{"@id":"https:\/\/www.altominho.tv\/site\/2020\/05\/23\/no-caminho-portugues-ate-santiago-faz-falta-o-som-dos-passos-de-milhares-de-peregrinos\/#primaryimage"},"thumbnailUrl":"https:\/\/www.altominho.tv\/site\/wp-content\/uploads\/2020\/05\/valen\u00e7ac-1.png","keywords":["Sociedade"],"articleSection":["Alto Minho"],"inLanguage":"pt-PT","copyrightYear":"2020","copyrightHolder":{"@id":"https:\/\/www.altominho.tv\/site\/#organization"}},{"@type":"WebPage","@id":"https:\/\/www.altominho.tv\/site\/2020\/05\/23\/no-caminho-portugues-ate-santiago-faz-falta-o-som-dos-passos-de-milhares-de-peregrinos\/","url":"https:\/\/www.altominho.tv\/site\/2020\/05\/23\/no-caminho-portugues-ate-santiago-faz-falta-o-som-dos-passos-de-milhares-de-peregrinos\/","name":"No caminho portugu\u00eas at\u00e9 Santiago faz falta o som dos passos de milhares de peregrinos","isPartOf":{"@id":"https:\/\/www.altominho.tv\/site\/#website"},"primaryImageOfPage":{"@id":"https:\/\/www.altominho.tv\/site\/2020\/05\/23\/no-caminho-portugues-ate-santiago-faz-falta-o-som-dos-passos-de-milhares-de-peregrinos\/#primaryimage"},"image":{"@id":"https:\/\/www.altominho.tv\/site\/2020\/05\/23\/no-caminho-portugues-ate-santiago-faz-falta-o-som-dos-passos-de-milhares-de-peregrinos\/#primaryimage"},"thumbnailUrl":"https:\/\/www.altominho.tv\/site\/wp-content\/uploads\/2020\/05\/valen\u00e7ac-1.png","datePublished":"2020-05-23T07:20:54+00:00","dateModified":"2020-05-23T07:20:59+00:00","author":{"@id":"https:\/\/www.altominho.tv\/site\/#\/schema\/person\/63f693da3e1899361cbe955c46f3232e"},"breadcrumb":{"@id":"https:\/\/www.altominho.tv\/site\/2020\/05\/23\/no-caminho-portugues-ate-santiago-faz-falta-o-som-dos-passos-de-milhares-de-peregrinos\/#breadcrumb"},"inLanguage":"pt-PT","potentialAction":[{"@type":"ReadAction","target":["https:\/\/www.altominho.tv\/site\/2020\/05\/23\/no-caminho-portugues-ate-santiago-faz-falta-o-som-dos-passos-de-milhares-de-peregrinos\/"]}]},{"@type":"ImageObject","inLanguage":"pt-PT","@id":"https:\/\/www.altominho.tv\/site\/2020\/05\/23\/no-caminho-portugues-ate-santiago-faz-falta-o-som-dos-passos-de-milhares-de-peregrinos\/#primaryimage","url":"https:\/\/www.altominho.tv\/site\/wp-content\/uploads\/2020\/05\/valen\u00e7ac-1.png","contentUrl":"https:\/\/www.altominho.tv\/site\/wp-content\/uploads\/2020\/05\/valen\u00e7ac-1.png","width":960,"height":720},{"@type":"BreadcrumbList","@id":"https:\/\/www.altominho.tv\/site\/2020\/05\/23\/no-caminho-portugues-ate-santiago-faz-falta-o-som-dos-passos-de-milhares-de-peregrinos\/#breadcrumb","itemListElement":[{"@type":"ListItem","position":1,"name":"In\u00edcio","item":"https:\/\/www.altominho.tv\/site\/"},{"@type":"ListItem","position":2,"name":"No caminho portugu\u00eas at\u00e9 Santiago faz falta o som dos passos de milhares de peregrinos"}]},{"@type":"WebSite","@id":"https:\/\/www.altominho.tv\/site\/#website","url":"https:\/\/www.altominho.tv\/site\/","name":"Altominho.tv","description":"A sua regi\u00e3o \u00e0 dist\u00e2ncia de um clique...","potentialAction":[{"@type":"SearchAction","target":{"@type":"EntryPoint","urlTemplate":"https:\/\/www.altominho.tv\/site\/?s={search_term_string}"},"query-input":{"@type":"PropertyValueSpecification","valueRequired":true,"valueName":"search_term_string"}}],"inLanguage":"pt-PT"},{"@type":"Person","@id":"https:\/\/www.altominho.tv\/site\/#\/schema\/person\/63f693da3e1899361cbe955c46f3232e","name":"Lusa","image":{"@type":"ImageObject","inLanguage":"pt-PT","@id":"https:\/\/www.altominho.tv\/site\/wp-content\/uploads\/2019\/08\/LUSA_Logo.gif","url":"https:\/\/www.altominho.tv\/site\/wp-content\/uploads\/2019\/08\/LUSA_Logo.gif","contentUrl":"https:\/\/www.altominho.tv\/site\/wp-content\/uploads\/2019\/08\/LUSA_Logo.gif","caption":"Lusa"},"sameAs":["http:\/\/\/\/www.altominho.tv\/site"],"url":"https:\/\/www.altominho.tv\/site\/author\/lusa\/"}]}},"_links":{"self":[{"href":"https:\/\/www.altominho.tv\/site\/wp-json\/wp\/v2\/posts\/46875","targetHints":{"allow":["GET"]}}],"collection":[{"href":"https:\/\/www.altominho.tv\/site\/wp-json\/wp\/v2\/posts"}],"about":[{"href":"https:\/\/www.altominho.tv\/site\/wp-json\/wp\/v2\/types\/post"}],"author":[{"embeddable":true,"href":"https:\/\/www.altominho.tv\/site\/wp-json\/wp\/v2\/users\/13"}],"replies":[{"embeddable":true,"href":"https:\/\/www.altominho.tv\/site\/wp-json\/wp\/v2\/comments?post=46875"}],"version-history":[{"count":0,"href":"https:\/\/www.altominho.tv\/site\/wp-json\/wp\/v2\/posts\/46875\/revisions"}],"wp:featuredmedia":[{"embeddable":true,"href":"https:\/\/www.altominho.tv\/site\/wp-json\/wp\/v2\/media\/46876"}],"wp:attachment":[{"href":"https:\/\/www.altominho.tv\/site\/wp-json\/wp\/v2\/media?parent=46875"}],"wp:term":[{"taxonomy":"category","embeddable":true,"href":"https:\/\/www.altominho.tv\/site\/wp-json\/wp\/v2\/categories?post=46875"},{"taxonomy":"post_tag","embeddable":true,"href":"https:\/\/www.altominho.tv\/site\/wp-json\/wp\/v2\/tags?post=46875"}],"curies":[{"name":"wp","href":"https:\/\/api.w.org\/{rel}","templated":true}]}}