{"id":46849,"date":"2020-05-22T17:49:25","date_gmt":"2020-05-22T16:49:25","guid":{"rendered":"http:\/\/www.altominho.tv\/site\/?p=46849"},"modified":"2020-05-24T20:47:34","modified_gmt":"2020-05-24T19:47:34","slug":"reabertura-do-pre-escolar-criancas-dispensadas-de-usar-mascara-e-privilegiadas-atividades-ao-ar-livre","status":"publish","type":"post","link":"https:\/\/www.altominho.tv\/site\/2020\/05\/22\/reabertura-do-pre-escolar-criancas-dispensadas-de-usar-mascara-e-privilegiadas-atividades-ao-ar-livre\/","title":{"rendered":"Reabertura do pr\u00e9-escolar: crian\u00e7as dispensadas de usar m\u00e1scara e privilegiadas atividades ao ar livre"},"content":{"rendered":"<p>Depois da reabertura das creches e escolas secund\u00e1rias, as crian\u00e7as que frequentam o ensino pr\u00e9-escolar v\u00e3o poder regressar \u00e0 escola no pr\u00f3ximo dia 1 de junho. O Minist\u00e9rio da Educa\u00e7\u00e3o divulgou esta sexta-feira as orienta\u00e7\u00f5es para a reabertura dos estabelecimentos.<\/p>\n<p><span style=\"font-size: inherit\">As orienta\u00e7\u00f5es s\u00e3o semelhantes \u00e0s j\u00e1 praticadas pelas creches. Os pais devem deixar os filhos \u00e0 porta dos estabelecimentos e n\u00e3o circular no interior das instala\u00e7\u00f5es e n\u00e3o devem autorizar &#8220;as crian\u00e7as a levar de casa brinquedos ou outros objetos n\u00e3o necess\u00e1rios&#8221;. O mesmo deve ser feito pelos estabelecimentos ao utilizarem apenas o estritamente necess\u00e1rio para as atividades e tarefas.<\/span><\/p>\n<p>As crian\u00e7as est\u00e3o dispensadas de usar m\u00e1scara de prote\u00e7\u00e3o, estas devem ser utilizadas apenas pelo pessoal docente e n\u00e3o docente, e todos &#8220;devem ser organizados em salas ou outros espa\u00e7os&#8221;.<\/p>\n<p>Os<span style=\"font-size: inherit\"> estabelecimentos devem privilegiar &#8220;as atividades que decorram no exterior (p\u00e1tios, logradouros, jardins), em regime rotativo&#8221; e &#8220;garantir a exist\u00eancia de material individual necess\u00e1rio para cada atividade&#8221;.<\/span><\/p>\n<div class=\"slab-400 all-100 selectionShareable\">\n<p>O documento com as orienta\u00e7\u00f5es refere que as &#8220;crian\u00e7as devem trocar o cal\u00e7ado que levam de casa por outro apenas utilizado no espa\u00e7o do Jardim de Inf\u00e2ncia&#8221;, acrescentando que &#8220;este cal\u00e7ado extra permanece no estabelecimento de educa\u00e7\u00e3o, devendo ser higienizado, todos os dias, ap\u00f3s a sa\u00edda da crian\u00e7a.&#8221;<\/p>\n<p>As orienta\u00e7\u00f5es do Minist\u00e9rio da Educa\u00e7\u00e3o indicam ainda que &#8220;sempre que poss\u00edvel, e que tal n\u00e3o comprometa a seguran\u00e7a das crian\u00e7as (portas com barreira de seguran\u00e7a e janelas que n\u00e3o estejam ao alcance), deve manter-se as janelas e\/ou portas das salas abertas, de modo a permitir uma melhor circula\u00e7\u00e3o do ar&#8221;.<\/p>\n<p class=\"selectionShareable\">Nas idas \u00e0 casa de banho devem-se evitar &#8220;concentra\u00e7\u00f5es&#8221; e h\u00e1 ainda a necessidade de proceder \u00e0 divis\u00e3o entre espa\u00e7os &#8220;sujos&#8221; e &#8220;limpos&#8221;, com a cria\u00e7\u00e3o de circuitos de entrada e sa\u00edda.<\/p>\n<p>Durante o per\u00edodo de refei\u00e7\u00f5es, a desloca\u00e7\u00e3o para a sala de refei\u00e7\u00f5es deve ser desfasada para evitar o cruzamento de crian\u00e7as, ou, quando tal n\u00e3o for poss\u00edvel, ser\u00e1 de considerar fazer as refei\u00e7\u00f5es na sala de atividades. &#8220;Antes e depois das refei\u00e7\u00f5es, as crian\u00e7as devem lavar as m\u00e3os acompanhadas, para que o fa\u00e7am de forma correta; os lugares devem estar marcados, de forma a assegurar o m\u00e1ximo de distanciamento f\u00edsico poss\u00edvel entre crian\u00e7as; deve ser realizada, entre trocas de turno, a adequada limpeza e desinfe\u00e7\u00e3o das superf\u00edcies utilizadas&#8221;, refere o mesmo documento.<\/p>\n<p class=\"selectionShareable\">O Minist\u00e9rio da Educa\u00e7\u00e3o real\u00e7a que, apesar das regras de distanciamento f\u00edsico, &#8220;importa n\u00e3o perder de vista a import\u00e2ncia das aprendizagens e do desenvolvimento das crian\u00e7as e a garantia do seu direito de brincar&#8221;.<\/p>\n<p>&#8220;Conversar com as crian\u00e7as acerca das altera\u00e7\u00f5es das suas rotinas e ouvir as suas opini\u00f5es e sugest\u00f5es&#8221;, bem como &#8220;realizar o registo das novas regras de seguran\u00e7a&#8221; atrav\u00e9s da elabora\u00e7\u00e3o de cartazes e panfletos s\u00e3o algumas das estrat\u00e9gicas sugeridas pelo Minist\u00e9rio.<\/p>\n<p>De acordo com as orienta\u00e7\u00f5es, nesta fase, &#8220;devem-se cancelar festas e reuni\u00f5es de encarregados de educa\u00e7\u00e3o presenciais&#8221;.<\/p>\n<\/div>\n","protected":false},"excerpt":{"rendered":"<p>Depois da reabertura das creches e escolas secund\u00e1rias, as crian\u00e7as que frequentam o ensino pr\u00e9-escolar v\u00e3o poder regressar \u00e0 escola no pr\u00f3ximo dia 1 de junho. O Minist\u00e9rio da Educa\u00e7\u00e3o divulgou esta sexta-feira as orienta\u00e7\u00f5es para a reabertura dos estabelecimentos. As orienta\u00e7\u00f5es s\u00e3o semelhantes \u00e0s j\u00e1 praticadas pelas creches. Os pais devem deixar os filhos [&hellip;]<\/p>\n","protected":false},"author":12,"featured_media":46851,"comment_status":"closed","ping_status":"closed","sticky":false,"template":"","format":"standard","meta":{"_exactmetrics_skip_tracking":false,"_exactmetrics_sitenote_active":false,"_exactmetrics_sitenote_note":"","_exactmetrics_sitenote_category":0,"footnotes":""},"categories":[73],"tags":[22],"class_list":["post-46849","post","type-post","status-publish","format-standard","has-post-thumbnail","hentry","category-alto-minho","tag-educacao"],"yoast_head":"<!-- This site is optimized with the Yoast SEO Premium plugin v27.4 (Yoast SEO v27.4) - https:\/\/yoast.com\/product\/yoast-seo-premium-wordpress\/ -->\n<title>Reabertura do pr\u00e9-escolar: crian\u00e7as dispensadas de usar m\u00e1scara e privilegiadas atividades ao ar livre<\/title>\n<meta name=\"robots\" content=\"index, follow, max-snippet:-1, max-image-preview:large, max-video-preview:-1\" \/>\n<link rel=\"canonical\" href=\"https:\/\/www.altominho.tv\/site\/2020\/05\/22\/reabertura-do-pre-escolar-criancas-dispensadas-de-usar-mascara-e-privilegiadas-atividades-ao-ar-livre\/\" \/>\n<meta property=\"og:locale\" content=\"pt_PT\" \/>\n<meta property=\"og:type\" content=\"article\" \/>\n<meta property=\"og:title\" content=\"Reabertura do pr\u00e9-escolar: crian\u00e7as dispensadas de usar m\u00e1scara e privilegiadas atividades ao ar livre\" \/>\n<meta property=\"og:description\" content=\"Depois da reabertura das creches e escolas secund\u00e1rias, as crian\u00e7as que frequentam o ensino pr\u00e9-escolar v\u00e3o poder regressar \u00e0 escola no pr\u00f3ximo dia 1 de junho. O Minist\u00e9rio da Educa\u00e7\u00e3o divulgou esta sexta-feira as orienta\u00e7\u00f5es para a reabertura dos estabelecimentos. As orienta\u00e7\u00f5es s\u00e3o semelhantes \u00e0s j\u00e1 praticadas pelas creches. Os pais devem deixar os filhos [&hellip;]\" \/>\n<meta property=\"og:url\" content=\"https:\/\/www.altominho.tv\/site\/2020\/05\/22\/reabertura-do-pre-escolar-criancas-dispensadas-de-usar-mascara-e-privilegiadas-atividades-ao-ar-livre\/\" \/>\n<meta property=\"og:site_name\" content=\"Altominho.tv\" \/>\n<meta property=\"article:publisher\" content=\"https:\/\/www.facebook.com\/altominhotv\" \/>\n<meta property=\"article:published_time\" content=\"2020-05-22T16:49:25+00:00\" \/>\n<meta property=\"article:modified_time\" content=\"2020-05-24T19:47:34+00:00\" \/>\n<meta property=\"og:image\" content=\"https:\/\/www.altominho.tv\/site\/wp-content\/uploads\/2020\/05\/child-865116_1920.jpg\" \/>\n\t<meta property=\"og:image:width\" content=\"1920\" \/>\n\t<meta property=\"og:image:height\" content=\"1280\" \/>\n\t<meta property=\"og:image:type\" content=\"image\/jpeg\" \/>\n<meta name=\"author\" content=\"Andreia Ferreira\" \/>\n<meta name=\"twitter:card\" content=\"summary_large_image\" \/>\n<meta name=\"twitter:creator\" content=\"@altominhoTV\" \/>\n<meta name=\"twitter:site\" content=\"@altominhoTV\" \/>\n<meta name=\"twitter:label1\" content=\"Escrito por\" \/>\n\t<meta name=\"twitter:data1\" content=\"Andreia Ferreira\" \/>\n\t<meta name=\"twitter:label2\" content=\"Tempo estimado de leitura\" \/>\n\t<meta name=\"twitter:data2\" content=\"3 minutos\" \/>\n<script type=\"application\/ld+json\" class=\"yoast-schema-graph\">{\"@context\":\"https:\\\/\\\/schema.org\",\"@graph\":[{\"@type\":\"Article\",\"@id\":\"https:\\\/\\\/www.altominho.tv\\\/site\\\/2020\\\/05\\\/22\\\/reabertura-do-pre-escolar-criancas-dispensadas-de-usar-mascara-e-privilegiadas-atividades-ao-ar-livre\\\/#article\",\"isPartOf\":{\"@id\":\"https:\\\/\\\/www.altominho.tv\\\/site\\\/2020\\\/05\\\/22\\\/reabertura-do-pre-escolar-criancas-dispensadas-de-usar-mascara-e-privilegiadas-atividades-ao-ar-livre\\\/\"},\"author\":{\"name\":\"Andreia Ferreira\",\"@id\":\"https:\\\/\\\/www.altominho.tv\\\/site\\\/#\\\/schema\\\/person\\\/d9be4265364723f14ea8e0d56a1d38cd\"},\"headline\":\"Reabertura do pr\u00e9-escolar: crian\u00e7as dispensadas de usar m\u00e1scara e privilegiadas atividades ao ar livre\",\"datePublished\":\"2020-05-22T16:49:25+00:00\",\"dateModified\":\"2020-05-24T19:47:34+00:00\",\"mainEntityOfPage\":{\"@id\":\"https:\\\/\\\/www.altominho.tv\\\/site\\\/2020\\\/05\\\/22\\\/reabertura-do-pre-escolar-criancas-dispensadas-de-usar-mascara-e-privilegiadas-atividades-ao-ar-livre\\\/\"},\"wordCount\":574,\"image\":{\"@id\":\"https:\\\/\\\/www.altominho.tv\\\/site\\\/2020\\\/05\\\/22\\\/reabertura-do-pre-escolar-criancas-dispensadas-de-usar-mascara-e-privilegiadas-atividades-ao-ar-livre\\\/#primaryimage\"},\"thumbnailUrl\":\"https:\\\/\\\/www.altominho.tv\\\/site\\\/wp-content\\\/uploads\\\/2020\\\/05\\\/child-865116_1920.jpg\",\"keywords\":[\"Educa\u00e7\u00e3o\"],\"articleSection\":[\"Alto Minho\"],\"inLanguage\":\"pt-PT\",\"copyrightYear\":\"2020\",\"copyrightHolder\":{\"@id\":\"https:\\\/\\\/www.altominho.tv\\\/site\\\/#organization\"}},{\"@type\":\"WebPage\",\"@id\":\"https:\\\/\\\/www.altominho.tv\\\/site\\\/2020\\\/05\\\/22\\\/reabertura-do-pre-escolar-criancas-dispensadas-de-usar-mascara-e-privilegiadas-atividades-ao-ar-livre\\\/\",\"url\":\"https:\\\/\\\/www.altominho.tv\\\/site\\\/2020\\\/05\\\/22\\\/reabertura-do-pre-escolar-criancas-dispensadas-de-usar-mascara-e-privilegiadas-atividades-ao-ar-livre\\\/\",\"name\":\"Reabertura do pr\u00e9-escolar: crian\u00e7as dispensadas de usar m\u00e1scara e privilegiadas atividades ao ar livre\",\"isPartOf\":{\"@id\":\"https:\\\/\\\/www.altominho.tv\\\/site\\\/#website\"},\"primaryImageOfPage\":{\"@id\":\"https:\\\/\\\/www.altominho.tv\\\/site\\\/2020\\\/05\\\/22\\\/reabertura-do-pre-escolar-criancas-dispensadas-de-usar-mascara-e-privilegiadas-atividades-ao-ar-livre\\\/#primaryimage\"},\"image\":{\"@id\":\"https:\\\/\\\/www.altominho.tv\\\/site\\\/2020\\\/05\\\/22\\\/reabertura-do-pre-escolar-criancas-dispensadas-de-usar-mascara-e-privilegiadas-atividades-ao-ar-livre\\\/#primaryimage\"},\"thumbnailUrl\":\"https:\\\/\\\/www.altominho.tv\\\/site\\\/wp-content\\\/uploads\\\/2020\\\/05\\\/child-865116_1920.jpg\",\"datePublished\":\"2020-05-22T16:49:25+00:00\",\"dateModified\":\"2020-05-24T19:47:34+00:00\",\"author\":{\"@id\":\"https:\\\/\\\/www.altominho.tv\\\/site\\\/#\\\/schema\\\/person\\\/d9be4265364723f14ea8e0d56a1d38cd\"},\"breadcrumb\":{\"@id\":\"https:\\\/\\\/www.altominho.tv\\\/site\\\/2020\\\/05\\\/22\\\/reabertura-do-pre-escolar-criancas-dispensadas-de-usar-mascara-e-privilegiadas-atividades-ao-ar-livre\\\/#breadcrumb\"},\"inLanguage\":\"pt-PT\",\"potentialAction\":[{\"@type\":\"ReadAction\",\"target\":[\"https:\\\/\\\/www.altominho.tv\\\/site\\\/2020\\\/05\\\/22\\\/reabertura-do-pre-escolar-criancas-dispensadas-de-usar-mascara-e-privilegiadas-atividades-ao-ar-livre\\\/\"]}]},{\"@type\":\"ImageObject\",\"inLanguage\":\"pt-PT\",\"@id\":\"https:\\\/\\\/www.altominho.tv\\\/site\\\/2020\\\/05\\\/22\\\/reabertura-do-pre-escolar-criancas-dispensadas-de-usar-mascara-e-privilegiadas-atividades-ao-ar-livre\\\/#primaryimage\",\"url\":\"https:\\\/\\\/www.altominho.tv\\\/site\\\/wp-content\\\/uploads\\\/2020\\\/05\\\/child-865116_1920.jpg\",\"contentUrl\":\"https:\\\/\\\/www.altominho.tv\\\/site\\\/wp-content\\\/uploads\\\/2020\\\/05\\\/child-865116_1920.jpg\",\"width\":1920,\"height\":1280,\"caption\":\"PIXABAY\"},{\"@type\":\"BreadcrumbList\",\"@id\":\"https:\\\/\\\/www.altominho.tv\\\/site\\\/2020\\\/05\\\/22\\\/reabertura-do-pre-escolar-criancas-dispensadas-de-usar-mascara-e-privilegiadas-atividades-ao-ar-livre\\\/#breadcrumb\",\"itemListElement\":[{\"@type\":\"ListItem\",\"position\":1,\"name\":\"In\u00edcio\",\"item\":\"https:\\\/\\\/www.altominho.tv\\\/site\\\/\"},{\"@type\":\"ListItem\",\"position\":2,\"name\":\"Reabertura do pr\u00e9-escolar: crian\u00e7as dispensadas de usar m\u00e1scara e privilegiadas atividades ao ar livre\"}]},{\"@type\":\"WebSite\",\"@id\":\"https:\\\/\\\/www.altominho.tv\\\/site\\\/#website\",\"url\":\"https:\\\/\\\/www.altominho.tv\\\/site\\\/\",\"name\":\"Altominho.tv\",\"description\":\"A sua regi\u00e3o \u00e0 dist\u00e2ncia de um clique...\",\"potentialAction\":[{\"@type\":\"SearchAction\",\"target\":{\"@type\":\"EntryPoint\",\"urlTemplate\":\"https:\\\/\\\/www.altominho.tv\\\/site\\\/?s={search_term_string}\"},\"query-input\":{\"@type\":\"PropertyValueSpecification\",\"valueRequired\":true,\"valueName\":\"search_term_string\"}}],\"inLanguage\":\"pt-PT\"},{\"@type\":\"Person\",\"@id\":\"https:\\\/\\\/www.altominho.tv\\\/site\\\/#\\\/schema\\\/person\\\/d9be4265364723f14ea8e0d56a1d38cd\",\"name\":\"Andreia Ferreira\",\"image\":{\"@type\":\"ImageObject\",\"inLanguage\":\"pt-PT\",\"@id\":\"https:\\\/\\\/www.altominho.tv\\\/site\\\/wp-content\\\/uploads\\\/2021\\\/01\\\/AndreiaFerreira-150x150.jpg\",\"url\":\"https:\\\/\\\/www.altominho.tv\\\/site\\\/wp-content\\\/uploads\\\/2021\\\/01\\\/AndreiaFerreira-150x150.jpg\",\"contentUrl\":\"https:\\\/\\\/www.altominho.tv\\\/site\\\/wp-content\\\/uploads\\\/2021\\\/01\\\/AndreiaFerreira-150x150.jpg\",\"caption\":\"Andreia Ferreira\"},\"url\":\"https:\\\/\\\/www.altominho.tv\\\/site\\\/author\\\/andreiaferreira\\\/\"}]}<\/script>\n<!-- \/ Yoast SEO Premium plugin. -->","yoast_head_json":{"title":"Reabertura do pr\u00e9-escolar: crian\u00e7as dispensadas de usar m\u00e1scara e privilegiadas atividades ao ar livre","robots":{"index":"index","follow":"follow","max-snippet":"max-snippet:-1","max-image-preview":"max-image-preview:large","max-video-preview":"max-video-preview:-1"},"canonical":"https:\/\/www.altominho.tv\/site\/2020\/05\/22\/reabertura-do-pre-escolar-criancas-dispensadas-de-usar-mascara-e-privilegiadas-atividades-ao-ar-livre\/","og_locale":"pt_PT","og_type":"article","og_title":"Reabertura do pr\u00e9-escolar: crian\u00e7as dispensadas de usar m\u00e1scara e privilegiadas atividades ao ar livre","og_description":"Depois da reabertura das creches e escolas secund\u00e1rias, as crian\u00e7as que frequentam o ensino pr\u00e9-escolar v\u00e3o poder regressar \u00e0 escola no pr\u00f3ximo dia 1 de junho. O Minist\u00e9rio da Educa\u00e7\u00e3o divulgou esta sexta-feira as orienta\u00e7\u00f5es para a reabertura dos estabelecimentos. As orienta\u00e7\u00f5es s\u00e3o semelhantes \u00e0s j\u00e1 praticadas pelas creches. Os pais devem deixar os filhos [&hellip;]","og_url":"https:\/\/www.altominho.tv\/site\/2020\/05\/22\/reabertura-do-pre-escolar-criancas-dispensadas-de-usar-mascara-e-privilegiadas-atividades-ao-ar-livre\/","og_site_name":"Altominho.tv","article_publisher":"https:\/\/www.facebook.com\/altominhotv","article_published_time":"2020-05-22T16:49:25+00:00","article_modified_time":"2020-05-24T19:47:34+00:00","og_image":[{"width":1920,"height":1280,"url":"https:\/\/www.altominho.tv\/site\/wp-content\/uploads\/2020\/05\/child-865116_1920.jpg","type":"image\/jpeg"}],"author":"Andreia Ferreira","twitter_card":"summary_large_image","twitter_creator":"@altominhoTV","twitter_site":"@altominhoTV","twitter_misc":{"Escrito por":"Andreia Ferreira","Tempo estimado de leitura":"3 minutos"},"schema":{"@context":"https:\/\/schema.org","@graph":[{"@type":"Article","@id":"https:\/\/www.altominho.tv\/site\/2020\/05\/22\/reabertura-do-pre-escolar-criancas-dispensadas-de-usar-mascara-e-privilegiadas-atividades-ao-ar-livre\/#article","isPartOf":{"@id":"https:\/\/www.altominho.tv\/site\/2020\/05\/22\/reabertura-do-pre-escolar-criancas-dispensadas-de-usar-mascara-e-privilegiadas-atividades-ao-ar-livre\/"},"author":{"name":"Andreia Ferreira","@id":"https:\/\/www.altominho.tv\/site\/#\/schema\/person\/d9be4265364723f14ea8e0d56a1d38cd"},"headline":"Reabertura do pr\u00e9-escolar: crian\u00e7as dispensadas de usar m\u00e1scara e privilegiadas atividades ao ar livre","datePublished":"2020-05-22T16:49:25+00:00","dateModified":"2020-05-24T19:47:34+00:00","mainEntityOfPage":{"@id":"https:\/\/www.altominho.tv\/site\/2020\/05\/22\/reabertura-do-pre-escolar-criancas-dispensadas-de-usar-mascara-e-privilegiadas-atividades-ao-ar-livre\/"},"wordCount":574,"image":{"@id":"https:\/\/www.altominho.tv\/site\/2020\/05\/22\/reabertura-do-pre-escolar-criancas-dispensadas-de-usar-mascara-e-privilegiadas-atividades-ao-ar-livre\/#primaryimage"},"thumbnailUrl":"https:\/\/www.altominho.tv\/site\/wp-content\/uploads\/2020\/05\/child-865116_1920.jpg","keywords":["Educa\u00e7\u00e3o"],"articleSection":["Alto Minho"],"inLanguage":"pt-PT","copyrightYear":"2020","copyrightHolder":{"@id":"https:\/\/www.altominho.tv\/site\/#organization"}},{"@type":"WebPage","@id":"https:\/\/www.altominho.tv\/site\/2020\/05\/22\/reabertura-do-pre-escolar-criancas-dispensadas-de-usar-mascara-e-privilegiadas-atividades-ao-ar-livre\/","url":"https:\/\/www.altominho.tv\/site\/2020\/05\/22\/reabertura-do-pre-escolar-criancas-dispensadas-de-usar-mascara-e-privilegiadas-atividades-ao-ar-livre\/","name":"Reabertura do pr\u00e9-escolar: crian\u00e7as dispensadas de usar m\u00e1scara e privilegiadas atividades ao ar livre","isPartOf":{"@id":"https:\/\/www.altominho.tv\/site\/#website"},"primaryImageOfPage":{"@id":"https:\/\/www.altominho.tv\/site\/2020\/05\/22\/reabertura-do-pre-escolar-criancas-dispensadas-de-usar-mascara-e-privilegiadas-atividades-ao-ar-livre\/#primaryimage"},"image":{"@id":"https:\/\/www.altominho.tv\/site\/2020\/05\/22\/reabertura-do-pre-escolar-criancas-dispensadas-de-usar-mascara-e-privilegiadas-atividades-ao-ar-livre\/#primaryimage"},"thumbnailUrl":"https:\/\/www.altominho.tv\/site\/wp-content\/uploads\/2020\/05\/child-865116_1920.jpg","datePublished":"2020-05-22T16:49:25+00:00","dateModified":"2020-05-24T19:47:34+00:00","author":{"@id":"https:\/\/www.altominho.tv\/site\/#\/schema\/person\/d9be4265364723f14ea8e0d56a1d38cd"},"breadcrumb":{"@id":"https:\/\/www.altominho.tv\/site\/2020\/05\/22\/reabertura-do-pre-escolar-criancas-dispensadas-de-usar-mascara-e-privilegiadas-atividades-ao-ar-livre\/#breadcrumb"},"inLanguage":"pt-PT","potentialAction":[{"@type":"ReadAction","target":["https:\/\/www.altominho.tv\/site\/2020\/05\/22\/reabertura-do-pre-escolar-criancas-dispensadas-de-usar-mascara-e-privilegiadas-atividades-ao-ar-livre\/"]}]},{"@type":"ImageObject","inLanguage":"pt-PT","@id":"https:\/\/www.altominho.tv\/site\/2020\/05\/22\/reabertura-do-pre-escolar-criancas-dispensadas-de-usar-mascara-e-privilegiadas-atividades-ao-ar-livre\/#primaryimage","url":"https:\/\/www.altominho.tv\/site\/wp-content\/uploads\/2020\/05\/child-865116_1920.jpg","contentUrl":"https:\/\/www.altominho.tv\/site\/wp-content\/uploads\/2020\/05\/child-865116_1920.jpg","width":1920,"height":1280,"caption":"PIXABAY"},{"@type":"BreadcrumbList","@id":"https:\/\/www.altominho.tv\/site\/2020\/05\/22\/reabertura-do-pre-escolar-criancas-dispensadas-de-usar-mascara-e-privilegiadas-atividades-ao-ar-livre\/#breadcrumb","itemListElement":[{"@type":"ListItem","position":1,"name":"In\u00edcio","item":"https:\/\/www.altominho.tv\/site\/"},{"@type":"ListItem","position":2,"name":"Reabertura do pr\u00e9-escolar: crian\u00e7as dispensadas de usar m\u00e1scara e privilegiadas atividades ao ar livre"}]},{"@type":"WebSite","@id":"https:\/\/www.altominho.tv\/site\/#website","url":"https:\/\/www.altominho.tv\/site\/","name":"Altominho.tv","description":"A sua regi\u00e3o \u00e0 dist\u00e2ncia de um clique...","potentialAction":[{"@type":"SearchAction","target":{"@type":"EntryPoint","urlTemplate":"https:\/\/www.altominho.tv\/site\/?s={search_term_string}"},"query-input":{"@type":"PropertyValueSpecification","valueRequired":true,"valueName":"search_term_string"}}],"inLanguage":"pt-PT"},{"@type":"Person","@id":"https:\/\/www.altominho.tv\/site\/#\/schema\/person\/d9be4265364723f14ea8e0d56a1d38cd","name":"Andreia Ferreira","image":{"@type":"ImageObject","inLanguage":"pt-PT","@id":"https:\/\/www.altominho.tv\/site\/wp-content\/uploads\/2021\/01\/AndreiaFerreira-150x150.jpg","url":"https:\/\/www.altominho.tv\/site\/wp-content\/uploads\/2021\/01\/AndreiaFerreira-150x150.jpg","contentUrl":"https:\/\/www.altominho.tv\/site\/wp-content\/uploads\/2021\/01\/AndreiaFerreira-150x150.jpg","caption":"Andreia Ferreira"},"url":"https:\/\/www.altominho.tv\/site\/author\/andreiaferreira\/"}]}},"_links":{"self":[{"href":"https:\/\/www.altominho.tv\/site\/wp-json\/wp\/v2\/posts\/46849","targetHints":{"allow":["GET"]}}],"collection":[{"href":"https:\/\/www.altominho.tv\/site\/wp-json\/wp\/v2\/posts"}],"about":[{"href":"https:\/\/www.altominho.tv\/site\/wp-json\/wp\/v2\/types\/post"}],"author":[{"embeddable":true,"href":"https:\/\/www.altominho.tv\/site\/wp-json\/wp\/v2\/users\/12"}],"replies":[{"embeddable":true,"href":"https:\/\/www.altominho.tv\/site\/wp-json\/wp\/v2\/comments?post=46849"}],"version-history":[{"count":0,"href":"https:\/\/www.altominho.tv\/site\/wp-json\/wp\/v2\/posts\/46849\/revisions"}],"wp:featuredmedia":[{"embeddable":true,"href":"https:\/\/www.altominho.tv\/site\/wp-json\/wp\/v2\/media\/46851"}],"wp:attachment":[{"href":"https:\/\/www.altominho.tv\/site\/wp-json\/wp\/v2\/media?parent=46849"}],"wp:term":[{"taxonomy":"category","embeddable":true,"href":"https:\/\/www.altominho.tv\/site\/wp-json\/wp\/v2\/categories?post=46849"},{"taxonomy":"post_tag","embeddable":true,"href":"https:\/\/www.altominho.tv\/site\/wp-json\/wp\/v2\/tags?post=46849"}],"curies":[{"name":"wp","href":"https:\/\/api.w.org\/{rel}","templated":true}]}}