{"id":46840,"date":"2020-05-22T16:13:09","date_gmt":"2020-05-22T15:13:09","guid":{"rendered":"http:\/\/www.altominho.tv\/site\/?p=46840"},"modified":"2020-05-22T16:13:16","modified_gmt":"2020-05-22T15:13:16","slug":"aect-rio-minho-reforca-protesto-devido-a-nao-reabertura-de-fronteiras","status":"publish","type":"post","link":"https:\/\/www.altominho.tv\/site\/2020\/05\/22\/aect-rio-minho-reforca-protesto-devido-a-nao-reabertura-de-fronteiras\/","title":{"rendered":"AECT Rio Minho refor\u00e7a protesto devido \u00e0 n\u00e3o reabertura de fronteiras"},"content":{"rendered":"\n<p>O AECT Rio Minho refor\u00e7ou o protesto devido \u00e0 n\u00e3o reabertura de fronteiras.<\/p>\n\n\n\n<p>Manifestando &#8220;um profundo mal-estar pela restri\u00e7\u00e3o e a exist\u00eancia de um \u00fanico ponto de passagem na fronteira alto-minhota entre Portugal-Espanha, especialmente no que respeita aos trabalhadores transfronteiri\u00e7os, o AECT Rio Minho e os representantes das Eurocidades da raia minhota decidiriam refor\u00e7ar o protesto devido \u00e0 n\u00e3o reabertura de fronteiras&#8221;. <\/p>\n\n\n\n<p>Esta postura consensual \u00e9 sustentada pela recente publica\u00e7\u00e3o do Observat\u00f3rio Transfronteiri\u00e7o Espanha Portugal que indica que, dos 60 pontos existentes entre ambos os pa\u00edses, os de Valen\u00e7a-Tui, Cerveira-Tomi\u00f1o e Mon\u00e7\u00e3o-Salvaterra est\u00e3o entre os seis com maior fluxo de tr\u00e1fego transfronteiri\u00e7o.<\/p>\n\n\n\n<p>Para o diretor deste agrupamento transfronteiri\u00e7o, Ux\u00edo Ben\u00edtez, a situa\u00e7\u00e3o est\u00e1 a tornar-se \u201cinsustent\u00e1vel\u201d, j\u00e1 que o territ\u00f3rio do Minho se encontra \u201cafogado\u201d por uma \u00fanica passagem de fronteira (Valen\u00e7a-Tui), o que impossibilita as intensas rela\u00e7\u00f5es socio-econ\u00f3micas entre ambas margens do rio.<\/p>\n\n\n\n<p>Neste sentido, &#8220;o objetivo \u00e9 implementar medidas reivindicativas contundentes e vis\u00edveis que chamem a aten\u00e7\u00e3o para esta problem\u00e1tica, al\u00e9m de continuar a trabalhar a vertente administrativa para conseguir abrir um maior n\u00famero de pontos transfronteiri\u00e7os&#8221;.<\/p>\n\n\n\n<p>J\u00e1 o vice-diretor do AECT Rio Minho e Presidente da C\u00e2mara Municipal de Vila Nova de Cerveira sublinha que \u201cesta posi\u00e7\u00e3o visa insistir junto das inst\u00e2ncias do poder, quer o lado portugu\u00eas quer do lado espanhol, sensibilizando-as para esta problem\u00e1tica, tanto mais que a situa\u00e7\u00e3o sanit\u00e1ria de ambos os lados da fronteira do rio Minho \u00e9, neste momento, muito id\u00eantica, com uma evolu\u00e7\u00e3o claramente favor\u00e1vel\u201d. <\/p>\n\n\n\n<p>Fernando Nogueira explica que, \u201cse \u00e9 poss\u00edvel assegurar condi\u00e7\u00f5es de seguran\u00e7a sanit\u00e1ria entre Valen\u00e7a-Tui, tamb\u00e9m o ser\u00e1 nas outras fronteiras, mediante a boa coordena\u00e7\u00e3o das for\u00e7as de seguran\u00e7a dos dois pa\u00edses e, se necess\u00e1rio, com a colabora\u00e7\u00e3o das autarquias que, como sempre, est\u00e3o dispon\u00edveis para colaborar\u201d.<\/p>\n\n\n\n<p>Esta posi\u00e7\u00e3o \u00e9 igualmente corroborada pela Xunta da Galicia que, ainda recentemente, remeteu ao AECT Rio Minho uma carta em que defende, nomeadamente \u201cuma coordena\u00e7\u00e3o forte entre todas as administra\u00e7\u00f5es implicadas para facilitar a progressiva reativa\u00e7\u00e3o das \u00e1reas de fronteira, em particular das nossas Eurocidades, na medida em que partilham alguns servi\u00e7os p\u00fablicos e tenham planos e projetos conjuntos de execu\u00e7\u00e3o\u201d. <\/p>\n\n\n\n<p>O vice-diretor do AECT Rio Minho adianta que o objetivo \u00e9 remeter esta preocupa\u00e7\u00e3o novamente para o Governo e Grupos Parlamentares, \u201cequacionando-se a possibilidade de se promover uma peti\u00e7\u00e3o p\u00fablica conjunta, no sentido de se conseguir alcan\u00e7ar a aplica\u00e7\u00e3o destas medidas reivindicadas\u201d.<\/p>\n\n\n\n<p>Durante a reuni\u00e3o desta quinta-feira, realizada por videochamada, os representantes do AECT Rio Minho e das Eurocidades de Valen\u00e7a-Tui, de Cerveira Tomi\u00f1o e de Mon\u00e7\u00e3o-Salvaterra consideraram que o cen\u00e1rio n\u00e3o pode manter-se exatamente igual ao aplicado aquando do estado de emerg\u00eancia\/alarma \u2013 no qual era imperioso um confinamento estrito e uma restri\u00e7\u00e3o clara da mobilidade. <\/p>\n\n\n\n<p>Neste momento, acreditam que se pode agilizar uma retoma gradual de mobilidade entre ambos os pa\u00edses, &#8220;quer para flexibilizar a passagem de trabalhadores transfronteiri\u00e7os e evitar o congestionamento, \u00e0s vezes, de duas horas, quer como um est\u00edmulo para a din\u00e2mica econ\u00f3mico-social conjunta&#8221;.<\/p>\n\n\n\n<p>Como argumento dessa vitalidade econ\u00f3mica foram apresentados os dados do \u00faltimo Observat\u00f3rio Transfronteiri\u00e7o Espanha-Portugal (OTEP) sobre a mobilidade na fronteira, publicado nos finais de 2019 por ambos os governos, e que revelam que, das 60 passagens existentes entre Espanha e Portugal, as de Valen\u00e7a- Tui, Cerveira-Tomi\u00f1o e Mon\u00e7\u00e3o-Salvaterra est\u00e3o entre as seis com maior fluxo de tr\u00e1fego transfronteiri\u00e7o, somando, entre as tr\u00eas, mais do 50% do tr\u00e2nsito de ve\u00edculos.<\/p>\n\n\n\n<p>No final do encontro, ficou ainda acordado que, nos pr\u00f3ximos dias, ser\u00e3o convocados os restantes concelhos da raia para consensualizar algumas medidas de protesto, com o intuito de criar um maior impacto junto dos governos de Portugal e Espanha.<\/p>\n\n\n\n<p>Na sequ\u00eancia destas dilig\u00eancias, o AECT Rio Minho reitera a posi\u00e7\u00e3o e vai remeter novamente esta posi\u00e7\u00e3o \u00e0s mesmas entidades, e aos Grupos Parlamentares da Assembleia da Rep\u00fablica.<\/p>\n","protected":false},"excerpt":{"rendered":"<p>O AECT Rio Minho refor\u00e7ou o protesto devido \u00e0 n\u00e3o reabertura de fronteiras. Manifestando &#8220;um profundo mal-estar pela restri\u00e7\u00e3o e a exist\u00eancia de um \u00fanico ponto de passagem na fronteira alto-minhota entre Portugal-Espanha, especialmente no que respeita aos trabalhadores transfronteiri\u00e7os, o AECT Rio Minho e os representantes das Eurocidades da raia minhota decidiriam refor\u00e7ar o [&hellip;]<\/p>\n","protected":false},"author":7,"featured_media":46841,"comment_status":"closed","ping_status":"closed","sticky":false,"template":"","format":"standard","meta":{"_exactmetrics_skip_tracking":false,"_exactmetrics_sitenote_active":false,"_exactmetrics_sitenote_note":"","_exactmetrics_sitenote_category":0,"footnotes":""},"categories":[73],"tags":[21,27],"class_list":["post-46840","post","type-post","status-publish","format-standard","has-post-thumbnail","hentry","category-alto-minho","tag-economia","tag-sociedade"],"yoast_head":"<!-- This site is optimized with the Yoast SEO Premium plugin v27.4 (Yoast SEO v27.4) - https:\/\/yoast.com\/product\/yoast-seo-premium-wordpress\/ -->\n<title>AECT Rio Minho refor\u00e7a protesto devido \u00e0 n\u00e3o reabertura de fronteiras<\/title>\n<meta name=\"robots\" content=\"index, follow, max-snippet:-1, max-image-preview:large, max-video-preview:-1\" \/>\n<link rel=\"canonical\" href=\"https:\/\/www.altominho.tv\/site\/2020\/05\/22\/aect-rio-minho-reforca-protesto-devido-a-nao-reabertura-de-fronteiras\/\" \/>\n<meta property=\"og:locale\" content=\"pt_PT\" \/>\n<meta property=\"og:type\" content=\"article\" \/>\n<meta property=\"og:title\" content=\"AECT Rio Minho refor\u00e7a protesto devido \u00e0 n\u00e3o reabertura de fronteiras\" \/>\n<meta property=\"og:description\" content=\"O AECT Rio Minho refor\u00e7ou o protesto devido \u00e0 n\u00e3o reabertura de fronteiras. Manifestando &#8220;um profundo mal-estar pela restri\u00e7\u00e3o e a exist\u00eancia de um \u00fanico ponto de passagem na fronteira alto-minhota entre Portugal-Espanha, especialmente no que respeita aos trabalhadores transfronteiri\u00e7os, o AECT Rio Minho e os representantes das Eurocidades da raia minhota decidiriam refor\u00e7ar o [&hellip;]\" \/>\n<meta property=\"og:url\" content=\"https:\/\/www.altominho.tv\/site\/2020\/05\/22\/aect-rio-minho-reforca-protesto-devido-a-nao-reabertura-de-fronteiras\/\" \/>\n<meta property=\"og:site_name\" content=\"Altominho.tv\" \/>\n<meta property=\"article:publisher\" content=\"https:\/\/www.facebook.com\/altominhotv\" \/>\n<meta property=\"article:published_time\" content=\"2020-05-22T15:13:09+00:00\" \/>\n<meta property=\"article:modified_time\" content=\"2020-05-22T15:13:16+00:00\" \/>\n<meta property=\"og:image\" content=\"https:\/\/www.altominho.tv\/site\/wp-content\/uploads\/2020\/05\/IMG-20200521-WA0002.jpg\" \/>\n\t<meta property=\"og:image:width\" content=\"1739\" \/>\n\t<meta property=\"og:image:height\" content=\"1120\" \/>\n\t<meta property=\"og:image:type\" content=\"image\/jpeg\" \/>\n<meta name=\"author\" content=\"Andreia Cunha\" \/>\n<meta name=\"twitter:card\" content=\"summary_large_image\" \/>\n<meta name=\"twitter:creator\" content=\"@altominhoTV\" \/>\n<meta name=\"twitter:site\" content=\"@altominhoTV\" \/>\n<meta name=\"twitter:label1\" content=\"Escrito por\" \/>\n\t<meta name=\"twitter:data1\" content=\"Andreia Cunha\" \/>\n\t<meta name=\"twitter:label2\" content=\"Tempo estimado de leitura\" \/>\n\t<meta name=\"twitter:data2\" content=\"4 minutos\" \/>\n<script type=\"application\/ld+json\" class=\"yoast-schema-graph\">{\"@context\":\"https:\\\/\\\/schema.org\",\"@graph\":[{\"@type\":\"Article\",\"@id\":\"https:\\\/\\\/www.altominho.tv\\\/site\\\/2020\\\/05\\\/22\\\/aect-rio-minho-reforca-protesto-devido-a-nao-reabertura-de-fronteiras\\\/#article\",\"isPartOf\":{\"@id\":\"https:\\\/\\\/www.altominho.tv\\\/site\\\/2020\\\/05\\\/22\\\/aect-rio-minho-reforca-protesto-devido-a-nao-reabertura-de-fronteiras\\\/\"},\"author\":{\"name\":\"Andreia Cunha\",\"@id\":\"https:\\\/\\\/www.altominho.tv\\\/site\\\/#\\\/schema\\\/person\\\/a0e4ef6d041f98ca284393d8f1d97153\"},\"headline\":\"AECT Rio Minho refor\u00e7a protesto devido \u00e0 n\u00e3o reabertura de fronteiras\",\"datePublished\":\"2020-05-22T15:13:09+00:00\",\"dateModified\":\"2020-05-22T15:13:16+00:00\",\"mainEntityOfPage\":{\"@id\":\"https:\\\/\\\/www.altominho.tv\\\/site\\\/2020\\\/05\\\/22\\\/aect-rio-minho-reforca-protesto-devido-a-nao-reabertura-de-fronteiras\\\/\"},\"wordCount\":726,\"image\":{\"@id\":\"https:\\\/\\\/www.altominho.tv\\\/site\\\/2020\\\/05\\\/22\\\/aect-rio-minho-reforca-protesto-devido-a-nao-reabertura-de-fronteiras\\\/#primaryimage\"},\"thumbnailUrl\":\"https:\\\/\\\/www.altominho.tv\\\/site\\\/wp-content\\\/uploads\\\/2020\\\/05\\\/IMG-20200521-WA0002.jpg\",\"keywords\":[\"Economia\",\"Sociedade\"],\"articleSection\":[\"Alto Minho\"],\"inLanguage\":\"pt-PT\",\"copyrightYear\":\"2020\",\"copyrightHolder\":{\"@id\":\"https:\\\/\\\/www.altominho.tv\\\/site\\\/#organization\"}},{\"@type\":\"WebPage\",\"@id\":\"https:\\\/\\\/www.altominho.tv\\\/site\\\/2020\\\/05\\\/22\\\/aect-rio-minho-reforca-protesto-devido-a-nao-reabertura-de-fronteiras\\\/\",\"url\":\"https:\\\/\\\/www.altominho.tv\\\/site\\\/2020\\\/05\\\/22\\\/aect-rio-minho-reforca-protesto-devido-a-nao-reabertura-de-fronteiras\\\/\",\"name\":\"AECT Rio Minho refor\u00e7a protesto devido \u00e0 n\u00e3o reabertura de fronteiras\",\"isPartOf\":{\"@id\":\"https:\\\/\\\/www.altominho.tv\\\/site\\\/#website\"},\"primaryImageOfPage\":{\"@id\":\"https:\\\/\\\/www.altominho.tv\\\/site\\\/2020\\\/05\\\/22\\\/aect-rio-minho-reforca-protesto-devido-a-nao-reabertura-de-fronteiras\\\/#primaryimage\"},\"image\":{\"@id\":\"https:\\\/\\\/www.altominho.tv\\\/site\\\/2020\\\/05\\\/22\\\/aect-rio-minho-reforca-protesto-devido-a-nao-reabertura-de-fronteiras\\\/#primaryimage\"},\"thumbnailUrl\":\"https:\\\/\\\/www.altominho.tv\\\/site\\\/wp-content\\\/uploads\\\/2020\\\/05\\\/IMG-20200521-WA0002.jpg\",\"datePublished\":\"2020-05-22T15:13:09+00:00\",\"dateModified\":\"2020-05-22T15:13:16+00:00\",\"author\":{\"@id\":\"https:\\\/\\\/www.altominho.tv\\\/site\\\/#\\\/schema\\\/person\\\/a0e4ef6d041f98ca284393d8f1d97153\"},\"breadcrumb\":{\"@id\":\"https:\\\/\\\/www.altominho.tv\\\/site\\\/2020\\\/05\\\/22\\\/aect-rio-minho-reforca-protesto-devido-a-nao-reabertura-de-fronteiras\\\/#breadcrumb\"},\"inLanguage\":\"pt-PT\",\"potentialAction\":[{\"@type\":\"ReadAction\",\"target\":[\"https:\\\/\\\/www.altominho.tv\\\/site\\\/2020\\\/05\\\/22\\\/aect-rio-minho-reforca-protesto-devido-a-nao-reabertura-de-fronteiras\\\/\"]}]},{\"@type\":\"ImageObject\",\"inLanguage\":\"pt-PT\",\"@id\":\"https:\\\/\\\/www.altominho.tv\\\/site\\\/2020\\\/05\\\/22\\\/aect-rio-minho-reforca-protesto-devido-a-nao-reabertura-de-fronteiras\\\/#primaryimage\",\"url\":\"https:\\\/\\\/www.altominho.tv\\\/site\\\/wp-content\\\/uploads\\\/2020\\\/05\\\/IMG-20200521-WA0002.jpg\",\"contentUrl\":\"https:\\\/\\\/www.altominho.tv\\\/site\\\/wp-content\\\/uploads\\\/2020\\\/05\\\/IMG-20200521-WA0002.jpg\",\"width\":1739,\"height\":1120},{\"@type\":\"BreadcrumbList\",\"@id\":\"https:\\\/\\\/www.altominho.tv\\\/site\\\/2020\\\/05\\\/22\\\/aect-rio-minho-reforca-protesto-devido-a-nao-reabertura-de-fronteiras\\\/#breadcrumb\",\"itemListElement\":[{\"@type\":\"ListItem\",\"position\":1,\"name\":\"In\u00edcio\",\"item\":\"https:\\\/\\\/www.altominho.tv\\\/site\\\/\"},{\"@type\":\"ListItem\",\"position\":2,\"name\":\"AECT Rio Minho refor\u00e7a protesto devido \u00e0 n\u00e3o reabertura de fronteiras\"}]},{\"@type\":\"WebSite\",\"@id\":\"https:\\\/\\\/www.altominho.tv\\\/site\\\/#website\",\"url\":\"https:\\\/\\\/www.altominho.tv\\\/site\\\/\",\"name\":\"Altominho.tv\",\"description\":\"A sua regi\u00e3o \u00e0 dist\u00e2ncia de um clique...\",\"potentialAction\":[{\"@type\":\"SearchAction\",\"target\":{\"@type\":\"EntryPoint\",\"urlTemplate\":\"https:\\\/\\\/www.altominho.tv\\\/site\\\/?s={search_term_string}\"},\"query-input\":{\"@type\":\"PropertyValueSpecification\",\"valueRequired\":true,\"valueName\":\"search_term_string\"}}],\"inLanguage\":\"pt-PT\"},{\"@type\":\"Person\",\"@id\":\"https:\\\/\\\/www.altominho.tv\\\/site\\\/#\\\/schema\\\/person\\\/a0e4ef6d041f98ca284393d8f1d97153\",\"name\":\"Andreia Cunha\",\"image\":{\"@type\":\"ImageObject\",\"inLanguage\":\"pt-PT\",\"@id\":\"https:\\\/\\\/www.altominho.tv\\\/site\\\/wp-content\\\/uploads\\\/2017\\\/11\\\/Andreia_Cunha-1-150x150.jpg\",\"url\":\"https:\\\/\\\/www.altominho.tv\\\/site\\\/wp-content\\\/uploads\\\/2017\\\/11\\\/Andreia_Cunha-1-150x150.jpg\",\"contentUrl\":\"https:\\\/\\\/www.altominho.tv\\\/site\\\/wp-content\\\/uploads\\\/2017\\\/11\\\/Andreia_Cunha-1-150x150.jpg\",\"caption\":\"Andreia Cunha\"},\"url\":\"https:\\\/\\\/www.altominho.tv\\\/site\\\/author\\\/andreiacunha\\\/\"}]}<\/script>\n<!-- \/ Yoast SEO Premium plugin. -->","yoast_head_json":{"title":"AECT Rio Minho refor\u00e7a protesto devido \u00e0 n\u00e3o reabertura de fronteiras","robots":{"index":"index","follow":"follow","max-snippet":"max-snippet:-1","max-image-preview":"max-image-preview:large","max-video-preview":"max-video-preview:-1"},"canonical":"https:\/\/www.altominho.tv\/site\/2020\/05\/22\/aect-rio-minho-reforca-protesto-devido-a-nao-reabertura-de-fronteiras\/","og_locale":"pt_PT","og_type":"article","og_title":"AECT Rio Minho refor\u00e7a protesto devido \u00e0 n\u00e3o reabertura de fronteiras","og_description":"O AECT Rio Minho refor\u00e7ou o protesto devido \u00e0 n\u00e3o reabertura de fronteiras. Manifestando &#8220;um profundo mal-estar pela restri\u00e7\u00e3o e a exist\u00eancia de um \u00fanico ponto de passagem na fronteira alto-minhota entre Portugal-Espanha, especialmente no que respeita aos trabalhadores transfronteiri\u00e7os, o AECT Rio Minho e os representantes das Eurocidades da raia minhota decidiriam refor\u00e7ar o [&hellip;]","og_url":"https:\/\/www.altominho.tv\/site\/2020\/05\/22\/aect-rio-minho-reforca-protesto-devido-a-nao-reabertura-de-fronteiras\/","og_site_name":"Altominho.tv","article_publisher":"https:\/\/www.facebook.com\/altominhotv","article_published_time":"2020-05-22T15:13:09+00:00","article_modified_time":"2020-05-22T15:13:16+00:00","og_image":[{"width":1739,"height":1120,"url":"https:\/\/www.altominho.tv\/site\/wp-content\/uploads\/2020\/05\/IMG-20200521-WA0002.jpg","type":"image\/jpeg"}],"author":"Andreia Cunha","twitter_card":"summary_large_image","twitter_creator":"@altominhoTV","twitter_site":"@altominhoTV","twitter_misc":{"Escrito por":"Andreia Cunha","Tempo estimado de leitura":"4 minutos"},"schema":{"@context":"https:\/\/schema.org","@graph":[{"@type":"Article","@id":"https:\/\/www.altominho.tv\/site\/2020\/05\/22\/aect-rio-minho-reforca-protesto-devido-a-nao-reabertura-de-fronteiras\/#article","isPartOf":{"@id":"https:\/\/www.altominho.tv\/site\/2020\/05\/22\/aect-rio-minho-reforca-protesto-devido-a-nao-reabertura-de-fronteiras\/"},"author":{"name":"Andreia Cunha","@id":"https:\/\/www.altominho.tv\/site\/#\/schema\/person\/a0e4ef6d041f98ca284393d8f1d97153"},"headline":"AECT Rio Minho refor\u00e7a protesto devido \u00e0 n\u00e3o reabertura de fronteiras","datePublished":"2020-05-22T15:13:09+00:00","dateModified":"2020-05-22T15:13:16+00:00","mainEntityOfPage":{"@id":"https:\/\/www.altominho.tv\/site\/2020\/05\/22\/aect-rio-minho-reforca-protesto-devido-a-nao-reabertura-de-fronteiras\/"},"wordCount":726,"image":{"@id":"https:\/\/www.altominho.tv\/site\/2020\/05\/22\/aect-rio-minho-reforca-protesto-devido-a-nao-reabertura-de-fronteiras\/#primaryimage"},"thumbnailUrl":"https:\/\/www.altominho.tv\/site\/wp-content\/uploads\/2020\/05\/IMG-20200521-WA0002.jpg","keywords":["Economia","Sociedade"],"articleSection":["Alto Minho"],"inLanguage":"pt-PT","copyrightYear":"2020","copyrightHolder":{"@id":"https:\/\/www.altominho.tv\/site\/#organization"}},{"@type":"WebPage","@id":"https:\/\/www.altominho.tv\/site\/2020\/05\/22\/aect-rio-minho-reforca-protesto-devido-a-nao-reabertura-de-fronteiras\/","url":"https:\/\/www.altominho.tv\/site\/2020\/05\/22\/aect-rio-minho-reforca-protesto-devido-a-nao-reabertura-de-fronteiras\/","name":"AECT Rio Minho refor\u00e7a protesto devido \u00e0 n\u00e3o reabertura de fronteiras","isPartOf":{"@id":"https:\/\/www.altominho.tv\/site\/#website"},"primaryImageOfPage":{"@id":"https:\/\/www.altominho.tv\/site\/2020\/05\/22\/aect-rio-minho-reforca-protesto-devido-a-nao-reabertura-de-fronteiras\/#primaryimage"},"image":{"@id":"https:\/\/www.altominho.tv\/site\/2020\/05\/22\/aect-rio-minho-reforca-protesto-devido-a-nao-reabertura-de-fronteiras\/#primaryimage"},"thumbnailUrl":"https:\/\/www.altominho.tv\/site\/wp-content\/uploads\/2020\/05\/IMG-20200521-WA0002.jpg","datePublished":"2020-05-22T15:13:09+00:00","dateModified":"2020-05-22T15:13:16+00:00","author":{"@id":"https:\/\/www.altominho.tv\/site\/#\/schema\/person\/a0e4ef6d041f98ca284393d8f1d97153"},"breadcrumb":{"@id":"https:\/\/www.altominho.tv\/site\/2020\/05\/22\/aect-rio-minho-reforca-protesto-devido-a-nao-reabertura-de-fronteiras\/#breadcrumb"},"inLanguage":"pt-PT","potentialAction":[{"@type":"ReadAction","target":["https:\/\/www.altominho.tv\/site\/2020\/05\/22\/aect-rio-minho-reforca-protesto-devido-a-nao-reabertura-de-fronteiras\/"]}]},{"@type":"ImageObject","inLanguage":"pt-PT","@id":"https:\/\/www.altominho.tv\/site\/2020\/05\/22\/aect-rio-minho-reforca-protesto-devido-a-nao-reabertura-de-fronteiras\/#primaryimage","url":"https:\/\/www.altominho.tv\/site\/wp-content\/uploads\/2020\/05\/IMG-20200521-WA0002.jpg","contentUrl":"https:\/\/www.altominho.tv\/site\/wp-content\/uploads\/2020\/05\/IMG-20200521-WA0002.jpg","width":1739,"height":1120},{"@type":"BreadcrumbList","@id":"https:\/\/www.altominho.tv\/site\/2020\/05\/22\/aect-rio-minho-reforca-protesto-devido-a-nao-reabertura-de-fronteiras\/#breadcrumb","itemListElement":[{"@type":"ListItem","position":1,"name":"In\u00edcio","item":"https:\/\/www.altominho.tv\/site\/"},{"@type":"ListItem","position":2,"name":"AECT Rio Minho refor\u00e7a protesto devido \u00e0 n\u00e3o reabertura de fronteiras"}]},{"@type":"WebSite","@id":"https:\/\/www.altominho.tv\/site\/#website","url":"https:\/\/www.altominho.tv\/site\/","name":"Altominho.tv","description":"A sua regi\u00e3o \u00e0 dist\u00e2ncia de um clique...","potentialAction":[{"@type":"SearchAction","target":{"@type":"EntryPoint","urlTemplate":"https:\/\/www.altominho.tv\/site\/?s={search_term_string}"},"query-input":{"@type":"PropertyValueSpecification","valueRequired":true,"valueName":"search_term_string"}}],"inLanguage":"pt-PT"},{"@type":"Person","@id":"https:\/\/www.altominho.tv\/site\/#\/schema\/person\/a0e4ef6d041f98ca284393d8f1d97153","name":"Andreia Cunha","image":{"@type":"ImageObject","inLanguage":"pt-PT","@id":"https:\/\/www.altominho.tv\/site\/wp-content\/uploads\/2017\/11\/Andreia_Cunha-1-150x150.jpg","url":"https:\/\/www.altominho.tv\/site\/wp-content\/uploads\/2017\/11\/Andreia_Cunha-1-150x150.jpg","contentUrl":"https:\/\/www.altominho.tv\/site\/wp-content\/uploads\/2017\/11\/Andreia_Cunha-1-150x150.jpg","caption":"Andreia Cunha"},"url":"https:\/\/www.altominho.tv\/site\/author\/andreiacunha\/"}]}},"_links":{"self":[{"href":"https:\/\/www.altominho.tv\/site\/wp-json\/wp\/v2\/posts\/46840","targetHints":{"allow":["GET"]}}],"collection":[{"href":"https:\/\/www.altominho.tv\/site\/wp-json\/wp\/v2\/posts"}],"about":[{"href":"https:\/\/www.altominho.tv\/site\/wp-json\/wp\/v2\/types\/post"}],"author":[{"embeddable":true,"href":"https:\/\/www.altominho.tv\/site\/wp-json\/wp\/v2\/users\/7"}],"replies":[{"embeddable":true,"href":"https:\/\/www.altominho.tv\/site\/wp-json\/wp\/v2\/comments?post=46840"}],"version-history":[{"count":0,"href":"https:\/\/www.altominho.tv\/site\/wp-json\/wp\/v2\/posts\/46840\/revisions"}],"wp:featuredmedia":[{"embeddable":true,"href":"https:\/\/www.altominho.tv\/site\/wp-json\/wp\/v2\/media\/46841"}],"wp:attachment":[{"href":"https:\/\/www.altominho.tv\/site\/wp-json\/wp\/v2\/media?parent=46840"}],"wp:term":[{"taxonomy":"category","embeddable":true,"href":"https:\/\/www.altominho.tv\/site\/wp-json\/wp\/v2\/categories?post=46840"},{"taxonomy":"post_tag","embeddable":true,"href":"https:\/\/www.altominho.tv\/site\/wp-json\/wp\/v2\/tags?post=46840"}],"curies":[{"name":"wp","href":"https:\/\/api.w.org\/{rel}","templated":true}]}}