{"id":46837,"date":"2020-05-22T15:11:35","date_gmt":"2020-05-22T14:11:35","guid":{"rendered":"http:\/\/www.altominho.tv\/site\/?p=46837"},"modified":"2020-05-22T15:11:39","modified_gmt":"2020-05-22T14:11:39","slug":"biodiversidade-governo-considera-uma-nao-questao-acusacoes-da-associacao-zero","status":"publish","type":"post","link":"https:\/\/www.altominho.tv\/site\/2020\/05\/22\/biodiversidade-governo-considera-uma-nao-questao-acusacoes-da-associacao-zero\/","title":{"rendered":"Biodiversidade: Governo considera &#8220;uma n\u00e3o quest\u00e3o&#8221; acusa\u00e7\u00f5es da associa\u00e7\u00e3o Zero"},"content":{"rendered":"\n<p>O ministro do Ambiente desvalorizou hoje a den\u00fancia da associa\u00e7\u00e3o ambientalista Zero que diz que Portugal n\u00e3o est\u00e1 a aproveitar os apoios para a conserva\u00e7\u00e3o da natureza, podendo ficar por usar 10 milh\u00f5es de euros.<br><\/p>\n\n\n\n<p>\u201c\u00c9 claramente uma n\u00e3o quest\u00e3o. \u00c9 assim, a execu\u00e7\u00e3o do Programa Operacional Sustentabilidade e Efici\u00eancia no Uso de Recursos (PO SEUR) est\u00e1 em curso e essas verbas que lhe est\u00e3o destinadas ser\u00e3o todas aplicadas\u201d, garantiu Jo\u00e3o Pedro Matos Fernandes.<br><\/p>\n\n\n\n<p>O governante, que falava aos jornalistas em Marv\u00e3o, no distrito de Portalegre, ap\u00f3s uma visita aos trabalhos de interven\u00e7\u00e3o da rede prim\u00e1ria e da rede secund\u00e1ria de faixas de gest\u00e3o de combust\u00edvel associadas \u00e0 rede vi\u00e1ria que est\u00e3o a decorrer no Parque Natural da Serra de S\u00e3o Mamede, lamentou ainda que a associa\u00e7\u00e3o ambientalista Zero desconhe\u00e7a os trabalhos que est\u00e3o a ser executados em parques naturais e \u00e1reas protegidas.<br><\/p>\n\n\n\n<p>\u201cA Zero, pelos vistos, teima em desconhecer aquilo que s\u00e3o os novos projetos piloto que est\u00e3o a decorrer pelo pa\u00eds fora, em parques naturais e \u00e1reas protegidas que levam de investimento mais de 21 milh\u00f5es de euros\u201d, disse.<br><\/p>\n\n\n\n<p>O comunicado da Zero surge quando se assinala o Dia Internacional da Biodiversidade, com a associa\u00e7\u00e3o a avisar que essa verba de 10 milh\u00f5es de euros destinada \u00e0 conserva\u00e7\u00e3o da natureza n\u00e3o deve ser desviada para outros fins.<br><\/p>\n\n\n\n<p>\u201cUma coisa \u00e9 certa: apesar de todos os nossos avan\u00e7os tecnol\u00f3gicos, somos completamente dependentes de ecossistemas saud\u00e1veis e vibrantes para a nossa sa\u00fade, \u00e1gua, alimentos, medicamentos, roupas, combust\u00edvel, abrigo e energia, s\u00f3 para citar alguns\u201d, come\u00e7a por frisar a associa\u00e7\u00e3o.<br><\/p>\n\n\n\n<p>Depois da pandemia de covid-19 a Zero considera que se deve aproveitar para \u201creconstruir melhor\u201d e para aumentar a \u201cresili\u00eancia dos pa\u00edses e comunidades\u201d, e que 2020 deve ser o ano de se inverter a tend\u00eancia de perda de biodiversidade no planeta.<br><\/p>\n\n\n\n<p>No entanto, escreve a associa\u00e7\u00e3o, com base em elementos fornecidos pela Autoridade de Gest\u00e3o do PO SEUR, em Portugal a execu\u00e7\u00e3o financeira e os indicadores de realiza\u00e7\u00e3o de projetos de conserva\u00e7\u00e3o da natureza aprovados at\u00e9 ao fim de 2019, e a execu\u00e7\u00e3o de projetos at\u00e9 essa data, tiveram atrasos \u201cmuito preocupantes\u201d.<br><\/p>\n\n\n\n<p>Com base nessa an\u00e1lise diz a Zero que se caminha \u201cpara um cen\u00e1rio de n\u00e3o aproveitamento do financiamento dispon\u00edvel\u201d que poder\u00e1, segundo a estimativa da associa\u00e7\u00e3o, atingir os 10 milh\u00f5es de euros, \u201cisto \u00e9, 25% do montante total dos investimentos previstos\u201d.<br><\/p>\n\n\n\n<p>Nas contas da Zero, at\u00e9 ao fim de 2019 dos 40 milh\u00f5es de euros destinados a tr\u00eas linhas de financiamento foram aprovados projetos que envolvem um financiamento do Fundo de Coes\u00e3o na ordem dos 32,5 milh\u00f5es de euros.<br><\/p>\n\n\n\n<p>Os 10 milh\u00f5es, diz-se no comunicado, explicam-se por haver 7,45 milh\u00f5es de euros ainda n\u00e3o atribu\u00eddos e 3,44 milh\u00f5es de euros de n\u00e3o execu\u00e7\u00e3o sobre projetos que deviam ter sido conclu\u00eddos at\u00e9 ao fim de 2019.<br><\/p>\n\n\n\n<p>O dia 22 de maio como Dia Internacional da Biodiversidade assinala a assinatura da Conven\u00e7\u00e3o sobre diversidade biol\u00f3gica, a 22 de maio de 1992 em Nairobi, no Qu\u00e9nia.<br><\/p>\n\n\n\n<p>A efem\u00e9ride come\u00e7ou por ser assinalada a 29 de dezembro, data da entrada em vigor da Conven\u00e7\u00e3o, mas em 2000 a Assembleia-Geral das Na\u00e7\u00f5es Unidas escolheu o dia 22 de maio.<\/p>\n","protected":false},"excerpt":{"rendered":"<p>O ministro do Ambiente desvalorizou hoje a den\u00fancia da associa\u00e7\u00e3o ambientalista Zero que diz que Portugal n\u00e3o est\u00e1 a aproveitar os apoios para a conserva\u00e7\u00e3o da natureza, podendo ficar por usar 10 milh\u00f5es de euros. \u201c\u00c9 claramente uma n\u00e3o quest\u00e3o. \u00c9 assim, a execu\u00e7\u00e3o do Programa Operacional Sustentabilidade e Efici\u00eancia no Uso de Recursos (PO [&hellip;]<\/p>\n","protected":false},"author":16,"featured_media":46838,"comment_status":"closed","ping_status":"closed","sticky":false,"template":"","format":"standard","meta":{"_exactmetrics_skip_tracking":false,"_exactmetrics_sitenote_active":false,"_exactmetrics_sitenote_note":"","_exactmetrics_sitenote_category":0,"footnotes":""},"categories":[73],"tags":[27],"class_list":["post-46837","post","type-post","status-publish","format-standard","has-post-thumbnail","hentry","category-alto-minho","tag-sociedade"],"yoast_head":"<!-- This site is optimized with the Yoast SEO Premium plugin v27.4 (Yoast SEO v27.4) - https:\/\/yoast.com\/product\/yoast-seo-premium-wordpress\/ -->\n<title>Biodiversidade: Governo considera &quot;uma n\u00e3o quest\u00e3o&quot; acusa\u00e7\u00f5es da associa\u00e7\u00e3o Zero<\/title>\n<meta name=\"robots\" content=\"index, follow, max-snippet:-1, max-image-preview:large, max-video-preview:-1\" \/>\n<link rel=\"canonical\" href=\"https:\/\/www.altominho.tv\/site\/2020\/05\/22\/biodiversidade-governo-considera-uma-nao-questao-acusacoes-da-associacao-zero\/\" \/>\n<meta property=\"og:locale\" content=\"pt_PT\" \/>\n<meta property=\"og:type\" content=\"article\" \/>\n<meta property=\"og:title\" content=\"Biodiversidade: Governo considera &quot;uma n\u00e3o quest\u00e3o&quot; acusa\u00e7\u00f5es da associa\u00e7\u00e3o Zero\" \/>\n<meta property=\"og:description\" content=\"O ministro do Ambiente desvalorizou hoje a den\u00fancia da associa\u00e7\u00e3o ambientalista Zero que diz que Portugal n\u00e3o est\u00e1 a aproveitar os apoios para a conserva\u00e7\u00e3o da natureza, podendo ficar por usar 10 milh\u00f5es de euros. \u201c\u00c9 claramente uma n\u00e3o quest\u00e3o. \u00c9 assim, a execu\u00e7\u00e3o do Programa Operacional Sustentabilidade e Efici\u00eancia no Uso de Recursos (PO [&hellip;]\" \/>\n<meta property=\"og:url\" content=\"https:\/\/www.altominho.tv\/site\/2020\/05\/22\/biodiversidade-governo-considera-uma-nao-questao-acusacoes-da-associacao-zero\/\" \/>\n<meta property=\"og:site_name\" content=\"Altominho.tv\" \/>\n<meta property=\"article:publisher\" content=\"https:\/\/www.facebook.com\/altominhotv\" \/>\n<meta property=\"article:published_time\" content=\"2020-05-22T14:11:35+00:00\" \/>\n<meta property=\"article:modified_time\" content=\"2020-05-22T14:11:39+00:00\" \/>\n<meta property=\"og:image\" content=\"https:\/\/www.altominho.tv\/site\/wp-content\/uploads\/2020\/05\/ministro-ambiente.jpg\" \/>\n\t<meta property=\"og:image:width\" content=\"800\" \/>\n\t<meta property=\"og:image:height\" content=\"450\" \/>\n\t<meta property=\"og:image:type\" content=\"image\/jpeg\" \/>\n<meta name=\"author\" content=\"Andreia Cunha | Lusa\" \/>\n<meta name=\"twitter:card\" content=\"summary_large_image\" \/>\n<meta name=\"twitter:creator\" content=\"@altominhoTV\" \/>\n<meta name=\"twitter:site\" content=\"@altominhoTV\" \/>\n<meta name=\"twitter:label1\" content=\"Escrito por\" \/>\n\t<meta name=\"twitter:data1\" content=\"Andreia Cunha | Lusa\" \/>\n\t<meta name=\"twitter:label2\" content=\"Tempo estimado de leitura\" \/>\n\t<meta name=\"twitter:data2\" content=\"3 minutos\" \/>\n<script type=\"application\/ld+json\" class=\"yoast-schema-graph\">{\"@context\":\"https:\\\/\\\/schema.org\",\"@graph\":[{\"@type\":\"Article\",\"@id\":\"https:\\\/\\\/www.altominho.tv\\\/site\\\/2020\\\/05\\\/22\\\/biodiversidade-governo-considera-uma-nao-questao-acusacoes-da-associacao-zero\\\/#article\",\"isPartOf\":{\"@id\":\"https:\\\/\\\/www.altominho.tv\\\/site\\\/2020\\\/05\\\/22\\\/biodiversidade-governo-considera-uma-nao-questao-acusacoes-da-associacao-zero\\\/\"},\"author\":{\"name\":\"Andreia Cunha | Lusa\",\"@id\":\"https:\\\/\\\/www.altominho.tv\\\/site\\\/#\\\/schema\\\/person\\\/dbaf181c01b51ff40c9f461a905d321e\"},\"headline\":\"Biodiversidade: Governo considera &#8220;uma n\u00e3o quest\u00e3o&#8221; acusa\u00e7\u00f5es da associa\u00e7\u00e3o Zero\",\"datePublished\":\"2020-05-22T14:11:35+00:00\",\"dateModified\":\"2020-05-22T14:11:39+00:00\",\"mainEntityOfPage\":{\"@id\":\"https:\\\/\\\/www.altominho.tv\\\/site\\\/2020\\\/05\\\/22\\\/biodiversidade-governo-considera-uma-nao-questao-acusacoes-da-associacao-zero\\\/\"},\"wordCount\":588,\"image\":{\"@id\":\"https:\\\/\\\/www.altominho.tv\\\/site\\\/2020\\\/05\\\/22\\\/biodiversidade-governo-considera-uma-nao-questao-acusacoes-da-associacao-zero\\\/#primaryimage\"},\"thumbnailUrl\":\"https:\\\/\\\/www.altominho.tv\\\/site\\\/wp-content\\\/uploads\\\/2020\\\/05\\\/ministro-ambiente.jpg\",\"keywords\":[\"Sociedade\"],\"articleSection\":[\"Alto Minho\"],\"inLanguage\":\"pt-PT\",\"copyrightYear\":\"2020\",\"copyrightHolder\":{\"@id\":\"https:\\\/\\\/www.altominho.tv\\\/site\\\/#organization\"}},{\"@type\":\"WebPage\",\"@id\":\"https:\\\/\\\/www.altominho.tv\\\/site\\\/2020\\\/05\\\/22\\\/biodiversidade-governo-considera-uma-nao-questao-acusacoes-da-associacao-zero\\\/\",\"url\":\"https:\\\/\\\/www.altominho.tv\\\/site\\\/2020\\\/05\\\/22\\\/biodiversidade-governo-considera-uma-nao-questao-acusacoes-da-associacao-zero\\\/\",\"name\":\"Biodiversidade: Governo considera \\\"uma n\u00e3o quest\u00e3o\\\" acusa\u00e7\u00f5es da associa\u00e7\u00e3o Zero\",\"isPartOf\":{\"@id\":\"https:\\\/\\\/www.altominho.tv\\\/site\\\/#website\"},\"primaryImageOfPage\":{\"@id\":\"https:\\\/\\\/www.altominho.tv\\\/site\\\/2020\\\/05\\\/22\\\/biodiversidade-governo-considera-uma-nao-questao-acusacoes-da-associacao-zero\\\/#primaryimage\"},\"image\":{\"@id\":\"https:\\\/\\\/www.altominho.tv\\\/site\\\/2020\\\/05\\\/22\\\/biodiversidade-governo-considera-uma-nao-questao-acusacoes-da-associacao-zero\\\/#primaryimage\"},\"thumbnailUrl\":\"https:\\\/\\\/www.altominho.tv\\\/site\\\/wp-content\\\/uploads\\\/2020\\\/05\\\/ministro-ambiente.jpg\",\"datePublished\":\"2020-05-22T14:11:35+00:00\",\"dateModified\":\"2020-05-22T14:11:39+00:00\",\"author\":{\"@id\":\"https:\\\/\\\/www.altominho.tv\\\/site\\\/#\\\/schema\\\/person\\\/dbaf181c01b51ff40c9f461a905d321e\"},\"breadcrumb\":{\"@id\":\"https:\\\/\\\/www.altominho.tv\\\/site\\\/2020\\\/05\\\/22\\\/biodiversidade-governo-considera-uma-nao-questao-acusacoes-da-associacao-zero\\\/#breadcrumb\"},\"inLanguage\":\"pt-PT\",\"potentialAction\":[{\"@type\":\"ReadAction\",\"target\":[\"https:\\\/\\\/www.altominho.tv\\\/site\\\/2020\\\/05\\\/22\\\/biodiversidade-governo-considera-uma-nao-questao-acusacoes-da-associacao-zero\\\/\"]}]},{\"@type\":\"ImageObject\",\"inLanguage\":\"pt-PT\",\"@id\":\"https:\\\/\\\/www.altominho.tv\\\/site\\\/2020\\\/05\\\/22\\\/biodiversidade-governo-considera-uma-nao-questao-acusacoes-da-associacao-zero\\\/#primaryimage\",\"url\":\"https:\\\/\\\/www.altominho.tv\\\/site\\\/wp-content\\\/uploads\\\/2020\\\/05\\\/ministro-ambiente.jpg\",\"contentUrl\":\"https:\\\/\\\/www.altominho.tv\\\/site\\\/wp-content\\\/uploads\\\/2020\\\/05\\\/ministro-ambiente.jpg\",\"width\":800,\"height\":450},{\"@type\":\"BreadcrumbList\",\"@id\":\"https:\\\/\\\/www.altominho.tv\\\/site\\\/2020\\\/05\\\/22\\\/biodiversidade-governo-considera-uma-nao-questao-acusacoes-da-associacao-zero\\\/#breadcrumb\",\"itemListElement\":[{\"@type\":\"ListItem\",\"position\":1,\"name\":\"In\u00edcio\",\"item\":\"https:\\\/\\\/www.altominho.tv\\\/site\\\/\"},{\"@type\":\"ListItem\",\"position\":2,\"name\":\"Biodiversidade: Governo considera &#8220;uma n\u00e3o quest\u00e3o&#8221; acusa\u00e7\u00f5es da associa\u00e7\u00e3o Zero\"}]},{\"@type\":\"WebSite\",\"@id\":\"https:\\\/\\\/www.altominho.tv\\\/site\\\/#website\",\"url\":\"https:\\\/\\\/www.altominho.tv\\\/site\\\/\",\"name\":\"Altominho.tv\",\"description\":\"A sua regi\u00e3o \u00e0 dist\u00e2ncia de um clique...\",\"potentialAction\":[{\"@type\":\"SearchAction\",\"target\":{\"@type\":\"EntryPoint\",\"urlTemplate\":\"https:\\\/\\\/www.altominho.tv\\\/site\\\/?s={search_term_string}\"},\"query-input\":{\"@type\":\"PropertyValueSpecification\",\"valueRequired\":true,\"valueName\":\"search_term_string\"}}],\"inLanguage\":\"pt-PT\"},{\"@type\":\"Person\",\"@id\":\"https:\\\/\\\/www.altominho.tv\\\/site\\\/#\\\/schema\\\/person\\\/dbaf181c01b51ff40c9f461a905d321e\",\"name\":\"Andreia Cunha | Lusa\",\"image\":{\"@type\":\"ImageObject\",\"inLanguage\":\"pt-PT\",\"@id\":\"https:\\\/\\\/www.altominho.tv\\\/site\\\/wp-content\\\/uploads\\\/2017\\\/11\\\/Andreia_Cunha-1-150x150.jpg\",\"url\":\"https:\\\/\\\/www.altominho.tv\\\/site\\\/wp-content\\\/uploads\\\/2017\\\/11\\\/Andreia_Cunha-1-150x150.jpg\",\"contentUrl\":\"https:\\\/\\\/www.altominho.tv\\\/site\\\/wp-content\\\/uploads\\\/2017\\\/11\\\/Andreia_Cunha-1-150x150.jpg\",\"caption\":\"Andreia Cunha | Lusa\"},\"sameAs\":[\"https:\\\/\\\/www.altominho.tv\\\/site\"],\"url\":\"https:\\\/\\\/www.altominho.tv\\\/site\\\/author\\\/andreiacunhalusa\\\/\"}]}<\/script>\n<!-- \/ Yoast SEO Premium plugin. -->","yoast_head_json":{"title":"Biodiversidade: Governo considera \"uma n\u00e3o quest\u00e3o\" acusa\u00e7\u00f5es da associa\u00e7\u00e3o Zero","robots":{"index":"index","follow":"follow","max-snippet":"max-snippet:-1","max-image-preview":"max-image-preview:large","max-video-preview":"max-video-preview:-1"},"canonical":"https:\/\/www.altominho.tv\/site\/2020\/05\/22\/biodiversidade-governo-considera-uma-nao-questao-acusacoes-da-associacao-zero\/","og_locale":"pt_PT","og_type":"article","og_title":"Biodiversidade: Governo considera \"uma n\u00e3o quest\u00e3o\" acusa\u00e7\u00f5es da associa\u00e7\u00e3o Zero","og_description":"O ministro do Ambiente desvalorizou hoje a den\u00fancia da associa\u00e7\u00e3o ambientalista Zero que diz que Portugal n\u00e3o est\u00e1 a aproveitar os apoios para a conserva\u00e7\u00e3o da natureza, podendo ficar por usar 10 milh\u00f5es de euros. \u201c\u00c9 claramente uma n\u00e3o quest\u00e3o. \u00c9 assim, a execu\u00e7\u00e3o do Programa Operacional Sustentabilidade e Efici\u00eancia no Uso de Recursos (PO [&hellip;]","og_url":"https:\/\/www.altominho.tv\/site\/2020\/05\/22\/biodiversidade-governo-considera-uma-nao-questao-acusacoes-da-associacao-zero\/","og_site_name":"Altominho.tv","article_publisher":"https:\/\/www.facebook.com\/altominhotv","article_published_time":"2020-05-22T14:11:35+00:00","article_modified_time":"2020-05-22T14:11:39+00:00","og_image":[{"width":800,"height":450,"url":"https:\/\/www.altominho.tv\/site\/wp-content\/uploads\/2020\/05\/ministro-ambiente.jpg","type":"image\/jpeg"}],"author":"Andreia Cunha | Lusa","twitter_card":"summary_large_image","twitter_creator":"@altominhoTV","twitter_site":"@altominhoTV","twitter_misc":{"Escrito por":"Andreia Cunha | Lusa","Tempo estimado de leitura":"3 minutos"},"schema":{"@context":"https:\/\/schema.org","@graph":[{"@type":"Article","@id":"https:\/\/www.altominho.tv\/site\/2020\/05\/22\/biodiversidade-governo-considera-uma-nao-questao-acusacoes-da-associacao-zero\/#article","isPartOf":{"@id":"https:\/\/www.altominho.tv\/site\/2020\/05\/22\/biodiversidade-governo-considera-uma-nao-questao-acusacoes-da-associacao-zero\/"},"author":{"name":"Andreia Cunha | Lusa","@id":"https:\/\/www.altominho.tv\/site\/#\/schema\/person\/dbaf181c01b51ff40c9f461a905d321e"},"headline":"Biodiversidade: Governo considera &#8220;uma n\u00e3o quest\u00e3o&#8221; acusa\u00e7\u00f5es da associa\u00e7\u00e3o Zero","datePublished":"2020-05-22T14:11:35+00:00","dateModified":"2020-05-22T14:11:39+00:00","mainEntityOfPage":{"@id":"https:\/\/www.altominho.tv\/site\/2020\/05\/22\/biodiversidade-governo-considera-uma-nao-questao-acusacoes-da-associacao-zero\/"},"wordCount":588,"image":{"@id":"https:\/\/www.altominho.tv\/site\/2020\/05\/22\/biodiversidade-governo-considera-uma-nao-questao-acusacoes-da-associacao-zero\/#primaryimage"},"thumbnailUrl":"https:\/\/www.altominho.tv\/site\/wp-content\/uploads\/2020\/05\/ministro-ambiente.jpg","keywords":["Sociedade"],"articleSection":["Alto Minho"],"inLanguage":"pt-PT","copyrightYear":"2020","copyrightHolder":{"@id":"https:\/\/www.altominho.tv\/site\/#organization"}},{"@type":"WebPage","@id":"https:\/\/www.altominho.tv\/site\/2020\/05\/22\/biodiversidade-governo-considera-uma-nao-questao-acusacoes-da-associacao-zero\/","url":"https:\/\/www.altominho.tv\/site\/2020\/05\/22\/biodiversidade-governo-considera-uma-nao-questao-acusacoes-da-associacao-zero\/","name":"Biodiversidade: Governo considera \"uma n\u00e3o quest\u00e3o\" acusa\u00e7\u00f5es da associa\u00e7\u00e3o Zero","isPartOf":{"@id":"https:\/\/www.altominho.tv\/site\/#website"},"primaryImageOfPage":{"@id":"https:\/\/www.altominho.tv\/site\/2020\/05\/22\/biodiversidade-governo-considera-uma-nao-questao-acusacoes-da-associacao-zero\/#primaryimage"},"image":{"@id":"https:\/\/www.altominho.tv\/site\/2020\/05\/22\/biodiversidade-governo-considera-uma-nao-questao-acusacoes-da-associacao-zero\/#primaryimage"},"thumbnailUrl":"https:\/\/www.altominho.tv\/site\/wp-content\/uploads\/2020\/05\/ministro-ambiente.jpg","datePublished":"2020-05-22T14:11:35+00:00","dateModified":"2020-05-22T14:11:39+00:00","author":{"@id":"https:\/\/www.altominho.tv\/site\/#\/schema\/person\/dbaf181c01b51ff40c9f461a905d321e"},"breadcrumb":{"@id":"https:\/\/www.altominho.tv\/site\/2020\/05\/22\/biodiversidade-governo-considera-uma-nao-questao-acusacoes-da-associacao-zero\/#breadcrumb"},"inLanguage":"pt-PT","potentialAction":[{"@type":"ReadAction","target":["https:\/\/www.altominho.tv\/site\/2020\/05\/22\/biodiversidade-governo-considera-uma-nao-questao-acusacoes-da-associacao-zero\/"]}]},{"@type":"ImageObject","inLanguage":"pt-PT","@id":"https:\/\/www.altominho.tv\/site\/2020\/05\/22\/biodiversidade-governo-considera-uma-nao-questao-acusacoes-da-associacao-zero\/#primaryimage","url":"https:\/\/www.altominho.tv\/site\/wp-content\/uploads\/2020\/05\/ministro-ambiente.jpg","contentUrl":"https:\/\/www.altominho.tv\/site\/wp-content\/uploads\/2020\/05\/ministro-ambiente.jpg","width":800,"height":450},{"@type":"BreadcrumbList","@id":"https:\/\/www.altominho.tv\/site\/2020\/05\/22\/biodiversidade-governo-considera-uma-nao-questao-acusacoes-da-associacao-zero\/#breadcrumb","itemListElement":[{"@type":"ListItem","position":1,"name":"In\u00edcio","item":"https:\/\/www.altominho.tv\/site\/"},{"@type":"ListItem","position":2,"name":"Biodiversidade: Governo considera &#8220;uma n\u00e3o quest\u00e3o&#8221; acusa\u00e7\u00f5es da associa\u00e7\u00e3o Zero"}]},{"@type":"WebSite","@id":"https:\/\/www.altominho.tv\/site\/#website","url":"https:\/\/www.altominho.tv\/site\/","name":"Altominho.tv","description":"A sua regi\u00e3o \u00e0 dist\u00e2ncia de um clique...","potentialAction":[{"@type":"SearchAction","target":{"@type":"EntryPoint","urlTemplate":"https:\/\/www.altominho.tv\/site\/?s={search_term_string}"},"query-input":{"@type":"PropertyValueSpecification","valueRequired":true,"valueName":"search_term_string"}}],"inLanguage":"pt-PT"},{"@type":"Person","@id":"https:\/\/www.altominho.tv\/site\/#\/schema\/person\/dbaf181c01b51ff40c9f461a905d321e","name":"Andreia Cunha | Lusa","image":{"@type":"ImageObject","inLanguage":"pt-PT","@id":"https:\/\/www.altominho.tv\/site\/wp-content\/uploads\/2017\/11\/Andreia_Cunha-1-150x150.jpg","url":"https:\/\/www.altominho.tv\/site\/wp-content\/uploads\/2017\/11\/Andreia_Cunha-1-150x150.jpg","contentUrl":"https:\/\/www.altominho.tv\/site\/wp-content\/uploads\/2017\/11\/Andreia_Cunha-1-150x150.jpg","caption":"Andreia Cunha | Lusa"},"sameAs":["https:\/\/www.altominho.tv\/site"],"url":"https:\/\/www.altominho.tv\/site\/author\/andreiacunhalusa\/"}]}},"_links":{"self":[{"href":"https:\/\/www.altominho.tv\/site\/wp-json\/wp\/v2\/posts\/46837","targetHints":{"allow":["GET"]}}],"collection":[{"href":"https:\/\/www.altominho.tv\/site\/wp-json\/wp\/v2\/posts"}],"about":[{"href":"https:\/\/www.altominho.tv\/site\/wp-json\/wp\/v2\/types\/post"}],"author":[{"embeddable":true,"href":"https:\/\/www.altominho.tv\/site\/wp-json\/wp\/v2\/users\/16"}],"replies":[{"embeddable":true,"href":"https:\/\/www.altominho.tv\/site\/wp-json\/wp\/v2\/comments?post=46837"}],"version-history":[{"count":0,"href":"https:\/\/www.altominho.tv\/site\/wp-json\/wp\/v2\/posts\/46837\/revisions"}],"wp:featuredmedia":[{"embeddable":true,"href":"https:\/\/www.altominho.tv\/site\/wp-json\/wp\/v2\/media\/46838"}],"wp:attachment":[{"href":"https:\/\/www.altominho.tv\/site\/wp-json\/wp\/v2\/media?parent=46837"}],"wp:term":[{"taxonomy":"category","embeddable":true,"href":"https:\/\/www.altominho.tv\/site\/wp-json\/wp\/v2\/categories?post=46837"},{"taxonomy":"post_tag","embeddable":true,"href":"https:\/\/www.altominho.tv\/site\/wp-json\/wp\/v2\/tags?post=46837"}],"curies":[{"name":"wp","href":"https:\/\/api.w.org\/{rel}","templated":true}]}}