{"id":46745,"date":"2020-05-21T14:59:59","date_gmt":"2020-05-21T13:59:59","guid":{"rendered":"http:\/\/www.altominho.tv\/site\/?p=46745"},"modified":"2020-05-21T15:00:02","modified_gmt":"2020-05-21T14:00:02","slug":"praias-devem-ter-equipa-de-informacao-e-seguranca-para-avaliar-implementacao-das-medidas","status":"publish","type":"post","link":"https:\/\/www.altominho.tv\/site\/2020\/05\/21\/praias-devem-ter-equipa-de-informacao-e-seguranca-para-avaliar-implementacao-das-medidas\/","title":{"rendered":"Praias devem ter equipa de informa\u00e7\u00e3o e seguran\u00e7a para avaliar implementa\u00e7\u00e3o das medidas"},"content":{"rendered":"<p>As praias devem ter uma equipa de informa\u00e7\u00e3o e seguran\u00e7a, para facilitar a avalia\u00e7\u00e3o das medidas relativas \u00e0 Covid-19 e a articula\u00e7\u00e3o com concession\u00e1rios e restantes entidades, refere o manual sobre a \u00e9poca balnear, enviado \u00e0s c\u00e2maras municipais.<\/p>\n<p class=\"text-paragraph\">\u201cSe poss\u00edvel, nomeadamente nas zonas balneares com maior aflu\u00eancia, promover a constitui\u00e7\u00e3o de uma equipa de informa\u00e7\u00e3o e seguran\u00e7a, que poder\u00e1 ser comum a v\u00e1rias zonas balneares de um concelho, e que pode facilitar a avalia\u00e7\u00e3o da implementa\u00e7\u00e3o das medidas e a articula\u00e7\u00e3o com o concession\u00e1rio e com as restantes entidades\u201d, indica o manual \u201cIr \u00e0 praia em seguran\u00e7a\u201d.<\/p>\n<p class=\"text-paragraph\">Depois de o Governo ter anunciado que a \u00e9poca balnear pode come\u00e7ar a partir de 6 de junho, as c\u00e2maras municipais receberam um manual, com 34 p\u00e1ginas, em que se apresentam as linhas orientadoras sobre o regime excecional e tempor\u00e1rio para a ocupa\u00e7\u00e3o e utiliza\u00e7\u00e3o das praias, no contexto da pandemia, que se aplica ao territ\u00f3rio continental, excluindo as regi\u00f5es aut\u00f3nomas dos A\u00e7ores e da Madeira.<\/p>\n<p class=\"text-paragraph\">\u201c\u00c9 necess\u00e1rio reinventar a forma como as praias s\u00e3o usufru\u00eddas, em seguran\u00e7a, salientando-se a necessidade de manter-se o distanciamento f\u00edsico e as medidas sanit\u00e1rias b\u00e1sicas, e ao mesmo tempo garantir aos banhistas uma experi\u00eancia suficientemente confort\u00e1vel na praia\u201d, l\u00ea-se no documento.<\/p>\n<p class=\"text-paragraph\">Neste sentido, a seguran\u00e7a das zonas balneares \u201cdepende essencialmente da capacidade de transmitir aos cidad\u00e3os que devem ser eles pr\u00f3prios a acautelar, em primeiro lugar, a sua situa\u00e7\u00e3o de risco\u201d, pelo que se deve apostar em campanhas de sensibiliza\u00e7\u00e3o, atrav\u00e9s da \u201cdivulga\u00e7\u00e3o intensiva\u201d \u00e0 popula\u00e7\u00e3o dos cuidados a ter nestes espa\u00e7os p\u00fablicos.<\/p>\n<p class=\"text-paragraph\">\u201cComplementarmente, as autoridades policiais, autarquias, e outros intervenientes, e meios que venham a ser envolvidos, devem promover a\u00e7\u00f5es que promovam a ado\u00e7\u00e3o destes comportamentos que minimizam o risco de cont\u00e1gio\u201d, prop\u00f5e o manual \u201cIr \u00e0 praia em seguran\u00e7a\u201d, defendendo a articula\u00e7\u00e3o de todas as entidades com compet\u00eancia para potenciar as a\u00e7\u00f5es de preven\u00e7\u00e3o e fiscaliza\u00e7\u00e3o das zonas balneares.<\/p>\n<p class=\"text-paragraph\">O documento sobre a ocupa\u00e7\u00e3o e utiliza\u00e7\u00e3o das praias, no contexto da pandemia de Covid-19, prev\u00ea ainda a possibilidade de \u201crefor\u00e7o de monitoriza\u00e7\u00e3o\u201d da qualidade da \u00e1gua das zonas balneares, referindo que \u201cos avisos de desaconselhamento e interdi\u00e7\u00e3o, por altera\u00e7\u00e3o da qualidade da \u00e1gua, v\u00e3o ser amplamente divulgados e os utentes devem respeit\u00e1-los agora mais do que nunca, para proteger a sua sa\u00fade\u201d.<\/p>\n<p class=\"text-paragraph\">\u201cN\u00e3o h\u00e1 recomenda\u00e7\u00e3o para se alterar os programas de monitoriza\u00e7\u00e3o da qualidade da \u00e1gua das \u00e1guas balneares por causa do coronav\u00edrus, j\u00e1 que os indicadores referidos s\u00e3o suficientes, podendo haver um refor\u00e7o de monitoriza\u00e7\u00e3o, nomeadamente nas \u00e1guas interiores\u201d, esclarece o manual, informando que a Ag\u00eancia Portuguesa do Ambiente (APA) realiza, todos os anos, mais de 6.500 an\u00e1lises e os resultados s\u00e3o disponibilizados em tempo real na aplica\u00e7\u00e3o InfoPraia e no <a href=\"http:\/\/www.apambiente.pt\" target=\"_blank\" rel=\"noopener noreferrer\">s\u00edtio<\/a> na Internet.<\/p>\n<p class=\"text-paragraph\">Com base em dados de surtos anteriores de SARS &#8211; S\u00edndrome Respirat\u00f3ria Aguda Grave e MERS &#8211; S\u00edndrome Respirat\u00f3ria do M\u00e9dio Oriente, os cientistas estimam que \u201ch\u00e1 um baixo risco de transmiss\u00e3o do v\u00edrus que causa a doen\u00e7a Covid-19 atrav\u00e9s da \u00e1gua\u201d, aponta o manual, adiantando que tamb\u00e9m \u00e9 estimado que o risco de transmiss\u00e3o atrav\u00e9s de sistemas de \u00e1guas residuais tratadas seja baixo e \u201cn\u00e3o existem, \u00e0 data, estudos sobre a presen\u00e7a do SARS-CoV-2 na areia\u201d.<\/p>\n<p class=\"text-paragraph\">Os utentes das praias devem assegurar um distanciamento f\u00edsico de 1,5 metros entre diferentes grupos e afastamento de tr\u00eas metros entre chap\u00e9us de sol, toldos ou colmos, a partir de 6 de junho, determinou o Governo.<\/p>\n<p class=\"text-paragraph\">Relativamente ao estado de ocupa\u00e7\u00e3o das praias, vai existir \u201csinal\u00e9tica tipo sem\u00e1foro\u201d, em que a cor verde indica ocupa\u00e7\u00e3o baixa (1\/3), amarelo \u00e9 ocupa\u00e7\u00e3o elevada (2\/3) e vermelho quer dizer ocupa\u00e7\u00e3o plena (3\/3).<\/p>\n<p class=\"text-paragraph\">Segundo o Governo, a informa\u00e7\u00e3o sobre o estado de ocupa\u00e7\u00e3o das praias vai ser \u201catualizada de forma cont\u00ednua, em tempo real\u201d, designadamente na aplica\u00e7\u00e3o InfoPraia e no s\u00edtio da APA.<\/p>\n<p class=\"text-paragraph\">Al\u00e9m dos acessos \u00e0 zona balnear, est\u00e3o previstas medidas sobre o ordenamento do espa\u00e7o de estacionamento, a circula\u00e7\u00e3o nas passadeiras, pared\u00e3o e marginal, as instala\u00e7\u00f5es sanit\u00e1rias, a gest\u00e3o de res\u00edduos, a venda ambulante, os equipamentos de banho, inclusive cadeiras anf\u00edbias, gaivotas, escorregas, chuveiros e espregui\u00e7adeiras, e o funcionamento de apoios de praia e equipamentos, nomeadamente restaurantes, esplanadas e zonas de merendas.<\/p>\n<p class=\"text-paragraph\">Quanto aos postos de primeiros socorros, estes devem dispor de term\u00f3metros e equipamento de prote\u00e7\u00e3o individual e ter uma \u00e1rea destinada ao isolamento de casos suspeitos de infe\u00e7\u00e3o pela Covid-19, determina o regime excecional e tempor\u00e1rio para a ocupa\u00e7\u00e3o e utiliza\u00e7\u00e3o das praias, no contexto da pandemia.<\/p>\n<p class=\"text-paragraph\">Neste \u00e2mbito, o Governo prev\u00ea a possibilidade de interdi\u00e7\u00e3o da praia, \u201cpor motivo de prote\u00e7\u00e3o da sa\u00fade p\u00fablica, em caso de incumprimento grave das regras pelas concession\u00e1rias ou pelos utentes\u201d.<\/p>\n","protected":false},"excerpt":{"rendered":"<p>As praias devem ter uma equipa de informa\u00e7\u00e3o e seguran\u00e7a, para facilitar a avalia\u00e7\u00e3o das medidas relativas \u00e0 Covid-19 e a articula\u00e7\u00e3o com concession\u00e1rios e restantes entidades, refere o manual sobre a \u00e9poca balnear, enviado \u00e0s c\u00e2maras municipais. \u201cSe poss\u00edvel, nomeadamente nas zonas balneares com maior aflu\u00eancia, promover a constitui\u00e7\u00e3o de uma equipa de informa\u00e7\u00e3o [&hellip;]<\/p>\n","protected":false},"author":13,"featured_media":46748,"comment_status":"closed","ping_status":"closed","sticky":false,"template":"","format":"standard","meta":{"_exactmetrics_skip_tracking":false,"_exactmetrics_sitenote_active":false,"_exactmetrics_sitenote_note":"","_exactmetrics_sitenote_category":0,"footnotes":""},"categories":[73],"tags":[27],"class_list":["post-46745","post","type-post","status-publish","format-standard","has-post-thumbnail","hentry","category-alto-minho","tag-sociedade"],"yoast_head":"<!-- This site is optimized with the Yoast SEO Premium plugin v27.4 (Yoast SEO v27.4) - https:\/\/yoast.com\/product\/yoast-seo-premium-wordpress\/ -->\n<title>Praias devem ter equipa de informa\u00e7\u00e3o e seguran\u00e7a para avaliar implementa\u00e7\u00e3o das medidas<\/title>\n<meta name=\"robots\" content=\"index, follow, max-snippet:-1, max-image-preview:large, max-video-preview:-1\" \/>\n<link rel=\"canonical\" href=\"https:\/\/www.altominho.tv\/site\/2020\/05\/21\/praias-devem-ter-equipa-de-informacao-e-seguranca-para-avaliar-implementacao-das-medidas\/\" \/>\n<meta property=\"og:locale\" content=\"pt_PT\" \/>\n<meta property=\"og:type\" content=\"article\" \/>\n<meta property=\"og:title\" content=\"Praias devem ter equipa de informa\u00e7\u00e3o e seguran\u00e7a para avaliar implementa\u00e7\u00e3o das medidas\" \/>\n<meta property=\"og:description\" content=\"As praias devem ter uma equipa de informa\u00e7\u00e3o e seguran\u00e7a, para facilitar a avalia\u00e7\u00e3o das medidas relativas \u00e0 Covid-19 e a articula\u00e7\u00e3o com concession\u00e1rios e restantes entidades, refere o manual sobre a \u00e9poca balnear, enviado \u00e0s c\u00e2maras municipais. \u201cSe poss\u00edvel, nomeadamente nas zonas balneares com maior aflu\u00eancia, promover a constitui\u00e7\u00e3o de uma equipa de informa\u00e7\u00e3o [&hellip;]\" \/>\n<meta property=\"og:url\" content=\"https:\/\/www.altominho.tv\/site\/2020\/05\/21\/praias-devem-ter-equipa-de-informacao-e-seguranca-para-avaliar-implementacao-das-medidas\/\" \/>\n<meta property=\"og:site_name\" content=\"Altominho.tv\" \/>\n<meta property=\"article:publisher\" content=\"https:\/\/www.facebook.com\/altominhotv\" \/>\n<meta property=\"article:published_time\" content=\"2020-05-21T13:59:59+00:00\" \/>\n<meta property=\"article:modified_time\" content=\"2020-05-21T14:00:02+00:00\" \/>\n<meta property=\"og:image\" content=\"https:\/\/www.altominho.tv\/site\/wp-content\/uploads\/2020\/05\/praia-740x416-1.jpg\" \/>\n\t<meta property=\"og:image:width\" content=\"740\" \/>\n\t<meta property=\"og:image:height\" content=\"416\" \/>\n\t<meta property=\"og:image:type\" content=\"image\/jpeg\" \/>\n<meta name=\"author\" content=\"Lusa\" \/>\n<meta name=\"twitter:card\" content=\"summary_large_image\" \/>\n<meta name=\"twitter:creator\" content=\"@altominhoTV\" \/>\n<meta name=\"twitter:site\" content=\"@altominhoTV\" \/>\n<meta name=\"twitter:label1\" content=\"Escrito por\" \/>\n\t<meta name=\"twitter:data1\" content=\"Lusa\" \/>\n\t<meta name=\"twitter:label2\" content=\"Tempo estimado de leitura\" \/>\n\t<meta name=\"twitter:data2\" content=\"4 minutos\" \/>\n<script type=\"application\/ld+json\" class=\"yoast-schema-graph\">{\"@context\":\"https:\\\/\\\/schema.org\",\"@graph\":[{\"@type\":\"Article\",\"@id\":\"https:\\\/\\\/www.altominho.tv\\\/site\\\/2020\\\/05\\\/21\\\/praias-devem-ter-equipa-de-informacao-e-seguranca-para-avaliar-implementacao-das-medidas\\\/#article\",\"isPartOf\":{\"@id\":\"https:\\\/\\\/www.altominho.tv\\\/site\\\/2020\\\/05\\\/21\\\/praias-devem-ter-equipa-de-informacao-e-seguranca-para-avaliar-implementacao-das-medidas\\\/\"},\"author\":{\"name\":\"Lusa\",\"@id\":\"https:\\\/\\\/www.altominho.tv\\\/site\\\/#\\\/schema\\\/person\\\/63f693da3e1899361cbe955c46f3232e\"},\"headline\":\"Praias devem ter equipa de informa\u00e7\u00e3o e seguran\u00e7a para avaliar implementa\u00e7\u00e3o das medidas\",\"datePublished\":\"2020-05-21T13:59:59+00:00\",\"dateModified\":\"2020-05-21T14:00:02+00:00\",\"mainEntityOfPage\":{\"@id\":\"https:\\\/\\\/www.altominho.tv\\\/site\\\/2020\\\/05\\\/21\\\/praias-devem-ter-equipa-de-informacao-e-seguranca-para-avaliar-implementacao-das-medidas\\\/\"},\"wordCount\":891,\"image\":{\"@id\":\"https:\\\/\\\/www.altominho.tv\\\/site\\\/2020\\\/05\\\/21\\\/praias-devem-ter-equipa-de-informacao-e-seguranca-para-avaliar-implementacao-das-medidas\\\/#primaryimage\"},\"thumbnailUrl\":\"https:\\\/\\\/www.altominho.tv\\\/site\\\/wp-content\\\/uploads\\\/2020\\\/05\\\/praia-740x416-1.jpg\",\"keywords\":[\"Sociedade\"],\"articleSection\":[\"Alto Minho\"],\"inLanguage\":\"pt-PT\",\"copyrightYear\":\"2020\",\"copyrightHolder\":{\"@id\":\"https:\\\/\\\/www.altominho.tv\\\/site\\\/#organization\"}},{\"@type\":\"WebPage\",\"@id\":\"https:\\\/\\\/www.altominho.tv\\\/site\\\/2020\\\/05\\\/21\\\/praias-devem-ter-equipa-de-informacao-e-seguranca-para-avaliar-implementacao-das-medidas\\\/\",\"url\":\"https:\\\/\\\/www.altominho.tv\\\/site\\\/2020\\\/05\\\/21\\\/praias-devem-ter-equipa-de-informacao-e-seguranca-para-avaliar-implementacao-das-medidas\\\/\",\"name\":\"Praias devem ter equipa de informa\u00e7\u00e3o e seguran\u00e7a para avaliar implementa\u00e7\u00e3o das medidas\",\"isPartOf\":{\"@id\":\"https:\\\/\\\/www.altominho.tv\\\/site\\\/#website\"},\"primaryImageOfPage\":{\"@id\":\"https:\\\/\\\/www.altominho.tv\\\/site\\\/2020\\\/05\\\/21\\\/praias-devem-ter-equipa-de-informacao-e-seguranca-para-avaliar-implementacao-das-medidas\\\/#primaryimage\"},\"image\":{\"@id\":\"https:\\\/\\\/www.altominho.tv\\\/site\\\/2020\\\/05\\\/21\\\/praias-devem-ter-equipa-de-informacao-e-seguranca-para-avaliar-implementacao-das-medidas\\\/#primaryimage\"},\"thumbnailUrl\":\"https:\\\/\\\/www.altominho.tv\\\/site\\\/wp-content\\\/uploads\\\/2020\\\/05\\\/praia-740x416-1.jpg\",\"datePublished\":\"2020-05-21T13:59:59+00:00\",\"dateModified\":\"2020-05-21T14:00:02+00:00\",\"author\":{\"@id\":\"https:\\\/\\\/www.altominho.tv\\\/site\\\/#\\\/schema\\\/person\\\/63f693da3e1899361cbe955c46f3232e\"},\"breadcrumb\":{\"@id\":\"https:\\\/\\\/www.altominho.tv\\\/site\\\/2020\\\/05\\\/21\\\/praias-devem-ter-equipa-de-informacao-e-seguranca-para-avaliar-implementacao-das-medidas\\\/#breadcrumb\"},\"inLanguage\":\"pt-PT\",\"potentialAction\":[{\"@type\":\"ReadAction\",\"target\":[\"https:\\\/\\\/www.altominho.tv\\\/site\\\/2020\\\/05\\\/21\\\/praias-devem-ter-equipa-de-informacao-e-seguranca-para-avaliar-implementacao-das-medidas\\\/\"]}]},{\"@type\":\"ImageObject\",\"inLanguage\":\"pt-PT\",\"@id\":\"https:\\\/\\\/www.altominho.tv\\\/site\\\/2020\\\/05\\\/21\\\/praias-devem-ter-equipa-de-informacao-e-seguranca-para-avaliar-implementacao-das-medidas\\\/#primaryimage\",\"url\":\"https:\\\/\\\/www.altominho.tv\\\/site\\\/wp-content\\\/uploads\\\/2020\\\/05\\\/praia-740x416-1.jpg\",\"contentUrl\":\"https:\\\/\\\/www.altominho.tv\\\/site\\\/wp-content\\\/uploads\\\/2020\\\/05\\\/praia-740x416-1.jpg\",\"width\":740,\"height\":416},{\"@type\":\"BreadcrumbList\",\"@id\":\"https:\\\/\\\/www.altominho.tv\\\/site\\\/2020\\\/05\\\/21\\\/praias-devem-ter-equipa-de-informacao-e-seguranca-para-avaliar-implementacao-das-medidas\\\/#breadcrumb\",\"itemListElement\":[{\"@type\":\"ListItem\",\"position\":1,\"name\":\"In\u00edcio\",\"item\":\"https:\\\/\\\/www.altominho.tv\\\/site\\\/\"},{\"@type\":\"ListItem\",\"position\":2,\"name\":\"Praias devem ter equipa de informa\u00e7\u00e3o e seguran\u00e7a para avaliar implementa\u00e7\u00e3o das medidas\"}]},{\"@type\":\"WebSite\",\"@id\":\"https:\\\/\\\/www.altominho.tv\\\/site\\\/#website\",\"url\":\"https:\\\/\\\/www.altominho.tv\\\/site\\\/\",\"name\":\"Altominho.tv\",\"description\":\"A sua regi\u00e3o \u00e0 dist\u00e2ncia de um clique...\",\"potentialAction\":[{\"@type\":\"SearchAction\",\"target\":{\"@type\":\"EntryPoint\",\"urlTemplate\":\"https:\\\/\\\/www.altominho.tv\\\/site\\\/?s={search_term_string}\"},\"query-input\":{\"@type\":\"PropertyValueSpecification\",\"valueRequired\":true,\"valueName\":\"search_term_string\"}}],\"inLanguage\":\"pt-PT\"},{\"@type\":\"Person\",\"@id\":\"https:\\\/\\\/www.altominho.tv\\\/site\\\/#\\\/schema\\\/person\\\/63f693da3e1899361cbe955c46f3232e\",\"name\":\"Lusa\",\"image\":{\"@type\":\"ImageObject\",\"inLanguage\":\"pt-PT\",\"@id\":\"https:\\\/\\\/www.altominho.tv\\\/site\\\/wp-content\\\/uploads\\\/2019\\\/08\\\/LUSA_Logo.gif\",\"url\":\"https:\\\/\\\/www.altominho.tv\\\/site\\\/wp-content\\\/uploads\\\/2019\\\/08\\\/LUSA_Logo.gif\",\"contentUrl\":\"https:\\\/\\\/www.altominho.tv\\\/site\\\/wp-content\\\/uploads\\\/2019\\\/08\\\/LUSA_Logo.gif\",\"caption\":\"Lusa\"},\"sameAs\":[\"http:\\\/\\\/\\\/\\\/www.altominho.tv\\\/site\"],\"url\":\"https:\\\/\\\/www.altominho.tv\\\/site\\\/author\\\/lusa\\\/\"}]}<\/script>\n<!-- \/ Yoast SEO Premium plugin. -->","yoast_head_json":{"title":"Praias devem ter equipa de informa\u00e7\u00e3o e seguran\u00e7a para avaliar implementa\u00e7\u00e3o das medidas","robots":{"index":"index","follow":"follow","max-snippet":"max-snippet:-1","max-image-preview":"max-image-preview:large","max-video-preview":"max-video-preview:-1"},"canonical":"https:\/\/www.altominho.tv\/site\/2020\/05\/21\/praias-devem-ter-equipa-de-informacao-e-seguranca-para-avaliar-implementacao-das-medidas\/","og_locale":"pt_PT","og_type":"article","og_title":"Praias devem ter equipa de informa\u00e7\u00e3o e seguran\u00e7a para avaliar implementa\u00e7\u00e3o das medidas","og_description":"As praias devem ter uma equipa de informa\u00e7\u00e3o e seguran\u00e7a, para facilitar a avalia\u00e7\u00e3o das medidas relativas \u00e0 Covid-19 e a articula\u00e7\u00e3o com concession\u00e1rios e restantes entidades, refere o manual sobre a \u00e9poca balnear, enviado \u00e0s c\u00e2maras municipais. \u201cSe poss\u00edvel, nomeadamente nas zonas balneares com maior aflu\u00eancia, promover a constitui\u00e7\u00e3o de uma equipa de informa\u00e7\u00e3o [&hellip;]","og_url":"https:\/\/www.altominho.tv\/site\/2020\/05\/21\/praias-devem-ter-equipa-de-informacao-e-seguranca-para-avaliar-implementacao-das-medidas\/","og_site_name":"Altominho.tv","article_publisher":"https:\/\/www.facebook.com\/altominhotv","article_published_time":"2020-05-21T13:59:59+00:00","article_modified_time":"2020-05-21T14:00:02+00:00","og_image":[{"width":740,"height":416,"url":"https:\/\/www.altominho.tv\/site\/wp-content\/uploads\/2020\/05\/praia-740x416-1.jpg","type":"image\/jpeg"}],"author":"Lusa","twitter_card":"summary_large_image","twitter_creator":"@altominhoTV","twitter_site":"@altominhoTV","twitter_misc":{"Escrito por":"Lusa","Tempo estimado de leitura":"4 minutos"},"schema":{"@context":"https:\/\/schema.org","@graph":[{"@type":"Article","@id":"https:\/\/www.altominho.tv\/site\/2020\/05\/21\/praias-devem-ter-equipa-de-informacao-e-seguranca-para-avaliar-implementacao-das-medidas\/#article","isPartOf":{"@id":"https:\/\/www.altominho.tv\/site\/2020\/05\/21\/praias-devem-ter-equipa-de-informacao-e-seguranca-para-avaliar-implementacao-das-medidas\/"},"author":{"name":"Lusa","@id":"https:\/\/www.altominho.tv\/site\/#\/schema\/person\/63f693da3e1899361cbe955c46f3232e"},"headline":"Praias devem ter equipa de informa\u00e7\u00e3o e seguran\u00e7a para avaliar implementa\u00e7\u00e3o das medidas","datePublished":"2020-05-21T13:59:59+00:00","dateModified":"2020-05-21T14:00:02+00:00","mainEntityOfPage":{"@id":"https:\/\/www.altominho.tv\/site\/2020\/05\/21\/praias-devem-ter-equipa-de-informacao-e-seguranca-para-avaliar-implementacao-das-medidas\/"},"wordCount":891,"image":{"@id":"https:\/\/www.altominho.tv\/site\/2020\/05\/21\/praias-devem-ter-equipa-de-informacao-e-seguranca-para-avaliar-implementacao-das-medidas\/#primaryimage"},"thumbnailUrl":"https:\/\/www.altominho.tv\/site\/wp-content\/uploads\/2020\/05\/praia-740x416-1.jpg","keywords":["Sociedade"],"articleSection":["Alto Minho"],"inLanguage":"pt-PT","copyrightYear":"2020","copyrightHolder":{"@id":"https:\/\/www.altominho.tv\/site\/#organization"}},{"@type":"WebPage","@id":"https:\/\/www.altominho.tv\/site\/2020\/05\/21\/praias-devem-ter-equipa-de-informacao-e-seguranca-para-avaliar-implementacao-das-medidas\/","url":"https:\/\/www.altominho.tv\/site\/2020\/05\/21\/praias-devem-ter-equipa-de-informacao-e-seguranca-para-avaliar-implementacao-das-medidas\/","name":"Praias devem ter equipa de informa\u00e7\u00e3o e seguran\u00e7a para avaliar implementa\u00e7\u00e3o das medidas","isPartOf":{"@id":"https:\/\/www.altominho.tv\/site\/#website"},"primaryImageOfPage":{"@id":"https:\/\/www.altominho.tv\/site\/2020\/05\/21\/praias-devem-ter-equipa-de-informacao-e-seguranca-para-avaliar-implementacao-das-medidas\/#primaryimage"},"image":{"@id":"https:\/\/www.altominho.tv\/site\/2020\/05\/21\/praias-devem-ter-equipa-de-informacao-e-seguranca-para-avaliar-implementacao-das-medidas\/#primaryimage"},"thumbnailUrl":"https:\/\/www.altominho.tv\/site\/wp-content\/uploads\/2020\/05\/praia-740x416-1.jpg","datePublished":"2020-05-21T13:59:59+00:00","dateModified":"2020-05-21T14:00:02+00:00","author":{"@id":"https:\/\/www.altominho.tv\/site\/#\/schema\/person\/63f693da3e1899361cbe955c46f3232e"},"breadcrumb":{"@id":"https:\/\/www.altominho.tv\/site\/2020\/05\/21\/praias-devem-ter-equipa-de-informacao-e-seguranca-para-avaliar-implementacao-das-medidas\/#breadcrumb"},"inLanguage":"pt-PT","potentialAction":[{"@type":"ReadAction","target":["https:\/\/www.altominho.tv\/site\/2020\/05\/21\/praias-devem-ter-equipa-de-informacao-e-seguranca-para-avaliar-implementacao-das-medidas\/"]}]},{"@type":"ImageObject","inLanguage":"pt-PT","@id":"https:\/\/www.altominho.tv\/site\/2020\/05\/21\/praias-devem-ter-equipa-de-informacao-e-seguranca-para-avaliar-implementacao-das-medidas\/#primaryimage","url":"https:\/\/www.altominho.tv\/site\/wp-content\/uploads\/2020\/05\/praia-740x416-1.jpg","contentUrl":"https:\/\/www.altominho.tv\/site\/wp-content\/uploads\/2020\/05\/praia-740x416-1.jpg","width":740,"height":416},{"@type":"BreadcrumbList","@id":"https:\/\/www.altominho.tv\/site\/2020\/05\/21\/praias-devem-ter-equipa-de-informacao-e-seguranca-para-avaliar-implementacao-das-medidas\/#breadcrumb","itemListElement":[{"@type":"ListItem","position":1,"name":"In\u00edcio","item":"https:\/\/www.altominho.tv\/site\/"},{"@type":"ListItem","position":2,"name":"Praias devem ter equipa de informa\u00e7\u00e3o e seguran\u00e7a para avaliar implementa\u00e7\u00e3o das medidas"}]},{"@type":"WebSite","@id":"https:\/\/www.altominho.tv\/site\/#website","url":"https:\/\/www.altominho.tv\/site\/","name":"Altominho.tv","description":"A sua regi\u00e3o \u00e0 dist\u00e2ncia de um clique...","potentialAction":[{"@type":"SearchAction","target":{"@type":"EntryPoint","urlTemplate":"https:\/\/www.altominho.tv\/site\/?s={search_term_string}"},"query-input":{"@type":"PropertyValueSpecification","valueRequired":true,"valueName":"search_term_string"}}],"inLanguage":"pt-PT"},{"@type":"Person","@id":"https:\/\/www.altominho.tv\/site\/#\/schema\/person\/63f693da3e1899361cbe955c46f3232e","name":"Lusa","image":{"@type":"ImageObject","inLanguage":"pt-PT","@id":"https:\/\/www.altominho.tv\/site\/wp-content\/uploads\/2019\/08\/LUSA_Logo.gif","url":"https:\/\/www.altominho.tv\/site\/wp-content\/uploads\/2019\/08\/LUSA_Logo.gif","contentUrl":"https:\/\/www.altominho.tv\/site\/wp-content\/uploads\/2019\/08\/LUSA_Logo.gif","caption":"Lusa"},"sameAs":["http:\/\/\/\/www.altominho.tv\/site"],"url":"https:\/\/www.altominho.tv\/site\/author\/lusa\/"}]}},"_links":{"self":[{"href":"https:\/\/www.altominho.tv\/site\/wp-json\/wp\/v2\/posts\/46745","targetHints":{"allow":["GET"]}}],"collection":[{"href":"https:\/\/www.altominho.tv\/site\/wp-json\/wp\/v2\/posts"}],"about":[{"href":"https:\/\/www.altominho.tv\/site\/wp-json\/wp\/v2\/types\/post"}],"author":[{"embeddable":true,"href":"https:\/\/www.altominho.tv\/site\/wp-json\/wp\/v2\/users\/13"}],"replies":[{"embeddable":true,"href":"https:\/\/www.altominho.tv\/site\/wp-json\/wp\/v2\/comments?post=46745"}],"version-history":[{"count":0,"href":"https:\/\/www.altominho.tv\/site\/wp-json\/wp\/v2\/posts\/46745\/revisions"}],"wp:featuredmedia":[{"embeddable":true,"href":"https:\/\/www.altominho.tv\/site\/wp-json\/wp\/v2\/media\/46748"}],"wp:attachment":[{"href":"https:\/\/www.altominho.tv\/site\/wp-json\/wp\/v2\/media?parent=46745"}],"wp:term":[{"taxonomy":"category","embeddable":true,"href":"https:\/\/www.altominho.tv\/site\/wp-json\/wp\/v2\/categories?post=46745"},{"taxonomy":"post_tag","embeddable":true,"href":"https:\/\/www.altominho.tv\/site\/wp-json\/wp\/v2\/tags?post=46745"}],"curies":[{"name":"wp","href":"https:\/\/api.w.org\/{rel}","templated":true}]}}