{"id":46715,"date":"2020-05-20T20:50:45","date_gmt":"2020-05-20T19:50:45","guid":{"rendered":"http:\/\/www.altominho.tv\/site\/?p=46715"},"modified":"2020-05-20T20:50:49","modified_gmt":"2020-05-20T19:50:49","slug":"treze-praias-do-alto-minho-renovam-bandeira-azul","status":"publish","type":"post","link":"https:\/\/www.altominho.tv\/site\/2020\/05\/20\/treze-praias-do-alto-minho-renovam-bandeira-azul\/","title":{"rendered":"Treze praias do Alto Minho renovam bandeira azul"},"content":{"rendered":"<p><strong>Treze praias do Alto Minho viram, este ano, renovada a bandeira azul, oito em Viana do Castelo e cinco em Caminha.<\/strong><\/p>\n<p>Em Viana do Castelo as oito praias que mant\u00eam a bandeira azul s\u00e3o a praia de Afife, Arda, Pa\u00e7\u00f4, Carre\u00e7o, Norte, Cabedelo, Amorosa e Castelo do Neiva.<\/p>\n<p>Em Caminha s\u00e3o a praia fluvial das Azenhas em Vilar de Mouros, e as de Caminha, Moledo, Vila Praia de \u00c2ncora e Forte do C\u00e3o.<\/p>\n<p><a href=\"\/\/www.altominho.tv\/site\/2020\/05\/15\/conheca-todas-as-regras-que-tera-de-cumprir-nas-praias-a-partir-de-6-de-junho\/\">A \u00e9poca balnear de 2020, que come\u00e7a oficialmente a 6 de junho<\/a>, vai contar com 322 praias costeiras e 38 fluviais com bandeira azul.<\/p>\n<p>O Algarve continua a liderar o <em>ranking<\/em> com 87 praias galardoadas, seguido do Norte (76), da regi\u00e3o do Tejo (57), da regi\u00e3o Centro (46), dos A\u00e7ores (42), do Alentejo (36) e por fim da Madeira (16).<\/p>\n<p>Entre os crit\u00e9rios para a atribui\u00e7\u00e3o da Bandeira Azul est\u00e3o a qualidade da \u00e1gua balnear, a presen\u00e7a de nadadores-salvadores, a qualidade dos acessos e as obriga\u00e7\u00f5es de os concession\u00e1rios dos apoios de praias apostarem em projetos de efici\u00eancia energ\u00e9tica e de responsabilidade social, como a redu\u00e7\u00e3o de consumo de pl\u00e1stico descart\u00e1vel.<\/p>\n<p>Portugal continua no primeiro lugar, em termos percentuais (face ao total de praias designadas como aptas para banhos) entre os 47 pa\u00edses cujas praias ostentam este s\u00edmbolo. Em n\u00famero absoluto, o ranking de Bandeiras Azuis continua a ser liderado por Espanha, Gr\u00e9cia, Fran\u00e7a, Turquia e It\u00e1lia.<\/p>\n","protected":false},"excerpt":{"rendered":"<p>Treze praias do Alto Minho viram, este ano, renovada a bandeira azul, oito em Viana do Castelo e cinco em Caminha. Em Viana do Castelo as oito praias que mant\u00eam a bandeira azul s\u00e3o a praia de Afife, Arda, Pa\u00e7\u00f4, Carre\u00e7o, Norte, Cabedelo, Amorosa e Castelo do Neiva. Em Caminha s\u00e3o a praia fluvial das [&hellip;]<\/p>\n","protected":false},"author":1,"featured_media":46716,"comment_status":"closed","ping_status":"closed","sticky":false,"template":"","format":"standard","meta":{"_exactmetrics_skip_tracking":false,"_exactmetrics_sitenote_active":false,"_exactmetrics_sitenote_note":"","_exactmetrics_sitenote_category":0,"footnotes":""},"categories":[73],"tags":[24],"class_list":["post-46715","post","type-post","status-publish","format-standard","has-post-thumbnail","hentry","category-alto-minho","tag-lazer"],"yoast_head":"<!-- This site is optimized with the Yoast SEO Premium plugin v27.4 (Yoast SEO v27.4) - https:\/\/yoast.com\/product\/yoast-seo-premium-wordpress\/ -->\n<title>Treze praias do Alto Minho renovam bandeira azul<\/title>\n<meta name=\"robots\" content=\"index, follow, max-snippet:-1, max-image-preview:large, max-video-preview:-1\" \/>\n<link rel=\"canonical\" href=\"https:\/\/www.altominho.tv\/site\/2020\/05\/20\/treze-praias-do-alto-minho-renovam-bandeira-azul\/\" \/>\n<meta property=\"og:locale\" content=\"pt_PT\" \/>\n<meta property=\"og:type\" content=\"article\" \/>\n<meta property=\"og:title\" content=\"Treze praias do Alto Minho renovam bandeira azul\" \/>\n<meta property=\"og:description\" content=\"Treze praias do Alto Minho viram, este ano, renovada a bandeira azul, oito em Viana do Castelo e cinco em Caminha. Em Viana do Castelo as oito praias que mant\u00eam a bandeira azul s\u00e3o a praia de Afife, Arda, Pa\u00e7\u00f4, Carre\u00e7o, Norte, Cabedelo, Amorosa e Castelo do Neiva. Em Caminha s\u00e3o a praia fluvial das [&hellip;]\" \/>\n<meta property=\"og:url\" content=\"https:\/\/www.altominho.tv\/site\/2020\/05\/20\/treze-praias-do-alto-minho-renovam-bandeira-azul\/\" \/>\n<meta property=\"og:site_name\" content=\"Altominho.tv\" \/>\n<meta property=\"article:publisher\" content=\"https:\/\/www.facebook.com\/altominhotv\" \/>\n<meta property=\"article:published_time\" content=\"2020-05-20T19:50:45+00:00\" \/>\n<meta property=\"article:modified_time\" content=\"2020-05-20T19:50:49+00:00\" \/>\n<meta property=\"og:image\" content=\"https:\/\/www.altominho.tv\/site\/wp-content\/uploads\/2020\/05\/bandeira_azul.jpg\" \/>\n\t<meta property=\"og:image:width\" content=\"760\" \/>\n\t<meta property=\"og:image:height\" content=\"507\" \/>\n\t<meta property=\"og:image:type\" content=\"image\/jpeg\" \/>\n<meta name=\"author\" content=\"Altominho.tv\" \/>\n<meta name=\"twitter:card\" content=\"summary_large_image\" \/>\n<meta name=\"twitter:creator\" content=\"@altominhoTV\" \/>\n<meta name=\"twitter:site\" content=\"@altominhoTV\" \/>\n<meta name=\"twitter:label1\" content=\"Escrito por\" \/>\n\t<meta name=\"twitter:data1\" content=\"Altominho.tv\" \/>\n\t<meta name=\"twitter:label2\" content=\"Tempo estimado de leitura\" \/>\n\t<meta name=\"twitter:data2\" content=\"1 minuto\" \/>\n<script type=\"application\/ld+json\" class=\"yoast-schema-graph\">{\"@context\":\"https:\\\/\\\/schema.org\",\"@graph\":[{\"@type\":\"Article\",\"@id\":\"https:\\\/\\\/www.altominho.tv\\\/site\\\/2020\\\/05\\\/20\\\/treze-praias-do-alto-minho-renovam-bandeira-azul\\\/#article\",\"isPartOf\":{\"@id\":\"https:\\\/\\\/www.altominho.tv\\\/site\\\/2020\\\/05\\\/20\\\/treze-praias-do-alto-minho-renovam-bandeira-azul\\\/\"},\"author\":{\"name\":\"Altominho.tv\",\"@id\":\"https:\\\/\\\/www.altominho.tv\\\/site\\\/#\\\/schema\\\/person\\\/4e536851627d7914baf3dac752b6af22\"},\"headline\":\"Treze praias do Alto Minho renovam bandeira azul\",\"datePublished\":\"2020-05-20T19:50:45+00:00\",\"dateModified\":\"2020-05-20T19:50:49+00:00\",\"mainEntityOfPage\":{\"@id\":\"https:\\\/\\\/www.altominho.tv\\\/site\\\/2020\\\/05\\\/20\\\/treze-praias-do-alto-minho-renovam-bandeira-azul\\\/\"},\"wordCount\":252,\"image\":{\"@id\":\"https:\\\/\\\/www.altominho.tv\\\/site\\\/2020\\\/05\\\/20\\\/treze-praias-do-alto-minho-renovam-bandeira-azul\\\/#primaryimage\"},\"thumbnailUrl\":\"https:\\\/\\\/www.altominho.tv\\\/site\\\/wp-content\\\/uploads\\\/2020\\\/05\\\/bandeira_azul.jpg\",\"keywords\":[\"Lazer\"],\"articleSection\":[\"Alto Minho\"],\"inLanguage\":\"pt-PT\",\"copyrightYear\":\"2020\",\"copyrightHolder\":{\"@id\":\"https:\\\/\\\/www.altominho.tv\\\/site\\\/#organization\"}},{\"@type\":\"WebPage\",\"@id\":\"https:\\\/\\\/www.altominho.tv\\\/site\\\/2020\\\/05\\\/20\\\/treze-praias-do-alto-minho-renovam-bandeira-azul\\\/\",\"url\":\"https:\\\/\\\/www.altominho.tv\\\/site\\\/2020\\\/05\\\/20\\\/treze-praias-do-alto-minho-renovam-bandeira-azul\\\/\",\"name\":\"Treze praias do Alto Minho renovam bandeira azul\",\"isPartOf\":{\"@id\":\"https:\\\/\\\/www.altominho.tv\\\/site\\\/#website\"},\"primaryImageOfPage\":{\"@id\":\"https:\\\/\\\/www.altominho.tv\\\/site\\\/2020\\\/05\\\/20\\\/treze-praias-do-alto-minho-renovam-bandeira-azul\\\/#primaryimage\"},\"image\":{\"@id\":\"https:\\\/\\\/www.altominho.tv\\\/site\\\/2020\\\/05\\\/20\\\/treze-praias-do-alto-minho-renovam-bandeira-azul\\\/#primaryimage\"},\"thumbnailUrl\":\"https:\\\/\\\/www.altominho.tv\\\/site\\\/wp-content\\\/uploads\\\/2020\\\/05\\\/bandeira_azul.jpg\",\"datePublished\":\"2020-05-20T19:50:45+00:00\",\"dateModified\":\"2020-05-20T19:50:49+00:00\",\"author\":{\"@id\":\"https:\\\/\\\/www.altominho.tv\\\/site\\\/#\\\/schema\\\/person\\\/4e536851627d7914baf3dac752b6af22\"},\"breadcrumb\":{\"@id\":\"https:\\\/\\\/www.altominho.tv\\\/site\\\/2020\\\/05\\\/20\\\/treze-praias-do-alto-minho-renovam-bandeira-azul\\\/#breadcrumb\"},\"inLanguage\":\"pt-PT\",\"potentialAction\":[{\"@type\":\"ReadAction\",\"target\":[\"https:\\\/\\\/www.altominho.tv\\\/site\\\/2020\\\/05\\\/20\\\/treze-praias-do-alto-minho-renovam-bandeira-azul\\\/\"]}]},{\"@type\":\"ImageObject\",\"inLanguage\":\"pt-PT\",\"@id\":\"https:\\\/\\\/www.altominho.tv\\\/site\\\/2020\\\/05\\\/20\\\/treze-praias-do-alto-minho-renovam-bandeira-azul\\\/#primaryimage\",\"url\":\"https:\\\/\\\/www.altominho.tv\\\/site\\\/wp-content\\\/uploads\\\/2020\\\/05\\\/bandeira_azul.jpg\",\"contentUrl\":\"https:\\\/\\\/www.altominho.tv\\\/site\\\/wp-content\\\/uploads\\\/2020\\\/05\\\/bandeira_azul.jpg\",\"width\":760,\"height\":507},{\"@type\":\"BreadcrumbList\",\"@id\":\"https:\\\/\\\/www.altominho.tv\\\/site\\\/2020\\\/05\\\/20\\\/treze-praias-do-alto-minho-renovam-bandeira-azul\\\/#breadcrumb\",\"itemListElement\":[{\"@type\":\"ListItem\",\"position\":1,\"name\":\"In\u00edcio\",\"item\":\"https:\\\/\\\/www.altominho.tv\\\/site\\\/\"},{\"@type\":\"ListItem\",\"position\":2,\"name\":\"Treze praias do Alto Minho renovam bandeira azul\"}]},{\"@type\":\"WebSite\",\"@id\":\"https:\\\/\\\/www.altominho.tv\\\/site\\\/#website\",\"url\":\"https:\\\/\\\/www.altominho.tv\\\/site\\\/\",\"name\":\"Altominho.tv\",\"description\":\"A sua regi\u00e3o \u00e0 dist\u00e2ncia de um clique...\",\"potentialAction\":[{\"@type\":\"SearchAction\",\"target\":{\"@type\":\"EntryPoint\",\"urlTemplate\":\"https:\\\/\\\/www.altominho.tv\\\/site\\\/?s={search_term_string}\"},\"query-input\":{\"@type\":\"PropertyValueSpecification\",\"valueRequired\":true,\"valueName\":\"search_term_string\"}}],\"inLanguage\":\"pt-PT\"},{\"@type\":\"Person\",\"@id\":\"https:\\\/\\\/www.altominho.tv\\\/site\\\/#\\\/schema\\\/person\\\/4e536851627d7914baf3dac752b6af22\",\"name\":\"Altominho.tv\",\"image\":{\"@type\":\"ImageObject\",\"inLanguage\":\"pt-PT\",\"@id\":\"https:\\\/\\\/www.altominho.tv\\\/site\\\/wp-content\\\/uploads\\\/2019\\\/11\\\/Logo_Avatar_2-150x150.jpg\",\"url\":\"https:\\\/\\\/www.altominho.tv\\\/site\\\/wp-content\\\/uploads\\\/2019\\\/11\\\/Logo_Avatar_2-150x150.jpg\",\"contentUrl\":\"https:\\\/\\\/www.altominho.tv\\\/site\\\/wp-content\\\/uploads\\\/2019\\\/11\\\/Logo_Avatar_2-150x150.jpg\",\"caption\":\"Altominho.tv\"},\"url\":\"https:\\\/\\\/www.altominho.tv\\\/site\\\/author\\\/altominhotv-tecnico\\\/\"}]}<\/script>\n<!-- \/ Yoast SEO Premium plugin. -->","yoast_head_json":{"title":"Treze praias do Alto Minho renovam bandeira azul","robots":{"index":"index","follow":"follow","max-snippet":"max-snippet:-1","max-image-preview":"max-image-preview:large","max-video-preview":"max-video-preview:-1"},"canonical":"https:\/\/www.altominho.tv\/site\/2020\/05\/20\/treze-praias-do-alto-minho-renovam-bandeira-azul\/","og_locale":"pt_PT","og_type":"article","og_title":"Treze praias do Alto Minho renovam bandeira azul","og_description":"Treze praias do Alto Minho viram, este ano, renovada a bandeira azul, oito em Viana do Castelo e cinco em Caminha. Em Viana do Castelo as oito praias que mant\u00eam a bandeira azul s\u00e3o a praia de Afife, Arda, Pa\u00e7\u00f4, Carre\u00e7o, Norte, Cabedelo, Amorosa e Castelo do Neiva. Em Caminha s\u00e3o a praia fluvial das [&hellip;]","og_url":"https:\/\/www.altominho.tv\/site\/2020\/05\/20\/treze-praias-do-alto-minho-renovam-bandeira-azul\/","og_site_name":"Altominho.tv","article_publisher":"https:\/\/www.facebook.com\/altominhotv","article_published_time":"2020-05-20T19:50:45+00:00","article_modified_time":"2020-05-20T19:50:49+00:00","og_image":[{"width":760,"height":507,"url":"https:\/\/www.altominho.tv\/site\/wp-content\/uploads\/2020\/05\/bandeira_azul.jpg","type":"image\/jpeg"}],"author":"Altominho.tv","twitter_card":"summary_large_image","twitter_creator":"@altominhoTV","twitter_site":"@altominhoTV","twitter_misc":{"Escrito por":"Altominho.tv","Tempo estimado de leitura":"1 minuto"},"schema":{"@context":"https:\/\/schema.org","@graph":[{"@type":"Article","@id":"https:\/\/www.altominho.tv\/site\/2020\/05\/20\/treze-praias-do-alto-minho-renovam-bandeira-azul\/#article","isPartOf":{"@id":"https:\/\/www.altominho.tv\/site\/2020\/05\/20\/treze-praias-do-alto-minho-renovam-bandeira-azul\/"},"author":{"name":"Altominho.tv","@id":"https:\/\/www.altominho.tv\/site\/#\/schema\/person\/4e536851627d7914baf3dac752b6af22"},"headline":"Treze praias do Alto Minho renovam bandeira azul","datePublished":"2020-05-20T19:50:45+00:00","dateModified":"2020-05-20T19:50:49+00:00","mainEntityOfPage":{"@id":"https:\/\/www.altominho.tv\/site\/2020\/05\/20\/treze-praias-do-alto-minho-renovam-bandeira-azul\/"},"wordCount":252,"image":{"@id":"https:\/\/www.altominho.tv\/site\/2020\/05\/20\/treze-praias-do-alto-minho-renovam-bandeira-azul\/#primaryimage"},"thumbnailUrl":"https:\/\/www.altominho.tv\/site\/wp-content\/uploads\/2020\/05\/bandeira_azul.jpg","keywords":["Lazer"],"articleSection":["Alto Minho"],"inLanguage":"pt-PT","copyrightYear":"2020","copyrightHolder":{"@id":"https:\/\/www.altominho.tv\/site\/#organization"}},{"@type":"WebPage","@id":"https:\/\/www.altominho.tv\/site\/2020\/05\/20\/treze-praias-do-alto-minho-renovam-bandeira-azul\/","url":"https:\/\/www.altominho.tv\/site\/2020\/05\/20\/treze-praias-do-alto-minho-renovam-bandeira-azul\/","name":"Treze praias do Alto Minho renovam bandeira azul","isPartOf":{"@id":"https:\/\/www.altominho.tv\/site\/#website"},"primaryImageOfPage":{"@id":"https:\/\/www.altominho.tv\/site\/2020\/05\/20\/treze-praias-do-alto-minho-renovam-bandeira-azul\/#primaryimage"},"image":{"@id":"https:\/\/www.altominho.tv\/site\/2020\/05\/20\/treze-praias-do-alto-minho-renovam-bandeira-azul\/#primaryimage"},"thumbnailUrl":"https:\/\/www.altominho.tv\/site\/wp-content\/uploads\/2020\/05\/bandeira_azul.jpg","datePublished":"2020-05-20T19:50:45+00:00","dateModified":"2020-05-20T19:50:49+00:00","author":{"@id":"https:\/\/www.altominho.tv\/site\/#\/schema\/person\/4e536851627d7914baf3dac752b6af22"},"breadcrumb":{"@id":"https:\/\/www.altominho.tv\/site\/2020\/05\/20\/treze-praias-do-alto-minho-renovam-bandeira-azul\/#breadcrumb"},"inLanguage":"pt-PT","potentialAction":[{"@type":"ReadAction","target":["https:\/\/www.altominho.tv\/site\/2020\/05\/20\/treze-praias-do-alto-minho-renovam-bandeira-azul\/"]}]},{"@type":"ImageObject","inLanguage":"pt-PT","@id":"https:\/\/www.altominho.tv\/site\/2020\/05\/20\/treze-praias-do-alto-minho-renovam-bandeira-azul\/#primaryimage","url":"https:\/\/www.altominho.tv\/site\/wp-content\/uploads\/2020\/05\/bandeira_azul.jpg","contentUrl":"https:\/\/www.altominho.tv\/site\/wp-content\/uploads\/2020\/05\/bandeira_azul.jpg","width":760,"height":507},{"@type":"BreadcrumbList","@id":"https:\/\/www.altominho.tv\/site\/2020\/05\/20\/treze-praias-do-alto-minho-renovam-bandeira-azul\/#breadcrumb","itemListElement":[{"@type":"ListItem","position":1,"name":"In\u00edcio","item":"https:\/\/www.altominho.tv\/site\/"},{"@type":"ListItem","position":2,"name":"Treze praias do Alto Minho renovam bandeira azul"}]},{"@type":"WebSite","@id":"https:\/\/www.altominho.tv\/site\/#website","url":"https:\/\/www.altominho.tv\/site\/","name":"Altominho.tv","description":"A sua regi\u00e3o \u00e0 dist\u00e2ncia de um clique...","potentialAction":[{"@type":"SearchAction","target":{"@type":"EntryPoint","urlTemplate":"https:\/\/www.altominho.tv\/site\/?s={search_term_string}"},"query-input":{"@type":"PropertyValueSpecification","valueRequired":true,"valueName":"search_term_string"}}],"inLanguage":"pt-PT"},{"@type":"Person","@id":"https:\/\/www.altominho.tv\/site\/#\/schema\/person\/4e536851627d7914baf3dac752b6af22","name":"Altominho.tv","image":{"@type":"ImageObject","inLanguage":"pt-PT","@id":"https:\/\/www.altominho.tv\/site\/wp-content\/uploads\/2019\/11\/Logo_Avatar_2-150x150.jpg","url":"https:\/\/www.altominho.tv\/site\/wp-content\/uploads\/2019\/11\/Logo_Avatar_2-150x150.jpg","contentUrl":"https:\/\/www.altominho.tv\/site\/wp-content\/uploads\/2019\/11\/Logo_Avatar_2-150x150.jpg","caption":"Altominho.tv"},"url":"https:\/\/www.altominho.tv\/site\/author\/altominhotv-tecnico\/"}]}},"_links":{"self":[{"href":"https:\/\/www.altominho.tv\/site\/wp-json\/wp\/v2\/posts\/46715","targetHints":{"allow":["GET"]}}],"collection":[{"href":"https:\/\/www.altominho.tv\/site\/wp-json\/wp\/v2\/posts"}],"about":[{"href":"https:\/\/www.altominho.tv\/site\/wp-json\/wp\/v2\/types\/post"}],"author":[{"embeddable":true,"href":"https:\/\/www.altominho.tv\/site\/wp-json\/wp\/v2\/users\/1"}],"replies":[{"embeddable":true,"href":"https:\/\/www.altominho.tv\/site\/wp-json\/wp\/v2\/comments?post=46715"}],"version-history":[{"count":0,"href":"https:\/\/www.altominho.tv\/site\/wp-json\/wp\/v2\/posts\/46715\/revisions"}],"wp:featuredmedia":[{"embeddable":true,"href":"https:\/\/www.altominho.tv\/site\/wp-json\/wp\/v2\/media\/46716"}],"wp:attachment":[{"href":"https:\/\/www.altominho.tv\/site\/wp-json\/wp\/v2\/media?parent=46715"}],"wp:term":[{"taxonomy":"category","embeddable":true,"href":"https:\/\/www.altominho.tv\/site\/wp-json\/wp\/v2\/categories?post=46715"},{"taxonomy":"post_tag","embeddable":true,"href":"https:\/\/www.altominho.tv\/site\/wp-json\/wp\/v2\/tags?post=46715"}],"curies":[{"name":"wp","href":"https:\/\/api.w.org\/{rel}","templated":true}]}}