{"id":46713,"date":"2020-05-20T20:12:10","date_gmt":"2020-05-20T19:12:10","guid":{"rendered":"http:\/\/www.altominho.tv\/site\/?p=46713"},"modified":"2020-05-20T20:12:14","modified_gmt":"2020-05-20T19:12:14","slug":"ps-de-valenca-critica-negocio-ruinoso-da-gestao-da-agua-no-alto-minho","status":"publish","type":"post","link":"https:\/\/www.altominho.tv\/site\/2020\/05\/20\/ps-de-valenca-critica-negocio-ruinoso-da-gestao-da-agua-no-alto-minho\/","title":{"rendered":"PS de Valen\u00e7a critica neg\u00f3cio ruinoso da gest\u00e3o da \u00e1gua no Alto Minho"},"content":{"rendered":"<p><strong>O PS de Valen\u00e7a classificou hoje de &#8220;neg\u00f3cio ruinoso&#8221; a constitui\u00e7\u00e3o da \u00c1guas do Alto Minho (AdAM), empresa de gest\u00e3o das redes de \u00e1gua em baixa e de saneamento, pelos preju\u00edzos causados \u00e0 popula\u00e7\u00e3o do concelho.<\/strong><\/p>\n<p>Em comunicado enviado \u00e0s reda\u00e7\u00f5es, a comiss\u00e3o pol\u00edtica concelhia do PS da segunda cidade do distrito de Viana do Castelo aponta responsabilidade \u00e0 maioria PSD no executivo municipal, atualmente liderada por Manuel Lopes, e ao anterior presidente da autarquia, Jorge Mendes, entretanto eleito deputado \u00e0 Assembleia da Rep\u00fablica.<\/p>\n<p>&#8220;Com a ajuda de sua verea\u00e7\u00e3o, dos seus eleitos na assembleia municipal e dos presidentes de junta que est\u00e3o a seu lado, o executivo \u00e9 o respons\u00e1vel por este ruinoso neg\u00f3cio com as \u00e1guas do Alto Minho, e que prejudica os valencianos e valencianas&#8221;, sustenta a concelhia socialista presidida por Ant\u00f3nio Dias.<\/p>\n<p>Contactado pela ag\u00eancia Lusa, o presidente da autarquia, Manuel Lopes, escusou-se a comentar as cr\u00edticas dos socialistas.<\/p>\n<p>&#8220;Isso \u00e9 a opini\u00e3o do PS. A empresa come\u00e7ou a operar em janeiro, ainda \u00e9 cedo para se tirarem conclus\u00f5es&#8221;, rematou.<\/p>\n<p>A AdAM \u00e9 detida em 51% pela \u00c1guas de Portugal (AdP) e em 49% por sete munic\u00edpios do distrito de Viana do Castelo (Arcos de Valdevez (PSD), Caminha (PS), Paredes de Coura (PS), Ponte de Lima (CDS-PP), Valen\u00e7a (PSD), Viana do Castelo (PS) e Vila Nova de Cerveira (Movimento independente PenCe &#8211; Pensar Cerveira), que comp\u00f5em a Comunidade Intermunicipal (CIM) do Alto Minho.<\/p>\n<p>Tr\u00eas concelhos do distrito &#8211; Ponte da Barca (PSD), Mon\u00e7\u00e3o (PSD) e Melga\u00e7o (PS) &#8211; reprovaram a constitui\u00e7\u00e3o daquela parceria.<\/p>\n<p>A nova empresa come\u00e7ou a operar em janeiro, &#8220;dimensionada para fornecer mais de nove milh\u00f5es de metros c\u00fabicos de \u00e1gua pot\u00e1vel, por ano, a cerca de 107 mil clientes e para recolher e tratar mais de seis milh\u00f5es de metros c\u00fabicos de \u00e1gua residual, por ano, a cerca de 70 mil clientes&#8221;.<\/p>\n<p>Para os socialistas, o executivo municipal &#8220;mant\u00e9m-se alheio \u00e0 defesa dos interesses&#8221; da popula\u00e7\u00e3o que se v\u00ea confrontada com &#8220;um aumento exponencial do pre\u00e7o da \u00e1gua, ao ponto de superar, o custo m\u00e9dio da \u00e1gua para consumo dom\u00e9stico &#8211; incluindo todos os escal\u00f5es &#8211; que o praticado pelo munic\u00edpio de Lisboa onde o rendimento m\u00e9dio por fam\u00edlia \u00e9 muito superior ao nosso&#8221;.<\/p>\n<p>&#8220;A t\u00edtulo de exemplo e para uma fatura, apenas com os custos fixos e, portanto, sem qualquer consumo de \u00e1gua, verifica-se um aumento de 112 %&#8221;, refere o PS.<br \/>\nA perda de poder de decis\u00e3o do munic\u00edpio no que cabe \u00e0 gest\u00e3o da \u00e1gua e, em especial, ao seu tarif\u00e1rio, e de capacidade de interven\u00e7\u00e3o para repara\u00e7\u00f5es de ruturas, s\u00e3o outros dos exemplos apontados pelo PS.<\/p>\n<p>&#8220;O PS de Valen\u00e7a, continuar\u00e1 atento e ao lado dos valencianos e das valencianas nesta luta contra aquela que \u00e9 a decis\u00e3o que, nas \u00faltimas d\u00e9cadas, mais preju\u00edzos causar\u00e1 a todos&#8221;, garantiu.<\/p>\n<p>Em abril, o presidente do conselho de administra\u00e7\u00e3o da AdAM admitiu terem ocorrido erros de fatura\u00e7\u00e3o nos meses de janeiro e fevereiro e pediu desculpa aos 15 mil consumidores afetados.<\/p>\n<p>Carlos Martins apontou, na altura, o final de maio para a corre\u00e7\u00e3o daqueles erros, atrav\u00e9s da emiss\u00e3o de notas de cr\u00e9dito, garantindo que ningu\u00e9m sairia prejudicado.<br \/>\n&#8220;Que fique bem claro, ningu\u00e9m sair\u00e1 prejudicado de um processo de que n\u00e3o s\u00e3o culpados. N\u00f3s \u00e9 que nos penalizamos por o ter causado&#8221;, afirmou Carlos Martins&#8221;, numa confer\u00eancia de imprensa convocada na sequ\u00eancia da pol\u00e9mica desencadeada na regi\u00e3o, na sequ\u00eancia daqueles erros.<\/p>\n","protected":false},"excerpt":{"rendered":"<p>O PS de Valen\u00e7a classificou hoje de &#8220;neg\u00f3cio ruinoso&#8221; a constitui\u00e7\u00e3o da \u00c1guas do Alto Minho (AdAM), empresa de gest\u00e3o das redes de \u00e1gua em baixa e de saneamento, pelos preju\u00edzos causados \u00e0 popula\u00e7\u00e3o do concelho. Em comunicado enviado \u00e0s reda\u00e7\u00f5es, a comiss\u00e3o pol\u00edtica concelhia do PS da segunda cidade do distrito de Viana do [&hellip;]<\/p>\n","protected":false},"author":13,"featured_media":45179,"comment_status":"closed","ping_status":"closed","sticky":false,"template":"","format":"standard","meta":{"_exactmetrics_skip_tracking":false,"_exactmetrics_sitenote_active":false,"_exactmetrics_sitenote_note":"","_exactmetrics_sitenote_category":0,"footnotes":""},"categories":[13],"tags":[27],"class_list":["post-46713","post","type-post","status-publish","format-standard","has-post-thumbnail","hentry","category-valenca","tag-sociedade"],"yoast_head":"<!-- This site is optimized with the Yoast SEO Premium plugin v27.4 (Yoast SEO v27.4) - https:\/\/yoast.com\/product\/yoast-seo-premium-wordpress\/ -->\n<title>PS de Valen\u00e7a critica neg\u00f3cio ruinoso da gest\u00e3o da \u00e1gua no Alto Minho<\/title>\n<meta name=\"robots\" content=\"index, follow, max-snippet:-1, max-image-preview:large, max-video-preview:-1\" \/>\n<link rel=\"canonical\" href=\"https:\/\/www.altominho.tv\/site\/2020\/05\/20\/ps-de-valenca-critica-negocio-ruinoso-da-gestao-da-agua-no-alto-minho\/\" \/>\n<meta property=\"og:locale\" content=\"pt_PT\" \/>\n<meta property=\"og:type\" content=\"article\" \/>\n<meta property=\"og:title\" content=\"PS de Valen\u00e7a critica neg\u00f3cio ruinoso da gest\u00e3o da \u00e1gua no Alto Minho\" \/>\n<meta property=\"og:description\" content=\"O PS de Valen\u00e7a classificou hoje de &#8220;neg\u00f3cio ruinoso&#8221; a constitui\u00e7\u00e3o da \u00c1guas do Alto Minho (AdAM), empresa de gest\u00e3o das redes de \u00e1gua em baixa e de saneamento, pelos preju\u00edzos causados \u00e0 popula\u00e7\u00e3o do concelho. Em comunicado enviado \u00e0s reda\u00e7\u00f5es, a comiss\u00e3o pol\u00edtica concelhia do PS da segunda cidade do distrito de Viana do [&hellip;]\" \/>\n<meta property=\"og:url\" content=\"https:\/\/www.altominho.tv\/site\/2020\/05\/20\/ps-de-valenca-critica-negocio-ruinoso-da-gestao-da-agua-no-alto-minho\/\" \/>\n<meta property=\"og:site_name\" content=\"Altominho.tv\" \/>\n<meta property=\"article:publisher\" content=\"https:\/\/www.facebook.com\/altominhotv\" \/>\n<meta property=\"article:published_time\" content=\"2020-05-20T19:12:10+00:00\" \/>\n<meta property=\"article:modified_time\" content=\"2020-05-20T19:12:14+00:00\" \/>\n<meta property=\"og:image\" content=\"https:\/\/www.altominho.tv\/site\/wp-content\/uploads\/2020\/04\/water-1154082_1920.jpg\" \/>\n\t<meta property=\"og:image:width\" content=\"1920\" \/>\n\t<meta property=\"og:image:height\" content=\"1278\" \/>\n\t<meta property=\"og:image:type\" content=\"image\/jpeg\" \/>\n<meta name=\"author\" content=\"Lusa\" \/>\n<meta name=\"twitter:card\" content=\"summary_large_image\" \/>\n<meta name=\"twitter:creator\" content=\"@altominhoTV\" \/>\n<meta name=\"twitter:site\" content=\"@altominhoTV\" \/>\n<meta name=\"twitter:label1\" content=\"Escrito por\" \/>\n\t<meta name=\"twitter:data1\" content=\"Lusa\" \/>\n\t<meta name=\"twitter:label2\" content=\"Tempo estimado de leitura\" \/>\n\t<meta name=\"twitter:data2\" content=\"3 minutos\" \/>\n<script type=\"application\/ld+json\" class=\"yoast-schema-graph\">{\"@context\":\"https:\\\/\\\/schema.org\",\"@graph\":[{\"@type\":\"Article\",\"@id\":\"https:\\\/\\\/www.altominho.tv\\\/site\\\/2020\\\/05\\\/20\\\/ps-de-valenca-critica-negocio-ruinoso-da-gestao-da-agua-no-alto-minho\\\/#article\",\"isPartOf\":{\"@id\":\"https:\\\/\\\/www.altominho.tv\\\/site\\\/2020\\\/05\\\/20\\\/ps-de-valenca-critica-negocio-ruinoso-da-gestao-da-agua-no-alto-minho\\\/\"},\"author\":{\"name\":\"Lusa\",\"@id\":\"https:\\\/\\\/www.altominho.tv\\\/site\\\/#\\\/schema\\\/person\\\/63f693da3e1899361cbe955c46f3232e\"},\"headline\":\"PS de Valen\u00e7a critica neg\u00f3cio ruinoso da gest\u00e3o da \u00e1gua no Alto Minho\",\"datePublished\":\"2020-05-20T19:12:10+00:00\",\"dateModified\":\"2020-05-20T19:12:14+00:00\",\"mainEntityOfPage\":{\"@id\":\"https:\\\/\\\/www.altominho.tv\\\/site\\\/2020\\\/05\\\/20\\\/ps-de-valenca-critica-negocio-ruinoso-da-gestao-da-agua-no-alto-minho\\\/\"},\"wordCount\":635,\"image\":{\"@id\":\"https:\\\/\\\/www.altominho.tv\\\/site\\\/2020\\\/05\\\/20\\\/ps-de-valenca-critica-negocio-ruinoso-da-gestao-da-agua-no-alto-minho\\\/#primaryimage\"},\"thumbnailUrl\":\"https:\\\/\\\/www.altominho.tv\\\/site\\\/wp-content\\\/uploads\\\/2020\\\/04\\\/water-1154082_1920.jpg\",\"keywords\":[\"Sociedade\"],\"articleSection\":[\"Valen\u00e7a\"],\"inLanguage\":\"pt-PT\",\"copyrightYear\":\"2020\",\"copyrightHolder\":{\"@id\":\"https:\\\/\\\/www.altominho.tv\\\/site\\\/#organization\"}},{\"@type\":\"WebPage\",\"@id\":\"https:\\\/\\\/www.altominho.tv\\\/site\\\/2020\\\/05\\\/20\\\/ps-de-valenca-critica-negocio-ruinoso-da-gestao-da-agua-no-alto-minho\\\/\",\"url\":\"https:\\\/\\\/www.altominho.tv\\\/site\\\/2020\\\/05\\\/20\\\/ps-de-valenca-critica-negocio-ruinoso-da-gestao-da-agua-no-alto-minho\\\/\",\"name\":\"PS de Valen\u00e7a critica neg\u00f3cio ruinoso da gest\u00e3o da \u00e1gua no Alto Minho\",\"isPartOf\":{\"@id\":\"https:\\\/\\\/www.altominho.tv\\\/site\\\/#website\"},\"primaryImageOfPage\":{\"@id\":\"https:\\\/\\\/www.altominho.tv\\\/site\\\/2020\\\/05\\\/20\\\/ps-de-valenca-critica-negocio-ruinoso-da-gestao-da-agua-no-alto-minho\\\/#primaryimage\"},\"image\":{\"@id\":\"https:\\\/\\\/www.altominho.tv\\\/site\\\/2020\\\/05\\\/20\\\/ps-de-valenca-critica-negocio-ruinoso-da-gestao-da-agua-no-alto-minho\\\/#primaryimage\"},\"thumbnailUrl\":\"https:\\\/\\\/www.altominho.tv\\\/site\\\/wp-content\\\/uploads\\\/2020\\\/04\\\/water-1154082_1920.jpg\",\"datePublished\":\"2020-05-20T19:12:10+00:00\",\"dateModified\":\"2020-05-20T19:12:14+00:00\",\"author\":{\"@id\":\"https:\\\/\\\/www.altominho.tv\\\/site\\\/#\\\/schema\\\/person\\\/63f693da3e1899361cbe955c46f3232e\"},\"breadcrumb\":{\"@id\":\"https:\\\/\\\/www.altominho.tv\\\/site\\\/2020\\\/05\\\/20\\\/ps-de-valenca-critica-negocio-ruinoso-da-gestao-da-agua-no-alto-minho\\\/#breadcrumb\"},\"inLanguage\":\"pt-PT\",\"potentialAction\":[{\"@type\":\"ReadAction\",\"target\":[\"https:\\\/\\\/www.altominho.tv\\\/site\\\/2020\\\/05\\\/20\\\/ps-de-valenca-critica-negocio-ruinoso-da-gestao-da-agua-no-alto-minho\\\/\"]}]},{\"@type\":\"ImageObject\",\"inLanguage\":\"pt-PT\",\"@id\":\"https:\\\/\\\/www.altominho.tv\\\/site\\\/2020\\\/05\\\/20\\\/ps-de-valenca-critica-negocio-ruinoso-da-gestao-da-agua-no-alto-minho\\\/#primaryimage\",\"url\":\"https:\\\/\\\/www.altominho.tv\\\/site\\\/wp-content\\\/uploads\\\/2020\\\/04\\\/water-1154082_1920.jpg\",\"contentUrl\":\"https:\\\/\\\/www.altominho.tv\\\/site\\\/wp-content\\\/uploads\\\/2020\\\/04\\\/water-1154082_1920.jpg\",\"width\":1920,\"height\":1278},{\"@type\":\"BreadcrumbList\",\"@id\":\"https:\\\/\\\/www.altominho.tv\\\/site\\\/2020\\\/05\\\/20\\\/ps-de-valenca-critica-negocio-ruinoso-da-gestao-da-agua-no-alto-minho\\\/#breadcrumb\",\"itemListElement\":[{\"@type\":\"ListItem\",\"position\":1,\"name\":\"In\u00edcio\",\"item\":\"https:\\\/\\\/www.altominho.tv\\\/site\\\/\"},{\"@type\":\"ListItem\",\"position\":2,\"name\":\"PS de Valen\u00e7a critica neg\u00f3cio ruinoso da gest\u00e3o da \u00e1gua no Alto Minho\"}]},{\"@type\":\"WebSite\",\"@id\":\"https:\\\/\\\/www.altominho.tv\\\/site\\\/#website\",\"url\":\"https:\\\/\\\/www.altominho.tv\\\/site\\\/\",\"name\":\"Altominho.tv\",\"description\":\"A sua regi\u00e3o \u00e0 dist\u00e2ncia de um clique...\",\"potentialAction\":[{\"@type\":\"SearchAction\",\"target\":{\"@type\":\"EntryPoint\",\"urlTemplate\":\"https:\\\/\\\/www.altominho.tv\\\/site\\\/?s={search_term_string}\"},\"query-input\":{\"@type\":\"PropertyValueSpecification\",\"valueRequired\":true,\"valueName\":\"search_term_string\"}}],\"inLanguage\":\"pt-PT\"},{\"@type\":\"Person\",\"@id\":\"https:\\\/\\\/www.altominho.tv\\\/site\\\/#\\\/schema\\\/person\\\/63f693da3e1899361cbe955c46f3232e\",\"name\":\"Lusa\",\"image\":{\"@type\":\"ImageObject\",\"inLanguage\":\"pt-PT\",\"@id\":\"https:\\\/\\\/www.altominho.tv\\\/site\\\/wp-content\\\/uploads\\\/2019\\\/08\\\/LUSA_Logo.gif\",\"url\":\"https:\\\/\\\/www.altominho.tv\\\/site\\\/wp-content\\\/uploads\\\/2019\\\/08\\\/LUSA_Logo.gif\",\"contentUrl\":\"https:\\\/\\\/www.altominho.tv\\\/site\\\/wp-content\\\/uploads\\\/2019\\\/08\\\/LUSA_Logo.gif\",\"caption\":\"Lusa\"},\"sameAs\":[\"http:\\\/\\\/\\\/\\\/www.altominho.tv\\\/site\"],\"url\":\"https:\\\/\\\/www.altominho.tv\\\/site\\\/author\\\/lusa\\\/\"}]}<\/script>\n<!-- \/ Yoast SEO Premium plugin. -->","yoast_head_json":{"title":"PS de Valen\u00e7a critica neg\u00f3cio ruinoso da gest\u00e3o da \u00e1gua no Alto Minho","robots":{"index":"index","follow":"follow","max-snippet":"max-snippet:-1","max-image-preview":"max-image-preview:large","max-video-preview":"max-video-preview:-1"},"canonical":"https:\/\/www.altominho.tv\/site\/2020\/05\/20\/ps-de-valenca-critica-negocio-ruinoso-da-gestao-da-agua-no-alto-minho\/","og_locale":"pt_PT","og_type":"article","og_title":"PS de Valen\u00e7a critica neg\u00f3cio ruinoso da gest\u00e3o da \u00e1gua no Alto Minho","og_description":"O PS de Valen\u00e7a classificou hoje de &#8220;neg\u00f3cio ruinoso&#8221; a constitui\u00e7\u00e3o da \u00c1guas do Alto Minho (AdAM), empresa de gest\u00e3o das redes de \u00e1gua em baixa e de saneamento, pelos preju\u00edzos causados \u00e0 popula\u00e7\u00e3o do concelho. Em comunicado enviado \u00e0s reda\u00e7\u00f5es, a comiss\u00e3o pol\u00edtica concelhia do PS da segunda cidade do distrito de Viana do [&hellip;]","og_url":"https:\/\/www.altominho.tv\/site\/2020\/05\/20\/ps-de-valenca-critica-negocio-ruinoso-da-gestao-da-agua-no-alto-minho\/","og_site_name":"Altominho.tv","article_publisher":"https:\/\/www.facebook.com\/altominhotv","article_published_time":"2020-05-20T19:12:10+00:00","article_modified_time":"2020-05-20T19:12:14+00:00","og_image":[{"width":1920,"height":1278,"url":"https:\/\/www.altominho.tv\/site\/wp-content\/uploads\/2020\/04\/water-1154082_1920.jpg","type":"image\/jpeg"}],"author":"Lusa","twitter_card":"summary_large_image","twitter_creator":"@altominhoTV","twitter_site":"@altominhoTV","twitter_misc":{"Escrito por":"Lusa","Tempo estimado de leitura":"3 minutos"},"schema":{"@context":"https:\/\/schema.org","@graph":[{"@type":"Article","@id":"https:\/\/www.altominho.tv\/site\/2020\/05\/20\/ps-de-valenca-critica-negocio-ruinoso-da-gestao-da-agua-no-alto-minho\/#article","isPartOf":{"@id":"https:\/\/www.altominho.tv\/site\/2020\/05\/20\/ps-de-valenca-critica-negocio-ruinoso-da-gestao-da-agua-no-alto-minho\/"},"author":{"name":"Lusa","@id":"https:\/\/www.altominho.tv\/site\/#\/schema\/person\/63f693da3e1899361cbe955c46f3232e"},"headline":"PS de Valen\u00e7a critica neg\u00f3cio ruinoso da gest\u00e3o da \u00e1gua no Alto Minho","datePublished":"2020-05-20T19:12:10+00:00","dateModified":"2020-05-20T19:12:14+00:00","mainEntityOfPage":{"@id":"https:\/\/www.altominho.tv\/site\/2020\/05\/20\/ps-de-valenca-critica-negocio-ruinoso-da-gestao-da-agua-no-alto-minho\/"},"wordCount":635,"image":{"@id":"https:\/\/www.altominho.tv\/site\/2020\/05\/20\/ps-de-valenca-critica-negocio-ruinoso-da-gestao-da-agua-no-alto-minho\/#primaryimage"},"thumbnailUrl":"https:\/\/www.altominho.tv\/site\/wp-content\/uploads\/2020\/04\/water-1154082_1920.jpg","keywords":["Sociedade"],"articleSection":["Valen\u00e7a"],"inLanguage":"pt-PT","copyrightYear":"2020","copyrightHolder":{"@id":"https:\/\/www.altominho.tv\/site\/#organization"}},{"@type":"WebPage","@id":"https:\/\/www.altominho.tv\/site\/2020\/05\/20\/ps-de-valenca-critica-negocio-ruinoso-da-gestao-da-agua-no-alto-minho\/","url":"https:\/\/www.altominho.tv\/site\/2020\/05\/20\/ps-de-valenca-critica-negocio-ruinoso-da-gestao-da-agua-no-alto-minho\/","name":"PS de Valen\u00e7a critica neg\u00f3cio ruinoso da gest\u00e3o da \u00e1gua no Alto Minho","isPartOf":{"@id":"https:\/\/www.altominho.tv\/site\/#website"},"primaryImageOfPage":{"@id":"https:\/\/www.altominho.tv\/site\/2020\/05\/20\/ps-de-valenca-critica-negocio-ruinoso-da-gestao-da-agua-no-alto-minho\/#primaryimage"},"image":{"@id":"https:\/\/www.altominho.tv\/site\/2020\/05\/20\/ps-de-valenca-critica-negocio-ruinoso-da-gestao-da-agua-no-alto-minho\/#primaryimage"},"thumbnailUrl":"https:\/\/www.altominho.tv\/site\/wp-content\/uploads\/2020\/04\/water-1154082_1920.jpg","datePublished":"2020-05-20T19:12:10+00:00","dateModified":"2020-05-20T19:12:14+00:00","author":{"@id":"https:\/\/www.altominho.tv\/site\/#\/schema\/person\/63f693da3e1899361cbe955c46f3232e"},"breadcrumb":{"@id":"https:\/\/www.altominho.tv\/site\/2020\/05\/20\/ps-de-valenca-critica-negocio-ruinoso-da-gestao-da-agua-no-alto-minho\/#breadcrumb"},"inLanguage":"pt-PT","potentialAction":[{"@type":"ReadAction","target":["https:\/\/www.altominho.tv\/site\/2020\/05\/20\/ps-de-valenca-critica-negocio-ruinoso-da-gestao-da-agua-no-alto-minho\/"]}]},{"@type":"ImageObject","inLanguage":"pt-PT","@id":"https:\/\/www.altominho.tv\/site\/2020\/05\/20\/ps-de-valenca-critica-negocio-ruinoso-da-gestao-da-agua-no-alto-minho\/#primaryimage","url":"https:\/\/www.altominho.tv\/site\/wp-content\/uploads\/2020\/04\/water-1154082_1920.jpg","contentUrl":"https:\/\/www.altominho.tv\/site\/wp-content\/uploads\/2020\/04\/water-1154082_1920.jpg","width":1920,"height":1278},{"@type":"BreadcrumbList","@id":"https:\/\/www.altominho.tv\/site\/2020\/05\/20\/ps-de-valenca-critica-negocio-ruinoso-da-gestao-da-agua-no-alto-minho\/#breadcrumb","itemListElement":[{"@type":"ListItem","position":1,"name":"In\u00edcio","item":"https:\/\/www.altominho.tv\/site\/"},{"@type":"ListItem","position":2,"name":"PS de Valen\u00e7a critica neg\u00f3cio ruinoso da gest\u00e3o da \u00e1gua no Alto Minho"}]},{"@type":"WebSite","@id":"https:\/\/www.altominho.tv\/site\/#website","url":"https:\/\/www.altominho.tv\/site\/","name":"Altominho.tv","description":"A sua regi\u00e3o \u00e0 dist\u00e2ncia de um clique...","potentialAction":[{"@type":"SearchAction","target":{"@type":"EntryPoint","urlTemplate":"https:\/\/www.altominho.tv\/site\/?s={search_term_string}"},"query-input":{"@type":"PropertyValueSpecification","valueRequired":true,"valueName":"search_term_string"}}],"inLanguage":"pt-PT"},{"@type":"Person","@id":"https:\/\/www.altominho.tv\/site\/#\/schema\/person\/63f693da3e1899361cbe955c46f3232e","name":"Lusa","image":{"@type":"ImageObject","inLanguage":"pt-PT","@id":"https:\/\/www.altominho.tv\/site\/wp-content\/uploads\/2019\/08\/LUSA_Logo.gif","url":"https:\/\/www.altominho.tv\/site\/wp-content\/uploads\/2019\/08\/LUSA_Logo.gif","contentUrl":"https:\/\/www.altominho.tv\/site\/wp-content\/uploads\/2019\/08\/LUSA_Logo.gif","caption":"Lusa"},"sameAs":["http:\/\/\/\/www.altominho.tv\/site"],"url":"https:\/\/www.altominho.tv\/site\/author\/lusa\/"}]}},"_links":{"self":[{"href":"https:\/\/www.altominho.tv\/site\/wp-json\/wp\/v2\/posts\/46713","targetHints":{"allow":["GET"]}}],"collection":[{"href":"https:\/\/www.altominho.tv\/site\/wp-json\/wp\/v2\/posts"}],"about":[{"href":"https:\/\/www.altominho.tv\/site\/wp-json\/wp\/v2\/types\/post"}],"author":[{"embeddable":true,"href":"https:\/\/www.altominho.tv\/site\/wp-json\/wp\/v2\/users\/13"}],"replies":[{"embeddable":true,"href":"https:\/\/www.altominho.tv\/site\/wp-json\/wp\/v2\/comments?post=46713"}],"version-history":[{"count":0,"href":"https:\/\/www.altominho.tv\/site\/wp-json\/wp\/v2\/posts\/46713\/revisions"}],"wp:featuredmedia":[{"embeddable":true,"href":"https:\/\/www.altominho.tv\/site\/wp-json\/wp\/v2\/media\/45179"}],"wp:attachment":[{"href":"https:\/\/www.altominho.tv\/site\/wp-json\/wp\/v2\/media?parent=46713"}],"wp:term":[{"taxonomy":"category","embeddable":true,"href":"https:\/\/www.altominho.tv\/site\/wp-json\/wp\/v2\/categories?post=46713"},{"taxonomy":"post_tag","embeddable":true,"href":"https:\/\/www.altominho.tv\/site\/wp-json\/wp\/v2\/tags?post=46713"}],"curies":[{"name":"wp","href":"https:\/\/api.w.org\/{rel}","templated":true}]}}