{"id":46690,"date":"2020-05-20T13:19:38","date_gmt":"2020-05-20T12:19:38","guid":{"rendered":"http:\/\/www.altominho.tv\/site\/?p=46690"},"modified":"2020-05-20T13:23:40","modified_gmt":"2020-05-20T12:23:40","slug":"autoridade-maritima-vai-fazer-acoes-de-sensibilizacao-nas-praias-no-fim-de-semana","status":"publish","type":"post","link":"https:\/\/www.altominho.tv\/site\/2020\/05\/20\/autoridade-maritima-vai-fazer-acoes-de-sensibilizacao-nas-praias-no-fim-de-semana\/","title":{"rendered":"Autoridade Mar\u00edtima vai fazer a\u00e7\u00f5es de sensibiliza\u00e7\u00e3o nas praias no fim de semana"},"content":{"rendered":"\n<p>A Autoridade Mar\u00edtima Nacional (AMN) vai colocar quase todo o seu dispositivo nas praias portuguesas no pr\u00f3ximo fim de semana, devido \u00e0 previs\u00e3o de temperaturas elevadas, numa atitude preventiva e de sensibiliza\u00e7\u00e3o, disse hoje fonte da Marinha.<\/p>\n\n\n\n<p>Em declara\u00e7\u00f5es \u00e0 ag\u00eancia Lusa, o comandante Fernando Pereira da Fonseca, disse que a AMN vai estar nas praias com um dispositivo constitu\u00eddo por elementos das capitanias, Instituto de Socorros a N\u00e1ufragos e pol\u00edcia mar\u00edtima.<\/p>\n\n\n\n<p>\u201cN\u00e3o vamos ter nenhuma opera\u00e7\u00e3o especial, o que vamos fazer \u00e9 aquilo que temos feito sempre que o tempo est\u00e1 mais quente e n\u00e3o est\u00e1 aberta a \u00e9poca balnear, que \u00e9 p\u00f4r o nosso dispositivo praticamente todo no terreno, quer na parte molhada como na parte seca, e fazer a\u00e7\u00f5es de sensibiliza\u00e7\u00e3o\u201d, disse.<\/p>\n\n\n\n<p>De acordo com o Instituto Portugu\u00eas do Mar e da Atmosfera (IPMA), est\u00e1 previsto tempo quente para o fim de semana, com temperaturas m\u00e1ximas que em algumas regi\u00f5es estar\u00e3o acima dos 30 graus Celsius.<\/p>\n\n\n\n<p>\u201c\u00c9 obvio que as pessoas estiveram este tempo todo confinadas e agora querem usufruir da praia, querem ir a banhos, mas at\u00e9 dia 6 de junho a \u00e9poca balnear ainda n\u00e3o estar\u00e1 aberta. Por isso, vamos colocar o dispositivo nas praias numa atitude preventiva e de sensibiliza\u00e7\u00e3o para evitar que as pessoas tenham comportamentos de risco\u201d, adiantou.<\/p>\n\n\n\n<p>O comandante Pereira da Fonseca lembrou que a \u00e9poca balnear ainda n\u00e3o come\u00e7ou e, portanto, as praias ainda n\u00e3o t\u00eam nadadores-salvadores, nem est\u00e3o colocados dispositivos de seguran\u00e7a nas praias.<\/p>\n\n\n\n<p>\u201cO que pretendemos \u00e9 que as pessoas nos vejam, que vejam o Instituto de Socorros a N\u00e1ufragos na \u00e1gua, que vejam as patrulhas da pol\u00edcia mar\u00edtima. Mas sempre que forem desrespeitadas as normas institu\u00eddas, o dispositivo ir\u00e1 atuar, mas sempre numa postura construtiva&#8221;, sublinhou.<\/p>\n\n\n\n<p>O Governo anunciou na sexta-feira as medidas a adotar nas praias durante a \u00e9poca balnear a partir de 06 de junho, no \u00e2mbito do plano de desconfinamento, e que incluem, entre outras medidas, a limita\u00e7\u00e3o da lota\u00e7\u00e3o de bares e restaurantes a 50%, bem como uma poss\u00edvel reorganiza\u00e7\u00e3o das esplanadas para assegurar a dist\u00e2ncia de seguran\u00e7a.<\/p>\n\n\n\n<p>A dist\u00e2ncia f\u00edsica entre os utentes deve ser de 1,5 metros e entre chap\u00e9us de sol, toldos ou colmos de 3 metros.<\/p>\n\n\n\n<p>O decreto-lei que determinou a situa\u00e7\u00e3o de calamidade at\u00e9 31 de maio permite \u201cdesloca\u00e7\u00f5es para assist\u00eancia de pessoas vulner\u00e1veis\u201d, para \u201cfrui\u00e7\u00e3o de momentos ao ar livre, designadamente em parques, nas marginais, em cal\u00e7ad\u00f5es, nas praias, mesmo que para banhos, ou similares\u201d.<\/p>\n\n\n\n<p>Na ter\u00e7a-feira, o ministro da Administra\u00e7\u00e3o Interna foi questionado sobre que regras se aplicam a quem quiser ir \u00e0 praia at\u00e9 ao in\u00edcio da \u00e9poca balnear, tendo respondido: \u201cAt\u00e9 l\u00e1 apanhar sol e ar puro \u00e9 compat\u00edvel com as regras de distanciamento f\u00edsico\u201d.<\/p>\n\n\n\n<p>Eduardo Cabrita frisou que cabe aos portugueses garantir o respeito pelas regras de distanciamento e evitar \u201cos ajuntamentos\u201d, porque se for necess\u00e1rio as for\u00e7as de seguran\u00e7a \u201ccumprir\u00e3o a sua miss\u00e3o\u201d.<\/p>\n\n\n\n<p>Anteriormente, a AMN tinha referido, numa resposta enviada \u00e0 ag\u00eancia Lusa, que as regras de distanciamento f\u00edsico j\u00e1 est\u00e3o em vigor noutros setores da sociedade e os portugueses t\u00eam sabido respeit\u00e1-las, esperando que a mesma atitude seja adotada nas praias.<\/p>\n\n\n\n<p>A AMN adiantou tamb\u00e9m que vai estar nas praias, a partir de 6 de junho, \u201ccom um robusto dispositivo\u201d, constitu\u00eddo por elementos das capitanias, Pol\u00edcia Mar\u00edtima e esta\u00e7\u00f5es salva-vidas, para garantir que as pessoas n\u00e3o adotam &#8220;comportamentos de risco\u201d.<\/p>\n\n\n\n<p>As regras de acesso \u00e0s praias neste ver\u00e3o, devido \u00e0 covid-19, que foram apresentadas na semana passada, est\u00e3o esta semana a ser discutidas pelo Minist\u00e9rio do Ambiente e com todos os munic\u00edpios com praia.<\/p>\n","protected":false},"excerpt":{"rendered":"<p>A Autoridade Mar\u00edtima Nacional (AMN) vai colocar quase todo o seu dispositivo nas praias portuguesas no pr\u00f3ximo fim de semana, devido \u00e0 previs\u00e3o de temperaturas elevadas, numa atitude preventiva e de sensibiliza\u00e7\u00e3o, disse hoje fonte da Marinha. Em declara\u00e7\u00f5es \u00e0 ag\u00eancia Lusa, o comandante Fernando Pereira da Fonseca, disse que a AMN vai estar nas [&hellip;]<\/p>\n","protected":false},"author":16,"featured_media":46691,"comment_status":"closed","ping_status":"closed","sticky":false,"template":"","format":"standard","meta":{"_exactmetrics_skip_tracking":false,"_exactmetrics_sitenote_active":false,"_exactmetrics_sitenote_note":"","_exactmetrics_sitenote_category":0,"footnotes":""},"categories":[73],"tags":[26,27],"class_list":["post-46690","post","type-post","status-publish","format-standard","has-post-thumbnail","hentry","category-alto-minho","tag-saude","tag-sociedade"],"yoast_head":"<!-- This site is optimized with the Yoast SEO Premium plugin v27.4 (Yoast SEO v27.4) - https:\/\/yoast.com\/product\/yoast-seo-premium-wordpress\/ -->\n<title>Autoridade Mar\u00edtima vai fazer a\u00e7\u00f5es de sensibiliza\u00e7\u00e3o nas praias no fim de semana<\/title>\n<meta name=\"robots\" content=\"index, follow, max-snippet:-1, max-image-preview:large, max-video-preview:-1\" \/>\n<link rel=\"canonical\" href=\"https:\/\/www.altominho.tv\/site\/2020\/05\/20\/autoridade-maritima-vai-fazer-acoes-de-sensibilizacao-nas-praias-no-fim-de-semana\/\" \/>\n<meta property=\"og:locale\" content=\"pt_PT\" \/>\n<meta property=\"og:type\" content=\"article\" \/>\n<meta property=\"og:title\" content=\"Autoridade Mar\u00edtima vai fazer a\u00e7\u00f5es de sensibiliza\u00e7\u00e3o nas praias no fim de semana\" \/>\n<meta property=\"og:description\" content=\"A Autoridade Mar\u00edtima Nacional (AMN) vai colocar quase todo o seu dispositivo nas praias portuguesas no pr\u00f3ximo fim de semana, devido \u00e0 previs\u00e3o de temperaturas elevadas, numa atitude preventiva e de sensibiliza\u00e7\u00e3o, disse hoje fonte da Marinha. Em declara\u00e7\u00f5es \u00e0 ag\u00eancia Lusa, o comandante Fernando Pereira da Fonseca, disse que a AMN vai estar nas [&hellip;]\" \/>\n<meta property=\"og:url\" content=\"https:\/\/www.altominho.tv\/site\/2020\/05\/20\/autoridade-maritima-vai-fazer-acoes-de-sensibilizacao-nas-praias-no-fim-de-semana\/\" \/>\n<meta property=\"og:site_name\" content=\"Altominho.tv\" \/>\n<meta property=\"article:publisher\" content=\"https:\/\/www.facebook.com\/altominhotv\" \/>\n<meta property=\"article:published_time\" content=\"2020-05-20T12:19:38+00:00\" \/>\n<meta property=\"article:modified_time\" content=\"2020-05-20T12:23:40+00:00\" \/>\n<meta property=\"og:image\" content=\"https:\/\/www.altominho.tv\/site\/wp-content\/uploads\/2020\/05\/praiamoledo.jpg\" \/>\n\t<meta property=\"og:image:width\" content=\"740\" \/>\n\t<meta property=\"og:image:height\" content=\"494\" \/>\n\t<meta property=\"og:image:type\" content=\"image\/jpeg\" \/>\n<meta name=\"author\" content=\"Andreia Cunha | Lusa\" \/>\n<meta name=\"twitter:card\" content=\"summary_large_image\" \/>\n<meta name=\"twitter:creator\" content=\"@altominhoTV\" \/>\n<meta name=\"twitter:site\" content=\"@altominhoTV\" \/>\n<meta name=\"twitter:label1\" content=\"Escrito por\" \/>\n\t<meta name=\"twitter:data1\" content=\"Andreia Cunha | Lusa\" \/>\n\t<meta name=\"twitter:label2\" content=\"Tempo estimado de leitura\" \/>\n\t<meta name=\"twitter:data2\" content=\"3 minutos\" \/>\n<script type=\"application\/ld+json\" class=\"yoast-schema-graph\">{\"@context\":\"https:\\\/\\\/schema.org\",\"@graph\":[{\"@type\":\"Article\",\"@id\":\"https:\\\/\\\/www.altominho.tv\\\/site\\\/2020\\\/05\\\/20\\\/autoridade-maritima-vai-fazer-acoes-de-sensibilizacao-nas-praias-no-fim-de-semana\\\/#article\",\"isPartOf\":{\"@id\":\"https:\\\/\\\/www.altominho.tv\\\/site\\\/2020\\\/05\\\/20\\\/autoridade-maritima-vai-fazer-acoes-de-sensibilizacao-nas-praias-no-fim-de-semana\\\/\"},\"author\":{\"name\":\"Andreia Cunha | Lusa\",\"@id\":\"https:\\\/\\\/www.altominho.tv\\\/site\\\/#\\\/schema\\\/person\\\/dbaf181c01b51ff40c9f461a905d321e\"},\"headline\":\"Autoridade Mar\u00edtima vai fazer a\u00e7\u00f5es de sensibiliza\u00e7\u00e3o nas praias no fim de semana\",\"datePublished\":\"2020-05-20T12:19:38+00:00\",\"dateModified\":\"2020-05-20T12:23:40+00:00\",\"mainEntityOfPage\":{\"@id\":\"https:\\\/\\\/www.altominho.tv\\\/site\\\/2020\\\/05\\\/20\\\/autoridade-maritima-vai-fazer-acoes-de-sensibilizacao-nas-praias-no-fim-de-semana\\\/\"},\"wordCount\":665,\"image\":{\"@id\":\"https:\\\/\\\/www.altominho.tv\\\/site\\\/2020\\\/05\\\/20\\\/autoridade-maritima-vai-fazer-acoes-de-sensibilizacao-nas-praias-no-fim-de-semana\\\/#primaryimage\"},\"thumbnailUrl\":\"https:\\\/\\\/www.altominho.tv\\\/site\\\/wp-content\\\/uploads\\\/2020\\\/05\\\/praiamoledo.jpg\",\"keywords\":[\"Sa\u00fade\",\"Sociedade\"],\"articleSection\":[\"Alto Minho\"],\"inLanguage\":\"pt-PT\",\"copyrightYear\":\"2020\",\"copyrightHolder\":{\"@id\":\"https:\\\/\\\/www.altominho.tv\\\/site\\\/#organization\"}},{\"@type\":\"WebPage\",\"@id\":\"https:\\\/\\\/www.altominho.tv\\\/site\\\/2020\\\/05\\\/20\\\/autoridade-maritima-vai-fazer-acoes-de-sensibilizacao-nas-praias-no-fim-de-semana\\\/\",\"url\":\"https:\\\/\\\/www.altominho.tv\\\/site\\\/2020\\\/05\\\/20\\\/autoridade-maritima-vai-fazer-acoes-de-sensibilizacao-nas-praias-no-fim-de-semana\\\/\",\"name\":\"Autoridade Mar\u00edtima vai fazer a\u00e7\u00f5es de sensibiliza\u00e7\u00e3o nas praias no fim de semana\",\"isPartOf\":{\"@id\":\"https:\\\/\\\/www.altominho.tv\\\/site\\\/#website\"},\"primaryImageOfPage\":{\"@id\":\"https:\\\/\\\/www.altominho.tv\\\/site\\\/2020\\\/05\\\/20\\\/autoridade-maritima-vai-fazer-acoes-de-sensibilizacao-nas-praias-no-fim-de-semana\\\/#primaryimage\"},\"image\":{\"@id\":\"https:\\\/\\\/www.altominho.tv\\\/site\\\/2020\\\/05\\\/20\\\/autoridade-maritima-vai-fazer-acoes-de-sensibilizacao-nas-praias-no-fim-de-semana\\\/#primaryimage\"},\"thumbnailUrl\":\"https:\\\/\\\/www.altominho.tv\\\/site\\\/wp-content\\\/uploads\\\/2020\\\/05\\\/praiamoledo.jpg\",\"datePublished\":\"2020-05-20T12:19:38+00:00\",\"dateModified\":\"2020-05-20T12:23:40+00:00\",\"author\":{\"@id\":\"https:\\\/\\\/www.altominho.tv\\\/site\\\/#\\\/schema\\\/person\\\/dbaf181c01b51ff40c9f461a905d321e\"},\"breadcrumb\":{\"@id\":\"https:\\\/\\\/www.altominho.tv\\\/site\\\/2020\\\/05\\\/20\\\/autoridade-maritima-vai-fazer-acoes-de-sensibilizacao-nas-praias-no-fim-de-semana\\\/#breadcrumb\"},\"inLanguage\":\"pt-PT\",\"potentialAction\":[{\"@type\":\"ReadAction\",\"target\":[\"https:\\\/\\\/www.altominho.tv\\\/site\\\/2020\\\/05\\\/20\\\/autoridade-maritima-vai-fazer-acoes-de-sensibilizacao-nas-praias-no-fim-de-semana\\\/\"]}]},{\"@type\":\"ImageObject\",\"inLanguage\":\"pt-PT\",\"@id\":\"https:\\\/\\\/www.altominho.tv\\\/site\\\/2020\\\/05\\\/20\\\/autoridade-maritima-vai-fazer-acoes-de-sensibilizacao-nas-praias-no-fim-de-semana\\\/#primaryimage\",\"url\":\"https:\\\/\\\/www.altominho.tv\\\/site\\\/wp-content\\\/uploads\\\/2020\\\/05\\\/praiamoledo.jpg\",\"contentUrl\":\"https:\\\/\\\/www.altominho.tv\\\/site\\\/wp-content\\\/uploads\\\/2020\\\/05\\\/praiamoledo.jpg\",\"width\":740,\"height\":494,\"caption\":\"IMAGEM: ARQUIVO\"},{\"@type\":\"BreadcrumbList\",\"@id\":\"https:\\\/\\\/www.altominho.tv\\\/site\\\/2020\\\/05\\\/20\\\/autoridade-maritima-vai-fazer-acoes-de-sensibilizacao-nas-praias-no-fim-de-semana\\\/#breadcrumb\",\"itemListElement\":[{\"@type\":\"ListItem\",\"position\":1,\"name\":\"In\u00edcio\",\"item\":\"https:\\\/\\\/www.altominho.tv\\\/site\\\/\"},{\"@type\":\"ListItem\",\"position\":2,\"name\":\"Autoridade Mar\u00edtima vai fazer a\u00e7\u00f5es de sensibiliza\u00e7\u00e3o nas praias no fim de semana\"}]},{\"@type\":\"WebSite\",\"@id\":\"https:\\\/\\\/www.altominho.tv\\\/site\\\/#website\",\"url\":\"https:\\\/\\\/www.altominho.tv\\\/site\\\/\",\"name\":\"Altominho.tv\",\"description\":\"A sua regi\u00e3o \u00e0 dist\u00e2ncia de um clique...\",\"potentialAction\":[{\"@type\":\"SearchAction\",\"target\":{\"@type\":\"EntryPoint\",\"urlTemplate\":\"https:\\\/\\\/www.altominho.tv\\\/site\\\/?s={search_term_string}\"},\"query-input\":{\"@type\":\"PropertyValueSpecification\",\"valueRequired\":true,\"valueName\":\"search_term_string\"}}],\"inLanguage\":\"pt-PT\"},{\"@type\":\"Person\",\"@id\":\"https:\\\/\\\/www.altominho.tv\\\/site\\\/#\\\/schema\\\/person\\\/dbaf181c01b51ff40c9f461a905d321e\",\"name\":\"Andreia Cunha | Lusa\",\"image\":{\"@type\":\"ImageObject\",\"inLanguage\":\"pt-PT\",\"@id\":\"https:\\\/\\\/www.altominho.tv\\\/site\\\/wp-content\\\/uploads\\\/2017\\\/11\\\/Andreia_Cunha-1-150x150.jpg\",\"url\":\"https:\\\/\\\/www.altominho.tv\\\/site\\\/wp-content\\\/uploads\\\/2017\\\/11\\\/Andreia_Cunha-1-150x150.jpg\",\"contentUrl\":\"https:\\\/\\\/www.altominho.tv\\\/site\\\/wp-content\\\/uploads\\\/2017\\\/11\\\/Andreia_Cunha-1-150x150.jpg\",\"caption\":\"Andreia Cunha | Lusa\"},\"sameAs\":[\"https:\\\/\\\/www.altominho.tv\\\/site\"],\"url\":\"https:\\\/\\\/www.altominho.tv\\\/site\\\/author\\\/andreiacunhalusa\\\/\"}]}<\/script>\n<!-- \/ Yoast SEO Premium plugin. -->","yoast_head_json":{"title":"Autoridade Mar\u00edtima vai fazer a\u00e7\u00f5es de sensibiliza\u00e7\u00e3o nas praias no fim de semana","robots":{"index":"index","follow":"follow","max-snippet":"max-snippet:-1","max-image-preview":"max-image-preview:large","max-video-preview":"max-video-preview:-1"},"canonical":"https:\/\/www.altominho.tv\/site\/2020\/05\/20\/autoridade-maritima-vai-fazer-acoes-de-sensibilizacao-nas-praias-no-fim-de-semana\/","og_locale":"pt_PT","og_type":"article","og_title":"Autoridade Mar\u00edtima vai fazer a\u00e7\u00f5es de sensibiliza\u00e7\u00e3o nas praias no fim de semana","og_description":"A Autoridade Mar\u00edtima Nacional (AMN) vai colocar quase todo o seu dispositivo nas praias portuguesas no pr\u00f3ximo fim de semana, devido \u00e0 previs\u00e3o de temperaturas elevadas, numa atitude preventiva e de sensibiliza\u00e7\u00e3o, disse hoje fonte da Marinha. Em declara\u00e7\u00f5es \u00e0 ag\u00eancia Lusa, o comandante Fernando Pereira da Fonseca, disse que a AMN vai estar nas [&hellip;]","og_url":"https:\/\/www.altominho.tv\/site\/2020\/05\/20\/autoridade-maritima-vai-fazer-acoes-de-sensibilizacao-nas-praias-no-fim-de-semana\/","og_site_name":"Altominho.tv","article_publisher":"https:\/\/www.facebook.com\/altominhotv","article_published_time":"2020-05-20T12:19:38+00:00","article_modified_time":"2020-05-20T12:23:40+00:00","og_image":[{"width":740,"height":494,"url":"https:\/\/www.altominho.tv\/site\/wp-content\/uploads\/2020\/05\/praiamoledo.jpg","type":"image\/jpeg"}],"author":"Andreia Cunha | Lusa","twitter_card":"summary_large_image","twitter_creator":"@altominhoTV","twitter_site":"@altominhoTV","twitter_misc":{"Escrito por":"Andreia Cunha | Lusa","Tempo estimado de leitura":"3 minutos"},"schema":{"@context":"https:\/\/schema.org","@graph":[{"@type":"Article","@id":"https:\/\/www.altominho.tv\/site\/2020\/05\/20\/autoridade-maritima-vai-fazer-acoes-de-sensibilizacao-nas-praias-no-fim-de-semana\/#article","isPartOf":{"@id":"https:\/\/www.altominho.tv\/site\/2020\/05\/20\/autoridade-maritima-vai-fazer-acoes-de-sensibilizacao-nas-praias-no-fim-de-semana\/"},"author":{"name":"Andreia Cunha | Lusa","@id":"https:\/\/www.altominho.tv\/site\/#\/schema\/person\/dbaf181c01b51ff40c9f461a905d321e"},"headline":"Autoridade Mar\u00edtima vai fazer a\u00e7\u00f5es de sensibiliza\u00e7\u00e3o nas praias no fim de semana","datePublished":"2020-05-20T12:19:38+00:00","dateModified":"2020-05-20T12:23:40+00:00","mainEntityOfPage":{"@id":"https:\/\/www.altominho.tv\/site\/2020\/05\/20\/autoridade-maritima-vai-fazer-acoes-de-sensibilizacao-nas-praias-no-fim-de-semana\/"},"wordCount":665,"image":{"@id":"https:\/\/www.altominho.tv\/site\/2020\/05\/20\/autoridade-maritima-vai-fazer-acoes-de-sensibilizacao-nas-praias-no-fim-de-semana\/#primaryimage"},"thumbnailUrl":"https:\/\/www.altominho.tv\/site\/wp-content\/uploads\/2020\/05\/praiamoledo.jpg","keywords":["Sa\u00fade","Sociedade"],"articleSection":["Alto Minho"],"inLanguage":"pt-PT","copyrightYear":"2020","copyrightHolder":{"@id":"https:\/\/www.altominho.tv\/site\/#organization"}},{"@type":"WebPage","@id":"https:\/\/www.altominho.tv\/site\/2020\/05\/20\/autoridade-maritima-vai-fazer-acoes-de-sensibilizacao-nas-praias-no-fim-de-semana\/","url":"https:\/\/www.altominho.tv\/site\/2020\/05\/20\/autoridade-maritima-vai-fazer-acoes-de-sensibilizacao-nas-praias-no-fim-de-semana\/","name":"Autoridade Mar\u00edtima vai fazer a\u00e7\u00f5es de sensibiliza\u00e7\u00e3o nas praias no fim de semana","isPartOf":{"@id":"https:\/\/www.altominho.tv\/site\/#website"},"primaryImageOfPage":{"@id":"https:\/\/www.altominho.tv\/site\/2020\/05\/20\/autoridade-maritima-vai-fazer-acoes-de-sensibilizacao-nas-praias-no-fim-de-semana\/#primaryimage"},"image":{"@id":"https:\/\/www.altominho.tv\/site\/2020\/05\/20\/autoridade-maritima-vai-fazer-acoes-de-sensibilizacao-nas-praias-no-fim-de-semana\/#primaryimage"},"thumbnailUrl":"https:\/\/www.altominho.tv\/site\/wp-content\/uploads\/2020\/05\/praiamoledo.jpg","datePublished":"2020-05-20T12:19:38+00:00","dateModified":"2020-05-20T12:23:40+00:00","author":{"@id":"https:\/\/www.altominho.tv\/site\/#\/schema\/person\/dbaf181c01b51ff40c9f461a905d321e"},"breadcrumb":{"@id":"https:\/\/www.altominho.tv\/site\/2020\/05\/20\/autoridade-maritima-vai-fazer-acoes-de-sensibilizacao-nas-praias-no-fim-de-semana\/#breadcrumb"},"inLanguage":"pt-PT","potentialAction":[{"@type":"ReadAction","target":["https:\/\/www.altominho.tv\/site\/2020\/05\/20\/autoridade-maritima-vai-fazer-acoes-de-sensibilizacao-nas-praias-no-fim-de-semana\/"]}]},{"@type":"ImageObject","inLanguage":"pt-PT","@id":"https:\/\/www.altominho.tv\/site\/2020\/05\/20\/autoridade-maritima-vai-fazer-acoes-de-sensibilizacao-nas-praias-no-fim-de-semana\/#primaryimage","url":"https:\/\/www.altominho.tv\/site\/wp-content\/uploads\/2020\/05\/praiamoledo.jpg","contentUrl":"https:\/\/www.altominho.tv\/site\/wp-content\/uploads\/2020\/05\/praiamoledo.jpg","width":740,"height":494,"caption":"IMAGEM: ARQUIVO"},{"@type":"BreadcrumbList","@id":"https:\/\/www.altominho.tv\/site\/2020\/05\/20\/autoridade-maritima-vai-fazer-acoes-de-sensibilizacao-nas-praias-no-fim-de-semana\/#breadcrumb","itemListElement":[{"@type":"ListItem","position":1,"name":"In\u00edcio","item":"https:\/\/www.altominho.tv\/site\/"},{"@type":"ListItem","position":2,"name":"Autoridade Mar\u00edtima vai fazer a\u00e7\u00f5es de sensibiliza\u00e7\u00e3o nas praias no fim de semana"}]},{"@type":"WebSite","@id":"https:\/\/www.altominho.tv\/site\/#website","url":"https:\/\/www.altominho.tv\/site\/","name":"Altominho.tv","description":"A sua regi\u00e3o \u00e0 dist\u00e2ncia de um clique...","potentialAction":[{"@type":"SearchAction","target":{"@type":"EntryPoint","urlTemplate":"https:\/\/www.altominho.tv\/site\/?s={search_term_string}"},"query-input":{"@type":"PropertyValueSpecification","valueRequired":true,"valueName":"search_term_string"}}],"inLanguage":"pt-PT"},{"@type":"Person","@id":"https:\/\/www.altominho.tv\/site\/#\/schema\/person\/dbaf181c01b51ff40c9f461a905d321e","name":"Andreia Cunha | Lusa","image":{"@type":"ImageObject","inLanguage":"pt-PT","@id":"https:\/\/www.altominho.tv\/site\/wp-content\/uploads\/2017\/11\/Andreia_Cunha-1-150x150.jpg","url":"https:\/\/www.altominho.tv\/site\/wp-content\/uploads\/2017\/11\/Andreia_Cunha-1-150x150.jpg","contentUrl":"https:\/\/www.altominho.tv\/site\/wp-content\/uploads\/2017\/11\/Andreia_Cunha-1-150x150.jpg","caption":"Andreia Cunha | Lusa"},"sameAs":["https:\/\/www.altominho.tv\/site"],"url":"https:\/\/www.altominho.tv\/site\/author\/andreiacunhalusa\/"}]}},"_links":{"self":[{"href":"https:\/\/www.altominho.tv\/site\/wp-json\/wp\/v2\/posts\/46690","targetHints":{"allow":["GET"]}}],"collection":[{"href":"https:\/\/www.altominho.tv\/site\/wp-json\/wp\/v2\/posts"}],"about":[{"href":"https:\/\/www.altominho.tv\/site\/wp-json\/wp\/v2\/types\/post"}],"author":[{"embeddable":true,"href":"https:\/\/www.altominho.tv\/site\/wp-json\/wp\/v2\/users\/16"}],"replies":[{"embeddable":true,"href":"https:\/\/www.altominho.tv\/site\/wp-json\/wp\/v2\/comments?post=46690"}],"version-history":[{"count":0,"href":"https:\/\/www.altominho.tv\/site\/wp-json\/wp\/v2\/posts\/46690\/revisions"}],"wp:featuredmedia":[{"embeddable":true,"href":"https:\/\/www.altominho.tv\/site\/wp-json\/wp\/v2\/media\/46691"}],"wp:attachment":[{"href":"https:\/\/www.altominho.tv\/site\/wp-json\/wp\/v2\/media?parent=46690"}],"wp:term":[{"taxonomy":"category","embeddable":true,"href":"https:\/\/www.altominho.tv\/site\/wp-json\/wp\/v2\/categories?post=46690"},{"taxonomy":"post_tag","embeddable":true,"href":"https:\/\/www.altominho.tv\/site\/wp-json\/wp\/v2\/tags?post=46690"}],"curies":[{"name":"wp","href":"https:\/\/api.w.org\/{rel}","templated":true}]}}