{"id":46666,"date":"2020-05-20T10:06:21","date_gmt":"2020-05-20T09:06:21","guid":{"rendered":"http:\/\/www.altominho.tv\/site\/?p=46666"},"modified":"2020-05-20T10:06:26","modified_gmt":"2020-05-20T09:06:26","slug":"esce-prepara-semana-de-aprendizagem-muita-animacao-e-varias-surpresas","status":"publish","type":"post","link":"https:\/\/www.altominho.tv\/site\/2020\/05\/20\/esce-prepara-semana-de-aprendizagem-muita-animacao-e-varias-surpresas\/","title":{"rendered":"ESCE prepara semana de aprendizagem, muita anima\u00e7\u00e3o e v\u00e1rias surpresas"},"content":{"rendered":"\n<p>A Associa\u00e7\u00e3o de Estudantes da ESCE &#8211; Escola Superior de Ci\u00eancias Empresariais do IPVC, em parceria com a ESCE-IPVC preparou uma semana repleta de atividades para toda a comunidade.<\/p>\n\n\n\n<p>Durante esta semana ser\u00e3o abordados diversos temas, que poder\u00e3o ser acompanhados atrav\u00e9s das redes sociais, nomeadamente do Instagram da AE-ESCE.<\/p>\n\n\n\n<p>Esta ser\u00e1 uma semana &#8220;de aprendizagem e muita anima\u00e7\u00e3o com v\u00e1rias surpresas que a AE tem preparadas&#8221;.<\/p>\n\n\n\n<p>O evento denominado &#8220;Master &amp; After Class&#8221; vai decorrer entre os dias 19 a 23 de Maio, altura em que se realizaria a Semana Acad\u00e9mica, que foi cancelada devido \u00e0 pandemia de Covid-19.<\/p>\n\n\n\n<p>Dadas as circunst\u00e2ncias atuais, a Associa\u00e7\u00e3o de Estudantes da ESCE &#8220;pensou em criar algum conte\u00fado diferente para os alunos&#8221;. <\/p>\n\n\n\n<p>Ao longo dos dias, ser\u00e3o v\u00e1rios os convidados e os temas abordados.<\/p>\n\n\n\n<p>Temas de relev\u00e2ncia para o futuro profissional, tais como a gest\u00e3o de emo\u00e7\u00f5es, workshops de LinkedIn ou de como liderar, s\u00e3o alguns dos exemplos.<\/p>\n\n\n\n<p>Durante esta semana haver\u00e1 tamb\u00e9m a atua\u00e7\u00e3o de alguns DJs, que prometem animar os alunos.<\/p>\n\n\n\n<p>No \u00faltimo dia vai decorrer tamb\u00e9m uma atividade que tem como objetivo &#8220;divulgar alguns talentos que temos dentro a institui\u00e7\u00e3o&#8221;.<\/p>\n","protected":false},"excerpt":{"rendered":"<p>A Associa\u00e7\u00e3o de Estudantes da ESCE &#8211; Escola Superior de Ci\u00eancias Empresariais do IPVC, em parceria com a ESCE-IPVC preparou uma semana repleta de atividades para toda a comunidade. Durante esta semana ser\u00e3o abordados diversos temas, que poder\u00e3o ser acompanhados atrav\u00e9s das redes sociais, nomeadamente do Instagram da AE-ESCE. Esta ser\u00e1 uma semana &#8220;de aprendizagem [&hellip;]<\/p>\n","protected":false},"author":7,"featured_media":46667,"comment_status":"closed","ping_status":"closed","sticky":false,"template":"","format":"standard","meta":{"_exactmetrics_skip_tracking":false,"_exactmetrics_sitenote_active":false,"_exactmetrics_sitenote_note":"","_exactmetrics_sitenote_category":0,"footnotes":""},"categories":[13],"tags":[24,27],"class_list":["post-46666","post","type-post","status-publish","format-standard","has-post-thumbnail","hentry","category-valenca","tag-lazer","tag-sociedade"],"yoast_head":"<!-- This site is optimized with the Yoast SEO Premium plugin v27.4 (Yoast SEO v27.4) - https:\/\/yoast.com\/product\/yoast-seo-premium-wordpress\/ -->\n<title>ESCE prepara semana de aprendizagem, muita anima\u00e7\u00e3o e v\u00e1rias surpresas<\/title>\n<meta name=\"robots\" content=\"index, follow, max-snippet:-1, max-image-preview:large, max-video-preview:-1\" \/>\n<link rel=\"canonical\" href=\"https:\/\/www.altominho.tv\/site\/2020\/05\/20\/esce-prepara-semana-de-aprendizagem-muita-animacao-e-varias-surpresas\/\" \/>\n<meta property=\"og:locale\" content=\"pt_PT\" \/>\n<meta property=\"og:type\" content=\"article\" \/>\n<meta property=\"og:title\" content=\"ESCE prepara semana de aprendizagem, muita anima\u00e7\u00e3o e v\u00e1rias surpresas\" \/>\n<meta property=\"og:description\" content=\"A Associa\u00e7\u00e3o de Estudantes da ESCE &#8211; Escola Superior de Ci\u00eancias Empresariais do IPVC, em parceria com a ESCE-IPVC preparou uma semana repleta de atividades para toda a comunidade. Durante esta semana ser\u00e3o abordados diversos temas, que poder\u00e3o ser acompanhados atrav\u00e9s das redes sociais, nomeadamente do Instagram da AE-ESCE. Esta ser\u00e1 uma semana &#8220;de aprendizagem [&hellip;]\" \/>\n<meta property=\"og:url\" content=\"https:\/\/www.altominho.tv\/site\/2020\/05\/20\/esce-prepara-semana-de-aprendizagem-muita-animacao-e-varias-surpresas\/\" \/>\n<meta property=\"og:site_name\" content=\"Altominho.tv\" \/>\n<meta property=\"article:publisher\" content=\"https:\/\/www.facebook.com\/altominhotv\" \/>\n<meta property=\"article:published_time\" content=\"2020-05-20T09:06:21+00:00\" \/>\n<meta property=\"article:modified_time\" content=\"2020-05-20T09:06:26+00:00\" \/>\n<meta property=\"og:image\" content=\"https:\/\/www.altominho.tv\/site\/wp-content\/uploads\/2020\/05\/esce.jpg\" \/>\n\t<meta property=\"og:image:width\" content=\"750\" \/>\n\t<meta property=\"og:image:height\" content=\"392\" \/>\n\t<meta property=\"og:image:type\" content=\"image\/jpeg\" \/>\n<meta name=\"author\" content=\"Andreia Cunha\" \/>\n<meta name=\"twitter:card\" content=\"summary_large_image\" \/>\n<meta name=\"twitter:creator\" content=\"@altominhoTV\" \/>\n<meta name=\"twitter:site\" content=\"@altominhoTV\" \/>\n<meta name=\"twitter:label1\" content=\"Escrito por\" \/>\n\t<meta name=\"twitter:data1\" content=\"Andreia Cunha\" \/>\n\t<meta name=\"twitter:label2\" content=\"Tempo estimado de leitura\" \/>\n\t<meta name=\"twitter:data2\" content=\"1 minuto\" \/>\n<script type=\"application\/ld+json\" class=\"yoast-schema-graph\">{\"@context\":\"https:\\\/\\\/schema.org\",\"@graph\":[{\"@type\":\"Article\",\"@id\":\"https:\\\/\\\/www.altominho.tv\\\/site\\\/2020\\\/05\\\/20\\\/esce-prepara-semana-de-aprendizagem-muita-animacao-e-varias-surpresas\\\/#article\",\"isPartOf\":{\"@id\":\"https:\\\/\\\/www.altominho.tv\\\/site\\\/2020\\\/05\\\/20\\\/esce-prepara-semana-de-aprendizagem-muita-animacao-e-varias-surpresas\\\/\"},\"author\":{\"name\":\"Andreia Cunha\",\"@id\":\"https:\\\/\\\/www.altominho.tv\\\/site\\\/#\\\/schema\\\/person\\\/a0e4ef6d041f98ca284393d8f1d97153\"},\"headline\":\"ESCE prepara semana de aprendizagem, muita anima\u00e7\u00e3o e v\u00e1rias surpresas\",\"datePublished\":\"2020-05-20T09:06:21+00:00\",\"dateModified\":\"2020-05-20T09:06:26+00:00\",\"mainEntityOfPage\":{\"@id\":\"https:\\\/\\\/www.altominho.tv\\\/site\\\/2020\\\/05\\\/20\\\/esce-prepara-semana-de-aprendizagem-muita-animacao-e-varias-surpresas\\\/\"},\"wordCount\":219,\"image\":{\"@id\":\"https:\\\/\\\/www.altominho.tv\\\/site\\\/2020\\\/05\\\/20\\\/esce-prepara-semana-de-aprendizagem-muita-animacao-e-varias-surpresas\\\/#primaryimage\"},\"thumbnailUrl\":\"https:\\\/\\\/www.altominho.tv\\\/site\\\/wp-content\\\/uploads\\\/2020\\\/05\\\/esce.jpg\",\"keywords\":[\"Lazer\",\"Sociedade\"],\"articleSection\":[\"Valen\u00e7a\"],\"inLanguage\":\"pt-PT\",\"copyrightYear\":\"2020\",\"copyrightHolder\":{\"@id\":\"https:\\\/\\\/www.altominho.tv\\\/site\\\/#organization\"}},{\"@type\":\"WebPage\",\"@id\":\"https:\\\/\\\/www.altominho.tv\\\/site\\\/2020\\\/05\\\/20\\\/esce-prepara-semana-de-aprendizagem-muita-animacao-e-varias-surpresas\\\/\",\"url\":\"https:\\\/\\\/www.altominho.tv\\\/site\\\/2020\\\/05\\\/20\\\/esce-prepara-semana-de-aprendizagem-muita-animacao-e-varias-surpresas\\\/\",\"name\":\"ESCE prepara semana de aprendizagem, muita anima\u00e7\u00e3o e v\u00e1rias surpresas\",\"isPartOf\":{\"@id\":\"https:\\\/\\\/www.altominho.tv\\\/site\\\/#website\"},\"primaryImageOfPage\":{\"@id\":\"https:\\\/\\\/www.altominho.tv\\\/site\\\/2020\\\/05\\\/20\\\/esce-prepara-semana-de-aprendizagem-muita-animacao-e-varias-surpresas\\\/#primaryimage\"},\"image\":{\"@id\":\"https:\\\/\\\/www.altominho.tv\\\/site\\\/2020\\\/05\\\/20\\\/esce-prepara-semana-de-aprendizagem-muita-animacao-e-varias-surpresas\\\/#primaryimage\"},\"thumbnailUrl\":\"https:\\\/\\\/www.altominho.tv\\\/site\\\/wp-content\\\/uploads\\\/2020\\\/05\\\/esce.jpg\",\"datePublished\":\"2020-05-20T09:06:21+00:00\",\"dateModified\":\"2020-05-20T09:06:26+00:00\",\"author\":{\"@id\":\"https:\\\/\\\/www.altominho.tv\\\/site\\\/#\\\/schema\\\/person\\\/a0e4ef6d041f98ca284393d8f1d97153\"},\"breadcrumb\":{\"@id\":\"https:\\\/\\\/www.altominho.tv\\\/site\\\/2020\\\/05\\\/20\\\/esce-prepara-semana-de-aprendizagem-muita-animacao-e-varias-surpresas\\\/#breadcrumb\"},\"inLanguage\":\"pt-PT\",\"potentialAction\":[{\"@type\":\"ReadAction\",\"target\":[\"https:\\\/\\\/www.altominho.tv\\\/site\\\/2020\\\/05\\\/20\\\/esce-prepara-semana-de-aprendizagem-muita-animacao-e-varias-surpresas\\\/\"]}]},{\"@type\":\"ImageObject\",\"inLanguage\":\"pt-PT\",\"@id\":\"https:\\\/\\\/www.altominho.tv\\\/site\\\/2020\\\/05\\\/20\\\/esce-prepara-semana-de-aprendizagem-muita-animacao-e-varias-surpresas\\\/#primaryimage\",\"url\":\"https:\\\/\\\/www.altominho.tv\\\/site\\\/wp-content\\\/uploads\\\/2020\\\/05\\\/esce.jpg\",\"contentUrl\":\"https:\\\/\\\/www.altominho.tv\\\/site\\\/wp-content\\\/uploads\\\/2020\\\/05\\\/esce.jpg\",\"width\":750,\"height\":392},{\"@type\":\"BreadcrumbList\",\"@id\":\"https:\\\/\\\/www.altominho.tv\\\/site\\\/2020\\\/05\\\/20\\\/esce-prepara-semana-de-aprendizagem-muita-animacao-e-varias-surpresas\\\/#breadcrumb\",\"itemListElement\":[{\"@type\":\"ListItem\",\"position\":1,\"name\":\"In\u00edcio\",\"item\":\"https:\\\/\\\/www.altominho.tv\\\/site\\\/\"},{\"@type\":\"ListItem\",\"position\":2,\"name\":\"ESCE prepara semana de aprendizagem, muita anima\u00e7\u00e3o e v\u00e1rias surpresas\"}]},{\"@type\":\"WebSite\",\"@id\":\"https:\\\/\\\/www.altominho.tv\\\/site\\\/#website\",\"url\":\"https:\\\/\\\/www.altominho.tv\\\/site\\\/\",\"name\":\"Altominho.tv\",\"description\":\"A sua regi\u00e3o \u00e0 dist\u00e2ncia de um clique...\",\"potentialAction\":[{\"@type\":\"SearchAction\",\"target\":{\"@type\":\"EntryPoint\",\"urlTemplate\":\"https:\\\/\\\/www.altominho.tv\\\/site\\\/?s={search_term_string}\"},\"query-input\":{\"@type\":\"PropertyValueSpecification\",\"valueRequired\":true,\"valueName\":\"search_term_string\"}}],\"inLanguage\":\"pt-PT\"},{\"@type\":\"Person\",\"@id\":\"https:\\\/\\\/www.altominho.tv\\\/site\\\/#\\\/schema\\\/person\\\/a0e4ef6d041f98ca284393d8f1d97153\",\"name\":\"Andreia Cunha\",\"image\":{\"@type\":\"ImageObject\",\"inLanguage\":\"pt-PT\",\"@id\":\"https:\\\/\\\/www.altominho.tv\\\/site\\\/wp-content\\\/uploads\\\/2017\\\/11\\\/Andreia_Cunha-1-150x150.jpg\",\"url\":\"https:\\\/\\\/www.altominho.tv\\\/site\\\/wp-content\\\/uploads\\\/2017\\\/11\\\/Andreia_Cunha-1-150x150.jpg\",\"contentUrl\":\"https:\\\/\\\/www.altominho.tv\\\/site\\\/wp-content\\\/uploads\\\/2017\\\/11\\\/Andreia_Cunha-1-150x150.jpg\",\"caption\":\"Andreia Cunha\"},\"url\":\"https:\\\/\\\/www.altominho.tv\\\/site\\\/author\\\/andreiacunha\\\/\"}]}<\/script>\n<!-- \/ Yoast SEO Premium plugin. -->","yoast_head_json":{"title":"ESCE prepara semana de aprendizagem, muita anima\u00e7\u00e3o e v\u00e1rias surpresas","robots":{"index":"index","follow":"follow","max-snippet":"max-snippet:-1","max-image-preview":"max-image-preview:large","max-video-preview":"max-video-preview:-1"},"canonical":"https:\/\/www.altominho.tv\/site\/2020\/05\/20\/esce-prepara-semana-de-aprendizagem-muita-animacao-e-varias-surpresas\/","og_locale":"pt_PT","og_type":"article","og_title":"ESCE prepara semana de aprendizagem, muita anima\u00e7\u00e3o e v\u00e1rias surpresas","og_description":"A Associa\u00e7\u00e3o de Estudantes da ESCE &#8211; Escola Superior de Ci\u00eancias Empresariais do IPVC, em parceria com a ESCE-IPVC preparou uma semana repleta de atividades para toda a comunidade. Durante esta semana ser\u00e3o abordados diversos temas, que poder\u00e3o ser acompanhados atrav\u00e9s das redes sociais, nomeadamente do Instagram da AE-ESCE. Esta ser\u00e1 uma semana &#8220;de aprendizagem [&hellip;]","og_url":"https:\/\/www.altominho.tv\/site\/2020\/05\/20\/esce-prepara-semana-de-aprendizagem-muita-animacao-e-varias-surpresas\/","og_site_name":"Altominho.tv","article_publisher":"https:\/\/www.facebook.com\/altominhotv","article_published_time":"2020-05-20T09:06:21+00:00","article_modified_time":"2020-05-20T09:06:26+00:00","og_image":[{"width":750,"height":392,"url":"https:\/\/www.altominho.tv\/site\/wp-content\/uploads\/2020\/05\/esce.jpg","type":"image\/jpeg"}],"author":"Andreia Cunha","twitter_card":"summary_large_image","twitter_creator":"@altominhoTV","twitter_site":"@altominhoTV","twitter_misc":{"Escrito por":"Andreia Cunha","Tempo estimado de leitura":"1 minuto"},"schema":{"@context":"https:\/\/schema.org","@graph":[{"@type":"Article","@id":"https:\/\/www.altominho.tv\/site\/2020\/05\/20\/esce-prepara-semana-de-aprendizagem-muita-animacao-e-varias-surpresas\/#article","isPartOf":{"@id":"https:\/\/www.altominho.tv\/site\/2020\/05\/20\/esce-prepara-semana-de-aprendizagem-muita-animacao-e-varias-surpresas\/"},"author":{"name":"Andreia Cunha","@id":"https:\/\/www.altominho.tv\/site\/#\/schema\/person\/a0e4ef6d041f98ca284393d8f1d97153"},"headline":"ESCE prepara semana de aprendizagem, muita anima\u00e7\u00e3o e v\u00e1rias surpresas","datePublished":"2020-05-20T09:06:21+00:00","dateModified":"2020-05-20T09:06:26+00:00","mainEntityOfPage":{"@id":"https:\/\/www.altominho.tv\/site\/2020\/05\/20\/esce-prepara-semana-de-aprendizagem-muita-animacao-e-varias-surpresas\/"},"wordCount":219,"image":{"@id":"https:\/\/www.altominho.tv\/site\/2020\/05\/20\/esce-prepara-semana-de-aprendizagem-muita-animacao-e-varias-surpresas\/#primaryimage"},"thumbnailUrl":"https:\/\/www.altominho.tv\/site\/wp-content\/uploads\/2020\/05\/esce.jpg","keywords":["Lazer","Sociedade"],"articleSection":["Valen\u00e7a"],"inLanguage":"pt-PT","copyrightYear":"2020","copyrightHolder":{"@id":"https:\/\/www.altominho.tv\/site\/#organization"}},{"@type":"WebPage","@id":"https:\/\/www.altominho.tv\/site\/2020\/05\/20\/esce-prepara-semana-de-aprendizagem-muita-animacao-e-varias-surpresas\/","url":"https:\/\/www.altominho.tv\/site\/2020\/05\/20\/esce-prepara-semana-de-aprendizagem-muita-animacao-e-varias-surpresas\/","name":"ESCE prepara semana de aprendizagem, muita anima\u00e7\u00e3o e v\u00e1rias surpresas","isPartOf":{"@id":"https:\/\/www.altominho.tv\/site\/#website"},"primaryImageOfPage":{"@id":"https:\/\/www.altominho.tv\/site\/2020\/05\/20\/esce-prepara-semana-de-aprendizagem-muita-animacao-e-varias-surpresas\/#primaryimage"},"image":{"@id":"https:\/\/www.altominho.tv\/site\/2020\/05\/20\/esce-prepara-semana-de-aprendizagem-muita-animacao-e-varias-surpresas\/#primaryimage"},"thumbnailUrl":"https:\/\/www.altominho.tv\/site\/wp-content\/uploads\/2020\/05\/esce.jpg","datePublished":"2020-05-20T09:06:21+00:00","dateModified":"2020-05-20T09:06:26+00:00","author":{"@id":"https:\/\/www.altominho.tv\/site\/#\/schema\/person\/a0e4ef6d041f98ca284393d8f1d97153"},"breadcrumb":{"@id":"https:\/\/www.altominho.tv\/site\/2020\/05\/20\/esce-prepara-semana-de-aprendizagem-muita-animacao-e-varias-surpresas\/#breadcrumb"},"inLanguage":"pt-PT","potentialAction":[{"@type":"ReadAction","target":["https:\/\/www.altominho.tv\/site\/2020\/05\/20\/esce-prepara-semana-de-aprendizagem-muita-animacao-e-varias-surpresas\/"]}]},{"@type":"ImageObject","inLanguage":"pt-PT","@id":"https:\/\/www.altominho.tv\/site\/2020\/05\/20\/esce-prepara-semana-de-aprendizagem-muita-animacao-e-varias-surpresas\/#primaryimage","url":"https:\/\/www.altominho.tv\/site\/wp-content\/uploads\/2020\/05\/esce.jpg","contentUrl":"https:\/\/www.altominho.tv\/site\/wp-content\/uploads\/2020\/05\/esce.jpg","width":750,"height":392},{"@type":"BreadcrumbList","@id":"https:\/\/www.altominho.tv\/site\/2020\/05\/20\/esce-prepara-semana-de-aprendizagem-muita-animacao-e-varias-surpresas\/#breadcrumb","itemListElement":[{"@type":"ListItem","position":1,"name":"In\u00edcio","item":"https:\/\/www.altominho.tv\/site\/"},{"@type":"ListItem","position":2,"name":"ESCE prepara semana de aprendizagem, muita anima\u00e7\u00e3o e v\u00e1rias surpresas"}]},{"@type":"WebSite","@id":"https:\/\/www.altominho.tv\/site\/#website","url":"https:\/\/www.altominho.tv\/site\/","name":"Altominho.tv","description":"A sua regi\u00e3o \u00e0 dist\u00e2ncia de um clique...","potentialAction":[{"@type":"SearchAction","target":{"@type":"EntryPoint","urlTemplate":"https:\/\/www.altominho.tv\/site\/?s={search_term_string}"},"query-input":{"@type":"PropertyValueSpecification","valueRequired":true,"valueName":"search_term_string"}}],"inLanguage":"pt-PT"},{"@type":"Person","@id":"https:\/\/www.altominho.tv\/site\/#\/schema\/person\/a0e4ef6d041f98ca284393d8f1d97153","name":"Andreia Cunha","image":{"@type":"ImageObject","inLanguage":"pt-PT","@id":"https:\/\/www.altominho.tv\/site\/wp-content\/uploads\/2017\/11\/Andreia_Cunha-1-150x150.jpg","url":"https:\/\/www.altominho.tv\/site\/wp-content\/uploads\/2017\/11\/Andreia_Cunha-1-150x150.jpg","contentUrl":"https:\/\/www.altominho.tv\/site\/wp-content\/uploads\/2017\/11\/Andreia_Cunha-1-150x150.jpg","caption":"Andreia Cunha"},"url":"https:\/\/www.altominho.tv\/site\/author\/andreiacunha\/"}]}},"_links":{"self":[{"href":"https:\/\/www.altominho.tv\/site\/wp-json\/wp\/v2\/posts\/46666","targetHints":{"allow":["GET"]}}],"collection":[{"href":"https:\/\/www.altominho.tv\/site\/wp-json\/wp\/v2\/posts"}],"about":[{"href":"https:\/\/www.altominho.tv\/site\/wp-json\/wp\/v2\/types\/post"}],"author":[{"embeddable":true,"href":"https:\/\/www.altominho.tv\/site\/wp-json\/wp\/v2\/users\/7"}],"replies":[{"embeddable":true,"href":"https:\/\/www.altominho.tv\/site\/wp-json\/wp\/v2\/comments?post=46666"}],"version-history":[{"count":0,"href":"https:\/\/www.altominho.tv\/site\/wp-json\/wp\/v2\/posts\/46666\/revisions"}],"wp:featuredmedia":[{"embeddable":true,"href":"https:\/\/www.altominho.tv\/site\/wp-json\/wp\/v2\/media\/46667"}],"wp:attachment":[{"href":"https:\/\/www.altominho.tv\/site\/wp-json\/wp\/v2\/media?parent=46666"}],"wp:term":[{"taxonomy":"category","embeddable":true,"href":"https:\/\/www.altominho.tv\/site\/wp-json\/wp\/v2\/categories?post=46666"},{"taxonomy":"post_tag","embeddable":true,"href":"https:\/\/www.altominho.tv\/site\/wp-json\/wp\/v2\/tags?post=46666"}],"curies":[{"name":"wp","href":"https:\/\/api.w.org\/{rel}","templated":true}]}}