{"id":46660,"date":"2020-05-20T08:52:24","date_gmt":"2020-05-20T07:52:24","guid":{"rendered":"http:\/\/www.altominho.tv\/site\/?p=46660"},"modified":"2020-05-20T08:52:30","modified_gmt":"2020-05-20T07:52:30","slug":"intervencao-dos-sapadores-florestais-em-caminha-desde-setembro-abrangeu-quase-40-hectares","status":"publish","type":"post","link":"https:\/\/www.altominho.tv\/site\/2020\/05\/20\/intervencao-dos-sapadores-florestais-em-caminha-desde-setembro-abrangeu-quase-40-hectares\/","title":{"rendered":"Interven\u00e7\u00e3o dos Sapadores Florestais em Caminha, desde setembro, abrangeu quase 40 hectares"},"content":{"rendered":"\n<p>A C\u00e2mara de Caminha informou que desde setembro\/outubro do ano passado, a interven\u00e7\u00e3o da equipa de Sapadores Florestais no concelho abrangeu quase 40 hectares, &#8220;apesar dos limites que a pandemia tamb\u00e9m implicou nesta \u00e1rea, nos \u00faltimos tempos&#8221;. <\/p>\n\n\n\n<p>Os n\u00fameros foram revelados pelo vice-presidente da C\u00e2mara, Guilherme Lagido Domingos, durante a reuni\u00e3o do Executivo realizada esta semana.<\/p>\n\n\n\n<p>Nesta reuni\u00e3o, tamb\u00e9m foi aprovado o Plano Operacional Municipal de Defesa da Floresta Contra Inc\u00eandios, que agora passa a integrar o Plano Municipal de Defesa da Floresta Contra Inc\u00eandios.<\/p>\n\n\n\n<p>Guilherme Lagido Domingos informou que, &#8220;no \u00e2mbito do servi\u00e7o p\u00fablico requerido pelo ICNF &#8211; Instituto da Conserva\u00e7\u00e3o da Natureza e das Florestas foram intervencionados pela equipa de Sapadores Florestais, desde setembro\/outubro de 2019 e at\u00e9 \u00e0 data, cerca de 14 hectares em diversas \u00e1reas das uni\u00f5es de freguesias de Venade e Azevedo (faixas de gest\u00e3o de combust\u00edvel de prote\u00e7\u00e3o a aglomerados), de Arga (faixas de gest\u00e3o de combust\u00edvel de prote\u00e7\u00e3o a aglomerados e caminhos) e de Gondar e Orbac\u00e9m (faixas de gest\u00e3o de combust\u00edvel de prote\u00e7\u00e3o aos aglomerados)&#8221;.<\/p>\n\n\n\n<p>J\u00e1 no que respeita aos trabalhos do Munic\u00edpio, quer os definidos no Plano de Atividades, quer os requeridos pelas Juntas de Freguesia, &#8220;foram executadas a\u00e7\u00f5es em Vile (limpeza da zona envolvente aos pontos de \u00e1gua e limpeza do estrad\u00e3o que liga a Bulhente, desde a Capela de S\u00e3o Pedro de Varais), Vila Praia de \u00c2ncora (estrad\u00e3o de Bulhente at\u00e9 ao limite com Vile e limpeza da zona envolvente ao ponto de \u00e1gua de Bulhente), \u00c2ncora (FGC e \u00c1rea Empresarial da Gelfa), Uni\u00e3o de Freguesias de Moledo e Cristelo (limpeza da envolvente ao parque de merendas de Perrinch\u00e3o) e Lanhelas (diversas \u00e1reas solicitadas pela Junta de Freguesia)&#8221;.<\/p>\n\n\n\n<p>O total da \u00e1rea intervencionada no \u00e2mbito dos trabalhos do Munic\u00edpio foi de cerca de 22 hectares.<\/p>\n\n\n\n<p>A C\u00e2mara de Caminha deu nota que est\u00e1 tamb\u00e9m em curso a limpeza da Faixa de Gest\u00e3o de Combust\u00edveis da \u00c1rea Empresarial da Gelfa, numa \u00e1rea total de 10 hectares.<\/p>\n\n\n\n<p>No que se refere ao Plano Operacional Municipal de Defesa da Floresta Contra Inc\u00eandios (POM) recorde-se que \u00e9 um elemento integrante do PMDFCI &#8220;e deve ser atualizado e aprovado anualmente em sede de Comiss\u00e3o Municipal de Defesa da Floresta&#8221;.<\/p>\n\n\n\n<p>Conforme explicou o vice-presidente da C\u00e2mara Municipal de Caminha, o novo documento atualiza contactos e meios dispon\u00edveis assim como a pr\u00f3pria cartografia, incorporando j\u00e1 a zona florestal ardida em 2019.<\/p>\n","protected":false},"excerpt":{"rendered":"<p>A C\u00e2mara de Caminha informou que desde setembro\/outubro do ano passado, a interven\u00e7\u00e3o da equipa de Sapadores Florestais no concelho abrangeu quase 40 hectares, &#8220;apesar dos limites que a pandemia tamb\u00e9m implicou nesta \u00e1rea, nos \u00faltimos tempos&#8221;. Os n\u00fameros foram revelados pelo vice-presidente da C\u00e2mara, Guilherme Lagido Domingos, durante a reuni\u00e3o do Executivo realizada esta [&hellip;]<\/p>\n","protected":false},"author":7,"featured_media":46661,"comment_status":"closed","ping_status":"closed","sticky":false,"template":"","format":"standard","meta":{"_exactmetrics_skip_tracking":false,"_exactmetrics_sitenote_active":false,"_exactmetrics_sitenote_note":"","_exactmetrics_sitenote_category":0,"footnotes":""},"categories":[7],"tags":[27],"class_list":["post-46660","post","type-post","status-publish","format-standard","has-post-thumbnail","hentry","category-caminha","tag-sociedade"],"yoast_head":"<!-- This site is optimized with the Yoast SEO Premium plugin v27.4 (Yoast SEO v27.4) - https:\/\/yoast.com\/product\/yoast-seo-premium-wordpress\/ -->\n<title>Interven\u00e7\u00e3o dos Sapadores Florestais em Caminha, desde setembro, abrangeu quase 40 hectares<\/title>\n<meta name=\"robots\" content=\"index, follow, max-snippet:-1, max-image-preview:large, max-video-preview:-1\" \/>\n<link rel=\"canonical\" href=\"https:\/\/www.altominho.tv\/site\/2020\/05\/20\/intervencao-dos-sapadores-florestais-em-caminha-desde-setembro-abrangeu-quase-40-hectares\/\" \/>\n<meta property=\"og:locale\" content=\"pt_PT\" \/>\n<meta property=\"og:type\" content=\"article\" \/>\n<meta property=\"og:title\" content=\"Interven\u00e7\u00e3o dos Sapadores Florestais em Caminha, desde setembro, abrangeu quase 40 hectares\" \/>\n<meta property=\"og:description\" content=\"A C\u00e2mara de Caminha informou que desde setembro\/outubro do ano passado, a interven\u00e7\u00e3o da equipa de Sapadores Florestais no concelho abrangeu quase 40 hectares, &#8220;apesar dos limites que a pandemia tamb\u00e9m implicou nesta \u00e1rea, nos \u00faltimos tempos&#8221;. Os n\u00fameros foram revelados pelo vice-presidente da C\u00e2mara, Guilherme Lagido Domingos, durante a reuni\u00e3o do Executivo realizada esta [&hellip;]\" \/>\n<meta property=\"og:url\" content=\"https:\/\/www.altominho.tv\/site\/2020\/05\/20\/intervencao-dos-sapadores-florestais-em-caminha-desde-setembro-abrangeu-quase-40-hectares\/\" \/>\n<meta property=\"og:site_name\" content=\"Altominho.tv\" \/>\n<meta property=\"article:publisher\" content=\"https:\/\/www.facebook.com\/altominhotv\" \/>\n<meta property=\"article:published_time\" content=\"2020-05-20T07:52:24+00:00\" \/>\n<meta property=\"article:modified_time\" content=\"2020-05-20T07:52:30+00:00\" \/>\n<meta property=\"og:image\" content=\"https:\/\/www.altominho.tv\/site\/wp-content\/uploads\/2020\/05\/Sapadores-florestais-2.jpg\" \/>\n\t<meta property=\"og:image:width\" content=\"1401\" \/>\n\t<meta property=\"og:image:height\" content=\"935\" \/>\n\t<meta property=\"og:image:type\" content=\"image\/jpeg\" \/>\n<meta name=\"author\" content=\"Andreia Cunha\" \/>\n<meta name=\"twitter:card\" content=\"summary_large_image\" \/>\n<meta name=\"twitter:creator\" content=\"@altominhoTV\" \/>\n<meta name=\"twitter:site\" content=\"@altominhoTV\" \/>\n<meta name=\"twitter:label1\" content=\"Escrito por\" \/>\n\t<meta name=\"twitter:data1\" content=\"Andreia Cunha\" \/>\n\t<meta name=\"twitter:label2\" content=\"Tempo estimado de leitura\" \/>\n\t<meta name=\"twitter:data2\" content=\"2 minutos\" \/>\n<script type=\"application\/ld+json\" class=\"yoast-schema-graph\">{\"@context\":\"https:\\\/\\\/schema.org\",\"@graph\":[{\"@type\":\"Article\",\"@id\":\"https:\\\/\\\/www.altominho.tv\\\/site\\\/2020\\\/05\\\/20\\\/intervencao-dos-sapadores-florestais-em-caminha-desde-setembro-abrangeu-quase-40-hectares\\\/#article\",\"isPartOf\":{\"@id\":\"https:\\\/\\\/www.altominho.tv\\\/site\\\/2020\\\/05\\\/20\\\/intervencao-dos-sapadores-florestais-em-caminha-desde-setembro-abrangeu-quase-40-hectares\\\/\"},\"author\":{\"name\":\"Andreia Cunha\",\"@id\":\"https:\\\/\\\/www.altominho.tv\\\/site\\\/#\\\/schema\\\/person\\\/a0e4ef6d041f98ca284393d8f1d97153\"},\"headline\":\"Interven\u00e7\u00e3o dos Sapadores Florestais em Caminha, desde setembro, abrangeu quase 40 hectares\",\"datePublished\":\"2020-05-20T07:52:24+00:00\",\"dateModified\":\"2020-05-20T07:52:30+00:00\",\"mainEntityOfPage\":{\"@id\":\"https:\\\/\\\/www.altominho.tv\\\/site\\\/2020\\\/05\\\/20\\\/intervencao-dos-sapadores-florestais-em-caminha-desde-setembro-abrangeu-quase-40-hectares\\\/\"},\"wordCount\":442,\"image\":{\"@id\":\"https:\\\/\\\/www.altominho.tv\\\/site\\\/2020\\\/05\\\/20\\\/intervencao-dos-sapadores-florestais-em-caminha-desde-setembro-abrangeu-quase-40-hectares\\\/#primaryimage\"},\"thumbnailUrl\":\"https:\\\/\\\/www.altominho.tv\\\/site\\\/wp-content\\\/uploads\\\/2020\\\/05\\\/Sapadores-florestais-2.jpg\",\"keywords\":[\"Sociedade\"],\"articleSection\":[\"Caminha\"],\"inLanguage\":\"pt-PT\",\"copyrightYear\":\"2020\",\"copyrightHolder\":{\"@id\":\"https:\\\/\\\/www.altominho.tv\\\/site\\\/#organization\"}},{\"@type\":\"WebPage\",\"@id\":\"https:\\\/\\\/www.altominho.tv\\\/site\\\/2020\\\/05\\\/20\\\/intervencao-dos-sapadores-florestais-em-caminha-desde-setembro-abrangeu-quase-40-hectares\\\/\",\"url\":\"https:\\\/\\\/www.altominho.tv\\\/site\\\/2020\\\/05\\\/20\\\/intervencao-dos-sapadores-florestais-em-caminha-desde-setembro-abrangeu-quase-40-hectares\\\/\",\"name\":\"Interven\u00e7\u00e3o dos Sapadores Florestais em Caminha, desde setembro, abrangeu quase 40 hectares\",\"isPartOf\":{\"@id\":\"https:\\\/\\\/www.altominho.tv\\\/site\\\/#website\"},\"primaryImageOfPage\":{\"@id\":\"https:\\\/\\\/www.altominho.tv\\\/site\\\/2020\\\/05\\\/20\\\/intervencao-dos-sapadores-florestais-em-caminha-desde-setembro-abrangeu-quase-40-hectares\\\/#primaryimage\"},\"image\":{\"@id\":\"https:\\\/\\\/www.altominho.tv\\\/site\\\/2020\\\/05\\\/20\\\/intervencao-dos-sapadores-florestais-em-caminha-desde-setembro-abrangeu-quase-40-hectares\\\/#primaryimage\"},\"thumbnailUrl\":\"https:\\\/\\\/www.altominho.tv\\\/site\\\/wp-content\\\/uploads\\\/2020\\\/05\\\/Sapadores-florestais-2.jpg\",\"datePublished\":\"2020-05-20T07:52:24+00:00\",\"dateModified\":\"2020-05-20T07:52:30+00:00\",\"author\":{\"@id\":\"https:\\\/\\\/www.altominho.tv\\\/site\\\/#\\\/schema\\\/person\\\/a0e4ef6d041f98ca284393d8f1d97153\"},\"breadcrumb\":{\"@id\":\"https:\\\/\\\/www.altominho.tv\\\/site\\\/2020\\\/05\\\/20\\\/intervencao-dos-sapadores-florestais-em-caminha-desde-setembro-abrangeu-quase-40-hectares\\\/#breadcrumb\"},\"inLanguage\":\"pt-PT\",\"potentialAction\":[{\"@type\":\"ReadAction\",\"target\":[\"https:\\\/\\\/www.altominho.tv\\\/site\\\/2020\\\/05\\\/20\\\/intervencao-dos-sapadores-florestais-em-caminha-desde-setembro-abrangeu-quase-40-hectares\\\/\"]}]},{\"@type\":\"ImageObject\",\"inLanguage\":\"pt-PT\",\"@id\":\"https:\\\/\\\/www.altominho.tv\\\/site\\\/2020\\\/05\\\/20\\\/intervencao-dos-sapadores-florestais-em-caminha-desde-setembro-abrangeu-quase-40-hectares\\\/#primaryimage\",\"url\":\"https:\\\/\\\/www.altominho.tv\\\/site\\\/wp-content\\\/uploads\\\/2020\\\/05\\\/Sapadores-florestais-2.jpg\",\"contentUrl\":\"https:\\\/\\\/www.altominho.tv\\\/site\\\/wp-content\\\/uploads\\\/2020\\\/05\\\/Sapadores-florestais-2.jpg\",\"width\":1401,\"height\":935},{\"@type\":\"BreadcrumbList\",\"@id\":\"https:\\\/\\\/www.altominho.tv\\\/site\\\/2020\\\/05\\\/20\\\/intervencao-dos-sapadores-florestais-em-caminha-desde-setembro-abrangeu-quase-40-hectares\\\/#breadcrumb\",\"itemListElement\":[{\"@type\":\"ListItem\",\"position\":1,\"name\":\"In\u00edcio\",\"item\":\"https:\\\/\\\/www.altominho.tv\\\/site\\\/\"},{\"@type\":\"ListItem\",\"position\":2,\"name\":\"Interven\u00e7\u00e3o dos Sapadores Florestais em Caminha, desde setembro, abrangeu quase 40 hectares\"}]},{\"@type\":\"WebSite\",\"@id\":\"https:\\\/\\\/www.altominho.tv\\\/site\\\/#website\",\"url\":\"https:\\\/\\\/www.altominho.tv\\\/site\\\/\",\"name\":\"Altominho.tv\",\"description\":\"A sua regi\u00e3o \u00e0 dist\u00e2ncia de um clique...\",\"potentialAction\":[{\"@type\":\"SearchAction\",\"target\":{\"@type\":\"EntryPoint\",\"urlTemplate\":\"https:\\\/\\\/www.altominho.tv\\\/site\\\/?s={search_term_string}\"},\"query-input\":{\"@type\":\"PropertyValueSpecification\",\"valueRequired\":true,\"valueName\":\"search_term_string\"}}],\"inLanguage\":\"pt-PT\"},{\"@type\":\"Person\",\"@id\":\"https:\\\/\\\/www.altominho.tv\\\/site\\\/#\\\/schema\\\/person\\\/a0e4ef6d041f98ca284393d8f1d97153\",\"name\":\"Andreia Cunha\",\"image\":{\"@type\":\"ImageObject\",\"inLanguage\":\"pt-PT\",\"@id\":\"https:\\\/\\\/www.altominho.tv\\\/site\\\/wp-content\\\/uploads\\\/2017\\\/11\\\/Andreia_Cunha-1-150x150.jpg\",\"url\":\"https:\\\/\\\/www.altominho.tv\\\/site\\\/wp-content\\\/uploads\\\/2017\\\/11\\\/Andreia_Cunha-1-150x150.jpg\",\"contentUrl\":\"https:\\\/\\\/www.altominho.tv\\\/site\\\/wp-content\\\/uploads\\\/2017\\\/11\\\/Andreia_Cunha-1-150x150.jpg\",\"caption\":\"Andreia Cunha\"},\"url\":\"https:\\\/\\\/www.altominho.tv\\\/site\\\/author\\\/andreiacunha\\\/\"}]}<\/script>\n<!-- \/ Yoast SEO Premium plugin. -->","yoast_head_json":{"title":"Interven\u00e7\u00e3o dos Sapadores Florestais em Caminha, desde setembro, abrangeu quase 40 hectares","robots":{"index":"index","follow":"follow","max-snippet":"max-snippet:-1","max-image-preview":"max-image-preview:large","max-video-preview":"max-video-preview:-1"},"canonical":"https:\/\/www.altominho.tv\/site\/2020\/05\/20\/intervencao-dos-sapadores-florestais-em-caminha-desde-setembro-abrangeu-quase-40-hectares\/","og_locale":"pt_PT","og_type":"article","og_title":"Interven\u00e7\u00e3o dos Sapadores Florestais em Caminha, desde setembro, abrangeu quase 40 hectares","og_description":"A C\u00e2mara de Caminha informou que desde setembro\/outubro do ano passado, a interven\u00e7\u00e3o da equipa de Sapadores Florestais no concelho abrangeu quase 40 hectares, &#8220;apesar dos limites que a pandemia tamb\u00e9m implicou nesta \u00e1rea, nos \u00faltimos tempos&#8221;. Os n\u00fameros foram revelados pelo vice-presidente da C\u00e2mara, Guilherme Lagido Domingos, durante a reuni\u00e3o do Executivo realizada esta [&hellip;]","og_url":"https:\/\/www.altominho.tv\/site\/2020\/05\/20\/intervencao-dos-sapadores-florestais-em-caminha-desde-setembro-abrangeu-quase-40-hectares\/","og_site_name":"Altominho.tv","article_publisher":"https:\/\/www.facebook.com\/altominhotv","article_published_time":"2020-05-20T07:52:24+00:00","article_modified_time":"2020-05-20T07:52:30+00:00","og_image":[{"width":1401,"height":935,"url":"https:\/\/www.altominho.tv\/site\/wp-content\/uploads\/2020\/05\/Sapadores-florestais-2.jpg","type":"image\/jpeg"}],"author":"Andreia Cunha","twitter_card":"summary_large_image","twitter_creator":"@altominhoTV","twitter_site":"@altominhoTV","twitter_misc":{"Escrito por":"Andreia Cunha","Tempo estimado de leitura":"2 minutos"},"schema":{"@context":"https:\/\/schema.org","@graph":[{"@type":"Article","@id":"https:\/\/www.altominho.tv\/site\/2020\/05\/20\/intervencao-dos-sapadores-florestais-em-caminha-desde-setembro-abrangeu-quase-40-hectares\/#article","isPartOf":{"@id":"https:\/\/www.altominho.tv\/site\/2020\/05\/20\/intervencao-dos-sapadores-florestais-em-caminha-desde-setembro-abrangeu-quase-40-hectares\/"},"author":{"name":"Andreia Cunha","@id":"https:\/\/www.altominho.tv\/site\/#\/schema\/person\/a0e4ef6d041f98ca284393d8f1d97153"},"headline":"Interven\u00e7\u00e3o dos Sapadores Florestais em Caminha, desde setembro, abrangeu quase 40 hectares","datePublished":"2020-05-20T07:52:24+00:00","dateModified":"2020-05-20T07:52:30+00:00","mainEntityOfPage":{"@id":"https:\/\/www.altominho.tv\/site\/2020\/05\/20\/intervencao-dos-sapadores-florestais-em-caminha-desde-setembro-abrangeu-quase-40-hectares\/"},"wordCount":442,"image":{"@id":"https:\/\/www.altominho.tv\/site\/2020\/05\/20\/intervencao-dos-sapadores-florestais-em-caminha-desde-setembro-abrangeu-quase-40-hectares\/#primaryimage"},"thumbnailUrl":"https:\/\/www.altominho.tv\/site\/wp-content\/uploads\/2020\/05\/Sapadores-florestais-2.jpg","keywords":["Sociedade"],"articleSection":["Caminha"],"inLanguage":"pt-PT","copyrightYear":"2020","copyrightHolder":{"@id":"https:\/\/www.altominho.tv\/site\/#organization"}},{"@type":"WebPage","@id":"https:\/\/www.altominho.tv\/site\/2020\/05\/20\/intervencao-dos-sapadores-florestais-em-caminha-desde-setembro-abrangeu-quase-40-hectares\/","url":"https:\/\/www.altominho.tv\/site\/2020\/05\/20\/intervencao-dos-sapadores-florestais-em-caminha-desde-setembro-abrangeu-quase-40-hectares\/","name":"Interven\u00e7\u00e3o dos Sapadores Florestais em Caminha, desde setembro, abrangeu quase 40 hectares","isPartOf":{"@id":"https:\/\/www.altominho.tv\/site\/#website"},"primaryImageOfPage":{"@id":"https:\/\/www.altominho.tv\/site\/2020\/05\/20\/intervencao-dos-sapadores-florestais-em-caminha-desde-setembro-abrangeu-quase-40-hectares\/#primaryimage"},"image":{"@id":"https:\/\/www.altominho.tv\/site\/2020\/05\/20\/intervencao-dos-sapadores-florestais-em-caminha-desde-setembro-abrangeu-quase-40-hectares\/#primaryimage"},"thumbnailUrl":"https:\/\/www.altominho.tv\/site\/wp-content\/uploads\/2020\/05\/Sapadores-florestais-2.jpg","datePublished":"2020-05-20T07:52:24+00:00","dateModified":"2020-05-20T07:52:30+00:00","author":{"@id":"https:\/\/www.altominho.tv\/site\/#\/schema\/person\/a0e4ef6d041f98ca284393d8f1d97153"},"breadcrumb":{"@id":"https:\/\/www.altominho.tv\/site\/2020\/05\/20\/intervencao-dos-sapadores-florestais-em-caminha-desde-setembro-abrangeu-quase-40-hectares\/#breadcrumb"},"inLanguage":"pt-PT","potentialAction":[{"@type":"ReadAction","target":["https:\/\/www.altominho.tv\/site\/2020\/05\/20\/intervencao-dos-sapadores-florestais-em-caminha-desde-setembro-abrangeu-quase-40-hectares\/"]}]},{"@type":"ImageObject","inLanguage":"pt-PT","@id":"https:\/\/www.altominho.tv\/site\/2020\/05\/20\/intervencao-dos-sapadores-florestais-em-caminha-desde-setembro-abrangeu-quase-40-hectares\/#primaryimage","url":"https:\/\/www.altominho.tv\/site\/wp-content\/uploads\/2020\/05\/Sapadores-florestais-2.jpg","contentUrl":"https:\/\/www.altominho.tv\/site\/wp-content\/uploads\/2020\/05\/Sapadores-florestais-2.jpg","width":1401,"height":935},{"@type":"BreadcrumbList","@id":"https:\/\/www.altominho.tv\/site\/2020\/05\/20\/intervencao-dos-sapadores-florestais-em-caminha-desde-setembro-abrangeu-quase-40-hectares\/#breadcrumb","itemListElement":[{"@type":"ListItem","position":1,"name":"In\u00edcio","item":"https:\/\/www.altominho.tv\/site\/"},{"@type":"ListItem","position":2,"name":"Interven\u00e7\u00e3o dos Sapadores Florestais em Caminha, desde setembro, abrangeu quase 40 hectares"}]},{"@type":"WebSite","@id":"https:\/\/www.altominho.tv\/site\/#website","url":"https:\/\/www.altominho.tv\/site\/","name":"Altominho.tv","description":"A sua regi\u00e3o \u00e0 dist\u00e2ncia de um clique...","potentialAction":[{"@type":"SearchAction","target":{"@type":"EntryPoint","urlTemplate":"https:\/\/www.altominho.tv\/site\/?s={search_term_string}"},"query-input":{"@type":"PropertyValueSpecification","valueRequired":true,"valueName":"search_term_string"}}],"inLanguage":"pt-PT"},{"@type":"Person","@id":"https:\/\/www.altominho.tv\/site\/#\/schema\/person\/a0e4ef6d041f98ca284393d8f1d97153","name":"Andreia Cunha","image":{"@type":"ImageObject","inLanguage":"pt-PT","@id":"https:\/\/www.altominho.tv\/site\/wp-content\/uploads\/2017\/11\/Andreia_Cunha-1-150x150.jpg","url":"https:\/\/www.altominho.tv\/site\/wp-content\/uploads\/2017\/11\/Andreia_Cunha-1-150x150.jpg","contentUrl":"https:\/\/www.altominho.tv\/site\/wp-content\/uploads\/2017\/11\/Andreia_Cunha-1-150x150.jpg","caption":"Andreia Cunha"},"url":"https:\/\/www.altominho.tv\/site\/author\/andreiacunha\/"}]}},"_links":{"self":[{"href":"https:\/\/www.altominho.tv\/site\/wp-json\/wp\/v2\/posts\/46660","targetHints":{"allow":["GET"]}}],"collection":[{"href":"https:\/\/www.altominho.tv\/site\/wp-json\/wp\/v2\/posts"}],"about":[{"href":"https:\/\/www.altominho.tv\/site\/wp-json\/wp\/v2\/types\/post"}],"author":[{"embeddable":true,"href":"https:\/\/www.altominho.tv\/site\/wp-json\/wp\/v2\/users\/7"}],"replies":[{"embeddable":true,"href":"https:\/\/www.altominho.tv\/site\/wp-json\/wp\/v2\/comments?post=46660"}],"version-history":[{"count":0,"href":"https:\/\/www.altominho.tv\/site\/wp-json\/wp\/v2\/posts\/46660\/revisions"}],"wp:featuredmedia":[{"embeddable":true,"href":"https:\/\/www.altominho.tv\/site\/wp-json\/wp\/v2\/media\/46661"}],"wp:attachment":[{"href":"https:\/\/www.altominho.tv\/site\/wp-json\/wp\/v2\/media?parent=46660"}],"wp:term":[{"taxonomy":"category","embeddable":true,"href":"https:\/\/www.altominho.tv\/site\/wp-json\/wp\/v2\/categories?post=46660"},{"taxonomy":"post_tag","embeddable":true,"href":"https:\/\/www.altominho.tv\/site\/wp-json\/wp\/v2\/tags?post=46660"}],"curies":[{"name":"wp","href":"https:\/\/api.w.org\/{rel}","templated":true}]}}