{"id":46652,"date":"2020-05-20T08:12:57","date_gmt":"2020-05-20T07:12:57","guid":{"rendered":"http:\/\/www.altominho.tv\/site\/?p=46652"},"modified":"2020-05-20T08:13:02","modified_gmt":"2020-05-20T07:13:02","slug":"mp-de-guimaraes-acusa-homem-por-roubo-de-ouro-a-quatro-idosos","status":"publish","type":"post","link":"https:\/\/www.altominho.tv\/site\/2020\/05\/20\/mp-de-guimaraes-acusa-homem-por-roubo-de-ouro-a-quatro-idosos\/","title":{"rendered":"MP de Guimar\u00e3es acusa homem por roubo de ouro a quatro idosos"},"content":{"rendered":"\n<p>O Minist\u00e9rio P\u00fablico acusou um homem por roubo de ouro a quatro idosos em P\u00f3voa de Lanhoso, Valen\u00e7a e Gouveia, tendo ainda promovido que o arguido seja condenado a devolver 7.250 ao Estado, anunciou a Procuradoria-Geral Distrital do Porto.<\/p>\n\n\n\n<p>Em nota hoje publicada na sua p\u00e1gina, aquela procuradoria refere que o homem est\u00e1 acusado de quatro crimes de roubo qualificado.<br><\/p>\n\n\n\n<p>O Minist\u00e9rio P\u00fablico considerou indiciado que o arguido conseguiu entabular conversa com mulheres idosas, fazendo-se passar por pessoa supostamente das suas rela\u00e7\u00f5es.<br><\/p>\n\n\n\n<p>Os roubos na P\u00f3voa de Lanhoso aconteceram em 02 de agosto e 24 de outubro de 2018, tendo o arguido lan\u00e7ado \u201crepentinamente\u201d a m\u00e3o aos fios de ouro que as v\u00edtimas tinham ao pesco\u00e7o, puxando e tirando-lhos, levando-os depois consigo.<br><\/p>\n\n\n\n<p>No caso de Valen\u00e7a, em 05 de setembro de 2018, e segundo a acusa\u00e7\u00e3o, o arguido, a pretexto de que estaria para abrir uma loja de comercializa\u00e7\u00e3o de ouro, logrou que a v\u00edtima lhe permitisse a entrada na casa de resid\u00eancia e lhe revelasse mesmo onde guardava o seu ouro.<br><\/p>\n\n\n\n<p>O arguido ter\u00e1 socado a v\u00edtima na cara, atirando-a ao ch\u00e3o, e levou o ouro.<br><\/p>\n\n\n\n<p>Em Gouveia, em 17 de maio de 2019, o arguido ter\u00e1 conseguido convencer a v\u00edtima a aceitar boleia, tirando-lhe \u201c\u00e0 for\u00e7a\u201d duas alian\u00e7as de ouro que a idosa levava, quando ela se aprestava para abandonar o carro.<br><\/p>\n\n\n\n<p>O Minist\u00e9rio P\u00fablico promoveu que o arguido seja condenado a pagar ao Estado 7.250 euros, que entendeu corresponderem \u00e0 vantagem da atividade criminosa que desenvolveu, sem preju\u00edzo dos direitos das lesadas.<br><\/p>\n\n\n\n<p>O arguido est\u00e1 em pris\u00e3o preventiva.<\/p>\n","protected":false},"excerpt":{"rendered":"<p>O Minist\u00e9rio P\u00fablico acusou um homem por roubo de ouro a quatro idosos em P\u00f3voa de Lanhoso, Valen\u00e7a e Gouveia, tendo ainda promovido que o arguido seja condenado a devolver 7.250 ao Estado, anunciou a Procuradoria-Geral Distrital do Porto. Em nota hoje publicada na sua p\u00e1gina, aquela procuradoria refere que o homem est\u00e1 acusado de [&hellip;]<\/p>\n","protected":false},"author":16,"featured_media":46653,"comment_status":"closed","ping_status":"closed","sticky":false,"template":"","format":"standard","meta":{"_exactmetrics_skip_tracking":false,"_exactmetrics_sitenote_active":false,"_exactmetrics_sitenote_note":"","_exactmetrics_sitenote_category":0,"footnotes":""},"categories":[13],"tags":[27],"class_list":["post-46652","post","type-post","status-publish","format-standard","has-post-thumbnail","hentry","category-valenca","tag-sociedade"],"yoast_head":"<!-- This site is optimized with the Yoast SEO Premium plugin v27.4 (Yoast SEO v27.4) - https:\/\/yoast.com\/product\/yoast-seo-premium-wordpress\/ -->\n<title>MP de Guimar\u00e3es acusa homem por roubo de ouro a quatro idosos<\/title>\n<meta name=\"robots\" content=\"index, follow, max-snippet:-1, max-image-preview:large, max-video-preview:-1\" \/>\n<link rel=\"canonical\" href=\"https:\/\/www.altominho.tv\/site\/2020\/05\/20\/mp-de-guimaraes-acusa-homem-por-roubo-de-ouro-a-quatro-idosos\/\" \/>\n<meta property=\"og:locale\" content=\"pt_PT\" \/>\n<meta property=\"og:type\" content=\"article\" \/>\n<meta property=\"og:title\" content=\"MP de Guimar\u00e3es acusa homem por roubo de ouro a quatro idosos\" \/>\n<meta property=\"og:description\" content=\"O Minist\u00e9rio P\u00fablico acusou um homem por roubo de ouro a quatro idosos em P\u00f3voa de Lanhoso, Valen\u00e7a e Gouveia, tendo ainda promovido que o arguido seja condenado a devolver 7.250 ao Estado, anunciou a Procuradoria-Geral Distrital do Porto. Em nota hoje publicada na sua p\u00e1gina, aquela procuradoria refere que o homem est\u00e1 acusado de [&hellip;]\" \/>\n<meta property=\"og:url\" content=\"https:\/\/www.altominho.tv\/site\/2020\/05\/20\/mp-de-guimaraes-acusa-homem-por-roubo-de-ouro-a-quatro-idosos\/\" \/>\n<meta property=\"og:site_name\" content=\"Altominho.tv\" \/>\n<meta property=\"article:publisher\" content=\"https:\/\/www.facebook.com\/altominhotv\" \/>\n<meta property=\"article:published_time\" content=\"2020-05-20T07:12:57+00:00\" \/>\n<meta property=\"article:modified_time\" content=\"2020-05-20T07:13:02+00:00\" \/>\n<meta property=\"og:image\" content=\"https:\/\/www.altominho.tv\/site\/wp-content\/uploads\/2020\/05\/algemas.jpg\" \/>\n\t<meta property=\"og:image:width\" content=\"818\" \/>\n\t<meta property=\"og:image:height\" content=\"455\" \/>\n\t<meta property=\"og:image:type\" content=\"image\/jpeg\" \/>\n<meta name=\"author\" content=\"Andreia Cunha | Lusa\" \/>\n<meta name=\"twitter:card\" content=\"summary_large_image\" \/>\n<meta name=\"twitter:creator\" content=\"@altominhoTV\" \/>\n<meta name=\"twitter:site\" content=\"@altominhoTV\" \/>\n<meta name=\"twitter:label1\" content=\"Escrito por\" \/>\n\t<meta name=\"twitter:data1\" content=\"Andreia Cunha | Lusa\" \/>\n\t<meta name=\"twitter:label2\" content=\"Tempo estimado de leitura\" \/>\n\t<meta name=\"twitter:data2\" content=\"1 minuto\" \/>\n<script type=\"application\/ld+json\" class=\"yoast-schema-graph\">{\"@context\":\"https:\\\/\\\/schema.org\",\"@graph\":[{\"@type\":\"Article\",\"@id\":\"https:\\\/\\\/www.altominho.tv\\\/site\\\/2020\\\/05\\\/20\\\/mp-de-guimaraes-acusa-homem-por-roubo-de-ouro-a-quatro-idosos\\\/#article\",\"isPartOf\":{\"@id\":\"https:\\\/\\\/www.altominho.tv\\\/site\\\/2020\\\/05\\\/20\\\/mp-de-guimaraes-acusa-homem-por-roubo-de-ouro-a-quatro-idosos\\\/\"},\"author\":{\"name\":\"Andreia Cunha | Lusa\",\"@id\":\"https:\\\/\\\/www.altominho.tv\\\/site\\\/#\\\/schema\\\/person\\\/dbaf181c01b51ff40c9f461a905d321e\"},\"headline\":\"MP de Guimar\u00e3es acusa homem por roubo de ouro a quatro idosos\",\"datePublished\":\"2020-05-20T07:12:57+00:00\",\"dateModified\":\"2020-05-20T07:13:02+00:00\",\"mainEntityOfPage\":{\"@id\":\"https:\\\/\\\/www.altominho.tv\\\/site\\\/2020\\\/05\\\/20\\\/mp-de-guimaraes-acusa-homem-por-roubo-de-ouro-a-quatro-idosos\\\/\"},\"wordCount\":290,\"image\":{\"@id\":\"https:\\\/\\\/www.altominho.tv\\\/site\\\/2020\\\/05\\\/20\\\/mp-de-guimaraes-acusa-homem-por-roubo-de-ouro-a-quatro-idosos\\\/#primaryimage\"},\"thumbnailUrl\":\"https:\\\/\\\/www.altominho.tv\\\/site\\\/wp-content\\\/uploads\\\/2020\\\/05\\\/algemas.jpg\",\"keywords\":[\"Sociedade\"],\"articleSection\":[\"Valen\u00e7a\"],\"inLanguage\":\"pt-PT\",\"copyrightYear\":\"2020\",\"copyrightHolder\":{\"@id\":\"https:\\\/\\\/www.altominho.tv\\\/site\\\/#organization\"}},{\"@type\":\"WebPage\",\"@id\":\"https:\\\/\\\/www.altominho.tv\\\/site\\\/2020\\\/05\\\/20\\\/mp-de-guimaraes-acusa-homem-por-roubo-de-ouro-a-quatro-idosos\\\/\",\"url\":\"https:\\\/\\\/www.altominho.tv\\\/site\\\/2020\\\/05\\\/20\\\/mp-de-guimaraes-acusa-homem-por-roubo-de-ouro-a-quatro-idosos\\\/\",\"name\":\"MP de Guimar\u00e3es acusa homem por roubo de ouro a quatro idosos\",\"isPartOf\":{\"@id\":\"https:\\\/\\\/www.altominho.tv\\\/site\\\/#website\"},\"primaryImageOfPage\":{\"@id\":\"https:\\\/\\\/www.altominho.tv\\\/site\\\/2020\\\/05\\\/20\\\/mp-de-guimaraes-acusa-homem-por-roubo-de-ouro-a-quatro-idosos\\\/#primaryimage\"},\"image\":{\"@id\":\"https:\\\/\\\/www.altominho.tv\\\/site\\\/2020\\\/05\\\/20\\\/mp-de-guimaraes-acusa-homem-por-roubo-de-ouro-a-quatro-idosos\\\/#primaryimage\"},\"thumbnailUrl\":\"https:\\\/\\\/www.altominho.tv\\\/site\\\/wp-content\\\/uploads\\\/2020\\\/05\\\/algemas.jpg\",\"datePublished\":\"2020-05-20T07:12:57+00:00\",\"dateModified\":\"2020-05-20T07:13:02+00:00\",\"author\":{\"@id\":\"https:\\\/\\\/www.altominho.tv\\\/site\\\/#\\\/schema\\\/person\\\/dbaf181c01b51ff40c9f461a905d321e\"},\"breadcrumb\":{\"@id\":\"https:\\\/\\\/www.altominho.tv\\\/site\\\/2020\\\/05\\\/20\\\/mp-de-guimaraes-acusa-homem-por-roubo-de-ouro-a-quatro-idosos\\\/#breadcrumb\"},\"inLanguage\":\"pt-PT\",\"potentialAction\":[{\"@type\":\"ReadAction\",\"target\":[\"https:\\\/\\\/www.altominho.tv\\\/site\\\/2020\\\/05\\\/20\\\/mp-de-guimaraes-acusa-homem-por-roubo-de-ouro-a-quatro-idosos\\\/\"]}]},{\"@type\":\"ImageObject\",\"inLanguage\":\"pt-PT\",\"@id\":\"https:\\\/\\\/www.altominho.tv\\\/site\\\/2020\\\/05\\\/20\\\/mp-de-guimaraes-acusa-homem-por-roubo-de-ouro-a-quatro-idosos\\\/#primaryimage\",\"url\":\"https:\\\/\\\/www.altominho.tv\\\/site\\\/wp-content\\\/uploads\\\/2020\\\/05\\\/algemas.jpg\",\"contentUrl\":\"https:\\\/\\\/www.altominho.tv\\\/site\\\/wp-content\\\/uploads\\\/2020\\\/05\\\/algemas.jpg\",\"width\":818,\"height\":455},{\"@type\":\"BreadcrumbList\",\"@id\":\"https:\\\/\\\/www.altominho.tv\\\/site\\\/2020\\\/05\\\/20\\\/mp-de-guimaraes-acusa-homem-por-roubo-de-ouro-a-quatro-idosos\\\/#breadcrumb\",\"itemListElement\":[{\"@type\":\"ListItem\",\"position\":1,\"name\":\"In\u00edcio\",\"item\":\"https:\\\/\\\/www.altominho.tv\\\/site\\\/\"},{\"@type\":\"ListItem\",\"position\":2,\"name\":\"MP de Guimar\u00e3es acusa homem por roubo de ouro a quatro idosos\"}]},{\"@type\":\"WebSite\",\"@id\":\"https:\\\/\\\/www.altominho.tv\\\/site\\\/#website\",\"url\":\"https:\\\/\\\/www.altominho.tv\\\/site\\\/\",\"name\":\"Altominho.tv\",\"description\":\"A sua regi\u00e3o \u00e0 dist\u00e2ncia de um clique...\",\"potentialAction\":[{\"@type\":\"SearchAction\",\"target\":{\"@type\":\"EntryPoint\",\"urlTemplate\":\"https:\\\/\\\/www.altominho.tv\\\/site\\\/?s={search_term_string}\"},\"query-input\":{\"@type\":\"PropertyValueSpecification\",\"valueRequired\":true,\"valueName\":\"search_term_string\"}}],\"inLanguage\":\"pt-PT\"},{\"@type\":\"Person\",\"@id\":\"https:\\\/\\\/www.altominho.tv\\\/site\\\/#\\\/schema\\\/person\\\/dbaf181c01b51ff40c9f461a905d321e\",\"name\":\"Andreia Cunha | Lusa\",\"image\":{\"@type\":\"ImageObject\",\"inLanguage\":\"pt-PT\",\"@id\":\"https:\\\/\\\/www.altominho.tv\\\/site\\\/wp-content\\\/uploads\\\/2017\\\/11\\\/Andreia_Cunha-1-150x150.jpg\",\"url\":\"https:\\\/\\\/www.altominho.tv\\\/site\\\/wp-content\\\/uploads\\\/2017\\\/11\\\/Andreia_Cunha-1-150x150.jpg\",\"contentUrl\":\"https:\\\/\\\/www.altominho.tv\\\/site\\\/wp-content\\\/uploads\\\/2017\\\/11\\\/Andreia_Cunha-1-150x150.jpg\",\"caption\":\"Andreia Cunha | Lusa\"},\"sameAs\":[\"https:\\\/\\\/www.altominho.tv\\\/site\"],\"url\":\"https:\\\/\\\/www.altominho.tv\\\/site\\\/author\\\/andreiacunhalusa\\\/\"}]}<\/script>\n<!-- \/ Yoast SEO Premium plugin. -->","yoast_head_json":{"title":"MP de Guimar\u00e3es acusa homem por roubo de ouro a quatro idosos","robots":{"index":"index","follow":"follow","max-snippet":"max-snippet:-1","max-image-preview":"max-image-preview:large","max-video-preview":"max-video-preview:-1"},"canonical":"https:\/\/www.altominho.tv\/site\/2020\/05\/20\/mp-de-guimaraes-acusa-homem-por-roubo-de-ouro-a-quatro-idosos\/","og_locale":"pt_PT","og_type":"article","og_title":"MP de Guimar\u00e3es acusa homem por roubo de ouro a quatro idosos","og_description":"O Minist\u00e9rio P\u00fablico acusou um homem por roubo de ouro a quatro idosos em P\u00f3voa de Lanhoso, Valen\u00e7a e Gouveia, tendo ainda promovido que o arguido seja condenado a devolver 7.250 ao Estado, anunciou a Procuradoria-Geral Distrital do Porto. Em nota hoje publicada na sua p\u00e1gina, aquela procuradoria refere que o homem est\u00e1 acusado de [&hellip;]","og_url":"https:\/\/www.altominho.tv\/site\/2020\/05\/20\/mp-de-guimaraes-acusa-homem-por-roubo-de-ouro-a-quatro-idosos\/","og_site_name":"Altominho.tv","article_publisher":"https:\/\/www.facebook.com\/altominhotv","article_published_time":"2020-05-20T07:12:57+00:00","article_modified_time":"2020-05-20T07:13:02+00:00","og_image":[{"width":818,"height":455,"url":"https:\/\/www.altominho.tv\/site\/wp-content\/uploads\/2020\/05\/algemas.jpg","type":"image\/jpeg"}],"author":"Andreia Cunha | Lusa","twitter_card":"summary_large_image","twitter_creator":"@altominhoTV","twitter_site":"@altominhoTV","twitter_misc":{"Escrito por":"Andreia Cunha | Lusa","Tempo estimado de leitura":"1 minuto"},"schema":{"@context":"https:\/\/schema.org","@graph":[{"@type":"Article","@id":"https:\/\/www.altominho.tv\/site\/2020\/05\/20\/mp-de-guimaraes-acusa-homem-por-roubo-de-ouro-a-quatro-idosos\/#article","isPartOf":{"@id":"https:\/\/www.altominho.tv\/site\/2020\/05\/20\/mp-de-guimaraes-acusa-homem-por-roubo-de-ouro-a-quatro-idosos\/"},"author":{"name":"Andreia Cunha | Lusa","@id":"https:\/\/www.altominho.tv\/site\/#\/schema\/person\/dbaf181c01b51ff40c9f461a905d321e"},"headline":"MP de Guimar\u00e3es acusa homem por roubo de ouro a quatro idosos","datePublished":"2020-05-20T07:12:57+00:00","dateModified":"2020-05-20T07:13:02+00:00","mainEntityOfPage":{"@id":"https:\/\/www.altominho.tv\/site\/2020\/05\/20\/mp-de-guimaraes-acusa-homem-por-roubo-de-ouro-a-quatro-idosos\/"},"wordCount":290,"image":{"@id":"https:\/\/www.altominho.tv\/site\/2020\/05\/20\/mp-de-guimaraes-acusa-homem-por-roubo-de-ouro-a-quatro-idosos\/#primaryimage"},"thumbnailUrl":"https:\/\/www.altominho.tv\/site\/wp-content\/uploads\/2020\/05\/algemas.jpg","keywords":["Sociedade"],"articleSection":["Valen\u00e7a"],"inLanguage":"pt-PT","copyrightYear":"2020","copyrightHolder":{"@id":"https:\/\/www.altominho.tv\/site\/#organization"}},{"@type":"WebPage","@id":"https:\/\/www.altominho.tv\/site\/2020\/05\/20\/mp-de-guimaraes-acusa-homem-por-roubo-de-ouro-a-quatro-idosos\/","url":"https:\/\/www.altominho.tv\/site\/2020\/05\/20\/mp-de-guimaraes-acusa-homem-por-roubo-de-ouro-a-quatro-idosos\/","name":"MP de Guimar\u00e3es acusa homem por roubo de ouro a quatro idosos","isPartOf":{"@id":"https:\/\/www.altominho.tv\/site\/#website"},"primaryImageOfPage":{"@id":"https:\/\/www.altominho.tv\/site\/2020\/05\/20\/mp-de-guimaraes-acusa-homem-por-roubo-de-ouro-a-quatro-idosos\/#primaryimage"},"image":{"@id":"https:\/\/www.altominho.tv\/site\/2020\/05\/20\/mp-de-guimaraes-acusa-homem-por-roubo-de-ouro-a-quatro-idosos\/#primaryimage"},"thumbnailUrl":"https:\/\/www.altominho.tv\/site\/wp-content\/uploads\/2020\/05\/algemas.jpg","datePublished":"2020-05-20T07:12:57+00:00","dateModified":"2020-05-20T07:13:02+00:00","author":{"@id":"https:\/\/www.altominho.tv\/site\/#\/schema\/person\/dbaf181c01b51ff40c9f461a905d321e"},"breadcrumb":{"@id":"https:\/\/www.altominho.tv\/site\/2020\/05\/20\/mp-de-guimaraes-acusa-homem-por-roubo-de-ouro-a-quatro-idosos\/#breadcrumb"},"inLanguage":"pt-PT","potentialAction":[{"@type":"ReadAction","target":["https:\/\/www.altominho.tv\/site\/2020\/05\/20\/mp-de-guimaraes-acusa-homem-por-roubo-de-ouro-a-quatro-idosos\/"]}]},{"@type":"ImageObject","inLanguage":"pt-PT","@id":"https:\/\/www.altominho.tv\/site\/2020\/05\/20\/mp-de-guimaraes-acusa-homem-por-roubo-de-ouro-a-quatro-idosos\/#primaryimage","url":"https:\/\/www.altominho.tv\/site\/wp-content\/uploads\/2020\/05\/algemas.jpg","contentUrl":"https:\/\/www.altominho.tv\/site\/wp-content\/uploads\/2020\/05\/algemas.jpg","width":818,"height":455},{"@type":"BreadcrumbList","@id":"https:\/\/www.altominho.tv\/site\/2020\/05\/20\/mp-de-guimaraes-acusa-homem-por-roubo-de-ouro-a-quatro-idosos\/#breadcrumb","itemListElement":[{"@type":"ListItem","position":1,"name":"In\u00edcio","item":"https:\/\/www.altominho.tv\/site\/"},{"@type":"ListItem","position":2,"name":"MP de Guimar\u00e3es acusa homem por roubo de ouro a quatro idosos"}]},{"@type":"WebSite","@id":"https:\/\/www.altominho.tv\/site\/#website","url":"https:\/\/www.altominho.tv\/site\/","name":"Altominho.tv","description":"A sua regi\u00e3o \u00e0 dist\u00e2ncia de um clique...","potentialAction":[{"@type":"SearchAction","target":{"@type":"EntryPoint","urlTemplate":"https:\/\/www.altominho.tv\/site\/?s={search_term_string}"},"query-input":{"@type":"PropertyValueSpecification","valueRequired":true,"valueName":"search_term_string"}}],"inLanguage":"pt-PT"},{"@type":"Person","@id":"https:\/\/www.altominho.tv\/site\/#\/schema\/person\/dbaf181c01b51ff40c9f461a905d321e","name":"Andreia Cunha | Lusa","image":{"@type":"ImageObject","inLanguage":"pt-PT","@id":"https:\/\/www.altominho.tv\/site\/wp-content\/uploads\/2017\/11\/Andreia_Cunha-1-150x150.jpg","url":"https:\/\/www.altominho.tv\/site\/wp-content\/uploads\/2017\/11\/Andreia_Cunha-1-150x150.jpg","contentUrl":"https:\/\/www.altominho.tv\/site\/wp-content\/uploads\/2017\/11\/Andreia_Cunha-1-150x150.jpg","caption":"Andreia Cunha | Lusa"},"sameAs":["https:\/\/www.altominho.tv\/site"],"url":"https:\/\/www.altominho.tv\/site\/author\/andreiacunhalusa\/"}]}},"_links":{"self":[{"href":"https:\/\/www.altominho.tv\/site\/wp-json\/wp\/v2\/posts\/46652","targetHints":{"allow":["GET"]}}],"collection":[{"href":"https:\/\/www.altominho.tv\/site\/wp-json\/wp\/v2\/posts"}],"about":[{"href":"https:\/\/www.altominho.tv\/site\/wp-json\/wp\/v2\/types\/post"}],"author":[{"embeddable":true,"href":"https:\/\/www.altominho.tv\/site\/wp-json\/wp\/v2\/users\/16"}],"replies":[{"embeddable":true,"href":"https:\/\/www.altominho.tv\/site\/wp-json\/wp\/v2\/comments?post=46652"}],"version-history":[{"count":0,"href":"https:\/\/www.altominho.tv\/site\/wp-json\/wp\/v2\/posts\/46652\/revisions"}],"wp:featuredmedia":[{"embeddable":true,"href":"https:\/\/www.altominho.tv\/site\/wp-json\/wp\/v2\/media\/46653"}],"wp:attachment":[{"href":"https:\/\/www.altominho.tv\/site\/wp-json\/wp\/v2\/media?parent=46652"}],"wp:term":[{"taxonomy":"category","embeddable":true,"href":"https:\/\/www.altominho.tv\/site\/wp-json\/wp\/v2\/categories?post=46652"},{"taxonomy":"post_tag","embeddable":true,"href":"https:\/\/www.altominho.tv\/site\/wp-json\/wp\/v2\/tags?post=46652"}],"curies":[{"name":"wp","href":"https:\/\/api.w.org\/{rel}","templated":true}]}}