{"id":46636,"date":"2020-05-19T18:22:56","date_gmt":"2020-05-19T17:22:56","guid":{"rendered":"http:\/\/www.altominho.tv\/site\/?p=46636"},"modified":"2020-05-19T18:24:22","modified_gmt":"2020-05-19T17:24:22","slug":"stal-acusa-aguas-do-alto-minho-de-fomentar-o-trabalho-precario","status":"publish","type":"post","link":"https:\/\/www.altominho.tv\/site\/2020\/05\/19\/stal-acusa-aguas-do-alto-minho-de-fomentar-o-trabalho-precario\/","title":{"rendered":"STAL acusa \u00c1guas do Alto Minho de fomentar o trabalho prec\u00e1rio"},"content":{"rendered":"\n<p>O Sindicato dos Trabalhadores da Administra\u00e7\u00e3o Local (STAL) acusou hoje a empresa \u00c1guas do Alto Minho (AdAM) de fomentar o trabalho prec\u00e1rio por recorrer a uma empresa de \u2018outsourcing&#8217; para contratar funcion\u00e1rios para os servi\u00e7os de atendimento.<br><\/p>\n\n\n\n<p>&#8220;\u00c9 no m\u00ednimo escandaloso que esta empresa p\u00fablica n\u00e3o tenha acautelado as necessidades de recursos humanos. \u00c9 uma empresa que foi apresentada \u00e0 popula\u00e7\u00e3o como uma mais-valia para o distrito e que at\u00e9 ia fomentar o emprego, mas est\u00e1 a fomentar trabalho prec\u00e1rio&#8221;, afirmou hoje \u00e0 ag\u00eancia Lusa, a coordenadora distrital do STAL, Ludovina Sousa.<br><\/p>\n\n\n\n<p>Em causa, segundo a dirigente sindical, est\u00e1 &#8220;um contrato datado do dia 12 de maio, a que a Lusa teve acesso, e publicado no dia 15, no portal da contrata\u00e7\u00e3o p\u00fablica, no valor de 468.836 euros, para a contrata\u00e7\u00e3o de 13 funcion\u00e1rios para as oito lojas da AdAM&#8221; no distrito de Viana do Castelo.<br><\/p>\n\n\n\n<p>A AdAM \u00e9 detida em 51% pela \u00c1guas de Portugal (AdP) e em 49% por sete munic\u00edpios do distrito de Viana do Castelo (Arcos de Valdevez (PSD), Caminha (PS), Paredes de Coura (PS), Ponte de Lima (CDS-PP), Valen\u00e7a (PSD), Viana do Castelo (PS) e Vila Nova de Cerveira (Movimento independente PenCe &#8211; Pensar Cerveira), que comp\u00f5em a Comunidade Intermunicipal (CIM) do Alto Minho.<br><\/p>\n\n\n\n<p>Tr\u00eas concelhos do distrito &#8211; Ponte da Barca (PSD), Mon\u00e7\u00e3o (PSD) e Melga\u00e7o (PS) &#8211; reprovaram a constitui\u00e7\u00e3o daquela parceria.<br><\/p>\n\n\n\n<p>A nova empresa come\u00e7ou a operar em janeiro, &#8220;dimensionada para fornecer mais de nove milh\u00f5es de metros c\u00fabicos de \u00e1gua pot\u00e1vel, por ano, a cerca de 107 mil clientes e para recolher e tratar mais de seis milh\u00f5es de metros c\u00fabicos de \u00e1gua residual, por ano, a cerca de 70 mil clientes&#8221;.<br><\/p>\n\n\n\n<p>Segundo Ludovina Sousa, &#8220;as oito trabalhadoras que atualmente asseguram os servi\u00e7os de atendimento nos oitos postos da empresa foram contratadas a termo incerto e, se quiserem manter o posto de trabalho, ter\u00e3o de passar para a empresa de \u2018outsourcing'&#8221;.<br><\/p>\n\n\n\n<p>&#8220;N\u00e3o faz sentido que sejam contratadas pessoas atrav\u00e9s de uma empresa de \u2018outsourcing&#8217;, com contrato v\u00e1lido por um ano, prorrog\u00e1vel at\u00e9 tr\u00eas. Estas pessoas estar\u00e3o sempre contratadas de uma forma prec\u00e1ria&#8221;, sublinhou.<br><\/p>\n\n\n\n<p>Em resposta por escrito a um pedido de esclarecimento enviado pela Lusa, a AdAM, explicou que, para assegurar &#8220;os servi\u00e7os de atendimento presencial nas oito lojas e atrav\u00e9s das duas linhas telef\u00f3nicas, uma linha geral e uma para avarias e roturas, a AdAM procedeu ao lan\u00e7amento de um procedimento pr\u00e9-contratual que visa a presta\u00e7\u00e3o do servi\u00e7o de atendimento por uma entidade externa&#8221;, espec\u00edfica.<br><\/p>\n\n\n\n<p>&#8220;Para assegurar os servi\u00e7os de atendimento enquanto este procedimento n\u00e3o se encontrava conclu\u00eddo, foram contratadas oito trabalhadoras a termo incerto&#8221;, sustenta, destacando que aquelas funcion\u00e1rias &#8220;conheciam as condi\u00e7\u00f5es do respetivo contrato, tendo sido devidamente informados que os seus contratos cessariam assim que a empresa de presta\u00e7\u00e3o de servi\u00e7o externa iniciasse fun\u00e7\u00f5es&#8221;.<br><\/p>\n\n\n\n<p>A AdAM acrescentou ter &#8220;contratado seis trabalhadoras para refor\u00e7ar o atendimento face \u00e0 maior aflu\u00eancia verificada no arranque de atividade e decorrente dos erros de fatura\u00e7\u00e3o ocorridos, sendo que esta medida consta do Plano de A\u00e7\u00e3o desenvolvido entre a AdAM e os munic\u00edpios&#8221;.<br><\/p>\n\n\n\n<p>Para Ludovina Sousa lamentou que a &#8220;empresa p\u00fablica \u00c1guas de Portugal, s\u00f3cia maiorit\u00e1ria da \u00c1guas do Alto Minho promova um contrato que conflitua com todo o programa do Governo para a regulariza\u00e7\u00e3o de trabalhadores prec\u00e1rios&#8221;.\u00a0<br><\/p>\n\n\n\n<p>&#8220;Quando o Governo andou a fazer esfor\u00e7o para combater a precariedade, regularizando trabalhadores prec\u00e1rios, agora envereda-se por um contrato que n\u00e3o \u00e9 pequeno, s\u00e3o mais de 400 mil euros, de trabalho prec\u00e1rio&#8221;, disse.<br><\/p>\n\n\n\n<p>A respons\u00e1vel afirmou ter reunido com V\u00edtor Lemos, vogal do conselho de administra\u00e7\u00e3o da AdAM e administrador dos Servi\u00e7os Municipalizados de Saneamento B\u00e1sico de Viana do Castelo (SMSBVC) e ter enviado uma exposi\u00e7\u00e3o sobre o caso para o grupo parlamentar do Bloco de Esquerda, sendo que nos pr\u00f3ximos dias far\u00e1 chegar id\u00eantico dossier aos restantes partidos com representa\u00e7\u00e3o parlamentar.\u00a0<br><\/p>\n\n\n\n<p>&#8220;Legalmente n\u00e3o podemos fazer nada pelas oito trabalhadoras. Temos \u00e9 de denunciar esta situa\u00e7\u00e3o. As trabalhadoras ainda n\u00e3o assinaram com a empresa de recrutamento e t\u00eam um contrato a termo incerto, por seis meses, mas a AdAM pode denunciar o contrato com sete dias de anteced\u00eancia e as trabalhadoras v\u00e3o para a rua. Se quiserem manter o trabalho v\u00e3o ter de ir para a empresa de \u2018Outsourcing'&#8221;, explicou.<br><\/p>\n\n\n\n<p>No esclarecimento hoje enviado \u00e0 Lusa, a AdAM adiantou estar &#8220;a efetuar o recrutamento de cerca de 40 trabalhadores para refor\u00e7ar as equipas operacionais e t\u00e9cnicas&#8221;.<br><\/p>\n\n\n\n<p>A empresa adianta ter contratado para os servi\u00e7os de abastecimento e saneamento &#8220;um total de 129 trabalhadores e trabalhadoras, a maioria dos quais transitaram dos munic\u00edpios que integram a parceria para a gest\u00e3o integrada dos servi\u00e7os de \u00e1guas e saneamento da regi\u00e3o&#8221;.<\/p>\n","protected":false},"excerpt":{"rendered":"<p>O Sindicato dos Trabalhadores da Administra\u00e7\u00e3o Local (STAL) acusou hoje a empresa \u00c1guas do Alto Minho (AdAM) de fomentar o trabalho prec\u00e1rio por recorrer a uma empresa de \u2018outsourcing&#8217; para contratar funcion\u00e1rios para os servi\u00e7os de atendimento. &#8220;\u00c9 no m\u00ednimo escandaloso que esta empresa p\u00fablica n\u00e3o tenha acautelado as necessidades de recursos humanos. \u00c9 uma [&hellip;]<\/p>\n","protected":false},"author":16,"featured_media":46637,"comment_status":"closed","ping_status":"closed","sticky":false,"template":"","format":"standard","meta":{"_exactmetrics_skip_tracking":false,"_exactmetrics_sitenote_active":false,"_exactmetrics_sitenote_note":"","_exactmetrics_sitenote_category":0,"footnotes":""},"categories":[73],"tags":[27],"class_list":["post-46636","post","type-post","status-publish","format-standard","has-post-thumbnail","hentry","category-alto-minho","tag-sociedade"],"yoast_head":"<!-- This site is optimized with the Yoast SEO Premium plugin v27.4 (Yoast SEO v27.4) - https:\/\/yoast.com\/product\/yoast-seo-premium-wordpress\/ -->\n<title>STAL acusa \u00c1guas do Alto Minho de fomentar o trabalho prec\u00e1rio<\/title>\n<meta name=\"robots\" content=\"index, follow, max-snippet:-1, max-image-preview:large, max-video-preview:-1\" \/>\n<link rel=\"canonical\" href=\"https:\/\/www.altominho.tv\/site\/2020\/05\/19\/stal-acusa-aguas-do-alto-minho-de-fomentar-o-trabalho-precario\/\" \/>\n<meta property=\"og:locale\" content=\"pt_PT\" \/>\n<meta property=\"og:type\" content=\"article\" \/>\n<meta property=\"og:title\" content=\"STAL acusa \u00c1guas do Alto Minho de fomentar o trabalho prec\u00e1rio\" \/>\n<meta property=\"og:description\" content=\"O Sindicato dos Trabalhadores da Administra\u00e7\u00e3o Local (STAL) acusou hoje a empresa \u00c1guas do Alto Minho (AdAM) de fomentar o trabalho prec\u00e1rio por recorrer a uma empresa de \u2018outsourcing&#8217; para contratar funcion\u00e1rios para os servi\u00e7os de atendimento. &#8220;\u00c9 no m\u00ednimo escandaloso que esta empresa p\u00fablica n\u00e3o tenha acautelado as necessidades de recursos humanos. \u00c9 uma [&hellip;]\" \/>\n<meta property=\"og:url\" content=\"https:\/\/www.altominho.tv\/site\/2020\/05\/19\/stal-acusa-aguas-do-alto-minho-de-fomentar-o-trabalho-precario\/\" \/>\n<meta property=\"og:site_name\" content=\"Altominho.tv\" \/>\n<meta property=\"article:publisher\" content=\"https:\/\/www.facebook.com\/altominhotv\" \/>\n<meta property=\"article:published_time\" content=\"2020-05-19T17:22:56+00:00\" \/>\n<meta property=\"article:modified_time\" content=\"2020-05-19T17:24:22+00:00\" \/>\n<meta property=\"og:image\" content=\"https:\/\/www.altominho.tv\/site\/wp-content\/uploads\/2020\/05\/aguasam.jpg\" \/>\n\t<meta property=\"og:image:width\" content=\"744\" \/>\n\t<meta property=\"og:image:height\" content=\"495\" \/>\n\t<meta property=\"og:image:type\" content=\"image\/jpeg\" \/>\n<meta name=\"author\" content=\"Andreia Cunha | Lusa\" \/>\n<meta name=\"twitter:card\" content=\"summary_large_image\" \/>\n<meta name=\"twitter:creator\" content=\"@altominhoTV\" \/>\n<meta name=\"twitter:site\" content=\"@altominhoTV\" \/>\n<meta name=\"twitter:label1\" content=\"Escrito por\" \/>\n\t<meta name=\"twitter:data1\" content=\"Andreia Cunha | Lusa\" \/>\n\t<meta name=\"twitter:label2\" content=\"Tempo estimado de leitura\" \/>\n\t<meta name=\"twitter:data2\" content=\"4 minutos\" \/>\n<script type=\"application\/ld+json\" class=\"yoast-schema-graph\">{\"@context\":\"https:\\\/\\\/schema.org\",\"@graph\":[{\"@type\":\"Article\",\"@id\":\"https:\\\/\\\/www.altominho.tv\\\/site\\\/2020\\\/05\\\/19\\\/stal-acusa-aguas-do-alto-minho-de-fomentar-o-trabalho-precario\\\/#article\",\"isPartOf\":{\"@id\":\"https:\\\/\\\/www.altominho.tv\\\/site\\\/2020\\\/05\\\/19\\\/stal-acusa-aguas-do-alto-minho-de-fomentar-o-trabalho-precario\\\/\"},\"author\":{\"name\":\"Andreia Cunha | Lusa\",\"@id\":\"https:\\\/\\\/www.altominho.tv\\\/site\\\/#\\\/schema\\\/person\\\/dbaf181c01b51ff40c9f461a905d321e\"},\"headline\":\"STAL acusa \u00c1guas do Alto Minho de fomentar o trabalho prec\u00e1rio\",\"datePublished\":\"2020-05-19T17:22:56+00:00\",\"dateModified\":\"2020-05-19T17:24:22+00:00\",\"mainEntityOfPage\":{\"@id\":\"https:\\\/\\\/www.altominho.tv\\\/site\\\/2020\\\/05\\\/19\\\/stal-acusa-aguas-do-alto-minho-de-fomentar-o-trabalho-precario\\\/\"},\"wordCount\":854,\"image\":{\"@id\":\"https:\\\/\\\/www.altominho.tv\\\/site\\\/2020\\\/05\\\/19\\\/stal-acusa-aguas-do-alto-minho-de-fomentar-o-trabalho-precario\\\/#primaryimage\"},\"thumbnailUrl\":\"https:\\\/\\\/www.altominho.tv\\\/site\\\/wp-content\\\/uploads\\\/2020\\\/05\\\/aguasam.jpg\",\"keywords\":[\"Sociedade\"],\"articleSection\":[\"Alto Minho\"],\"inLanguage\":\"pt-PT\",\"copyrightYear\":\"2020\",\"copyrightHolder\":{\"@id\":\"https:\\\/\\\/www.altominho.tv\\\/site\\\/#organization\"}},{\"@type\":\"WebPage\",\"@id\":\"https:\\\/\\\/www.altominho.tv\\\/site\\\/2020\\\/05\\\/19\\\/stal-acusa-aguas-do-alto-minho-de-fomentar-o-trabalho-precario\\\/\",\"url\":\"https:\\\/\\\/www.altominho.tv\\\/site\\\/2020\\\/05\\\/19\\\/stal-acusa-aguas-do-alto-minho-de-fomentar-o-trabalho-precario\\\/\",\"name\":\"STAL acusa \u00c1guas do Alto Minho de fomentar o trabalho prec\u00e1rio\",\"isPartOf\":{\"@id\":\"https:\\\/\\\/www.altominho.tv\\\/site\\\/#website\"},\"primaryImageOfPage\":{\"@id\":\"https:\\\/\\\/www.altominho.tv\\\/site\\\/2020\\\/05\\\/19\\\/stal-acusa-aguas-do-alto-minho-de-fomentar-o-trabalho-precario\\\/#primaryimage\"},\"image\":{\"@id\":\"https:\\\/\\\/www.altominho.tv\\\/site\\\/2020\\\/05\\\/19\\\/stal-acusa-aguas-do-alto-minho-de-fomentar-o-trabalho-precario\\\/#primaryimage\"},\"thumbnailUrl\":\"https:\\\/\\\/www.altominho.tv\\\/site\\\/wp-content\\\/uploads\\\/2020\\\/05\\\/aguasam.jpg\",\"datePublished\":\"2020-05-19T17:22:56+00:00\",\"dateModified\":\"2020-05-19T17:24:22+00:00\",\"author\":{\"@id\":\"https:\\\/\\\/www.altominho.tv\\\/site\\\/#\\\/schema\\\/person\\\/dbaf181c01b51ff40c9f461a905d321e\"},\"breadcrumb\":{\"@id\":\"https:\\\/\\\/www.altominho.tv\\\/site\\\/2020\\\/05\\\/19\\\/stal-acusa-aguas-do-alto-minho-de-fomentar-o-trabalho-precario\\\/#breadcrumb\"},\"inLanguage\":\"pt-PT\",\"potentialAction\":[{\"@type\":\"ReadAction\",\"target\":[\"https:\\\/\\\/www.altominho.tv\\\/site\\\/2020\\\/05\\\/19\\\/stal-acusa-aguas-do-alto-minho-de-fomentar-o-trabalho-precario\\\/\"]}]},{\"@type\":\"ImageObject\",\"inLanguage\":\"pt-PT\",\"@id\":\"https:\\\/\\\/www.altominho.tv\\\/site\\\/2020\\\/05\\\/19\\\/stal-acusa-aguas-do-alto-minho-de-fomentar-o-trabalho-precario\\\/#primaryimage\",\"url\":\"https:\\\/\\\/www.altominho.tv\\\/site\\\/wp-content\\\/uploads\\\/2020\\\/05\\\/aguasam.jpg\",\"contentUrl\":\"https:\\\/\\\/www.altominho.tv\\\/site\\\/wp-content\\\/uploads\\\/2020\\\/05\\\/aguasam.jpg\",\"width\":744,\"height\":495},{\"@type\":\"BreadcrumbList\",\"@id\":\"https:\\\/\\\/www.altominho.tv\\\/site\\\/2020\\\/05\\\/19\\\/stal-acusa-aguas-do-alto-minho-de-fomentar-o-trabalho-precario\\\/#breadcrumb\",\"itemListElement\":[{\"@type\":\"ListItem\",\"position\":1,\"name\":\"In\u00edcio\",\"item\":\"https:\\\/\\\/www.altominho.tv\\\/site\\\/\"},{\"@type\":\"ListItem\",\"position\":2,\"name\":\"STAL acusa \u00c1guas do Alto Minho de fomentar o trabalho prec\u00e1rio\"}]},{\"@type\":\"WebSite\",\"@id\":\"https:\\\/\\\/www.altominho.tv\\\/site\\\/#website\",\"url\":\"https:\\\/\\\/www.altominho.tv\\\/site\\\/\",\"name\":\"Altominho.tv\",\"description\":\"A sua regi\u00e3o \u00e0 dist\u00e2ncia de um clique...\",\"potentialAction\":[{\"@type\":\"SearchAction\",\"target\":{\"@type\":\"EntryPoint\",\"urlTemplate\":\"https:\\\/\\\/www.altominho.tv\\\/site\\\/?s={search_term_string}\"},\"query-input\":{\"@type\":\"PropertyValueSpecification\",\"valueRequired\":true,\"valueName\":\"search_term_string\"}}],\"inLanguage\":\"pt-PT\"},{\"@type\":\"Person\",\"@id\":\"https:\\\/\\\/www.altominho.tv\\\/site\\\/#\\\/schema\\\/person\\\/dbaf181c01b51ff40c9f461a905d321e\",\"name\":\"Andreia Cunha | Lusa\",\"image\":{\"@type\":\"ImageObject\",\"inLanguage\":\"pt-PT\",\"@id\":\"https:\\\/\\\/www.altominho.tv\\\/site\\\/wp-content\\\/uploads\\\/2017\\\/11\\\/Andreia_Cunha-1-150x150.jpg\",\"url\":\"https:\\\/\\\/www.altominho.tv\\\/site\\\/wp-content\\\/uploads\\\/2017\\\/11\\\/Andreia_Cunha-1-150x150.jpg\",\"contentUrl\":\"https:\\\/\\\/www.altominho.tv\\\/site\\\/wp-content\\\/uploads\\\/2017\\\/11\\\/Andreia_Cunha-1-150x150.jpg\",\"caption\":\"Andreia Cunha | Lusa\"},\"sameAs\":[\"https:\\\/\\\/www.altominho.tv\\\/site\"],\"url\":\"https:\\\/\\\/www.altominho.tv\\\/site\\\/author\\\/andreiacunhalusa\\\/\"}]}<\/script>\n<!-- \/ Yoast SEO Premium plugin. -->","yoast_head_json":{"title":"STAL acusa \u00c1guas do Alto Minho de fomentar o trabalho prec\u00e1rio","robots":{"index":"index","follow":"follow","max-snippet":"max-snippet:-1","max-image-preview":"max-image-preview:large","max-video-preview":"max-video-preview:-1"},"canonical":"https:\/\/www.altominho.tv\/site\/2020\/05\/19\/stal-acusa-aguas-do-alto-minho-de-fomentar-o-trabalho-precario\/","og_locale":"pt_PT","og_type":"article","og_title":"STAL acusa \u00c1guas do Alto Minho de fomentar o trabalho prec\u00e1rio","og_description":"O Sindicato dos Trabalhadores da Administra\u00e7\u00e3o Local (STAL) acusou hoje a empresa \u00c1guas do Alto Minho (AdAM) de fomentar o trabalho prec\u00e1rio por recorrer a uma empresa de \u2018outsourcing&#8217; para contratar funcion\u00e1rios para os servi\u00e7os de atendimento. &#8220;\u00c9 no m\u00ednimo escandaloso que esta empresa p\u00fablica n\u00e3o tenha acautelado as necessidades de recursos humanos. \u00c9 uma [&hellip;]","og_url":"https:\/\/www.altominho.tv\/site\/2020\/05\/19\/stal-acusa-aguas-do-alto-minho-de-fomentar-o-trabalho-precario\/","og_site_name":"Altominho.tv","article_publisher":"https:\/\/www.facebook.com\/altominhotv","article_published_time":"2020-05-19T17:22:56+00:00","article_modified_time":"2020-05-19T17:24:22+00:00","og_image":[{"width":744,"height":495,"url":"https:\/\/www.altominho.tv\/site\/wp-content\/uploads\/2020\/05\/aguasam.jpg","type":"image\/jpeg"}],"author":"Andreia Cunha | Lusa","twitter_card":"summary_large_image","twitter_creator":"@altominhoTV","twitter_site":"@altominhoTV","twitter_misc":{"Escrito por":"Andreia Cunha | Lusa","Tempo estimado de leitura":"4 minutos"},"schema":{"@context":"https:\/\/schema.org","@graph":[{"@type":"Article","@id":"https:\/\/www.altominho.tv\/site\/2020\/05\/19\/stal-acusa-aguas-do-alto-minho-de-fomentar-o-trabalho-precario\/#article","isPartOf":{"@id":"https:\/\/www.altominho.tv\/site\/2020\/05\/19\/stal-acusa-aguas-do-alto-minho-de-fomentar-o-trabalho-precario\/"},"author":{"name":"Andreia Cunha | Lusa","@id":"https:\/\/www.altominho.tv\/site\/#\/schema\/person\/dbaf181c01b51ff40c9f461a905d321e"},"headline":"STAL acusa \u00c1guas do Alto Minho de fomentar o trabalho prec\u00e1rio","datePublished":"2020-05-19T17:22:56+00:00","dateModified":"2020-05-19T17:24:22+00:00","mainEntityOfPage":{"@id":"https:\/\/www.altominho.tv\/site\/2020\/05\/19\/stal-acusa-aguas-do-alto-minho-de-fomentar-o-trabalho-precario\/"},"wordCount":854,"image":{"@id":"https:\/\/www.altominho.tv\/site\/2020\/05\/19\/stal-acusa-aguas-do-alto-minho-de-fomentar-o-trabalho-precario\/#primaryimage"},"thumbnailUrl":"https:\/\/www.altominho.tv\/site\/wp-content\/uploads\/2020\/05\/aguasam.jpg","keywords":["Sociedade"],"articleSection":["Alto Minho"],"inLanguage":"pt-PT","copyrightYear":"2020","copyrightHolder":{"@id":"https:\/\/www.altominho.tv\/site\/#organization"}},{"@type":"WebPage","@id":"https:\/\/www.altominho.tv\/site\/2020\/05\/19\/stal-acusa-aguas-do-alto-minho-de-fomentar-o-trabalho-precario\/","url":"https:\/\/www.altominho.tv\/site\/2020\/05\/19\/stal-acusa-aguas-do-alto-minho-de-fomentar-o-trabalho-precario\/","name":"STAL acusa \u00c1guas do Alto Minho de fomentar o trabalho prec\u00e1rio","isPartOf":{"@id":"https:\/\/www.altominho.tv\/site\/#website"},"primaryImageOfPage":{"@id":"https:\/\/www.altominho.tv\/site\/2020\/05\/19\/stal-acusa-aguas-do-alto-minho-de-fomentar-o-trabalho-precario\/#primaryimage"},"image":{"@id":"https:\/\/www.altominho.tv\/site\/2020\/05\/19\/stal-acusa-aguas-do-alto-minho-de-fomentar-o-trabalho-precario\/#primaryimage"},"thumbnailUrl":"https:\/\/www.altominho.tv\/site\/wp-content\/uploads\/2020\/05\/aguasam.jpg","datePublished":"2020-05-19T17:22:56+00:00","dateModified":"2020-05-19T17:24:22+00:00","author":{"@id":"https:\/\/www.altominho.tv\/site\/#\/schema\/person\/dbaf181c01b51ff40c9f461a905d321e"},"breadcrumb":{"@id":"https:\/\/www.altominho.tv\/site\/2020\/05\/19\/stal-acusa-aguas-do-alto-minho-de-fomentar-o-trabalho-precario\/#breadcrumb"},"inLanguage":"pt-PT","potentialAction":[{"@type":"ReadAction","target":["https:\/\/www.altominho.tv\/site\/2020\/05\/19\/stal-acusa-aguas-do-alto-minho-de-fomentar-o-trabalho-precario\/"]}]},{"@type":"ImageObject","inLanguage":"pt-PT","@id":"https:\/\/www.altominho.tv\/site\/2020\/05\/19\/stal-acusa-aguas-do-alto-minho-de-fomentar-o-trabalho-precario\/#primaryimage","url":"https:\/\/www.altominho.tv\/site\/wp-content\/uploads\/2020\/05\/aguasam.jpg","contentUrl":"https:\/\/www.altominho.tv\/site\/wp-content\/uploads\/2020\/05\/aguasam.jpg","width":744,"height":495},{"@type":"BreadcrumbList","@id":"https:\/\/www.altominho.tv\/site\/2020\/05\/19\/stal-acusa-aguas-do-alto-minho-de-fomentar-o-trabalho-precario\/#breadcrumb","itemListElement":[{"@type":"ListItem","position":1,"name":"In\u00edcio","item":"https:\/\/www.altominho.tv\/site\/"},{"@type":"ListItem","position":2,"name":"STAL acusa \u00c1guas do Alto Minho de fomentar o trabalho prec\u00e1rio"}]},{"@type":"WebSite","@id":"https:\/\/www.altominho.tv\/site\/#website","url":"https:\/\/www.altominho.tv\/site\/","name":"Altominho.tv","description":"A sua regi\u00e3o \u00e0 dist\u00e2ncia de um clique...","potentialAction":[{"@type":"SearchAction","target":{"@type":"EntryPoint","urlTemplate":"https:\/\/www.altominho.tv\/site\/?s={search_term_string}"},"query-input":{"@type":"PropertyValueSpecification","valueRequired":true,"valueName":"search_term_string"}}],"inLanguage":"pt-PT"},{"@type":"Person","@id":"https:\/\/www.altominho.tv\/site\/#\/schema\/person\/dbaf181c01b51ff40c9f461a905d321e","name":"Andreia Cunha | Lusa","image":{"@type":"ImageObject","inLanguage":"pt-PT","@id":"https:\/\/www.altominho.tv\/site\/wp-content\/uploads\/2017\/11\/Andreia_Cunha-1-150x150.jpg","url":"https:\/\/www.altominho.tv\/site\/wp-content\/uploads\/2017\/11\/Andreia_Cunha-1-150x150.jpg","contentUrl":"https:\/\/www.altominho.tv\/site\/wp-content\/uploads\/2017\/11\/Andreia_Cunha-1-150x150.jpg","caption":"Andreia Cunha | Lusa"},"sameAs":["https:\/\/www.altominho.tv\/site"],"url":"https:\/\/www.altominho.tv\/site\/author\/andreiacunhalusa\/"}]}},"_links":{"self":[{"href":"https:\/\/www.altominho.tv\/site\/wp-json\/wp\/v2\/posts\/46636","targetHints":{"allow":["GET"]}}],"collection":[{"href":"https:\/\/www.altominho.tv\/site\/wp-json\/wp\/v2\/posts"}],"about":[{"href":"https:\/\/www.altominho.tv\/site\/wp-json\/wp\/v2\/types\/post"}],"author":[{"embeddable":true,"href":"https:\/\/www.altominho.tv\/site\/wp-json\/wp\/v2\/users\/16"}],"replies":[{"embeddable":true,"href":"https:\/\/www.altominho.tv\/site\/wp-json\/wp\/v2\/comments?post=46636"}],"version-history":[{"count":0,"href":"https:\/\/www.altominho.tv\/site\/wp-json\/wp\/v2\/posts\/46636\/revisions"}],"wp:featuredmedia":[{"embeddable":true,"href":"https:\/\/www.altominho.tv\/site\/wp-json\/wp\/v2\/media\/46637"}],"wp:attachment":[{"href":"https:\/\/www.altominho.tv\/site\/wp-json\/wp\/v2\/media?parent=46636"}],"wp:term":[{"taxonomy":"category","embeddable":true,"href":"https:\/\/www.altominho.tv\/site\/wp-json\/wp\/v2\/categories?post=46636"},{"taxonomy":"post_tag","embeddable":true,"href":"https:\/\/www.altominho.tv\/site\/wp-json\/wp\/v2\/tags?post=46636"}],"curies":[{"name":"wp","href":"https:\/\/api.w.org\/{rel}","templated":true}]}}