{"id":46633,"date":"2020-05-19T18:13:08","date_gmt":"2020-05-19T17:13:08","guid":{"rendered":"http:\/\/www.altominho.tv\/site\/?p=46633"},"modified":"2020-05-19T18:13:17","modified_gmt":"2020-05-19T17:13:17","slug":"linha-de-muito-alta-tensao-entre-ponte-de-lima-e-famalicao-ja-esta-em-construcao-e-suspensao-dos-trabalhos-nao-sera-opcao-do-governo","status":"publish","type":"post","link":"https:\/\/www.altominho.tv\/site\/2020\/05\/19\/linha-de-muito-alta-tensao-entre-ponte-de-lima-e-famalicao-ja-esta-em-construcao-e-suspensao-dos-trabalhos-nao-sera-opcao-do-governo\/","title":{"rendered":"Linha de muito alta tens\u00e3o entre Ponte de Lima e Famalic\u00e3o j\u00e1 est\u00e1 em constru\u00e7\u00e3o e suspens\u00e3o dos trabalhos \u201cn\u00e3o ser\u00e1 op\u00e7\u00e3o do Governo\u201d"},"content":{"rendered":"\n<p>A linha de muito alta tens\u00e3o entre Ponte de Lima e Famalic\u00e3o j\u00e1 est\u00e1 em constru\u00e7\u00e3o e a suspens\u00e3o dos trabalhos \u201cn\u00e3o ser\u00e1 op\u00e7\u00e3o do Governo\u201d, anunciou o Minist\u00e9rio do Ambiente e da A\u00e7\u00e3o Clim\u00e1tica.<br><\/p>\n\n\n\n<p>Em resposta a uma pergunta apresentada por tr\u00eas deputados do Bloco de Esquerda (BE), a que a Lusa teve hoje acesso, o minist\u00e9rio acrescenta que a linha ter\u00e1 um total de 107 postes, j\u00e1 tendo sido iniciados trabalhos em cerca de 40%, incluindo no concelho de Barcelos, onde o projeto \u00e9 contestado, designadamente com recurso aos tribunais.<br><\/p>\n\n\n\n<p>Na resposta, o minist\u00e9rio vinca ainda que a suspens\u00e3o da instala\u00e7\u00e3o da linha, reclamada pela C\u00e2mara de Barcelos, &#8220;n\u00e3o ser\u00e1 op\u00e7\u00e3o do Governo\u201d, dada a \u201csua import\u00e2ncia para o Sistema El\u00e9trico Nacional\u201d.<br><\/p>\n\n\n\n<p>\u201cEsta linha em concreto faz parte dos Projeto de Interesse Comum e est\u00e1 relacionada com a integra\u00e7\u00e3o de elevada produ\u00e7\u00e3o de fontes renov\u00e1veis de energia, nomeadamente da bacia do C\u00e1vado. Est\u00e1 igualmente relacionada com a nova interliga\u00e7\u00e3o entre Portugal (Minho) e Espanha (Galiza), aumentando a integra\u00e7\u00e3o entre os dois pa\u00edses no mercado ib\u00e9rico de eletricidade (MIBEL) e deste com o mercado europeu, promovendo, assim, a concorr\u00eancia\u201d, acrescenta.<br><\/p>\n\n\n\n<p>Questionado pelo BE sobre a eventual coloca\u00e7\u00e3o subterr\u00e2nea dos cabos, o minist\u00e9rio tutelado por Jo\u00e3o Pedro Matos Fernandes diz que essa solu\u00e7\u00e3o s\u00f3 deve ser utilizada \u201cem situa\u00e7\u00f5es muito particulares\u201d, dados os custos associados.<br><\/p>\n\n\n\n<p>Segundo o Minist\u00e9rio do Ambiente, a coloca\u00e7\u00e3o subterr\u00e2nea dos cabos \u201cmultiplica o valor do investimento por um fator de 10\u201d, quando comparado com a constru\u00e7\u00e3o por via a\u00e9rea.<br><\/p>\n\n\n\n<p>Um investimento, sublinha, \u201cintegralmente suportado pelos consumidores\u201d e que levaria a um \u201caumento significativo\u201d dos pre\u00e7os da eletricidade, \u201ccontrariando os objetivos nacionais de redu\u00e7\u00e3o dos pre\u00e7os\u201d.<br><\/p>\n\n\n\n<p>A C\u00e2mara de Barcelos (PS) interp\u00f4s uma provid\u00eancia cautelar pedindo o embargo da obra e a absten\u00e7\u00e3o de qualquer conduta ou opera\u00e7\u00e3o material que se relacione com a constru\u00e7\u00e3o da linha, bem como a suspens\u00e3o da efic\u00e1cia da declara\u00e7\u00e3o de impacto ambiental e a suspens\u00e3o da efic\u00e1cia do despacho que concedeu a licen\u00e7a de constru\u00e7\u00e3o.<br><\/p>\n\n\n\n<p>A a\u00e7\u00e3o j\u00e1 foi indeferida em duas inst\u00e2ncias, mas a C\u00e2mara recorreu para o Supremo Tribunal Administrativo, estando ainda a aguardar decis\u00e3o.<br><\/p>\n\n\n\n<p>A C\u00e2mara alega que o tra\u00e7ado da linha vai penalizar nove freguesias do concelho, com particular incid\u00eancia em Perelhal, Vila Seca e Macieira de Rates, onde passar\u00e1 por &#8220;zonas populacionais importantes&#8221;.<br><\/p>\n\n\n\n<p>Fala em impactos ambientais e em riscos para a sa\u00fade p\u00fablica.<br><\/p>\n\n\n\n<p>Segundo o Minist\u00e9rio do Ambiente, \u201cPortugal disp\u00f5e de legisla\u00e7\u00e3o que garante a total seguran\u00e7a de pessoas e bens debaixo e na vizinhan\u00e7a imediata das linhas\u201d de muito alta tens\u00e3o, \u201cconforme as mais recentes recomenda\u00e7\u00f5es de organiza\u00e7\u00f5es internacionais de sa\u00fade\u201d.<br><\/p>\n\n\n\n<p>Diz ainda o minist\u00e9rio que foram estudadas alternativas de tra\u00e7ado, \u201cmas que tinham impactos negativos sobre as pessoas mais elevados do que os impactos que a linha em constru\u00e7\u00e3o ter\u00e1\u201d.<br><\/p>\n\n\n\n<p>Perante estas respostas, o BE\/Barcelos \u201creitera solidariedade\u201d com as popula\u00e7\u00f5es de Barcelos afetadas e considera que estes processos \u201cn\u00e3o podem continuar a ser desenvolvidos sem ausculta\u00e7\u00e3o das pessoas, sem anu\u00eancia dos \u00f3rg\u00e3os aut\u00e1rquicos democraticamente eleitos e sem justifica\u00e7\u00e3o objetiva da import\u00e2ncia e do significado da obra em curso\u201d.<br><\/p>\n\n\n\n<p>\u201cNesse sentido o BE\/Barcelos, para al\u00e9m de estar solid\u00e1rio com a luta travada pela popula\u00e7\u00e3o, nomeadamente o movimento popular formado na freguesia de Perelhal, manifesta total disponibilidade para participar nessa contesta\u00e7\u00e3o\u201d, conclui.<\/p>\n","protected":false},"excerpt":{"rendered":"<p>A linha de muito alta tens\u00e3o entre Ponte de Lima e Famalic\u00e3o j\u00e1 est\u00e1 em constru\u00e7\u00e3o e a suspens\u00e3o dos trabalhos \u201cn\u00e3o ser\u00e1 op\u00e7\u00e3o do Governo\u201d, anunciou o Minist\u00e9rio do Ambiente e da A\u00e7\u00e3o Clim\u00e1tica. Em resposta a uma pergunta apresentada por tr\u00eas deputados do Bloco de Esquerda (BE), a que a Lusa teve hoje [&hellip;]<\/p>\n","protected":false},"author":16,"featured_media":46634,"comment_status":"closed","ping_status":"closed","sticky":false,"template":"","format":"standard","meta":{"_exactmetrics_skip_tracking":false,"_exactmetrics_sitenote_active":false,"_exactmetrics_sitenote_note":"","_exactmetrics_sitenote_category":0,"footnotes":""},"categories":[73],"tags":[27],"class_list":["post-46633","post","type-post","status-publish","format-standard","has-post-thumbnail","hentry","category-alto-minho","tag-sociedade"],"yoast_head":"<!-- This site is optimized with the Yoast SEO Premium plugin v27.4 (Yoast SEO v27.4) - https:\/\/yoast.com\/product\/yoast-seo-premium-wordpress\/ -->\n<title>Linha de muito alta tens\u00e3o entre Ponte de Lima e Famalic\u00e3o j\u00e1 est\u00e1 em constru\u00e7\u00e3o e suspens\u00e3o dos trabalhos \u201cn\u00e3o ser\u00e1 op\u00e7\u00e3o do Governo\u201d<\/title>\n<meta name=\"robots\" content=\"index, follow, max-snippet:-1, max-image-preview:large, max-video-preview:-1\" \/>\n<link rel=\"canonical\" href=\"https:\/\/www.altominho.tv\/site\/2020\/05\/19\/linha-de-muito-alta-tensao-entre-ponte-de-lima-e-famalicao-ja-esta-em-construcao-e-suspensao-dos-trabalhos-nao-sera-opcao-do-governo\/\" \/>\n<meta property=\"og:locale\" content=\"pt_PT\" \/>\n<meta property=\"og:type\" content=\"article\" \/>\n<meta property=\"og:title\" content=\"Linha de muito alta tens\u00e3o entre Ponte de Lima e Famalic\u00e3o j\u00e1 est\u00e1 em constru\u00e7\u00e3o e suspens\u00e3o dos trabalhos \u201cn\u00e3o ser\u00e1 op\u00e7\u00e3o do Governo\u201d\" \/>\n<meta property=\"og:description\" content=\"A linha de muito alta tens\u00e3o entre Ponte de Lima e Famalic\u00e3o j\u00e1 est\u00e1 em constru\u00e7\u00e3o e a suspens\u00e3o dos trabalhos \u201cn\u00e3o ser\u00e1 op\u00e7\u00e3o do Governo\u201d, anunciou o Minist\u00e9rio do Ambiente e da A\u00e7\u00e3o Clim\u00e1tica. Em resposta a uma pergunta apresentada por tr\u00eas deputados do Bloco de Esquerda (BE), a que a Lusa teve hoje [&hellip;]\" \/>\n<meta property=\"og:url\" content=\"https:\/\/www.altominho.tv\/site\/2020\/05\/19\/linha-de-muito-alta-tensao-entre-ponte-de-lima-e-famalicao-ja-esta-em-construcao-e-suspensao-dos-trabalhos-nao-sera-opcao-do-governo\/\" \/>\n<meta property=\"og:site_name\" content=\"Altominho.tv\" \/>\n<meta property=\"article:publisher\" content=\"https:\/\/www.facebook.com\/altominhotv\" \/>\n<meta property=\"article:published_time\" content=\"2020-05-19T17:13:08+00:00\" \/>\n<meta property=\"article:modified_time\" content=\"2020-05-19T17:13:17+00:00\" \/>\n<meta property=\"og:image\" content=\"https:\/\/www.altominho.tv\/site\/wp-content\/uploads\/2020\/05\/alta-tensao.jpg\" \/>\n\t<meta property=\"og:image:width\" content=\"512\" \/>\n\t<meta property=\"og:image:height\" content=\"288\" \/>\n\t<meta property=\"og:image:type\" content=\"image\/jpeg\" \/>\n<meta name=\"author\" content=\"Andreia Cunha | Lusa\" \/>\n<meta name=\"twitter:card\" content=\"summary_large_image\" \/>\n<meta name=\"twitter:creator\" content=\"@altominhoTV\" \/>\n<meta name=\"twitter:site\" content=\"@altominhoTV\" \/>\n<meta name=\"twitter:label1\" content=\"Escrito por\" \/>\n\t<meta name=\"twitter:data1\" content=\"Andreia Cunha | Lusa\" \/>\n\t<meta name=\"twitter:label2\" content=\"Tempo estimado de leitura\" \/>\n\t<meta name=\"twitter:data2\" content=\"3 minutos\" \/>\n<script type=\"application\/ld+json\" class=\"yoast-schema-graph\">{\"@context\":\"https:\\\/\\\/schema.org\",\"@graph\":[{\"@type\":\"Article\",\"@id\":\"https:\\\/\\\/www.altominho.tv\\\/site\\\/2020\\\/05\\\/19\\\/linha-de-muito-alta-tensao-entre-ponte-de-lima-e-famalicao-ja-esta-em-construcao-e-suspensao-dos-trabalhos-nao-sera-opcao-do-governo\\\/#article\",\"isPartOf\":{\"@id\":\"https:\\\/\\\/www.altominho.tv\\\/site\\\/2020\\\/05\\\/19\\\/linha-de-muito-alta-tensao-entre-ponte-de-lima-e-famalicao-ja-esta-em-construcao-e-suspensao-dos-trabalhos-nao-sera-opcao-do-governo\\\/\"},\"author\":{\"name\":\"Andreia Cunha | Lusa\",\"@id\":\"https:\\\/\\\/www.altominho.tv\\\/site\\\/#\\\/schema\\\/person\\\/dbaf181c01b51ff40c9f461a905d321e\"},\"headline\":\"Linha de muito alta tens\u00e3o entre Ponte de Lima e Famalic\u00e3o j\u00e1 est\u00e1 em constru\u00e7\u00e3o e suspens\u00e3o dos trabalhos \u201cn\u00e3o ser\u00e1 op\u00e7\u00e3o do Governo\u201d\",\"datePublished\":\"2020-05-19T17:13:08+00:00\",\"dateModified\":\"2020-05-19T17:13:17+00:00\",\"mainEntityOfPage\":{\"@id\":\"https:\\\/\\\/www.altominho.tv\\\/site\\\/2020\\\/05\\\/19\\\/linha-de-muito-alta-tensao-entre-ponte-de-lima-e-famalicao-ja-esta-em-construcao-e-suspensao-dos-trabalhos-nao-sera-opcao-do-governo\\\/\"},\"wordCount\":663,\"image\":{\"@id\":\"https:\\\/\\\/www.altominho.tv\\\/site\\\/2020\\\/05\\\/19\\\/linha-de-muito-alta-tensao-entre-ponte-de-lima-e-famalicao-ja-esta-em-construcao-e-suspensao-dos-trabalhos-nao-sera-opcao-do-governo\\\/#primaryimage\"},\"thumbnailUrl\":\"https:\\\/\\\/www.altominho.tv\\\/site\\\/wp-content\\\/uploads\\\/2020\\\/05\\\/alta-tensao.jpg\",\"keywords\":[\"Sociedade\"],\"articleSection\":[\"Alto Minho\"],\"inLanguage\":\"pt-PT\",\"copyrightYear\":\"2020\",\"copyrightHolder\":{\"@id\":\"https:\\\/\\\/www.altominho.tv\\\/site\\\/#organization\"}},{\"@type\":\"WebPage\",\"@id\":\"https:\\\/\\\/www.altominho.tv\\\/site\\\/2020\\\/05\\\/19\\\/linha-de-muito-alta-tensao-entre-ponte-de-lima-e-famalicao-ja-esta-em-construcao-e-suspensao-dos-trabalhos-nao-sera-opcao-do-governo\\\/\",\"url\":\"https:\\\/\\\/www.altominho.tv\\\/site\\\/2020\\\/05\\\/19\\\/linha-de-muito-alta-tensao-entre-ponte-de-lima-e-famalicao-ja-esta-em-construcao-e-suspensao-dos-trabalhos-nao-sera-opcao-do-governo\\\/\",\"name\":\"Linha de muito alta tens\u00e3o entre Ponte de Lima e Famalic\u00e3o j\u00e1 est\u00e1 em constru\u00e7\u00e3o e suspens\u00e3o dos trabalhos \u201cn\u00e3o ser\u00e1 op\u00e7\u00e3o do Governo\u201d\",\"isPartOf\":{\"@id\":\"https:\\\/\\\/www.altominho.tv\\\/site\\\/#website\"},\"primaryImageOfPage\":{\"@id\":\"https:\\\/\\\/www.altominho.tv\\\/site\\\/2020\\\/05\\\/19\\\/linha-de-muito-alta-tensao-entre-ponte-de-lima-e-famalicao-ja-esta-em-construcao-e-suspensao-dos-trabalhos-nao-sera-opcao-do-governo\\\/#primaryimage\"},\"image\":{\"@id\":\"https:\\\/\\\/www.altominho.tv\\\/site\\\/2020\\\/05\\\/19\\\/linha-de-muito-alta-tensao-entre-ponte-de-lima-e-famalicao-ja-esta-em-construcao-e-suspensao-dos-trabalhos-nao-sera-opcao-do-governo\\\/#primaryimage\"},\"thumbnailUrl\":\"https:\\\/\\\/www.altominho.tv\\\/site\\\/wp-content\\\/uploads\\\/2020\\\/05\\\/alta-tensao.jpg\",\"datePublished\":\"2020-05-19T17:13:08+00:00\",\"dateModified\":\"2020-05-19T17:13:17+00:00\",\"author\":{\"@id\":\"https:\\\/\\\/www.altominho.tv\\\/site\\\/#\\\/schema\\\/person\\\/dbaf181c01b51ff40c9f461a905d321e\"},\"breadcrumb\":{\"@id\":\"https:\\\/\\\/www.altominho.tv\\\/site\\\/2020\\\/05\\\/19\\\/linha-de-muito-alta-tensao-entre-ponte-de-lima-e-famalicao-ja-esta-em-construcao-e-suspensao-dos-trabalhos-nao-sera-opcao-do-governo\\\/#breadcrumb\"},\"inLanguage\":\"pt-PT\",\"potentialAction\":[{\"@type\":\"ReadAction\",\"target\":[\"https:\\\/\\\/www.altominho.tv\\\/site\\\/2020\\\/05\\\/19\\\/linha-de-muito-alta-tensao-entre-ponte-de-lima-e-famalicao-ja-esta-em-construcao-e-suspensao-dos-trabalhos-nao-sera-opcao-do-governo\\\/\"]}]},{\"@type\":\"ImageObject\",\"inLanguage\":\"pt-PT\",\"@id\":\"https:\\\/\\\/www.altominho.tv\\\/site\\\/2020\\\/05\\\/19\\\/linha-de-muito-alta-tensao-entre-ponte-de-lima-e-famalicao-ja-esta-em-construcao-e-suspensao-dos-trabalhos-nao-sera-opcao-do-governo\\\/#primaryimage\",\"url\":\"https:\\\/\\\/www.altominho.tv\\\/site\\\/wp-content\\\/uploads\\\/2020\\\/05\\\/alta-tensao.jpg\",\"contentUrl\":\"https:\\\/\\\/www.altominho.tv\\\/site\\\/wp-content\\\/uploads\\\/2020\\\/05\\\/alta-tensao.jpg\",\"width\":512,\"height\":288},{\"@type\":\"BreadcrumbList\",\"@id\":\"https:\\\/\\\/www.altominho.tv\\\/site\\\/2020\\\/05\\\/19\\\/linha-de-muito-alta-tensao-entre-ponte-de-lima-e-famalicao-ja-esta-em-construcao-e-suspensao-dos-trabalhos-nao-sera-opcao-do-governo\\\/#breadcrumb\",\"itemListElement\":[{\"@type\":\"ListItem\",\"position\":1,\"name\":\"In\u00edcio\",\"item\":\"https:\\\/\\\/www.altominho.tv\\\/site\\\/\"},{\"@type\":\"ListItem\",\"position\":2,\"name\":\"Linha de muito alta tens\u00e3o entre Ponte de Lima e Famalic\u00e3o j\u00e1 est\u00e1 em constru\u00e7\u00e3o e suspens\u00e3o dos trabalhos \u201cn\u00e3o ser\u00e1 op\u00e7\u00e3o do Governo\u201d\"}]},{\"@type\":\"WebSite\",\"@id\":\"https:\\\/\\\/www.altominho.tv\\\/site\\\/#website\",\"url\":\"https:\\\/\\\/www.altominho.tv\\\/site\\\/\",\"name\":\"Altominho.tv\",\"description\":\"A sua regi\u00e3o \u00e0 dist\u00e2ncia de um clique...\",\"potentialAction\":[{\"@type\":\"SearchAction\",\"target\":{\"@type\":\"EntryPoint\",\"urlTemplate\":\"https:\\\/\\\/www.altominho.tv\\\/site\\\/?s={search_term_string}\"},\"query-input\":{\"@type\":\"PropertyValueSpecification\",\"valueRequired\":true,\"valueName\":\"search_term_string\"}}],\"inLanguage\":\"pt-PT\"},{\"@type\":\"Person\",\"@id\":\"https:\\\/\\\/www.altominho.tv\\\/site\\\/#\\\/schema\\\/person\\\/dbaf181c01b51ff40c9f461a905d321e\",\"name\":\"Andreia Cunha | Lusa\",\"image\":{\"@type\":\"ImageObject\",\"inLanguage\":\"pt-PT\",\"@id\":\"https:\\\/\\\/www.altominho.tv\\\/site\\\/wp-content\\\/uploads\\\/2017\\\/11\\\/Andreia_Cunha-1-150x150.jpg\",\"url\":\"https:\\\/\\\/www.altominho.tv\\\/site\\\/wp-content\\\/uploads\\\/2017\\\/11\\\/Andreia_Cunha-1-150x150.jpg\",\"contentUrl\":\"https:\\\/\\\/www.altominho.tv\\\/site\\\/wp-content\\\/uploads\\\/2017\\\/11\\\/Andreia_Cunha-1-150x150.jpg\",\"caption\":\"Andreia Cunha | Lusa\"},\"sameAs\":[\"https:\\\/\\\/www.altominho.tv\\\/site\"],\"url\":\"https:\\\/\\\/www.altominho.tv\\\/site\\\/author\\\/andreiacunhalusa\\\/\"}]}<\/script>\n<!-- \/ Yoast SEO Premium plugin. -->","yoast_head_json":{"title":"Linha de muito alta tens\u00e3o entre Ponte de Lima e Famalic\u00e3o j\u00e1 est\u00e1 em constru\u00e7\u00e3o e suspens\u00e3o dos trabalhos \u201cn\u00e3o ser\u00e1 op\u00e7\u00e3o do Governo\u201d","robots":{"index":"index","follow":"follow","max-snippet":"max-snippet:-1","max-image-preview":"max-image-preview:large","max-video-preview":"max-video-preview:-1"},"canonical":"https:\/\/www.altominho.tv\/site\/2020\/05\/19\/linha-de-muito-alta-tensao-entre-ponte-de-lima-e-famalicao-ja-esta-em-construcao-e-suspensao-dos-trabalhos-nao-sera-opcao-do-governo\/","og_locale":"pt_PT","og_type":"article","og_title":"Linha de muito alta tens\u00e3o entre Ponte de Lima e Famalic\u00e3o j\u00e1 est\u00e1 em constru\u00e7\u00e3o e suspens\u00e3o dos trabalhos \u201cn\u00e3o ser\u00e1 op\u00e7\u00e3o do Governo\u201d","og_description":"A linha de muito alta tens\u00e3o entre Ponte de Lima e Famalic\u00e3o j\u00e1 est\u00e1 em constru\u00e7\u00e3o e a suspens\u00e3o dos trabalhos \u201cn\u00e3o ser\u00e1 op\u00e7\u00e3o do Governo\u201d, anunciou o Minist\u00e9rio do Ambiente e da A\u00e7\u00e3o Clim\u00e1tica. Em resposta a uma pergunta apresentada por tr\u00eas deputados do Bloco de Esquerda (BE), a que a Lusa teve hoje [&hellip;]","og_url":"https:\/\/www.altominho.tv\/site\/2020\/05\/19\/linha-de-muito-alta-tensao-entre-ponte-de-lima-e-famalicao-ja-esta-em-construcao-e-suspensao-dos-trabalhos-nao-sera-opcao-do-governo\/","og_site_name":"Altominho.tv","article_publisher":"https:\/\/www.facebook.com\/altominhotv","article_published_time":"2020-05-19T17:13:08+00:00","article_modified_time":"2020-05-19T17:13:17+00:00","og_image":[{"width":512,"height":288,"url":"https:\/\/www.altominho.tv\/site\/wp-content\/uploads\/2020\/05\/alta-tensao.jpg","type":"image\/jpeg"}],"author":"Andreia Cunha | Lusa","twitter_card":"summary_large_image","twitter_creator":"@altominhoTV","twitter_site":"@altominhoTV","twitter_misc":{"Escrito por":"Andreia Cunha | Lusa","Tempo estimado de leitura":"3 minutos"},"schema":{"@context":"https:\/\/schema.org","@graph":[{"@type":"Article","@id":"https:\/\/www.altominho.tv\/site\/2020\/05\/19\/linha-de-muito-alta-tensao-entre-ponte-de-lima-e-famalicao-ja-esta-em-construcao-e-suspensao-dos-trabalhos-nao-sera-opcao-do-governo\/#article","isPartOf":{"@id":"https:\/\/www.altominho.tv\/site\/2020\/05\/19\/linha-de-muito-alta-tensao-entre-ponte-de-lima-e-famalicao-ja-esta-em-construcao-e-suspensao-dos-trabalhos-nao-sera-opcao-do-governo\/"},"author":{"name":"Andreia Cunha | Lusa","@id":"https:\/\/www.altominho.tv\/site\/#\/schema\/person\/dbaf181c01b51ff40c9f461a905d321e"},"headline":"Linha de muito alta tens\u00e3o entre Ponte de Lima e Famalic\u00e3o j\u00e1 est\u00e1 em constru\u00e7\u00e3o e suspens\u00e3o dos trabalhos \u201cn\u00e3o ser\u00e1 op\u00e7\u00e3o do Governo\u201d","datePublished":"2020-05-19T17:13:08+00:00","dateModified":"2020-05-19T17:13:17+00:00","mainEntityOfPage":{"@id":"https:\/\/www.altominho.tv\/site\/2020\/05\/19\/linha-de-muito-alta-tensao-entre-ponte-de-lima-e-famalicao-ja-esta-em-construcao-e-suspensao-dos-trabalhos-nao-sera-opcao-do-governo\/"},"wordCount":663,"image":{"@id":"https:\/\/www.altominho.tv\/site\/2020\/05\/19\/linha-de-muito-alta-tensao-entre-ponte-de-lima-e-famalicao-ja-esta-em-construcao-e-suspensao-dos-trabalhos-nao-sera-opcao-do-governo\/#primaryimage"},"thumbnailUrl":"https:\/\/www.altominho.tv\/site\/wp-content\/uploads\/2020\/05\/alta-tensao.jpg","keywords":["Sociedade"],"articleSection":["Alto Minho"],"inLanguage":"pt-PT","copyrightYear":"2020","copyrightHolder":{"@id":"https:\/\/www.altominho.tv\/site\/#organization"}},{"@type":"WebPage","@id":"https:\/\/www.altominho.tv\/site\/2020\/05\/19\/linha-de-muito-alta-tensao-entre-ponte-de-lima-e-famalicao-ja-esta-em-construcao-e-suspensao-dos-trabalhos-nao-sera-opcao-do-governo\/","url":"https:\/\/www.altominho.tv\/site\/2020\/05\/19\/linha-de-muito-alta-tensao-entre-ponte-de-lima-e-famalicao-ja-esta-em-construcao-e-suspensao-dos-trabalhos-nao-sera-opcao-do-governo\/","name":"Linha de muito alta tens\u00e3o entre Ponte de Lima e Famalic\u00e3o j\u00e1 est\u00e1 em constru\u00e7\u00e3o e suspens\u00e3o dos trabalhos \u201cn\u00e3o ser\u00e1 op\u00e7\u00e3o do Governo\u201d","isPartOf":{"@id":"https:\/\/www.altominho.tv\/site\/#website"},"primaryImageOfPage":{"@id":"https:\/\/www.altominho.tv\/site\/2020\/05\/19\/linha-de-muito-alta-tensao-entre-ponte-de-lima-e-famalicao-ja-esta-em-construcao-e-suspensao-dos-trabalhos-nao-sera-opcao-do-governo\/#primaryimage"},"image":{"@id":"https:\/\/www.altominho.tv\/site\/2020\/05\/19\/linha-de-muito-alta-tensao-entre-ponte-de-lima-e-famalicao-ja-esta-em-construcao-e-suspensao-dos-trabalhos-nao-sera-opcao-do-governo\/#primaryimage"},"thumbnailUrl":"https:\/\/www.altominho.tv\/site\/wp-content\/uploads\/2020\/05\/alta-tensao.jpg","datePublished":"2020-05-19T17:13:08+00:00","dateModified":"2020-05-19T17:13:17+00:00","author":{"@id":"https:\/\/www.altominho.tv\/site\/#\/schema\/person\/dbaf181c01b51ff40c9f461a905d321e"},"breadcrumb":{"@id":"https:\/\/www.altominho.tv\/site\/2020\/05\/19\/linha-de-muito-alta-tensao-entre-ponte-de-lima-e-famalicao-ja-esta-em-construcao-e-suspensao-dos-trabalhos-nao-sera-opcao-do-governo\/#breadcrumb"},"inLanguage":"pt-PT","potentialAction":[{"@type":"ReadAction","target":["https:\/\/www.altominho.tv\/site\/2020\/05\/19\/linha-de-muito-alta-tensao-entre-ponte-de-lima-e-famalicao-ja-esta-em-construcao-e-suspensao-dos-trabalhos-nao-sera-opcao-do-governo\/"]}]},{"@type":"ImageObject","inLanguage":"pt-PT","@id":"https:\/\/www.altominho.tv\/site\/2020\/05\/19\/linha-de-muito-alta-tensao-entre-ponte-de-lima-e-famalicao-ja-esta-em-construcao-e-suspensao-dos-trabalhos-nao-sera-opcao-do-governo\/#primaryimage","url":"https:\/\/www.altominho.tv\/site\/wp-content\/uploads\/2020\/05\/alta-tensao.jpg","contentUrl":"https:\/\/www.altominho.tv\/site\/wp-content\/uploads\/2020\/05\/alta-tensao.jpg","width":512,"height":288},{"@type":"BreadcrumbList","@id":"https:\/\/www.altominho.tv\/site\/2020\/05\/19\/linha-de-muito-alta-tensao-entre-ponte-de-lima-e-famalicao-ja-esta-em-construcao-e-suspensao-dos-trabalhos-nao-sera-opcao-do-governo\/#breadcrumb","itemListElement":[{"@type":"ListItem","position":1,"name":"In\u00edcio","item":"https:\/\/www.altominho.tv\/site\/"},{"@type":"ListItem","position":2,"name":"Linha de muito alta tens\u00e3o entre Ponte de Lima e Famalic\u00e3o j\u00e1 est\u00e1 em constru\u00e7\u00e3o e suspens\u00e3o dos trabalhos \u201cn\u00e3o ser\u00e1 op\u00e7\u00e3o do Governo\u201d"}]},{"@type":"WebSite","@id":"https:\/\/www.altominho.tv\/site\/#website","url":"https:\/\/www.altominho.tv\/site\/","name":"Altominho.tv","description":"A sua regi\u00e3o \u00e0 dist\u00e2ncia de um clique...","potentialAction":[{"@type":"SearchAction","target":{"@type":"EntryPoint","urlTemplate":"https:\/\/www.altominho.tv\/site\/?s={search_term_string}"},"query-input":{"@type":"PropertyValueSpecification","valueRequired":true,"valueName":"search_term_string"}}],"inLanguage":"pt-PT"},{"@type":"Person","@id":"https:\/\/www.altominho.tv\/site\/#\/schema\/person\/dbaf181c01b51ff40c9f461a905d321e","name":"Andreia Cunha | Lusa","image":{"@type":"ImageObject","inLanguage":"pt-PT","@id":"https:\/\/www.altominho.tv\/site\/wp-content\/uploads\/2017\/11\/Andreia_Cunha-1-150x150.jpg","url":"https:\/\/www.altominho.tv\/site\/wp-content\/uploads\/2017\/11\/Andreia_Cunha-1-150x150.jpg","contentUrl":"https:\/\/www.altominho.tv\/site\/wp-content\/uploads\/2017\/11\/Andreia_Cunha-1-150x150.jpg","caption":"Andreia Cunha | Lusa"},"sameAs":["https:\/\/www.altominho.tv\/site"],"url":"https:\/\/www.altominho.tv\/site\/author\/andreiacunhalusa\/"}]}},"_links":{"self":[{"href":"https:\/\/www.altominho.tv\/site\/wp-json\/wp\/v2\/posts\/46633","targetHints":{"allow":["GET"]}}],"collection":[{"href":"https:\/\/www.altominho.tv\/site\/wp-json\/wp\/v2\/posts"}],"about":[{"href":"https:\/\/www.altominho.tv\/site\/wp-json\/wp\/v2\/types\/post"}],"author":[{"embeddable":true,"href":"https:\/\/www.altominho.tv\/site\/wp-json\/wp\/v2\/users\/16"}],"replies":[{"embeddable":true,"href":"https:\/\/www.altominho.tv\/site\/wp-json\/wp\/v2\/comments?post=46633"}],"version-history":[{"count":0,"href":"https:\/\/www.altominho.tv\/site\/wp-json\/wp\/v2\/posts\/46633\/revisions"}],"wp:featuredmedia":[{"embeddable":true,"href":"https:\/\/www.altominho.tv\/site\/wp-json\/wp\/v2\/media\/46634"}],"wp:attachment":[{"href":"https:\/\/www.altominho.tv\/site\/wp-json\/wp\/v2\/media?parent=46633"}],"wp:term":[{"taxonomy":"category","embeddable":true,"href":"https:\/\/www.altominho.tv\/site\/wp-json\/wp\/v2\/categories?post=46633"},{"taxonomy":"post_tag","embeddable":true,"href":"https:\/\/www.altominho.tv\/site\/wp-json\/wp\/v2\/tags?post=46633"}],"curies":[{"name":"wp","href":"https:\/\/api.w.org\/{rel}","templated":true}]}}