{"id":46578,"date":"2020-05-19T11:10:58","date_gmt":"2020-05-19T10:10:58","guid":{"rendered":"http:\/\/www.altominho.tv\/site\/?p=46578"},"modified":"2020-05-19T11:11:02","modified_gmt":"2020-05-19T10:11:02","slug":"feira-de-moncao-retomada-na-quinta-feira","status":"publish","type":"post","link":"https:\/\/www.altominho.tv\/site\/2020\/05\/19\/feira-de-moncao-retomada-na-quinta-feira\/","title":{"rendered":"Feira de Mon\u00e7\u00e3o retomada na quinta-feira"},"content":{"rendered":"<p><strong>A feira semanal de Mon\u00e7\u00e3o regressa na quinta-feira, ap\u00f3s quase dois meses e meio de interrup\u00e7\u00e3o, devido \u00e0 pandemia de Covid-19.<\/strong><\/p>\n<p>Em comunicado, o munic\u00edpio adianta que v\u00e3o ser divulgadas normas de seguran\u00e7as que dever\u00e3o ser cumpridas por feirantes e clientes.<\/p>\n<p>&#8220;Este regresso, ansiado pela generalidade dos feirantes, enquadra-se na segunda fase do plano de desconfinamento, sendo efetuado no \u00e2mbito de um plano de conting\u00eancia, em fase de ultima\u00e7\u00e3o, envolvendo diversas medidas de preven\u00e7\u00e3o e conten\u00e7\u00e3o que ser\u00e3o divulgadas durante o dia de amanh\u00e3&#8221;, refere a autarquia.<\/p>\n","protected":false},"excerpt":{"rendered":"<p>A feira semanal de Mon\u00e7\u00e3o regressa na quinta-feira, ap\u00f3s quase dois meses e meio de interrup\u00e7\u00e3o, devido \u00e0 pandemia de Covid-19. Em comunicado, o munic\u00edpio adianta que v\u00e3o ser divulgadas normas de seguran\u00e7as que dever\u00e3o ser cumpridas por feirantes e clientes. &#8220;Este regresso, ansiado pela generalidade dos feirantes, enquadra-se na segunda fase do plano de [&hellip;]<\/p>\n","protected":false},"author":12,"featured_media":46580,"comment_status":"closed","ping_status":"closed","sticky":false,"template":"","format":"standard","meta":{"_exactmetrics_skip_tracking":false,"_exactmetrics_sitenote_active":false,"_exactmetrics_sitenote_note":"","_exactmetrics_sitenote_category":0,"footnotes":""},"categories":[9],"tags":[24],"class_list":["post-46578","post","type-post","status-publish","format-standard","has-post-thumbnail","hentry","category-moncao","tag-lazer"],"yoast_head":"<!-- This site is optimized with the Yoast SEO Premium plugin v27.4 (Yoast SEO v27.4) - https:\/\/yoast.com\/product\/yoast-seo-premium-wordpress\/ -->\n<title>Feira de Mon\u00e7\u00e3o retomada na quinta-feira<\/title>\n<meta name=\"robots\" content=\"index, follow, max-snippet:-1, max-image-preview:large, max-video-preview:-1\" \/>\n<link rel=\"canonical\" href=\"https:\/\/www.altominho.tv\/site\/2020\/05\/19\/feira-de-moncao-retomada-na-quinta-feira\/\" \/>\n<meta property=\"og:locale\" content=\"pt_PT\" \/>\n<meta property=\"og:type\" content=\"article\" \/>\n<meta property=\"og:title\" content=\"Feira de Mon\u00e7\u00e3o retomada na quinta-feira\" \/>\n<meta property=\"og:description\" content=\"A feira semanal de Mon\u00e7\u00e3o regressa na quinta-feira, ap\u00f3s quase dois meses e meio de interrup\u00e7\u00e3o, devido \u00e0 pandemia de Covid-19. Em comunicado, o munic\u00edpio adianta que v\u00e3o ser divulgadas normas de seguran\u00e7as que dever\u00e3o ser cumpridas por feirantes e clientes. &#8220;Este regresso, ansiado pela generalidade dos feirantes, enquadra-se na segunda fase do plano de [&hellip;]\" \/>\n<meta property=\"og:url\" content=\"https:\/\/www.altominho.tv\/site\/2020\/05\/19\/feira-de-moncao-retomada-na-quinta-feira\/\" \/>\n<meta property=\"og:site_name\" content=\"Altominho.tv\" \/>\n<meta property=\"article:publisher\" content=\"https:\/\/www.facebook.com\/altominhotv\" \/>\n<meta property=\"article:published_time\" content=\"2020-05-19T10:10:58+00:00\" \/>\n<meta property=\"article:modified_time\" content=\"2020-05-19T10:11:02+00:00\" \/>\n<meta property=\"og:image\" content=\"https:\/\/www.altominho.tv\/site\/wp-content\/uploads\/2020\/05\/Feira-.jpg\" \/>\n\t<meta property=\"og:image:width\" content=\"1440\" \/>\n\t<meta property=\"og:image:height\" content=\"899\" \/>\n\t<meta property=\"og:image:type\" content=\"image\/jpeg\" \/>\n<meta name=\"author\" content=\"Andreia Ferreira\" \/>\n<meta name=\"twitter:card\" content=\"summary_large_image\" \/>\n<meta name=\"twitter:creator\" content=\"@altominhoTV\" \/>\n<meta name=\"twitter:site\" content=\"@altominhoTV\" \/>\n<meta name=\"twitter:label1\" content=\"Escrito por\" \/>\n\t<meta name=\"twitter:data1\" content=\"Andreia Ferreira\" \/>\n<script type=\"application\/ld+json\" class=\"yoast-schema-graph\">{\"@context\":\"https:\\\/\\\/schema.org\",\"@graph\":[{\"@type\":\"Article\",\"@id\":\"https:\\\/\\\/www.altominho.tv\\\/site\\\/2020\\\/05\\\/19\\\/feira-de-moncao-retomada-na-quinta-feira\\\/#article\",\"isPartOf\":{\"@id\":\"https:\\\/\\\/www.altominho.tv\\\/site\\\/2020\\\/05\\\/19\\\/feira-de-moncao-retomada-na-quinta-feira\\\/\"},\"author\":{\"name\":\"Andreia Ferreira\",\"@id\":\"https:\\\/\\\/www.altominho.tv\\\/site\\\/#\\\/schema\\\/person\\\/d9be4265364723f14ea8e0d56a1d38cd\"},\"headline\":\"Feira de Mon\u00e7\u00e3o retomada na quinta-feira\",\"datePublished\":\"2020-05-19T10:10:58+00:00\",\"dateModified\":\"2020-05-19T10:11:02+00:00\",\"mainEntityOfPage\":{\"@id\":\"https:\\\/\\\/www.altominho.tv\\\/site\\\/2020\\\/05\\\/19\\\/feira-de-moncao-retomada-na-quinta-feira\\\/\"},\"wordCount\":105,\"image\":{\"@id\":\"https:\\\/\\\/www.altominho.tv\\\/site\\\/2020\\\/05\\\/19\\\/feira-de-moncao-retomada-na-quinta-feira\\\/#primaryimage\"},\"thumbnailUrl\":\"https:\\\/\\\/www.altominho.tv\\\/site\\\/wp-content\\\/uploads\\\/2020\\\/05\\\/Feira-.jpg\",\"keywords\":[\"Lazer\"],\"articleSection\":[\"Mon\u00e7\u00e3o\"],\"inLanguage\":\"pt-PT\",\"copyrightYear\":\"2020\",\"copyrightHolder\":{\"@id\":\"https:\\\/\\\/www.altominho.tv\\\/site\\\/#organization\"}},{\"@type\":\"WebPage\",\"@id\":\"https:\\\/\\\/www.altominho.tv\\\/site\\\/2020\\\/05\\\/19\\\/feira-de-moncao-retomada-na-quinta-feira\\\/\",\"url\":\"https:\\\/\\\/www.altominho.tv\\\/site\\\/2020\\\/05\\\/19\\\/feira-de-moncao-retomada-na-quinta-feira\\\/\",\"name\":\"Feira de Mon\u00e7\u00e3o retomada na quinta-feira\",\"isPartOf\":{\"@id\":\"https:\\\/\\\/www.altominho.tv\\\/site\\\/#website\"},\"primaryImageOfPage\":{\"@id\":\"https:\\\/\\\/www.altominho.tv\\\/site\\\/2020\\\/05\\\/19\\\/feira-de-moncao-retomada-na-quinta-feira\\\/#primaryimage\"},\"image\":{\"@id\":\"https:\\\/\\\/www.altominho.tv\\\/site\\\/2020\\\/05\\\/19\\\/feira-de-moncao-retomada-na-quinta-feira\\\/#primaryimage\"},\"thumbnailUrl\":\"https:\\\/\\\/www.altominho.tv\\\/site\\\/wp-content\\\/uploads\\\/2020\\\/05\\\/Feira-.jpg\",\"datePublished\":\"2020-05-19T10:10:58+00:00\",\"dateModified\":\"2020-05-19T10:11:02+00:00\",\"author\":{\"@id\":\"https:\\\/\\\/www.altominho.tv\\\/site\\\/#\\\/schema\\\/person\\\/d9be4265364723f14ea8e0d56a1d38cd\"},\"breadcrumb\":{\"@id\":\"https:\\\/\\\/www.altominho.tv\\\/site\\\/2020\\\/05\\\/19\\\/feira-de-moncao-retomada-na-quinta-feira\\\/#breadcrumb\"},\"inLanguage\":\"pt-PT\",\"potentialAction\":[{\"@type\":\"ReadAction\",\"target\":[\"https:\\\/\\\/www.altominho.tv\\\/site\\\/2020\\\/05\\\/19\\\/feira-de-moncao-retomada-na-quinta-feira\\\/\"]}]},{\"@type\":\"ImageObject\",\"inLanguage\":\"pt-PT\",\"@id\":\"https:\\\/\\\/www.altominho.tv\\\/site\\\/2020\\\/05\\\/19\\\/feira-de-moncao-retomada-na-quinta-feira\\\/#primaryimage\",\"url\":\"https:\\\/\\\/www.altominho.tv\\\/site\\\/wp-content\\\/uploads\\\/2020\\\/05\\\/Feira-.jpg\",\"contentUrl\":\"https:\\\/\\\/www.altominho.tv\\\/site\\\/wp-content\\\/uploads\\\/2020\\\/05\\\/Feira-.jpg\",\"width\":1440,\"height\":899,\"caption\":\"ALL ABOUT PORTUGAL\"},{\"@type\":\"BreadcrumbList\",\"@id\":\"https:\\\/\\\/www.altominho.tv\\\/site\\\/2020\\\/05\\\/19\\\/feira-de-moncao-retomada-na-quinta-feira\\\/#breadcrumb\",\"itemListElement\":[{\"@type\":\"ListItem\",\"position\":1,\"name\":\"In\u00edcio\",\"item\":\"https:\\\/\\\/www.altominho.tv\\\/site\\\/\"},{\"@type\":\"ListItem\",\"position\":2,\"name\":\"Feira de Mon\u00e7\u00e3o retomada na quinta-feira\"}]},{\"@type\":\"WebSite\",\"@id\":\"https:\\\/\\\/www.altominho.tv\\\/site\\\/#website\",\"url\":\"https:\\\/\\\/www.altominho.tv\\\/site\\\/\",\"name\":\"Altominho.tv\",\"description\":\"A sua regi\u00e3o \u00e0 dist\u00e2ncia de um clique...\",\"potentialAction\":[{\"@type\":\"SearchAction\",\"target\":{\"@type\":\"EntryPoint\",\"urlTemplate\":\"https:\\\/\\\/www.altominho.tv\\\/site\\\/?s={search_term_string}\"},\"query-input\":{\"@type\":\"PropertyValueSpecification\",\"valueRequired\":true,\"valueName\":\"search_term_string\"}}],\"inLanguage\":\"pt-PT\"},{\"@type\":\"Person\",\"@id\":\"https:\\\/\\\/www.altominho.tv\\\/site\\\/#\\\/schema\\\/person\\\/d9be4265364723f14ea8e0d56a1d38cd\",\"name\":\"Andreia Ferreira\",\"image\":{\"@type\":\"ImageObject\",\"inLanguage\":\"pt-PT\",\"@id\":\"https:\\\/\\\/www.altominho.tv\\\/site\\\/wp-content\\\/uploads\\\/2021\\\/01\\\/AndreiaFerreira-150x150.jpg\",\"url\":\"https:\\\/\\\/www.altominho.tv\\\/site\\\/wp-content\\\/uploads\\\/2021\\\/01\\\/AndreiaFerreira-150x150.jpg\",\"contentUrl\":\"https:\\\/\\\/www.altominho.tv\\\/site\\\/wp-content\\\/uploads\\\/2021\\\/01\\\/AndreiaFerreira-150x150.jpg\",\"caption\":\"Andreia Ferreira\"},\"url\":\"https:\\\/\\\/www.altominho.tv\\\/site\\\/author\\\/andreiaferreira\\\/\"}]}<\/script>\n<!-- \/ Yoast SEO Premium plugin. -->","yoast_head_json":{"title":"Feira de Mon\u00e7\u00e3o retomada na quinta-feira","robots":{"index":"index","follow":"follow","max-snippet":"max-snippet:-1","max-image-preview":"max-image-preview:large","max-video-preview":"max-video-preview:-1"},"canonical":"https:\/\/www.altominho.tv\/site\/2020\/05\/19\/feira-de-moncao-retomada-na-quinta-feira\/","og_locale":"pt_PT","og_type":"article","og_title":"Feira de Mon\u00e7\u00e3o retomada na quinta-feira","og_description":"A feira semanal de Mon\u00e7\u00e3o regressa na quinta-feira, ap\u00f3s quase dois meses e meio de interrup\u00e7\u00e3o, devido \u00e0 pandemia de Covid-19. Em comunicado, o munic\u00edpio adianta que v\u00e3o ser divulgadas normas de seguran\u00e7as que dever\u00e3o ser cumpridas por feirantes e clientes. &#8220;Este regresso, ansiado pela generalidade dos feirantes, enquadra-se na segunda fase do plano de [&hellip;]","og_url":"https:\/\/www.altominho.tv\/site\/2020\/05\/19\/feira-de-moncao-retomada-na-quinta-feira\/","og_site_name":"Altominho.tv","article_publisher":"https:\/\/www.facebook.com\/altominhotv","article_published_time":"2020-05-19T10:10:58+00:00","article_modified_time":"2020-05-19T10:11:02+00:00","og_image":[{"width":1440,"height":899,"url":"https:\/\/www.altominho.tv\/site\/wp-content\/uploads\/2020\/05\/Feira-.jpg","type":"image\/jpeg"}],"author":"Andreia Ferreira","twitter_card":"summary_large_image","twitter_creator":"@altominhoTV","twitter_site":"@altominhoTV","twitter_misc":{"Escrito por":"Andreia Ferreira"},"schema":{"@context":"https:\/\/schema.org","@graph":[{"@type":"Article","@id":"https:\/\/www.altominho.tv\/site\/2020\/05\/19\/feira-de-moncao-retomada-na-quinta-feira\/#article","isPartOf":{"@id":"https:\/\/www.altominho.tv\/site\/2020\/05\/19\/feira-de-moncao-retomada-na-quinta-feira\/"},"author":{"name":"Andreia Ferreira","@id":"https:\/\/www.altominho.tv\/site\/#\/schema\/person\/d9be4265364723f14ea8e0d56a1d38cd"},"headline":"Feira de Mon\u00e7\u00e3o retomada na quinta-feira","datePublished":"2020-05-19T10:10:58+00:00","dateModified":"2020-05-19T10:11:02+00:00","mainEntityOfPage":{"@id":"https:\/\/www.altominho.tv\/site\/2020\/05\/19\/feira-de-moncao-retomada-na-quinta-feira\/"},"wordCount":105,"image":{"@id":"https:\/\/www.altominho.tv\/site\/2020\/05\/19\/feira-de-moncao-retomada-na-quinta-feira\/#primaryimage"},"thumbnailUrl":"https:\/\/www.altominho.tv\/site\/wp-content\/uploads\/2020\/05\/Feira-.jpg","keywords":["Lazer"],"articleSection":["Mon\u00e7\u00e3o"],"inLanguage":"pt-PT","copyrightYear":"2020","copyrightHolder":{"@id":"https:\/\/www.altominho.tv\/site\/#organization"}},{"@type":"WebPage","@id":"https:\/\/www.altominho.tv\/site\/2020\/05\/19\/feira-de-moncao-retomada-na-quinta-feira\/","url":"https:\/\/www.altominho.tv\/site\/2020\/05\/19\/feira-de-moncao-retomada-na-quinta-feira\/","name":"Feira de Mon\u00e7\u00e3o retomada na quinta-feira","isPartOf":{"@id":"https:\/\/www.altominho.tv\/site\/#website"},"primaryImageOfPage":{"@id":"https:\/\/www.altominho.tv\/site\/2020\/05\/19\/feira-de-moncao-retomada-na-quinta-feira\/#primaryimage"},"image":{"@id":"https:\/\/www.altominho.tv\/site\/2020\/05\/19\/feira-de-moncao-retomada-na-quinta-feira\/#primaryimage"},"thumbnailUrl":"https:\/\/www.altominho.tv\/site\/wp-content\/uploads\/2020\/05\/Feira-.jpg","datePublished":"2020-05-19T10:10:58+00:00","dateModified":"2020-05-19T10:11:02+00:00","author":{"@id":"https:\/\/www.altominho.tv\/site\/#\/schema\/person\/d9be4265364723f14ea8e0d56a1d38cd"},"breadcrumb":{"@id":"https:\/\/www.altominho.tv\/site\/2020\/05\/19\/feira-de-moncao-retomada-na-quinta-feira\/#breadcrumb"},"inLanguage":"pt-PT","potentialAction":[{"@type":"ReadAction","target":["https:\/\/www.altominho.tv\/site\/2020\/05\/19\/feira-de-moncao-retomada-na-quinta-feira\/"]}]},{"@type":"ImageObject","inLanguage":"pt-PT","@id":"https:\/\/www.altominho.tv\/site\/2020\/05\/19\/feira-de-moncao-retomada-na-quinta-feira\/#primaryimage","url":"https:\/\/www.altominho.tv\/site\/wp-content\/uploads\/2020\/05\/Feira-.jpg","contentUrl":"https:\/\/www.altominho.tv\/site\/wp-content\/uploads\/2020\/05\/Feira-.jpg","width":1440,"height":899,"caption":"ALL ABOUT PORTUGAL"},{"@type":"BreadcrumbList","@id":"https:\/\/www.altominho.tv\/site\/2020\/05\/19\/feira-de-moncao-retomada-na-quinta-feira\/#breadcrumb","itemListElement":[{"@type":"ListItem","position":1,"name":"In\u00edcio","item":"https:\/\/www.altominho.tv\/site\/"},{"@type":"ListItem","position":2,"name":"Feira de Mon\u00e7\u00e3o retomada na quinta-feira"}]},{"@type":"WebSite","@id":"https:\/\/www.altominho.tv\/site\/#website","url":"https:\/\/www.altominho.tv\/site\/","name":"Altominho.tv","description":"A sua regi\u00e3o \u00e0 dist\u00e2ncia de um clique...","potentialAction":[{"@type":"SearchAction","target":{"@type":"EntryPoint","urlTemplate":"https:\/\/www.altominho.tv\/site\/?s={search_term_string}"},"query-input":{"@type":"PropertyValueSpecification","valueRequired":true,"valueName":"search_term_string"}}],"inLanguage":"pt-PT"},{"@type":"Person","@id":"https:\/\/www.altominho.tv\/site\/#\/schema\/person\/d9be4265364723f14ea8e0d56a1d38cd","name":"Andreia Ferreira","image":{"@type":"ImageObject","inLanguage":"pt-PT","@id":"https:\/\/www.altominho.tv\/site\/wp-content\/uploads\/2021\/01\/AndreiaFerreira-150x150.jpg","url":"https:\/\/www.altominho.tv\/site\/wp-content\/uploads\/2021\/01\/AndreiaFerreira-150x150.jpg","contentUrl":"https:\/\/www.altominho.tv\/site\/wp-content\/uploads\/2021\/01\/AndreiaFerreira-150x150.jpg","caption":"Andreia Ferreira"},"url":"https:\/\/www.altominho.tv\/site\/author\/andreiaferreira\/"}]}},"_links":{"self":[{"href":"https:\/\/www.altominho.tv\/site\/wp-json\/wp\/v2\/posts\/46578","targetHints":{"allow":["GET"]}}],"collection":[{"href":"https:\/\/www.altominho.tv\/site\/wp-json\/wp\/v2\/posts"}],"about":[{"href":"https:\/\/www.altominho.tv\/site\/wp-json\/wp\/v2\/types\/post"}],"author":[{"embeddable":true,"href":"https:\/\/www.altominho.tv\/site\/wp-json\/wp\/v2\/users\/12"}],"replies":[{"embeddable":true,"href":"https:\/\/www.altominho.tv\/site\/wp-json\/wp\/v2\/comments?post=46578"}],"version-history":[{"count":0,"href":"https:\/\/www.altominho.tv\/site\/wp-json\/wp\/v2\/posts\/46578\/revisions"}],"wp:featuredmedia":[{"embeddable":true,"href":"https:\/\/www.altominho.tv\/site\/wp-json\/wp\/v2\/media\/46580"}],"wp:attachment":[{"href":"https:\/\/www.altominho.tv\/site\/wp-json\/wp\/v2\/media?parent=46578"}],"wp:term":[{"taxonomy":"category","embeddable":true,"href":"https:\/\/www.altominho.tv\/site\/wp-json\/wp\/v2\/categories?post=46578"},{"taxonomy":"post_tag","embeddable":true,"href":"https:\/\/www.altominho.tv\/site\/wp-json\/wp\/v2\/tags?post=46578"}],"curies":[{"name":"wp","href":"https:\/\/api.w.org\/{rel}","templated":true}]}}