{"id":46570,"date":"2020-05-19T10:18:04","date_gmt":"2020-05-19T09:18:04","guid":{"rendered":"http:\/\/www.altominho.tv\/site\/?p=46570"},"modified":"2020-05-19T10:25:44","modified_gmt":"2020-05-19T09:25:44","slug":"feira-de-valenca-regressa-a-27-de-maio","status":"publish","type":"post","link":"https:\/\/www.altominho.tv\/site\/2020\/05\/19\/feira-de-valenca-regressa-a-27-de-maio\/","title":{"rendered":"Feira de Valen\u00e7a regressa a 27 de maio"},"content":{"rendered":"<p>O munic\u00edpio de Valen\u00e7a anunciou que vai retomar na quarta-feira, dia 27 de maio, a realiza\u00e7\u00e3o da feira semanal, no recinto das feiras da cidade.<\/p>\n<p>Segundo a C\u00e2mara Municipal, est\u00e1 a ser elaborado um plano de conting\u00eancia e de normas para o seu funcionamento.<\/p>\n<p align=\"JUSTIFY\">Entre as v\u00e1rias medidas obrigat\u00f3rias, a cumprir pelos feirantes, est\u00e3o o uso obrigat\u00f3rio de m\u00e1scaras, viseiras, luvas e gel desinfetante e o distanciamento entre tendas.<\/p>\n<p align=\"JUSTIFY\">A retoma da feira semanal em Valen\u00e7a &#8220;insere-se no acordo entre as C\u00e2maras do Alto Minho para o regresso \u00e0 normalidade das feiras e mercados na regi\u00e3o&#8221;, explica a autarquia em comunicado.<\/p>\n<p align=\"JUSTIFY\">Esta medida segue-se \u00e0 <a href=\"http:\/\/www.altominho.tv\/site\/2020\/05\/06\/mercado-municipal-de-valenca-reabre-para-venda-de-produtos-locais\/\">reabertura do Mercado Municipal<\/a>.<\/p>\n","protected":false},"excerpt":{"rendered":"<p>O munic\u00edpio de Valen\u00e7a anunciou que vai retomar na quarta-feira, dia 27 de maio, a realiza\u00e7\u00e3o da feira semanal, no recinto das feiras da cidade. Segundo a C\u00e2mara Municipal, est\u00e1 a ser elaborado um plano de conting\u00eancia e de normas para o seu funcionamento. Entre as v\u00e1rias medidas obrigat\u00f3rias, a cumprir pelos feirantes, est\u00e3o o [&hellip;]<\/p>\n","protected":false},"author":12,"featured_media":46571,"comment_status":"closed","ping_status":"closed","sticky":false,"template":"","format":"standard","meta":{"_exactmetrics_skip_tracking":false,"_exactmetrics_sitenote_active":false,"_exactmetrics_sitenote_note":"","_exactmetrics_sitenote_category":0,"footnotes":""},"categories":[13],"tags":[24],"class_list":["post-46570","post","type-post","status-publish","format-standard","has-post-thumbnail","hentry","category-valenca","tag-lazer"],"yoast_head":"<!-- This site is optimized with the Yoast SEO Premium plugin v27.4 (Yoast SEO v27.4) - https:\/\/yoast.com\/product\/yoast-seo-premium-wordpress\/ -->\n<title>Feira de Valen\u00e7a regressa a 27 de maio<\/title>\n<meta name=\"robots\" content=\"index, follow, max-snippet:-1, max-image-preview:large, max-video-preview:-1\" \/>\n<link rel=\"canonical\" href=\"https:\/\/www.altominho.tv\/site\/2020\/05\/19\/feira-de-valenca-regressa-a-27-de-maio\/\" \/>\n<meta property=\"og:locale\" content=\"pt_PT\" \/>\n<meta property=\"og:type\" content=\"article\" \/>\n<meta property=\"og:title\" content=\"Feira de Valen\u00e7a regressa a 27 de maio\" \/>\n<meta property=\"og:description\" content=\"O munic\u00edpio de Valen\u00e7a anunciou que vai retomar na quarta-feira, dia 27 de maio, a realiza\u00e7\u00e3o da feira semanal, no recinto das feiras da cidade. Segundo a C\u00e2mara Municipal, est\u00e1 a ser elaborado um plano de conting\u00eancia e de normas para o seu funcionamento. Entre as v\u00e1rias medidas obrigat\u00f3rias, a cumprir pelos feirantes, est\u00e3o o [&hellip;]\" \/>\n<meta property=\"og:url\" content=\"https:\/\/www.altominho.tv\/site\/2020\/05\/19\/feira-de-valenca-regressa-a-27-de-maio\/\" \/>\n<meta property=\"og:site_name\" content=\"Altominho.tv\" \/>\n<meta property=\"article:publisher\" content=\"https:\/\/www.facebook.com\/altominhotv\" \/>\n<meta property=\"article:published_time\" content=\"2020-05-19T09:18:04+00:00\" \/>\n<meta property=\"article:modified_time\" content=\"2020-05-19T09:25:44+00:00\" \/>\n<meta property=\"og:image\" content=\"https:\/\/www.altominho.tv\/site\/wp-content\/uploads\/2020\/05\/Feira-Valenc\u0327a.png\" \/>\n\t<meta property=\"og:image:width\" content=\"800\" \/>\n\t<meta property=\"og:image:height\" content=\"438\" \/>\n\t<meta property=\"og:image:type\" content=\"image\/png\" \/>\n<meta name=\"author\" content=\"Andreia Ferreira\" \/>\n<meta name=\"twitter:card\" content=\"summary_large_image\" \/>\n<meta name=\"twitter:creator\" content=\"@altominhoTV\" \/>\n<meta name=\"twitter:site\" content=\"@altominhoTV\" \/>\n<meta name=\"twitter:label1\" content=\"Escrito por\" \/>\n\t<meta name=\"twitter:data1\" content=\"Andreia Ferreira\" \/>\n\t<meta name=\"twitter:label2\" content=\"Tempo estimado de leitura\" \/>\n\t<meta name=\"twitter:data2\" content=\"1 minuto\" \/>\n<script type=\"application\/ld+json\" class=\"yoast-schema-graph\">{\"@context\":\"https:\\\/\\\/schema.org\",\"@graph\":[{\"@type\":\"Article\",\"@id\":\"https:\\\/\\\/www.altominho.tv\\\/site\\\/2020\\\/05\\\/19\\\/feira-de-valenca-regressa-a-27-de-maio\\\/#article\",\"isPartOf\":{\"@id\":\"https:\\\/\\\/www.altominho.tv\\\/site\\\/2020\\\/05\\\/19\\\/feira-de-valenca-regressa-a-27-de-maio\\\/\"},\"author\":{\"name\":\"Andreia Ferreira\",\"@id\":\"https:\\\/\\\/www.altominho.tv\\\/site\\\/#\\\/schema\\\/person\\\/d9be4265364723f14ea8e0d56a1d38cd\"},\"headline\":\"Feira de Valen\u00e7a regressa a 27 de maio\",\"datePublished\":\"2020-05-19T09:18:04+00:00\",\"dateModified\":\"2020-05-19T09:25:44+00:00\",\"mainEntityOfPage\":{\"@id\":\"https:\\\/\\\/www.altominho.tv\\\/site\\\/2020\\\/05\\\/19\\\/feira-de-valenca-regressa-a-27-de-maio\\\/\"},\"wordCount\":127,\"image\":{\"@id\":\"https:\\\/\\\/www.altominho.tv\\\/site\\\/2020\\\/05\\\/19\\\/feira-de-valenca-regressa-a-27-de-maio\\\/#primaryimage\"},\"thumbnailUrl\":\"https:\\\/\\\/www.altominho.tv\\\/site\\\/wp-content\\\/uploads\\\/2020\\\/05\\\/Feira-Valenc\u0327a.png\",\"keywords\":[\"Lazer\"],\"articleSection\":[\"Valen\u00e7a\"],\"inLanguage\":\"pt-PT\",\"copyrightYear\":\"2020\",\"copyrightHolder\":{\"@id\":\"https:\\\/\\\/www.altominho.tv\\\/site\\\/#organization\"}},{\"@type\":\"WebPage\",\"@id\":\"https:\\\/\\\/www.altominho.tv\\\/site\\\/2020\\\/05\\\/19\\\/feira-de-valenca-regressa-a-27-de-maio\\\/\",\"url\":\"https:\\\/\\\/www.altominho.tv\\\/site\\\/2020\\\/05\\\/19\\\/feira-de-valenca-regressa-a-27-de-maio\\\/\",\"name\":\"Feira de Valen\u00e7a regressa a 27 de maio\",\"isPartOf\":{\"@id\":\"https:\\\/\\\/www.altominho.tv\\\/site\\\/#website\"},\"primaryImageOfPage\":{\"@id\":\"https:\\\/\\\/www.altominho.tv\\\/site\\\/2020\\\/05\\\/19\\\/feira-de-valenca-regressa-a-27-de-maio\\\/#primaryimage\"},\"image\":{\"@id\":\"https:\\\/\\\/www.altominho.tv\\\/site\\\/2020\\\/05\\\/19\\\/feira-de-valenca-regressa-a-27-de-maio\\\/#primaryimage\"},\"thumbnailUrl\":\"https:\\\/\\\/www.altominho.tv\\\/site\\\/wp-content\\\/uploads\\\/2020\\\/05\\\/Feira-Valenc\u0327a.png\",\"datePublished\":\"2020-05-19T09:18:04+00:00\",\"dateModified\":\"2020-05-19T09:25:44+00:00\",\"author\":{\"@id\":\"https:\\\/\\\/www.altominho.tv\\\/site\\\/#\\\/schema\\\/person\\\/d9be4265364723f14ea8e0d56a1d38cd\"},\"breadcrumb\":{\"@id\":\"https:\\\/\\\/www.altominho.tv\\\/site\\\/2020\\\/05\\\/19\\\/feira-de-valenca-regressa-a-27-de-maio\\\/#breadcrumb\"},\"inLanguage\":\"pt-PT\",\"potentialAction\":[{\"@type\":\"ReadAction\",\"target\":[\"https:\\\/\\\/www.altominho.tv\\\/site\\\/2020\\\/05\\\/19\\\/feira-de-valenca-regressa-a-27-de-maio\\\/\"]}]},{\"@type\":\"ImageObject\",\"inLanguage\":\"pt-PT\",\"@id\":\"https:\\\/\\\/www.altominho.tv\\\/site\\\/2020\\\/05\\\/19\\\/feira-de-valenca-regressa-a-27-de-maio\\\/#primaryimage\",\"url\":\"https:\\\/\\\/www.altominho.tv\\\/site\\\/wp-content\\\/uploads\\\/2020\\\/05\\\/Feira-Valenc\u0327a.png\",\"contentUrl\":\"https:\\\/\\\/www.altominho.tv\\\/site\\\/wp-content\\\/uploads\\\/2020\\\/05\\\/Feira-Valenc\u0327a.png\",\"width\":800,\"height\":438},{\"@type\":\"BreadcrumbList\",\"@id\":\"https:\\\/\\\/www.altominho.tv\\\/site\\\/2020\\\/05\\\/19\\\/feira-de-valenca-regressa-a-27-de-maio\\\/#breadcrumb\",\"itemListElement\":[{\"@type\":\"ListItem\",\"position\":1,\"name\":\"In\u00edcio\",\"item\":\"https:\\\/\\\/www.altominho.tv\\\/site\\\/\"},{\"@type\":\"ListItem\",\"position\":2,\"name\":\"Feira de Valen\u00e7a regressa a 27 de maio\"}]},{\"@type\":\"WebSite\",\"@id\":\"https:\\\/\\\/www.altominho.tv\\\/site\\\/#website\",\"url\":\"https:\\\/\\\/www.altominho.tv\\\/site\\\/\",\"name\":\"Altominho.tv\",\"description\":\"A sua regi\u00e3o \u00e0 dist\u00e2ncia de um clique...\",\"potentialAction\":[{\"@type\":\"SearchAction\",\"target\":{\"@type\":\"EntryPoint\",\"urlTemplate\":\"https:\\\/\\\/www.altominho.tv\\\/site\\\/?s={search_term_string}\"},\"query-input\":{\"@type\":\"PropertyValueSpecification\",\"valueRequired\":true,\"valueName\":\"search_term_string\"}}],\"inLanguage\":\"pt-PT\"},{\"@type\":\"Person\",\"@id\":\"https:\\\/\\\/www.altominho.tv\\\/site\\\/#\\\/schema\\\/person\\\/d9be4265364723f14ea8e0d56a1d38cd\",\"name\":\"Andreia Ferreira\",\"image\":{\"@type\":\"ImageObject\",\"inLanguage\":\"pt-PT\",\"@id\":\"https:\\\/\\\/www.altominho.tv\\\/site\\\/wp-content\\\/uploads\\\/2021\\\/01\\\/AndreiaFerreira-150x150.jpg\",\"url\":\"https:\\\/\\\/www.altominho.tv\\\/site\\\/wp-content\\\/uploads\\\/2021\\\/01\\\/AndreiaFerreira-150x150.jpg\",\"contentUrl\":\"https:\\\/\\\/www.altominho.tv\\\/site\\\/wp-content\\\/uploads\\\/2021\\\/01\\\/AndreiaFerreira-150x150.jpg\",\"caption\":\"Andreia Ferreira\"},\"url\":\"https:\\\/\\\/www.altominho.tv\\\/site\\\/author\\\/andreiaferreira\\\/\"}]}<\/script>\n<!-- \/ Yoast SEO Premium plugin. -->","yoast_head_json":{"title":"Feira de Valen\u00e7a regressa a 27 de maio","robots":{"index":"index","follow":"follow","max-snippet":"max-snippet:-1","max-image-preview":"max-image-preview:large","max-video-preview":"max-video-preview:-1"},"canonical":"https:\/\/www.altominho.tv\/site\/2020\/05\/19\/feira-de-valenca-regressa-a-27-de-maio\/","og_locale":"pt_PT","og_type":"article","og_title":"Feira de Valen\u00e7a regressa a 27 de maio","og_description":"O munic\u00edpio de Valen\u00e7a anunciou que vai retomar na quarta-feira, dia 27 de maio, a realiza\u00e7\u00e3o da feira semanal, no recinto das feiras da cidade. Segundo a C\u00e2mara Municipal, est\u00e1 a ser elaborado um plano de conting\u00eancia e de normas para o seu funcionamento. Entre as v\u00e1rias medidas obrigat\u00f3rias, a cumprir pelos feirantes, est\u00e3o o [&hellip;]","og_url":"https:\/\/www.altominho.tv\/site\/2020\/05\/19\/feira-de-valenca-regressa-a-27-de-maio\/","og_site_name":"Altominho.tv","article_publisher":"https:\/\/www.facebook.com\/altominhotv","article_published_time":"2020-05-19T09:18:04+00:00","article_modified_time":"2020-05-19T09:25:44+00:00","og_image":[{"width":800,"height":438,"url":"https:\/\/www.altominho.tv\/site\/wp-content\/uploads\/2020\/05\/Feira-Valenc\u0327a.png","type":"image\/png"}],"author":"Andreia Ferreira","twitter_card":"summary_large_image","twitter_creator":"@altominhoTV","twitter_site":"@altominhoTV","twitter_misc":{"Escrito por":"Andreia Ferreira","Tempo estimado de leitura":"1 minuto"},"schema":{"@context":"https:\/\/schema.org","@graph":[{"@type":"Article","@id":"https:\/\/www.altominho.tv\/site\/2020\/05\/19\/feira-de-valenca-regressa-a-27-de-maio\/#article","isPartOf":{"@id":"https:\/\/www.altominho.tv\/site\/2020\/05\/19\/feira-de-valenca-regressa-a-27-de-maio\/"},"author":{"name":"Andreia Ferreira","@id":"https:\/\/www.altominho.tv\/site\/#\/schema\/person\/d9be4265364723f14ea8e0d56a1d38cd"},"headline":"Feira de Valen\u00e7a regressa a 27 de maio","datePublished":"2020-05-19T09:18:04+00:00","dateModified":"2020-05-19T09:25:44+00:00","mainEntityOfPage":{"@id":"https:\/\/www.altominho.tv\/site\/2020\/05\/19\/feira-de-valenca-regressa-a-27-de-maio\/"},"wordCount":127,"image":{"@id":"https:\/\/www.altominho.tv\/site\/2020\/05\/19\/feira-de-valenca-regressa-a-27-de-maio\/#primaryimage"},"thumbnailUrl":"https:\/\/www.altominho.tv\/site\/wp-content\/uploads\/2020\/05\/Feira-Valenc\u0327a.png","keywords":["Lazer"],"articleSection":["Valen\u00e7a"],"inLanguage":"pt-PT","copyrightYear":"2020","copyrightHolder":{"@id":"https:\/\/www.altominho.tv\/site\/#organization"}},{"@type":"WebPage","@id":"https:\/\/www.altominho.tv\/site\/2020\/05\/19\/feira-de-valenca-regressa-a-27-de-maio\/","url":"https:\/\/www.altominho.tv\/site\/2020\/05\/19\/feira-de-valenca-regressa-a-27-de-maio\/","name":"Feira de Valen\u00e7a regressa a 27 de maio","isPartOf":{"@id":"https:\/\/www.altominho.tv\/site\/#website"},"primaryImageOfPage":{"@id":"https:\/\/www.altominho.tv\/site\/2020\/05\/19\/feira-de-valenca-regressa-a-27-de-maio\/#primaryimage"},"image":{"@id":"https:\/\/www.altominho.tv\/site\/2020\/05\/19\/feira-de-valenca-regressa-a-27-de-maio\/#primaryimage"},"thumbnailUrl":"https:\/\/www.altominho.tv\/site\/wp-content\/uploads\/2020\/05\/Feira-Valenc\u0327a.png","datePublished":"2020-05-19T09:18:04+00:00","dateModified":"2020-05-19T09:25:44+00:00","author":{"@id":"https:\/\/www.altominho.tv\/site\/#\/schema\/person\/d9be4265364723f14ea8e0d56a1d38cd"},"breadcrumb":{"@id":"https:\/\/www.altominho.tv\/site\/2020\/05\/19\/feira-de-valenca-regressa-a-27-de-maio\/#breadcrumb"},"inLanguage":"pt-PT","potentialAction":[{"@type":"ReadAction","target":["https:\/\/www.altominho.tv\/site\/2020\/05\/19\/feira-de-valenca-regressa-a-27-de-maio\/"]}]},{"@type":"ImageObject","inLanguage":"pt-PT","@id":"https:\/\/www.altominho.tv\/site\/2020\/05\/19\/feira-de-valenca-regressa-a-27-de-maio\/#primaryimage","url":"https:\/\/www.altominho.tv\/site\/wp-content\/uploads\/2020\/05\/Feira-Valenc\u0327a.png","contentUrl":"https:\/\/www.altominho.tv\/site\/wp-content\/uploads\/2020\/05\/Feira-Valenc\u0327a.png","width":800,"height":438},{"@type":"BreadcrumbList","@id":"https:\/\/www.altominho.tv\/site\/2020\/05\/19\/feira-de-valenca-regressa-a-27-de-maio\/#breadcrumb","itemListElement":[{"@type":"ListItem","position":1,"name":"In\u00edcio","item":"https:\/\/www.altominho.tv\/site\/"},{"@type":"ListItem","position":2,"name":"Feira de Valen\u00e7a regressa a 27 de maio"}]},{"@type":"WebSite","@id":"https:\/\/www.altominho.tv\/site\/#website","url":"https:\/\/www.altominho.tv\/site\/","name":"Altominho.tv","description":"A sua regi\u00e3o \u00e0 dist\u00e2ncia de um clique...","potentialAction":[{"@type":"SearchAction","target":{"@type":"EntryPoint","urlTemplate":"https:\/\/www.altominho.tv\/site\/?s={search_term_string}"},"query-input":{"@type":"PropertyValueSpecification","valueRequired":true,"valueName":"search_term_string"}}],"inLanguage":"pt-PT"},{"@type":"Person","@id":"https:\/\/www.altominho.tv\/site\/#\/schema\/person\/d9be4265364723f14ea8e0d56a1d38cd","name":"Andreia Ferreira","image":{"@type":"ImageObject","inLanguage":"pt-PT","@id":"https:\/\/www.altominho.tv\/site\/wp-content\/uploads\/2021\/01\/AndreiaFerreira-150x150.jpg","url":"https:\/\/www.altominho.tv\/site\/wp-content\/uploads\/2021\/01\/AndreiaFerreira-150x150.jpg","contentUrl":"https:\/\/www.altominho.tv\/site\/wp-content\/uploads\/2021\/01\/AndreiaFerreira-150x150.jpg","caption":"Andreia Ferreira"},"url":"https:\/\/www.altominho.tv\/site\/author\/andreiaferreira\/"}]}},"_links":{"self":[{"href":"https:\/\/www.altominho.tv\/site\/wp-json\/wp\/v2\/posts\/46570","targetHints":{"allow":["GET"]}}],"collection":[{"href":"https:\/\/www.altominho.tv\/site\/wp-json\/wp\/v2\/posts"}],"about":[{"href":"https:\/\/www.altominho.tv\/site\/wp-json\/wp\/v2\/types\/post"}],"author":[{"embeddable":true,"href":"https:\/\/www.altominho.tv\/site\/wp-json\/wp\/v2\/users\/12"}],"replies":[{"embeddable":true,"href":"https:\/\/www.altominho.tv\/site\/wp-json\/wp\/v2\/comments?post=46570"}],"version-history":[{"count":0,"href":"https:\/\/www.altominho.tv\/site\/wp-json\/wp\/v2\/posts\/46570\/revisions"}],"wp:featuredmedia":[{"embeddable":true,"href":"https:\/\/www.altominho.tv\/site\/wp-json\/wp\/v2\/media\/46571"}],"wp:attachment":[{"href":"https:\/\/www.altominho.tv\/site\/wp-json\/wp\/v2\/media?parent=46570"}],"wp:term":[{"taxonomy":"category","embeddable":true,"href":"https:\/\/www.altominho.tv\/site\/wp-json\/wp\/v2\/categories?post=46570"},{"taxonomy":"post_tag","embeddable":true,"href":"https:\/\/www.altominho.tv\/site\/wp-json\/wp\/v2\/tags?post=46570"}],"curies":[{"name":"wp","href":"https:\/\/api.w.org\/{rel}","templated":true}]}}