{"id":46553,"date":"2020-05-19T09:18:11","date_gmt":"2020-05-19T08:18:11","guid":{"rendered":"http:\/\/www.altominho.tv\/site\/?p=46553"},"modified":"2020-05-19T09:18:14","modified_gmt":"2020-05-19T08:18:14","slug":"emigrantes-vao-poder-regressar-a-portugal-sem-ficar-em-quarentena","status":"publish","type":"post","link":"https:\/\/www.altominho.tv\/site\/2020\/05\/19\/emigrantes-vao-poder-regressar-a-portugal-sem-ficar-em-quarentena\/","title":{"rendered":"Emigrantes v\u00e3o poder regressar a Portugal sem ficar em quarentena"},"content":{"rendered":"<p>Mariana Vieira da Silva, ministra da Presid\u00eancia e da Moderniza\u00e7\u00e3o Administrativa, garantiu ontem em declara\u00e7\u00f5es \u00e0 TVI, que os emigrantes v\u00e3o poder regressar a Portugal sem ficar em quarentena.<\/p>\n<p>&#8220;<strong><span class=\"news_bold\">A n\u00e3o ser que se venha de pa\u00edses em maior dificuldade, n\u00e3o existe nenhuma quarentena obrigat\u00f3ria [para emigrantes].<\/span> H\u00e1 um acompanhamento das autoridades de sa\u00fade e essas decis\u00f5es temos de respeitar, pois s\u00e3o quem tem condi\u00e7\u00f5es de avaliar o risco concreto em cada caso<\/strong>&#8220;, esclareceu a governante, numa entrevista\u00a0\u00e0 <span class=\"nanospell-typo\">TVI<\/span>, que decorreu ontem \u00e0 noite.<\/p>\n<p>A ministra sublinhou tamb\u00e9m que h\u00e1, neste momento, &#8220;v\u00e1rias condi\u00e7\u00f5es que permitem que as pessoas passem nas fronteiras&#8221; e, o regresso de emigrantes a Portugal &#8220;\u00e9 uma delas, que existiu durante todo este per\u00edodo e continua a existir.&#8221; \u201cTodas as pessoas puderam sempre regressar ao seu pa\u00eds&#8221;, argumentou.<\/p>\n<p>Ainda em declara\u00e7\u00f5es \u00e0 TVI, Mariana Vieira da Silva avan\u00e7ou que o Governo <strong>ainda n\u00e3o decidiu se vai impor quarentena obrigat\u00f3ria aos espanh\u00f3is quando a fronteira reabrir em <span class=\"nanospell-typo\">junho<\/span><\/strong>.<\/p>\n<p>Recentemente, recorde-se, o Minist\u00e9rio dos Neg\u00f3cios Estrangeiros garantia tamb\u00e9m que <a href=\"\/\/www.altominho.tv\/site\/2020\/05\/08\/governo-quer-emigrantes-em-portugal-no-verao-por-via-aerea-ou-terrestre\/\">n\u00e3o h\u00e1 proibi\u00e7\u00f5es ou limita\u00e7\u00f5es \u00e0 vinda de emigrantes no Ver\u00e3o<\/a>, em particular para quem reside na Europa.<\/p>\n<p>O gabinete do ministro Augusto Santos Silva\u00a0enfatizava, ent\u00e3o, que o Governo pretende que &#8220;<strong>os emigrantes possam vir a Portugal no Ver\u00e3o para reencontrar as suas fam\u00edlias e, como sempre t\u00eam feito, para apoiar na recupera\u00e7\u00e3o da economia<\/strong>&#8220;.<\/p>\n<p>Al\u00e9m disso, assegurava ainda a tutela, &#8220;o Governo est\u00e1 a trabalhar para assegurar que, em qualquer cen\u00e1rio de evolu\u00e7\u00e3o da situa\u00e7\u00e3o na fronteira terrestre, venha a ser poss\u00edvel aos portugueses residentes no estrangeiro e com outra resid\u00eancia ou familiares em Portugal deslocarem-se ao nosso pa\u00eds no per\u00edodo de f\u00e9rias de Ver\u00e3o&#8221;.<\/p>\n","protected":false},"excerpt":{"rendered":"<p>Mariana Vieira da Silva, ministra da Presid\u00eancia e da Moderniza\u00e7\u00e3o Administrativa, garantiu ontem em declara\u00e7\u00f5es \u00e0 TVI, que os emigrantes v\u00e3o poder regressar a Portugal sem ficar em quarentena. &#8220;A n\u00e3o ser que se venha de pa\u00edses em maior dificuldade, n\u00e3o existe nenhuma quarentena obrigat\u00f3ria [para emigrantes]. H\u00e1 um acompanhamento das autoridades de sa\u00fade e [&hellip;]<\/p>\n","protected":false},"author":1,"featured_media":45904,"comment_status":"closed","ping_status":"closed","sticky":false,"template":"","format":"standard","meta":{"_exactmetrics_skip_tracking":false,"_exactmetrics_sitenote_active":false,"_exactmetrics_sitenote_note":"","_exactmetrics_sitenote_category":0,"footnotes":""},"categories":[73],"tags":[27],"class_list":["post-46553","post","type-post","status-publish","format-standard","has-post-thumbnail","hentry","category-alto-minho","tag-sociedade"],"yoast_head":"<!-- This site is optimized with the Yoast SEO Premium plugin v27.4 (Yoast SEO v27.4) - https:\/\/yoast.com\/product\/yoast-seo-premium-wordpress\/ -->\n<title>Emigrantes v\u00e3o poder regressar a Portugal sem ficar em quarentena<\/title>\n<meta name=\"robots\" content=\"index, follow, max-snippet:-1, max-image-preview:large, max-video-preview:-1\" \/>\n<link rel=\"canonical\" href=\"https:\/\/www.altominho.tv\/site\/2020\/05\/19\/emigrantes-vao-poder-regressar-a-portugal-sem-ficar-em-quarentena\/\" \/>\n<meta property=\"og:locale\" content=\"pt_PT\" \/>\n<meta property=\"og:type\" content=\"article\" \/>\n<meta property=\"og:title\" content=\"Emigrantes v\u00e3o poder regressar a Portugal sem ficar em quarentena\" \/>\n<meta property=\"og:description\" content=\"Mariana Vieira da Silva, ministra da Presid\u00eancia e da Moderniza\u00e7\u00e3o Administrativa, garantiu ontem em declara\u00e7\u00f5es \u00e0 TVI, que os emigrantes v\u00e3o poder regressar a Portugal sem ficar em quarentena. &#8220;A n\u00e3o ser que se venha de pa\u00edses em maior dificuldade, n\u00e3o existe nenhuma quarentena obrigat\u00f3ria [para emigrantes]. H\u00e1 um acompanhamento das autoridades de sa\u00fade e [&hellip;]\" \/>\n<meta property=\"og:url\" content=\"https:\/\/www.altominho.tv\/site\/2020\/05\/19\/emigrantes-vao-poder-regressar-a-portugal-sem-ficar-em-quarentena\/\" \/>\n<meta property=\"og:site_name\" content=\"Altominho.tv\" \/>\n<meta property=\"article:publisher\" content=\"https:\/\/www.facebook.com\/altominhotv\" \/>\n<meta property=\"article:published_time\" content=\"2020-05-19T08:18:11+00:00\" \/>\n<meta property=\"article:modified_time\" content=\"2020-05-19T08:18:14+00:00\" \/>\n<meta property=\"og:image\" content=\"https:\/\/www.altominho.tv\/site\/wp-content\/uploads\/2020\/05\/Portugal_Placa_Fronteira.jpg\" \/>\n\t<meta property=\"og:image:width\" content=\"1200\" \/>\n\t<meta property=\"og:image:height\" content=\"630\" \/>\n\t<meta property=\"og:image:type\" content=\"image\/jpeg\" \/>\n<meta name=\"author\" content=\"Altominho.tv\" \/>\n<meta name=\"twitter:card\" content=\"summary_large_image\" \/>\n<meta name=\"twitter:creator\" content=\"@altominhoTV\" \/>\n<meta name=\"twitter:site\" content=\"@altominhoTV\" \/>\n<meta name=\"twitter:label1\" content=\"Escrito por\" \/>\n\t<meta name=\"twitter:data1\" content=\"Altominho.tv\" \/>\n\t<meta name=\"twitter:label2\" content=\"Tempo estimado de leitura\" \/>\n\t<meta name=\"twitter:data2\" content=\"2 minutos\" \/>\n<script type=\"application\/ld+json\" class=\"yoast-schema-graph\">{\"@context\":\"https:\\\/\\\/schema.org\",\"@graph\":[{\"@type\":\"Article\",\"@id\":\"https:\\\/\\\/www.altominho.tv\\\/site\\\/2020\\\/05\\\/19\\\/emigrantes-vao-poder-regressar-a-portugal-sem-ficar-em-quarentena\\\/#article\",\"isPartOf\":{\"@id\":\"https:\\\/\\\/www.altominho.tv\\\/site\\\/2020\\\/05\\\/19\\\/emigrantes-vao-poder-regressar-a-portugal-sem-ficar-em-quarentena\\\/\"},\"author\":{\"name\":\"Altominho.tv\",\"@id\":\"https:\\\/\\\/www.altominho.tv\\\/site\\\/#\\\/schema\\\/person\\\/4e536851627d7914baf3dac752b6af22\"},\"headline\":\"Emigrantes v\u00e3o poder regressar a Portugal sem ficar em quarentena\",\"datePublished\":\"2020-05-19T08:18:11+00:00\",\"dateModified\":\"2020-05-19T08:18:14+00:00\",\"mainEntityOfPage\":{\"@id\":\"https:\\\/\\\/www.altominho.tv\\\/site\\\/2020\\\/05\\\/19\\\/emigrantes-vao-poder-regressar-a-portugal-sem-ficar-em-quarentena\\\/\"},\"wordCount\":328,\"image\":{\"@id\":\"https:\\\/\\\/www.altominho.tv\\\/site\\\/2020\\\/05\\\/19\\\/emigrantes-vao-poder-regressar-a-portugal-sem-ficar-em-quarentena\\\/#primaryimage\"},\"thumbnailUrl\":\"https:\\\/\\\/www.altominho.tv\\\/site\\\/wp-content\\\/uploads\\\/2020\\\/05\\\/Portugal_Placa_Fronteira.jpg\",\"keywords\":[\"Sociedade\"],\"articleSection\":[\"Alto Minho\"],\"inLanguage\":\"pt-PT\",\"copyrightYear\":\"2020\",\"copyrightHolder\":{\"@id\":\"https:\\\/\\\/www.altominho.tv\\\/site\\\/#organization\"}},{\"@type\":\"WebPage\",\"@id\":\"https:\\\/\\\/www.altominho.tv\\\/site\\\/2020\\\/05\\\/19\\\/emigrantes-vao-poder-regressar-a-portugal-sem-ficar-em-quarentena\\\/\",\"url\":\"https:\\\/\\\/www.altominho.tv\\\/site\\\/2020\\\/05\\\/19\\\/emigrantes-vao-poder-regressar-a-portugal-sem-ficar-em-quarentena\\\/\",\"name\":\"Emigrantes v\u00e3o poder regressar a Portugal sem ficar em quarentena\",\"isPartOf\":{\"@id\":\"https:\\\/\\\/www.altominho.tv\\\/site\\\/#website\"},\"primaryImageOfPage\":{\"@id\":\"https:\\\/\\\/www.altominho.tv\\\/site\\\/2020\\\/05\\\/19\\\/emigrantes-vao-poder-regressar-a-portugal-sem-ficar-em-quarentena\\\/#primaryimage\"},\"image\":{\"@id\":\"https:\\\/\\\/www.altominho.tv\\\/site\\\/2020\\\/05\\\/19\\\/emigrantes-vao-poder-regressar-a-portugal-sem-ficar-em-quarentena\\\/#primaryimage\"},\"thumbnailUrl\":\"https:\\\/\\\/www.altominho.tv\\\/site\\\/wp-content\\\/uploads\\\/2020\\\/05\\\/Portugal_Placa_Fronteira.jpg\",\"datePublished\":\"2020-05-19T08:18:11+00:00\",\"dateModified\":\"2020-05-19T08:18:14+00:00\",\"author\":{\"@id\":\"https:\\\/\\\/www.altominho.tv\\\/site\\\/#\\\/schema\\\/person\\\/4e536851627d7914baf3dac752b6af22\"},\"breadcrumb\":{\"@id\":\"https:\\\/\\\/www.altominho.tv\\\/site\\\/2020\\\/05\\\/19\\\/emigrantes-vao-poder-regressar-a-portugal-sem-ficar-em-quarentena\\\/#breadcrumb\"},\"inLanguage\":\"pt-PT\",\"potentialAction\":[{\"@type\":\"ReadAction\",\"target\":[\"https:\\\/\\\/www.altominho.tv\\\/site\\\/2020\\\/05\\\/19\\\/emigrantes-vao-poder-regressar-a-portugal-sem-ficar-em-quarentena\\\/\"]}]},{\"@type\":\"ImageObject\",\"inLanguage\":\"pt-PT\",\"@id\":\"https:\\\/\\\/www.altominho.tv\\\/site\\\/2020\\\/05\\\/19\\\/emigrantes-vao-poder-regressar-a-portugal-sem-ficar-em-quarentena\\\/#primaryimage\",\"url\":\"https:\\\/\\\/www.altominho.tv\\\/site\\\/wp-content\\\/uploads\\\/2020\\\/05\\\/Portugal_Placa_Fronteira.jpg\",\"contentUrl\":\"https:\\\/\\\/www.altominho.tv\\\/site\\\/wp-content\\\/uploads\\\/2020\\\/05\\\/Portugal_Placa_Fronteira.jpg\",\"width\":1200,\"height\":630},{\"@type\":\"BreadcrumbList\",\"@id\":\"https:\\\/\\\/www.altominho.tv\\\/site\\\/2020\\\/05\\\/19\\\/emigrantes-vao-poder-regressar-a-portugal-sem-ficar-em-quarentena\\\/#breadcrumb\",\"itemListElement\":[{\"@type\":\"ListItem\",\"position\":1,\"name\":\"In\u00edcio\",\"item\":\"https:\\\/\\\/www.altominho.tv\\\/site\\\/\"},{\"@type\":\"ListItem\",\"position\":2,\"name\":\"Emigrantes v\u00e3o poder regressar a Portugal sem ficar em quarentena\"}]},{\"@type\":\"WebSite\",\"@id\":\"https:\\\/\\\/www.altominho.tv\\\/site\\\/#website\",\"url\":\"https:\\\/\\\/www.altominho.tv\\\/site\\\/\",\"name\":\"Altominho.tv\",\"description\":\"A sua regi\u00e3o \u00e0 dist\u00e2ncia de um clique...\",\"potentialAction\":[{\"@type\":\"SearchAction\",\"target\":{\"@type\":\"EntryPoint\",\"urlTemplate\":\"https:\\\/\\\/www.altominho.tv\\\/site\\\/?s={search_term_string}\"},\"query-input\":{\"@type\":\"PropertyValueSpecification\",\"valueRequired\":true,\"valueName\":\"search_term_string\"}}],\"inLanguage\":\"pt-PT\"},{\"@type\":\"Person\",\"@id\":\"https:\\\/\\\/www.altominho.tv\\\/site\\\/#\\\/schema\\\/person\\\/4e536851627d7914baf3dac752b6af22\",\"name\":\"Altominho.tv\",\"image\":{\"@type\":\"ImageObject\",\"inLanguage\":\"pt-PT\",\"@id\":\"https:\\\/\\\/www.altominho.tv\\\/site\\\/wp-content\\\/uploads\\\/2019\\\/11\\\/Logo_Avatar_2-150x150.jpg\",\"url\":\"https:\\\/\\\/www.altominho.tv\\\/site\\\/wp-content\\\/uploads\\\/2019\\\/11\\\/Logo_Avatar_2-150x150.jpg\",\"contentUrl\":\"https:\\\/\\\/www.altominho.tv\\\/site\\\/wp-content\\\/uploads\\\/2019\\\/11\\\/Logo_Avatar_2-150x150.jpg\",\"caption\":\"Altominho.tv\"},\"url\":\"https:\\\/\\\/www.altominho.tv\\\/site\\\/author\\\/altominhotv-tecnico\\\/\"}]}<\/script>\n<!-- \/ Yoast SEO Premium plugin. -->","yoast_head_json":{"title":"Emigrantes v\u00e3o poder regressar a Portugal sem ficar em quarentena","robots":{"index":"index","follow":"follow","max-snippet":"max-snippet:-1","max-image-preview":"max-image-preview:large","max-video-preview":"max-video-preview:-1"},"canonical":"https:\/\/www.altominho.tv\/site\/2020\/05\/19\/emigrantes-vao-poder-regressar-a-portugal-sem-ficar-em-quarentena\/","og_locale":"pt_PT","og_type":"article","og_title":"Emigrantes v\u00e3o poder regressar a Portugal sem ficar em quarentena","og_description":"Mariana Vieira da Silva, ministra da Presid\u00eancia e da Moderniza\u00e7\u00e3o Administrativa, garantiu ontem em declara\u00e7\u00f5es \u00e0 TVI, que os emigrantes v\u00e3o poder regressar a Portugal sem ficar em quarentena. &#8220;A n\u00e3o ser que se venha de pa\u00edses em maior dificuldade, n\u00e3o existe nenhuma quarentena obrigat\u00f3ria [para emigrantes]. H\u00e1 um acompanhamento das autoridades de sa\u00fade e [&hellip;]","og_url":"https:\/\/www.altominho.tv\/site\/2020\/05\/19\/emigrantes-vao-poder-regressar-a-portugal-sem-ficar-em-quarentena\/","og_site_name":"Altominho.tv","article_publisher":"https:\/\/www.facebook.com\/altominhotv","article_published_time":"2020-05-19T08:18:11+00:00","article_modified_time":"2020-05-19T08:18:14+00:00","og_image":[{"width":1200,"height":630,"url":"https:\/\/www.altominho.tv\/site\/wp-content\/uploads\/2020\/05\/Portugal_Placa_Fronteira.jpg","type":"image\/jpeg"}],"author":"Altominho.tv","twitter_card":"summary_large_image","twitter_creator":"@altominhoTV","twitter_site":"@altominhoTV","twitter_misc":{"Escrito por":"Altominho.tv","Tempo estimado de leitura":"2 minutos"},"schema":{"@context":"https:\/\/schema.org","@graph":[{"@type":"Article","@id":"https:\/\/www.altominho.tv\/site\/2020\/05\/19\/emigrantes-vao-poder-regressar-a-portugal-sem-ficar-em-quarentena\/#article","isPartOf":{"@id":"https:\/\/www.altominho.tv\/site\/2020\/05\/19\/emigrantes-vao-poder-regressar-a-portugal-sem-ficar-em-quarentena\/"},"author":{"name":"Altominho.tv","@id":"https:\/\/www.altominho.tv\/site\/#\/schema\/person\/4e536851627d7914baf3dac752b6af22"},"headline":"Emigrantes v\u00e3o poder regressar a Portugal sem ficar em quarentena","datePublished":"2020-05-19T08:18:11+00:00","dateModified":"2020-05-19T08:18:14+00:00","mainEntityOfPage":{"@id":"https:\/\/www.altominho.tv\/site\/2020\/05\/19\/emigrantes-vao-poder-regressar-a-portugal-sem-ficar-em-quarentena\/"},"wordCount":328,"image":{"@id":"https:\/\/www.altominho.tv\/site\/2020\/05\/19\/emigrantes-vao-poder-regressar-a-portugal-sem-ficar-em-quarentena\/#primaryimage"},"thumbnailUrl":"https:\/\/www.altominho.tv\/site\/wp-content\/uploads\/2020\/05\/Portugal_Placa_Fronteira.jpg","keywords":["Sociedade"],"articleSection":["Alto Minho"],"inLanguage":"pt-PT","copyrightYear":"2020","copyrightHolder":{"@id":"https:\/\/www.altominho.tv\/site\/#organization"}},{"@type":"WebPage","@id":"https:\/\/www.altominho.tv\/site\/2020\/05\/19\/emigrantes-vao-poder-regressar-a-portugal-sem-ficar-em-quarentena\/","url":"https:\/\/www.altominho.tv\/site\/2020\/05\/19\/emigrantes-vao-poder-regressar-a-portugal-sem-ficar-em-quarentena\/","name":"Emigrantes v\u00e3o poder regressar a Portugal sem ficar em quarentena","isPartOf":{"@id":"https:\/\/www.altominho.tv\/site\/#website"},"primaryImageOfPage":{"@id":"https:\/\/www.altominho.tv\/site\/2020\/05\/19\/emigrantes-vao-poder-regressar-a-portugal-sem-ficar-em-quarentena\/#primaryimage"},"image":{"@id":"https:\/\/www.altominho.tv\/site\/2020\/05\/19\/emigrantes-vao-poder-regressar-a-portugal-sem-ficar-em-quarentena\/#primaryimage"},"thumbnailUrl":"https:\/\/www.altominho.tv\/site\/wp-content\/uploads\/2020\/05\/Portugal_Placa_Fronteira.jpg","datePublished":"2020-05-19T08:18:11+00:00","dateModified":"2020-05-19T08:18:14+00:00","author":{"@id":"https:\/\/www.altominho.tv\/site\/#\/schema\/person\/4e536851627d7914baf3dac752b6af22"},"breadcrumb":{"@id":"https:\/\/www.altominho.tv\/site\/2020\/05\/19\/emigrantes-vao-poder-regressar-a-portugal-sem-ficar-em-quarentena\/#breadcrumb"},"inLanguage":"pt-PT","potentialAction":[{"@type":"ReadAction","target":["https:\/\/www.altominho.tv\/site\/2020\/05\/19\/emigrantes-vao-poder-regressar-a-portugal-sem-ficar-em-quarentena\/"]}]},{"@type":"ImageObject","inLanguage":"pt-PT","@id":"https:\/\/www.altominho.tv\/site\/2020\/05\/19\/emigrantes-vao-poder-regressar-a-portugal-sem-ficar-em-quarentena\/#primaryimage","url":"https:\/\/www.altominho.tv\/site\/wp-content\/uploads\/2020\/05\/Portugal_Placa_Fronteira.jpg","contentUrl":"https:\/\/www.altominho.tv\/site\/wp-content\/uploads\/2020\/05\/Portugal_Placa_Fronteira.jpg","width":1200,"height":630},{"@type":"BreadcrumbList","@id":"https:\/\/www.altominho.tv\/site\/2020\/05\/19\/emigrantes-vao-poder-regressar-a-portugal-sem-ficar-em-quarentena\/#breadcrumb","itemListElement":[{"@type":"ListItem","position":1,"name":"In\u00edcio","item":"https:\/\/www.altominho.tv\/site\/"},{"@type":"ListItem","position":2,"name":"Emigrantes v\u00e3o poder regressar a Portugal sem ficar em quarentena"}]},{"@type":"WebSite","@id":"https:\/\/www.altominho.tv\/site\/#website","url":"https:\/\/www.altominho.tv\/site\/","name":"Altominho.tv","description":"A sua regi\u00e3o \u00e0 dist\u00e2ncia de um clique...","potentialAction":[{"@type":"SearchAction","target":{"@type":"EntryPoint","urlTemplate":"https:\/\/www.altominho.tv\/site\/?s={search_term_string}"},"query-input":{"@type":"PropertyValueSpecification","valueRequired":true,"valueName":"search_term_string"}}],"inLanguage":"pt-PT"},{"@type":"Person","@id":"https:\/\/www.altominho.tv\/site\/#\/schema\/person\/4e536851627d7914baf3dac752b6af22","name":"Altominho.tv","image":{"@type":"ImageObject","inLanguage":"pt-PT","@id":"https:\/\/www.altominho.tv\/site\/wp-content\/uploads\/2019\/11\/Logo_Avatar_2-150x150.jpg","url":"https:\/\/www.altominho.tv\/site\/wp-content\/uploads\/2019\/11\/Logo_Avatar_2-150x150.jpg","contentUrl":"https:\/\/www.altominho.tv\/site\/wp-content\/uploads\/2019\/11\/Logo_Avatar_2-150x150.jpg","caption":"Altominho.tv"},"url":"https:\/\/www.altominho.tv\/site\/author\/altominhotv-tecnico\/"}]}},"_links":{"self":[{"href":"https:\/\/www.altominho.tv\/site\/wp-json\/wp\/v2\/posts\/46553","targetHints":{"allow":["GET"]}}],"collection":[{"href":"https:\/\/www.altominho.tv\/site\/wp-json\/wp\/v2\/posts"}],"about":[{"href":"https:\/\/www.altominho.tv\/site\/wp-json\/wp\/v2\/types\/post"}],"author":[{"embeddable":true,"href":"https:\/\/www.altominho.tv\/site\/wp-json\/wp\/v2\/users\/1"}],"replies":[{"embeddable":true,"href":"https:\/\/www.altominho.tv\/site\/wp-json\/wp\/v2\/comments?post=46553"}],"version-history":[{"count":0,"href":"https:\/\/www.altominho.tv\/site\/wp-json\/wp\/v2\/posts\/46553\/revisions"}],"wp:featuredmedia":[{"embeddable":true,"href":"https:\/\/www.altominho.tv\/site\/wp-json\/wp\/v2\/media\/45904"}],"wp:attachment":[{"href":"https:\/\/www.altominho.tv\/site\/wp-json\/wp\/v2\/media?parent=46553"}],"wp:term":[{"taxonomy":"category","embeddable":true,"href":"https:\/\/www.altominho.tv\/site\/wp-json\/wp\/v2\/categories?post=46553"},{"taxonomy":"post_tag","embeddable":true,"href":"https:\/\/www.altominho.tv\/site\/wp-json\/wp\/v2\/tags?post=46553"}],"curies":[{"name":"wp","href":"https:\/\/api.w.org\/{rel}","templated":true}]}}