{"id":46506,"date":"2020-05-18T15:46:15","date_gmt":"2020-05-18T14:46:15","guid":{"rendered":"http:\/\/www.altominho.tv\/site\/?p=46506"},"modified":"2020-05-18T15:46:17","modified_gmt":"2020-05-18T14:46:17","slug":"moncao-tem-mais-casos-recuperados-do-que-ativos","status":"publish","type":"post","link":"https:\/\/www.altominho.tv\/site\/2020\/05\/18\/moncao-tem-mais-casos-recuperados-do-que-ativos\/","title":{"rendered":"Mon\u00e7\u00e3o tem mais casos recuperados do que ativos"},"content":{"rendered":"<p><strong>O munic\u00edpio de Mon\u00e7\u00e3o regista um maior n\u00famero de casos de recupera\u00e7\u00e3o de doentes com Covid-19 do que casos ativos. O concelho soma agora 64 recuperados e tem 55 casos de infe\u00e7\u00e3o ativos.<\/strong><u><\/u><\/p>\n<p>&#8220;No concelho de Mon\u00e7\u00e3o, os n\u00fameros de Covid-19 tendem a inverter-se, apresentando, agora, um balan\u00e7o mais positivo. Ontem, pela primeira vez, desde o in\u00edcio do surto pand\u00e9mico, o n\u00famero de casos recuperados superou o n\u00famero de casos ativos&#8221;, refere a autarquia no comunicado enviado esta segunda-feira \u00e0 imprensa.<u><\/u><\/p>\n<p>No balan\u00e7o di\u00e1rio divulgado este domingo, Mon\u00e7\u00e3o registou 128 casos confirmados, mais dois que no s\u00e1bado, e 64 casos recuperados, mais 15 do que no dia anterior.<\/p>\n<p>&#8220;Feitas as contas, o n\u00famero total de casos ativos desce para 55. Com o mesmo n\u00famero de \u00f3bitos (9), assistimos tamb\u00e9m \u00e0 diminui\u00e7\u00e3o de pessoas em quarentena (19) e em isolamento profil\u00e1tico (28)&#8221;, adiantou o munic\u00edpio.<u><\/u><\/p>\n<p>&#8220;Estes indicadores constituem um sinal de esperan\u00e7a e confian\u00e7a que, aguardemos, seja confirmado nos pr\u00f3ximos dias, com a consolida\u00e7\u00e3o desta tend\u00eancia encorajadora e com a continua\u00e7\u00e3o do cumprimento das recomenda\u00e7\u00f5es da Dire\u00e7\u00e3o-Geral da Sa\u00fade por parte dos mon\u00e7anenses&#8221;, sustenta a autarquia.<u><\/u><\/p>\n","protected":false},"excerpt":{"rendered":"<p>O munic\u00edpio de Mon\u00e7\u00e3o regista um maior n\u00famero de casos de recupera\u00e7\u00e3o de doentes com Covid-19 do que casos ativos. O concelho soma agora 64 recuperados e tem 55 casos de infe\u00e7\u00e3o ativos. &#8220;No concelho de Mon\u00e7\u00e3o, os n\u00fameros de Covid-19 tendem a inverter-se, apresentando, agora, um balan\u00e7o mais positivo. Ontem, pela primeira vez, desde [&hellip;]<\/p>\n","protected":false},"author":12,"featured_media":44531,"comment_status":"closed","ping_status":"closed","sticky":false,"template":"","format":"standard","meta":{"_exactmetrics_skip_tracking":false,"_exactmetrics_sitenote_active":false,"_exactmetrics_sitenote_note":"","_exactmetrics_sitenote_category":0,"footnotes":""},"categories":[9],"tags":[26,27],"class_list":["post-46506","post","type-post","status-publish","format-standard","has-post-thumbnail","hentry","category-moncao","tag-saude","tag-sociedade"],"yoast_head":"<!-- This site is optimized with the Yoast SEO Premium plugin v27.4 (Yoast SEO v27.4) - https:\/\/yoast.com\/product\/yoast-seo-premium-wordpress\/ -->\n<title>Mon\u00e7\u00e3o tem mais casos recuperados do que ativos<\/title>\n<meta name=\"robots\" content=\"index, follow, max-snippet:-1, max-image-preview:large, max-video-preview:-1\" \/>\n<link rel=\"canonical\" href=\"https:\/\/www.altominho.tv\/site\/2020\/05\/18\/moncao-tem-mais-casos-recuperados-do-que-ativos\/\" \/>\n<meta property=\"og:locale\" content=\"pt_PT\" \/>\n<meta property=\"og:type\" content=\"article\" \/>\n<meta property=\"og:title\" content=\"Mon\u00e7\u00e3o tem mais casos recuperados do que ativos\" \/>\n<meta property=\"og:description\" content=\"O munic\u00edpio de Mon\u00e7\u00e3o regista um maior n\u00famero de casos de recupera\u00e7\u00e3o de doentes com Covid-19 do que casos ativos. O concelho soma agora 64 recuperados e tem 55 casos de infe\u00e7\u00e3o ativos. &#8220;No concelho de Mon\u00e7\u00e3o, os n\u00fameros de Covid-19 tendem a inverter-se, apresentando, agora, um balan\u00e7o mais positivo. Ontem, pela primeira vez, desde [&hellip;]\" \/>\n<meta property=\"og:url\" content=\"https:\/\/www.altominho.tv\/site\/2020\/05\/18\/moncao-tem-mais-casos-recuperados-do-que-ativos\/\" \/>\n<meta property=\"og:site_name\" content=\"Altominho.tv\" \/>\n<meta property=\"article:publisher\" content=\"https:\/\/www.facebook.com\/altominhotv\" \/>\n<meta property=\"article:published_time\" content=\"2020-05-18T14:46:15+00:00\" \/>\n<meta property=\"article:modified_time\" content=\"2020-05-18T14:46:17+00:00\" \/>\n<meta property=\"og:image\" content=\"https:\/\/www.altominho.tv\/site\/wp-content\/uploads\/2020\/04\/Moncao.jpg\" \/>\n\t<meta property=\"og:image:width\" content=\"2022\" \/>\n\t<meta property=\"og:image:height\" content=\"900\" \/>\n\t<meta property=\"og:image:type\" content=\"image\/jpeg\" \/>\n<meta name=\"author\" content=\"Andreia Ferreira\" \/>\n<meta name=\"twitter:card\" content=\"summary_large_image\" \/>\n<meta name=\"twitter:creator\" content=\"@altominhoTV\" \/>\n<meta name=\"twitter:site\" content=\"@altominhoTV\" \/>\n<meta name=\"twitter:label1\" content=\"Escrito por\" \/>\n\t<meta name=\"twitter:data1\" content=\"Andreia Ferreira\" \/>\n\t<meta name=\"twitter:label2\" content=\"Tempo estimado de leitura\" \/>\n\t<meta name=\"twitter:data2\" content=\"1 minuto\" \/>\n<script type=\"application\/ld+json\" class=\"yoast-schema-graph\">{\"@context\":\"https:\\\/\\\/schema.org\",\"@graph\":[{\"@type\":\"Article\",\"@id\":\"https:\\\/\\\/www.altominho.tv\\\/site\\\/2020\\\/05\\\/18\\\/moncao-tem-mais-casos-recuperados-do-que-ativos\\\/#article\",\"isPartOf\":{\"@id\":\"https:\\\/\\\/www.altominho.tv\\\/site\\\/2020\\\/05\\\/18\\\/moncao-tem-mais-casos-recuperados-do-que-ativos\\\/\"},\"author\":{\"name\":\"Andreia Ferreira\",\"@id\":\"https:\\\/\\\/www.altominho.tv\\\/site\\\/#\\\/schema\\\/person\\\/d9be4265364723f14ea8e0d56a1d38cd\"},\"headline\":\"Mon\u00e7\u00e3o tem mais casos recuperados do que ativos\",\"datePublished\":\"2020-05-18T14:46:15+00:00\",\"dateModified\":\"2020-05-18T14:46:17+00:00\",\"mainEntityOfPage\":{\"@id\":\"https:\\\/\\\/www.altominho.tv\\\/site\\\/2020\\\/05\\\/18\\\/moncao-tem-mais-casos-recuperados-do-que-ativos\\\/\"},\"wordCount\":215,\"image\":{\"@id\":\"https:\\\/\\\/www.altominho.tv\\\/site\\\/2020\\\/05\\\/18\\\/moncao-tem-mais-casos-recuperados-do-que-ativos\\\/#primaryimage\"},\"thumbnailUrl\":\"https:\\\/\\\/www.altominho.tv\\\/site\\\/wp-content\\\/uploads\\\/2020\\\/04\\\/Moncao.jpg\",\"keywords\":[\"Sa\u00fade\",\"Sociedade\"],\"articleSection\":[\"Mon\u00e7\u00e3o\"],\"inLanguage\":\"pt-PT\",\"copyrightYear\":\"2020\",\"copyrightHolder\":{\"@id\":\"https:\\\/\\\/www.altominho.tv\\\/site\\\/#organization\"}},{\"@type\":\"WebPage\",\"@id\":\"https:\\\/\\\/www.altominho.tv\\\/site\\\/2020\\\/05\\\/18\\\/moncao-tem-mais-casos-recuperados-do-que-ativos\\\/\",\"url\":\"https:\\\/\\\/www.altominho.tv\\\/site\\\/2020\\\/05\\\/18\\\/moncao-tem-mais-casos-recuperados-do-que-ativos\\\/\",\"name\":\"Mon\u00e7\u00e3o tem mais casos recuperados do que ativos\",\"isPartOf\":{\"@id\":\"https:\\\/\\\/www.altominho.tv\\\/site\\\/#website\"},\"primaryImageOfPage\":{\"@id\":\"https:\\\/\\\/www.altominho.tv\\\/site\\\/2020\\\/05\\\/18\\\/moncao-tem-mais-casos-recuperados-do-que-ativos\\\/#primaryimage\"},\"image\":{\"@id\":\"https:\\\/\\\/www.altominho.tv\\\/site\\\/2020\\\/05\\\/18\\\/moncao-tem-mais-casos-recuperados-do-que-ativos\\\/#primaryimage\"},\"thumbnailUrl\":\"https:\\\/\\\/www.altominho.tv\\\/site\\\/wp-content\\\/uploads\\\/2020\\\/04\\\/Moncao.jpg\",\"datePublished\":\"2020-05-18T14:46:15+00:00\",\"dateModified\":\"2020-05-18T14:46:17+00:00\",\"author\":{\"@id\":\"https:\\\/\\\/www.altominho.tv\\\/site\\\/#\\\/schema\\\/person\\\/d9be4265364723f14ea8e0d56a1d38cd\"},\"breadcrumb\":{\"@id\":\"https:\\\/\\\/www.altominho.tv\\\/site\\\/2020\\\/05\\\/18\\\/moncao-tem-mais-casos-recuperados-do-que-ativos\\\/#breadcrumb\"},\"inLanguage\":\"pt-PT\",\"potentialAction\":[{\"@type\":\"ReadAction\",\"target\":[\"https:\\\/\\\/www.altominho.tv\\\/site\\\/2020\\\/05\\\/18\\\/moncao-tem-mais-casos-recuperados-do-que-ativos\\\/\"]}]},{\"@type\":\"ImageObject\",\"inLanguage\":\"pt-PT\",\"@id\":\"https:\\\/\\\/www.altominho.tv\\\/site\\\/2020\\\/05\\\/18\\\/moncao-tem-mais-casos-recuperados-do-que-ativos\\\/#primaryimage\",\"url\":\"https:\\\/\\\/www.altominho.tv\\\/site\\\/wp-content\\\/uploads\\\/2020\\\/04\\\/Moncao.jpg\",\"contentUrl\":\"https:\\\/\\\/www.altominho.tv\\\/site\\\/wp-content\\\/uploads\\\/2020\\\/04\\\/Moncao.jpg\",\"width\":2022,\"height\":900},{\"@type\":\"BreadcrumbList\",\"@id\":\"https:\\\/\\\/www.altominho.tv\\\/site\\\/2020\\\/05\\\/18\\\/moncao-tem-mais-casos-recuperados-do-que-ativos\\\/#breadcrumb\",\"itemListElement\":[{\"@type\":\"ListItem\",\"position\":1,\"name\":\"In\u00edcio\",\"item\":\"https:\\\/\\\/www.altominho.tv\\\/site\\\/\"},{\"@type\":\"ListItem\",\"position\":2,\"name\":\"Mon\u00e7\u00e3o tem mais casos recuperados do que ativos\"}]},{\"@type\":\"WebSite\",\"@id\":\"https:\\\/\\\/www.altominho.tv\\\/site\\\/#website\",\"url\":\"https:\\\/\\\/www.altominho.tv\\\/site\\\/\",\"name\":\"Altominho.tv\",\"description\":\"A sua regi\u00e3o \u00e0 dist\u00e2ncia de um clique...\",\"potentialAction\":[{\"@type\":\"SearchAction\",\"target\":{\"@type\":\"EntryPoint\",\"urlTemplate\":\"https:\\\/\\\/www.altominho.tv\\\/site\\\/?s={search_term_string}\"},\"query-input\":{\"@type\":\"PropertyValueSpecification\",\"valueRequired\":true,\"valueName\":\"search_term_string\"}}],\"inLanguage\":\"pt-PT\"},{\"@type\":\"Person\",\"@id\":\"https:\\\/\\\/www.altominho.tv\\\/site\\\/#\\\/schema\\\/person\\\/d9be4265364723f14ea8e0d56a1d38cd\",\"name\":\"Andreia Ferreira\",\"image\":{\"@type\":\"ImageObject\",\"inLanguage\":\"pt-PT\",\"@id\":\"https:\\\/\\\/www.altominho.tv\\\/site\\\/wp-content\\\/uploads\\\/2021\\\/01\\\/AndreiaFerreira-150x150.jpg\",\"url\":\"https:\\\/\\\/www.altominho.tv\\\/site\\\/wp-content\\\/uploads\\\/2021\\\/01\\\/AndreiaFerreira-150x150.jpg\",\"contentUrl\":\"https:\\\/\\\/www.altominho.tv\\\/site\\\/wp-content\\\/uploads\\\/2021\\\/01\\\/AndreiaFerreira-150x150.jpg\",\"caption\":\"Andreia Ferreira\"},\"url\":\"https:\\\/\\\/www.altominho.tv\\\/site\\\/author\\\/andreiaferreira\\\/\"}]}<\/script>\n<!-- \/ Yoast SEO Premium plugin. -->","yoast_head_json":{"title":"Mon\u00e7\u00e3o tem mais casos recuperados do que ativos","robots":{"index":"index","follow":"follow","max-snippet":"max-snippet:-1","max-image-preview":"max-image-preview:large","max-video-preview":"max-video-preview:-1"},"canonical":"https:\/\/www.altominho.tv\/site\/2020\/05\/18\/moncao-tem-mais-casos-recuperados-do-que-ativos\/","og_locale":"pt_PT","og_type":"article","og_title":"Mon\u00e7\u00e3o tem mais casos recuperados do que ativos","og_description":"O munic\u00edpio de Mon\u00e7\u00e3o regista um maior n\u00famero de casos de recupera\u00e7\u00e3o de doentes com Covid-19 do que casos ativos. O concelho soma agora 64 recuperados e tem 55 casos de infe\u00e7\u00e3o ativos. &#8220;No concelho de Mon\u00e7\u00e3o, os n\u00fameros de Covid-19 tendem a inverter-se, apresentando, agora, um balan\u00e7o mais positivo. Ontem, pela primeira vez, desde [&hellip;]","og_url":"https:\/\/www.altominho.tv\/site\/2020\/05\/18\/moncao-tem-mais-casos-recuperados-do-que-ativos\/","og_site_name":"Altominho.tv","article_publisher":"https:\/\/www.facebook.com\/altominhotv","article_published_time":"2020-05-18T14:46:15+00:00","article_modified_time":"2020-05-18T14:46:17+00:00","og_image":[{"width":2022,"height":900,"url":"https:\/\/www.altominho.tv\/site\/wp-content\/uploads\/2020\/04\/Moncao.jpg","type":"image\/jpeg"}],"author":"Andreia Ferreira","twitter_card":"summary_large_image","twitter_creator":"@altominhoTV","twitter_site":"@altominhoTV","twitter_misc":{"Escrito por":"Andreia Ferreira","Tempo estimado de leitura":"1 minuto"},"schema":{"@context":"https:\/\/schema.org","@graph":[{"@type":"Article","@id":"https:\/\/www.altominho.tv\/site\/2020\/05\/18\/moncao-tem-mais-casos-recuperados-do-que-ativos\/#article","isPartOf":{"@id":"https:\/\/www.altominho.tv\/site\/2020\/05\/18\/moncao-tem-mais-casos-recuperados-do-que-ativos\/"},"author":{"name":"Andreia Ferreira","@id":"https:\/\/www.altominho.tv\/site\/#\/schema\/person\/d9be4265364723f14ea8e0d56a1d38cd"},"headline":"Mon\u00e7\u00e3o tem mais casos recuperados do que ativos","datePublished":"2020-05-18T14:46:15+00:00","dateModified":"2020-05-18T14:46:17+00:00","mainEntityOfPage":{"@id":"https:\/\/www.altominho.tv\/site\/2020\/05\/18\/moncao-tem-mais-casos-recuperados-do-que-ativos\/"},"wordCount":215,"image":{"@id":"https:\/\/www.altominho.tv\/site\/2020\/05\/18\/moncao-tem-mais-casos-recuperados-do-que-ativos\/#primaryimage"},"thumbnailUrl":"https:\/\/www.altominho.tv\/site\/wp-content\/uploads\/2020\/04\/Moncao.jpg","keywords":["Sa\u00fade","Sociedade"],"articleSection":["Mon\u00e7\u00e3o"],"inLanguage":"pt-PT","copyrightYear":"2020","copyrightHolder":{"@id":"https:\/\/www.altominho.tv\/site\/#organization"}},{"@type":"WebPage","@id":"https:\/\/www.altominho.tv\/site\/2020\/05\/18\/moncao-tem-mais-casos-recuperados-do-que-ativos\/","url":"https:\/\/www.altominho.tv\/site\/2020\/05\/18\/moncao-tem-mais-casos-recuperados-do-que-ativos\/","name":"Mon\u00e7\u00e3o tem mais casos recuperados do que ativos","isPartOf":{"@id":"https:\/\/www.altominho.tv\/site\/#website"},"primaryImageOfPage":{"@id":"https:\/\/www.altominho.tv\/site\/2020\/05\/18\/moncao-tem-mais-casos-recuperados-do-que-ativos\/#primaryimage"},"image":{"@id":"https:\/\/www.altominho.tv\/site\/2020\/05\/18\/moncao-tem-mais-casos-recuperados-do-que-ativos\/#primaryimage"},"thumbnailUrl":"https:\/\/www.altominho.tv\/site\/wp-content\/uploads\/2020\/04\/Moncao.jpg","datePublished":"2020-05-18T14:46:15+00:00","dateModified":"2020-05-18T14:46:17+00:00","author":{"@id":"https:\/\/www.altominho.tv\/site\/#\/schema\/person\/d9be4265364723f14ea8e0d56a1d38cd"},"breadcrumb":{"@id":"https:\/\/www.altominho.tv\/site\/2020\/05\/18\/moncao-tem-mais-casos-recuperados-do-que-ativos\/#breadcrumb"},"inLanguage":"pt-PT","potentialAction":[{"@type":"ReadAction","target":["https:\/\/www.altominho.tv\/site\/2020\/05\/18\/moncao-tem-mais-casos-recuperados-do-que-ativos\/"]}]},{"@type":"ImageObject","inLanguage":"pt-PT","@id":"https:\/\/www.altominho.tv\/site\/2020\/05\/18\/moncao-tem-mais-casos-recuperados-do-que-ativos\/#primaryimage","url":"https:\/\/www.altominho.tv\/site\/wp-content\/uploads\/2020\/04\/Moncao.jpg","contentUrl":"https:\/\/www.altominho.tv\/site\/wp-content\/uploads\/2020\/04\/Moncao.jpg","width":2022,"height":900},{"@type":"BreadcrumbList","@id":"https:\/\/www.altominho.tv\/site\/2020\/05\/18\/moncao-tem-mais-casos-recuperados-do-que-ativos\/#breadcrumb","itemListElement":[{"@type":"ListItem","position":1,"name":"In\u00edcio","item":"https:\/\/www.altominho.tv\/site\/"},{"@type":"ListItem","position":2,"name":"Mon\u00e7\u00e3o tem mais casos recuperados do que ativos"}]},{"@type":"WebSite","@id":"https:\/\/www.altominho.tv\/site\/#website","url":"https:\/\/www.altominho.tv\/site\/","name":"Altominho.tv","description":"A sua regi\u00e3o \u00e0 dist\u00e2ncia de um clique...","potentialAction":[{"@type":"SearchAction","target":{"@type":"EntryPoint","urlTemplate":"https:\/\/www.altominho.tv\/site\/?s={search_term_string}"},"query-input":{"@type":"PropertyValueSpecification","valueRequired":true,"valueName":"search_term_string"}}],"inLanguage":"pt-PT"},{"@type":"Person","@id":"https:\/\/www.altominho.tv\/site\/#\/schema\/person\/d9be4265364723f14ea8e0d56a1d38cd","name":"Andreia Ferreira","image":{"@type":"ImageObject","inLanguage":"pt-PT","@id":"https:\/\/www.altominho.tv\/site\/wp-content\/uploads\/2021\/01\/AndreiaFerreira-150x150.jpg","url":"https:\/\/www.altominho.tv\/site\/wp-content\/uploads\/2021\/01\/AndreiaFerreira-150x150.jpg","contentUrl":"https:\/\/www.altominho.tv\/site\/wp-content\/uploads\/2021\/01\/AndreiaFerreira-150x150.jpg","caption":"Andreia Ferreira"},"url":"https:\/\/www.altominho.tv\/site\/author\/andreiaferreira\/"}]}},"_links":{"self":[{"href":"https:\/\/www.altominho.tv\/site\/wp-json\/wp\/v2\/posts\/46506","targetHints":{"allow":["GET"]}}],"collection":[{"href":"https:\/\/www.altominho.tv\/site\/wp-json\/wp\/v2\/posts"}],"about":[{"href":"https:\/\/www.altominho.tv\/site\/wp-json\/wp\/v2\/types\/post"}],"author":[{"embeddable":true,"href":"https:\/\/www.altominho.tv\/site\/wp-json\/wp\/v2\/users\/12"}],"replies":[{"embeddable":true,"href":"https:\/\/www.altominho.tv\/site\/wp-json\/wp\/v2\/comments?post=46506"}],"version-history":[{"count":0,"href":"https:\/\/www.altominho.tv\/site\/wp-json\/wp\/v2\/posts\/46506\/revisions"}],"wp:featuredmedia":[{"embeddable":true,"href":"https:\/\/www.altominho.tv\/site\/wp-json\/wp\/v2\/media\/44531"}],"wp:attachment":[{"href":"https:\/\/www.altominho.tv\/site\/wp-json\/wp\/v2\/media?parent=46506"}],"wp:term":[{"taxonomy":"category","embeddable":true,"href":"https:\/\/www.altominho.tv\/site\/wp-json\/wp\/v2\/categories?post=46506"},{"taxonomy":"post_tag","embeddable":true,"href":"https:\/\/www.altominho.tv\/site\/wp-json\/wp\/v2\/tags?post=46506"}],"curies":[{"name":"wp","href":"https:\/\/api.w.org\/{rel}","templated":true}]}}