{"id":46460,"date":"2020-05-18T10:40:13","date_gmt":"2020-05-18T09:40:13","guid":{"rendered":"http:\/\/www.altominho.tv\/site\/?p=46460"},"modified":"2020-05-18T10:40:18","modified_gmt":"2020-05-18T09:40:18","slug":"visitas-aos-lares-de-idosos-permitidas-a-partir-desta-segunda-feira","status":"publish","type":"post","link":"https:\/\/www.altominho.tv\/site\/2020\/05\/18\/visitas-aos-lares-de-idosos-permitidas-a-partir-desta-segunda-feira\/","title":{"rendered":"Visitas aos lares de idosos permitidas a partir desta segunda-feira"},"content":{"rendered":"<p>As visitas a idosos em lares voltam a estar autorizadas a partir desta segunda-feira, um regresso h\u00e1 muito pedido pelas IPSS, mas as Miseric\u00f3rdias do Alto Minho decidiram que os lares na regi\u00e3o s\u00f3 v\u00e3o abrir a visitas no final de maio.<\/p>\n<p class=\"text-paragraph\">A reabertura dos lares a visitas de familiares a idosos foi anunciada a 11 de maio, pela Dire\u00e7\u00e3o-Geral da Sa\u00fade (DGS) numa orienta\u00e7\u00e3o publicada na sua p\u00e1gina oficial, na qual se determinava as regras a que as visitas teriam que obedecer.<\/p>\n<p>Uma visita por semana por cada idoso, com uma dura\u00e7\u00e3o m\u00e1xima de 90 minutos, com agendamento pr\u00e9vio para garantir higieniza\u00e7\u00e3o das instala\u00e7\u00f5es entre visitas, distanciamento f\u00edsico, uso obrigat\u00f3rio de m\u00e1scara para os visitantes, proibi\u00e7\u00e3o de levar objetos ou alimentos para dentro dos lares e organiza\u00e7\u00e3o de um registo de visitantes nas institui\u00e7\u00f5es s\u00e3o as orienta\u00e7\u00f5es a cumprir.<\/p>\n<p class=\"text-paragraph\">A diretora-geral de Sa\u00fade, Gra\u00e7a Freitas, reconheceu que no \u201cpa\u00eds assim\u00e9trico\u201d que \u00e9 Portugal poderia haver necessidade de adiar algumas reaberturas, mas garantiu que a maioria dos lares estaria preparada para abrir.<\/p>\n<p>Apesar das orienta\u00e7\u00f5es da DGS, o Secretariado Regional da Uni\u00e3o das Miseric\u00f3rdias do Alto Minho emitiu um comunicado que decidiu retomar as visitas aos utentes apenas a partir do fim do m\u00eas.<\/p>\n<p class=\"selectionShareable\">Segundo o comunicado divulgado, ser\u00e3o &#8220;tomadas as medidas necess\u00e1rias para que essas visitas se fa\u00e7am de forma planeada e em seguran\u00e7a&#8221;.<\/p>\n<p class=\"selectionShareable\">&#8220;Numa primeira fase, as Miseric\u00f3rdias do Alto Minho ir\u00e3o organizar as visitas com marca\u00e7\u00e3o pr\u00e9via, em modo de avistamento pelas janelas e\/ou atrav\u00e9s de portas de vidro e\/ou em locais reservados para o efeito, de acordo com a situa\u00e7\u00e3o cl\u00ednica dos utentes e as infraestruturas de cada institui\u00e7\u00e3o&#8221;, informou o Secretariado Regional.<\/p>\n<p class=\"selectionShareable\">Os visitantes ter\u00e3o de usar m\u00e1scara, cumprir as medidas de distanciamento f\u00edsico, etiqueta respirat\u00f3ria e higieniza\u00e7\u00e3o das m\u00e3os, durante a perman\u00eancia nas instala\u00e7\u00f5es.<\/p>\n<p class=\"selectionShareable\">As Miseric\u00f3rdias, com lares nos dez munic\u00edpios do Alto Minho, garantem, no mesmo comunicado, que &#8220;ir\u00e3o continuar a apostar na tecnologia e nos meios digitais&#8221; para permitir que os utentes contactem com familiares e amigos, atrav\u00e9s de telefone e videochamada.<\/p>\n<p class=\"text-paragraph\">No centro das preocupa\u00e7\u00f5es, e entre os focos de infe\u00e7\u00e3o mais problem\u00e1ticos no decurso da pandemia, os lares de idosos estiveram desde o in\u00edcio do per\u00edodo de emerg\u00eancia, nas preocupa\u00e7\u00f5es da Estrutura de Monitoriza\u00e7\u00e3o do Estado de Emerg\u00eancia (EMEE), segundo um relat\u00f3rio entregue na semana passada na Assembleia da Rep\u00fablica, uma preocupa\u00e7\u00e3o traduzida, por exemplo, nos milhares de testes de despiste realizados a utentes e profissionais dos lares.<\/p>\n<p class=\"text-paragraph\">O Governo refere no relat\u00f3rio que, durante o terceiro per\u00edodo do estado de emerg\u00eancia, entre 18 de abril e 02 de maio, foi feito um refor\u00e7o da capacidade de realiza\u00e7\u00e3o de testes em lares de idosos, abrangendo tanto utentes como os profissionais, tendo contribu\u00eddo o programa nacional de testes de despistagem da covid-19 a cargo da \u00e1rea do trabalho, solidariedade e seguran\u00e7a social, com mais de 35 mil testes realizados, &#8220;em mais de 200 institui\u00e7\u00f5es&#8221;.<\/p>\n","protected":false},"excerpt":{"rendered":"<p>As visitas a idosos em lares voltam a estar autorizadas a partir desta segunda-feira, um regresso h\u00e1 muito pedido pelas IPSS, mas as Miseric\u00f3rdias do Alto Minho decidiram que os lares na regi\u00e3o s\u00f3 v\u00e3o abrir a visitas no final de maio. A reabertura dos lares a visitas de familiares a idosos foi anunciada a [&hellip;]<\/p>\n","protected":false},"author":15,"featured_media":42425,"comment_status":"closed","ping_status":"closed","sticky":false,"template":"","format":"standard","meta":{"_exactmetrics_skip_tracking":false,"_exactmetrics_sitenote_active":false,"_exactmetrics_sitenote_note":"","_exactmetrics_sitenote_category":0,"footnotes":""},"categories":[73],"tags":[27],"class_list":["post-46460","post","type-post","status-publish","format-standard","has-post-thumbnail","hentry","category-alto-minho","tag-sociedade"],"yoast_head":"<!-- This site is optimized with the Yoast SEO Premium plugin v27.4 (Yoast SEO v27.4) - https:\/\/yoast.com\/product\/yoast-seo-premium-wordpress\/ -->\n<title>Visitas aos lares de idosos permitidas a partir desta segunda-feira<\/title>\n<meta name=\"robots\" content=\"index, follow, max-snippet:-1, max-image-preview:large, max-video-preview:-1\" \/>\n<link rel=\"canonical\" href=\"https:\/\/www.altominho.tv\/site\/2020\/05\/18\/visitas-aos-lares-de-idosos-permitidas-a-partir-desta-segunda-feira\/\" \/>\n<meta property=\"og:locale\" content=\"pt_PT\" \/>\n<meta property=\"og:type\" content=\"article\" \/>\n<meta property=\"og:title\" content=\"Visitas aos lares de idosos permitidas a partir desta segunda-feira\" \/>\n<meta property=\"og:description\" content=\"As visitas a idosos em lares voltam a estar autorizadas a partir desta segunda-feira, um regresso h\u00e1 muito pedido pelas IPSS, mas as Miseric\u00f3rdias do Alto Minho decidiram que os lares na regi\u00e3o s\u00f3 v\u00e3o abrir a visitas no final de maio. A reabertura dos lares a visitas de familiares a idosos foi anunciada a [&hellip;]\" \/>\n<meta property=\"og:url\" content=\"https:\/\/www.altominho.tv\/site\/2020\/05\/18\/visitas-aos-lares-de-idosos-permitidas-a-partir-desta-segunda-feira\/\" \/>\n<meta property=\"og:site_name\" content=\"Altominho.tv\" \/>\n<meta property=\"article:publisher\" content=\"https:\/\/www.facebook.com\/altominhotv\" \/>\n<meta property=\"article:published_time\" content=\"2020-05-18T09:40:13+00:00\" \/>\n<meta property=\"article:modified_time\" content=\"2020-05-18T09:40:18+00:00\" \/>\n<meta property=\"og:image\" content=\"https:\/\/www.altominho.tv\/site\/wp-content\/uploads\/2020\/03\/hand-3666974_1920.jpg\" \/>\n\t<meta property=\"og:image:width\" content=\"1920\" \/>\n\t<meta property=\"og:image:height\" content=\"1280\" \/>\n\t<meta property=\"og:image:type\" content=\"image\/jpeg\" \/>\n<meta name=\"author\" content=\"Andreia Ferreira | Lusa\" \/>\n<meta name=\"twitter:card\" content=\"summary_large_image\" \/>\n<meta name=\"twitter:creator\" content=\"@altominhoTV\" \/>\n<meta name=\"twitter:site\" content=\"@altominhoTV\" \/>\n<meta name=\"twitter:label1\" content=\"Escrito por\" \/>\n\t<meta name=\"twitter:data1\" content=\"Andreia Ferreira | Lusa\" \/>\n\t<meta name=\"twitter:label2\" content=\"Tempo estimado de leitura\" \/>\n\t<meta name=\"twitter:data2\" content=\"3 minutos\" \/>\n<script type=\"application\/ld+json\" class=\"yoast-schema-graph\">{\"@context\":\"https:\\\/\\\/schema.org\",\"@graph\":[{\"@type\":\"Article\",\"@id\":\"https:\\\/\\\/www.altominho.tv\\\/site\\\/2020\\\/05\\\/18\\\/visitas-aos-lares-de-idosos-permitidas-a-partir-desta-segunda-feira\\\/#article\",\"isPartOf\":{\"@id\":\"https:\\\/\\\/www.altominho.tv\\\/site\\\/2020\\\/05\\\/18\\\/visitas-aos-lares-de-idosos-permitidas-a-partir-desta-segunda-feira\\\/\"},\"author\":{\"name\":\"Andreia Ferreira | Lusa\",\"@id\":\"https:\\\/\\\/www.altominho.tv\\\/site\\\/#\\\/schema\\\/person\\\/a0bff6dc1041aadd46fa81887444b017\"},\"headline\":\"Visitas aos lares de idosos permitidas a partir desta segunda-feira\",\"datePublished\":\"2020-05-18T09:40:13+00:00\",\"dateModified\":\"2020-05-18T09:40:18+00:00\",\"mainEntityOfPage\":{\"@id\":\"https:\\\/\\\/www.altominho.tv\\\/site\\\/2020\\\/05\\\/18\\\/visitas-aos-lares-de-idosos-permitidas-a-partir-desta-segunda-feira\\\/\"},\"wordCount\":560,\"image\":{\"@id\":\"https:\\\/\\\/www.altominho.tv\\\/site\\\/2020\\\/05\\\/18\\\/visitas-aos-lares-de-idosos-permitidas-a-partir-desta-segunda-feira\\\/#primaryimage\"},\"thumbnailUrl\":\"https:\\\/\\\/www.altominho.tv\\\/site\\\/wp-content\\\/uploads\\\/2020\\\/03\\\/hand-3666974_1920.jpg\",\"keywords\":[\"Sociedade\"],\"articleSection\":[\"Alto Minho\"],\"inLanguage\":\"pt-PT\",\"copyrightYear\":\"2020\",\"copyrightHolder\":{\"@id\":\"https:\\\/\\\/www.altominho.tv\\\/site\\\/#organization\"}},{\"@type\":\"WebPage\",\"@id\":\"https:\\\/\\\/www.altominho.tv\\\/site\\\/2020\\\/05\\\/18\\\/visitas-aos-lares-de-idosos-permitidas-a-partir-desta-segunda-feira\\\/\",\"url\":\"https:\\\/\\\/www.altominho.tv\\\/site\\\/2020\\\/05\\\/18\\\/visitas-aos-lares-de-idosos-permitidas-a-partir-desta-segunda-feira\\\/\",\"name\":\"Visitas aos lares de idosos permitidas a partir desta segunda-feira\",\"isPartOf\":{\"@id\":\"https:\\\/\\\/www.altominho.tv\\\/site\\\/#website\"},\"primaryImageOfPage\":{\"@id\":\"https:\\\/\\\/www.altominho.tv\\\/site\\\/2020\\\/05\\\/18\\\/visitas-aos-lares-de-idosos-permitidas-a-partir-desta-segunda-feira\\\/#primaryimage\"},\"image\":{\"@id\":\"https:\\\/\\\/www.altominho.tv\\\/site\\\/2020\\\/05\\\/18\\\/visitas-aos-lares-de-idosos-permitidas-a-partir-desta-segunda-feira\\\/#primaryimage\"},\"thumbnailUrl\":\"https:\\\/\\\/www.altominho.tv\\\/site\\\/wp-content\\\/uploads\\\/2020\\\/03\\\/hand-3666974_1920.jpg\",\"datePublished\":\"2020-05-18T09:40:13+00:00\",\"dateModified\":\"2020-05-18T09:40:18+00:00\",\"author\":{\"@id\":\"https:\\\/\\\/www.altominho.tv\\\/site\\\/#\\\/schema\\\/person\\\/a0bff6dc1041aadd46fa81887444b017\"},\"breadcrumb\":{\"@id\":\"https:\\\/\\\/www.altominho.tv\\\/site\\\/2020\\\/05\\\/18\\\/visitas-aos-lares-de-idosos-permitidas-a-partir-desta-segunda-feira\\\/#breadcrumb\"},\"inLanguage\":\"pt-PT\",\"potentialAction\":[{\"@type\":\"ReadAction\",\"target\":[\"https:\\\/\\\/www.altominho.tv\\\/site\\\/2020\\\/05\\\/18\\\/visitas-aos-lares-de-idosos-permitidas-a-partir-desta-segunda-feira\\\/\"]}]},{\"@type\":\"ImageObject\",\"inLanguage\":\"pt-PT\",\"@id\":\"https:\\\/\\\/www.altominho.tv\\\/site\\\/2020\\\/05\\\/18\\\/visitas-aos-lares-de-idosos-permitidas-a-partir-desta-segunda-feira\\\/#primaryimage\",\"url\":\"https:\\\/\\\/www.altominho.tv\\\/site\\\/wp-content\\\/uploads\\\/2020\\\/03\\\/hand-3666974_1920.jpg\",\"contentUrl\":\"https:\\\/\\\/www.altominho.tv\\\/site\\\/wp-content\\\/uploads\\\/2020\\\/03\\\/hand-3666974_1920.jpg\",\"width\":1920,\"height\":1280,\"caption\":\"PIXABAY\"},{\"@type\":\"BreadcrumbList\",\"@id\":\"https:\\\/\\\/www.altominho.tv\\\/site\\\/2020\\\/05\\\/18\\\/visitas-aos-lares-de-idosos-permitidas-a-partir-desta-segunda-feira\\\/#breadcrumb\",\"itemListElement\":[{\"@type\":\"ListItem\",\"position\":1,\"name\":\"In\u00edcio\",\"item\":\"https:\\\/\\\/www.altominho.tv\\\/site\\\/\"},{\"@type\":\"ListItem\",\"position\":2,\"name\":\"Visitas aos lares de idosos permitidas a partir desta segunda-feira\"}]},{\"@type\":\"WebSite\",\"@id\":\"https:\\\/\\\/www.altominho.tv\\\/site\\\/#website\",\"url\":\"https:\\\/\\\/www.altominho.tv\\\/site\\\/\",\"name\":\"Altominho.tv\",\"description\":\"A sua regi\u00e3o \u00e0 dist\u00e2ncia de um clique...\",\"potentialAction\":[{\"@type\":\"SearchAction\",\"target\":{\"@type\":\"EntryPoint\",\"urlTemplate\":\"https:\\\/\\\/www.altominho.tv\\\/site\\\/?s={search_term_string}\"},\"query-input\":{\"@type\":\"PropertyValueSpecification\",\"valueRequired\":true,\"valueName\":\"search_term_string\"}}],\"inLanguage\":\"pt-PT\"},{\"@type\":\"Person\",\"@id\":\"https:\\\/\\\/www.altominho.tv\\\/site\\\/#\\\/schema\\\/person\\\/a0bff6dc1041aadd46fa81887444b017\",\"name\":\"Andreia Ferreira | Lusa\",\"image\":{\"@type\":\"ImageObject\",\"inLanguage\":\"pt-PT\",\"@id\":\"https:\\\/\\\/www.altominho.tv\\\/site\\\/wp-content\\\/uploads\\\/2018\\\/04\\\/Andreia-150x150.jpg\",\"url\":\"https:\\\/\\\/www.altominho.tv\\\/site\\\/wp-content\\\/uploads\\\/2018\\\/04\\\/Andreia-150x150.jpg\",\"contentUrl\":\"https:\\\/\\\/www.altominho.tv\\\/site\\\/wp-content\\\/uploads\\\/2018\\\/04\\\/Andreia-150x150.jpg\",\"caption\":\"Andreia Ferreira | Lusa\"},\"sameAs\":[\"https:\\\/\\\/www.altominho.tv\\\/site\"],\"url\":\"https:\\\/\\\/www.altominho.tv\\\/site\\\/author\\\/andreiaferreiralusa\\\/\"}]}<\/script>\n<!-- \/ Yoast SEO Premium plugin. -->","yoast_head_json":{"title":"Visitas aos lares de idosos permitidas a partir desta segunda-feira","robots":{"index":"index","follow":"follow","max-snippet":"max-snippet:-1","max-image-preview":"max-image-preview:large","max-video-preview":"max-video-preview:-1"},"canonical":"https:\/\/www.altominho.tv\/site\/2020\/05\/18\/visitas-aos-lares-de-idosos-permitidas-a-partir-desta-segunda-feira\/","og_locale":"pt_PT","og_type":"article","og_title":"Visitas aos lares de idosos permitidas a partir desta segunda-feira","og_description":"As visitas a idosos em lares voltam a estar autorizadas a partir desta segunda-feira, um regresso h\u00e1 muito pedido pelas IPSS, mas as Miseric\u00f3rdias do Alto Minho decidiram que os lares na regi\u00e3o s\u00f3 v\u00e3o abrir a visitas no final de maio. A reabertura dos lares a visitas de familiares a idosos foi anunciada a [&hellip;]","og_url":"https:\/\/www.altominho.tv\/site\/2020\/05\/18\/visitas-aos-lares-de-idosos-permitidas-a-partir-desta-segunda-feira\/","og_site_name":"Altominho.tv","article_publisher":"https:\/\/www.facebook.com\/altominhotv","article_published_time":"2020-05-18T09:40:13+00:00","article_modified_time":"2020-05-18T09:40:18+00:00","og_image":[{"width":1920,"height":1280,"url":"https:\/\/www.altominho.tv\/site\/wp-content\/uploads\/2020\/03\/hand-3666974_1920.jpg","type":"image\/jpeg"}],"author":"Andreia Ferreira | Lusa","twitter_card":"summary_large_image","twitter_creator":"@altominhoTV","twitter_site":"@altominhoTV","twitter_misc":{"Escrito por":"Andreia Ferreira | Lusa","Tempo estimado de leitura":"3 minutos"},"schema":{"@context":"https:\/\/schema.org","@graph":[{"@type":"Article","@id":"https:\/\/www.altominho.tv\/site\/2020\/05\/18\/visitas-aos-lares-de-idosos-permitidas-a-partir-desta-segunda-feira\/#article","isPartOf":{"@id":"https:\/\/www.altominho.tv\/site\/2020\/05\/18\/visitas-aos-lares-de-idosos-permitidas-a-partir-desta-segunda-feira\/"},"author":{"name":"Andreia Ferreira | Lusa","@id":"https:\/\/www.altominho.tv\/site\/#\/schema\/person\/a0bff6dc1041aadd46fa81887444b017"},"headline":"Visitas aos lares de idosos permitidas a partir desta segunda-feira","datePublished":"2020-05-18T09:40:13+00:00","dateModified":"2020-05-18T09:40:18+00:00","mainEntityOfPage":{"@id":"https:\/\/www.altominho.tv\/site\/2020\/05\/18\/visitas-aos-lares-de-idosos-permitidas-a-partir-desta-segunda-feira\/"},"wordCount":560,"image":{"@id":"https:\/\/www.altominho.tv\/site\/2020\/05\/18\/visitas-aos-lares-de-idosos-permitidas-a-partir-desta-segunda-feira\/#primaryimage"},"thumbnailUrl":"https:\/\/www.altominho.tv\/site\/wp-content\/uploads\/2020\/03\/hand-3666974_1920.jpg","keywords":["Sociedade"],"articleSection":["Alto Minho"],"inLanguage":"pt-PT","copyrightYear":"2020","copyrightHolder":{"@id":"https:\/\/www.altominho.tv\/site\/#organization"}},{"@type":"WebPage","@id":"https:\/\/www.altominho.tv\/site\/2020\/05\/18\/visitas-aos-lares-de-idosos-permitidas-a-partir-desta-segunda-feira\/","url":"https:\/\/www.altominho.tv\/site\/2020\/05\/18\/visitas-aos-lares-de-idosos-permitidas-a-partir-desta-segunda-feira\/","name":"Visitas aos lares de idosos permitidas a partir desta segunda-feira","isPartOf":{"@id":"https:\/\/www.altominho.tv\/site\/#website"},"primaryImageOfPage":{"@id":"https:\/\/www.altominho.tv\/site\/2020\/05\/18\/visitas-aos-lares-de-idosos-permitidas-a-partir-desta-segunda-feira\/#primaryimage"},"image":{"@id":"https:\/\/www.altominho.tv\/site\/2020\/05\/18\/visitas-aos-lares-de-idosos-permitidas-a-partir-desta-segunda-feira\/#primaryimage"},"thumbnailUrl":"https:\/\/www.altominho.tv\/site\/wp-content\/uploads\/2020\/03\/hand-3666974_1920.jpg","datePublished":"2020-05-18T09:40:13+00:00","dateModified":"2020-05-18T09:40:18+00:00","author":{"@id":"https:\/\/www.altominho.tv\/site\/#\/schema\/person\/a0bff6dc1041aadd46fa81887444b017"},"breadcrumb":{"@id":"https:\/\/www.altominho.tv\/site\/2020\/05\/18\/visitas-aos-lares-de-idosos-permitidas-a-partir-desta-segunda-feira\/#breadcrumb"},"inLanguage":"pt-PT","potentialAction":[{"@type":"ReadAction","target":["https:\/\/www.altominho.tv\/site\/2020\/05\/18\/visitas-aos-lares-de-idosos-permitidas-a-partir-desta-segunda-feira\/"]}]},{"@type":"ImageObject","inLanguage":"pt-PT","@id":"https:\/\/www.altominho.tv\/site\/2020\/05\/18\/visitas-aos-lares-de-idosos-permitidas-a-partir-desta-segunda-feira\/#primaryimage","url":"https:\/\/www.altominho.tv\/site\/wp-content\/uploads\/2020\/03\/hand-3666974_1920.jpg","contentUrl":"https:\/\/www.altominho.tv\/site\/wp-content\/uploads\/2020\/03\/hand-3666974_1920.jpg","width":1920,"height":1280,"caption":"PIXABAY"},{"@type":"BreadcrumbList","@id":"https:\/\/www.altominho.tv\/site\/2020\/05\/18\/visitas-aos-lares-de-idosos-permitidas-a-partir-desta-segunda-feira\/#breadcrumb","itemListElement":[{"@type":"ListItem","position":1,"name":"In\u00edcio","item":"https:\/\/www.altominho.tv\/site\/"},{"@type":"ListItem","position":2,"name":"Visitas aos lares de idosos permitidas a partir desta segunda-feira"}]},{"@type":"WebSite","@id":"https:\/\/www.altominho.tv\/site\/#website","url":"https:\/\/www.altominho.tv\/site\/","name":"Altominho.tv","description":"A sua regi\u00e3o \u00e0 dist\u00e2ncia de um clique...","potentialAction":[{"@type":"SearchAction","target":{"@type":"EntryPoint","urlTemplate":"https:\/\/www.altominho.tv\/site\/?s={search_term_string}"},"query-input":{"@type":"PropertyValueSpecification","valueRequired":true,"valueName":"search_term_string"}}],"inLanguage":"pt-PT"},{"@type":"Person","@id":"https:\/\/www.altominho.tv\/site\/#\/schema\/person\/a0bff6dc1041aadd46fa81887444b017","name":"Andreia Ferreira | Lusa","image":{"@type":"ImageObject","inLanguage":"pt-PT","@id":"https:\/\/www.altominho.tv\/site\/wp-content\/uploads\/2018\/04\/Andreia-150x150.jpg","url":"https:\/\/www.altominho.tv\/site\/wp-content\/uploads\/2018\/04\/Andreia-150x150.jpg","contentUrl":"https:\/\/www.altominho.tv\/site\/wp-content\/uploads\/2018\/04\/Andreia-150x150.jpg","caption":"Andreia Ferreira | Lusa"},"sameAs":["https:\/\/www.altominho.tv\/site"],"url":"https:\/\/www.altominho.tv\/site\/author\/andreiaferreiralusa\/"}]}},"_links":{"self":[{"href":"https:\/\/www.altominho.tv\/site\/wp-json\/wp\/v2\/posts\/46460","targetHints":{"allow":["GET"]}}],"collection":[{"href":"https:\/\/www.altominho.tv\/site\/wp-json\/wp\/v2\/posts"}],"about":[{"href":"https:\/\/www.altominho.tv\/site\/wp-json\/wp\/v2\/types\/post"}],"author":[{"embeddable":true,"href":"https:\/\/www.altominho.tv\/site\/wp-json\/wp\/v2\/users\/15"}],"replies":[{"embeddable":true,"href":"https:\/\/www.altominho.tv\/site\/wp-json\/wp\/v2\/comments?post=46460"}],"version-history":[{"count":0,"href":"https:\/\/www.altominho.tv\/site\/wp-json\/wp\/v2\/posts\/46460\/revisions"}],"wp:featuredmedia":[{"embeddable":true,"href":"https:\/\/www.altominho.tv\/site\/wp-json\/wp\/v2\/media\/42425"}],"wp:attachment":[{"href":"https:\/\/www.altominho.tv\/site\/wp-json\/wp\/v2\/media?parent=46460"}],"wp:term":[{"taxonomy":"category","embeddable":true,"href":"https:\/\/www.altominho.tv\/site\/wp-json\/wp\/v2\/categories?post=46460"},{"taxonomy":"post_tag","embeddable":true,"href":"https:\/\/www.altominho.tv\/site\/wp-json\/wp\/v2\/tags?post=46460"}],"curies":[{"name":"wp","href":"https:\/\/api.w.org\/{rel}","templated":true}]}}