{"id":46456,"date":"2020-05-17T11:10:12","date_gmt":"2020-05-17T10:10:12","guid":{"rendered":"http:\/\/www.altominho.tv\/site\/?p=46456"},"modified":"2020-05-17T11:10:16","modified_gmt":"2020-05-17T10:10:16","slug":"mais-de-15-000-familias-recorreram-ao-pagamento-faseado-da-luz","status":"publish","type":"post","link":"https:\/\/www.altominho.tv\/site\/2020\/05\/17\/mais-de-15-000-familias-recorreram-ao-pagamento-faseado-da-luz\/","title":{"rendered":"Mais de 15.000 fam\u00edlias recorreram ao pagamento faseado da luz"},"content":{"rendered":"\n<p>Mais de 15.000 fam\u00edlias, 2.000 pequenos neg\u00f3cios e cerca de 300 empresas recorreram aos planos flex\u00edveis de pagamento lan\u00e7ados pela EDP Comercial, no \u00e2mbito da pandemia de covid-19, disse \u00e0 Lusa a presidente executiva da empresa.<\/p>\n\n\n\n<p>&#8220;\u00c0 data temos cerca 18.000 acordos de pagamento em vigor: s\u00e3o mais de 15.000 fam\u00edlias, 2.000 pequenos neg\u00f3cios e cerca de 300 empresas, onde a EDP comercial faseou o pagamento ao longo de seis a 12 meses, sem juros, representando um apoio no valor de 20 milh\u00f5es de euros&#8221;, afirmou em declara\u00e7\u00f5es \u00e0 ag\u00eancia Lusa Vera Pinto Pereira.<\/p>\n\n\n\n<p>De acordo com a CEO da EDP Comercial, &#8220;todos os acordos [de flexibiliza\u00e7\u00e3o de pagamento] que foram solicitados foram aceites e implementados&#8221;, referindo que &#8220;d\u00e1 mais ou menos uma m\u00e9dia de 400 pedidos por dia ao longo deste per\u00edodo&#8221;.<\/p>\n\n\n\n<p>A EDP Comercial, que \u00e9 o maior comercializador de eletricidade em mercado livre, prev\u00ea retomar o corte do fornecimento de energia por falta de pagamento a partir de 01 de julho, que esteve suspenso desde 06 de mar\u00e7o, prevendo a partir da pr\u00f3xima semana come\u00e7ar a contactar os clientes com pagamentos em atraso.<\/p>\n\n\n\n<p>Segundo Vera Pinto Pereira, &#8220;o prazo de aviso aos clientes ser\u00e1 alargado, para 50 dias, que \u00e9 mais do dobro do prazo dado num per\u00edodo normal&#8221;. Nesse per\u00edodo de pr\u00e9-aviso, os clientes ter\u00e3o a possibilidade de pagar ou pedir a flexibiliza\u00e7\u00e3o do pagamento das faturas em atraso, nas mesmas condi\u00e7\u00f5es que vigoraram durante o estado de emerg\u00eancia (seis a 12 meses, sem juros).<\/p>\n\n\n\n<p>&#8220;A partir da pr\u00f3xima semana, os clientes come\u00e7am a ser contactados, mas o corte de fornecimento s\u00f3 se processar\u00e1 a partir de 01 de julho, para haver tempo para as fam\u00edlias e as empresas planearem os seus pagamentos e assim evitar esse corte. No fundo \u00e9 uma retoma gradual na normalidade que \u00e9 necess\u00e1ria&#8221;, declarou.<\/p>\n\n\n\n<p>Um dia depois da EDP comercial ter comunicado a suspens\u00e3o dos cortes no fornecimento de energia, a Entidade Reguladora dos Servi\u00e7os Energ\u00e9ticos (ERSE) anunciou condi\u00e7\u00f5es excecionais para evitar cortes no fornecimento de eletricidade, g\u00e1s natural e de gases de petr\u00f3leo liquefeito (GPL) canalizados, na sequ\u00eancia dos efeitos da pandemia de covid-19.<\/p>\n\n\n\n<p>Antecipando poss\u00edveis dificuldades de pagamento por parte dos consumidores, a ERSE determinou que o prazo de pr\u00e9-aviso de interrup\u00e7\u00e3o de fornecimento para os clientes dom\u00e9sticos fosse alargado por mais 30 dias, somando-os aos 20 j\u00e1 obrigat\u00f3rios.<\/p>\n\n\n\n<p>O pa\u00eds entrou no dia 03 de maio em situa\u00e7\u00e3o de calamidade devido \u00e0 pandemia, depois de tr\u00eas per\u00edodos consecutivos em estado de emerg\u00eancia desde 19 de mar\u00e7o.<\/p>\n","protected":false},"excerpt":{"rendered":"<p>Mais de 15.000 fam\u00edlias, 2.000 pequenos neg\u00f3cios e cerca de 300 empresas recorreram aos planos flex\u00edveis de pagamento lan\u00e7ados pela EDP Comercial, no \u00e2mbito da pandemia de covid-19, disse \u00e0 Lusa a presidente executiva da empresa. &#8220;\u00c0 data temos cerca 18.000 acordos de pagamento em vigor: s\u00e3o mais de 15.000 fam\u00edlias, 2.000 pequenos neg\u00f3cios e [&hellip;]<\/p>\n","protected":false},"author":16,"featured_media":46457,"comment_status":"closed","ping_status":"closed","sticky":false,"template":"","format":"standard","meta":{"_exactmetrics_skip_tracking":false,"_exactmetrics_sitenote_active":false,"_exactmetrics_sitenote_note":"","_exactmetrics_sitenote_category":0,"footnotes":""},"categories":[73],"tags":[21,27],"class_list":["post-46456","post","type-post","status-publish","format-standard","has-post-thumbnail","hentry","category-alto-minho","tag-economia","tag-sociedade"],"yoast_head":"<!-- This site is optimized with the Yoast SEO Premium plugin v27.4 (Yoast SEO v27.4) - https:\/\/yoast.com\/product\/yoast-seo-premium-wordpress\/ -->\n<title>Mais de 15.000 fam\u00edlias recorreram ao pagamento faseado da luz<\/title>\n<meta name=\"robots\" content=\"index, follow, max-snippet:-1, max-image-preview:large, max-video-preview:-1\" \/>\n<link rel=\"canonical\" href=\"https:\/\/www.altominho.tv\/site\/2020\/05\/17\/mais-de-15-000-familias-recorreram-ao-pagamento-faseado-da-luz\/\" \/>\n<meta property=\"og:locale\" content=\"pt_PT\" \/>\n<meta property=\"og:type\" content=\"article\" \/>\n<meta property=\"og:title\" content=\"Mais de 15.000 fam\u00edlias recorreram ao pagamento faseado da luz\" \/>\n<meta property=\"og:description\" content=\"Mais de 15.000 fam\u00edlias, 2.000 pequenos neg\u00f3cios e cerca de 300 empresas recorreram aos planos flex\u00edveis de pagamento lan\u00e7ados pela EDP Comercial, no \u00e2mbito da pandemia de covid-19, disse \u00e0 Lusa a presidente executiva da empresa. &#8220;\u00c0 data temos cerca 18.000 acordos de pagamento em vigor: s\u00e3o mais de 15.000 fam\u00edlias, 2.000 pequenos neg\u00f3cios e [&hellip;]\" \/>\n<meta property=\"og:url\" content=\"https:\/\/www.altominho.tv\/site\/2020\/05\/17\/mais-de-15-000-familias-recorreram-ao-pagamento-faseado-da-luz\/\" \/>\n<meta property=\"og:site_name\" content=\"Altominho.tv\" \/>\n<meta property=\"article:publisher\" content=\"https:\/\/www.facebook.com\/altominhotv\" \/>\n<meta property=\"article:published_time\" content=\"2020-05-17T10:10:12+00:00\" \/>\n<meta property=\"article:modified_time\" content=\"2020-05-17T10:10:16+00:00\" \/>\n<meta property=\"og:image\" content=\"https:\/\/www.altominho.tv\/site\/wp-content\/uploads\/2020\/05\/edp_4.jpg\" \/>\n\t<meta property=\"og:image:width\" content=\"960\" \/>\n\t<meta property=\"og:image:height\" content=\"600\" \/>\n\t<meta property=\"og:image:type\" content=\"image\/jpeg\" \/>\n<meta name=\"author\" content=\"Andreia Cunha | Lusa\" \/>\n<meta name=\"twitter:card\" content=\"summary_large_image\" \/>\n<meta name=\"twitter:creator\" content=\"@altominhoTV\" \/>\n<meta name=\"twitter:site\" content=\"@altominhoTV\" \/>\n<meta name=\"twitter:label1\" content=\"Escrito por\" \/>\n\t<meta name=\"twitter:data1\" content=\"Andreia Cunha | Lusa\" \/>\n\t<meta name=\"twitter:label2\" content=\"Tempo estimado de leitura\" \/>\n\t<meta name=\"twitter:data2\" content=\"2 minutos\" \/>\n<script type=\"application\/ld+json\" class=\"yoast-schema-graph\">{\"@context\":\"https:\\\/\\\/schema.org\",\"@graph\":[{\"@type\":\"Article\",\"@id\":\"https:\\\/\\\/www.altominho.tv\\\/site\\\/2020\\\/05\\\/17\\\/mais-de-15-000-familias-recorreram-ao-pagamento-faseado-da-luz\\\/#article\",\"isPartOf\":{\"@id\":\"https:\\\/\\\/www.altominho.tv\\\/site\\\/2020\\\/05\\\/17\\\/mais-de-15-000-familias-recorreram-ao-pagamento-faseado-da-luz\\\/\"},\"author\":{\"name\":\"Andreia Cunha | Lusa\",\"@id\":\"https:\\\/\\\/www.altominho.tv\\\/site\\\/#\\\/schema\\\/person\\\/dbaf181c01b51ff40c9f461a905d321e\"},\"headline\":\"Mais de 15.000 fam\u00edlias recorreram ao pagamento faseado da luz\",\"datePublished\":\"2020-05-17T10:10:12+00:00\",\"dateModified\":\"2020-05-17T10:10:16+00:00\",\"mainEntityOfPage\":{\"@id\":\"https:\\\/\\\/www.altominho.tv\\\/site\\\/2020\\\/05\\\/17\\\/mais-de-15-000-familias-recorreram-ao-pagamento-faseado-da-luz\\\/\"},\"wordCount\":447,\"image\":{\"@id\":\"https:\\\/\\\/www.altominho.tv\\\/site\\\/2020\\\/05\\\/17\\\/mais-de-15-000-familias-recorreram-ao-pagamento-faseado-da-luz\\\/#primaryimage\"},\"thumbnailUrl\":\"https:\\\/\\\/www.altominho.tv\\\/site\\\/wp-content\\\/uploads\\\/2020\\\/05\\\/edp_4.jpg\",\"keywords\":[\"Economia\",\"Sociedade\"],\"articleSection\":[\"Alto Minho\"],\"inLanguage\":\"pt-PT\",\"copyrightYear\":\"2020\",\"copyrightHolder\":{\"@id\":\"https:\\\/\\\/www.altominho.tv\\\/site\\\/#organization\"}},{\"@type\":\"WebPage\",\"@id\":\"https:\\\/\\\/www.altominho.tv\\\/site\\\/2020\\\/05\\\/17\\\/mais-de-15-000-familias-recorreram-ao-pagamento-faseado-da-luz\\\/\",\"url\":\"https:\\\/\\\/www.altominho.tv\\\/site\\\/2020\\\/05\\\/17\\\/mais-de-15-000-familias-recorreram-ao-pagamento-faseado-da-luz\\\/\",\"name\":\"Mais de 15.000 fam\u00edlias recorreram ao pagamento faseado da luz\",\"isPartOf\":{\"@id\":\"https:\\\/\\\/www.altominho.tv\\\/site\\\/#website\"},\"primaryImageOfPage\":{\"@id\":\"https:\\\/\\\/www.altominho.tv\\\/site\\\/2020\\\/05\\\/17\\\/mais-de-15-000-familias-recorreram-ao-pagamento-faseado-da-luz\\\/#primaryimage\"},\"image\":{\"@id\":\"https:\\\/\\\/www.altominho.tv\\\/site\\\/2020\\\/05\\\/17\\\/mais-de-15-000-familias-recorreram-ao-pagamento-faseado-da-luz\\\/#primaryimage\"},\"thumbnailUrl\":\"https:\\\/\\\/www.altominho.tv\\\/site\\\/wp-content\\\/uploads\\\/2020\\\/05\\\/edp_4.jpg\",\"datePublished\":\"2020-05-17T10:10:12+00:00\",\"dateModified\":\"2020-05-17T10:10:16+00:00\",\"author\":{\"@id\":\"https:\\\/\\\/www.altominho.tv\\\/site\\\/#\\\/schema\\\/person\\\/dbaf181c01b51ff40c9f461a905d321e\"},\"breadcrumb\":{\"@id\":\"https:\\\/\\\/www.altominho.tv\\\/site\\\/2020\\\/05\\\/17\\\/mais-de-15-000-familias-recorreram-ao-pagamento-faseado-da-luz\\\/#breadcrumb\"},\"inLanguage\":\"pt-PT\",\"potentialAction\":[{\"@type\":\"ReadAction\",\"target\":[\"https:\\\/\\\/www.altominho.tv\\\/site\\\/2020\\\/05\\\/17\\\/mais-de-15-000-familias-recorreram-ao-pagamento-faseado-da-luz\\\/\"]}]},{\"@type\":\"ImageObject\",\"inLanguage\":\"pt-PT\",\"@id\":\"https:\\\/\\\/www.altominho.tv\\\/site\\\/2020\\\/05\\\/17\\\/mais-de-15-000-familias-recorreram-ao-pagamento-faseado-da-luz\\\/#primaryimage\",\"url\":\"https:\\\/\\\/www.altominho.tv\\\/site\\\/wp-content\\\/uploads\\\/2020\\\/05\\\/edp_4.jpg\",\"contentUrl\":\"https:\\\/\\\/www.altominho.tv\\\/site\\\/wp-content\\\/uploads\\\/2020\\\/05\\\/edp_4.jpg\",\"width\":960,\"height\":600},{\"@type\":\"BreadcrumbList\",\"@id\":\"https:\\\/\\\/www.altominho.tv\\\/site\\\/2020\\\/05\\\/17\\\/mais-de-15-000-familias-recorreram-ao-pagamento-faseado-da-luz\\\/#breadcrumb\",\"itemListElement\":[{\"@type\":\"ListItem\",\"position\":1,\"name\":\"In\u00edcio\",\"item\":\"https:\\\/\\\/www.altominho.tv\\\/site\\\/\"},{\"@type\":\"ListItem\",\"position\":2,\"name\":\"Mais de 15.000 fam\u00edlias recorreram ao pagamento faseado da luz\"}]},{\"@type\":\"WebSite\",\"@id\":\"https:\\\/\\\/www.altominho.tv\\\/site\\\/#website\",\"url\":\"https:\\\/\\\/www.altominho.tv\\\/site\\\/\",\"name\":\"Altominho.tv\",\"description\":\"A sua regi\u00e3o \u00e0 dist\u00e2ncia de um clique...\",\"potentialAction\":[{\"@type\":\"SearchAction\",\"target\":{\"@type\":\"EntryPoint\",\"urlTemplate\":\"https:\\\/\\\/www.altominho.tv\\\/site\\\/?s={search_term_string}\"},\"query-input\":{\"@type\":\"PropertyValueSpecification\",\"valueRequired\":true,\"valueName\":\"search_term_string\"}}],\"inLanguage\":\"pt-PT\"},{\"@type\":\"Person\",\"@id\":\"https:\\\/\\\/www.altominho.tv\\\/site\\\/#\\\/schema\\\/person\\\/dbaf181c01b51ff40c9f461a905d321e\",\"name\":\"Andreia Cunha | Lusa\",\"image\":{\"@type\":\"ImageObject\",\"inLanguage\":\"pt-PT\",\"@id\":\"https:\\\/\\\/www.altominho.tv\\\/site\\\/wp-content\\\/uploads\\\/2017\\\/11\\\/Andreia_Cunha-1-150x150.jpg\",\"url\":\"https:\\\/\\\/www.altominho.tv\\\/site\\\/wp-content\\\/uploads\\\/2017\\\/11\\\/Andreia_Cunha-1-150x150.jpg\",\"contentUrl\":\"https:\\\/\\\/www.altominho.tv\\\/site\\\/wp-content\\\/uploads\\\/2017\\\/11\\\/Andreia_Cunha-1-150x150.jpg\",\"caption\":\"Andreia Cunha | Lusa\"},\"sameAs\":[\"https:\\\/\\\/www.altominho.tv\\\/site\"],\"url\":\"https:\\\/\\\/www.altominho.tv\\\/site\\\/author\\\/andreiacunhalusa\\\/\"}]}<\/script>\n<!-- \/ Yoast SEO Premium plugin. -->","yoast_head_json":{"title":"Mais de 15.000 fam\u00edlias recorreram ao pagamento faseado da luz","robots":{"index":"index","follow":"follow","max-snippet":"max-snippet:-1","max-image-preview":"max-image-preview:large","max-video-preview":"max-video-preview:-1"},"canonical":"https:\/\/www.altominho.tv\/site\/2020\/05\/17\/mais-de-15-000-familias-recorreram-ao-pagamento-faseado-da-luz\/","og_locale":"pt_PT","og_type":"article","og_title":"Mais de 15.000 fam\u00edlias recorreram ao pagamento faseado da luz","og_description":"Mais de 15.000 fam\u00edlias, 2.000 pequenos neg\u00f3cios e cerca de 300 empresas recorreram aos planos flex\u00edveis de pagamento lan\u00e7ados pela EDP Comercial, no \u00e2mbito da pandemia de covid-19, disse \u00e0 Lusa a presidente executiva da empresa. &#8220;\u00c0 data temos cerca 18.000 acordos de pagamento em vigor: s\u00e3o mais de 15.000 fam\u00edlias, 2.000 pequenos neg\u00f3cios e [&hellip;]","og_url":"https:\/\/www.altominho.tv\/site\/2020\/05\/17\/mais-de-15-000-familias-recorreram-ao-pagamento-faseado-da-luz\/","og_site_name":"Altominho.tv","article_publisher":"https:\/\/www.facebook.com\/altominhotv","article_published_time":"2020-05-17T10:10:12+00:00","article_modified_time":"2020-05-17T10:10:16+00:00","og_image":[{"width":960,"height":600,"url":"https:\/\/www.altominho.tv\/site\/wp-content\/uploads\/2020\/05\/edp_4.jpg","type":"image\/jpeg"}],"author":"Andreia Cunha | Lusa","twitter_card":"summary_large_image","twitter_creator":"@altominhoTV","twitter_site":"@altominhoTV","twitter_misc":{"Escrito por":"Andreia Cunha | Lusa","Tempo estimado de leitura":"2 minutos"},"schema":{"@context":"https:\/\/schema.org","@graph":[{"@type":"Article","@id":"https:\/\/www.altominho.tv\/site\/2020\/05\/17\/mais-de-15-000-familias-recorreram-ao-pagamento-faseado-da-luz\/#article","isPartOf":{"@id":"https:\/\/www.altominho.tv\/site\/2020\/05\/17\/mais-de-15-000-familias-recorreram-ao-pagamento-faseado-da-luz\/"},"author":{"name":"Andreia Cunha | Lusa","@id":"https:\/\/www.altominho.tv\/site\/#\/schema\/person\/dbaf181c01b51ff40c9f461a905d321e"},"headline":"Mais de 15.000 fam\u00edlias recorreram ao pagamento faseado da luz","datePublished":"2020-05-17T10:10:12+00:00","dateModified":"2020-05-17T10:10:16+00:00","mainEntityOfPage":{"@id":"https:\/\/www.altominho.tv\/site\/2020\/05\/17\/mais-de-15-000-familias-recorreram-ao-pagamento-faseado-da-luz\/"},"wordCount":447,"image":{"@id":"https:\/\/www.altominho.tv\/site\/2020\/05\/17\/mais-de-15-000-familias-recorreram-ao-pagamento-faseado-da-luz\/#primaryimage"},"thumbnailUrl":"https:\/\/www.altominho.tv\/site\/wp-content\/uploads\/2020\/05\/edp_4.jpg","keywords":["Economia","Sociedade"],"articleSection":["Alto Minho"],"inLanguage":"pt-PT","copyrightYear":"2020","copyrightHolder":{"@id":"https:\/\/www.altominho.tv\/site\/#organization"}},{"@type":"WebPage","@id":"https:\/\/www.altominho.tv\/site\/2020\/05\/17\/mais-de-15-000-familias-recorreram-ao-pagamento-faseado-da-luz\/","url":"https:\/\/www.altominho.tv\/site\/2020\/05\/17\/mais-de-15-000-familias-recorreram-ao-pagamento-faseado-da-luz\/","name":"Mais de 15.000 fam\u00edlias recorreram ao pagamento faseado da luz","isPartOf":{"@id":"https:\/\/www.altominho.tv\/site\/#website"},"primaryImageOfPage":{"@id":"https:\/\/www.altominho.tv\/site\/2020\/05\/17\/mais-de-15-000-familias-recorreram-ao-pagamento-faseado-da-luz\/#primaryimage"},"image":{"@id":"https:\/\/www.altominho.tv\/site\/2020\/05\/17\/mais-de-15-000-familias-recorreram-ao-pagamento-faseado-da-luz\/#primaryimage"},"thumbnailUrl":"https:\/\/www.altominho.tv\/site\/wp-content\/uploads\/2020\/05\/edp_4.jpg","datePublished":"2020-05-17T10:10:12+00:00","dateModified":"2020-05-17T10:10:16+00:00","author":{"@id":"https:\/\/www.altominho.tv\/site\/#\/schema\/person\/dbaf181c01b51ff40c9f461a905d321e"},"breadcrumb":{"@id":"https:\/\/www.altominho.tv\/site\/2020\/05\/17\/mais-de-15-000-familias-recorreram-ao-pagamento-faseado-da-luz\/#breadcrumb"},"inLanguage":"pt-PT","potentialAction":[{"@type":"ReadAction","target":["https:\/\/www.altominho.tv\/site\/2020\/05\/17\/mais-de-15-000-familias-recorreram-ao-pagamento-faseado-da-luz\/"]}]},{"@type":"ImageObject","inLanguage":"pt-PT","@id":"https:\/\/www.altominho.tv\/site\/2020\/05\/17\/mais-de-15-000-familias-recorreram-ao-pagamento-faseado-da-luz\/#primaryimage","url":"https:\/\/www.altominho.tv\/site\/wp-content\/uploads\/2020\/05\/edp_4.jpg","contentUrl":"https:\/\/www.altominho.tv\/site\/wp-content\/uploads\/2020\/05\/edp_4.jpg","width":960,"height":600},{"@type":"BreadcrumbList","@id":"https:\/\/www.altominho.tv\/site\/2020\/05\/17\/mais-de-15-000-familias-recorreram-ao-pagamento-faseado-da-luz\/#breadcrumb","itemListElement":[{"@type":"ListItem","position":1,"name":"In\u00edcio","item":"https:\/\/www.altominho.tv\/site\/"},{"@type":"ListItem","position":2,"name":"Mais de 15.000 fam\u00edlias recorreram ao pagamento faseado da luz"}]},{"@type":"WebSite","@id":"https:\/\/www.altominho.tv\/site\/#website","url":"https:\/\/www.altominho.tv\/site\/","name":"Altominho.tv","description":"A sua regi\u00e3o \u00e0 dist\u00e2ncia de um clique...","potentialAction":[{"@type":"SearchAction","target":{"@type":"EntryPoint","urlTemplate":"https:\/\/www.altominho.tv\/site\/?s={search_term_string}"},"query-input":{"@type":"PropertyValueSpecification","valueRequired":true,"valueName":"search_term_string"}}],"inLanguage":"pt-PT"},{"@type":"Person","@id":"https:\/\/www.altominho.tv\/site\/#\/schema\/person\/dbaf181c01b51ff40c9f461a905d321e","name":"Andreia Cunha | Lusa","image":{"@type":"ImageObject","inLanguage":"pt-PT","@id":"https:\/\/www.altominho.tv\/site\/wp-content\/uploads\/2017\/11\/Andreia_Cunha-1-150x150.jpg","url":"https:\/\/www.altominho.tv\/site\/wp-content\/uploads\/2017\/11\/Andreia_Cunha-1-150x150.jpg","contentUrl":"https:\/\/www.altominho.tv\/site\/wp-content\/uploads\/2017\/11\/Andreia_Cunha-1-150x150.jpg","caption":"Andreia Cunha | Lusa"},"sameAs":["https:\/\/www.altominho.tv\/site"],"url":"https:\/\/www.altominho.tv\/site\/author\/andreiacunhalusa\/"}]}},"_links":{"self":[{"href":"https:\/\/www.altominho.tv\/site\/wp-json\/wp\/v2\/posts\/46456","targetHints":{"allow":["GET"]}}],"collection":[{"href":"https:\/\/www.altominho.tv\/site\/wp-json\/wp\/v2\/posts"}],"about":[{"href":"https:\/\/www.altominho.tv\/site\/wp-json\/wp\/v2\/types\/post"}],"author":[{"embeddable":true,"href":"https:\/\/www.altominho.tv\/site\/wp-json\/wp\/v2\/users\/16"}],"replies":[{"embeddable":true,"href":"https:\/\/www.altominho.tv\/site\/wp-json\/wp\/v2\/comments?post=46456"}],"version-history":[{"count":0,"href":"https:\/\/www.altominho.tv\/site\/wp-json\/wp\/v2\/posts\/46456\/revisions"}],"wp:featuredmedia":[{"embeddable":true,"href":"https:\/\/www.altominho.tv\/site\/wp-json\/wp\/v2\/media\/46457"}],"wp:attachment":[{"href":"https:\/\/www.altominho.tv\/site\/wp-json\/wp\/v2\/media?parent=46456"}],"wp:term":[{"taxonomy":"category","embeddable":true,"href":"https:\/\/www.altominho.tv\/site\/wp-json\/wp\/v2\/categories?post=46456"},{"taxonomy":"post_tag","embeddable":true,"href":"https:\/\/www.altominho.tv\/site\/wp-json\/wp\/v2\/tags?post=46456"}],"curies":[{"name":"wp","href":"https:\/\/api.w.org\/{rel}","templated":true}]}}