{"id":46445,"date":"2020-05-17T09:23:30","date_gmt":"2020-05-17T08:23:30","guid":{"rendered":"http:\/\/www.altominho.tv\/site\/?p=46445"},"modified":"2020-05-17T09:23:35","modified_gmt":"2020-05-17T08:23:35","slug":"restaurantes-do-norte-preparam-se-para-reabertura","status":"publish","type":"post","link":"https:\/\/www.altominho.tv\/site\/2020\/05\/17\/restaurantes-do-norte-preparam-se-para-reabertura\/","title":{"rendered":"Restaurantes do Norte preparam-se para reabertura"},"content":{"rendered":"\n<p>Os restaurantes do Norte est\u00e3o a realizar neste fim de semana os \u00faltimos preparativos para o regresso \u00e0 atividade, condicionada pelas regras do desconfinamento devido \u00e0 covid-19.<br><\/p>\n\n\n\n<p>No Porto, a dias de reabrir as portas dos tr\u00eas estabelecimentos que gere na cidade, o Caf\u00e9 Santiago, Santiago da Pra\u00e7a e Santiago F, o administrador Rui Pereira j\u00e1 tem tudo delineado para confecionar as tradicionais francesinhas e at\u00e9 abriu uma exce\u00e7\u00e3o para prestar servi\u00e7o de \u2018take away\u2019.\u00a0<br><\/p>\n\n\n\n<p>Os 55 funcion\u00e1rios, em casa desde o dia 16 de mar\u00e7o, v\u00e3o passar a usar m\u00e1scara, e o habitual traje de trabalho, que inclui uma camisa, avental, &#8216;jeans&#8217; e sapatos \u201cque n\u00e3o andam na rua\u201d, vai ter de ser lavado diariamente a 60 graus.<br><\/p>\n\n\n\n<p>\u00c0 entrada de cada restaurante, os clientes, que s\u00e3o aconselhados\u00a0a usar m\u00e1scara, v\u00e3o encontrar um doseador de \u00e1lcool gel e, uma vez sentados, poder\u00e3o aceder ao menu \u2018online\u2019 ou em formato A3 plastificado, de forma a permitir a sua higieniza\u00e7\u00e3o.\u00a0<br><\/p>\n\n\n\n<p>Para ajustar a lota\u00e7\u00e3o dos espa\u00e7os \u00e0s normas da Dire\u00e7\u00e3o-Geral da Sa\u00fade, Rui Pereira vai recorrer \u00e0s pr\u00f3prias mesas (material que n\u00e3o tem capacidade de guardar no armaz\u00e9m) para manter o distanciamento entre os clientes.\u00a0<br><\/p>\n\n\n\n<p>A higieniza\u00e7\u00e3o dos talheres e servi\u00e7o de mesa j\u00e1 era feita, garante Rui Pereira \u00e0 Lusa, adiantando que todos os objetos eram lavados a 90 graus e individualmente desinfetados com uma solu\u00e7\u00e3o alco\u00f3lica, sendo que tamb\u00e9m nas mesas j\u00e1 eram utilizados individuais de papel.\u00a0<br><\/p>\n\n\n\n<p>Quanto \u00e0 reabertura, Rui Pereira n\u00e3o tem grandes expectativas, ali\u00e1s, acredita que o principal problema vai ser \u201ca falta de clientes\u201d, e considera que cabe \u00e0s autoridades oficiais tranquilizarem a popula\u00e7\u00e3o:\u00a0\u201cEnquanto n\u00e3o houver um apelo por parte das entidades oficiais para que as pessoas retomem \u00e0 vida normal, vamos ter que esperar\u201d.\u00a0<br><\/p>\n\n\n\n<p>Em Viana do Castelo, Ant\u00f3nio Camelo vai reabrir, na ter\u00e7a-feira, cerca de metade dos 560 lugares que tem dispon\u00edveis em tr\u00eas salas distribu\u00eddas pela quinta, em Santa Marta de Portuzelo, onde h\u00e1 37 anos se iniciou no neg\u00f3cio da restaura\u00e7\u00e3o. A folga semanal foi sempre gozada \u00e0 segunda-feira, e em estado de calamidade imposto pela pandemia de covid-19, o dia servir\u00e1 para \u201cultimar os preparativos da reabertura\u201d.<br><\/p>\n\n\n\n<p>\u201cTenho a sorte de ter espa\u00e7o mais do que suficiente para poder receber 50% dos clientes que recebia antes da pandemia, garantindo todas as condi\u00e7\u00f5es exigidas pela Dire\u00e7\u00e3o-Geral da Sa\u00fade (DGS)\u201d, afirmou o empres\u00e1rio de 77 anos.<br><\/p>\n\n\n\n<p>Al\u00e9m das tr\u00eas salas instaladas em tr\u00eas edif\u00edcios independentes, o restaurante de comida tradicional, que em 2019 recebeu da C\u00e2mara de Viana do Castelo o t\u00edtulo de Institui\u00e7\u00e3o de M\u00e9rito, tem ainda 300 lugares nas esplanadas criadas \u00e0 sombra das videiras e, para \u201cum plano B\u201d, a tenda de eventos com mil lugares\u201d.<br><\/p>\n\n\n\n<p>\u201cOxal\u00e1 que seja preciso recorrer ao plano B. Significaria que teria muita no restaurante. Gente que venha aqui por falta de espa\u00e7o de certeza que n\u00e3o vai embora\u201d, atirou o empres\u00e1rio.<br><\/p>\n\n\n\n<p>A prepara\u00e7\u00e3o da reabertura implicou uma \u201cverdadeira barrela\u201d \u00e0s instala\u00e7\u00f5es, \u201ccom desinfe\u00e7\u00f5es e medi\u00e7\u00f5es\u201d, forma\u00e7\u00e3o aos 20 funcion\u00e1rios \u201cfixos\u201d do restaurante encerrado h\u00e1 dois meses e a acumular preju\u00edzos \u201carrepiantes\u201d.<br><\/p>\n\n\n\n<p>\u201cAinda n\u00e3o fiz contas. N\u00e3o sou capaz, \u00e9 muito. \u00c9 arrepiante olhar para a agenda onde t\u00ednhamos os marcados e ver s\u00f3 cancelamentos at\u00e9 novembro. Nunca me passou pela cabe\u00e7a poder viver uma situa\u00e7\u00e3o destas, mas n\u00e3o perco a esperan\u00e7a, nem me deixo assustar\u201d, referiu<br><\/p>\n\n\n\n<p>Antes da pandemia, num fim de semana, calculou, as salas do restaurante podiam servir \u201centre 1.100 a 1.200 refei\u00e7\u00f5es\u201d, sem contabilizar os mil lugares da tenda de eventos.<br><\/p>\n\n\n\n<p>Durante os dois meses de paragem trabalhou em regime de \u2018take away\u2019, mas \u201c\u00e9 um rem\u00e9dio triste neste ramo\u201d.<br><\/p>\n\n\n\n<p>O restaurante \u201cBons Tempos\u201d, no centro da cidade de Vila Real, esteve aberto as duas primeiras semanas de mar\u00e7o mas a diminui\u00e7\u00e3o abrupta de clientes j\u00e1 n\u00e3o permitia pagar as contas, pelo que decidiu fechar a 14 desse m\u00eas, antes de declarado o estado de emerg\u00eancia.<br><\/p>\n\n\n\n<p>Reabre praticamente dois meses depois, na segunda-feira, com uma forte aposta na esplanada de que disp\u00f5e e em rigorosas medidas de higiene e seguran\u00e7a. A utiliza\u00e7\u00e3o das mesas, quer na sala quer na esplanada, ser\u00e1 intercalada.<br><\/p>\n\n\n\n<p>A respons\u00e1vel, Alexandra Amorim, especificou \u00e0 Lusa que vai ser colocada uma fita na entrada, onde estar\u00e1 tamb\u00e9m dispon\u00edvel o gel desinfetante para as m\u00e3os, os clientes ter\u00e3o de esperar no exterior at\u00e9 serem encaminhados para uma mesa, onde, \u00e0 sua frente, uma funcion\u00e1ria proceder\u00e1 \u00e0 desinfe\u00e7\u00e3o dessa mesma mesa, dos pratos, copos, talheres. A cada colaborador ser\u00e1 atribu\u00edda uma tarefa espec\u00edfica para evitar cruzamentos.<br><\/p>\n\n\n\n<p>Nesta nova fase, este restaurante vai tamb\u00e9m refor\u00e7ar o servi\u00e7o de take-away e vai estar a trabalhar com seis pessoas. Aqui ser\u00e1 poss\u00edvel provar as tripas aos molhos, um prato t\u00edpico de Vila Real, o bacalhau dentro da broa de milho ou o entrecosto de vinha d&#8217;alhos com arroz carqueijo, bem como v\u00e1rios pratos vegetarianos.\u00a0<br><\/p>\n\n\n\n<p>Alexandra Amorim disse que, depois de dois meses, j\u00e1 n\u00e3o era poss\u00edvel continuar de portas fechadas e afirmou ter a esperan\u00e7a de que as \u201ccoisas v\u00e3o melhorar\u201d depois deste novo recome\u00e7o.\u00a0 \u00a0<br><\/p>\n\n\n\n<p>A Taberna do Migaitas, no centro da cidade de Braga, reabre na segunda-feira, ao \u201cp\u00e9-coxinho\u201d, com o propriet\u00e1rio a confessar \u201cgrande preocupa\u00e7\u00e3o\u201d com a nova realidade a enfrentar.<br><\/p>\n\n\n\n<p>\u201cAs pessoas, al\u00e9m de estarem com menos dinheiro no bolso, est\u00e3o sobretudo com muito, muito medo. E quando se vai a um restaurante \u00e9 para ter gozo, sentir prazer. Se houver medo, fica-se em casa\u201d, refere Fernando Migaitas.<br><\/p>\n\n\n\n<p>Por isso, a sua taberna vai, \u201dnaturalmente\u201d, cumprir com todas as determina\u00e7\u00f5es das autoridades de sa\u00fade, mas \u201csem as levar ao exagero\u201d.<br><\/p>\n\n\n\n<p>\u201cIsto vai continuar a ser um restaurante, n\u00e3o um cemit\u00e9rio ou um manic\u00f3mio\u201d, sublinha.<br><\/p>\n\n\n\n<p>At\u00e9 ao final do m\u00eas, a Taberna do Migaitas vai abrir apenas ao almo\u00e7o e de segunda a s\u00e1bado, com tr\u00eas trabalhadores a tempo parcial, continuando os restantes seis em \u2018lay-off\u2019.<br><\/p>\n\n\n\n<p>\u201cSer\u00e1 uma fase para apalpar terreno. Vamos abrir a porta, esperamos ver o cliente a entrar. Se n\u00e3o entrar, n\u00e3o sei o que vai ser disto\u201d, atira.<\/p>\n","protected":false},"excerpt":{"rendered":"<p>Os restaurantes do Norte est\u00e3o a realizar neste fim de semana os \u00faltimos preparativos para o regresso \u00e0 atividade, condicionada pelas regras do desconfinamento devido \u00e0 covid-19. No Porto, a dias de reabrir as portas dos tr\u00eas estabelecimentos que gere na cidade, o Caf\u00e9 Santiago, Santiago da Pra\u00e7a e Santiago F, o administrador Rui Pereira [&hellip;]<\/p>\n","protected":false},"author":16,"featured_media":46446,"comment_status":"closed","ping_status":"closed","sticky":false,"template":"","format":"standard","meta":{"_exactmetrics_skip_tracking":false,"_exactmetrics_sitenote_active":false,"_exactmetrics_sitenote_note":"","_exactmetrics_sitenote_category":0,"footnotes":""},"categories":[73],"tags":[21,27],"class_list":["post-46445","post","type-post","status-publish","format-standard","has-post-thumbnail","hentry","category-alto-minho","tag-economia","tag-sociedade"],"yoast_head":"<!-- This site is optimized with the Yoast SEO Premium plugin v27.4 (Yoast SEO v27.4) - https:\/\/yoast.com\/product\/yoast-seo-premium-wordpress\/ -->\n<title>Restaurantes do Norte preparam-se para reabertura<\/title>\n<meta name=\"robots\" content=\"index, follow, max-snippet:-1, max-image-preview:large, max-video-preview:-1\" \/>\n<link rel=\"canonical\" href=\"https:\/\/www.altominho.tv\/site\/2020\/05\/17\/restaurantes-do-norte-preparam-se-para-reabertura\/\" \/>\n<meta property=\"og:locale\" content=\"pt_PT\" \/>\n<meta property=\"og:type\" content=\"article\" \/>\n<meta property=\"og:title\" content=\"Restaurantes do Norte preparam-se para reabertura\" \/>\n<meta property=\"og:description\" content=\"Os restaurantes do Norte est\u00e3o a realizar neste fim de semana os \u00faltimos preparativos para o regresso \u00e0 atividade, condicionada pelas regras do desconfinamento devido \u00e0 covid-19. No Porto, a dias de reabrir as portas dos tr\u00eas estabelecimentos que gere na cidade, o Caf\u00e9 Santiago, Santiago da Pra\u00e7a e Santiago F, o administrador Rui Pereira [&hellip;]\" \/>\n<meta property=\"og:url\" content=\"https:\/\/www.altominho.tv\/site\/2020\/05\/17\/restaurantes-do-norte-preparam-se-para-reabertura\/\" \/>\n<meta property=\"og:site_name\" content=\"Altominho.tv\" \/>\n<meta property=\"article:publisher\" content=\"https:\/\/www.facebook.com\/altominhotv\" \/>\n<meta property=\"article:published_time\" content=\"2020-05-17T08:23:30+00:00\" \/>\n<meta property=\"article:modified_time\" content=\"2020-05-17T08:23:35+00:00\" \/>\n<meta property=\"og:image\" content=\"https:\/\/www.altominho.tv\/site\/wp-content\/uploads\/2020\/05\/restaurantescv.jpg\" \/>\n\t<meta property=\"og:image:width\" content=\"1280\" \/>\n\t<meta property=\"og:image:height\" content=\"720\" \/>\n\t<meta property=\"og:image:type\" content=\"image\/jpeg\" \/>\n<meta name=\"author\" content=\"Andreia Cunha | Lusa\" \/>\n<meta name=\"twitter:card\" content=\"summary_large_image\" \/>\n<meta name=\"twitter:creator\" content=\"@altominhoTV\" \/>\n<meta name=\"twitter:site\" content=\"@altominhoTV\" \/>\n<meta name=\"twitter:label1\" content=\"Escrito por\" \/>\n\t<meta name=\"twitter:data1\" content=\"Andreia Cunha | Lusa\" \/>\n\t<meta name=\"twitter:label2\" content=\"Tempo estimado de leitura\" \/>\n\t<meta name=\"twitter:data2\" content=\"5 minutos\" \/>\n<script type=\"application\/ld+json\" class=\"yoast-schema-graph\">{\"@context\":\"https:\\\/\\\/schema.org\",\"@graph\":[{\"@type\":\"Article\",\"@id\":\"https:\\\/\\\/www.altominho.tv\\\/site\\\/2020\\\/05\\\/17\\\/restaurantes-do-norte-preparam-se-para-reabertura\\\/#article\",\"isPartOf\":{\"@id\":\"https:\\\/\\\/www.altominho.tv\\\/site\\\/2020\\\/05\\\/17\\\/restaurantes-do-norte-preparam-se-para-reabertura\\\/\"},\"author\":{\"name\":\"Andreia Cunha | Lusa\",\"@id\":\"https:\\\/\\\/www.altominho.tv\\\/site\\\/#\\\/schema\\\/person\\\/dbaf181c01b51ff40c9f461a905d321e\"},\"headline\":\"Restaurantes do Norte preparam-se para reabertura\",\"datePublished\":\"2020-05-17T08:23:30+00:00\",\"dateModified\":\"2020-05-17T08:23:35+00:00\",\"mainEntityOfPage\":{\"@id\":\"https:\\\/\\\/www.altominho.tv\\\/site\\\/2020\\\/05\\\/17\\\/restaurantes-do-norte-preparam-se-para-reabertura\\\/\"},\"wordCount\":1086,\"image\":{\"@id\":\"https:\\\/\\\/www.altominho.tv\\\/site\\\/2020\\\/05\\\/17\\\/restaurantes-do-norte-preparam-se-para-reabertura\\\/#primaryimage\"},\"thumbnailUrl\":\"https:\\\/\\\/www.altominho.tv\\\/site\\\/wp-content\\\/uploads\\\/2020\\\/05\\\/restaurantescv.jpg\",\"keywords\":[\"Economia\",\"Sociedade\"],\"articleSection\":[\"Alto Minho\"],\"inLanguage\":\"pt-PT\",\"copyrightYear\":\"2020\",\"copyrightHolder\":{\"@id\":\"https:\\\/\\\/www.altominho.tv\\\/site\\\/#organization\"}},{\"@type\":\"WebPage\",\"@id\":\"https:\\\/\\\/www.altominho.tv\\\/site\\\/2020\\\/05\\\/17\\\/restaurantes-do-norte-preparam-se-para-reabertura\\\/\",\"url\":\"https:\\\/\\\/www.altominho.tv\\\/site\\\/2020\\\/05\\\/17\\\/restaurantes-do-norte-preparam-se-para-reabertura\\\/\",\"name\":\"Restaurantes do Norte preparam-se para reabertura\",\"isPartOf\":{\"@id\":\"https:\\\/\\\/www.altominho.tv\\\/site\\\/#website\"},\"primaryImageOfPage\":{\"@id\":\"https:\\\/\\\/www.altominho.tv\\\/site\\\/2020\\\/05\\\/17\\\/restaurantes-do-norte-preparam-se-para-reabertura\\\/#primaryimage\"},\"image\":{\"@id\":\"https:\\\/\\\/www.altominho.tv\\\/site\\\/2020\\\/05\\\/17\\\/restaurantes-do-norte-preparam-se-para-reabertura\\\/#primaryimage\"},\"thumbnailUrl\":\"https:\\\/\\\/www.altominho.tv\\\/site\\\/wp-content\\\/uploads\\\/2020\\\/05\\\/restaurantescv.jpg\",\"datePublished\":\"2020-05-17T08:23:30+00:00\",\"dateModified\":\"2020-05-17T08:23:35+00:00\",\"author\":{\"@id\":\"https:\\\/\\\/www.altominho.tv\\\/site\\\/#\\\/schema\\\/person\\\/dbaf181c01b51ff40c9f461a905d321e\"},\"breadcrumb\":{\"@id\":\"https:\\\/\\\/www.altominho.tv\\\/site\\\/2020\\\/05\\\/17\\\/restaurantes-do-norte-preparam-se-para-reabertura\\\/#breadcrumb\"},\"inLanguage\":\"pt-PT\",\"potentialAction\":[{\"@type\":\"ReadAction\",\"target\":[\"https:\\\/\\\/www.altominho.tv\\\/site\\\/2020\\\/05\\\/17\\\/restaurantes-do-norte-preparam-se-para-reabertura\\\/\"]}]},{\"@type\":\"ImageObject\",\"inLanguage\":\"pt-PT\",\"@id\":\"https:\\\/\\\/www.altominho.tv\\\/site\\\/2020\\\/05\\\/17\\\/restaurantes-do-norte-preparam-se-para-reabertura\\\/#primaryimage\",\"url\":\"https:\\\/\\\/www.altominho.tv\\\/site\\\/wp-content\\\/uploads\\\/2020\\\/05\\\/restaurantescv.jpg\",\"contentUrl\":\"https:\\\/\\\/www.altominho.tv\\\/site\\\/wp-content\\\/uploads\\\/2020\\\/05\\\/restaurantescv.jpg\",\"width\":1280,\"height\":720},{\"@type\":\"BreadcrumbList\",\"@id\":\"https:\\\/\\\/www.altominho.tv\\\/site\\\/2020\\\/05\\\/17\\\/restaurantes-do-norte-preparam-se-para-reabertura\\\/#breadcrumb\",\"itemListElement\":[{\"@type\":\"ListItem\",\"position\":1,\"name\":\"In\u00edcio\",\"item\":\"https:\\\/\\\/www.altominho.tv\\\/site\\\/\"},{\"@type\":\"ListItem\",\"position\":2,\"name\":\"Restaurantes do Norte preparam-se para reabertura\"}]},{\"@type\":\"WebSite\",\"@id\":\"https:\\\/\\\/www.altominho.tv\\\/site\\\/#website\",\"url\":\"https:\\\/\\\/www.altominho.tv\\\/site\\\/\",\"name\":\"Altominho.tv\",\"description\":\"A sua regi\u00e3o \u00e0 dist\u00e2ncia de um clique...\",\"potentialAction\":[{\"@type\":\"SearchAction\",\"target\":{\"@type\":\"EntryPoint\",\"urlTemplate\":\"https:\\\/\\\/www.altominho.tv\\\/site\\\/?s={search_term_string}\"},\"query-input\":{\"@type\":\"PropertyValueSpecification\",\"valueRequired\":true,\"valueName\":\"search_term_string\"}}],\"inLanguage\":\"pt-PT\"},{\"@type\":\"Person\",\"@id\":\"https:\\\/\\\/www.altominho.tv\\\/site\\\/#\\\/schema\\\/person\\\/dbaf181c01b51ff40c9f461a905d321e\",\"name\":\"Andreia Cunha | Lusa\",\"image\":{\"@type\":\"ImageObject\",\"inLanguage\":\"pt-PT\",\"@id\":\"https:\\\/\\\/www.altominho.tv\\\/site\\\/wp-content\\\/uploads\\\/2017\\\/11\\\/Andreia_Cunha-1-150x150.jpg\",\"url\":\"https:\\\/\\\/www.altominho.tv\\\/site\\\/wp-content\\\/uploads\\\/2017\\\/11\\\/Andreia_Cunha-1-150x150.jpg\",\"contentUrl\":\"https:\\\/\\\/www.altominho.tv\\\/site\\\/wp-content\\\/uploads\\\/2017\\\/11\\\/Andreia_Cunha-1-150x150.jpg\",\"caption\":\"Andreia Cunha | Lusa\"},\"sameAs\":[\"https:\\\/\\\/www.altominho.tv\\\/site\"],\"url\":\"https:\\\/\\\/www.altominho.tv\\\/site\\\/author\\\/andreiacunhalusa\\\/\"}]}<\/script>\n<!-- \/ Yoast SEO Premium plugin. -->","yoast_head_json":{"title":"Restaurantes do Norte preparam-se para reabertura","robots":{"index":"index","follow":"follow","max-snippet":"max-snippet:-1","max-image-preview":"max-image-preview:large","max-video-preview":"max-video-preview:-1"},"canonical":"https:\/\/www.altominho.tv\/site\/2020\/05\/17\/restaurantes-do-norte-preparam-se-para-reabertura\/","og_locale":"pt_PT","og_type":"article","og_title":"Restaurantes do Norte preparam-se para reabertura","og_description":"Os restaurantes do Norte est\u00e3o a realizar neste fim de semana os \u00faltimos preparativos para o regresso \u00e0 atividade, condicionada pelas regras do desconfinamento devido \u00e0 covid-19. No Porto, a dias de reabrir as portas dos tr\u00eas estabelecimentos que gere na cidade, o Caf\u00e9 Santiago, Santiago da Pra\u00e7a e Santiago F, o administrador Rui Pereira [&hellip;]","og_url":"https:\/\/www.altominho.tv\/site\/2020\/05\/17\/restaurantes-do-norte-preparam-se-para-reabertura\/","og_site_name":"Altominho.tv","article_publisher":"https:\/\/www.facebook.com\/altominhotv","article_published_time":"2020-05-17T08:23:30+00:00","article_modified_time":"2020-05-17T08:23:35+00:00","og_image":[{"width":1280,"height":720,"url":"https:\/\/www.altominho.tv\/site\/wp-content\/uploads\/2020\/05\/restaurantescv.jpg","type":"image\/jpeg"}],"author":"Andreia Cunha | Lusa","twitter_card":"summary_large_image","twitter_creator":"@altominhoTV","twitter_site":"@altominhoTV","twitter_misc":{"Escrito por":"Andreia Cunha | Lusa","Tempo estimado de leitura":"5 minutos"},"schema":{"@context":"https:\/\/schema.org","@graph":[{"@type":"Article","@id":"https:\/\/www.altominho.tv\/site\/2020\/05\/17\/restaurantes-do-norte-preparam-se-para-reabertura\/#article","isPartOf":{"@id":"https:\/\/www.altominho.tv\/site\/2020\/05\/17\/restaurantes-do-norte-preparam-se-para-reabertura\/"},"author":{"name":"Andreia Cunha | Lusa","@id":"https:\/\/www.altominho.tv\/site\/#\/schema\/person\/dbaf181c01b51ff40c9f461a905d321e"},"headline":"Restaurantes do Norte preparam-se para reabertura","datePublished":"2020-05-17T08:23:30+00:00","dateModified":"2020-05-17T08:23:35+00:00","mainEntityOfPage":{"@id":"https:\/\/www.altominho.tv\/site\/2020\/05\/17\/restaurantes-do-norte-preparam-se-para-reabertura\/"},"wordCount":1086,"image":{"@id":"https:\/\/www.altominho.tv\/site\/2020\/05\/17\/restaurantes-do-norte-preparam-se-para-reabertura\/#primaryimage"},"thumbnailUrl":"https:\/\/www.altominho.tv\/site\/wp-content\/uploads\/2020\/05\/restaurantescv.jpg","keywords":["Economia","Sociedade"],"articleSection":["Alto Minho"],"inLanguage":"pt-PT","copyrightYear":"2020","copyrightHolder":{"@id":"https:\/\/www.altominho.tv\/site\/#organization"}},{"@type":"WebPage","@id":"https:\/\/www.altominho.tv\/site\/2020\/05\/17\/restaurantes-do-norte-preparam-se-para-reabertura\/","url":"https:\/\/www.altominho.tv\/site\/2020\/05\/17\/restaurantes-do-norte-preparam-se-para-reabertura\/","name":"Restaurantes do Norte preparam-se para reabertura","isPartOf":{"@id":"https:\/\/www.altominho.tv\/site\/#website"},"primaryImageOfPage":{"@id":"https:\/\/www.altominho.tv\/site\/2020\/05\/17\/restaurantes-do-norte-preparam-se-para-reabertura\/#primaryimage"},"image":{"@id":"https:\/\/www.altominho.tv\/site\/2020\/05\/17\/restaurantes-do-norte-preparam-se-para-reabertura\/#primaryimage"},"thumbnailUrl":"https:\/\/www.altominho.tv\/site\/wp-content\/uploads\/2020\/05\/restaurantescv.jpg","datePublished":"2020-05-17T08:23:30+00:00","dateModified":"2020-05-17T08:23:35+00:00","author":{"@id":"https:\/\/www.altominho.tv\/site\/#\/schema\/person\/dbaf181c01b51ff40c9f461a905d321e"},"breadcrumb":{"@id":"https:\/\/www.altominho.tv\/site\/2020\/05\/17\/restaurantes-do-norte-preparam-se-para-reabertura\/#breadcrumb"},"inLanguage":"pt-PT","potentialAction":[{"@type":"ReadAction","target":["https:\/\/www.altominho.tv\/site\/2020\/05\/17\/restaurantes-do-norte-preparam-se-para-reabertura\/"]}]},{"@type":"ImageObject","inLanguage":"pt-PT","@id":"https:\/\/www.altominho.tv\/site\/2020\/05\/17\/restaurantes-do-norte-preparam-se-para-reabertura\/#primaryimage","url":"https:\/\/www.altominho.tv\/site\/wp-content\/uploads\/2020\/05\/restaurantescv.jpg","contentUrl":"https:\/\/www.altominho.tv\/site\/wp-content\/uploads\/2020\/05\/restaurantescv.jpg","width":1280,"height":720},{"@type":"BreadcrumbList","@id":"https:\/\/www.altominho.tv\/site\/2020\/05\/17\/restaurantes-do-norte-preparam-se-para-reabertura\/#breadcrumb","itemListElement":[{"@type":"ListItem","position":1,"name":"In\u00edcio","item":"https:\/\/www.altominho.tv\/site\/"},{"@type":"ListItem","position":2,"name":"Restaurantes do Norte preparam-se para reabertura"}]},{"@type":"WebSite","@id":"https:\/\/www.altominho.tv\/site\/#website","url":"https:\/\/www.altominho.tv\/site\/","name":"Altominho.tv","description":"A sua regi\u00e3o \u00e0 dist\u00e2ncia de um clique...","potentialAction":[{"@type":"SearchAction","target":{"@type":"EntryPoint","urlTemplate":"https:\/\/www.altominho.tv\/site\/?s={search_term_string}"},"query-input":{"@type":"PropertyValueSpecification","valueRequired":true,"valueName":"search_term_string"}}],"inLanguage":"pt-PT"},{"@type":"Person","@id":"https:\/\/www.altominho.tv\/site\/#\/schema\/person\/dbaf181c01b51ff40c9f461a905d321e","name":"Andreia Cunha | Lusa","image":{"@type":"ImageObject","inLanguage":"pt-PT","@id":"https:\/\/www.altominho.tv\/site\/wp-content\/uploads\/2017\/11\/Andreia_Cunha-1-150x150.jpg","url":"https:\/\/www.altominho.tv\/site\/wp-content\/uploads\/2017\/11\/Andreia_Cunha-1-150x150.jpg","contentUrl":"https:\/\/www.altominho.tv\/site\/wp-content\/uploads\/2017\/11\/Andreia_Cunha-1-150x150.jpg","caption":"Andreia Cunha | Lusa"},"sameAs":["https:\/\/www.altominho.tv\/site"],"url":"https:\/\/www.altominho.tv\/site\/author\/andreiacunhalusa\/"}]}},"_links":{"self":[{"href":"https:\/\/www.altominho.tv\/site\/wp-json\/wp\/v2\/posts\/46445","targetHints":{"allow":["GET"]}}],"collection":[{"href":"https:\/\/www.altominho.tv\/site\/wp-json\/wp\/v2\/posts"}],"about":[{"href":"https:\/\/www.altominho.tv\/site\/wp-json\/wp\/v2\/types\/post"}],"author":[{"embeddable":true,"href":"https:\/\/www.altominho.tv\/site\/wp-json\/wp\/v2\/users\/16"}],"replies":[{"embeddable":true,"href":"https:\/\/www.altominho.tv\/site\/wp-json\/wp\/v2\/comments?post=46445"}],"version-history":[{"count":0,"href":"https:\/\/www.altominho.tv\/site\/wp-json\/wp\/v2\/posts\/46445\/revisions"}],"wp:featuredmedia":[{"embeddable":true,"href":"https:\/\/www.altominho.tv\/site\/wp-json\/wp\/v2\/media\/46446"}],"wp:attachment":[{"href":"https:\/\/www.altominho.tv\/site\/wp-json\/wp\/v2\/media?parent=46445"}],"wp:term":[{"taxonomy":"category","embeddable":true,"href":"https:\/\/www.altominho.tv\/site\/wp-json\/wp\/v2\/categories?post=46445"},{"taxonomy":"post_tag","embeddable":true,"href":"https:\/\/www.altominho.tv\/site\/wp-json\/wp\/v2\/tags?post=46445"}],"curies":[{"name":"wp","href":"https:\/\/api.w.org\/{rel}","templated":true}]}}