{"id":46389,"date":"2020-05-16T17:28:07","date_gmt":"2020-05-16T16:28:07","guid":{"rendered":"http:\/\/www.altominho.tv\/site\/?p=46389"},"modified":"2020-05-16T17:28:11","modified_gmt":"2020-05-16T16:28:11","slug":"alto-minho-tem-20-candidatos-as-7-maravilhas-da-cultura-popular","status":"publish","type":"post","link":"https:\/\/www.altominho.tv\/site\/2020\/05\/16\/alto-minho-tem-20-candidatos-as-7-maravilhas-da-cultura-popular\/","title":{"rendered":"Alto Minho tem 20 candidatos \u00e0s 7 Maravilhas da Cultura Popular"},"content":{"rendered":"<p><strong>Entre as 504 candidaturas \u00e0s 7 Maravilhas da Cultura Popular, foram apurados 471 candidatos. No Alto Minho foram selecionados 20 patrim\u00f3nios dos concelhos de Caminha, Mon\u00e7\u00e3o, Ponte da Barca, Ponte de Lima e Viana do Castelo.<\/strong><\/p>\n<p>As candidaturas foram avaliadas pelo Conselho Cient\u00edfico do concurso, que acabou por atribuir o selo de &#8220;Nomeado&#8221; a 471 patrim\u00f3nios, que avan\u00e7am na elei\u00e7\u00e3o das <a href=\"http:\/\/7maravilhas.pt\/#\" target=\"_blank\" rel=\"noopener noreferrer\">7 Maravilhas da Cultura Popular<\/a>. A regi\u00e3o do Alto Minho apresentou candidaturas \u00e0s sete categorias a concurso: Artesanato, Lendas e Mitos, Festas e Feiras, M\u00fasicas e Dan\u00e7as, Rituais e Costumes, Prociss\u00f5es e Romarias e Artefactos.<\/p>\n<p>O concelho de Mon\u00e7\u00e3o tem dois candidatos: o combate da Coca e o vira do Alto Minho, nas categorias de Rituais e Costumes e M\u00fasicas e Dan\u00e7as, respetivamente.<\/p>\n<p><span class=\"il\">Caminha<\/span> conta com <a href=\"\/\/www.altominho.tv\/site\/2020\/03\/09\/romaria-de-s-joao-darga-candidata-as-7-maravilhas-da-cultura-popular\/\">quatro projetos nomeados<\/a>: a Romaria de S\u00e3o Jo\u00e3o d\u2019Arga, a Festa de Nossa Senhora da Bonan\u00e7a, a G\u00f3ta da Serra d\u2019Arga e o Ramo de Andor, nas categorias de Prociss\u00f5es e Romarias, Festas e Feiras, M\u00fasicas e Dan\u00e7as e Artesanato.<\/p>\n<p>O munic\u00edpio de <a href=\"\/\/www.altominho.tv\/site\/2020\/03\/10\/romaria-de-sao-bartolomeu-e-entrudo-do-pai-velho-candidatos-as-7-maravilhas-da-cultura-popular\/\">Ponte da Barca<\/a> apresentou o Entrudo do Pai Velho, realizado na freguesia de Lindoso, e a Romaria de S\u00e3o Bartolomeu, que est\u00e3o a concorrer nas categorias de Rituais e Costumes e Festas e Feiras.<\/p>\n<p>J\u00e1 os <a href=\"\/\/www.altominho.tv\/site\/2020\/04\/15\/feiras-novas-concertinas-e-cantares-ao-desafio-entre-os-candidatos-as-7-maravilhas-da-cultura-popular\/\">candidatos de Ponte de Lima<\/a> est\u00e3o divididos por cada uma das sete categorias a concurso: a cantaria \u2013 na categoria de Artesanato, a feira quinzenal e feira do gado \u2013 na categoria de Festas e Feiras, a lenda do rio Lethes \u2013 em Lendas e Mitos, a Mesa dos Quatro Abades \u2013 em Rituais e Costumes, Toalhas de Linho \u2013 na categoria de Artefactos. As concertinas e cantares ao desafio tamb\u00e9m est\u00e3o a concurso na categoria de M\u00fasicas e Dan\u00e7as e as <a href=\"http:\/\/www.altominho.tv\/site\/2019\/09\/05\/ja-comecaram-as-feiras-novas-em-ponte-de-lima\/\" target=\"_blank\" rel=\"noopener noreferrer\">Feiras Novas<\/a> entraram para a\u00a0categoria de Prociss\u00f5es e Romarias.<\/p>\n<p>O concelho de Viana do Castelo tem cinco nomeados \u00e0s 7 Maravilhas da Cultura Popular: o cortejo noturno, janeiras de Perre, Romaria em Honra de Nossa Senhora da Agonia, Romaria de Santa Marta e vela votiva, nas categorias de Rituais e Costumes, Prociss\u00f5es e Romarias e Artesanato.<\/p>\n<div id='gallery-1' class='gallery galleryid-46389 gallery-columns-1 gallery-size-gridlove-single'><figure class='gallery-item'>\n\t\t\t<div class='gallery-icon landscape'>\n\t\t\t\t<a class=\"gridlove-popup\" href='https:\/\/www.altominho.tv\/site\/wp-content\/uploads\/2020\/05\/Gota-scaled.jpg'><img loading=\"lazy\" decoding=\"async\" width=\"740\" height=\"416\" src=\"https:\/\/www.altominho.tv\/site\/wp-content\/uploads\/2020\/05\/Gota-740x416.jpg\" class=\"attachment-gridlove-single size-gridlove-single\" alt=\"\" aria-describedby=\"gallery-1-46403\" srcset=\"https:\/\/www.altominho.tv\/site\/wp-content\/uploads\/2020\/05\/Gota-740x416.jpg 740w, https:\/\/www.altominho.tv\/site\/wp-content\/uploads\/2020\/05\/Gota-770x433.jpg 770w, https:\/\/www.altominho.tv\/site\/wp-content\/uploads\/2020\/05\/Gota-1024x576.jpg 1024w, https:\/\/www.altominho.tv\/site\/wp-content\/uploads\/2020\/05\/Gota-768x432.jpg 768w, https:\/\/www.altominho.tv\/site\/wp-content\/uploads\/2020\/05\/Gota-1536x864.jpg 1536w, https:\/\/www.altominho.tv\/site\/wp-content\/uploads\/2020\/05\/Gota-2048x1151.jpg 2048w, https:\/\/www.altominho.tv\/site\/wp-content\/uploads\/2020\/05\/Gota-370x208.jpg 370w, https:\/\/www.altominho.tv\/site\/wp-content\/uploads\/2020\/05\/Gota-270x152.jpg 270w, https:\/\/www.altominho.tv\/site\/wp-content\/uploads\/2020\/05\/Gota-570x320.jpg 570w\" sizes=\"auto, (max-width: 740px) 100vw, 740px\" \/><\/a>\n\t\t\t<\/div>\n\t\t\t\t<figcaption class='wp-caption-text gallery-caption' id='gallery-1-46403'>\n\t\t\t\tA G\u00d3TA DA SERRA D\u2019ARGA &#8211; Caminha | M\u00fasicas e Dan\u00e7as\n\t\t\t\t<\/figcaption><\/figure><figure class='gallery-item'>\n\t\t\t<div class='gallery-icon landscape'>\n\t\t\t\t<a class=\"gridlove-popup\" href='https:\/\/www.altominho.tv\/site\/wp-content\/uploads\/2020\/05\/Senhora-da-Bonanca-scaled.jpg'><img loading=\"lazy\" decoding=\"async\" width=\"740\" height=\"416\" src=\"https:\/\/www.altominho.tv\/site\/wp-content\/uploads\/2020\/05\/Senhora-da-Bonanca-740x416.jpg\" class=\"attachment-gridlove-single size-gridlove-single\" alt=\"\" aria-describedby=\"gallery-1-46410\" srcset=\"https:\/\/www.altominho.tv\/site\/wp-content\/uploads\/2020\/05\/Senhora-da-Bonanca-740x416.jpg 740w, https:\/\/www.altominho.tv\/site\/wp-content\/uploads\/2020\/05\/Senhora-da-Bonanca-770x433.jpg 770w, https:\/\/www.altominho.tv\/site\/wp-content\/uploads\/2020\/05\/Senhora-da-Bonanca-1024x576.jpg 1024w, https:\/\/www.altominho.tv\/site\/wp-content\/uploads\/2020\/05\/Senhora-da-Bonanca-768x432.jpg 768w, https:\/\/www.altominho.tv\/site\/wp-content\/uploads\/2020\/05\/Senhora-da-Bonanca-1536x864.jpg 1536w, https:\/\/www.altominho.tv\/site\/wp-content\/uploads\/2020\/05\/Senhora-da-Bonanca-2048x1151.jpg 2048w, https:\/\/www.altominho.tv\/site\/wp-content\/uploads\/2020\/05\/Senhora-da-Bonanca-370x208.jpg 370w, https:\/\/www.altominho.tv\/site\/wp-content\/uploads\/2020\/05\/Senhora-da-Bonanca-270x152.jpg 270w, https:\/\/www.altominho.tv\/site\/wp-content\/uploads\/2020\/05\/Senhora-da-Bonanca-570x320.jpg 570w\" sizes=\"auto, (max-width: 740px) 100vw, 740px\" \/><\/a>\n\t\t\t<\/div>\n\t\t\t\t<figcaption class='wp-caption-text gallery-caption' id='gallery-1-46410'>\n\t\t\t\tFESTA DE NOSSA SENHORA DA BONAN\u00c7A &#8211; Caminha | Festas e Feiras\n\t\t\t\t<\/figcaption><\/figure><figure class='gallery-item'>\n\t\t\t<div class='gallery-icon landscape'>\n\t\t\t\t<a class=\"gridlove-popup\" href='https:\/\/www.altominho.tv\/site\/wp-content\/uploads\/2020\/05\/Palmitos-scaled.jpg'><img loading=\"lazy\" decoding=\"async\" width=\"740\" height=\"416\" src=\"https:\/\/www.altominho.tv\/site\/wp-content\/uploads\/2020\/05\/Palmitos-740x416.jpg\" class=\"attachment-gridlove-single size-gridlove-single\" alt=\"\" aria-describedby=\"gallery-1-46406\" srcset=\"https:\/\/www.altominho.tv\/site\/wp-content\/uploads\/2020\/05\/Palmitos-740x416.jpg 740w, https:\/\/www.altominho.tv\/site\/wp-content\/uploads\/2020\/05\/Palmitos-770x433.jpg 770w, https:\/\/www.altominho.tv\/site\/wp-content\/uploads\/2020\/05\/Palmitos-1024x576.jpg 1024w, https:\/\/www.altominho.tv\/site\/wp-content\/uploads\/2020\/05\/Palmitos-768x432.jpg 768w, https:\/\/www.altominho.tv\/site\/wp-content\/uploads\/2020\/05\/Palmitos-1536x863.jpg 1536w, https:\/\/www.altominho.tv\/site\/wp-content\/uploads\/2020\/05\/Palmitos-2048x1151.jpg 2048w, https:\/\/www.altominho.tv\/site\/wp-content\/uploads\/2020\/05\/Palmitos-370x208.jpg 370w, https:\/\/www.altominho.tv\/site\/wp-content\/uploads\/2020\/05\/Palmitos-270x152.jpg 270w, https:\/\/www.altominho.tv\/site\/wp-content\/uploads\/2020\/05\/Palmitos-570x320.jpg 570w\" sizes=\"auto, (max-width: 740px) 100vw, 740px\" \/><\/a>\n\t\t\t<\/div>\n\t\t\t\t<figcaption class='wp-caption-text gallery-caption' id='gallery-1-46406'>\n\t\t\t\tRAMO DE ANDOR &#8211; Caminha | Artesanato\n\t\t\t\t<\/figcaption><\/figure><figure class='gallery-item'>\n\t\t\t<div class='gallery-icon landscape'>\n\t\t\t\t<a class=\"gridlove-popup\" href='https:\/\/www.altominho.tv\/site\/wp-content\/uploads\/2020\/05\/Romaria-Sao-Joao-scaled.jpg'><img loading=\"lazy\" decoding=\"async\" width=\"740\" height=\"416\" src=\"https:\/\/www.altominho.tv\/site\/wp-content\/uploads\/2020\/05\/Romaria-Sao-Joao-740x416.jpg\" class=\"attachment-gridlove-single size-gridlove-single\" alt=\"\" aria-describedby=\"gallery-1-46409\" srcset=\"https:\/\/www.altominho.tv\/site\/wp-content\/uploads\/2020\/05\/Romaria-Sao-Joao-740x416.jpg 740w, https:\/\/www.altominho.tv\/site\/wp-content\/uploads\/2020\/05\/Romaria-Sao-Joao-770x433.jpg 770w, https:\/\/www.altominho.tv\/site\/wp-content\/uploads\/2020\/05\/Romaria-Sao-Joao-1024x576.jpg 1024w, https:\/\/www.altominho.tv\/site\/wp-content\/uploads\/2020\/05\/Romaria-Sao-Joao-768x432.jpg 768w, https:\/\/www.altominho.tv\/site\/wp-content\/uploads\/2020\/05\/Romaria-Sao-Joao-1536x864.jpg 1536w, https:\/\/www.altominho.tv\/site\/wp-content\/uploads\/2020\/05\/Romaria-Sao-Joao-2048x1151.jpg 2048w, https:\/\/www.altominho.tv\/site\/wp-content\/uploads\/2020\/05\/Romaria-Sao-Joao-370x208.jpg 370w, https:\/\/www.altominho.tv\/site\/wp-content\/uploads\/2020\/05\/Romaria-Sao-Joao-270x152.jpg 270w, https:\/\/www.altominho.tv\/site\/wp-content\/uploads\/2020\/05\/Romaria-Sao-Joao-570x320.jpg 570w\" sizes=\"auto, (max-width: 740px) 100vw, 740px\" \/><\/a>\n\t\t\t<\/div>\n\t\t\t\t<figcaption class='wp-caption-text gallery-caption' id='gallery-1-46409'>\n\t\t\t\tROMARIA DE S\u00c3O JO\u00c3O D\u2019ARGA &#8211; Caminha | Prociss\u00f5es e Romarias\n\t\t\t\t<\/figcaption><\/figure><figure class='gallery-item'>\n\t\t\t<div class='gallery-icon landscape'>\n\t\t\t\t<a class=\"gridlove-popup\" href='https:\/\/www.altominho.tv\/site\/wp-content\/uploads\/2020\/05\/Coca.jpg'><img loading=\"lazy\" decoding=\"async\" width=\"740\" height=\"494\" src=\"https:\/\/www.altominho.tv\/site\/wp-content\/uploads\/2020\/05\/Coca-740x494.jpg\" class=\"attachment-gridlove-single size-gridlove-single\" alt=\"\" aria-describedby=\"gallery-1-46397\" srcset=\"https:\/\/www.altominho.tv\/site\/wp-content\/uploads\/2020\/05\/Coca-740x494.jpg 740w, https:\/\/www.altominho.tv\/site\/wp-content\/uploads\/2020\/05\/Coca-649x433.jpg 649w, https:\/\/www.altominho.tv\/site\/wp-content\/uploads\/2020\/05\/Coca-768x513.jpg 768w, https:\/\/www.altominho.tv\/site\/wp-content\/uploads\/2020\/05\/Coca-370x247.jpg 370w, https:\/\/www.altominho.tv\/site\/wp-content\/uploads\/2020\/05\/Coca-270x180.jpg 270w, https:\/\/www.altominho.tv\/site\/wp-content\/uploads\/2020\/05\/Coca-570x380.jpg 570w, https:\/\/www.altominho.tv\/site\/wp-content\/uploads\/2020\/05\/Coca.jpg 800w\" sizes=\"auto, (max-width: 740px) 100vw, 740px\" \/><\/a>\n\t\t\t<\/div>\n\t\t\t\t<figcaption class='wp-caption-text gallery-caption' id='gallery-1-46397'>\n\t\t\t\tCOMBATE DA COCA &#8211; Mon\u00e7\u00e3o | Rituais e Costumes\n\t\t\t\t<\/figcaption><\/figure><figure class='gallery-item'>\n\t\t\t<div class='gallery-icon landscape'>\n\t\t\t\t<a class=\"gridlove-popup\" href='https:\/\/www.altominho.tv\/site\/wp-content\/uploads\/2020\/05\/Vira.jpg'><img loading=\"lazy\" decoding=\"async\" width=\"740\" height=\"496\" src=\"https:\/\/www.altominho.tv\/site\/wp-content\/uploads\/2020\/05\/Vira-740x496.jpg\" class=\"attachment-gridlove-single size-gridlove-single\" alt=\"\" aria-describedby=\"gallery-1-46413\" srcset=\"https:\/\/www.altominho.tv\/site\/wp-content\/uploads\/2020\/05\/Vira-740x496.jpg 740w, https:\/\/www.altominho.tv\/site\/wp-content\/uploads\/2020\/05\/Vira-646x433.jpg 646w, https:\/\/www.altominho.tv\/site\/wp-content\/uploads\/2020\/05\/Vira-768x515.jpg 768w, https:\/\/www.altominho.tv\/site\/wp-content\/uploads\/2020\/05\/Vira-370x248.jpg 370w, https:\/\/www.altominho.tv\/site\/wp-content\/uploads\/2020\/05\/Vira-270x181.jpg 270w, https:\/\/www.altominho.tv\/site\/wp-content\/uploads\/2020\/05\/Vira-570x382.jpg 570w, https:\/\/www.altominho.tv\/site\/wp-content\/uploads\/2020\/05\/Vira.jpg 800w\" sizes=\"auto, (max-width: 740px) 100vw, 740px\" \/><\/a>\n\t\t\t<\/div>\n\t\t\t\t<figcaption class='wp-caption-text gallery-caption' id='gallery-1-46413'>\n\t\t\t\tVIRA DO ALTO MINHO &#8211; Mon\u00e7\u00e3o | M\u00fasicas e Dan\u00e7as\n\t\t\t\t<\/figcaption><\/figure><figure class='gallery-item'>\n\t\t\t<div class='gallery-icon landscape'>\n\t\t\t\t<a class=\"gridlove-popup\" href='https:\/\/www.altominho.tv\/site\/wp-content\/uploads\/2020\/05\/Entrudo.jpg'><img loading=\"lazy\" decoding=\"async\" width=\"740\" height=\"496\" src=\"https:\/\/www.altominho.tv\/site\/wp-content\/uploads\/2020\/05\/Entrudo-740x496.jpg\" class=\"attachment-gridlove-single size-gridlove-single\" alt=\"\" aria-describedby=\"gallery-1-46400\" srcset=\"https:\/\/www.altominho.tv\/site\/wp-content\/uploads\/2020\/05\/Entrudo-740x496.jpg 740w, https:\/\/www.altominho.tv\/site\/wp-content\/uploads\/2020\/05\/Entrudo-646x433.jpg 646w, https:\/\/www.altominho.tv\/site\/wp-content\/uploads\/2020\/05\/Entrudo-768x515.jpg 768w, https:\/\/www.altominho.tv\/site\/wp-content\/uploads\/2020\/05\/Entrudo-370x248.jpg 370w, https:\/\/www.altominho.tv\/site\/wp-content\/uploads\/2020\/05\/Entrudo-270x181.jpg 270w, https:\/\/www.altominho.tv\/site\/wp-content\/uploads\/2020\/05\/Entrudo-570x382.jpg 570w, https:\/\/www.altominho.tv\/site\/wp-content\/uploads\/2020\/05\/Entrudo.jpg 800w\" sizes=\"auto, (max-width: 740px) 100vw, 740px\" \/><\/a>\n\t\t\t<\/div>\n\t\t\t\t<figcaption class='wp-caption-text gallery-caption' id='gallery-1-46400'>\n\t\t\t\tENTRUDO DO PAI VELHO &#8211; Ponte da Barca | Rituais e Costumes\n\t\t\t\t<\/figcaption><\/figure><figure class='gallery-item'>\n\t\t\t<div class='gallery-icon landscape'>\n\t\t\t\t<a class=\"gridlove-popup\" href='https:\/\/www.altominho.tv\/site\/wp-content\/uploads\/2020\/05\/Bartolomeu.jpg'><img loading=\"lazy\" decoding=\"async\" width=\"740\" height=\"521\" src=\"https:\/\/www.altominho.tv\/site\/wp-content\/uploads\/2020\/05\/Bartolomeu-740x521.jpg\" class=\"attachment-gridlove-single size-gridlove-single\" alt=\"\" aria-describedby=\"gallery-1-46395\" srcset=\"https:\/\/www.altominho.tv\/site\/wp-content\/uploads\/2020\/05\/Bartolomeu-740x521.jpg 740w, https:\/\/www.altominho.tv\/site\/wp-content\/uploads\/2020\/05\/Bartolomeu-615x433.jpg 615w, https:\/\/www.altominho.tv\/site\/wp-content\/uploads\/2020\/05\/Bartolomeu-768x540.jpg 768w, https:\/\/www.altominho.tv\/site\/wp-content\/uploads\/2020\/05\/Bartolomeu-370x260.jpg 370w, https:\/\/www.altominho.tv\/site\/wp-content\/uploads\/2020\/05\/Bartolomeu-270x190.jpg 270w, https:\/\/www.altominho.tv\/site\/wp-content\/uploads\/2020\/05\/Bartolomeu-570x401.jpg 570w, https:\/\/www.altominho.tv\/site\/wp-content\/uploads\/2020\/05\/Bartolomeu.jpg 800w\" sizes=\"auto, (max-width: 740px) 100vw, 740px\" \/><\/a>\n\t\t\t<\/div>\n\t\t\t\t<figcaption class='wp-caption-text gallery-caption' id='gallery-1-46395'>\n\t\t\t\tROMARIA DE S. BARTOLOMEU DE PONTE DA BARCA &#8211; Ponte da Barca | Festas e Feiras\n\t\t\t\t<\/figcaption><\/figure><figure class='gallery-item'>\n\t\t\t<div class='gallery-icon portrait'>\n\t\t\t\t<a class=\"gridlove-popup\" href='https:\/\/www.altominho.tv\/site\/wp-content\/uploads\/2020\/05\/Cantaria.jpg'><img loading=\"lazy\" decoding=\"async\" width=\"740\" height=\"925\" src=\"https:\/\/www.altominho.tv\/site\/wp-content\/uploads\/2020\/05\/Cantaria-740x925.jpg\" class=\"attachment-gridlove-single size-gridlove-single\" alt=\"\" aria-describedby=\"gallery-1-46396\" srcset=\"https:\/\/www.altominho.tv\/site\/wp-content\/uploads\/2020\/05\/Cantaria-740x925.jpg 740w, https:\/\/www.altominho.tv\/site\/wp-content\/uploads\/2020\/05\/Cantaria-346x433.jpg 346w, https:\/\/www.altominho.tv\/site\/wp-content\/uploads\/2020\/05\/Cantaria-768x960.jpg 768w, https:\/\/www.altominho.tv\/site\/wp-content\/uploads\/2020\/05\/Cantaria-370x463.jpg 370w, https:\/\/www.altominho.tv\/site\/wp-content\/uploads\/2020\/05\/Cantaria-270x338.jpg 270w, https:\/\/www.altominho.tv\/site\/wp-content\/uploads\/2020\/05\/Cantaria-570x713.jpg 570w, https:\/\/www.altominho.tv\/site\/wp-content\/uploads\/2020\/05\/Cantaria.jpg 800w\" sizes=\"auto, (max-width: 740px) 100vw, 740px\" \/><\/a>\n\t\t\t<\/div>\n\t\t\t\t<figcaption class='wp-caption-text gallery-caption' id='gallery-1-46396'>\n\t\t\t\tCANTARIA DE PONTE DE LIMA &#8211; Ponte de Lima | Artesanato\n\t\t\t\t<\/figcaption><\/figure><figure class='gallery-item'>\n\t\t\t<div class='gallery-icon landscape'>\n\t\t\t\t<a class=\"gridlove-popup\" href='https:\/\/www.altominho.tv\/site\/wp-content\/uploads\/2020\/05\/Concertinas.jpg'><img loading=\"lazy\" decoding=\"async\" width=\"740\" height=\"416\" src=\"https:\/\/www.altominho.tv\/site\/wp-content\/uploads\/2020\/05\/Concertinas-740x416.jpg\" class=\"attachment-gridlove-single size-gridlove-single\" alt=\"\" aria-describedby=\"gallery-1-46398\" srcset=\"https:\/\/www.altominho.tv\/site\/wp-content\/uploads\/2020\/05\/Concertinas-740x416.jpg 740w, https:\/\/www.altominho.tv\/site\/wp-content\/uploads\/2020\/05\/Concertinas-770x433.jpg 770w, https:\/\/www.altominho.tv\/site\/wp-content\/uploads\/2020\/05\/Concertinas-768x432.jpg 768w, https:\/\/www.altominho.tv\/site\/wp-content\/uploads\/2020\/05\/Concertinas-370x208.jpg 370w, https:\/\/www.altominho.tv\/site\/wp-content\/uploads\/2020\/05\/Concertinas-270x152.jpg 270w, https:\/\/www.altominho.tv\/site\/wp-content\/uploads\/2020\/05\/Concertinas-570x321.jpg 570w, https:\/\/www.altominho.tv\/site\/wp-content\/uploads\/2020\/05\/Concertinas.jpg 800w\" sizes=\"auto, (max-width: 740px) 100vw, 740px\" \/><\/a>\n\t\t\t<\/div>\n\t\t\t\t<figcaption class='wp-caption-text gallery-caption' id='gallery-1-46398'>\n\t\t\t\tCONCERTINAS E CANTARES AO DESAFIO DE PONTE DE LIMA &#8211; Ponte de Lima | M\u00fasicas e Dan\u00e7as\n\t\t\t\t<\/figcaption><\/figure><figure class='gallery-item'>\n\t\t\t<div class='gallery-icon landscape'>\n\t\t\t\t<a class=\"gridlove-popup\" href='https:\/\/www.altominho.tv\/site\/wp-content\/uploads\/2020\/05\/Feira-Ponte-de-Lima.jpg'><img loading=\"lazy\" decoding=\"async\" width=\"740\" height=\"416\" src=\"https:\/\/www.altominho.tv\/site\/wp-content\/uploads\/2020\/05\/Feira-Ponte-de-Lima-740x416.jpg\" class=\"attachment-gridlove-single size-gridlove-single\" alt=\"\" aria-describedby=\"gallery-1-46401\" srcset=\"https:\/\/www.altominho.tv\/site\/wp-content\/uploads\/2020\/05\/Feira-Ponte-de-Lima-740x416.jpg 740w, https:\/\/www.altominho.tv\/site\/wp-content\/uploads\/2020\/05\/Feira-Ponte-de-Lima-770x433.jpg 770w, https:\/\/www.altominho.tv\/site\/wp-content\/uploads\/2020\/05\/Feira-Ponte-de-Lima-768x432.jpg 768w, https:\/\/www.altominho.tv\/site\/wp-content\/uploads\/2020\/05\/Feira-Ponte-de-Lima-370x208.jpg 370w, https:\/\/www.altominho.tv\/site\/wp-content\/uploads\/2020\/05\/Feira-Ponte-de-Lima-270x152.jpg 270w, https:\/\/www.altominho.tv\/site\/wp-content\/uploads\/2020\/05\/Feira-Ponte-de-Lima-570x321.jpg 570w, https:\/\/www.altominho.tv\/site\/wp-content\/uploads\/2020\/05\/Feira-Ponte-de-Lima.jpg 800w\" sizes=\"auto, (max-width: 740px) 100vw, 740px\" \/><\/a>\n\t\t\t<\/div>\n\t\t\t\t<figcaption class='wp-caption-text gallery-caption' id='gallery-1-46401'>\n\t\t\t\tFEIRA QUINZENAL E FEIRA DO GADO DE PONTE DE LIMA &#8211; Ponte de Lima | Festas e Feiras\n\t\t\t\t<\/figcaption><\/figure><figure class='gallery-item'>\n\t\t\t<div class='gallery-icon landscape'>\n\t\t\t\t<a class=\"gridlove-popup\" href='https:\/\/www.altominho.tv\/site\/wp-content\/uploads\/2020\/05\/Feiras-Novas-PonteLima.jpg'><img loading=\"lazy\" decoding=\"async\" width=\"740\" height=\"416\" src=\"https:\/\/www.altominho.tv\/site\/wp-content\/uploads\/2020\/05\/Feiras-Novas-PonteLima-740x416.jpg\" class=\"attachment-gridlove-single size-gridlove-single\" alt=\"\" aria-describedby=\"gallery-1-46402\" srcset=\"https:\/\/www.altominho.tv\/site\/wp-content\/uploads\/2020\/05\/Feiras-Novas-PonteLima-740x416.jpg 740w, https:\/\/www.altominho.tv\/site\/wp-content\/uploads\/2020\/05\/Feiras-Novas-PonteLima-770x433.jpg 770w, https:\/\/www.altominho.tv\/site\/wp-content\/uploads\/2020\/05\/Feiras-Novas-PonteLima-768x432.jpg 768w, https:\/\/www.altominho.tv\/site\/wp-content\/uploads\/2020\/05\/Feiras-Novas-PonteLima-370x208.jpg 370w, https:\/\/www.altominho.tv\/site\/wp-content\/uploads\/2020\/05\/Feiras-Novas-PonteLima-270x152.jpg 270w, https:\/\/www.altominho.tv\/site\/wp-content\/uploads\/2020\/05\/Feiras-Novas-PonteLima-570x321.jpg 570w, https:\/\/www.altominho.tv\/site\/wp-content\/uploads\/2020\/05\/Feiras-Novas-PonteLima.jpg 800w\" sizes=\"auto, (max-width: 740px) 100vw, 740px\" \/><\/a>\n\t\t\t<\/div>\n\t\t\t\t<figcaption class='wp-caption-text gallery-caption' id='gallery-1-46402'>\n\t\t\t\tFEIRAS NOVAS &#8211; Ponte de Lima | Prociss\u00f5es e Romarias\n\t\t\t\t<\/figcaption><\/figure><figure class='gallery-item'>\n\t\t\t<div class='gallery-icon landscape'>\n\t\t\t\t<a class=\"gridlove-popup\" href='https:\/\/www.altominho.tv\/site\/wp-content\/uploads\/2020\/05\/Lenda-Rio-Lethes.jpg'><img loading=\"lazy\" decoding=\"async\" width=\"740\" height=\"416\" src=\"https:\/\/www.altominho.tv\/site\/wp-content\/uploads\/2020\/05\/Lenda-Rio-Lethes-740x416.jpg\" class=\"attachment-gridlove-single size-gridlove-single\" alt=\"\" aria-describedby=\"gallery-1-46405\" srcset=\"https:\/\/www.altominho.tv\/site\/wp-content\/uploads\/2020\/05\/Lenda-Rio-Lethes-740x416.jpg 740w, https:\/\/www.altominho.tv\/site\/wp-content\/uploads\/2020\/05\/Lenda-Rio-Lethes-770x433.jpg 770w, https:\/\/www.altominho.tv\/site\/wp-content\/uploads\/2020\/05\/Lenda-Rio-Lethes-768x432.jpg 768w, https:\/\/www.altominho.tv\/site\/wp-content\/uploads\/2020\/05\/Lenda-Rio-Lethes-370x208.jpg 370w, https:\/\/www.altominho.tv\/site\/wp-content\/uploads\/2020\/05\/Lenda-Rio-Lethes-270x152.jpg 270w, https:\/\/www.altominho.tv\/site\/wp-content\/uploads\/2020\/05\/Lenda-Rio-Lethes-570x321.jpg 570w, https:\/\/www.altominho.tv\/site\/wp-content\/uploads\/2020\/05\/Lenda-Rio-Lethes.jpg 800w\" sizes=\"auto, (max-width: 740px) 100vw, 740px\" \/><\/a>\n\t\t\t<\/div>\n\t\t\t\t<figcaption class='wp-caption-text gallery-caption' id='gallery-1-46405'>\n\t\t\t\tLENDA DO RIO LETHES &#8211; Ponte de Lima | Lendas e Mitos\n\t\t\t\t<\/figcaption><\/figure><figure class='gallery-item'>\n\t\t\t<div class='gallery-icon landscape'>\n\t\t\t\t<a class=\"gridlove-popup\" href='https:\/\/www.altominho.tv\/site\/wp-content\/uploads\/2020\/05\/Quatro-Abades.jpg'><img loading=\"lazy\" decoding=\"async\" width=\"740\" height=\"416\" src=\"https:\/\/www.altominho.tv\/site\/wp-content\/uploads\/2020\/05\/Quatro-Abades-740x416.jpg\" class=\"attachment-gridlove-single size-gridlove-single\" alt=\"\" aria-describedby=\"gallery-1-46407\" srcset=\"https:\/\/www.altominho.tv\/site\/wp-content\/uploads\/2020\/05\/Quatro-Abades-740x416.jpg 740w, https:\/\/www.altominho.tv\/site\/wp-content\/uploads\/2020\/05\/Quatro-Abades-770x433.jpg 770w, https:\/\/www.altominho.tv\/site\/wp-content\/uploads\/2020\/05\/Quatro-Abades-768x432.jpg 768w, https:\/\/www.altominho.tv\/site\/wp-content\/uploads\/2020\/05\/Quatro-Abades-370x208.jpg 370w, https:\/\/www.altominho.tv\/site\/wp-content\/uploads\/2020\/05\/Quatro-Abades-270x152.jpg 270w, https:\/\/www.altominho.tv\/site\/wp-content\/uploads\/2020\/05\/Quatro-Abades-570x321.jpg 570w, https:\/\/www.altominho.tv\/site\/wp-content\/uploads\/2020\/05\/Quatro-Abades.jpg 800w\" sizes=\"auto, (max-width: 740px) 100vw, 740px\" \/><\/a>\n\t\t\t<\/div>\n\t\t\t\t<figcaption class='wp-caption-text gallery-caption' id='gallery-1-46407'>\n\t\t\t\tMESA DOS QUATRO ABADES &#8211; Ponte de Lima | Rituais e Costumes\n\t\t\t\t<\/figcaption><\/figure><figure class='gallery-item'>\n\t\t\t<div class='gallery-icon landscape'>\n\t\t\t\t<a class=\"gridlove-popup\" href='https:\/\/www.altominho.tv\/site\/wp-content\/uploads\/2020\/05\/Toalhas.jpg'><img loading=\"lazy\" decoding=\"async\" width=\"740\" height=\"416\" src=\"https:\/\/www.altominho.tv\/site\/wp-content\/uploads\/2020\/05\/Toalhas-740x416.jpg\" class=\"attachment-gridlove-single size-gridlove-single\" alt=\"\" aria-describedby=\"gallery-1-46411\" srcset=\"https:\/\/www.altominho.tv\/site\/wp-content\/uploads\/2020\/05\/Toalhas-740x416.jpg 740w, https:\/\/www.altominho.tv\/site\/wp-content\/uploads\/2020\/05\/Toalhas-770x433.jpg 770w, https:\/\/www.altominho.tv\/site\/wp-content\/uploads\/2020\/05\/Toalhas-768x432.jpg 768w, https:\/\/www.altominho.tv\/site\/wp-content\/uploads\/2020\/05\/Toalhas-370x208.jpg 370w, https:\/\/www.altominho.tv\/site\/wp-content\/uploads\/2020\/05\/Toalhas-270x152.jpg 270w, https:\/\/www.altominho.tv\/site\/wp-content\/uploads\/2020\/05\/Toalhas-570x321.jpg 570w, https:\/\/www.altominho.tv\/site\/wp-content\/uploads\/2020\/05\/Toalhas.jpg 800w\" sizes=\"auto, (max-width: 740px) 100vw, 740px\" \/><\/a>\n\t\t\t<\/div>\n\t\t\t\t<figcaption class='wp-caption-text gallery-caption' id='gallery-1-46411'>\n\t\t\t\tTOALHAS DE LINHO DE PONTE DE LIMA &#8211; Ponte de Lima | Artefactos\n\t\t\t\t<\/figcaption><\/figure><figure class='gallery-item'>\n\t\t\t<div class='gallery-icon landscape'>\n\t\t\t\t<a class=\"gridlove-popup\" href='https:\/\/www.altominho.tv\/site\/wp-content\/uploads\/2020\/05\/Cortejo-noturno.jpg'><img loading=\"lazy\" decoding=\"async\" width=\"740\" height=\"493\" src=\"https:\/\/www.altominho.tv\/site\/wp-content\/uploads\/2020\/05\/Cortejo-noturno-740x493.jpg\" class=\"attachment-gridlove-single size-gridlove-single\" alt=\"\" aria-describedby=\"gallery-1-46399\" srcset=\"https:\/\/www.altominho.tv\/site\/wp-content\/uploads\/2020\/05\/Cortejo-noturno-740x493.jpg 740w, https:\/\/www.altominho.tv\/site\/wp-content\/uploads\/2020\/05\/Cortejo-noturno-650x433.jpg 650w, https:\/\/www.altominho.tv\/site\/wp-content\/uploads\/2020\/05\/Cortejo-noturno-768x512.jpg 768w, https:\/\/www.altominho.tv\/site\/wp-content\/uploads\/2020\/05\/Cortejo-noturno-370x247.jpg 370w, https:\/\/www.altominho.tv\/site\/wp-content\/uploads\/2020\/05\/Cortejo-noturno-270x180.jpg 270w, https:\/\/www.altominho.tv\/site\/wp-content\/uploads\/2020\/05\/Cortejo-noturno-570x380.jpg 570w, https:\/\/www.altominho.tv\/site\/wp-content\/uploads\/2020\/05\/Cortejo-noturno.jpg 800w\" sizes=\"auto, (max-width: 740px) 100vw, 740px\" \/><\/a>\n\t\t\t<\/div>\n\t\t\t\t<figcaption class='wp-caption-text gallery-caption' id='gallery-1-46399'>\n\t\t\t\tCORTEJO NOTURNO &#8211; Viana do Castelo | Rituais e Costumes\n\t\t\t\t<\/figcaption><\/figure><figure class='gallery-item'>\n\t\t\t<div class='gallery-icon landscape'>\n\t\t\t\t<a class=\"gridlove-popup\" href='https:\/\/www.altominho.tv\/site\/wp-content\/uploads\/2020\/05\/Janeiras-Perre.jpg'><img loading=\"lazy\" decoding=\"async\" width=\"740\" height=\"416\" src=\"https:\/\/www.altominho.tv\/site\/wp-content\/uploads\/2020\/05\/Janeiras-Perre-740x416.jpg\" class=\"attachment-gridlove-single size-gridlove-single\" alt=\"\" aria-describedby=\"gallery-1-46404\" srcset=\"https:\/\/www.altominho.tv\/site\/wp-content\/uploads\/2020\/05\/Janeiras-Perre-740x416.jpg 740w, https:\/\/www.altominho.tv\/site\/wp-content\/uploads\/2020\/05\/Janeiras-Perre-770x433.jpg 770w, https:\/\/www.altominho.tv\/site\/wp-content\/uploads\/2020\/05\/Janeiras-Perre-768x432.jpg 768w, https:\/\/www.altominho.tv\/site\/wp-content\/uploads\/2020\/05\/Janeiras-Perre-370x208.jpg 370w, https:\/\/www.altominho.tv\/site\/wp-content\/uploads\/2020\/05\/Janeiras-Perre-270x152.jpg 270w, https:\/\/www.altominho.tv\/site\/wp-content\/uploads\/2020\/05\/Janeiras-Perre-570x321.jpg 570w, https:\/\/www.altominho.tv\/site\/wp-content\/uploads\/2020\/05\/Janeiras-Perre.jpg 800w\" sizes=\"auto, (max-width: 740px) 100vw, 740px\" \/><\/a>\n\t\t\t<\/div>\n\t\t\t\t<figcaption class='wp-caption-text gallery-caption' id='gallery-1-46404'>\n\t\t\t\tJANEIRAS DE PERRE &#8211; Viana do Castelo | Rituais e Costumes\n\t\t\t\t<\/figcaption><\/figure><figure class='gallery-item'>\n\t\t\t<div class='gallery-icon landscape'>\n\t\t\t\t<a class=\"gridlove-popup\" href='https:\/\/www.altominho.tv\/site\/wp-content\/uploads\/2020\/05\/Agonia.jpg'><img loading=\"lazy\" decoding=\"async\" width=\"740\" height=\"493\" src=\"https:\/\/www.altominho.tv\/site\/wp-content\/uploads\/2020\/05\/Agonia-740x493.jpg\" class=\"attachment-gridlove-single size-gridlove-single\" alt=\"\" aria-describedby=\"gallery-1-46394\" srcset=\"https:\/\/www.altominho.tv\/site\/wp-content\/uploads\/2020\/05\/Agonia-740x493.jpg 740w, https:\/\/www.altominho.tv\/site\/wp-content\/uploads\/2020\/05\/Agonia-650x433.jpg 650w, https:\/\/www.altominho.tv\/site\/wp-content\/uploads\/2020\/05\/Agonia-768x512.jpg 768w, https:\/\/www.altominho.tv\/site\/wp-content\/uploads\/2020\/05\/Agonia-370x247.jpg 370w, https:\/\/www.altominho.tv\/site\/wp-content\/uploads\/2020\/05\/Agonia-270x180.jpg 270w, https:\/\/www.altominho.tv\/site\/wp-content\/uploads\/2020\/05\/Agonia-570x380.jpg 570w, https:\/\/www.altominho.tv\/site\/wp-content\/uploads\/2020\/05\/Agonia.jpg 800w\" sizes=\"auto, (max-width: 740px) 100vw, 740px\" \/><\/a>\n\t\t\t<\/div>\n\t\t\t\t<figcaption class='wp-caption-text gallery-caption' id='gallery-1-46394'>\n\t\t\t\tROMARIA EM HONRA DE NOSSA SENHORA DA AGONIA &#8211; Viana do Castelo | Prociss\u00f5es e Romarias\n\t\t\t\t<\/figcaption><\/figure><figure class='gallery-item'>\n\t\t\t<div class='gallery-icon landscape'>\n\t\t\t\t<a class=\"gridlove-popup\" href='https:\/\/www.altominho.tv\/site\/wp-content\/uploads\/2020\/05\/Romaria-Santa-Marta.jpg'><img loading=\"lazy\" decoding=\"async\" width=\"740\" height=\"493\" src=\"https:\/\/www.altominho.tv\/site\/wp-content\/uploads\/2020\/05\/Romaria-Santa-Marta-740x493.jpg\" class=\"attachment-gridlove-single size-gridlove-single\" alt=\"\" aria-describedby=\"gallery-1-46408\" srcset=\"https:\/\/www.altominho.tv\/site\/wp-content\/uploads\/2020\/05\/Romaria-Santa-Marta-740x493.jpg 740w, https:\/\/www.altominho.tv\/site\/wp-content\/uploads\/2020\/05\/Romaria-Santa-Marta-650x433.jpg 650w, https:\/\/www.altominho.tv\/site\/wp-content\/uploads\/2020\/05\/Romaria-Santa-Marta-768x512.jpg 768w, https:\/\/www.altominho.tv\/site\/wp-content\/uploads\/2020\/05\/Romaria-Santa-Marta-370x247.jpg 370w, https:\/\/www.altominho.tv\/site\/wp-content\/uploads\/2020\/05\/Romaria-Santa-Marta-270x180.jpg 270w, https:\/\/www.altominho.tv\/site\/wp-content\/uploads\/2020\/05\/Romaria-Santa-Marta-570x380.jpg 570w, https:\/\/www.altominho.tv\/site\/wp-content\/uploads\/2020\/05\/Romaria-Santa-Marta.jpg 800w\" sizes=\"auto, (max-width: 740px) 100vw, 740px\" \/><\/a>\n\t\t\t<\/div>\n\t\t\t\t<figcaption class='wp-caption-text gallery-caption' id='gallery-1-46408'>\n\t\t\t\tROMARIA SANTA MARTA &#8211; Viana do Castelo | Prociss\u00f5es e Romarias\n\t\t\t\t<\/figcaption><\/figure><figure class='gallery-item'>\n\t\t\t<div class='gallery-icon landscape'>\n\t\t\t\t<a class=\"gridlove-popup\" href='https:\/\/www.altominho.tv\/site\/wp-content\/uploads\/2020\/05\/Vela-votiva.jpg'><img loading=\"lazy\" decoding=\"async\" width=\"740\" height=\"493\" src=\"https:\/\/www.altominho.tv\/site\/wp-content\/uploads\/2020\/05\/Vela-votiva-740x493.jpg\" class=\"attachment-gridlove-single size-gridlove-single\" alt=\"\" aria-describedby=\"gallery-1-46412\" srcset=\"https:\/\/www.altominho.tv\/site\/wp-content\/uploads\/2020\/05\/Vela-votiva-740x493.jpg 740w, https:\/\/www.altominho.tv\/site\/wp-content\/uploads\/2020\/05\/Vela-votiva-650x433.jpg 650w, https:\/\/www.altominho.tv\/site\/wp-content\/uploads\/2020\/05\/Vela-votiva-768x512.jpg 768w, https:\/\/www.altominho.tv\/site\/wp-content\/uploads\/2020\/05\/Vela-votiva-370x247.jpg 370w, https:\/\/www.altominho.tv\/site\/wp-content\/uploads\/2020\/05\/Vela-votiva-270x180.jpg 270w, https:\/\/www.altominho.tv\/site\/wp-content\/uploads\/2020\/05\/Vela-votiva-570x380.jpg 570w, https:\/\/www.altominho.tv\/site\/wp-content\/uploads\/2020\/05\/Vela-votiva.jpg 800w\" sizes=\"auto, (max-width: 740px) 100vw, 740px\" \/><\/a>\n\t\t\t<\/div>\n\t\t\t\t<figcaption class='wp-caption-text gallery-caption' id='gallery-1-46412'>\n\t\t\t\tVELA VOTIVA &#8211; Viana do Castelo | Artesanato\n\t\t\t\t<\/figcaption><\/figure>\n\t\t<\/div>\n\n<p>Segundo a organiza\u00e7\u00e3o, &#8220;os resultados da avalia\u00e7\u00e3o pelo painel de especialistas, a terceira fase do concurso, ser\u00e3o conhecidos a 7 de junho, com atraso de um m\u00eas, em virtude dos constrangimentos causados pela Covid-19&#8221;.<\/p>\n<p>Nessa fase, o painel de especialistas, composto por sete elementos de cada um dos 18 distritos e duas regi\u00f5es aut\u00f3nomas, vai eleger sete patrim\u00f3nios de cada regi\u00e3o, num total de 140 finalistas regionais, que participar\u00e3o nas respetivas eliminat\u00f3rias regionais.<\/p>\n<p>No dia 7 de junho ser\u00e3o tamb\u00e9m divulgadas as pr\u00f3ximas etapas do concurso, que est\u00e3o &#8220;condicionadas \u00e0 evolu\u00e7\u00e3o da pandemia&#8221;.<\/p>\n","protected":false},"excerpt":{"rendered":"<p>Entre as 504 candidaturas \u00e0s 7 Maravilhas da Cultura Popular, foram apurados 471 candidatos. No Alto Minho foram selecionados 20 patrim\u00f3nios dos concelhos de Caminha, Mon\u00e7\u00e3o, Ponte da Barca, Ponte de Lima e Viana do Castelo. As candidaturas foram avaliadas pelo Conselho Cient\u00edfico do concurso, que acabou por atribuir o selo de &#8220;Nomeado&#8221; a 471 [&hellip;]<\/p>\n","protected":false},"author":12,"featured_media":46415,"comment_status":"closed","ping_status":"closed","sticky":false,"template":"","format":"standard","meta":{"_exactmetrics_skip_tracking":false,"_exactmetrics_sitenote_active":false,"_exactmetrics_sitenote_note":"","_exactmetrics_sitenote_category":0,"footnotes":""},"categories":[73],"tags":[19],"class_list":["post-46389","post","type-post","status-publish","format-standard","has-post-thumbnail","hentry","category-alto-minho","tag-cultura"],"yoast_head":"<!-- This site is optimized with the Yoast SEO Premium plugin v27.4 (Yoast SEO v27.4) - https:\/\/yoast.com\/product\/yoast-seo-premium-wordpress\/ -->\n<title>Alto Minho tem 20 candidatos \u00e0s 7 Maravilhas da Cultura Popular<\/title>\n<meta name=\"robots\" content=\"index, follow, max-snippet:-1, max-image-preview:large, max-video-preview:-1\" \/>\n<link rel=\"canonical\" href=\"https:\/\/www.altominho.tv\/site\/2020\/05\/16\/alto-minho-tem-20-candidatos-as-7-maravilhas-da-cultura-popular\/\" \/>\n<meta property=\"og:locale\" content=\"pt_PT\" \/>\n<meta property=\"og:type\" content=\"article\" \/>\n<meta property=\"og:title\" content=\"Alto Minho tem 20 candidatos \u00e0s 7 Maravilhas da Cultura Popular\" \/>\n<meta property=\"og:description\" content=\"Entre as 504 candidaturas \u00e0s 7 Maravilhas da Cultura Popular, foram apurados 471 candidatos. No Alto Minho foram selecionados 20 patrim\u00f3nios dos concelhos de Caminha, Mon\u00e7\u00e3o, Ponte da Barca, Ponte de Lima e Viana do Castelo. As candidaturas foram avaliadas pelo Conselho Cient\u00edfico do concurso, que acabou por atribuir o selo de &#8220;Nomeado&#8221; a 471 [&hellip;]\" \/>\n<meta property=\"og:url\" content=\"https:\/\/www.altominho.tv\/site\/2020\/05\/16\/alto-minho-tem-20-candidatos-as-7-maravilhas-da-cultura-popular\/\" \/>\n<meta property=\"og:site_name\" content=\"Altominho.tv\" \/>\n<meta property=\"article:publisher\" content=\"https:\/\/www.facebook.com\/altominhotv\" \/>\n<meta property=\"article:published_time\" content=\"2020-05-16T16:28:07+00:00\" \/>\n<meta property=\"article:modified_time\" content=\"2020-05-16T16:28:11+00:00\" \/>\n<meta property=\"og:image\" content=\"https:\/\/www.altominho.tv\/site\/wp-content\/uploads\/2020\/05\/06-m-1-scaled.jpg\" \/>\n\t<meta property=\"og:image:width\" content=\"2560\" \/>\n\t<meta property=\"og:image:height\" content=\"1369\" \/>\n\t<meta property=\"og:image:type\" content=\"image\/jpeg\" \/>\n<meta name=\"author\" content=\"Andreia Ferreira\" \/>\n<meta name=\"twitter:card\" content=\"summary_large_image\" \/>\n<meta name=\"twitter:creator\" content=\"@altominhoTV\" \/>\n<meta name=\"twitter:site\" content=\"@altominhoTV\" \/>\n<meta name=\"twitter:label1\" content=\"Escrito por\" \/>\n\t<meta name=\"twitter:data1\" content=\"Andreia Ferreira\" \/>\n\t<meta name=\"twitter:label2\" content=\"Tempo estimado de leitura\" \/>\n\t<meta name=\"twitter:data2\" content=\"2 minutos\" \/>\n<script type=\"application\/ld+json\" class=\"yoast-schema-graph\">{\"@context\":\"https:\\\/\\\/schema.org\",\"@graph\":[{\"@type\":\"Article\",\"@id\":\"https:\\\/\\\/www.altominho.tv\\\/site\\\/2020\\\/05\\\/16\\\/alto-minho-tem-20-candidatos-as-7-maravilhas-da-cultura-popular\\\/#article\",\"isPartOf\":{\"@id\":\"https:\\\/\\\/www.altominho.tv\\\/site\\\/2020\\\/05\\\/16\\\/alto-minho-tem-20-candidatos-as-7-maravilhas-da-cultura-popular\\\/\"},\"author\":{\"name\":\"Andreia Ferreira\",\"@id\":\"https:\\\/\\\/www.altominho.tv\\\/site\\\/#\\\/schema\\\/person\\\/d9be4265364723f14ea8e0d56a1d38cd\"},\"headline\":\"Alto Minho tem 20 candidatos \u00e0s 7 Maravilhas da Cultura Popular\",\"datePublished\":\"2020-05-16T16:28:07+00:00\",\"dateModified\":\"2020-05-16T16:28:11+00:00\",\"mainEntityOfPage\":{\"@id\":\"https:\\\/\\\/www.altominho.tv\\\/site\\\/2020\\\/05\\\/16\\\/alto-minho-tem-20-candidatos-as-7-maravilhas-da-cultura-popular\\\/\"},\"wordCount\":482,\"image\":{\"@id\":\"https:\\\/\\\/www.altominho.tv\\\/site\\\/2020\\\/05\\\/16\\\/alto-minho-tem-20-candidatos-as-7-maravilhas-da-cultura-popular\\\/#primaryimage\"},\"thumbnailUrl\":\"https:\\\/\\\/www.altominho.tv\\\/site\\\/wp-content\\\/uploads\\\/2020\\\/05\\\/06-m-1-scaled.jpg\",\"keywords\":[\"Cultura\"],\"articleSection\":[\"Alto Minho\"],\"inLanguage\":\"pt-PT\",\"copyrightYear\":\"2020\",\"copyrightHolder\":{\"@id\":\"https:\\\/\\\/www.altominho.tv\\\/site\\\/#organization\"}},{\"@type\":\"WebPage\",\"@id\":\"https:\\\/\\\/www.altominho.tv\\\/site\\\/2020\\\/05\\\/16\\\/alto-minho-tem-20-candidatos-as-7-maravilhas-da-cultura-popular\\\/\",\"url\":\"https:\\\/\\\/www.altominho.tv\\\/site\\\/2020\\\/05\\\/16\\\/alto-minho-tem-20-candidatos-as-7-maravilhas-da-cultura-popular\\\/\",\"name\":\"Alto Minho tem 20 candidatos \u00e0s 7 Maravilhas da Cultura Popular\",\"isPartOf\":{\"@id\":\"https:\\\/\\\/www.altominho.tv\\\/site\\\/#website\"},\"primaryImageOfPage\":{\"@id\":\"https:\\\/\\\/www.altominho.tv\\\/site\\\/2020\\\/05\\\/16\\\/alto-minho-tem-20-candidatos-as-7-maravilhas-da-cultura-popular\\\/#primaryimage\"},\"image\":{\"@id\":\"https:\\\/\\\/www.altominho.tv\\\/site\\\/2020\\\/05\\\/16\\\/alto-minho-tem-20-candidatos-as-7-maravilhas-da-cultura-popular\\\/#primaryimage\"},\"thumbnailUrl\":\"https:\\\/\\\/www.altominho.tv\\\/site\\\/wp-content\\\/uploads\\\/2020\\\/05\\\/06-m-1-scaled.jpg\",\"datePublished\":\"2020-05-16T16:28:07+00:00\",\"dateModified\":\"2020-05-16T16:28:11+00:00\",\"author\":{\"@id\":\"https:\\\/\\\/www.altominho.tv\\\/site\\\/#\\\/schema\\\/person\\\/d9be4265364723f14ea8e0d56a1d38cd\"},\"breadcrumb\":{\"@id\":\"https:\\\/\\\/www.altominho.tv\\\/site\\\/2020\\\/05\\\/16\\\/alto-minho-tem-20-candidatos-as-7-maravilhas-da-cultura-popular\\\/#breadcrumb\"},\"inLanguage\":\"pt-PT\",\"potentialAction\":[{\"@type\":\"ReadAction\",\"target\":[\"https:\\\/\\\/www.altominho.tv\\\/site\\\/2020\\\/05\\\/16\\\/alto-minho-tem-20-candidatos-as-7-maravilhas-da-cultura-popular\\\/\"]}]},{\"@type\":\"ImageObject\",\"inLanguage\":\"pt-PT\",\"@id\":\"https:\\\/\\\/www.altominho.tv\\\/site\\\/2020\\\/05\\\/16\\\/alto-minho-tem-20-candidatos-as-7-maravilhas-da-cultura-popular\\\/#primaryimage\",\"url\":\"https:\\\/\\\/www.altominho.tv\\\/site\\\/wp-content\\\/uploads\\\/2020\\\/05\\\/06-m-1-scaled.jpg\",\"contentUrl\":\"https:\\\/\\\/www.altominho.tv\\\/site\\\/wp-content\\\/uploads\\\/2020\\\/05\\\/06-m-1-scaled.jpg\",\"width\":2560,\"height\":1369},{\"@type\":\"BreadcrumbList\",\"@id\":\"https:\\\/\\\/www.altominho.tv\\\/site\\\/2020\\\/05\\\/16\\\/alto-minho-tem-20-candidatos-as-7-maravilhas-da-cultura-popular\\\/#breadcrumb\",\"itemListElement\":[{\"@type\":\"ListItem\",\"position\":1,\"name\":\"In\u00edcio\",\"item\":\"https:\\\/\\\/www.altominho.tv\\\/site\\\/\"},{\"@type\":\"ListItem\",\"position\":2,\"name\":\"Alto Minho tem 20 candidatos \u00e0s 7 Maravilhas da Cultura Popular\"}]},{\"@type\":\"WebSite\",\"@id\":\"https:\\\/\\\/www.altominho.tv\\\/site\\\/#website\",\"url\":\"https:\\\/\\\/www.altominho.tv\\\/site\\\/\",\"name\":\"Altominho.tv\",\"description\":\"A sua regi\u00e3o \u00e0 dist\u00e2ncia de um clique...\",\"potentialAction\":[{\"@type\":\"SearchAction\",\"target\":{\"@type\":\"EntryPoint\",\"urlTemplate\":\"https:\\\/\\\/www.altominho.tv\\\/site\\\/?s={search_term_string}\"},\"query-input\":{\"@type\":\"PropertyValueSpecification\",\"valueRequired\":true,\"valueName\":\"search_term_string\"}}],\"inLanguage\":\"pt-PT\"},{\"@type\":\"Person\",\"@id\":\"https:\\\/\\\/www.altominho.tv\\\/site\\\/#\\\/schema\\\/person\\\/d9be4265364723f14ea8e0d56a1d38cd\",\"name\":\"Andreia Ferreira\",\"image\":{\"@type\":\"ImageObject\",\"inLanguage\":\"pt-PT\",\"@id\":\"https:\\\/\\\/www.altominho.tv\\\/site\\\/wp-content\\\/uploads\\\/2021\\\/01\\\/AndreiaFerreira-150x150.jpg\",\"url\":\"https:\\\/\\\/www.altominho.tv\\\/site\\\/wp-content\\\/uploads\\\/2021\\\/01\\\/AndreiaFerreira-150x150.jpg\",\"contentUrl\":\"https:\\\/\\\/www.altominho.tv\\\/site\\\/wp-content\\\/uploads\\\/2021\\\/01\\\/AndreiaFerreira-150x150.jpg\",\"caption\":\"Andreia Ferreira\"},\"url\":\"https:\\\/\\\/www.altominho.tv\\\/site\\\/author\\\/andreiaferreira\\\/\"}]}<\/script>\n<!-- \/ Yoast SEO Premium plugin. -->","yoast_head_json":{"title":"Alto Minho tem 20 candidatos \u00e0s 7 Maravilhas da Cultura Popular","robots":{"index":"index","follow":"follow","max-snippet":"max-snippet:-1","max-image-preview":"max-image-preview:large","max-video-preview":"max-video-preview:-1"},"canonical":"https:\/\/www.altominho.tv\/site\/2020\/05\/16\/alto-minho-tem-20-candidatos-as-7-maravilhas-da-cultura-popular\/","og_locale":"pt_PT","og_type":"article","og_title":"Alto Minho tem 20 candidatos \u00e0s 7 Maravilhas da Cultura Popular","og_description":"Entre as 504 candidaturas \u00e0s 7 Maravilhas da Cultura Popular, foram apurados 471 candidatos. No Alto Minho foram selecionados 20 patrim\u00f3nios dos concelhos de Caminha, Mon\u00e7\u00e3o, Ponte da Barca, Ponte de Lima e Viana do Castelo. As candidaturas foram avaliadas pelo Conselho Cient\u00edfico do concurso, que acabou por atribuir o selo de &#8220;Nomeado&#8221; a 471 [&hellip;]","og_url":"https:\/\/www.altominho.tv\/site\/2020\/05\/16\/alto-minho-tem-20-candidatos-as-7-maravilhas-da-cultura-popular\/","og_site_name":"Altominho.tv","article_publisher":"https:\/\/www.facebook.com\/altominhotv","article_published_time":"2020-05-16T16:28:07+00:00","article_modified_time":"2020-05-16T16:28:11+00:00","og_image":[{"width":2560,"height":1369,"url":"https:\/\/www.altominho.tv\/site\/wp-content\/uploads\/2020\/05\/06-m-1-scaled.jpg","type":"image\/jpeg"}],"author":"Andreia Ferreira","twitter_card":"summary_large_image","twitter_creator":"@altominhoTV","twitter_site":"@altominhoTV","twitter_misc":{"Escrito por":"Andreia Ferreira","Tempo estimado de leitura":"2 minutos"},"schema":{"@context":"https:\/\/schema.org","@graph":[{"@type":"Article","@id":"https:\/\/www.altominho.tv\/site\/2020\/05\/16\/alto-minho-tem-20-candidatos-as-7-maravilhas-da-cultura-popular\/#article","isPartOf":{"@id":"https:\/\/www.altominho.tv\/site\/2020\/05\/16\/alto-minho-tem-20-candidatos-as-7-maravilhas-da-cultura-popular\/"},"author":{"name":"Andreia Ferreira","@id":"https:\/\/www.altominho.tv\/site\/#\/schema\/person\/d9be4265364723f14ea8e0d56a1d38cd"},"headline":"Alto Minho tem 20 candidatos \u00e0s 7 Maravilhas da Cultura Popular","datePublished":"2020-05-16T16:28:07+00:00","dateModified":"2020-05-16T16:28:11+00:00","mainEntityOfPage":{"@id":"https:\/\/www.altominho.tv\/site\/2020\/05\/16\/alto-minho-tem-20-candidatos-as-7-maravilhas-da-cultura-popular\/"},"wordCount":482,"image":{"@id":"https:\/\/www.altominho.tv\/site\/2020\/05\/16\/alto-minho-tem-20-candidatos-as-7-maravilhas-da-cultura-popular\/#primaryimage"},"thumbnailUrl":"https:\/\/www.altominho.tv\/site\/wp-content\/uploads\/2020\/05\/06-m-1-scaled.jpg","keywords":["Cultura"],"articleSection":["Alto Minho"],"inLanguage":"pt-PT","copyrightYear":"2020","copyrightHolder":{"@id":"https:\/\/www.altominho.tv\/site\/#organization"}},{"@type":"WebPage","@id":"https:\/\/www.altominho.tv\/site\/2020\/05\/16\/alto-minho-tem-20-candidatos-as-7-maravilhas-da-cultura-popular\/","url":"https:\/\/www.altominho.tv\/site\/2020\/05\/16\/alto-minho-tem-20-candidatos-as-7-maravilhas-da-cultura-popular\/","name":"Alto Minho tem 20 candidatos \u00e0s 7 Maravilhas da Cultura Popular","isPartOf":{"@id":"https:\/\/www.altominho.tv\/site\/#website"},"primaryImageOfPage":{"@id":"https:\/\/www.altominho.tv\/site\/2020\/05\/16\/alto-minho-tem-20-candidatos-as-7-maravilhas-da-cultura-popular\/#primaryimage"},"image":{"@id":"https:\/\/www.altominho.tv\/site\/2020\/05\/16\/alto-minho-tem-20-candidatos-as-7-maravilhas-da-cultura-popular\/#primaryimage"},"thumbnailUrl":"https:\/\/www.altominho.tv\/site\/wp-content\/uploads\/2020\/05\/06-m-1-scaled.jpg","datePublished":"2020-05-16T16:28:07+00:00","dateModified":"2020-05-16T16:28:11+00:00","author":{"@id":"https:\/\/www.altominho.tv\/site\/#\/schema\/person\/d9be4265364723f14ea8e0d56a1d38cd"},"breadcrumb":{"@id":"https:\/\/www.altominho.tv\/site\/2020\/05\/16\/alto-minho-tem-20-candidatos-as-7-maravilhas-da-cultura-popular\/#breadcrumb"},"inLanguage":"pt-PT","potentialAction":[{"@type":"ReadAction","target":["https:\/\/www.altominho.tv\/site\/2020\/05\/16\/alto-minho-tem-20-candidatos-as-7-maravilhas-da-cultura-popular\/"]}]},{"@type":"ImageObject","inLanguage":"pt-PT","@id":"https:\/\/www.altominho.tv\/site\/2020\/05\/16\/alto-minho-tem-20-candidatos-as-7-maravilhas-da-cultura-popular\/#primaryimage","url":"https:\/\/www.altominho.tv\/site\/wp-content\/uploads\/2020\/05\/06-m-1-scaled.jpg","contentUrl":"https:\/\/www.altominho.tv\/site\/wp-content\/uploads\/2020\/05\/06-m-1-scaled.jpg","width":2560,"height":1369},{"@type":"BreadcrumbList","@id":"https:\/\/www.altominho.tv\/site\/2020\/05\/16\/alto-minho-tem-20-candidatos-as-7-maravilhas-da-cultura-popular\/#breadcrumb","itemListElement":[{"@type":"ListItem","position":1,"name":"In\u00edcio","item":"https:\/\/www.altominho.tv\/site\/"},{"@type":"ListItem","position":2,"name":"Alto Minho tem 20 candidatos \u00e0s 7 Maravilhas da Cultura Popular"}]},{"@type":"WebSite","@id":"https:\/\/www.altominho.tv\/site\/#website","url":"https:\/\/www.altominho.tv\/site\/","name":"Altominho.tv","description":"A sua regi\u00e3o \u00e0 dist\u00e2ncia de um clique...","potentialAction":[{"@type":"SearchAction","target":{"@type":"EntryPoint","urlTemplate":"https:\/\/www.altominho.tv\/site\/?s={search_term_string}"},"query-input":{"@type":"PropertyValueSpecification","valueRequired":true,"valueName":"search_term_string"}}],"inLanguage":"pt-PT"},{"@type":"Person","@id":"https:\/\/www.altominho.tv\/site\/#\/schema\/person\/d9be4265364723f14ea8e0d56a1d38cd","name":"Andreia Ferreira","image":{"@type":"ImageObject","inLanguage":"pt-PT","@id":"https:\/\/www.altominho.tv\/site\/wp-content\/uploads\/2021\/01\/AndreiaFerreira-150x150.jpg","url":"https:\/\/www.altominho.tv\/site\/wp-content\/uploads\/2021\/01\/AndreiaFerreira-150x150.jpg","contentUrl":"https:\/\/www.altominho.tv\/site\/wp-content\/uploads\/2021\/01\/AndreiaFerreira-150x150.jpg","caption":"Andreia Ferreira"},"url":"https:\/\/www.altominho.tv\/site\/author\/andreiaferreira\/"}]}},"_links":{"self":[{"href":"https:\/\/www.altominho.tv\/site\/wp-json\/wp\/v2\/posts\/46389","targetHints":{"allow":["GET"]}}],"collection":[{"href":"https:\/\/www.altominho.tv\/site\/wp-json\/wp\/v2\/posts"}],"about":[{"href":"https:\/\/www.altominho.tv\/site\/wp-json\/wp\/v2\/types\/post"}],"author":[{"embeddable":true,"href":"https:\/\/www.altominho.tv\/site\/wp-json\/wp\/v2\/users\/12"}],"replies":[{"embeddable":true,"href":"https:\/\/www.altominho.tv\/site\/wp-json\/wp\/v2\/comments?post=46389"}],"version-history":[{"count":0,"href":"https:\/\/www.altominho.tv\/site\/wp-json\/wp\/v2\/posts\/46389\/revisions"}],"wp:featuredmedia":[{"embeddable":true,"href":"https:\/\/www.altominho.tv\/site\/wp-json\/wp\/v2\/media\/46415"}],"wp:attachment":[{"href":"https:\/\/www.altominho.tv\/site\/wp-json\/wp\/v2\/media?parent=46389"}],"wp:term":[{"taxonomy":"category","embeddable":true,"href":"https:\/\/www.altominho.tv\/site\/wp-json\/wp\/v2\/categories?post=46389"},{"taxonomy":"post_tag","embeddable":true,"href":"https:\/\/www.altominho.tv\/site\/wp-json\/wp\/v2\/tags?post=46389"}],"curies":[{"name":"wp","href":"https:\/\/api.w.org\/{rel}","templated":true}]}}