{"id":46371,"date":"2020-05-16T10:00:30","date_gmt":"2020-05-16T09:00:30","guid":{"rendered":"http:\/\/www.altominho.tv\/site\/?p=46371"},"modified":"2020-05-16T10:00:34","modified_gmt":"2020-05-16T09:00:34","slug":"centros-de-inspecao-e-escolas-de-conducao-vao-poder-abrir","status":"publish","type":"post","link":"https:\/\/www.altominho.tv\/site\/2020\/05\/16\/centros-de-inspecao-e-escolas-de-conducao-vao-poder-abrir\/","title":{"rendered":"Centros de inspe\u00e7\u00e3o e escolas de condu\u00e7\u00e3o v\u00e3o poder abrir"},"content":{"rendered":"<p>Os centros de inspe\u00e7\u00e3o autom\u00f3vel e as escolas de condu\u00e7\u00e3o podem reabrir na segunda-feira, mas mant\u00e9m-se em vigor um regime excecional, que prorroga os prazos desta obriga\u00e7\u00e3o em cinco meses.<\/p>\n<p>O Conselho de Ministros aprovou esta sexta-feira uma resolu\u00e7\u00e3o que prorroga a declara\u00e7\u00e3o de situa\u00e7\u00e3o de calamidade at\u00e9 dia 31 de maio e estas medidas fazem parte das altera\u00e7\u00f5es \u00e0s iniciativas de car\u00e1ter extraordin\u00e1rio apresentadas pelo Governo, no \u00e2mbito do plano de desconfinamento.<\/p>\n<p class=\"text-paragraph\">Em comunicado, o Minist\u00e9rio das Infraestruturas e Habita\u00e7\u00e3o (MIH) referiu que o Governo determinou \u201ca reabertura ao p\u00fablico dos centros de inspe\u00e7\u00e3o autom\u00f3vel a partir do dia 18 de maio de 2020\u201d, o que ir\u00e1 \u201cpermitir a abertura ao p\u00fablico dos centros de inspe\u00e7\u00e3o aos utentes para que procedam \u00e0 inspe\u00e7\u00e3o peri\u00f3dica de ve\u00edculos\u201d.<\/p>\n<p class=\"text-paragraph\">Esta medida depende do \u201ccumprimento de medidas de ocupa\u00e7\u00e3o, perman\u00eancia e distanciamento f\u00edsico que salvaguardem os utentes e os funcion\u00e1rios\u201d.<\/p>\n<p class=\"text-paragraph\">De acordo com a tutela mant\u00e9m-se, no entanto, em vigor \u201co regime excecional de inspe\u00e7\u00e3o peri\u00f3dica, segundo o qual os ve\u00edculos a motor e seus reboques, ligeiros ou pesados, que devessem ser apresentados \u00e0 inspe\u00e7\u00e3o peri\u00f3dica no per\u00edodo que decorre desde 13 de mar\u00e7o at\u00e9 ao dia 30 de junho de 2020, veem o seu prazo prorrogado por cinco meses contados da data da matr\u00edcula\u201d.<\/p>\n<p class=\"text-paragraph\">O MIH esclarece ainda que se mant\u00e9m igualmente \u201co regime excecional de responsabilidade civil autom\u00f3vel, em que as seguradoras assumem a responsabilidade pelos acidentes ocorridos com viaturas sem inspe\u00e7\u00e3o peri\u00f3dica, desde que o seguro esteja ativo\u201d.<\/p>\n<p class=\"text-paragraph\">Al\u00e9m disso, a partir de segunda-feira \u201c\u00e9 retomado o ensino da condu\u00e7\u00e3o nas modalidades de ensino te\u00f3rico e de ensino pr\u00e1tico da condu\u00e7\u00e3o, bem como a forma\u00e7\u00e3o presencial te\u00f3rica e pr\u00e1tica de certifica\u00e7\u00e3o de profissionais\u201d.<\/p>\n<p class=\"text-paragraph\">O Governo ir\u00e1 autorizar a \u201crealiza\u00e7\u00e3o de exames te\u00f3ricos da condu\u00e7\u00e3o e os exames te\u00f3ricos para obten\u00e7\u00e3o de capacidade profissional\u201d.<\/p>\n<p class=\"text-paragraph\">De acordo com o mesmo comunicado, o Governo \u201cdetermina ainda que a partir de 25 de maio de 2020 \u00e9 poss\u00edvel retomar a realiza\u00e7\u00e3o dos exames pr\u00e1ticos da condu\u00e7\u00e3o e certifica\u00e7\u00e3o de profissionais\u201d.<\/p>\n<p class=\"text-paragraph\">No caso dos exames pr\u00e1ticos, \u201cser\u00e1 obrigat\u00f3ria, entre outras regras, a utiliza\u00e7\u00e3o de m\u00e1scara por todos os ocupantes do ve\u00edculo (o candidato a condutor, o examinador e o instrutor na retaguarda) e a higieniza\u00e7\u00e3o do habit\u00e1culo e de todos os comandos do ve\u00edculo antes e ap\u00f3s cada sess\u00e3o ou prova de exame\u201d, indicou a tutela.<\/p>\n<p class=\"text-paragraph\">Para poderem reabrir, \u201cas escolas de condu\u00e7\u00e3o e os centros de forma\u00e7\u00e3o licenciados pelo IMT [Instituto da Mobilidade e dos Transportes] ter\u00e3o de cumprir as regras sanit\u00e1rias definidas em articula\u00e7\u00e3o com a Dire\u00e7\u00e3o-Geral da\u00a0Sa\u00fade\u201d, incluindo o uso obrigat\u00f3rio de m\u00e1scara, as regras de distanciamento e de higieniza\u00e7\u00e3o.<\/p>\n","protected":false},"excerpt":{"rendered":"<p>Os centros de inspe\u00e7\u00e3o autom\u00f3vel e as escolas de condu\u00e7\u00e3o podem reabrir na segunda-feira, mas mant\u00e9m-se em vigor um regime excecional, que prorroga os prazos desta obriga\u00e7\u00e3o em cinco meses. O Conselho de Ministros aprovou esta sexta-feira uma resolu\u00e7\u00e3o que prorroga a declara\u00e7\u00e3o de situa\u00e7\u00e3o de calamidade at\u00e9 dia 31 de maio e estas medidas [&hellip;]<\/p>\n","protected":false},"author":15,"featured_media":46375,"comment_status":"closed","ping_status":"closed","sticky":false,"template":"","format":"standard","meta":{"_exactmetrics_skip_tracking":false,"_exactmetrics_sitenote_active":false,"_exactmetrics_sitenote_note":"","_exactmetrics_sitenote_category":0,"footnotes":""},"categories":[73],"tags":[27],"class_list":["post-46371","post","type-post","status-publish","format-standard","has-post-thumbnail","hentry","category-alto-minho","tag-sociedade"],"yoast_head":"<!-- This site is optimized with the Yoast SEO Premium plugin v27.4 (Yoast SEO v27.4) - https:\/\/yoast.com\/product\/yoast-seo-premium-wordpress\/ -->\n<title>Centros de inspe\u00e7\u00e3o e escolas de condu\u00e7\u00e3o v\u00e3o poder abrir<\/title>\n<meta name=\"robots\" content=\"index, follow, max-snippet:-1, max-image-preview:large, max-video-preview:-1\" \/>\n<link rel=\"canonical\" href=\"https:\/\/www.altominho.tv\/site\/2020\/05\/16\/centros-de-inspecao-e-escolas-de-conducao-vao-poder-abrir\/\" \/>\n<meta property=\"og:locale\" content=\"pt_PT\" \/>\n<meta property=\"og:type\" content=\"article\" \/>\n<meta property=\"og:title\" content=\"Centros de inspe\u00e7\u00e3o e escolas de condu\u00e7\u00e3o v\u00e3o poder abrir\" \/>\n<meta property=\"og:description\" content=\"Os centros de inspe\u00e7\u00e3o autom\u00f3vel e as escolas de condu\u00e7\u00e3o podem reabrir na segunda-feira, mas mant\u00e9m-se em vigor um regime excecional, que prorroga os prazos desta obriga\u00e7\u00e3o em cinco meses. O Conselho de Ministros aprovou esta sexta-feira uma resolu\u00e7\u00e3o que prorroga a declara\u00e7\u00e3o de situa\u00e7\u00e3o de calamidade at\u00e9 dia 31 de maio e estas medidas [&hellip;]\" \/>\n<meta property=\"og:url\" content=\"https:\/\/www.altominho.tv\/site\/2020\/05\/16\/centros-de-inspecao-e-escolas-de-conducao-vao-poder-abrir\/\" \/>\n<meta property=\"og:site_name\" content=\"Altominho.tv\" \/>\n<meta property=\"article:publisher\" content=\"https:\/\/www.facebook.com\/altominhotv\" \/>\n<meta property=\"article:published_time\" content=\"2020-05-16T09:00:30+00:00\" \/>\n<meta property=\"article:modified_time\" content=\"2020-05-16T09:00:34+00:00\" \/>\n<meta property=\"og:image\" content=\"https:\/\/www.altominho.tv\/site\/wp-content\/uploads\/2020\/05\/centro-e1589619557611.jpg\" \/>\n\t<meta property=\"og:image:width\" content=\"1270\" \/>\n\t<meta property=\"og:image:height\" content=\"771\" \/>\n\t<meta property=\"og:image:type\" content=\"image\/jpeg\" \/>\n<meta name=\"author\" content=\"Andreia Ferreira | Lusa\" \/>\n<meta name=\"twitter:card\" content=\"summary_large_image\" \/>\n<meta name=\"twitter:creator\" content=\"@altominhoTV\" \/>\n<meta name=\"twitter:site\" content=\"@altominhoTV\" \/>\n<meta name=\"twitter:label1\" content=\"Escrito por\" \/>\n\t<meta name=\"twitter:data1\" content=\"Andreia Ferreira | Lusa\" \/>\n\t<meta name=\"twitter:label2\" content=\"Tempo estimado de leitura\" \/>\n\t<meta name=\"twitter:data2\" content=\"3 minutos\" \/>\n<script type=\"application\/ld+json\" class=\"yoast-schema-graph\">{\"@context\":\"https:\\\/\\\/schema.org\",\"@graph\":[{\"@type\":\"Article\",\"@id\":\"https:\\\/\\\/www.altominho.tv\\\/site\\\/2020\\\/05\\\/16\\\/centros-de-inspecao-e-escolas-de-conducao-vao-poder-abrir\\\/#article\",\"isPartOf\":{\"@id\":\"https:\\\/\\\/www.altominho.tv\\\/site\\\/2020\\\/05\\\/16\\\/centros-de-inspecao-e-escolas-de-conducao-vao-poder-abrir\\\/\"},\"author\":{\"name\":\"Andreia Ferreira | Lusa\",\"@id\":\"https:\\\/\\\/www.altominho.tv\\\/site\\\/#\\\/schema\\\/person\\\/a0bff6dc1041aadd46fa81887444b017\"},\"headline\":\"Centros de inspe\u00e7\u00e3o e escolas de condu\u00e7\u00e3o v\u00e3o poder abrir\",\"datePublished\":\"2020-05-16T09:00:30+00:00\",\"dateModified\":\"2020-05-16T09:00:34+00:00\",\"mainEntityOfPage\":{\"@id\":\"https:\\\/\\\/www.altominho.tv\\\/site\\\/2020\\\/05\\\/16\\\/centros-de-inspecao-e-escolas-de-conducao-vao-poder-abrir\\\/\"},\"wordCount\":517,\"image\":{\"@id\":\"https:\\\/\\\/www.altominho.tv\\\/site\\\/2020\\\/05\\\/16\\\/centros-de-inspecao-e-escolas-de-conducao-vao-poder-abrir\\\/#primaryimage\"},\"thumbnailUrl\":\"https:\\\/\\\/www.altominho.tv\\\/site\\\/wp-content\\\/uploads\\\/2020\\\/05\\\/centro-e1589619557611.jpg\",\"keywords\":[\"Sociedade\"],\"articleSection\":[\"Alto Minho\"],\"inLanguage\":\"pt-PT\",\"copyrightYear\":\"2020\",\"copyrightHolder\":{\"@id\":\"https:\\\/\\\/www.altominho.tv\\\/site\\\/#organization\"}},{\"@type\":\"WebPage\",\"@id\":\"https:\\\/\\\/www.altominho.tv\\\/site\\\/2020\\\/05\\\/16\\\/centros-de-inspecao-e-escolas-de-conducao-vao-poder-abrir\\\/\",\"url\":\"https:\\\/\\\/www.altominho.tv\\\/site\\\/2020\\\/05\\\/16\\\/centros-de-inspecao-e-escolas-de-conducao-vao-poder-abrir\\\/\",\"name\":\"Centros de inspe\u00e7\u00e3o e escolas de condu\u00e7\u00e3o v\u00e3o poder abrir\",\"isPartOf\":{\"@id\":\"https:\\\/\\\/www.altominho.tv\\\/site\\\/#website\"},\"primaryImageOfPage\":{\"@id\":\"https:\\\/\\\/www.altominho.tv\\\/site\\\/2020\\\/05\\\/16\\\/centros-de-inspecao-e-escolas-de-conducao-vao-poder-abrir\\\/#primaryimage\"},\"image\":{\"@id\":\"https:\\\/\\\/www.altominho.tv\\\/site\\\/2020\\\/05\\\/16\\\/centros-de-inspecao-e-escolas-de-conducao-vao-poder-abrir\\\/#primaryimage\"},\"thumbnailUrl\":\"https:\\\/\\\/www.altominho.tv\\\/site\\\/wp-content\\\/uploads\\\/2020\\\/05\\\/centro-e1589619557611.jpg\",\"datePublished\":\"2020-05-16T09:00:30+00:00\",\"dateModified\":\"2020-05-16T09:00:34+00:00\",\"author\":{\"@id\":\"https:\\\/\\\/www.altominho.tv\\\/site\\\/#\\\/schema\\\/person\\\/a0bff6dc1041aadd46fa81887444b017\"},\"breadcrumb\":{\"@id\":\"https:\\\/\\\/www.altominho.tv\\\/site\\\/2020\\\/05\\\/16\\\/centros-de-inspecao-e-escolas-de-conducao-vao-poder-abrir\\\/#breadcrumb\"},\"inLanguage\":\"pt-PT\",\"potentialAction\":[{\"@type\":\"ReadAction\",\"target\":[\"https:\\\/\\\/www.altominho.tv\\\/site\\\/2020\\\/05\\\/16\\\/centros-de-inspecao-e-escolas-de-conducao-vao-poder-abrir\\\/\"]}]},{\"@type\":\"ImageObject\",\"inLanguage\":\"pt-PT\",\"@id\":\"https:\\\/\\\/www.altominho.tv\\\/site\\\/2020\\\/05\\\/16\\\/centros-de-inspecao-e-escolas-de-conducao-vao-poder-abrir\\\/#primaryimage\",\"url\":\"https:\\\/\\\/www.altominho.tv\\\/site\\\/wp-content\\\/uploads\\\/2020\\\/05\\\/centro-e1589619557611.jpg\",\"contentUrl\":\"https:\\\/\\\/www.altominho.tv\\\/site\\\/wp-content\\\/uploads\\\/2020\\\/05\\\/centro-e1589619557611.jpg\",\"width\":1270,\"height\":771,\"caption\":\"ITVP\"},{\"@type\":\"BreadcrumbList\",\"@id\":\"https:\\\/\\\/www.altominho.tv\\\/site\\\/2020\\\/05\\\/16\\\/centros-de-inspecao-e-escolas-de-conducao-vao-poder-abrir\\\/#breadcrumb\",\"itemListElement\":[{\"@type\":\"ListItem\",\"position\":1,\"name\":\"In\u00edcio\",\"item\":\"https:\\\/\\\/www.altominho.tv\\\/site\\\/\"},{\"@type\":\"ListItem\",\"position\":2,\"name\":\"Centros de inspe\u00e7\u00e3o e escolas de condu\u00e7\u00e3o v\u00e3o poder abrir\"}]},{\"@type\":\"WebSite\",\"@id\":\"https:\\\/\\\/www.altominho.tv\\\/site\\\/#website\",\"url\":\"https:\\\/\\\/www.altominho.tv\\\/site\\\/\",\"name\":\"Altominho.tv\",\"description\":\"A sua regi\u00e3o \u00e0 dist\u00e2ncia de um clique...\",\"potentialAction\":[{\"@type\":\"SearchAction\",\"target\":{\"@type\":\"EntryPoint\",\"urlTemplate\":\"https:\\\/\\\/www.altominho.tv\\\/site\\\/?s={search_term_string}\"},\"query-input\":{\"@type\":\"PropertyValueSpecification\",\"valueRequired\":true,\"valueName\":\"search_term_string\"}}],\"inLanguage\":\"pt-PT\"},{\"@type\":\"Person\",\"@id\":\"https:\\\/\\\/www.altominho.tv\\\/site\\\/#\\\/schema\\\/person\\\/a0bff6dc1041aadd46fa81887444b017\",\"name\":\"Andreia Ferreira | Lusa\",\"image\":{\"@type\":\"ImageObject\",\"inLanguage\":\"pt-PT\",\"@id\":\"https:\\\/\\\/www.altominho.tv\\\/site\\\/wp-content\\\/uploads\\\/2018\\\/04\\\/Andreia-150x150.jpg\",\"url\":\"https:\\\/\\\/www.altominho.tv\\\/site\\\/wp-content\\\/uploads\\\/2018\\\/04\\\/Andreia-150x150.jpg\",\"contentUrl\":\"https:\\\/\\\/www.altominho.tv\\\/site\\\/wp-content\\\/uploads\\\/2018\\\/04\\\/Andreia-150x150.jpg\",\"caption\":\"Andreia Ferreira | Lusa\"},\"sameAs\":[\"https:\\\/\\\/www.altominho.tv\\\/site\"],\"url\":\"https:\\\/\\\/www.altominho.tv\\\/site\\\/author\\\/andreiaferreiralusa\\\/\"}]}<\/script>\n<!-- \/ Yoast SEO Premium plugin. -->","yoast_head_json":{"title":"Centros de inspe\u00e7\u00e3o e escolas de condu\u00e7\u00e3o v\u00e3o poder abrir","robots":{"index":"index","follow":"follow","max-snippet":"max-snippet:-1","max-image-preview":"max-image-preview:large","max-video-preview":"max-video-preview:-1"},"canonical":"https:\/\/www.altominho.tv\/site\/2020\/05\/16\/centros-de-inspecao-e-escolas-de-conducao-vao-poder-abrir\/","og_locale":"pt_PT","og_type":"article","og_title":"Centros de inspe\u00e7\u00e3o e escolas de condu\u00e7\u00e3o v\u00e3o poder abrir","og_description":"Os centros de inspe\u00e7\u00e3o autom\u00f3vel e as escolas de condu\u00e7\u00e3o podem reabrir na segunda-feira, mas mant\u00e9m-se em vigor um regime excecional, que prorroga os prazos desta obriga\u00e7\u00e3o em cinco meses. O Conselho de Ministros aprovou esta sexta-feira uma resolu\u00e7\u00e3o que prorroga a declara\u00e7\u00e3o de situa\u00e7\u00e3o de calamidade at\u00e9 dia 31 de maio e estas medidas [&hellip;]","og_url":"https:\/\/www.altominho.tv\/site\/2020\/05\/16\/centros-de-inspecao-e-escolas-de-conducao-vao-poder-abrir\/","og_site_name":"Altominho.tv","article_publisher":"https:\/\/www.facebook.com\/altominhotv","article_published_time":"2020-05-16T09:00:30+00:00","article_modified_time":"2020-05-16T09:00:34+00:00","og_image":[{"width":1270,"height":771,"url":"https:\/\/www.altominho.tv\/site\/wp-content\/uploads\/2020\/05\/centro-e1589619557611.jpg","type":"image\/jpeg"}],"author":"Andreia Ferreira | Lusa","twitter_card":"summary_large_image","twitter_creator":"@altominhoTV","twitter_site":"@altominhoTV","twitter_misc":{"Escrito por":"Andreia Ferreira | Lusa","Tempo estimado de leitura":"3 minutos"},"schema":{"@context":"https:\/\/schema.org","@graph":[{"@type":"Article","@id":"https:\/\/www.altominho.tv\/site\/2020\/05\/16\/centros-de-inspecao-e-escolas-de-conducao-vao-poder-abrir\/#article","isPartOf":{"@id":"https:\/\/www.altominho.tv\/site\/2020\/05\/16\/centros-de-inspecao-e-escolas-de-conducao-vao-poder-abrir\/"},"author":{"name":"Andreia Ferreira | Lusa","@id":"https:\/\/www.altominho.tv\/site\/#\/schema\/person\/a0bff6dc1041aadd46fa81887444b017"},"headline":"Centros de inspe\u00e7\u00e3o e escolas de condu\u00e7\u00e3o v\u00e3o poder abrir","datePublished":"2020-05-16T09:00:30+00:00","dateModified":"2020-05-16T09:00:34+00:00","mainEntityOfPage":{"@id":"https:\/\/www.altominho.tv\/site\/2020\/05\/16\/centros-de-inspecao-e-escolas-de-conducao-vao-poder-abrir\/"},"wordCount":517,"image":{"@id":"https:\/\/www.altominho.tv\/site\/2020\/05\/16\/centros-de-inspecao-e-escolas-de-conducao-vao-poder-abrir\/#primaryimage"},"thumbnailUrl":"https:\/\/www.altominho.tv\/site\/wp-content\/uploads\/2020\/05\/centro-e1589619557611.jpg","keywords":["Sociedade"],"articleSection":["Alto Minho"],"inLanguage":"pt-PT","copyrightYear":"2020","copyrightHolder":{"@id":"https:\/\/www.altominho.tv\/site\/#organization"}},{"@type":"WebPage","@id":"https:\/\/www.altominho.tv\/site\/2020\/05\/16\/centros-de-inspecao-e-escolas-de-conducao-vao-poder-abrir\/","url":"https:\/\/www.altominho.tv\/site\/2020\/05\/16\/centros-de-inspecao-e-escolas-de-conducao-vao-poder-abrir\/","name":"Centros de inspe\u00e7\u00e3o e escolas de condu\u00e7\u00e3o v\u00e3o poder abrir","isPartOf":{"@id":"https:\/\/www.altominho.tv\/site\/#website"},"primaryImageOfPage":{"@id":"https:\/\/www.altominho.tv\/site\/2020\/05\/16\/centros-de-inspecao-e-escolas-de-conducao-vao-poder-abrir\/#primaryimage"},"image":{"@id":"https:\/\/www.altominho.tv\/site\/2020\/05\/16\/centros-de-inspecao-e-escolas-de-conducao-vao-poder-abrir\/#primaryimage"},"thumbnailUrl":"https:\/\/www.altominho.tv\/site\/wp-content\/uploads\/2020\/05\/centro-e1589619557611.jpg","datePublished":"2020-05-16T09:00:30+00:00","dateModified":"2020-05-16T09:00:34+00:00","author":{"@id":"https:\/\/www.altominho.tv\/site\/#\/schema\/person\/a0bff6dc1041aadd46fa81887444b017"},"breadcrumb":{"@id":"https:\/\/www.altominho.tv\/site\/2020\/05\/16\/centros-de-inspecao-e-escolas-de-conducao-vao-poder-abrir\/#breadcrumb"},"inLanguage":"pt-PT","potentialAction":[{"@type":"ReadAction","target":["https:\/\/www.altominho.tv\/site\/2020\/05\/16\/centros-de-inspecao-e-escolas-de-conducao-vao-poder-abrir\/"]}]},{"@type":"ImageObject","inLanguage":"pt-PT","@id":"https:\/\/www.altominho.tv\/site\/2020\/05\/16\/centros-de-inspecao-e-escolas-de-conducao-vao-poder-abrir\/#primaryimage","url":"https:\/\/www.altominho.tv\/site\/wp-content\/uploads\/2020\/05\/centro-e1589619557611.jpg","contentUrl":"https:\/\/www.altominho.tv\/site\/wp-content\/uploads\/2020\/05\/centro-e1589619557611.jpg","width":1270,"height":771,"caption":"ITVP"},{"@type":"BreadcrumbList","@id":"https:\/\/www.altominho.tv\/site\/2020\/05\/16\/centros-de-inspecao-e-escolas-de-conducao-vao-poder-abrir\/#breadcrumb","itemListElement":[{"@type":"ListItem","position":1,"name":"In\u00edcio","item":"https:\/\/www.altominho.tv\/site\/"},{"@type":"ListItem","position":2,"name":"Centros de inspe\u00e7\u00e3o e escolas de condu\u00e7\u00e3o v\u00e3o poder abrir"}]},{"@type":"WebSite","@id":"https:\/\/www.altominho.tv\/site\/#website","url":"https:\/\/www.altominho.tv\/site\/","name":"Altominho.tv","description":"A sua regi\u00e3o \u00e0 dist\u00e2ncia de um clique...","potentialAction":[{"@type":"SearchAction","target":{"@type":"EntryPoint","urlTemplate":"https:\/\/www.altominho.tv\/site\/?s={search_term_string}"},"query-input":{"@type":"PropertyValueSpecification","valueRequired":true,"valueName":"search_term_string"}}],"inLanguage":"pt-PT"},{"@type":"Person","@id":"https:\/\/www.altominho.tv\/site\/#\/schema\/person\/a0bff6dc1041aadd46fa81887444b017","name":"Andreia Ferreira | Lusa","image":{"@type":"ImageObject","inLanguage":"pt-PT","@id":"https:\/\/www.altominho.tv\/site\/wp-content\/uploads\/2018\/04\/Andreia-150x150.jpg","url":"https:\/\/www.altominho.tv\/site\/wp-content\/uploads\/2018\/04\/Andreia-150x150.jpg","contentUrl":"https:\/\/www.altominho.tv\/site\/wp-content\/uploads\/2018\/04\/Andreia-150x150.jpg","caption":"Andreia Ferreira | Lusa"},"sameAs":["https:\/\/www.altominho.tv\/site"],"url":"https:\/\/www.altominho.tv\/site\/author\/andreiaferreiralusa\/"}]}},"_links":{"self":[{"href":"https:\/\/www.altominho.tv\/site\/wp-json\/wp\/v2\/posts\/46371","targetHints":{"allow":["GET"]}}],"collection":[{"href":"https:\/\/www.altominho.tv\/site\/wp-json\/wp\/v2\/posts"}],"about":[{"href":"https:\/\/www.altominho.tv\/site\/wp-json\/wp\/v2\/types\/post"}],"author":[{"embeddable":true,"href":"https:\/\/www.altominho.tv\/site\/wp-json\/wp\/v2\/users\/15"}],"replies":[{"embeddable":true,"href":"https:\/\/www.altominho.tv\/site\/wp-json\/wp\/v2\/comments?post=46371"}],"version-history":[{"count":0,"href":"https:\/\/www.altominho.tv\/site\/wp-json\/wp\/v2\/posts\/46371\/revisions"}],"wp:featuredmedia":[{"embeddable":true,"href":"https:\/\/www.altominho.tv\/site\/wp-json\/wp\/v2\/media\/46375"}],"wp:attachment":[{"href":"https:\/\/www.altominho.tv\/site\/wp-json\/wp\/v2\/media?parent=46371"}],"wp:term":[{"taxonomy":"category","embeddable":true,"href":"https:\/\/www.altominho.tv\/site\/wp-json\/wp\/v2\/categories?post=46371"},{"taxonomy":"post_tag","embeddable":true,"href":"https:\/\/www.altominho.tv\/site\/wp-json\/wp\/v2\/tags?post=46371"}],"curies":[{"name":"wp","href":"https:\/\/api.w.org\/{rel}","templated":true}]}}