{"id":46363,"date":"2020-05-15T22:20:08","date_gmt":"2020-05-15T21:20:08","guid":{"rendered":"http:\/\/www.altominho.tv\/site\/?p=46363"},"modified":"2020-05-16T09:03:10","modified_gmt":"2020-05-16T08:03:10","slug":"epoca-balnear-em-caminha-entre-julho-e-agosto-com-medidas-complementares","status":"publish","type":"post","link":"https:\/\/www.altominho.tv\/site\/2020\/05\/15\/epoca-balnear-em-caminha-entre-julho-e-agosto-com-medidas-complementares\/","title":{"rendered":"\u00c9poca balnear em Caminha entre julho e agosto com medidas complementares"},"content":{"rendered":"<p><strong>A \u00e9poca balnear em Caminha decorre, este ano, entre 01 de julho e 31 de agosto, devido \u00e0 pandemia de covid-19, com sistema de \u00e1udio para informar e alertar banhistas e com equipas municipais de aconselhamento e aux\u00edlio.<\/strong><\/p>\n<p>Contactado hoje pela ag\u00eancia Lusa a prop\u00f3sito <a href=\"\/\/www.altominho.tv\/site\/2020\/05\/15\/conheca-todas-as-regras-que-tera-de-cumprir-nas-praias-a-partir-de-6-de-junho\/\">do plano de desconfinamento divulgado ap\u00f3s a reuni\u00e3o do Conselho de Ministros, durante a \u00e9poca balnear<\/a>, o presidente da C\u00e2mara de Caminha, Miguel Alves, afirmou que est\u00e3o a ser estudadas medidas complementares que &#8220;<strong>passam pela instala\u00e7\u00e3o de um sistema \u00e1udio que possa ser usado, a qualquer momento, para informar ou alertar as pessoas para alguma situa\u00e7\u00e3o, ou pela limita\u00e7\u00e3o ou elimina\u00e7\u00e3o de esplanadas sobre a areia, permitindo apenas o apoio alimentar \u2018take-away<\/strong>&#8216;&#8221;.<\/p>\n<p>&#8220;Vamos criar equipas municipais de aconselhamento e aux\u00edlio que estar\u00e3o em cada praia para explicar as regras de utiliza\u00e7\u00e3o das mesmas e para mediar, se necess\u00e1rio, alguma situa\u00e7\u00e3o de d\u00favida&#8221;, referiu o autarca do distrito de Viana do Castelo.<\/p>\n<p>Miguel Alves acrescentou estar a &#8220;<strong>ponderar a atribui\u00e7\u00e3o de uma pulseira de acesso \u00e0 praia, a entregar exclusivamente ao ocupante de barracas, para que o uso do espa\u00e7o que pagou n\u00e3o fique dependente de se ter atingido a lota\u00e7\u00e3o de praia, em determinado momento<\/strong>&#8220;.<\/p>\n<p>&#8220;Estas e outras medidas est\u00e3o a ser trabalhadas, v\u00e3o ser apresentadas aos concession\u00e1rios e em breve ser\u00e3o tornadas p\u00fablicas&#8221;, especificou.<\/p>\n<p>Miguel Alves considerou que as medidas apresentadas pelo Governo eram as esperadas, &#8220;demonstram bom senso e v\u00eam ao encontro daquelas que a C\u00e2mara Municipal de Caminha tem vindo a ponderar&#8221;.<\/p>\n<p>&#8220;A quest\u00e3o mais dif\u00edcil prende-se com a aplica\u00e7\u00e3o pr\u00e1tica das medidas porque, nessa mat\u00e9ria, dependem em grande parte do comportamento das pessoas. S\u00f3 com o respeito pelas regras podemos proteger cada um e dar seguran\u00e7a e descanso a todos quantos usufruem da praia e do mar&#8221;, sublinhou.<\/p>\n<p>Os utentes das praias devem assegurar um distanciamento f\u00edsico de 1,5 metros entre diferentes grupos e afastamento de tr\u00eas metros entre chap\u00e9us de sol, toldos ou colmos, a partir de 06 de junho, determinou hoje o Governo.<\/p>\n<p>De acordo com o <a href=\"\/\/www.altominho.tv\/site\/2020\/05\/15\/conheca-todas-as-regras-que-tera-de-cumprir-nas-praias-a-partir-de-6-de-junho\/\">plano de desconfinamento hoje divulgado<\/a>, est\u00e3o &#8220;interditas atividades desportivas com duas ou mais pessoas, exceto atividades n\u00e1uticas, aulas de surf e desportos similares&#8221;.<\/p>\n<p>Nos toldos, colmos e barracas de praia, &#8220;em regra, cada pessoa ou grupo s\u00f3 pode alugar de manh\u00e3 (at\u00e9 13:30) ou tarde (a partir das 14:00)&#8221;, com o m\u00e1ximo de cinco utentes.<\/p>\n<p>Ao contr\u00e1rio de anos anteriores em que a \u00e9poca balnear arrancava em 01 de junho, este ano come\u00e7a em 06 de junho, devido \u00e0 situa\u00e7\u00e3o de pandemia da covid-19, determinou o Conselho de Ministros.<\/p>\n<p>Relativamente ao estado de ocupa\u00e7\u00e3o das praias, vai existir &#8220;sinal\u00e9tica tipo sem\u00e1foro&#8221;, em que a cor verde indica ocupa\u00e7\u00e3o baixa (1\/3), amarelo \u00e9 ocupa\u00e7\u00e3o elevada (2\/3) e vermelho quer dizer ocupa\u00e7\u00e3o plena (3\/3).<\/p>\n<p>Segundo o Governo, a informa\u00e7\u00e3o sobre o estado de ocupa\u00e7\u00e3o das praias vai ser &#8220;atualizada de forma cont\u00ednua, em tempo real&#8221;, designadamente na aplica\u00e7\u00e3o \u2018Info praia&#8217; e no s\u00edtio na internet da Ag\u00eancia Portuguesa do Ambiente (APA).<\/p>\n<p>Neste \u00e2mbito, vai estar &#8220;interdito o estacionamento fora dos parques e zonas de estacionamento ordenado&#8221; para acesso \u00e0s praias.<\/p>\n","protected":false},"excerpt":{"rendered":"<p>A \u00e9poca balnear em Caminha decorre, este ano, entre 01 de julho e 31 de agosto, devido \u00e0 pandemia de covid-19, com sistema de \u00e1udio para informar e alertar banhistas e com equipas municipais de aconselhamento e aux\u00edlio. Contactado hoje pela ag\u00eancia Lusa a prop\u00f3sito do plano de desconfinamento divulgado ap\u00f3s a reuni\u00e3o do Conselho [&hellip;]<\/p>\n","protected":false},"author":13,"featured_media":46364,"comment_status":"closed","ping_status":"closed","sticky":false,"template":"","format":"standard","meta":{"_exactmetrics_skip_tracking":false,"_exactmetrics_sitenote_active":false,"_exactmetrics_sitenote_note":"","_exactmetrics_sitenote_category":0,"footnotes":""},"categories":[7],"tags":[27],"class_list":["post-46363","post","type-post","status-publish","format-standard","has-post-thumbnail","hentry","category-caminha","tag-sociedade"],"yoast_head":"<!-- This site is optimized with the Yoast SEO Premium plugin v27.4 (Yoast SEO v27.4) - https:\/\/yoast.com\/product\/yoast-seo-premium-wordpress\/ -->\n<title>\u00c9poca balnear em Caminha entre julho e agosto com medidas complementares<\/title>\n<meta name=\"robots\" content=\"index, follow, max-snippet:-1, max-image-preview:large, max-video-preview:-1\" \/>\n<link rel=\"canonical\" href=\"https:\/\/www.altominho.tv\/site\/2020\/05\/15\/epoca-balnear-em-caminha-entre-julho-e-agosto-com-medidas-complementares\/\" \/>\n<meta property=\"og:locale\" content=\"pt_PT\" \/>\n<meta property=\"og:type\" content=\"article\" \/>\n<meta property=\"og:title\" content=\"\u00c9poca balnear em Caminha entre julho e agosto com medidas complementares\" \/>\n<meta property=\"og:description\" content=\"A \u00e9poca balnear em Caminha decorre, este ano, entre 01 de julho e 31 de agosto, devido \u00e0 pandemia de covid-19, com sistema de \u00e1udio para informar e alertar banhistas e com equipas municipais de aconselhamento e aux\u00edlio. Contactado hoje pela ag\u00eancia Lusa a prop\u00f3sito do plano de desconfinamento divulgado ap\u00f3s a reuni\u00e3o do Conselho [&hellip;]\" \/>\n<meta property=\"og:url\" content=\"https:\/\/www.altominho.tv\/site\/2020\/05\/15\/epoca-balnear-em-caminha-entre-julho-e-agosto-com-medidas-complementares\/\" \/>\n<meta property=\"og:site_name\" content=\"Altominho.tv\" \/>\n<meta property=\"article:publisher\" content=\"https:\/\/www.facebook.com\/altominhotv\" \/>\n<meta property=\"article:published_time\" content=\"2020-05-15T21:20:08+00:00\" \/>\n<meta property=\"article:modified_time\" content=\"2020-05-16T08:03:10+00:00\" \/>\n<meta property=\"og:image\" content=\"https:\/\/www.altominho.tv\/site\/wp-content\/uploads\/2020\/05\/Miguel_Alves_Praias.jpg\" \/>\n\t<meta property=\"og:image:width\" content=\"1990\" \/>\n\t<meta property=\"og:image:height\" content=\"1120\" \/>\n\t<meta property=\"og:image:type\" content=\"image\/jpeg\" \/>\n<meta name=\"author\" content=\"Lusa\" \/>\n<meta name=\"twitter:card\" content=\"summary_large_image\" \/>\n<meta name=\"twitter:creator\" content=\"@altominhoTV\" \/>\n<meta name=\"twitter:site\" content=\"@altominhoTV\" \/>\n<meta name=\"twitter:label1\" content=\"Escrito por\" \/>\n\t<meta name=\"twitter:data1\" content=\"Lusa\" \/>\n\t<meta name=\"twitter:label2\" content=\"Tempo estimado de leitura\" \/>\n\t<meta name=\"twitter:data2\" content=\"3 minutos\" \/>\n<script type=\"application\/ld+json\" class=\"yoast-schema-graph\">{\"@context\":\"https:\\\/\\\/schema.org\",\"@graph\":[{\"@type\":\"Article\",\"@id\":\"https:\\\/\\\/www.altominho.tv\\\/site\\\/2020\\\/05\\\/15\\\/epoca-balnear-em-caminha-entre-julho-e-agosto-com-medidas-complementares\\\/#article\",\"isPartOf\":{\"@id\":\"https:\\\/\\\/www.altominho.tv\\\/site\\\/2020\\\/05\\\/15\\\/epoca-balnear-em-caminha-entre-julho-e-agosto-com-medidas-complementares\\\/\"},\"author\":{\"name\":\"Lusa\",\"@id\":\"https:\\\/\\\/www.altominho.tv\\\/site\\\/#\\\/schema\\\/person\\\/63f693da3e1899361cbe955c46f3232e\"},\"headline\":\"\u00c9poca balnear em Caminha entre julho e agosto com medidas complementares\",\"datePublished\":\"2020-05-15T21:20:08+00:00\",\"dateModified\":\"2020-05-16T08:03:10+00:00\",\"mainEntityOfPage\":{\"@id\":\"https:\\\/\\\/www.altominho.tv\\\/site\\\/2020\\\/05\\\/15\\\/epoca-balnear-em-caminha-entre-julho-e-agosto-com-medidas-complementares\\\/\"},\"wordCount\":567,\"image\":{\"@id\":\"https:\\\/\\\/www.altominho.tv\\\/site\\\/2020\\\/05\\\/15\\\/epoca-balnear-em-caminha-entre-julho-e-agosto-com-medidas-complementares\\\/#primaryimage\"},\"thumbnailUrl\":\"https:\\\/\\\/www.altominho.tv\\\/site\\\/wp-content\\\/uploads\\\/2020\\\/05\\\/Miguel_Alves_Praias.jpg\",\"keywords\":[\"Sociedade\"],\"articleSection\":[\"Caminha\"],\"inLanguage\":\"pt-PT\",\"copyrightYear\":\"2020\",\"copyrightHolder\":{\"@id\":\"https:\\\/\\\/www.altominho.tv\\\/site\\\/#organization\"}},{\"@type\":\"WebPage\",\"@id\":\"https:\\\/\\\/www.altominho.tv\\\/site\\\/2020\\\/05\\\/15\\\/epoca-balnear-em-caminha-entre-julho-e-agosto-com-medidas-complementares\\\/\",\"url\":\"https:\\\/\\\/www.altominho.tv\\\/site\\\/2020\\\/05\\\/15\\\/epoca-balnear-em-caminha-entre-julho-e-agosto-com-medidas-complementares\\\/\",\"name\":\"\u00c9poca balnear em Caminha entre julho e agosto com medidas complementares\",\"isPartOf\":{\"@id\":\"https:\\\/\\\/www.altominho.tv\\\/site\\\/#website\"},\"primaryImageOfPage\":{\"@id\":\"https:\\\/\\\/www.altominho.tv\\\/site\\\/2020\\\/05\\\/15\\\/epoca-balnear-em-caminha-entre-julho-e-agosto-com-medidas-complementares\\\/#primaryimage\"},\"image\":{\"@id\":\"https:\\\/\\\/www.altominho.tv\\\/site\\\/2020\\\/05\\\/15\\\/epoca-balnear-em-caminha-entre-julho-e-agosto-com-medidas-complementares\\\/#primaryimage\"},\"thumbnailUrl\":\"https:\\\/\\\/www.altominho.tv\\\/site\\\/wp-content\\\/uploads\\\/2020\\\/05\\\/Miguel_Alves_Praias.jpg\",\"datePublished\":\"2020-05-15T21:20:08+00:00\",\"dateModified\":\"2020-05-16T08:03:10+00:00\",\"author\":{\"@id\":\"https:\\\/\\\/www.altominho.tv\\\/site\\\/#\\\/schema\\\/person\\\/63f693da3e1899361cbe955c46f3232e\"},\"breadcrumb\":{\"@id\":\"https:\\\/\\\/www.altominho.tv\\\/site\\\/2020\\\/05\\\/15\\\/epoca-balnear-em-caminha-entre-julho-e-agosto-com-medidas-complementares\\\/#breadcrumb\"},\"inLanguage\":\"pt-PT\",\"potentialAction\":[{\"@type\":\"ReadAction\",\"target\":[\"https:\\\/\\\/www.altominho.tv\\\/site\\\/2020\\\/05\\\/15\\\/epoca-balnear-em-caminha-entre-julho-e-agosto-com-medidas-complementares\\\/\"]}]},{\"@type\":\"ImageObject\",\"inLanguage\":\"pt-PT\",\"@id\":\"https:\\\/\\\/www.altominho.tv\\\/site\\\/2020\\\/05\\\/15\\\/epoca-balnear-em-caminha-entre-julho-e-agosto-com-medidas-complementares\\\/#primaryimage\",\"url\":\"https:\\\/\\\/www.altominho.tv\\\/site\\\/wp-content\\\/uploads\\\/2020\\\/05\\\/Miguel_Alves_Praias.jpg\",\"contentUrl\":\"https:\\\/\\\/www.altominho.tv\\\/site\\\/wp-content\\\/uploads\\\/2020\\\/05\\\/Miguel_Alves_Praias.jpg\",\"width\":1990,\"height\":1120},{\"@type\":\"BreadcrumbList\",\"@id\":\"https:\\\/\\\/www.altominho.tv\\\/site\\\/2020\\\/05\\\/15\\\/epoca-balnear-em-caminha-entre-julho-e-agosto-com-medidas-complementares\\\/#breadcrumb\",\"itemListElement\":[{\"@type\":\"ListItem\",\"position\":1,\"name\":\"In\u00edcio\",\"item\":\"https:\\\/\\\/www.altominho.tv\\\/site\\\/\"},{\"@type\":\"ListItem\",\"position\":2,\"name\":\"\u00c9poca balnear em Caminha entre julho e agosto com medidas complementares\"}]},{\"@type\":\"WebSite\",\"@id\":\"https:\\\/\\\/www.altominho.tv\\\/site\\\/#website\",\"url\":\"https:\\\/\\\/www.altominho.tv\\\/site\\\/\",\"name\":\"Altominho.tv\",\"description\":\"A sua regi\u00e3o \u00e0 dist\u00e2ncia de um clique...\",\"potentialAction\":[{\"@type\":\"SearchAction\",\"target\":{\"@type\":\"EntryPoint\",\"urlTemplate\":\"https:\\\/\\\/www.altominho.tv\\\/site\\\/?s={search_term_string}\"},\"query-input\":{\"@type\":\"PropertyValueSpecification\",\"valueRequired\":true,\"valueName\":\"search_term_string\"}}],\"inLanguage\":\"pt-PT\"},{\"@type\":\"Person\",\"@id\":\"https:\\\/\\\/www.altominho.tv\\\/site\\\/#\\\/schema\\\/person\\\/63f693da3e1899361cbe955c46f3232e\",\"name\":\"Lusa\",\"image\":{\"@type\":\"ImageObject\",\"inLanguage\":\"pt-PT\",\"@id\":\"https:\\\/\\\/www.altominho.tv\\\/site\\\/wp-content\\\/uploads\\\/2019\\\/08\\\/LUSA_Logo.gif\",\"url\":\"https:\\\/\\\/www.altominho.tv\\\/site\\\/wp-content\\\/uploads\\\/2019\\\/08\\\/LUSA_Logo.gif\",\"contentUrl\":\"https:\\\/\\\/www.altominho.tv\\\/site\\\/wp-content\\\/uploads\\\/2019\\\/08\\\/LUSA_Logo.gif\",\"caption\":\"Lusa\"},\"sameAs\":[\"http:\\\/\\\/\\\/\\\/www.altominho.tv\\\/site\"],\"url\":\"https:\\\/\\\/www.altominho.tv\\\/site\\\/author\\\/lusa\\\/\"}]}<\/script>\n<!-- \/ Yoast SEO Premium plugin. -->","yoast_head_json":{"title":"\u00c9poca balnear em Caminha entre julho e agosto com medidas complementares","robots":{"index":"index","follow":"follow","max-snippet":"max-snippet:-1","max-image-preview":"max-image-preview:large","max-video-preview":"max-video-preview:-1"},"canonical":"https:\/\/www.altominho.tv\/site\/2020\/05\/15\/epoca-balnear-em-caminha-entre-julho-e-agosto-com-medidas-complementares\/","og_locale":"pt_PT","og_type":"article","og_title":"\u00c9poca balnear em Caminha entre julho e agosto com medidas complementares","og_description":"A \u00e9poca balnear em Caminha decorre, este ano, entre 01 de julho e 31 de agosto, devido \u00e0 pandemia de covid-19, com sistema de \u00e1udio para informar e alertar banhistas e com equipas municipais de aconselhamento e aux\u00edlio. Contactado hoje pela ag\u00eancia Lusa a prop\u00f3sito do plano de desconfinamento divulgado ap\u00f3s a reuni\u00e3o do Conselho [&hellip;]","og_url":"https:\/\/www.altominho.tv\/site\/2020\/05\/15\/epoca-balnear-em-caminha-entre-julho-e-agosto-com-medidas-complementares\/","og_site_name":"Altominho.tv","article_publisher":"https:\/\/www.facebook.com\/altominhotv","article_published_time":"2020-05-15T21:20:08+00:00","article_modified_time":"2020-05-16T08:03:10+00:00","og_image":[{"width":1990,"height":1120,"url":"https:\/\/www.altominho.tv\/site\/wp-content\/uploads\/2020\/05\/Miguel_Alves_Praias.jpg","type":"image\/jpeg"}],"author":"Lusa","twitter_card":"summary_large_image","twitter_creator":"@altominhoTV","twitter_site":"@altominhoTV","twitter_misc":{"Escrito por":"Lusa","Tempo estimado de leitura":"3 minutos"},"schema":{"@context":"https:\/\/schema.org","@graph":[{"@type":"Article","@id":"https:\/\/www.altominho.tv\/site\/2020\/05\/15\/epoca-balnear-em-caminha-entre-julho-e-agosto-com-medidas-complementares\/#article","isPartOf":{"@id":"https:\/\/www.altominho.tv\/site\/2020\/05\/15\/epoca-balnear-em-caminha-entre-julho-e-agosto-com-medidas-complementares\/"},"author":{"name":"Lusa","@id":"https:\/\/www.altominho.tv\/site\/#\/schema\/person\/63f693da3e1899361cbe955c46f3232e"},"headline":"\u00c9poca balnear em Caminha entre julho e agosto com medidas complementares","datePublished":"2020-05-15T21:20:08+00:00","dateModified":"2020-05-16T08:03:10+00:00","mainEntityOfPage":{"@id":"https:\/\/www.altominho.tv\/site\/2020\/05\/15\/epoca-balnear-em-caminha-entre-julho-e-agosto-com-medidas-complementares\/"},"wordCount":567,"image":{"@id":"https:\/\/www.altominho.tv\/site\/2020\/05\/15\/epoca-balnear-em-caminha-entre-julho-e-agosto-com-medidas-complementares\/#primaryimage"},"thumbnailUrl":"https:\/\/www.altominho.tv\/site\/wp-content\/uploads\/2020\/05\/Miguel_Alves_Praias.jpg","keywords":["Sociedade"],"articleSection":["Caminha"],"inLanguage":"pt-PT","copyrightYear":"2020","copyrightHolder":{"@id":"https:\/\/www.altominho.tv\/site\/#organization"}},{"@type":"WebPage","@id":"https:\/\/www.altominho.tv\/site\/2020\/05\/15\/epoca-balnear-em-caminha-entre-julho-e-agosto-com-medidas-complementares\/","url":"https:\/\/www.altominho.tv\/site\/2020\/05\/15\/epoca-balnear-em-caminha-entre-julho-e-agosto-com-medidas-complementares\/","name":"\u00c9poca balnear em Caminha entre julho e agosto com medidas complementares","isPartOf":{"@id":"https:\/\/www.altominho.tv\/site\/#website"},"primaryImageOfPage":{"@id":"https:\/\/www.altominho.tv\/site\/2020\/05\/15\/epoca-balnear-em-caminha-entre-julho-e-agosto-com-medidas-complementares\/#primaryimage"},"image":{"@id":"https:\/\/www.altominho.tv\/site\/2020\/05\/15\/epoca-balnear-em-caminha-entre-julho-e-agosto-com-medidas-complementares\/#primaryimage"},"thumbnailUrl":"https:\/\/www.altominho.tv\/site\/wp-content\/uploads\/2020\/05\/Miguel_Alves_Praias.jpg","datePublished":"2020-05-15T21:20:08+00:00","dateModified":"2020-05-16T08:03:10+00:00","author":{"@id":"https:\/\/www.altominho.tv\/site\/#\/schema\/person\/63f693da3e1899361cbe955c46f3232e"},"breadcrumb":{"@id":"https:\/\/www.altominho.tv\/site\/2020\/05\/15\/epoca-balnear-em-caminha-entre-julho-e-agosto-com-medidas-complementares\/#breadcrumb"},"inLanguage":"pt-PT","potentialAction":[{"@type":"ReadAction","target":["https:\/\/www.altominho.tv\/site\/2020\/05\/15\/epoca-balnear-em-caminha-entre-julho-e-agosto-com-medidas-complementares\/"]}]},{"@type":"ImageObject","inLanguage":"pt-PT","@id":"https:\/\/www.altominho.tv\/site\/2020\/05\/15\/epoca-balnear-em-caminha-entre-julho-e-agosto-com-medidas-complementares\/#primaryimage","url":"https:\/\/www.altominho.tv\/site\/wp-content\/uploads\/2020\/05\/Miguel_Alves_Praias.jpg","contentUrl":"https:\/\/www.altominho.tv\/site\/wp-content\/uploads\/2020\/05\/Miguel_Alves_Praias.jpg","width":1990,"height":1120},{"@type":"BreadcrumbList","@id":"https:\/\/www.altominho.tv\/site\/2020\/05\/15\/epoca-balnear-em-caminha-entre-julho-e-agosto-com-medidas-complementares\/#breadcrumb","itemListElement":[{"@type":"ListItem","position":1,"name":"In\u00edcio","item":"https:\/\/www.altominho.tv\/site\/"},{"@type":"ListItem","position":2,"name":"\u00c9poca balnear em Caminha entre julho e agosto com medidas complementares"}]},{"@type":"WebSite","@id":"https:\/\/www.altominho.tv\/site\/#website","url":"https:\/\/www.altominho.tv\/site\/","name":"Altominho.tv","description":"A sua regi\u00e3o \u00e0 dist\u00e2ncia de um clique...","potentialAction":[{"@type":"SearchAction","target":{"@type":"EntryPoint","urlTemplate":"https:\/\/www.altominho.tv\/site\/?s={search_term_string}"},"query-input":{"@type":"PropertyValueSpecification","valueRequired":true,"valueName":"search_term_string"}}],"inLanguage":"pt-PT"},{"@type":"Person","@id":"https:\/\/www.altominho.tv\/site\/#\/schema\/person\/63f693da3e1899361cbe955c46f3232e","name":"Lusa","image":{"@type":"ImageObject","inLanguage":"pt-PT","@id":"https:\/\/www.altominho.tv\/site\/wp-content\/uploads\/2019\/08\/LUSA_Logo.gif","url":"https:\/\/www.altominho.tv\/site\/wp-content\/uploads\/2019\/08\/LUSA_Logo.gif","contentUrl":"https:\/\/www.altominho.tv\/site\/wp-content\/uploads\/2019\/08\/LUSA_Logo.gif","caption":"Lusa"},"sameAs":["http:\/\/\/\/www.altominho.tv\/site"],"url":"https:\/\/www.altominho.tv\/site\/author\/lusa\/"}]}},"_links":{"self":[{"href":"https:\/\/www.altominho.tv\/site\/wp-json\/wp\/v2\/posts\/46363","targetHints":{"allow":["GET"]}}],"collection":[{"href":"https:\/\/www.altominho.tv\/site\/wp-json\/wp\/v2\/posts"}],"about":[{"href":"https:\/\/www.altominho.tv\/site\/wp-json\/wp\/v2\/types\/post"}],"author":[{"embeddable":true,"href":"https:\/\/www.altominho.tv\/site\/wp-json\/wp\/v2\/users\/13"}],"replies":[{"embeddable":true,"href":"https:\/\/www.altominho.tv\/site\/wp-json\/wp\/v2\/comments?post=46363"}],"version-history":[{"count":0,"href":"https:\/\/www.altominho.tv\/site\/wp-json\/wp\/v2\/posts\/46363\/revisions"}],"wp:featuredmedia":[{"embeddable":true,"href":"https:\/\/www.altominho.tv\/site\/wp-json\/wp\/v2\/media\/46364"}],"wp:attachment":[{"href":"https:\/\/www.altominho.tv\/site\/wp-json\/wp\/v2\/media?parent=46363"}],"wp:term":[{"taxonomy":"category","embeddable":true,"href":"https:\/\/www.altominho.tv\/site\/wp-json\/wp\/v2\/categories?post=46363"},{"taxonomy":"post_tag","embeddable":true,"href":"https:\/\/www.altominho.tv\/site\/wp-json\/wp\/v2\/tags?post=46363"}],"curies":[{"name":"wp","href":"https:\/\/api.w.org\/{rel}","templated":true}]}}