{"id":46360,"date":"2020-05-15T22:12:15","date_gmt":"2020-05-15T21:12:15","guid":{"rendered":"http:\/\/www.altominho.tv\/site\/?p=46360"},"modified":"2020-05-15T22:12:19","modified_gmt":"2020-05-15T21:12:19","slug":"feiras-e-mercados-reabrem-na-segunda-feira-com-plano-de-contingencia","status":"publish","type":"post","link":"https:\/\/www.altominho.tv\/site\/2020\/05\/15\/feiras-e-mercados-reabrem-na-segunda-feira-com-plano-de-contingencia\/","title":{"rendered":"Feiras e mercados reabrem na segunda-feira com plano de conting\u00eancia"},"content":{"rendered":"<p><strong>O Governo determinou hoje que as feiras e os mercados podem reiniciar a atividade na segunda-feira, \u201cdevendo para tal existir um plano de conting\u00eancia\u201d, anunciou o executivo.<\/strong><\/p>\n<p>A medida, que tem sido reivindicada pelo setor, foi estabelecida no Conselho de Ministros realizado esta tarde, segundo o comunicado divulgado no final da reuni\u00e3o do executivo, no \u00e2mbito da nova fase de desconfinamento que se inicia na segunda-feira, no contexto da pandemia de covid-19.<\/p>\n<p>Em 30 de abril, quando foram anunciadas as medidas da primeira fase do desconfinamento, a Federa\u00e7\u00e3o Nacional das Associa\u00e7\u00f5es de Feirantes (FNAF) considerou \u201clament\u00e1vel e vergonhoso\u201d que os mercados e feiras tivessem de permanecer encerrados, considerando a medida discriminat\u00f3ria em rela\u00e7\u00e3o \u00e0 reabertura do com\u00e9rcio ent\u00e3o anunciada.<\/p>\n<p>O primeiro-ministro, Ant\u00f3nio Costa, disse inclusive nesse dia que n\u00e3o havia previs\u00e3o de que a reabertura destes espa\u00e7os acontecesse at\u00e9 ao dia 01 de junho, admitindo, por\u00e9m, que as medidas s\u00e3o reavaliadas de 15 em 15 dias.<\/p>\n<p>O presidente da FNAF, Joaquim Santos, referiu ent\u00e3o que o setor \u2013 com cerca de 25 mil pessoas envolvidas, incluindo em muitos neg\u00f3cios familiares &#8211; se sentia \u201ccompletamente esquecido\u201d e estava j\u00e1 a enfrentar graves dificuldades financeiras.<br \/>\nJ\u00e1 em mar\u00e7o, a federa\u00e7\u00e3o tinha pedido apoio financeiro ao Governo, numa carta enviada a Ant\u00f3nio Costa, remetendo depois ao executivo informa\u00e7\u00e3o sobre a disponibilidade dos feirantes para retomarem a atividade com regras de prote\u00e7\u00e3o, com o uso de viseiras, m\u00e1scaras, luvas e gel desinfetante e o distanciamento entre tendas.<\/p>\n<p>V\u00e1rias associa\u00e7\u00f5es e grupos de feirantes t\u00eam pedido, inclusive com manifesta\u00e7\u00f5es, apoios do executivo, considerando haver discrimina\u00e7\u00e3o em rela\u00e7\u00e3o a outros setores de atividade aos quais foram prometidas ajudas.<\/p>\n<p>Hoje, <a href=\"\/\/www.altominho.tv\/site\/2020\/05\/15\/cerca-de-100-feirantes-juntam-se-em-viana-do-castelo-e-apelam-ao-regresso-das-feiras\/\">cerca de uma centena de feirantes concentraram-se em Viana do Castelo<\/a> para apelar ao Governo que permitisse o regresso da atividade, por a paragem causada pela pandemia motivar o \u201cdesespero de muitas fam\u00edlias\u201d.<\/p>\n<p>O Governo aprovou hoje uma resolu\u00e7\u00e3o que prorroga at\u00e9 31 de maio a declara\u00e7\u00e3o da situa\u00e7\u00e3o de calamidade, \u201cdando continuidade ao processo de desconfinamento iniciado em 30 de abril\u201d.<\/p>\n<p>\u201cNesta fase, o Governo opta por um elenco menos intenso de restri\u00e7\u00f5es, suspens\u00f5es e encerramentos do que aquele que se encontrava vigente, sem preju\u00edzo da gradualidade do levantamento das restri\u00e7\u00f5es e da necessidade de se manter o escrupuloso cumprimento, pela popula\u00e7\u00e3o portuguesa, das medidas de distanciamento f\u00edsico indispens\u00e1veis \u00e0 conten\u00e7\u00e3o da infe\u00e7\u00e3o\u201d, refere a nota divulgada ap\u00f3s a reuni\u00e3o.<\/p>\n","protected":false},"excerpt":{"rendered":"<p>O Governo determinou hoje que as feiras e os mercados podem reiniciar a atividade na segunda-feira, \u201cdevendo para tal existir um plano de conting\u00eancia\u201d, anunciou o executivo. A medida, que tem sido reivindicada pelo setor, foi estabelecida no Conselho de Ministros realizado esta tarde, segundo o comunicado divulgado no final da reuni\u00e3o do executivo, no [&hellip;]<\/p>\n","protected":false},"author":13,"featured_media":46361,"comment_status":"closed","ping_status":"closed","sticky":false,"template":"","format":"standard","meta":{"_exactmetrics_skip_tracking":false,"_exactmetrics_sitenote_active":false,"_exactmetrics_sitenote_note":"","_exactmetrics_sitenote_category":0,"footnotes":""},"categories":[73],"tags":[27],"class_list":["post-46360","post","type-post","status-publish","format-standard","has-post-thumbnail","hentry","category-alto-minho","tag-sociedade"],"yoast_head":"<!-- This site is optimized with the Yoast SEO Premium plugin v27.4 (Yoast SEO v27.4) - https:\/\/yoast.com\/product\/yoast-seo-premium-wordpress\/ -->\n<title>Feiras e mercados reabrem na segunda-feira com plano de conting\u00eancia<\/title>\n<meta name=\"robots\" content=\"index, follow, max-snippet:-1, max-image-preview:large, max-video-preview:-1\" \/>\n<link rel=\"canonical\" href=\"https:\/\/www.altominho.tv\/site\/2020\/05\/15\/feiras-e-mercados-reabrem-na-segunda-feira-com-plano-de-contingencia\/\" \/>\n<meta property=\"og:locale\" content=\"pt_PT\" \/>\n<meta property=\"og:type\" content=\"article\" \/>\n<meta property=\"og:title\" content=\"Feiras e mercados reabrem na segunda-feira com plano de conting\u00eancia\" \/>\n<meta property=\"og:description\" content=\"O Governo determinou hoje que as feiras e os mercados podem reiniciar a atividade na segunda-feira, \u201cdevendo para tal existir um plano de conting\u00eancia\u201d, anunciou o executivo. A medida, que tem sido reivindicada pelo setor, foi estabelecida no Conselho de Ministros realizado esta tarde, segundo o comunicado divulgado no final da reuni\u00e3o do executivo, no [&hellip;]\" \/>\n<meta property=\"og:url\" content=\"https:\/\/www.altominho.tv\/site\/2020\/05\/15\/feiras-e-mercados-reabrem-na-segunda-feira-com-plano-de-contingencia\/\" \/>\n<meta property=\"og:site_name\" content=\"Altominho.tv\" \/>\n<meta property=\"article:publisher\" content=\"https:\/\/www.facebook.com\/altominhotv\" \/>\n<meta property=\"article:published_time\" content=\"2020-05-15T21:12:15+00:00\" \/>\n<meta property=\"article:modified_time\" content=\"2020-05-15T21:12:19+00:00\" \/>\n<meta property=\"og:image\" content=\"https:\/\/www.altominho.tv\/site\/wp-content\/uploads\/2020\/05\/Feira.jpg\" \/>\n\t<meta property=\"og:image:width\" content=\"1988\" \/>\n\t<meta property=\"og:image:height\" content=\"1118\" \/>\n\t<meta property=\"og:image:type\" content=\"image\/jpeg\" \/>\n<meta name=\"author\" content=\"Lusa\" \/>\n<meta name=\"twitter:card\" content=\"summary_large_image\" \/>\n<meta name=\"twitter:creator\" content=\"@altominhoTV\" \/>\n<meta name=\"twitter:site\" content=\"@altominhoTV\" \/>\n<meta name=\"twitter:label1\" content=\"Escrito por\" \/>\n\t<meta name=\"twitter:data1\" content=\"Lusa\" \/>\n\t<meta name=\"twitter:label2\" content=\"Tempo estimado de leitura\" \/>\n\t<meta name=\"twitter:data2\" content=\"2 minutos\" \/>\n<script type=\"application\/ld+json\" class=\"yoast-schema-graph\">{\"@context\":\"https:\\\/\\\/schema.org\",\"@graph\":[{\"@type\":\"Article\",\"@id\":\"https:\\\/\\\/www.altominho.tv\\\/site\\\/2020\\\/05\\\/15\\\/feiras-e-mercados-reabrem-na-segunda-feira-com-plano-de-contingencia\\\/#article\",\"isPartOf\":{\"@id\":\"https:\\\/\\\/www.altominho.tv\\\/site\\\/2020\\\/05\\\/15\\\/feiras-e-mercados-reabrem-na-segunda-feira-com-plano-de-contingencia\\\/\"},\"author\":{\"name\":\"Lusa\",\"@id\":\"https:\\\/\\\/www.altominho.tv\\\/site\\\/#\\\/schema\\\/person\\\/63f693da3e1899361cbe955c46f3232e\"},\"headline\":\"Feiras e mercados reabrem na segunda-feira com plano de conting\u00eancia\",\"datePublished\":\"2020-05-15T21:12:15+00:00\",\"dateModified\":\"2020-05-15T21:12:19+00:00\",\"mainEntityOfPage\":{\"@id\":\"https:\\\/\\\/www.altominho.tv\\\/site\\\/2020\\\/05\\\/15\\\/feiras-e-mercados-reabrem-na-segunda-feira-com-plano-de-contingencia\\\/\"},\"wordCount\":439,\"image\":{\"@id\":\"https:\\\/\\\/www.altominho.tv\\\/site\\\/2020\\\/05\\\/15\\\/feiras-e-mercados-reabrem-na-segunda-feira-com-plano-de-contingencia\\\/#primaryimage\"},\"thumbnailUrl\":\"https:\\\/\\\/www.altominho.tv\\\/site\\\/wp-content\\\/uploads\\\/2020\\\/05\\\/Feira.jpg\",\"keywords\":[\"Sociedade\"],\"articleSection\":[\"Alto Minho\"],\"inLanguage\":\"pt-PT\",\"copyrightYear\":\"2020\",\"copyrightHolder\":{\"@id\":\"https:\\\/\\\/www.altominho.tv\\\/site\\\/#organization\"}},{\"@type\":\"WebPage\",\"@id\":\"https:\\\/\\\/www.altominho.tv\\\/site\\\/2020\\\/05\\\/15\\\/feiras-e-mercados-reabrem-na-segunda-feira-com-plano-de-contingencia\\\/\",\"url\":\"https:\\\/\\\/www.altominho.tv\\\/site\\\/2020\\\/05\\\/15\\\/feiras-e-mercados-reabrem-na-segunda-feira-com-plano-de-contingencia\\\/\",\"name\":\"Feiras e mercados reabrem na segunda-feira com plano de conting\u00eancia\",\"isPartOf\":{\"@id\":\"https:\\\/\\\/www.altominho.tv\\\/site\\\/#website\"},\"primaryImageOfPage\":{\"@id\":\"https:\\\/\\\/www.altominho.tv\\\/site\\\/2020\\\/05\\\/15\\\/feiras-e-mercados-reabrem-na-segunda-feira-com-plano-de-contingencia\\\/#primaryimage\"},\"image\":{\"@id\":\"https:\\\/\\\/www.altominho.tv\\\/site\\\/2020\\\/05\\\/15\\\/feiras-e-mercados-reabrem-na-segunda-feira-com-plano-de-contingencia\\\/#primaryimage\"},\"thumbnailUrl\":\"https:\\\/\\\/www.altominho.tv\\\/site\\\/wp-content\\\/uploads\\\/2020\\\/05\\\/Feira.jpg\",\"datePublished\":\"2020-05-15T21:12:15+00:00\",\"dateModified\":\"2020-05-15T21:12:19+00:00\",\"author\":{\"@id\":\"https:\\\/\\\/www.altominho.tv\\\/site\\\/#\\\/schema\\\/person\\\/63f693da3e1899361cbe955c46f3232e\"},\"breadcrumb\":{\"@id\":\"https:\\\/\\\/www.altominho.tv\\\/site\\\/2020\\\/05\\\/15\\\/feiras-e-mercados-reabrem-na-segunda-feira-com-plano-de-contingencia\\\/#breadcrumb\"},\"inLanguage\":\"pt-PT\",\"potentialAction\":[{\"@type\":\"ReadAction\",\"target\":[\"https:\\\/\\\/www.altominho.tv\\\/site\\\/2020\\\/05\\\/15\\\/feiras-e-mercados-reabrem-na-segunda-feira-com-plano-de-contingencia\\\/\"]}]},{\"@type\":\"ImageObject\",\"inLanguage\":\"pt-PT\",\"@id\":\"https:\\\/\\\/www.altominho.tv\\\/site\\\/2020\\\/05\\\/15\\\/feiras-e-mercados-reabrem-na-segunda-feira-com-plano-de-contingencia\\\/#primaryimage\",\"url\":\"https:\\\/\\\/www.altominho.tv\\\/site\\\/wp-content\\\/uploads\\\/2020\\\/05\\\/Feira.jpg\",\"contentUrl\":\"https:\\\/\\\/www.altominho.tv\\\/site\\\/wp-content\\\/uploads\\\/2020\\\/05\\\/Feira.jpg\",\"width\":1988,\"height\":1118},{\"@type\":\"BreadcrumbList\",\"@id\":\"https:\\\/\\\/www.altominho.tv\\\/site\\\/2020\\\/05\\\/15\\\/feiras-e-mercados-reabrem-na-segunda-feira-com-plano-de-contingencia\\\/#breadcrumb\",\"itemListElement\":[{\"@type\":\"ListItem\",\"position\":1,\"name\":\"In\u00edcio\",\"item\":\"https:\\\/\\\/www.altominho.tv\\\/site\\\/\"},{\"@type\":\"ListItem\",\"position\":2,\"name\":\"Feiras e mercados reabrem na segunda-feira com plano de conting\u00eancia\"}]},{\"@type\":\"WebSite\",\"@id\":\"https:\\\/\\\/www.altominho.tv\\\/site\\\/#website\",\"url\":\"https:\\\/\\\/www.altominho.tv\\\/site\\\/\",\"name\":\"Altominho.tv\",\"description\":\"A sua regi\u00e3o \u00e0 dist\u00e2ncia de um clique...\",\"potentialAction\":[{\"@type\":\"SearchAction\",\"target\":{\"@type\":\"EntryPoint\",\"urlTemplate\":\"https:\\\/\\\/www.altominho.tv\\\/site\\\/?s={search_term_string}\"},\"query-input\":{\"@type\":\"PropertyValueSpecification\",\"valueRequired\":true,\"valueName\":\"search_term_string\"}}],\"inLanguage\":\"pt-PT\"},{\"@type\":\"Person\",\"@id\":\"https:\\\/\\\/www.altominho.tv\\\/site\\\/#\\\/schema\\\/person\\\/63f693da3e1899361cbe955c46f3232e\",\"name\":\"Lusa\",\"image\":{\"@type\":\"ImageObject\",\"inLanguage\":\"pt-PT\",\"@id\":\"https:\\\/\\\/www.altominho.tv\\\/site\\\/wp-content\\\/uploads\\\/2019\\\/08\\\/LUSA_Logo.gif\",\"url\":\"https:\\\/\\\/www.altominho.tv\\\/site\\\/wp-content\\\/uploads\\\/2019\\\/08\\\/LUSA_Logo.gif\",\"contentUrl\":\"https:\\\/\\\/www.altominho.tv\\\/site\\\/wp-content\\\/uploads\\\/2019\\\/08\\\/LUSA_Logo.gif\",\"caption\":\"Lusa\"},\"sameAs\":[\"http:\\\/\\\/\\\/\\\/www.altominho.tv\\\/site\"],\"url\":\"https:\\\/\\\/www.altominho.tv\\\/site\\\/author\\\/lusa\\\/\"}]}<\/script>\n<!-- \/ Yoast SEO Premium plugin. -->","yoast_head_json":{"title":"Feiras e mercados reabrem na segunda-feira com plano de conting\u00eancia","robots":{"index":"index","follow":"follow","max-snippet":"max-snippet:-1","max-image-preview":"max-image-preview:large","max-video-preview":"max-video-preview:-1"},"canonical":"https:\/\/www.altominho.tv\/site\/2020\/05\/15\/feiras-e-mercados-reabrem-na-segunda-feira-com-plano-de-contingencia\/","og_locale":"pt_PT","og_type":"article","og_title":"Feiras e mercados reabrem na segunda-feira com plano de conting\u00eancia","og_description":"O Governo determinou hoje que as feiras e os mercados podem reiniciar a atividade na segunda-feira, \u201cdevendo para tal existir um plano de conting\u00eancia\u201d, anunciou o executivo. A medida, que tem sido reivindicada pelo setor, foi estabelecida no Conselho de Ministros realizado esta tarde, segundo o comunicado divulgado no final da reuni\u00e3o do executivo, no [&hellip;]","og_url":"https:\/\/www.altominho.tv\/site\/2020\/05\/15\/feiras-e-mercados-reabrem-na-segunda-feira-com-plano-de-contingencia\/","og_site_name":"Altominho.tv","article_publisher":"https:\/\/www.facebook.com\/altominhotv","article_published_time":"2020-05-15T21:12:15+00:00","article_modified_time":"2020-05-15T21:12:19+00:00","og_image":[{"width":1988,"height":1118,"url":"https:\/\/www.altominho.tv\/site\/wp-content\/uploads\/2020\/05\/Feira.jpg","type":"image\/jpeg"}],"author":"Lusa","twitter_card":"summary_large_image","twitter_creator":"@altominhoTV","twitter_site":"@altominhoTV","twitter_misc":{"Escrito por":"Lusa","Tempo estimado de leitura":"2 minutos"},"schema":{"@context":"https:\/\/schema.org","@graph":[{"@type":"Article","@id":"https:\/\/www.altominho.tv\/site\/2020\/05\/15\/feiras-e-mercados-reabrem-na-segunda-feira-com-plano-de-contingencia\/#article","isPartOf":{"@id":"https:\/\/www.altominho.tv\/site\/2020\/05\/15\/feiras-e-mercados-reabrem-na-segunda-feira-com-plano-de-contingencia\/"},"author":{"name":"Lusa","@id":"https:\/\/www.altominho.tv\/site\/#\/schema\/person\/63f693da3e1899361cbe955c46f3232e"},"headline":"Feiras e mercados reabrem na segunda-feira com plano de conting\u00eancia","datePublished":"2020-05-15T21:12:15+00:00","dateModified":"2020-05-15T21:12:19+00:00","mainEntityOfPage":{"@id":"https:\/\/www.altominho.tv\/site\/2020\/05\/15\/feiras-e-mercados-reabrem-na-segunda-feira-com-plano-de-contingencia\/"},"wordCount":439,"image":{"@id":"https:\/\/www.altominho.tv\/site\/2020\/05\/15\/feiras-e-mercados-reabrem-na-segunda-feira-com-plano-de-contingencia\/#primaryimage"},"thumbnailUrl":"https:\/\/www.altominho.tv\/site\/wp-content\/uploads\/2020\/05\/Feira.jpg","keywords":["Sociedade"],"articleSection":["Alto Minho"],"inLanguage":"pt-PT","copyrightYear":"2020","copyrightHolder":{"@id":"https:\/\/www.altominho.tv\/site\/#organization"}},{"@type":"WebPage","@id":"https:\/\/www.altominho.tv\/site\/2020\/05\/15\/feiras-e-mercados-reabrem-na-segunda-feira-com-plano-de-contingencia\/","url":"https:\/\/www.altominho.tv\/site\/2020\/05\/15\/feiras-e-mercados-reabrem-na-segunda-feira-com-plano-de-contingencia\/","name":"Feiras e mercados reabrem na segunda-feira com plano de conting\u00eancia","isPartOf":{"@id":"https:\/\/www.altominho.tv\/site\/#website"},"primaryImageOfPage":{"@id":"https:\/\/www.altominho.tv\/site\/2020\/05\/15\/feiras-e-mercados-reabrem-na-segunda-feira-com-plano-de-contingencia\/#primaryimage"},"image":{"@id":"https:\/\/www.altominho.tv\/site\/2020\/05\/15\/feiras-e-mercados-reabrem-na-segunda-feira-com-plano-de-contingencia\/#primaryimage"},"thumbnailUrl":"https:\/\/www.altominho.tv\/site\/wp-content\/uploads\/2020\/05\/Feira.jpg","datePublished":"2020-05-15T21:12:15+00:00","dateModified":"2020-05-15T21:12:19+00:00","author":{"@id":"https:\/\/www.altominho.tv\/site\/#\/schema\/person\/63f693da3e1899361cbe955c46f3232e"},"breadcrumb":{"@id":"https:\/\/www.altominho.tv\/site\/2020\/05\/15\/feiras-e-mercados-reabrem-na-segunda-feira-com-plano-de-contingencia\/#breadcrumb"},"inLanguage":"pt-PT","potentialAction":[{"@type":"ReadAction","target":["https:\/\/www.altominho.tv\/site\/2020\/05\/15\/feiras-e-mercados-reabrem-na-segunda-feira-com-plano-de-contingencia\/"]}]},{"@type":"ImageObject","inLanguage":"pt-PT","@id":"https:\/\/www.altominho.tv\/site\/2020\/05\/15\/feiras-e-mercados-reabrem-na-segunda-feira-com-plano-de-contingencia\/#primaryimage","url":"https:\/\/www.altominho.tv\/site\/wp-content\/uploads\/2020\/05\/Feira.jpg","contentUrl":"https:\/\/www.altominho.tv\/site\/wp-content\/uploads\/2020\/05\/Feira.jpg","width":1988,"height":1118},{"@type":"BreadcrumbList","@id":"https:\/\/www.altominho.tv\/site\/2020\/05\/15\/feiras-e-mercados-reabrem-na-segunda-feira-com-plano-de-contingencia\/#breadcrumb","itemListElement":[{"@type":"ListItem","position":1,"name":"In\u00edcio","item":"https:\/\/www.altominho.tv\/site\/"},{"@type":"ListItem","position":2,"name":"Feiras e mercados reabrem na segunda-feira com plano de conting\u00eancia"}]},{"@type":"WebSite","@id":"https:\/\/www.altominho.tv\/site\/#website","url":"https:\/\/www.altominho.tv\/site\/","name":"Altominho.tv","description":"A sua regi\u00e3o \u00e0 dist\u00e2ncia de um clique...","potentialAction":[{"@type":"SearchAction","target":{"@type":"EntryPoint","urlTemplate":"https:\/\/www.altominho.tv\/site\/?s={search_term_string}"},"query-input":{"@type":"PropertyValueSpecification","valueRequired":true,"valueName":"search_term_string"}}],"inLanguage":"pt-PT"},{"@type":"Person","@id":"https:\/\/www.altominho.tv\/site\/#\/schema\/person\/63f693da3e1899361cbe955c46f3232e","name":"Lusa","image":{"@type":"ImageObject","inLanguage":"pt-PT","@id":"https:\/\/www.altominho.tv\/site\/wp-content\/uploads\/2019\/08\/LUSA_Logo.gif","url":"https:\/\/www.altominho.tv\/site\/wp-content\/uploads\/2019\/08\/LUSA_Logo.gif","contentUrl":"https:\/\/www.altominho.tv\/site\/wp-content\/uploads\/2019\/08\/LUSA_Logo.gif","caption":"Lusa"},"sameAs":["http:\/\/\/\/www.altominho.tv\/site"],"url":"https:\/\/www.altominho.tv\/site\/author\/lusa\/"}]}},"_links":{"self":[{"href":"https:\/\/www.altominho.tv\/site\/wp-json\/wp\/v2\/posts\/46360","targetHints":{"allow":["GET"]}}],"collection":[{"href":"https:\/\/www.altominho.tv\/site\/wp-json\/wp\/v2\/posts"}],"about":[{"href":"https:\/\/www.altominho.tv\/site\/wp-json\/wp\/v2\/types\/post"}],"author":[{"embeddable":true,"href":"https:\/\/www.altominho.tv\/site\/wp-json\/wp\/v2\/users\/13"}],"replies":[{"embeddable":true,"href":"https:\/\/www.altominho.tv\/site\/wp-json\/wp\/v2\/comments?post=46360"}],"version-history":[{"count":0,"href":"https:\/\/www.altominho.tv\/site\/wp-json\/wp\/v2\/posts\/46360\/revisions"}],"wp:featuredmedia":[{"embeddable":true,"href":"https:\/\/www.altominho.tv\/site\/wp-json\/wp\/v2\/media\/46361"}],"wp:attachment":[{"href":"https:\/\/www.altominho.tv\/site\/wp-json\/wp\/v2\/media?parent=46360"}],"wp:term":[{"taxonomy":"category","embeddable":true,"href":"https:\/\/www.altominho.tv\/site\/wp-json\/wp\/v2\/categories?post=46360"},{"taxonomy":"post_tag","embeddable":true,"href":"https:\/\/www.altominho.tv\/site\/wp-json\/wp\/v2\/tags?post=46360"}],"curies":[{"name":"wp","href":"https:\/\/api.w.org\/{rel}","templated":true}]}}