{"id":46345,"date":"2020-05-15T20:26:33","date_gmt":"2020-05-15T19:26:33","guid":{"rendered":"http:\/\/www.altominho.tv\/site\/?p=46345"},"modified":"2020-05-16T09:02:51","modified_gmt":"2020-05-16T08:02:51","slug":"restaurantes-e-lojas-ate-400-metros-quadrados-reabrem-dia-18-de-maio","status":"publish","type":"post","link":"https:\/\/www.altominho.tv\/site\/2020\/05\/15\/restaurantes-e-lojas-ate-400-metros-quadrados-reabrem-dia-18-de-maio\/","title":{"rendered":"Restaurantes e lojas at\u00e9 400 metros quadrados reabrem dia 18 de Maio"},"content":{"rendered":"<p><strong>Os restaurantes e lojas at\u00e9 400 metros quadrados com porta aberta para a rua reabrem na segunda-feira e as lojas com \u00e1rea superior e centros comerciais em 01 de junho, indica o Plano de Desconfinamento do Governo hoje divulgado.<\/strong><\/p>\n<p class=\"text-paragraph\">A partir do pr\u00f3ximo dia 18 de maio, segunda-feira, o pa\u00eds entra numa nova fase do Plano de Desconfinamento, retomando a atividade as lojas com porta aberta para a rua at\u00e9 400 metros quadrados ou partes de lojas at\u00e9 esta dimens\u00e3o. Por decis\u00e3o das autarquias, \u00e9 poss\u00edvel a reabertura de lojas de maior dimens\u00e3o.<\/p>\n<p class=\"text-paragraph\">De acordo com o plano hoje aprovado pelo Conselho de Ministros, <strong>nesse mesmo dia retomam tamb\u00e9m a atividade os restaurantes, caf\u00e9s e pastelarias que passam a poder servir os clientes no interior dos seus espa\u00e7os.<\/strong><\/p>\n<p class=\"text-paragraph\">Este retomar da atividade dos estabelecimentos de restaura\u00e7\u00e3o \u2013 que at\u00e9 agora apenas podiam servir os clientes em modo de \u2018take-away\u2019 \u2013 ter\u00e1 algumas limita\u00e7\u00f5es no contexto de conten\u00e7\u00e3o da propaga\u00e7\u00e3o da pandemia de covid-19.<\/p>\n<p class=\"text-paragraph\"><strong>A lota\u00e7\u00e3o destes estabelecimentos fica limitada a 50%, deve ser promovida a ocupa\u00e7\u00e3o de esplanadas e t\u00eam ainda de ser cumpridas as normas de higiene e seguran\u00e7a acordadas entre a Dire\u00e7\u00e3o-Geral da Sa\u00fade (DGS) e a Associa\u00e7\u00e3o da hotelaria, restaura\u00e7\u00e3o e similares de Portugal (AHRESP).<\/strong><\/p>\n<p class=\"text-paragraph\">Durante um \u2018Webinar\u2019 organizado hoje pela AHRESP, a sua secret\u00e1ria-geral, Ana Jacinto, afirmou que cerca de 20% dos estabelecimentos j\u00e1 avisaram que n\u00e3o ter\u00e1 condi\u00e7\u00f5es para abrir na segunda-feira, apontando como o &#8220;grande constrangimento&#8221; a limita\u00e7\u00e3o da capacidade a 50%.<\/p>\n<p class=\"text-paragraph\"><strong>&#8220;O grande constrangimento e o ponto mais cr\u00edtico tem que ver com a limita\u00e7\u00e3o da capacidade a 50%&#8221;<\/strong>, disse Ana Jacinto, durante um &#8216;webinar&#8217; para apresenta\u00e7\u00e3o de um guia de boas pr\u00e1ticas para o setor, que contou com a presen\u00e7a do secret\u00e1rio de Estado do Com\u00e9rcio, Servi\u00e7os e Defesa do Consumidor, Jo\u00e3o Torres.<\/p>\n<p class=\"text-paragraph\"><strong>O Plano de Desconfinamento aponta para 01 de junho a retoma da atividade das Lojas do Cidad\u00e3o e das lojas com \u00e1rea superior a 400 metros quadrados e\/ou inseridas em centros comerciais.<\/strong><\/p>\n<p class=\"text-paragraph\">No caso das Lojas do Cidad\u00e3o, o Governo decidiu que permanecem encerradas, mas v\u00e3o aceitar marca\u00e7\u00f5es para atendimento presencial, a realizar ap\u00f3s 01 de junho.<\/p>\n<p class=\"text-paragraph\">O teletrabalho parcial, com hor\u00e1rios desfasados ou equipas em espelho, dever\u00e1 tamb\u00e9m ser privilegiado, a partir do in\u00edcio de junho.<\/p>\n<p class=\"text-paragraph\">O Plano de Desconfinamento aprovado pelo Governo em 30 de abril, que contemplava a primeira fase da retoma da atividade ap\u00f3s o fim do estado de emerg\u00eancia, indicava que o teletrabalho continuaria a vigorar &#8220;sempre que as fun\u00e7\u00f5es o permitam&#8221; entre 04 de maio e at\u00e9 01 de junho.<\/p>\n","protected":false},"excerpt":{"rendered":"<p>Os restaurantes e lojas at\u00e9 400 metros quadrados com porta aberta para a rua reabrem na segunda-feira e as lojas com \u00e1rea superior e centros comerciais em 01 de junho, indica o Plano de Desconfinamento do Governo hoje divulgado. A partir do pr\u00f3ximo dia 18 de maio, segunda-feira, o pa\u00eds entra numa nova fase do [&hellip;]<\/p>\n","protected":false},"author":13,"featured_media":46350,"comment_status":"closed","ping_status":"closed","sticky":false,"template":"","format":"standard","meta":{"_exactmetrics_skip_tracking":false,"_exactmetrics_sitenote_active":false,"_exactmetrics_sitenote_note":"","_exactmetrics_sitenote_category":0,"footnotes":""},"categories":[73],"tags":[21],"class_list":["post-46345","post","type-post","status-publish","format-standard","has-post-thumbnail","hentry","category-alto-minho","tag-economia"],"yoast_head":"<!-- This site is optimized with the Yoast SEO Premium plugin v27.4 (Yoast SEO v27.4) - https:\/\/yoast.com\/product\/yoast-seo-premium-wordpress\/ -->\n<title>Restaurantes e lojas at\u00e9 400 metros quadrados reabrem dia 18 de Maio<\/title>\n<meta name=\"robots\" content=\"index, follow, max-snippet:-1, max-image-preview:large, max-video-preview:-1\" \/>\n<link rel=\"canonical\" href=\"https:\/\/www.altominho.tv\/site\/2020\/05\/15\/restaurantes-e-lojas-ate-400-metros-quadrados-reabrem-dia-18-de-maio\/\" \/>\n<meta property=\"og:locale\" content=\"pt_PT\" \/>\n<meta property=\"og:type\" content=\"article\" \/>\n<meta property=\"og:title\" content=\"Restaurantes e lojas at\u00e9 400 metros quadrados reabrem dia 18 de Maio\" \/>\n<meta property=\"og:description\" content=\"Os restaurantes e lojas at\u00e9 400 metros quadrados com porta aberta para a rua reabrem na segunda-feira e as lojas com \u00e1rea superior e centros comerciais em 01 de junho, indica o Plano de Desconfinamento do Governo hoje divulgado. A partir do pr\u00f3ximo dia 18 de maio, segunda-feira, o pa\u00eds entra numa nova fase do [&hellip;]\" \/>\n<meta property=\"og:url\" content=\"https:\/\/www.altominho.tv\/site\/2020\/05\/15\/restaurantes-e-lojas-ate-400-metros-quadrados-reabrem-dia-18-de-maio\/\" \/>\n<meta property=\"og:site_name\" content=\"Altominho.tv\" \/>\n<meta property=\"article:publisher\" content=\"https:\/\/www.facebook.com\/altominhotv\" \/>\n<meta property=\"article:published_time\" content=\"2020-05-15T19:26:33+00:00\" \/>\n<meta property=\"article:modified_time\" content=\"2020-05-16T08:02:51+00:00\" \/>\n<meta property=\"og:image\" content=\"https:\/\/www.altominho.tv\/site\/wp-content\/uploads\/2020\/05\/Restaurantes_2.jpg\" \/>\n\t<meta property=\"og:image:width\" content=\"1500\" \/>\n\t<meta property=\"og:image:height\" content=\"1000\" \/>\n\t<meta property=\"og:image:type\" content=\"image\/jpeg\" \/>\n<meta name=\"author\" content=\"Lusa\" \/>\n<meta name=\"twitter:card\" content=\"summary_large_image\" \/>\n<meta name=\"twitter:creator\" content=\"@altominhoTV\" \/>\n<meta name=\"twitter:site\" content=\"@altominhoTV\" \/>\n<meta name=\"twitter:label1\" content=\"Escrito por\" \/>\n\t<meta name=\"twitter:data1\" content=\"Lusa\" \/>\n\t<meta name=\"twitter:label2\" content=\"Tempo estimado de leitura\" \/>\n\t<meta name=\"twitter:data2\" content=\"2 minutos\" \/>\n<script type=\"application\/ld+json\" class=\"yoast-schema-graph\">{\"@context\":\"https:\\\/\\\/schema.org\",\"@graph\":[{\"@type\":\"Article\",\"@id\":\"https:\\\/\\\/www.altominho.tv\\\/site\\\/2020\\\/05\\\/15\\\/restaurantes-e-lojas-ate-400-metros-quadrados-reabrem-dia-18-de-maio\\\/#article\",\"isPartOf\":{\"@id\":\"https:\\\/\\\/www.altominho.tv\\\/site\\\/2020\\\/05\\\/15\\\/restaurantes-e-lojas-ate-400-metros-quadrados-reabrem-dia-18-de-maio\\\/\"},\"author\":{\"name\":\"Lusa\",\"@id\":\"https:\\\/\\\/www.altominho.tv\\\/site\\\/#\\\/schema\\\/person\\\/63f693da3e1899361cbe955c46f3232e\"},\"headline\":\"Restaurantes e lojas at\u00e9 400 metros quadrados reabrem dia 18 de Maio\",\"datePublished\":\"2020-05-15T19:26:33+00:00\",\"dateModified\":\"2020-05-16T08:02:51+00:00\",\"mainEntityOfPage\":{\"@id\":\"https:\\\/\\\/www.altominho.tv\\\/site\\\/2020\\\/05\\\/15\\\/restaurantes-e-lojas-ate-400-metros-quadrados-reabrem-dia-18-de-maio\\\/\"},\"wordCount\":466,\"image\":{\"@id\":\"https:\\\/\\\/www.altominho.tv\\\/site\\\/2020\\\/05\\\/15\\\/restaurantes-e-lojas-ate-400-metros-quadrados-reabrem-dia-18-de-maio\\\/#primaryimage\"},\"thumbnailUrl\":\"https:\\\/\\\/www.altominho.tv\\\/site\\\/wp-content\\\/uploads\\\/2020\\\/05\\\/Restaurantes_2.jpg\",\"keywords\":[\"Economia\"],\"articleSection\":[\"Alto Minho\"],\"inLanguage\":\"pt-PT\",\"copyrightYear\":\"2020\",\"copyrightHolder\":{\"@id\":\"https:\\\/\\\/www.altominho.tv\\\/site\\\/#organization\"}},{\"@type\":\"WebPage\",\"@id\":\"https:\\\/\\\/www.altominho.tv\\\/site\\\/2020\\\/05\\\/15\\\/restaurantes-e-lojas-ate-400-metros-quadrados-reabrem-dia-18-de-maio\\\/\",\"url\":\"https:\\\/\\\/www.altominho.tv\\\/site\\\/2020\\\/05\\\/15\\\/restaurantes-e-lojas-ate-400-metros-quadrados-reabrem-dia-18-de-maio\\\/\",\"name\":\"Restaurantes e lojas at\u00e9 400 metros quadrados reabrem dia 18 de Maio\",\"isPartOf\":{\"@id\":\"https:\\\/\\\/www.altominho.tv\\\/site\\\/#website\"},\"primaryImageOfPage\":{\"@id\":\"https:\\\/\\\/www.altominho.tv\\\/site\\\/2020\\\/05\\\/15\\\/restaurantes-e-lojas-ate-400-metros-quadrados-reabrem-dia-18-de-maio\\\/#primaryimage\"},\"image\":{\"@id\":\"https:\\\/\\\/www.altominho.tv\\\/site\\\/2020\\\/05\\\/15\\\/restaurantes-e-lojas-ate-400-metros-quadrados-reabrem-dia-18-de-maio\\\/#primaryimage\"},\"thumbnailUrl\":\"https:\\\/\\\/www.altominho.tv\\\/site\\\/wp-content\\\/uploads\\\/2020\\\/05\\\/Restaurantes_2.jpg\",\"datePublished\":\"2020-05-15T19:26:33+00:00\",\"dateModified\":\"2020-05-16T08:02:51+00:00\",\"author\":{\"@id\":\"https:\\\/\\\/www.altominho.tv\\\/site\\\/#\\\/schema\\\/person\\\/63f693da3e1899361cbe955c46f3232e\"},\"breadcrumb\":{\"@id\":\"https:\\\/\\\/www.altominho.tv\\\/site\\\/2020\\\/05\\\/15\\\/restaurantes-e-lojas-ate-400-metros-quadrados-reabrem-dia-18-de-maio\\\/#breadcrumb\"},\"inLanguage\":\"pt-PT\",\"potentialAction\":[{\"@type\":\"ReadAction\",\"target\":[\"https:\\\/\\\/www.altominho.tv\\\/site\\\/2020\\\/05\\\/15\\\/restaurantes-e-lojas-ate-400-metros-quadrados-reabrem-dia-18-de-maio\\\/\"]}]},{\"@type\":\"ImageObject\",\"inLanguage\":\"pt-PT\",\"@id\":\"https:\\\/\\\/www.altominho.tv\\\/site\\\/2020\\\/05\\\/15\\\/restaurantes-e-lojas-ate-400-metros-quadrados-reabrem-dia-18-de-maio\\\/#primaryimage\",\"url\":\"https:\\\/\\\/www.altominho.tv\\\/site\\\/wp-content\\\/uploads\\\/2020\\\/05\\\/Restaurantes_2.jpg\",\"contentUrl\":\"https:\\\/\\\/www.altominho.tv\\\/site\\\/wp-content\\\/uploads\\\/2020\\\/05\\\/Restaurantes_2.jpg\",\"width\":1500,\"height\":1000},{\"@type\":\"BreadcrumbList\",\"@id\":\"https:\\\/\\\/www.altominho.tv\\\/site\\\/2020\\\/05\\\/15\\\/restaurantes-e-lojas-ate-400-metros-quadrados-reabrem-dia-18-de-maio\\\/#breadcrumb\",\"itemListElement\":[{\"@type\":\"ListItem\",\"position\":1,\"name\":\"In\u00edcio\",\"item\":\"https:\\\/\\\/www.altominho.tv\\\/site\\\/\"},{\"@type\":\"ListItem\",\"position\":2,\"name\":\"Restaurantes e lojas at\u00e9 400 metros quadrados reabrem dia 18 de Maio\"}]},{\"@type\":\"WebSite\",\"@id\":\"https:\\\/\\\/www.altominho.tv\\\/site\\\/#website\",\"url\":\"https:\\\/\\\/www.altominho.tv\\\/site\\\/\",\"name\":\"Altominho.tv\",\"description\":\"A sua regi\u00e3o \u00e0 dist\u00e2ncia de um clique...\",\"potentialAction\":[{\"@type\":\"SearchAction\",\"target\":{\"@type\":\"EntryPoint\",\"urlTemplate\":\"https:\\\/\\\/www.altominho.tv\\\/site\\\/?s={search_term_string}\"},\"query-input\":{\"@type\":\"PropertyValueSpecification\",\"valueRequired\":true,\"valueName\":\"search_term_string\"}}],\"inLanguage\":\"pt-PT\"},{\"@type\":\"Person\",\"@id\":\"https:\\\/\\\/www.altominho.tv\\\/site\\\/#\\\/schema\\\/person\\\/63f693da3e1899361cbe955c46f3232e\",\"name\":\"Lusa\",\"image\":{\"@type\":\"ImageObject\",\"inLanguage\":\"pt-PT\",\"@id\":\"https:\\\/\\\/www.altominho.tv\\\/site\\\/wp-content\\\/uploads\\\/2019\\\/08\\\/LUSA_Logo.gif\",\"url\":\"https:\\\/\\\/www.altominho.tv\\\/site\\\/wp-content\\\/uploads\\\/2019\\\/08\\\/LUSA_Logo.gif\",\"contentUrl\":\"https:\\\/\\\/www.altominho.tv\\\/site\\\/wp-content\\\/uploads\\\/2019\\\/08\\\/LUSA_Logo.gif\",\"caption\":\"Lusa\"},\"sameAs\":[\"http:\\\/\\\/\\\/\\\/www.altominho.tv\\\/site\"],\"url\":\"https:\\\/\\\/www.altominho.tv\\\/site\\\/author\\\/lusa\\\/\"}]}<\/script>\n<!-- \/ Yoast SEO Premium plugin. -->","yoast_head_json":{"title":"Restaurantes e lojas at\u00e9 400 metros quadrados reabrem dia 18 de Maio","robots":{"index":"index","follow":"follow","max-snippet":"max-snippet:-1","max-image-preview":"max-image-preview:large","max-video-preview":"max-video-preview:-1"},"canonical":"https:\/\/www.altominho.tv\/site\/2020\/05\/15\/restaurantes-e-lojas-ate-400-metros-quadrados-reabrem-dia-18-de-maio\/","og_locale":"pt_PT","og_type":"article","og_title":"Restaurantes e lojas at\u00e9 400 metros quadrados reabrem dia 18 de Maio","og_description":"Os restaurantes e lojas at\u00e9 400 metros quadrados com porta aberta para a rua reabrem na segunda-feira e as lojas com \u00e1rea superior e centros comerciais em 01 de junho, indica o Plano de Desconfinamento do Governo hoje divulgado. A partir do pr\u00f3ximo dia 18 de maio, segunda-feira, o pa\u00eds entra numa nova fase do [&hellip;]","og_url":"https:\/\/www.altominho.tv\/site\/2020\/05\/15\/restaurantes-e-lojas-ate-400-metros-quadrados-reabrem-dia-18-de-maio\/","og_site_name":"Altominho.tv","article_publisher":"https:\/\/www.facebook.com\/altominhotv","article_published_time":"2020-05-15T19:26:33+00:00","article_modified_time":"2020-05-16T08:02:51+00:00","og_image":[{"width":1500,"height":1000,"url":"https:\/\/www.altominho.tv\/site\/wp-content\/uploads\/2020\/05\/Restaurantes_2.jpg","type":"image\/jpeg"}],"author":"Lusa","twitter_card":"summary_large_image","twitter_creator":"@altominhoTV","twitter_site":"@altominhoTV","twitter_misc":{"Escrito por":"Lusa","Tempo estimado de leitura":"2 minutos"},"schema":{"@context":"https:\/\/schema.org","@graph":[{"@type":"Article","@id":"https:\/\/www.altominho.tv\/site\/2020\/05\/15\/restaurantes-e-lojas-ate-400-metros-quadrados-reabrem-dia-18-de-maio\/#article","isPartOf":{"@id":"https:\/\/www.altominho.tv\/site\/2020\/05\/15\/restaurantes-e-lojas-ate-400-metros-quadrados-reabrem-dia-18-de-maio\/"},"author":{"name":"Lusa","@id":"https:\/\/www.altominho.tv\/site\/#\/schema\/person\/63f693da3e1899361cbe955c46f3232e"},"headline":"Restaurantes e lojas at\u00e9 400 metros quadrados reabrem dia 18 de Maio","datePublished":"2020-05-15T19:26:33+00:00","dateModified":"2020-05-16T08:02:51+00:00","mainEntityOfPage":{"@id":"https:\/\/www.altominho.tv\/site\/2020\/05\/15\/restaurantes-e-lojas-ate-400-metros-quadrados-reabrem-dia-18-de-maio\/"},"wordCount":466,"image":{"@id":"https:\/\/www.altominho.tv\/site\/2020\/05\/15\/restaurantes-e-lojas-ate-400-metros-quadrados-reabrem-dia-18-de-maio\/#primaryimage"},"thumbnailUrl":"https:\/\/www.altominho.tv\/site\/wp-content\/uploads\/2020\/05\/Restaurantes_2.jpg","keywords":["Economia"],"articleSection":["Alto Minho"],"inLanguage":"pt-PT","copyrightYear":"2020","copyrightHolder":{"@id":"https:\/\/www.altominho.tv\/site\/#organization"}},{"@type":"WebPage","@id":"https:\/\/www.altominho.tv\/site\/2020\/05\/15\/restaurantes-e-lojas-ate-400-metros-quadrados-reabrem-dia-18-de-maio\/","url":"https:\/\/www.altominho.tv\/site\/2020\/05\/15\/restaurantes-e-lojas-ate-400-metros-quadrados-reabrem-dia-18-de-maio\/","name":"Restaurantes e lojas at\u00e9 400 metros quadrados reabrem dia 18 de Maio","isPartOf":{"@id":"https:\/\/www.altominho.tv\/site\/#website"},"primaryImageOfPage":{"@id":"https:\/\/www.altominho.tv\/site\/2020\/05\/15\/restaurantes-e-lojas-ate-400-metros-quadrados-reabrem-dia-18-de-maio\/#primaryimage"},"image":{"@id":"https:\/\/www.altominho.tv\/site\/2020\/05\/15\/restaurantes-e-lojas-ate-400-metros-quadrados-reabrem-dia-18-de-maio\/#primaryimage"},"thumbnailUrl":"https:\/\/www.altominho.tv\/site\/wp-content\/uploads\/2020\/05\/Restaurantes_2.jpg","datePublished":"2020-05-15T19:26:33+00:00","dateModified":"2020-05-16T08:02:51+00:00","author":{"@id":"https:\/\/www.altominho.tv\/site\/#\/schema\/person\/63f693da3e1899361cbe955c46f3232e"},"breadcrumb":{"@id":"https:\/\/www.altominho.tv\/site\/2020\/05\/15\/restaurantes-e-lojas-ate-400-metros-quadrados-reabrem-dia-18-de-maio\/#breadcrumb"},"inLanguage":"pt-PT","potentialAction":[{"@type":"ReadAction","target":["https:\/\/www.altominho.tv\/site\/2020\/05\/15\/restaurantes-e-lojas-ate-400-metros-quadrados-reabrem-dia-18-de-maio\/"]}]},{"@type":"ImageObject","inLanguage":"pt-PT","@id":"https:\/\/www.altominho.tv\/site\/2020\/05\/15\/restaurantes-e-lojas-ate-400-metros-quadrados-reabrem-dia-18-de-maio\/#primaryimage","url":"https:\/\/www.altominho.tv\/site\/wp-content\/uploads\/2020\/05\/Restaurantes_2.jpg","contentUrl":"https:\/\/www.altominho.tv\/site\/wp-content\/uploads\/2020\/05\/Restaurantes_2.jpg","width":1500,"height":1000},{"@type":"BreadcrumbList","@id":"https:\/\/www.altominho.tv\/site\/2020\/05\/15\/restaurantes-e-lojas-ate-400-metros-quadrados-reabrem-dia-18-de-maio\/#breadcrumb","itemListElement":[{"@type":"ListItem","position":1,"name":"In\u00edcio","item":"https:\/\/www.altominho.tv\/site\/"},{"@type":"ListItem","position":2,"name":"Restaurantes e lojas at\u00e9 400 metros quadrados reabrem dia 18 de Maio"}]},{"@type":"WebSite","@id":"https:\/\/www.altominho.tv\/site\/#website","url":"https:\/\/www.altominho.tv\/site\/","name":"Altominho.tv","description":"A sua regi\u00e3o \u00e0 dist\u00e2ncia de um clique...","potentialAction":[{"@type":"SearchAction","target":{"@type":"EntryPoint","urlTemplate":"https:\/\/www.altominho.tv\/site\/?s={search_term_string}"},"query-input":{"@type":"PropertyValueSpecification","valueRequired":true,"valueName":"search_term_string"}}],"inLanguage":"pt-PT"},{"@type":"Person","@id":"https:\/\/www.altominho.tv\/site\/#\/schema\/person\/63f693da3e1899361cbe955c46f3232e","name":"Lusa","image":{"@type":"ImageObject","inLanguage":"pt-PT","@id":"https:\/\/www.altominho.tv\/site\/wp-content\/uploads\/2019\/08\/LUSA_Logo.gif","url":"https:\/\/www.altominho.tv\/site\/wp-content\/uploads\/2019\/08\/LUSA_Logo.gif","contentUrl":"https:\/\/www.altominho.tv\/site\/wp-content\/uploads\/2019\/08\/LUSA_Logo.gif","caption":"Lusa"},"sameAs":["http:\/\/\/\/www.altominho.tv\/site"],"url":"https:\/\/www.altominho.tv\/site\/author\/lusa\/"}]}},"_links":{"self":[{"href":"https:\/\/www.altominho.tv\/site\/wp-json\/wp\/v2\/posts\/46345","targetHints":{"allow":["GET"]}}],"collection":[{"href":"https:\/\/www.altominho.tv\/site\/wp-json\/wp\/v2\/posts"}],"about":[{"href":"https:\/\/www.altominho.tv\/site\/wp-json\/wp\/v2\/types\/post"}],"author":[{"embeddable":true,"href":"https:\/\/www.altominho.tv\/site\/wp-json\/wp\/v2\/users\/13"}],"replies":[{"embeddable":true,"href":"https:\/\/www.altominho.tv\/site\/wp-json\/wp\/v2\/comments?post=46345"}],"version-history":[{"count":0,"href":"https:\/\/www.altominho.tv\/site\/wp-json\/wp\/v2\/posts\/46345\/revisions"}],"wp:featuredmedia":[{"embeddable":true,"href":"https:\/\/www.altominho.tv\/site\/wp-json\/wp\/v2\/media\/46350"}],"wp:attachment":[{"href":"https:\/\/www.altominho.tv\/site\/wp-json\/wp\/v2\/media?parent=46345"}],"wp:term":[{"taxonomy":"category","embeddable":true,"href":"https:\/\/www.altominho.tv\/site\/wp-json\/wp\/v2\/categories?post=46345"},{"taxonomy":"post_tag","embeddable":true,"href":"https:\/\/www.altominho.tv\/site\/wp-json\/wp\/v2\/tags?post=46345"}],"curies":[{"name":"wp","href":"https:\/\/api.w.org\/{rel}","templated":true}]}}