{"id":46291,"date":"2020-05-15T08:19:51","date_gmt":"2020-05-15T07:19:51","guid":{"rendered":"http:\/\/www.altominho.tv\/site\/?p=46291"},"modified":"2020-05-15T08:19:55","modified_gmt":"2020-05-15T07:19:55","slug":"temperaturas-maximas-vao-subir-entre-7-e-8-graus-ate-segunda-feira","status":"publish","type":"post","link":"https:\/\/www.altominho.tv\/site\/2020\/05\/15\/temperaturas-maximas-vao-subir-entre-7-e-8-graus-ate-segunda-feira\/","title":{"rendered":"Temperaturas m\u00e1ximas v\u00e3o subir entre 7 e 8 graus at\u00e9 segunda-feira"},"content":{"rendered":"<p><strong>As temperaturas m\u00e1ximas v\u00e3o subir entre 7 e 8 graus at\u00e9 segunda-feira, altura em que est\u00e1 previsto o in\u00edcio da segunda fase do plano de desconfinamento, com a abertura de lojas de rua, restaurantes, caf\u00e9s e esplanadas.<\/strong><\/p>\n<p>Em declara\u00e7\u00f5es \u00e0 ag\u00eancia Lusa, Bruno Caf\u00e9, do Instituto Portugu\u00eas do Mar e da Atmosfera (IPMA) previu que as temperaturas v\u00e3o subir gradualmente entre 7 e 8 graus a partir de hoje, sendo os dias mais quentes segunda e ter\u00e7a-feira, com os term\u00f3metros a chegarem aos 30 graus em algumas regi\u00f5es do pa\u00eds.<\/p>\n<p>\u201c<strong>Hoje ainda vamos ter per\u00edodos de c\u00e9u muito nublado com alguns aguaceiros mais prov\u00e1veis na regi\u00e3o sul e durante a tarde nas regi\u00f5es norte e centro, em especial no interior. H\u00e1 tamb\u00e9m possibilidade de trovoadas associadas aos aguaceiros, que ser\u00e3o mais prov\u00e1veis na regi\u00e3o sul, mas j\u00e1 vamos ter uma subida das temperaturas m\u00e1ximas em alguns locais de 4 a 5 graus. Teremos hoje m\u00e1ximas acima dos 20 graus, o que n\u00e3o ocorreu no dia de ontem [quinta-feira]<\/strong>\u201d, adiantou.<\/p>\n<p>Segundo o meteorologista do IPMA, para hoje est\u00e3o previstas temperaturas entre os 20 e os 22 graus no Alentejo, Lisboa, Santar\u00e9m, Set\u00fabal, Viana do Castelo, Braga e Porto.<\/p>\n<p>\u201cPara s\u00e1bado vamos ter uma melhoria em termos de nebulosidade no norte e centro. Na regi\u00e3o sul ainda h\u00e1 possibilidade de aguaceiros. Est\u00e1 tamb\u00e9m prevista uma pequena subida da temperatura, em especial da m\u00e1xima, devendo atingir em algumas regi\u00f5es os 24\/25 graus\u201d, referiu.<\/p>\n<p>De acordo com Bruno Caf\u00e9, no domingo est\u00e1 prevista nova subida da temperatura, de 1 a 2 graus.<\/p>\n<p>\u201cA partir de hoje e at\u00e9 ao in\u00edcio da semana vamos ter subidas graduais da temperatura. Ao longo dos pr\u00f3ximos dias vamos ter subidas acumuladas de 7\/8 graus. Segunda e ter\u00e7a-feira ser\u00e3o os dias mais quentes com as temperaturas a chegarem aos 30 graus no Alentejo\u201d, disse.<\/p>\n<p>Bruno Caf\u00e9 disse ainda que a tend\u00eancia ser\u00e1 de mudan\u00e7a do estado do tempo a partir de meados da pr\u00f3xima semana.<\/p>\n<p>De acordo com o plano de desconfinamento do Governo, a partir de segunda-feira poder\u00e3o abrir as lojas de rua, caf\u00e9s, restaurantes, pastelarias e respetivas esplanadas, museus, monumentos e pal\u00e1cios, galerias de arte e similares, creches, equipamentos sociais de apoio \u00e0 defici\u00eancia e os alunos dos 11.\u00ba e 12.\u00ba anos (ou do 2.\u00ba e 3.\u00ba ano de outras ofertas formativas) voltam \u00e0s escolas.<\/p>\n<p>Portugal contabiliza 1.184 mortos associados \u00e0 covid-19 em 28.319 casos confirmados de infe\u00e7\u00e3o, segundo o \u00faltimo boletim di\u00e1rio da Dire\u00e7\u00e3o-Geral da Sa\u00fade (DGS) sobre a pandemia.<\/p>\n<p>Portugal entrou no dia 03 de maio em situa\u00e7\u00e3o de calamidade devido \u00e0 pandemia, depois de tr\u00eas per\u00edodos consecutivos em estado de emerg\u00eancia desde 19 de mar\u00e7o.<\/p>\n","protected":false},"excerpt":{"rendered":"<p>As temperaturas m\u00e1ximas v\u00e3o subir entre 7 e 8 graus at\u00e9 segunda-feira, altura em que est\u00e1 previsto o in\u00edcio da segunda fase do plano de desconfinamento, com a abertura de lojas de rua, restaurantes, caf\u00e9s e esplanadas. Em declara\u00e7\u00f5es \u00e0 ag\u00eancia Lusa, Bruno Caf\u00e9, do Instituto Portugu\u00eas do Mar e da Atmosfera (IPMA) previu que [&hellip;]<\/p>\n","protected":false},"author":13,"featured_media":45547,"comment_status":"closed","ping_status":"closed","sticky":false,"template":"","format":"standard","meta":{"_exactmetrics_skip_tracking":false,"_exactmetrics_sitenote_active":false,"_exactmetrics_sitenote_note":"","_exactmetrics_sitenote_category":0,"footnotes":""},"categories":[73],"tags":[27],"class_list":["post-46291","post","type-post","status-publish","format-standard","has-post-thumbnail","hentry","category-alto-minho","tag-sociedade"],"yoast_head":"<!-- This site is optimized with the Yoast SEO Premium plugin v27.4 (Yoast SEO v27.4) - https:\/\/yoast.com\/product\/yoast-seo-premium-wordpress\/ -->\n<title>Temperaturas m\u00e1ximas v\u00e3o subir entre 7 e 8 graus at\u00e9 segunda-feira<\/title>\n<meta name=\"robots\" content=\"index, follow, max-snippet:-1, max-image-preview:large, max-video-preview:-1\" \/>\n<link rel=\"canonical\" href=\"https:\/\/www.altominho.tv\/site\/2020\/05\/15\/temperaturas-maximas-vao-subir-entre-7-e-8-graus-ate-segunda-feira\/\" \/>\n<meta property=\"og:locale\" content=\"pt_PT\" \/>\n<meta property=\"og:type\" content=\"article\" \/>\n<meta property=\"og:title\" content=\"Temperaturas m\u00e1ximas v\u00e3o subir entre 7 e 8 graus at\u00e9 segunda-feira\" \/>\n<meta property=\"og:description\" content=\"As temperaturas m\u00e1ximas v\u00e3o subir entre 7 e 8 graus at\u00e9 segunda-feira, altura em que est\u00e1 previsto o in\u00edcio da segunda fase do plano de desconfinamento, com a abertura de lojas de rua, restaurantes, caf\u00e9s e esplanadas. Em declara\u00e7\u00f5es \u00e0 ag\u00eancia Lusa, Bruno Caf\u00e9, do Instituto Portugu\u00eas do Mar e da Atmosfera (IPMA) previu que [&hellip;]\" \/>\n<meta property=\"og:url\" content=\"https:\/\/www.altominho.tv\/site\/2020\/05\/15\/temperaturas-maximas-vao-subir-entre-7-e-8-graus-ate-segunda-feira\/\" \/>\n<meta property=\"og:site_name\" content=\"Altominho.tv\" \/>\n<meta property=\"article:publisher\" content=\"https:\/\/www.facebook.com\/altominhotv\" \/>\n<meta property=\"article:published_time\" content=\"2020-05-15T07:19:51+00:00\" \/>\n<meta property=\"article:modified_time\" content=\"2020-05-15T07:19:55+00:00\" \/>\n<meta property=\"og:image\" content=\"https:\/\/www.altominho.tv\/site\/wp-content\/uploads\/2020\/05\/UV_Raios.jpg\" \/>\n\t<meta property=\"og:image:width\" content=\"739\" \/>\n\t<meta property=\"og:image:height\" content=\"416\" \/>\n\t<meta property=\"og:image:type\" content=\"image\/jpeg\" \/>\n<meta name=\"author\" content=\"Lusa\" \/>\n<meta name=\"twitter:card\" content=\"summary_large_image\" \/>\n<meta name=\"twitter:creator\" content=\"@altominhoTV\" \/>\n<meta name=\"twitter:site\" content=\"@altominhoTV\" \/>\n<meta name=\"twitter:label1\" content=\"Escrito por\" \/>\n\t<meta name=\"twitter:data1\" content=\"Lusa\" \/>\n\t<meta name=\"twitter:label2\" content=\"Tempo estimado de leitura\" \/>\n\t<meta name=\"twitter:data2\" content=\"2 minutos\" \/>\n<script type=\"application\/ld+json\" class=\"yoast-schema-graph\">{\"@context\":\"https:\\\/\\\/schema.org\",\"@graph\":[{\"@type\":\"Article\",\"@id\":\"https:\\\/\\\/www.altominho.tv\\\/site\\\/2020\\\/05\\\/15\\\/temperaturas-maximas-vao-subir-entre-7-e-8-graus-ate-segunda-feira\\\/#article\",\"isPartOf\":{\"@id\":\"https:\\\/\\\/www.altominho.tv\\\/site\\\/2020\\\/05\\\/15\\\/temperaturas-maximas-vao-subir-entre-7-e-8-graus-ate-segunda-feira\\\/\"},\"author\":{\"name\":\"Lusa\",\"@id\":\"https:\\\/\\\/www.altominho.tv\\\/site\\\/#\\\/schema\\\/person\\\/63f693da3e1899361cbe955c46f3232e\"},\"headline\":\"Temperaturas m\u00e1ximas v\u00e3o subir entre 7 e 8 graus at\u00e9 segunda-feira\",\"datePublished\":\"2020-05-15T07:19:51+00:00\",\"dateModified\":\"2020-05-15T07:19:55+00:00\",\"mainEntityOfPage\":{\"@id\":\"https:\\\/\\\/www.altominho.tv\\\/site\\\/2020\\\/05\\\/15\\\/temperaturas-maximas-vao-subir-entre-7-e-8-graus-ate-segunda-feira\\\/\"},\"wordCount\":477,\"image\":{\"@id\":\"https:\\\/\\\/www.altominho.tv\\\/site\\\/2020\\\/05\\\/15\\\/temperaturas-maximas-vao-subir-entre-7-e-8-graus-ate-segunda-feira\\\/#primaryimage\"},\"thumbnailUrl\":\"https:\\\/\\\/www.altominho.tv\\\/site\\\/wp-content\\\/uploads\\\/2020\\\/05\\\/UV_Raios.jpg\",\"keywords\":[\"Sociedade\"],\"articleSection\":[\"Alto Minho\"],\"inLanguage\":\"pt-PT\",\"copyrightYear\":\"2020\",\"copyrightHolder\":{\"@id\":\"https:\\\/\\\/www.altominho.tv\\\/site\\\/#organization\"}},{\"@type\":\"WebPage\",\"@id\":\"https:\\\/\\\/www.altominho.tv\\\/site\\\/2020\\\/05\\\/15\\\/temperaturas-maximas-vao-subir-entre-7-e-8-graus-ate-segunda-feira\\\/\",\"url\":\"https:\\\/\\\/www.altominho.tv\\\/site\\\/2020\\\/05\\\/15\\\/temperaturas-maximas-vao-subir-entre-7-e-8-graus-ate-segunda-feira\\\/\",\"name\":\"Temperaturas m\u00e1ximas v\u00e3o subir entre 7 e 8 graus at\u00e9 segunda-feira\",\"isPartOf\":{\"@id\":\"https:\\\/\\\/www.altominho.tv\\\/site\\\/#website\"},\"primaryImageOfPage\":{\"@id\":\"https:\\\/\\\/www.altominho.tv\\\/site\\\/2020\\\/05\\\/15\\\/temperaturas-maximas-vao-subir-entre-7-e-8-graus-ate-segunda-feira\\\/#primaryimage\"},\"image\":{\"@id\":\"https:\\\/\\\/www.altominho.tv\\\/site\\\/2020\\\/05\\\/15\\\/temperaturas-maximas-vao-subir-entre-7-e-8-graus-ate-segunda-feira\\\/#primaryimage\"},\"thumbnailUrl\":\"https:\\\/\\\/www.altominho.tv\\\/site\\\/wp-content\\\/uploads\\\/2020\\\/05\\\/UV_Raios.jpg\",\"datePublished\":\"2020-05-15T07:19:51+00:00\",\"dateModified\":\"2020-05-15T07:19:55+00:00\",\"author\":{\"@id\":\"https:\\\/\\\/www.altominho.tv\\\/site\\\/#\\\/schema\\\/person\\\/63f693da3e1899361cbe955c46f3232e\"},\"breadcrumb\":{\"@id\":\"https:\\\/\\\/www.altominho.tv\\\/site\\\/2020\\\/05\\\/15\\\/temperaturas-maximas-vao-subir-entre-7-e-8-graus-ate-segunda-feira\\\/#breadcrumb\"},\"inLanguage\":\"pt-PT\",\"potentialAction\":[{\"@type\":\"ReadAction\",\"target\":[\"https:\\\/\\\/www.altominho.tv\\\/site\\\/2020\\\/05\\\/15\\\/temperaturas-maximas-vao-subir-entre-7-e-8-graus-ate-segunda-feira\\\/\"]}]},{\"@type\":\"ImageObject\",\"inLanguage\":\"pt-PT\",\"@id\":\"https:\\\/\\\/www.altominho.tv\\\/site\\\/2020\\\/05\\\/15\\\/temperaturas-maximas-vao-subir-entre-7-e-8-graus-ate-segunda-feira\\\/#primaryimage\",\"url\":\"https:\\\/\\\/www.altominho.tv\\\/site\\\/wp-content\\\/uploads\\\/2020\\\/05\\\/UV_Raios.jpg\",\"contentUrl\":\"https:\\\/\\\/www.altominho.tv\\\/site\\\/wp-content\\\/uploads\\\/2020\\\/05\\\/UV_Raios.jpg\",\"width\":739,\"height\":416},{\"@type\":\"BreadcrumbList\",\"@id\":\"https:\\\/\\\/www.altominho.tv\\\/site\\\/2020\\\/05\\\/15\\\/temperaturas-maximas-vao-subir-entre-7-e-8-graus-ate-segunda-feira\\\/#breadcrumb\",\"itemListElement\":[{\"@type\":\"ListItem\",\"position\":1,\"name\":\"In\u00edcio\",\"item\":\"https:\\\/\\\/www.altominho.tv\\\/site\\\/\"},{\"@type\":\"ListItem\",\"position\":2,\"name\":\"Temperaturas m\u00e1ximas v\u00e3o subir entre 7 e 8 graus at\u00e9 segunda-feira\"}]},{\"@type\":\"WebSite\",\"@id\":\"https:\\\/\\\/www.altominho.tv\\\/site\\\/#website\",\"url\":\"https:\\\/\\\/www.altominho.tv\\\/site\\\/\",\"name\":\"Altominho.tv\",\"description\":\"A sua regi\u00e3o \u00e0 dist\u00e2ncia de um clique...\",\"potentialAction\":[{\"@type\":\"SearchAction\",\"target\":{\"@type\":\"EntryPoint\",\"urlTemplate\":\"https:\\\/\\\/www.altominho.tv\\\/site\\\/?s={search_term_string}\"},\"query-input\":{\"@type\":\"PropertyValueSpecification\",\"valueRequired\":true,\"valueName\":\"search_term_string\"}}],\"inLanguage\":\"pt-PT\"},{\"@type\":\"Person\",\"@id\":\"https:\\\/\\\/www.altominho.tv\\\/site\\\/#\\\/schema\\\/person\\\/63f693da3e1899361cbe955c46f3232e\",\"name\":\"Lusa\",\"image\":{\"@type\":\"ImageObject\",\"inLanguage\":\"pt-PT\",\"@id\":\"https:\\\/\\\/www.altominho.tv\\\/site\\\/wp-content\\\/uploads\\\/2019\\\/08\\\/LUSA_Logo.gif\",\"url\":\"https:\\\/\\\/www.altominho.tv\\\/site\\\/wp-content\\\/uploads\\\/2019\\\/08\\\/LUSA_Logo.gif\",\"contentUrl\":\"https:\\\/\\\/www.altominho.tv\\\/site\\\/wp-content\\\/uploads\\\/2019\\\/08\\\/LUSA_Logo.gif\",\"caption\":\"Lusa\"},\"sameAs\":[\"http:\\\/\\\/\\\/\\\/www.altominho.tv\\\/site\"],\"url\":\"https:\\\/\\\/www.altominho.tv\\\/site\\\/author\\\/lusa\\\/\"}]}<\/script>\n<!-- \/ Yoast SEO Premium plugin. -->","yoast_head_json":{"title":"Temperaturas m\u00e1ximas v\u00e3o subir entre 7 e 8 graus at\u00e9 segunda-feira","robots":{"index":"index","follow":"follow","max-snippet":"max-snippet:-1","max-image-preview":"max-image-preview:large","max-video-preview":"max-video-preview:-1"},"canonical":"https:\/\/www.altominho.tv\/site\/2020\/05\/15\/temperaturas-maximas-vao-subir-entre-7-e-8-graus-ate-segunda-feira\/","og_locale":"pt_PT","og_type":"article","og_title":"Temperaturas m\u00e1ximas v\u00e3o subir entre 7 e 8 graus at\u00e9 segunda-feira","og_description":"As temperaturas m\u00e1ximas v\u00e3o subir entre 7 e 8 graus at\u00e9 segunda-feira, altura em que est\u00e1 previsto o in\u00edcio da segunda fase do plano de desconfinamento, com a abertura de lojas de rua, restaurantes, caf\u00e9s e esplanadas. Em declara\u00e7\u00f5es \u00e0 ag\u00eancia Lusa, Bruno Caf\u00e9, do Instituto Portugu\u00eas do Mar e da Atmosfera (IPMA) previu que [&hellip;]","og_url":"https:\/\/www.altominho.tv\/site\/2020\/05\/15\/temperaturas-maximas-vao-subir-entre-7-e-8-graus-ate-segunda-feira\/","og_site_name":"Altominho.tv","article_publisher":"https:\/\/www.facebook.com\/altominhotv","article_published_time":"2020-05-15T07:19:51+00:00","article_modified_time":"2020-05-15T07:19:55+00:00","og_image":[{"width":739,"height":416,"url":"https:\/\/www.altominho.tv\/site\/wp-content\/uploads\/2020\/05\/UV_Raios.jpg","type":"image\/jpeg"}],"author":"Lusa","twitter_card":"summary_large_image","twitter_creator":"@altominhoTV","twitter_site":"@altominhoTV","twitter_misc":{"Escrito por":"Lusa","Tempo estimado de leitura":"2 minutos"},"schema":{"@context":"https:\/\/schema.org","@graph":[{"@type":"Article","@id":"https:\/\/www.altominho.tv\/site\/2020\/05\/15\/temperaturas-maximas-vao-subir-entre-7-e-8-graus-ate-segunda-feira\/#article","isPartOf":{"@id":"https:\/\/www.altominho.tv\/site\/2020\/05\/15\/temperaturas-maximas-vao-subir-entre-7-e-8-graus-ate-segunda-feira\/"},"author":{"name":"Lusa","@id":"https:\/\/www.altominho.tv\/site\/#\/schema\/person\/63f693da3e1899361cbe955c46f3232e"},"headline":"Temperaturas m\u00e1ximas v\u00e3o subir entre 7 e 8 graus at\u00e9 segunda-feira","datePublished":"2020-05-15T07:19:51+00:00","dateModified":"2020-05-15T07:19:55+00:00","mainEntityOfPage":{"@id":"https:\/\/www.altominho.tv\/site\/2020\/05\/15\/temperaturas-maximas-vao-subir-entre-7-e-8-graus-ate-segunda-feira\/"},"wordCount":477,"image":{"@id":"https:\/\/www.altominho.tv\/site\/2020\/05\/15\/temperaturas-maximas-vao-subir-entre-7-e-8-graus-ate-segunda-feira\/#primaryimage"},"thumbnailUrl":"https:\/\/www.altominho.tv\/site\/wp-content\/uploads\/2020\/05\/UV_Raios.jpg","keywords":["Sociedade"],"articleSection":["Alto Minho"],"inLanguage":"pt-PT","copyrightYear":"2020","copyrightHolder":{"@id":"https:\/\/www.altominho.tv\/site\/#organization"}},{"@type":"WebPage","@id":"https:\/\/www.altominho.tv\/site\/2020\/05\/15\/temperaturas-maximas-vao-subir-entre-7-e-8-graus-ate-segunda-feira\/","url":"https:\/\/www.altominho.tv\/site\/2020\/05\/15\/temperaturas-maximas-vao-subir-entre-7-e-8-graus-ate-segunda-feira\/","name":"Temperaturas m\u00e1ximas v\u00e3o subir entre 7 e 8 graus at\u00e9 segunda-feira","isPartOf":{"@id":"https:\/\/www.altominho.tv\/site\/#website"},"primaryImageOfPage":{"@id":"https:\/\/www.altominho.tv\/site\/2020\/05\/15\/temperaturas-maximas-vao-subir-entre-7-e-8-graus-ate-segunda-feira\/#primaryimage"},"image":{"@id":"https:\/\/www.altominho.tv\/site\/2020\/05\/15\/temperaturas-maximas-vao-subir-entre-7-e-8-graus-ate-segunda-feira\/#primaryimage"},"thumbnailUrl":"https:\/\/www.altominho.tv\/site\/wp-content\/uploads\/2020\/05\/UV_Raios.jpg","datePublished":"2020-05-15T07:19:51+00:00","dateModified":"2020-05-15T07:19:55+00:00","author":{"@id":"https:\/\/www.altominho.tv\/site\/#\/schema\/person\/63f693da3e1899361cbe955c46f3232e"},"breadcrumb":{"@id":"https:\/\/www.altominho.tv\/site\/2020\/05\/15\/temperaturas-maximas-vao-subir-entre-7-e-8-graus-ate-segunda-feira\/#breadcrumb"},"inLanguage":"pt-PT","potentialAction":[{"@type":"ReadAction","target":["https:\/\/www.altominho.tv\/site\/2020\/05\/15\/temperaturas-maximas-vao-subir-entre-7-e-8-graus-ate-segunda-feira\/"]}]},{"@type":"ImageObject","inLanguage":"pt-PT","@id":"https:\/\/www.altominho.tv\/site\/2020\/05\/15\/temperaturas-maximas-vao-subir-entre-7-e-8-graus-ate-segunda-feira\/#primaryimage","url":"https:\/\/www.altominho.tv\/site\/wp-content\/uploads\/2020\/05\/UV_Raios.jpg","contentUrl":"https:\/\/www.altominho.tv\/site\/wp-content\/uploads\/2020\/05\/UV_Raios.jpg","width":739,"height":416},{"@type":"BreadcrumbList","@id":"https:\/\/www.altominho.tv\/site\/2020\/05\/15\/temperaturas-maximas-vao-subir-entre-7-e-8-graus-ate-segunda-feira\/#breadcrumb","itemListElement":[{"@type":"ListItem","position":1,"name":"In\u00edcio","item":"https:\/\/www.altominho.tv\/site\/"},{"@type":"ListItem","position":2,"name":"Temperaturas m\u00e1ximas v\u00e3o subir entre 7 e 8 graus at\u00e9 segunda-feira"}]},{"@type":"WebSite","@id":"https:\/\/www.altominho.tv\/site\/#website","url":"https:\/\/www.altominho.tv\/site\/","name":"Altominho.tv","description":"A sua regi\u00e3o \u00e0 dist\u00e2ncia de um clique...","potentialAction":[{"@type":"SearchAction","target":{"@type":"EntryPoint","urlTemplate":"https:\/\/www.altominho.tv\/site\/?s={search_term_string}"},"query-input":{"@type":"PropertyValueSpecification","valueRequired":true,"valueName":"search_term_string"}}],"inLanguage":"pt-PT"},{"@type":"Person","@id":"https:\/\/www.altominho.tv\/site\/#\/schema\/person\/63f693da3e1899361cbe955c46f3232e","name":"Lusa","image":{"@type":"ImageObject","inLanguage":"pt-PT","@id":"https:\/\/www.altominho.tv\/site\/wp-content\/uploads\/2019\/08\/LUSA_Logo.gif","url":"https:\/\/www.altominho.tv\/site\/wp-content\/uploads\/2019\/08\/LUSA_Logo.gif","contentUrl":"https:\/\/www.altominho.tv\/site\/wp-content\/uploads\/2019\/08\/LUSA_Logo.gif","caption":"Lusa"},"sameAs":["http:\/\/\/\/www.altominho.tv\/site"],"url":"https:\/\/www.altominho.tv\/site\/author\/lusa\/"}]}},"_links":{"self":[{"href":"https:\/\/www.altominho.tv\/site\/wp-json\/wp\/v2\/posts\/46291","targetHints":{"allow":["GET"]}}],"collection":[{"href":"https:\/\/www.altominho.tv\/site\/wp-json\/wp\/v2\/posts"}],"about":[{"href":"https:\/\/www.altominho.tv\/site\/wp-json\/wp\/v2\/types\/post"}],"author":[{"embeddable":true,"href":"https:\/\/www.altominho.tv\/site\/wp-json\/wp\/v2\/users\/13"}],"replies":[{"embeddable":true,"href":"https:\/\/www.altominho.tv\/site\/wp-json\/wp\/v2\/comments?post=46291"}],"version-history":[{"count":0,"href":"https:\/\/www.altominho.tv\/site\/wp-json\/wp\/v2\/posts\/46291\/revisions"}],"wp:featuredmedia":[{"embeddable":true,"href":"https:\/\/www.altominho.tv\/site\/wp-json\/wp\/v2\/media\/45547"}],"wp:attachment":[{"href":"https:\/\/www.altominho.tv\/site\/wp-json\/wp\/v2\/media?parent=46291"}],"wp:term":[{"taxonomy":"category","embeddable":true,"href":"https:\/\/www.altominho.tv\/site\/wp-json\/wp\/v2\/categories?post=46291"},{"taxonomy":"post_tag","embeddable":true,"href":"https:\/\/www.altominho.tv\/site\/wp-json\/wp\/v2\/tags?post=46291"}],"curies":[{"name":"wp","href":"https:\/\/api.w.org\/{rel}","templated":true}]}}