{"id":46279,"date":"2020-05-14T17:11:36","date_gmt":"2020-05-14T16:11:36","guid":{"rendered":"http:\/\/www.altominho.tv\/site\/?p=46279"},"modified":"2020-05-14T17:11:40","modified_gmt":"2020-05-14T16:11:40","slug":"arcos-de-valdevez-testa-colaboradores-de-lares-e-creches","status":"publish","type":"post","link":"https:\/\/www.altominho.tv\/site\/2020\/05\/14\/arcos-de-valdevez-testa-colaboradores-de-lares-e-creches\/","title":{"rendered":"Arcos de Valdevez testa colaboradores de lares e creches"},"content":{"rendered":"\n<p>A C\u00e2mara de Arcos de Valdevez informou que ap\u00f3s a realiza\u00e7\u00e3o de testes de rastreio \u00e0 COVID-19 aos colaboradores dos lares, ser\u00e1 a vez dos colaboradores das creches, que manifestaram inten\u00e7\u00e3o em retomar a atividade, no dia 18 de maio, de serem testados, no \u00e2mbito do programa nacional de rastreio aos grupos mais expostos aos riscos da propaga\u00e7\u00e3o de cont\u00e1gio da Covid-19.<\/p>\n\n\n\n<p>Os testes ser\u00e3o realizados esta sexta-feira durante a manh\u00e3, no Centro de Exposi\u00e7\u00f5es.<\/p>\n\n\n\n<p>O Munic\u00edpio vai &#8220;continuar a colaborar e apoiar as v\u00e1rias institui\u00e7\u00f5es do concelho,<br>transmitindo confian\u00e7a e seguran\u00e7a a todos os profissionais que est\u00e3o na linha da frente&#8221;.<\/p>\n\n\n\n<p>A C\u00e2mara de Arcos de Valdevez est\u00e1 a &#8220;acompanhar as necessidades e as preocupa\u00e7\u00f5es manifestadas pelos arcuenses e pelas institui\u00e7\u00f5es do concelho, no \u00e2mbito do processo de descofinamento da Covid-19&#8221;.<\/p>\n","protected":false},"excerpt":{"rendered":"<p>A C\u00e2mara de Arcos de Valdevez informou que ap\u00f3s a realiza\u00e7\u00e3o de testes de rastreio \u00e0 COVID-19 aos colaboradores dos lares, ser\u00e1 a vez dos colaboradores das creches, que manifestaram inten\u00e7\u00e3o em retomar a atividade, no dia 18 de maio, de serem testados, no \u00e2mbito do programa nacional de rastreio aos grupos mais expostos aos [&hellip;]<\/p>\n","protected":false},"author":7,"featured_media":46280,"comment_status":"closed","ping_status":"closed","sticky":false,"template":"","format":"standard","meta":{"_exactmetrics_skip_tracking":false,"_exactmetrics_sitenote_active":false,"_exactmetrics_sitenote_note":"","_exactmetrics_sitenote_category":0,"footnotes":""},"categories":[2],"tags":[26,27],"class_list":["post-46279","post","type-post","status-publish","format-standard","has-post-thumbnail","hentry","category-arcos-de-valdevez","tag-saude","tag-sociedade"],"yoast_head":"<!-- This site is optimized with the Yoast SEO Premium plugin v27.4 (Yoast SEO v27.4) - https:\/\/yoast.com\/product\/yoast-seo-premium-wordpress\/ -->\n<title>Arcos de Valdevez testa colaboradores de lares e creches<\/title>\n<meta name=\"robots\" content=\"index, follow, max-snippet:-1, max-image-preview:large, max-video-preview:-1\" \/>\n<link rel=\"canonical\" href=\"https:\/\/www.altominho.tv\/site\/2020\/05\/14\/arcos-de-valdevez-testa-colaboradores-de-lares-e-creches\/\" \/>\n<meta property=\"og:locale\" content=\"pt_PT\" \/>\n<meta property=\"og:type\" content=\"article\" \/>\n<meta property=\"og:title\" content=\"Arcos de Valdevez testa colaboradores de lares e creches\" \/>\n<meta property=\"og:description\" content=\"A C\u00e2mara de Arcos de Valdevez informou que ap\u00f3s a realiza\u00e7\u00e3o de testes de rastreio \u00e0 COVID-19 aos colaboradores dos lares, ser\u00e1 a vez dos colaboradores das creches, que manifestaram inten\u00e7\u00e3o em retomar a atividade, no dia 18 de maio, de serem testados, no \u00e2mbito do programa nacional de rastreio aos grupos mais expostos aos [&hellip;]\" \/>\n<meta property=\"og:url\" content=\"https:\/\/www.altominho.tv\/site\/2020\/05\/14\/arcos-de-valdevez-testa-colaboradores-de-lares-e-creches\/\" \/>\n<meta property=\"og:site_name\" content=\"Altominho.tv\" \/>\n<meta property=\"article:publisher\" content=\"https:\/\/www.facebook.com\/altominhotv\" \/>\n<meta property=\"article:published_time\" content=\"2020-05-14T16:11:36+00:00\" \/>\n<meta property=\"article:modified_time\" content=\"2020-05-14T16:11:40+00:00\" \/>\n<meta property=\"og:image\" content=\"https:\/\/www.altominho.tv\/site\/wp-content\/uploads\/2020\/05\/testes-cv.jpg\" \/>\n\t<meta property=\"og:image:width\" content=\"850\" \/>\n\t<meta property=\"og:image:height\" content=\"478\" \/>\n\t<meta property=\"og:image:type\" content=\"image\/jpeg\" \/>\n<meta name=\"author\" content=\"Andreia Cunha\" \/>\n<meta name=\"twitter:card\" content=\"summary_large_image\" \/>\n<meta name=\"twitter:creator\" content=\"@altominhoTV\" \/>\n<meta name=\"twitter:site\" content=\"@altominhoTV\" \/>\n<meta name=\"twitter:label1\" content=\"Escrito por\" \/>\n\t<meta name=\"twitter:data1\" content=\"Andreia Cunha\" \/>\n\t<meta name=\"twitter:label2\" content=\"Tempo estimado de leitura\" \/>\n\t<meta name=\"twitter:data2\" content=\"1 minuto\" \/>\n<script type=\"application\/ld+json\" class=\"yoast-schema-graph\">{\"@context\":\"https:\\\/\\\/schema.org\",\"@graph\":[{\"@type\":\"Article\",\"@id\":\"https:\\\/\\\/www.altominho.tv\\\/site\\\/2020\\\/05\\\/14\\\/arcos-de-valdevez-testa-colaboradores-de-lares-e-creches\\\/#article\",\"isPartOf\":{\"@id\":\"https:\\\/\\\/www.altominho.tv\\\/site\\\/2020\\\/05\\\/14\\\/arcos-de-valdevez-testa-colaboradores-de-lares-e-creches\\\/\"},\"author\":{\"name\":\"Andreia Cunha\",\"@id\":\"https:\\\/\\\/www.altominho.tv\\\/site\\\/#\\\/schema\\\/person\\\/a0e4ef6d041f98ca284393d8f1d97153\"},\"headline\":\"Arcos de Valdevez testa colaboradores de lares e creches\",\"datePublished\":\"2020-05-14T16:11:36+00:00\",\"dateModified\":\"2020-05-14T16:11:40+00:00\",\"mainEntityOfPage\":{\"@id\":\"https:\\\/\\\/www.altominho.tv\\\/site\\\/2020\\\/05\\\/14\\\/arcos-de-valdevez-testa-colaboradores-de-lares-e-creches\\\/\"},\"wordCount\":156,\"image\":{\"@id\":\"https:\\\/\\\/www.altominho.tv\\\/site\\\/2020\\\/05\\\/14\\\/arcos-de-valdevez-testa-colaboradores-de-lares-e-creches\\\/#primaryimage\"},\"thumbnailUrl\":\"https:\\\/\\\/www.altominho.tv\\\/site\\\/wp-content\\\/uploads\\\/2020\\\/05\\\/testes-cv.jpg\",\"keywords\":[\"Sa\u00fade\",\"Sociedade\"],\"articleSection\":[\"Arcos de Valdevez\"],\"inLanguage\":\"pt-PT\",\"copyrightYear\":\"2020\",\"copyrightHolder\":{\"@id\":\"https:\\\/\\\/www.altominho.tv\\\/site\\\/#organization\"}},{\"@type\":\"WebPage\",\"@id\":\"https:\\\/\\\/www.altominho.tv\\\/site\\\/2020\\\/05\\\/14\\\/arcos-de-valdevez-testa-colaboradores-de-lares-e-creches\\\/\",\"url\":\"https:\\\/\\\/www.altominho.tv\\\/site\\\/2020\\\/05\\\/14\\\/arcos-de-valdevez-testa-colaboradores-de-lares-e-creches\\\/\",\"name\":\"Arcos de Valdevez testa colaboradores de lares e creches\",\"isPartOf\":{\"@id\":\"https:\\\/\\\/www.altominho.tv\\\/site\\\/#website\"},\"primaryImageOfPage\":{\"@id\":\"https:\\\/\\\/www.altominho.tv\\\/site\\\/2020\\\/05\\\/14\\\/arcos-de-valdevez-testa-colaboradores-de-lares-e-creches\\\/#primaryimage\"},\"image\":{\"@id\":\"https:\\\/\\\/www.altominho.tv\\\/site\\\/2020\\\/05\\\/14\\\/arcos-de-valdevez-testa-colaboradores-de-lares-e-creches\\\/#primaryimage\"},\"thumbnailUrl\":\"https:\\\/\\\/www.altominho.tv\\\/site\\\/wp-content\\\/uploads\\\/2020\\\/05\\\/testes-cv.jpg\",\"datePublished\":\"2020-05-14T16:11:36+00:00\",\"dateModified\":\"2020-05-14T16:11:40+00:00\",\"author\":{\"@id\":\"https:\\\/\\\/www.altominho.tv\\\/site\\\/#\\\/schema\\\/person\\\/a0e4ef6d041f98ca284393d8f1d97153\"},\"breadcrumb\":{\"@id\":\"https:\\\/\\\/www.altominho.tv\\\/site\\\/2020\\\/05\\\/14\\\/arcos-de-valdevez-testa-colaboradores-de-lares-e-creches\\\/#breadcrumb\"},\"inLanguage\":\"pt-PT\",\"potentialAction\":[{\"@type\":\"ReadAction\",\"target\":[\"https:\\\/\\\/www.altominho.tv\\\/site\\\/2020\\\/05\\\/14\\\/arcos-de-valdevez-testa-colaboradores-de-lares-e-creches\\\/\"]}]},{\"@type\":\"ImageObject\",\"inLanguage\":\"pt-PT\",\"@id\":\"https:\\\/\\\/www.altominho.tv\\\/site\\\/2020\\\/05\\\/14\\\/arcos-de-valdevez-testa-colaboradores-de-lares-e-creches\\\/#primaryimage\",\"url\":\"https:\\\/\\\/www.altominho.tv\\\/site\\\/wp-content\\\/uploads\\\/2020\\\/05\\\/testes-cv.jpg\",\"contentUrl\":\"https:\\\/\\\/www.altominho.tv\\\/site\\\/wp-content\\\/uploads\\\/2020\\\/05\\\/testes-cv.jpg\",\"width\":850,\"height\":478},{\"@type\":\"BreadcrumbList\",\"@id\":\"https:\\\/\\\/www.altominho.tv\\\/site\\\/2020\\\/05\\\/14\\\/arcos-de-valdevez-testa-colaboradores-de-lares-e-creches\\\/#breadcrumb\",\"itemListElement\":[{\"@type\":\"ListItem\",\"position\":1,\"name\":\"In\u00edcio\",\"item\":\"https:\\\/\\\/www.altominho.tv\\\/site\\\/\"},{\"@type\":\"ListItem\",\"position\":2,\"name\":\"Arcos de Valdevez testa colaboradores de lares e creches\"}]},{\"@type\":\"WebSite\",\"@id\":\"https:\\\/\\\/www.altominho.tv\\\/site\\\/#website\",\"url\":\"https:\\\/\\\/www.altominho.tv\\\/site\\\/\",\"name\":\"Altominho.tv\",\"description\":\"A sua regi\u00e3o \u00e0 dist\u00e2ncia de um clique...\",\"potentialAction\":[{\"@type\":\"SearchAction\",\"target\":{\"@type\":\"EntryPoint\",\"urlTemplate\":\"https:\\\/\\\/www.altominho.tv\\\/site\\\/?s={search_term_string}\"},\"query-input\":{\"@type\":\"PropertyValueSpecification\",\"valueRequired\":true,\"valueName\":\"search_term_string\"}}],\"inLanguage\":\"pt-PT\"},{\"@type\":\"Person\",\"@id\":\"https:\\\/\\\/www.altominho.tv\\\/site\\\/#\\\/schema\\\/person\\\/a0e4ef6d041f98ca284393d8f1d97153\",\"name\":\"Andreia Cunha\",\"image\":{\"@type\":\"ImageObject\",\"inLanguage\":\"pt-PT\",\"@id\":\"https:\\\/\\\/www.altominho.tv\\\/site\\\/wp-content\\\/uploads\\\/2017\\\/11\\\/Andreia_Cunha-1-150x150.jpg\",\"url\":\"https:\\\/\\\/www.altominho.tv\\\/site\\\/wp-content\\\/uploads\\\/2017\\\/11\\\/Andreia_Cunha-1-150x150.jpg\",\"contentUrl\":\"https:\\\/\\\/www.altominho.tv\\\/site\\\/wp-content\\\/uploads\\\/2017\\\/11\\\/Andreia_Cunha-1-150x150.jpg\",\"caption\":\"Andreia Cunha\"},\"url\":\"https:\\\/\\\/www.altominho.tv\\\/site\\\/author\\\/andreiacunha\\\/\"}]}<\/script>\n<!-- \/ Yoast SEO Premium plugin. -->","yoast_head_json":{"title":"Arcos de Valdevez testa colaboradores de lares e creches","robots":{"index":"index","follow":"follow","max-snippet":"max-snippet:-1","max-image-preview":"max-image-preview:large","max-video-preview":"max-video-preview:-1"},"canonical":"https:\/\/www.altominho.tv\/site\/2020\/05\/14\/arcos-de-valdevez-testa-colaboradores-de-lares-e-creches\/","og_locale":"pt_PT","og_type":"article","og_title":"Arcos de Valdevez testa colaboradores de lares e creches","og_description":"A C\u00e2mara de Arcos de Valdevez informou que ap\u00f3s a realiza\u00e7\u00e3o de testes de rastreio \u00e0 COVID-19 aos colaboradores dos lares, ser\u00e1 a vez dos colaboradores das creches, que manifestaram inten\u00e7\u00e3o em retomar a atividade, no dia 18 de maio, de serem testados, no \u00e2mbito do programa nacional de rastreio aos grupos mais expostos aos [&hellip;]","og_url":"https:\/\/www.altominho.tv\/site\/2020\/05\/14\/arcos-de-valdevez-testa-colaboradores-de-lares-e-creches\/","og_site_name":"Altominho.tv","article_publisher":"https:\/\/www.facebook.com\/altominhotv","article_published_time":"2020-05-14T16:11:36+00:00","article_modified_time":"2020-05-14T16:11:40+00:00","og_image":[{"width":850,"height":478,"url":"https:\/\/www.altominho.tv\/site\/wp-content\/uploads\/2020\/05\/testes-cv.jpg","type":"image\/jpeg"}],"author":"Andreia Cunha","twitter_card":"summary_large_image","twitter_creator":"@altominhoTV","twitter_site":"@altominhoTV","twitter_misc":{"Escrito por":"Andreia Cunha","Tempo estimado de leitura":"1 minuto"},"schema":{"@context":"https:\/\/schema.org","@graph":[{"@type":"Article","@id":"https:\/\/www.altominho.tv\/site\/2020\/05\/14\/arcos-de-valdevez-testa-colaboradores-de-lares-e-creches\/#article","isPartOf":{"@id":"https:\/\/www.altominho.tv\/site\/2020\/05\/14\/arcos-de-valdevez-testa-colaboradores-de-lares-e-creches\/"},"author":{"name":"Andreia Cunha","@id":"https:\/\/www.altominho.tv\/site\/#\/schema\/person\/a0e4ef6d041f98ca284393d8f1d97153"},"headline":"Arcos de Valdevez testa colaboradores de lares e creches","datePublished":"2020-05-14T16:11:36+00:00","dateModified":"2020-05-14T16:11:40+00:00","mainEntityOfPage":{"@id":"https:\/\/www.altominho.tv\/site\/2020\/05\/14\/arcos-de-valdevez-testa-colaboradores-de-lares-e-creches\/"},"wordCount":156,"image":{"@id":"https:\/\/www.altominho.tv\/site\/2020\/05\/14\/arcos-de-valdevez-testa-colaboradores-de-lares-e-creches\/#primaryimage"},"thumbnailUrl":"https:\/\/www.altominho.tv\/site\/wp-content\/uploads\/2020\/05\/testes-cv.jpg","keywords":["Sa\u00fade","Sociedade"],"articleSection":["Arcos de Valdevez"],"inLanguage":"pt-PT","copyrightYear":"2020","copyrightHolder":{"@id":"https:\/\/www.altominho.tv\/site\/#organization"}},{"@type":"WebPage","@id":"https:\/\/www.altominho.tv\/site\/2020\/05\/14\/arcos-de-valdevez-testa-colaboradores-de-lares-e-creches\/","url":"https:\/\/www.altominho.tv\/site\/2020\/05\/14\/arcos-de-valdevez-testa-colaboradores-de-lares-e-creches\/","name":"Arcos de Valdevez testa colaboradores de lares e creches","isPartOf":{"@id":"https:\/\/www.altominho.tv\/site\/#website"},"primaryImageOfPage":{"@id":"https:\/\/www.altominho.tv\/site\/2020\/05\/14\/arcos-de-valdevez-testa-colaboradores-de-lares-e-creches\/#primaryimage"},"image":{"@id":"https:\/\/www.altominho.tv\/site\/2020\/05\/14\/arcos-de-valdevez-testa-colaboradores-de-lares-e-creches\/#primaryimage"},"thumbnailUrl":"https:\/\/www.altominho.tv\/site\/wp-content\/uploads\/2020\/05\/testes-cv.jpg","datePublished":"2020-05-14T16:11:36+00:00","dateModified":"2020-05-14T16:11:40+00:00","author":{"@id":"https:\/\/www.altominho.tv\/site\/#\/schema\/person\/a0e4ef6d041f98ca284393d8f1d97153"},"breadcrumb":{"@id":"https:\/\/www.altominho.tv\/site\/2020\/05\/14\/arcos-de-valdevez-testa-colaboradores-de-lares-e-creches\/#breadcrumb"},"inLanguage":"pt-PT","potentialAction":[{"@type":"ReadAction","target":["https:\/\/www.altominho.tv\/site\/2020\/05\/14\/arcos-de-valdevez-testa-colaboradores-de-lares-e-creches\/"]}]},{"@type":"ImageObject","inLanguage":"pt-PT","@id":"https:\/\/www.altominho.tv\/site\/2020\/05\/14\/arcos-de-valdevez-testa-colaboradores-de-lares-e-creches\/#primaryimage","url":"https:\/\/www.altominho.tv\/site\/wp-content\/uploads\/2020\/05\/testes-cv.jpg","contentUrl":"https:\/\/www.altominho.tv\/site\/wp-content\/uploads\/2020\/05\/testes-cv.jpg","width":850,"height":478},{"@type":"BreadcrumbList","@id":"https:\/\/www.altominho.tv\/site\/2020\/05\/14\/arcos-de-valdevez-testa-colaboradores-de-lares-e-creches\/#breadcrumb","itemListElement":[{"@type":"ListItem","position":1,"name":"In\u00edcio","item":"https:\/\/www.altominho.tv\/site\/"},{"@type":"ListItem","position":2,"name":"Arcos de Valdevez testa colaboradores de lares e creches"}]},{"@type":"WebSite","@id":"https:\/\/www.altominho.tv\/site\/#website","url":"https:\/\/www.altominho.tv\/site\/","name":"Altominho.tv","description":"A sua regi\u00e3o \u00e0 dist\u00e2ncia de um clique...","potentialAction":[{"@type":"SearchAction","target":{"@type":"EntryPoint","urlTemplate":"https:\/\/www.altominho.tv\/site\/?s={search_term_string}"},"query-input":{"@type":"PropertyValueSpecification","valueRequired":true,"valueName":"search_term_string"}}],"inLanguage":"pt-PT"},{"@type":"Person","@id":"https:\/\/www.altominho.tv\/site\/#\/schema\/person\/a0e4ef6d041f98ca284393d8f1d97153","name":"Andreia Cunha","image":{"@type":"ImageObject","inLanguage":"pt-PT","@id":"https:\/\/www.altominho.tv\/site\/wp-content\/uploads\/2017\/11\/Andreia_Cunha-1-150x150.jpg","url":"https:\/\/www.altominho.tv\/site\/wp-content\/uploads\/2017\/11\/Andreia_Cunha-1-150x150.jpg","contentUrl":"https:\/\/www.altominho.tv\/site\/wp-content\/uploads\/2017\/11\/Andreia_Cunha-1-150x150.jpg","caption":"Andreia Cunha"},"url":"https:\/\/www.altominho.tv\/site\/author\/andreiacunha\/"}]}},"_links":{"self":[{"href":"https:\/\/www.altominho.tv\/site\/wp-json\/wp\/v2\/posts\/46279","targetHints":{"allow":["GET"]}}],"collection":[{"href":"https:\/\/www.altominho.tv\/site\/wp-json\/wp\/v2\/posts"}],"about":[{"href":"https:\/\/www.altominho.tv\/site\/wp-json\/wp\/v2\/types\/post"}],"author":[{"embeddable":true,"href":"https:\/\/www.altominho.tv\/site\/wp-json\/wp\/v2\/users\/7"}],"replies":[{"embeddable":true,"href":"https:\/\/www.altominho.tv\/site\/wp-json\/wp\/v2\/comments?post=46279"}],"version-history":[{"count":0,"href":"https:\/\/www.altominho.tv\/site\/wp-json\/wp\/v2\/posts\/46279\/revisions"}],"wp:featuredmedia":[{"embeddable":true,"href":"https:\/\/www.altominho.tv\/site\/wp-json\/wp\/v2\/media\/46280"}],"wp:attachment":[{"href":"https:\/\/www.altominho.tv\/site\/wp-json\/wp\/v2\/media?parent=46279"}],"wp:term":[{"taxonomy":"category","embeddable":true,"href":"https:\/\/www.altominho.tv\/site\/wp-json\/wp\/v2\/categories?post=46279"},{"taxonomy":"post_tag","embeddable":true,"href":"https:\/\/www.altominho.tv\/site\/wp-json\/wp\/v2\/tags?post=46279"}],"curies":[{"name":"wp","href":"https:\/\/api.w.org\/{rel}","templated":true}]}}