{"id":46276,"date":"2020-05-14T16:40:05","date_gmt":"2020-05-14T15:40:05","guid":{"rendered":"http:\/\/www.altominho.tv\/site\/?p=46276"},"modified":"2020-05-14T16:40:11","modified_gmt":"2020-05-14T15:40:11","slug":"alto-minho-reivindica-manutencao-de-dois-meios-aereos-para-combate-a-fogos","status":"publish","type":"post","link":"https:\/\/www.altominho.tv\/site\/2020\/05\/14\/alto-minho-reivindica-manutencao-de-dois-meios-aereos-para-combate-a-fogos\/","title":{"rendered":"Alto Minho reivindica manuten\u00e7\u00e3o de dois meios a\u00e9reos para combate a fogos"},"content":{"rendered":"\n<p>O presidente da Comiss\u00e3o Distrital de Prote\u00e7\u00e3o Civil de Viana do Castelo disse hoje que vai reivindicar ao Governo a manuten\u00e7\u00e3o dos dois meios a\u00e9reos que desde 2010 operam na regi\u00e3o, face \u00e0 redu\u00e7\u00e3o anunciada para este ano.<br><\/p>\n\n\n\n<p>&#8220;A Comiss\u00e3o Distrital de Prote\u00e7\u00e3o Civil est\u00e1 muito preocupada com a possibilidade de termos reduzidos os meios a\u00e9reos no distrito de Viana do Castelo. Desde 2010 que temos contado com dois helic\u00f3pteros ligeiros, sediados no Centro de Meios A\u00e9reos de Arcos de Valdevez, quando temos a nossa for\u00e7a no m\u00e1ximo. Estes helic\u00f3pteros t\u00eam sido fundamentais na primeira interven\u00e7\u00e3o que \u00e9 algo fulcral para o bom desemprenho na \u00e9poca de inc\u00eandios&#8221;, afirmou Miguel Alves.<br><\/p>\n\n\n\n<p>O tamb\u00e9m presidente socialista da C\u00e2mara de Caminha, que falava \u00e0 Lusa no final da reuni\u00e3o que decorreu hoje, em Viana do Castelo, para a apresenta\u00e7\u00e3o do Plano Operacional Distrital no \u00e2mbito do Dispositivo Especial de Combate a Inc\u00eandios Rurais\/2020, disse estar &#8220;muito preocupado com a redu\u00e7\u00e3o dos meios a\u00e9reos no distrito.<br><\/p>\n\n\n\n<p>&#8220;Essa possibilidade merece o nosso alerta. Estamos muito preocupados. Vamos levar esta nota ao ministro da Administra\u00e7\u00e3o Interna de modo a percebermos se esta decis\u00e3o tem retorno&#8221;, referiu Miguel Alves no final da apresenta\u00e7\u00e3o do dispositivo distrital que decorreu, presencialmente, no audit\u00f3rio da Escola Superior de Tecnologia e Gest\u00e3o (ESTG) de Viana do Castelo.<br><\/p>\n\n\n\n<p>Naquele espa\u00e7o, com cerca de 200 lugares, estiveram presencialmente 13 respons\u00e1veis da prote\u00e7\u00e3o civil, cumprindo as recomenda\u00e7\u00f5es da Dire\u00e7\u00e3o-Geral da Sa\u00fade, sendo que mais 44 respons\u00e1veis do distrito de Viana do Castelo acompanharam e participaram na sess\u00e3o com recurso a videoconfer\u00eancia.<br><\/p>\n\n\n\n<p>Para o presidente da Comiss\u00e3o Distrital de Prote\u00e7\u00e3o Civil, a manuten\u00e7\u00e3o dos dois meios a\u00e9reos &#8220;permite uma a\u00e7\u00e3o concreta, r\u00e1pida e uma atua\u00e7\u00e3o em s\u00edtios t\u00e3o distantes como Melga\u00e7o e Arcos de Valdevez&#8221;.<br><\/p>\n\n\n\n<p>&#8220;Num grande inc\u00eandio dois helic\u00f3pteros permitem que n\u00e3o haja intervalos no combate. Enquanto um vai buscar \u00e1gua ou colocar combust\u00edvel, o outro est\u00e1 a trabalhar sobre o inc\u00eandio&#8221;, defendeu.<br><\/p>\n\n\n\n<p>O autarca socialista destacou que o distrito de Viana do Castelo &#8220;tem uma orografia pr\u00f3pria, uma situa\u00e7\u00e3o climat\u00e9rica particularmente ventosa e seca no ver\u00e3o, uma popula\u00e7\u00e3o dispersa, uma \u00e1rea florestal imensa e onde faltam bombeiros&#8221;.<br><\/p>\n\n\n\n<p>&#8220;Estas dificuldades exigem refor\u00e7o. Do ponto de vista dos meios a\u00e9reos estarmos ainda a perder um n\u00e3o \u00e9 algo satisfat\u00f3rio para a regi\u00e3o. Esta mat\u00e9ria tem de ser levada ao senhor ministro, exigindo que possam estar dois meios a\u00e9reos em Arcos de Valdevez de modo a acautelarmos o ver\u00e3o que vai ser, certamente, dif\u00edcil&#8221;, refor\u00e7ou.<br><\/p>\n\n\n\n<p>Miguel Alves referiu a dificuldade na limpeza dos terrenos e a suspens\u00e3o da forma\u00e7\u00e3o de novos bombeiros, na sequ\u00eancia da pandemia de covid-19, que vai impedir, este ano, a integra\u00e7\u00e3o de 70 novos elementos nas 12 corpora\u00e7\u00f5es do Alto Minho.<br><\/p>\n\n\n\n<p>&#8220;Nos \u00faltimos tr\u00eas anos tivemos uma \u00e1rea ardida reduzida, mas a \u00e1rea que n\u00e3o ardeu nos \u00faltimos anos est\u00e1 apta a arder nos pr\u00f3ximos anos. A boa not\u00edcia do passado transforma-se numa m\u00e1 perspetiva para este ver\u00e3o&#8221;, desabafou.<br><\/p>\n\n\n\n<p>Questionado pela Lusa, o primeiro Comandante Operacional Distrital (CODIS) de Viana do Castelo, Marco Domingues, disse que a redu\u00e7\u00e3o para um meio a\u00e9reo &#8220;vai criar din\u00e2micas novas, com mais preocupa\u00e7\u00f5es, particularmente na desloca\u00e7\u00e3o dos meios at\u00e9 \u00e0s ocorr\u00eancias mais distantes&#8221;.<br><\/p>\n\n\n\n<p>&#8220;N\u00e3o haja d\u00favida que \u00e9 o meio mais r\u00e1pido para chegar \u00e0s zonas serranas. Preocupa-me mais se o \u00edndice de simultaneidade aumentar exponencialmente porque n\u00e3o conseguimos ter o mesmo meio a\u00e9reo em duas opera\u00e7\u00f5es distintas. Mas \u00e9 o dispositivo que nos foi entregue, \u00e9 este que temos de gerir de forma muito criteriosa e rigorosa para garantir a sua efici\u00eancia&#8221;, disse Marco Domingues.<\/p>\n","protected":false},"excerpt":{"rendered":"<p>O presidente da Comiss\u00e3o Distrital de Prote\u00e7\u00e3o Civil de Viana do Castelo disse hoje que vai reivindicar ao Governo a manuten\u00e7\u00e3o dos dois meios a\u00e9reos que desde 2010 operam na regi\u00e3o, face \u00e0 redu\u00e7\u00e3o anunciada para este ano. &#8220;A Comiss\u00e3o Distrital de Prote\u00e7\u00e3o Civil est\u00e1 muito preocupada com a possibilidade de termos reduzidos os meios [&hellip;]<\/p>\n","protected":false},"author":16,"featured_media":46277,"comment_status":"closed","ping_status":"closed","sticky":false,"template":"","format":"standard","meta":{"_exactmetrics_skip_tracking":false,"_exactmetrics_sitenote_active":false,"_exactmetrics_sitenote_note":"","_exactmetrics_sitenote_category":0,"footnotes":""},"categories":[73],"tags":[27],"class_list":["post-46276","post","type-post","status-publish","format-standard","has-post-thumbnail","hentry","category-alto-minho","tag-sociedade"],"yoast_head":"<!-- This site is optimized with the Yoast SEO Premium plugin v27.4 (Yoast SEO v27.4) - https:\/\/yoast.com\/product\/yoast-seo-premium-wordpress\/ -->\n<title>Alto Minho reivindica manuten\u00e7\u00e3o de dois meios a\u00e9reos para combate a fogos<\/title>\n<meta name=\"robots\" content=\"index, follow, max-snippet:-1, max-image-preview:large, max-video-preview:-1\" \/>\n<link rel=\"canonical\" href=\"https:\/\/www.altominho.tv\/site\/2020\/05\/14\/alto-minho-reivindica-manutencao-de-dois-meios-aereos-para-combate-a-fogos\/\" \/>\n<meta property=\"og:locale\" content=\"pt_PT\" \/>\n<meta property=\"og:type\" content=\"article\" \/>\n<meta property=\"og:title\" content=\"Alto Minho reivindica manuten\u00e7\u00e3o de dois meios a\u00e9reos para combate a fogos\" \/>\n<meta property=\"og:description\" content=\"O presidente da Comiss\u00e3o Distrital de Prote\u00e7\u00e3o Civil de Viana do Castelo disse hoje que vai reivindicar ao Governo a manuten\u00e7\u00e3o dos dois meios a\u00e9reos que desde 2010 operam na regi\u00e3o, face \u00e0 redu\u00e7\u00e3o anunciada para este ano. &#8220;A Comiss\u00e3o Distrital de Prote\u00e7\u00e3o Civil est\u00e1 muito preocupada com a possibilidade de termos reduzidos os meios [&hellip;]\" \/>\n<meta property=\"og:url\" content=\"https:\/\/www.altominho.tv\/site\/2020\/05\/14\/alto-minho-reivindica-manutencao-de-dois-meios-aereos-para-combate-a-fogos\/\" \/>\n<meta property=\"og:site_name\" content=\"Altominho.tv\" \/>\n<meta property=\"article:publisher\" content=\"https:\/\/www.facebook.com\/altominhotv\" \/>\n<meta property=\"article:published_time\" content=\"2020-05-14T15:40:05+00:00\" \/>\n<meta property=\"article:modified_time\" content=\"2020-05-14T15:40:11+00:00\" \/>\n<meta property=\"og:image\" content=\"https:\/\/www.altominho.tv\/site\/wp-content\/uploads\/2020\/05\/aviao-incendios.jpeg\" \/>\n\t<meta property=\"og:image:width\" content=\"579\" \/>\n\t<meta property=\"og:image:height\" content=\"371\" \/>\n\t<meta property=\"og:image:type\" content=\"image\/jpeg\" \/>\n<meta name=\"author\" content=\"Andreia Cunha | Lusa\" \/>\n<meta name=\"twitter:card\" content=\"summary_large_image\" \/>\n<meta name=\"twitter:creator\" content=\"@altominhoTV\" \/>\n<meta name=\"twitter:site\" content=\"@altominhoTV\" \/>\n<meta name=\"twitter:label1\" content=\"Escrito por\" \/>\n\t<meta name=\"twitter:data1\" content=\"Andreia Cunha | Lusa\" \/>\n\t<meta name=\"twitter:label2\" content=\"Tempo estimado de leitura\" \/>\n\t<meta name=\"twitter:data2\" content=\"3 minutos\" \/>\n<script type=\"application\/ld+json\" class=\"yoast-schema-graph\">{\"@context\":\"https:\\\/\\\/schema.org\",\"@graph\":[{\"@type\":\"Article\",\"@id\":\"https:\\\/\\\/www.altominho.tv\\\/site\\\/2020\\\/05\\\/14\\\/alto-minho-reivindica-manutencao-de-dois-meios-aereos-para-combate-a-fogos\\\/#article\",\"isPartOf\":{\"@id\":\"https:\\\/\\\/www.altominho.tv\\\/site\\\/2020\\\/05\\\/14\\\/alto-minho-reivindica-manutencao-de-dois-meios-aereos-para-combate-a-fogos\\\/\"},\"author\":{\"name\":\"Andreia Cunha | Lusa\",\"@id\":\"https:\\\/\\\/www.altominho.tv\\\/site\\\/#\\\/schema\\\/person\\\/dbaf181c01b51ff40c9f461a905d321e\"},\"headline\":\"Alto Minho reivindica manuten\u00e7\u00e3o de dois meios a\u00e9reos para combate a fogos\",\"datePublished\":\"2020-05-14T15:40:05+00:00\",\"dateModified\":\"2020-05-14T15:40:11+00:00\",\"mainEntityOfPage\":{\"@id\":\"https:\\\/\\\/www.altominho.tv\\\/site\\\/2020\\\/05\\\/14\\\/alto-minho-reivindica-manutencao-de-dois-meios-aereos-para-combate-a-fogos\\\/\"},\"wordCount\":682,\"image\":{\"@id\":\"https:\\\/\\\/www.altominho.tv\\\/site\\\/2020\\\/05\\\/14\\\/alto-minho-reivindica-manutencao-de-dois-meios-aereos-para-combate-a-fogos\\\/#primaryimage\"},\"thumbnailUrl\":\"https:\\\/\\\/www.altominho.tv\\\/site\\\/wp-content\\\/uploads\\\/2020\\\/05\\\/aviao-incendios.jpeg\",\"keywords\":[\"Sociedade\"],\"articleSection\":[\"Alto Minho\"],\"inLanguage\":\"pt-PT\",\"copyrightYear\":\"2020\",\"copyrightHolder\":{\"@id\":\"https:\\\/\\\/www.altominho.tv\\\/site\\\/#organization\"}},{\"@type\":\"WebPage\",\"@id\":\"https:\\\/\\\/www.altominho.tv\\\/site\\\/2020\\\/05\\\/14\\\/alto-minho-reivindica-manutencao-de-dois-meios-aereos-para-combate-a-fogos\\\/\",\"url\":\"https:\\\/\\\/www.altominho.tv\\\/site\\\/2020\\\/05\\\/14\\\/alto-minho-reivindica-manutencao-de-dois-meios-aereos-para-combate-a-fogos\\\/\",\"name\":\"Alto Minho reivindica manuten\u00e7\u00e3o de dois meios a\u00e9reos para combate a fogos\",\"isPartOf\":{\"@id\":\"https:\\\/\\\/www.altominho.tv\\\/site\\\/#website\"},\"primaryImageOfPage\":{\"@id\":\"https:\\\/\\\/www.altominho.tv\\\/site\\\/2020\\\/05\\\/14\\\/alto-minho-reivindica-manutencao-de-dois-meios-aereos-para-combate-a-fogos\\\/#primaryimage\"},\"image\":{\"@id\":\"https:\\\/\\\/www.altominho.tv\\\/site\\\/2020\\\/05\\\/14\\\/alto-minho-reivindica-manutencao-de-dois-meios-aereos-para-combate-a-fogos\\\/#primaryimage\"},\"thumbnailUrl\":\"https:\\\/\\\/www.altominho.tv\\\/site\\\/wp-content\\\/uploads\\\/2020\\\/05\\\/aviao-incendios.jpeg\",\"datePublished\":\"2020-05-14T15:40:05+00:00\",\"dateModified\":\"2020-05-14T15:40:11+00:00\",\"author\":{\"@id\":\"https:\\\/\\\/www.altominho.tv\\\/site\\\/#\\\/schema\\\/person\\\/dbaf181c01b51ff40c9f461a905d321e\"},\"breadcrumb\":{\"@id\":\"https:\\\/\\\/www.altominho.tv\\\/site\\\/2020\\\/05\\\/14\\\/alto-minho-reivindica-manutencao-de-dois-meios-aereos-para-combate-a-fogos\\\/#breadcrumb\"},\"inLanguage\":\"pt-PT\",\"potentialAction\":[{\"@type\":\"ReadAction\",\"target\":[\"https:\\\/\\\/www.altominho.tv\\\/site\\\/2020\\\/05\\\/14\\\/alto-minho-reivindica-manutencao-de-dois-meios-aereos-para-combate-a-fogos\\\/\"]}]},{\"@type\":\"ImageObject\",\"inLanguage\":\"pt-PT\",\"@id\":\"https:\\\/\\\/www.altominho.tv\\\/site\\\/2020\\\/05\\\/14\\\/alto-minho-reivindica-manutencao-de-dois-meios-aereos-para-combate-a-fogos\\\/#primaryimage\",\"url\":\"https:\\\/\\\/www.altominho.tv\\\/site\\\/wp-content\\\/uploads\\\/2020\\\/05\\\/aviao-incendios.jpeg\",\"contentUrl\":\"https:\\\/\\\/www.altominho.tv\\\/site\\\/wp-content\\\/uploads\\\/2020\\\/05\\\/aviao-incendios.jpeg\",\"width\":579,\"height\":371},{\"@type\":\"BreadcrumbList\",\"@id\":\"https:\\\/\\\/www.altominho.tv\\\/site\\\/2020\\\/05\\\/14\\\/alto-minho-reivindica-manutencao-de-dois-meios-aereos-para-combate-a-fogos\\\/#breadcrumb\",\"itemListElement\":[{\"@type\":\"ListItem\",\"position\":1,\"name\":\"In\u00edcio\",\"item\":\"https:\\\/\\\/www.altominho.tv\\\/site\\\/\"},{\"@type\":\"ListItem\",\"position\":2,\"name\":\"Alto Minho reivindica manuten\u00e7\u00e3o de dois meios a\u00e9reos para combate a fogos\"}]},{\"@type\":\"WebSite\",\"@id\":\"https:\\\/\\\/www.altominho.tv\\\/site\\\/#website\",\"url\":\"https:\\\/\\\/www.altominho.tv\\\/site\\\/\",\"name\":\"Altominho.tv\",\"description\":\"A sua regi\u00e3o \u00e0 dist\u00e2ncia de um clique...\",\"potentialAction\":[{\"@type\":\"SearchAction\",\"target\":{\"@type\":\"EntryPoint\",\"urlTemplate\":\"https:\\\/\\\/www.altominho.tv\\\/site\\\/?s={search_term_string}\"},\"query-input\":{\"@type\":\"PropertyValueSpecification\",\"valueRequired\":true,\"valueName\":\"search_term_string\"}}],\"inLanguage\":\"pt-PT\"},{\"@type\":\"Person\",\"@id\":\"https:\\\/\\\/www.altominho.tv\\\/site\\\/#\\\/schema\\\/person\\\/dbaf181c01b51ff40c9f461a905d321e\",\"name\":\"Andreia Cunha | Lusa\",\"image\":{\"@type\":\"ImageObject\",\"inLanguage\":\"pt-PT\",\"@id\":\"https:\\\/\\\/www.altominho.tv\\\/site\\\/wp-content\\\/uploads\\\/2017\\\/11\\\/Andreia_Cunha-1-150x150.jpg\",\"url\":\"https:\\\/\\\/www.altominho.tv\\\/site\\\/wp-content\\\/uploads\\\/2017\\\/11\\\/Andreia_Cunha-1-150x150.jpg\",\"contentUrl\":\"https:\\\/\\\/www.altominho.tv\\\/site\\\/wp-content\\\/uploads\\\/2017\\\/11\\\/Andreia_Cunha-1-150x150.jpg\",\"caption\":\"Andreia Cunha | Lusa\"},\"sameAs\":[\"https:\\\/\\\/www.altominho.tv\\\/site\"],\"url\":\"https:\\\/\\\/www.altominho.tv\\\/site\\\/author\\\/andreiacunhalusa\\\/\"}]}<\/script>\n<!-- \/ Yoast SEO Premium plugin. -->","yoast_head_json":{"title":"Alto Minho reivindica manuten\u00e7\u00e3o de dois meios a\u00e9reos para combate a fogos","robots":{"index":"index","follow":"follow","max-snippet":"max-snippet:-1","max-image-preview":"max-image-preview:large","max-video-preview":"max-video-preview:-1"},"canonical":"https:\/\/www.altominho.tv\/site\/2020\/05\/14\/alto-minho-reivindica-manutencao-de-dois-meios-aereos-para-combate-a-fogos\/","og_locale":"pt_PT","og_type":"article","og_title":"Alto Minho reivindica manuten\u00e7\u00e3o de dois meios a\u00e9reos para combate a fogos","og_description":"O presidente da Comiss\u00e3o Distrital de Prote\u00e7\u00e3o Civil de Viana do Castelo disse hoje que vai reivindicar ao Governo a manuten\u00e7\u00e3o dos dois meios a\u00e9reos que desde 2010 operam na regi\u00e3o, face \u00e0 redu\u00e7\u00e3o anunciada para este ano. &#8220;A Comiss\u00e3o Distrital de Prote\u00e7\u00e3o Civil est\u00e1 muito preocupada com a possibilidade de termos reduzidos os meios [&hellip;]","og_url":"https:\/\/www.altominho.tv\/site\/2020\/05\/14\/alto-minho-reivindica-manutencao-de-dois-meios-aereos-para-combate-a-fogos\/","og_site_name":"Altominho.tv","article_publisher":"https:\/\/www.facebook.com\/altominhotv","article_published_time":"2020-05-14T15:40:05+00:00","article_modified_time":"2020-05-14T15:40:11+00:00","og_image":[{"width":579,"height":371,"url":"https:\/\/www.altominho.tv\/site\/wp-content\/uploads\/2020\/05\/aviao-incendios.jpeg","type":"image\/jpeg"}],"author":"Andreia Cunha | Lusa","twitter_card":"summary_large_image","twitter_creator":"@altominhoTV","twitter_site":"@altominhoTV","twitter_misc":{"Escrito por":"Andreia Cunha | Lusa","Tempo estimado de leitura":"3 minutos"},"schema":{"@context":"https:\/\/schema.org","@graph":[{"@type":"Article","@id":"https:\/\/www.altominho.tv\/site\/2020\/05\/14\/alto-minho-reivindica-manutencao-de-dois-meios-aereos-para-combate-a-fogos\/#article","isPartOf":{"@id":"https:\/\/www.altominho.tv\/site\/2020\/05\/14\/alto-minho-reivindica-manutencao-de-dois-meios-aereos-para-combate-a-fogos\/"},"author":{"name":"Andreia Cunha | Lusa","@id":"https:\/\/www.altominho.tv\/site\/#\/schema\/person\/dbaf181c01b51ff40c9f461a905d321e"},"headline":"Alto Minho reivindica manuten\u00e7\u00e3o de dois meios a\u00e9reos para combate a fogos","datePublished":"2020-05-14T15:40:05+00:00","dateModified":"2020-05-14T15:40:11+00:00","mainEntityOfPage":{"@id":"https:\/\/www.altominho.tv\/site\/2020\/05\/14\/alto-minho-reivindica-manutencao-de-dois-meios-aereos-para-combate-a-fogos\/"},"wordCount":682,"image":{"@id":"https:\/\/www.altominho.tv\/site\/2020\/05\/14\/alto-minho-reivindica-manutencao-de-dois-meios-aereos-para-combate-a-fogos\/#primaryimage"},"thumbnailUrl":"https:\/\/www.altominho.tv\/site\/wp-content\/uploads\/2020\/05\/aviao-incendios.jpeg","keywords":["Sociedade"],"articleSection":["Alto Minho"],"inLanguage":"pt-PT","copyrightYear":"2020","copyrightHolder":{"@id":"https:\/\/www.altominho.tv\/site\/#organization"}},{"@type":"WebPage","@id":"https:\/\/www.altominho.tv\/site\/2020\/05\/14\/alto-minho-reivindica-manutencao-de-dois-meios-aereos-para-combate-a-fogos\/","url":"https:\/\/www.altominho.tv\/site\/2020\/05\/14\/alto-minho-reivindica-manutencao-de-dois-meios-aereos-para-combate-a-fogos\/","name":"Alto Minho reivindica manuten\u00e7\u00e3o de dois meios a\u00e9reos para combate a fogos","isPartOf":{"@id":"https:\/\/www.altominho.tv\/site\/#website"},"primaryImageOfPage":{"@id":"https:\/\/www.altominho.tv\/site\/2020\/05\/14\/alto-minho-reivindica-manutencao-de-dois-meios-aereos-para-combate-a-fogos\/#primaryimage"},"image":{"@id":"https:\/\/www.altominho.tv\/site\/2020\/05\/14\/alto-minho-reivindica-manutencao-de-dois-meios-aereos-para-combate-a-fogos\/#primaryimage"},"thumbnailUrl":"https:\/\/www.altominho.tv\/site\/wp-content\/uploads\/2020\/05\/aviao-incendios.jpeg","datePublished":"2020-05-14T15:40:05+00:00","dateModified":"2020-05-14T15:40:11+00:00","author":{"@id":"https:\/\/www.altominho.tv\/site\/#\/schema\/person\/dbaf181c01b51ff40c9f461a905d321e"},"breadcrumb":{"@id":"https:\/\/www.altominho.tv\/site\/2020\/05\/14\/alto-minho-reivindica-manutencao-de-dois-meios-aereos-para-combate-a-fogos\/#breadcrumb"},"inLanguage":"pt-PT","potentialAction":[{"@type":"ReadAction","target":["https:\/\/www.altominho.tv\/site\/2020\/05\/14\/alto-minho-reivindica-manutencao-de-dois-meios-aereos-para-combate-a-fogos\/"]}]},{"@type":"ImageObject","inLanguage":"pt-PT","@id":"https:\/\/www.altominho.tv\/site\/2020\/05\/14\/alto-minho-reivindica-manutencao-de-dois-meios-aereos-para-combate-a-fogos\/#primaryimage","url":"https:\/\/www.altominho.tv\/site\/wp-content\/uploads\/2020\/05\/aviao-incendios.jpeg","contentUrl":"https:\/\/www.altominho.tv\/site\/wp-content\/uploads\/2020\/05\/aviao-incendios.jpeg","width":579,"height":371},{"@type":"BreadcrumbList","@id":"https:\/\/www.altominho.tv\/site\/2020\/05\/14\/alto-minho-reivindica-manutencao-de-dois-meios-aereos-para-combate-a-fogos\/#breadcrumb","itemListElement":[{"@type":"ListItem","position":1,"name":"In\u00edcio","item":"https:\/\/www.altominho.tv\/site\/"},{"@type":"ListItem","position":2,"name":"Alto Minho reivindica manuten\u00e7\u00e3o de dois meios a\u00e9reos para combate a fogos"}]},{"@type":"WebSite","@id":"https:\/\/www.altominho.tv\/site\/#website","url":"https:\/\/www.altominho.tv\/site\/","name":"Altominho.tv","description":"A sua regi\u00e3o \u00e0 dist\u00e2ncia de um clique...","potentialAction":[{"@type":"SearchAction","target":{"@type":"EntryPoint","urlTemplate":"https:\/\/www.altominho.tv\/site\/?s={search_term_string}"},"query-input":{"@type":"PropertyValueSpecification","valueRequired":true,"valueName":"search_term_string"}}],"inLanguage":"pt-PT"},{"@type":"Person","@id":"https:\/\/www.altominho.tv\/site\/#\/schema\/person\/dbaf181c01b51ff40c9f461a905d321e","name":"Andreia Cunha | Lusa","image":{"@type":"ImageObject","inLanguage":"pt-PT","@id":"https:\/\/www.altominho.tv\/site\/wp-content\/uploads\/2017\/11\/Andreia_Cunha-1-150x150.jpg","url":"https:\/\/www.altominho.tv\/site\/wp-content\/uploads\/2017\/11\/Andreia_Cunha-1-150x150.jpg","contentUrl":"https:\/\/www.altominho.tv\/site\/wp-content\/uploads\/2017\/11\/Andreia_Cunha-1-150x150.jpg","caption":"Andreia Cunha | Lusa"},"sameAs":["https:\/\/www.altominho.tv\/site"],"url":"https:\/\/www.altominho.tv\/site\/author\/andreiacunhalusa\/"}]}},"_links":{"self":[{"href":"https:\/\/www.altominho.tv\/site\/wp-json\/wp\/v2\/posts\/46276","targetHints":{"allow":["GET"]}}],"collection":[{"href":"https:\/\/www.altominho.tv\/site\/wp-json\/wp\/v2\/posts"}],"about":[{"href":"https:\/\/www.altominho.tv\/site\/wp-json\/wp\/v2\/types\/post"}],"author":[{"embeddable":true,"href":"https:\/\/www.altominho.tv\/site\/wp-json\/wp\/v2\/users\/16"}],"replies":[{"embeddable":true,"href":"https:\/\/www.altominho.tv\/site\/wp-json\/wp\/v2\/comments?post=46276"}],"version-history":[{"count":0,"href":"https:\/\/www.altominho.tv\/site\/wp-json\/wp\/v2\/posts\/46276\/revisions"}],"wp:featuredmedia":[{"embeddable":true,"href":"https:\/\/www.altominho.tv\/site\/wp-json\/wp\/v2\/media\/46277"}],"wp:attachment":[{"href":"https:\/\/www.altominho.tv\/site\/wp-json\/wp\/v2\/media?parent=46276"}],"wp:term":[{"taxonomy":"category","embeddable":true,"href":"https:\/\/www.altominho.tv\/site\/wp-json\/wp\/v2\/categories?post=46276"},{"taxonomy":"post_tag","embeddable":true,"href":"https:\/\/www.altominho.tv\/site\/wp-json\/wp\/v2\/tags?post=46276"}],"curies":[{"name":"wp","href":"https:\/\/api.w.org\/{rel}","templated":true}]}}