{"id":46273,"date":"2020-05-14T16:23:42","date_gmt":"2020-05-14T15:23:42","guid":{"rendered":"http:\/\/www.altominho.tv\/site\/?p=46273"},"modified":"2020-05-14T16:23:48","modified_gmt":"2020-05-14T15:23:48","slug":"alto-minho-com-perto-de-meio-milhar-de-operacionais-na-fase-critica-de-fogos","status":"publish","type":"post","link":"https:\/\/www.altominho.tv\/site\/2020\/05\/14\/alto-minho-com-perto-de-meio-milhar-de-operacionais-na-fase-critica-de-fogos\/","title":{"rendered":"Alto Minho com perto de meio milhar de operacionais na fase cr\u00edtica de fogos"},"content":{"rendered":"\n<p>O primeiro Comandante Operacional Distrital (CODIS) de Viana do Castelo, Marco Domingues, disse hoje que a regi\u00e3o contar\u00e1 na fase cr\u00edtica dos inc\u00eandios florestais com cerca de meio milhar de operacionais, distribu\u00eddos por 111 equipas.<br><\/p>\n\n\n\n<p>O respons\u00e1vel, que falava durante a apresenta\u00e7\u00e3o do Plano Operacional Distrital no \u00e2mbito do Dispositivo Especial de Combate a Inc\u00eandios Rurais\/2020, adiantou que o dispositivo previsto para o n\u00edvel IV poder\u00e1 ser &#8220;ajustado e refor\u00e7ado conforme os estados de alerta especiais que venham a ser decretados&#8221;.<br><\/p>\n\n\n\n<p>As 111 equipas, compostas por 478 operacionais das diferentes val\u00eancias da prote\u00e7\u00e3o civil, &#8220;atuar\u00e3o nos 162 mil hectares de floresta que se estendem pelos 2.250 quil\u00f3metros quadrados dos 10 concelhos do distrito de Viana do Castelo, onde, de acordo com o Censos de 2011, residem 240.133 habitantes&#8221;.<br><\/p>\n\n\n\n<p>Marco Domingues prev\u00ea um ver\u00e3o &#8220;particularmente dif\u00edcil&#8221; num distrito que apresenta um hist\u00f3rico de &#8220;muitas ocorr\u00eancias&#8221; e que, desde 2016, tem vindo a reduzir a \u00e1rea ardida.<br><\/p>\n\n\n\n<p>&#8220;At\u00e9 quarta-feira contabiliz\u00e1mos [este ano] um total de 54 ocorr\u00eancias e uma \u00e1rea ardida de 95 hectares. Em 2019, registamos 327 ocorr\u00eancias e um total de 1.281 hectares de \u00e1rea ardida&#8221;, referiu.<br><\/p>\n\n\n\n<p>Marco Domingues apontou os &#8220;condicionalismos&#8221; criados este ano pela covid-19 nos trabalhos de limpeza dos terrenos que est\u00e3o &#8220;longe da execu\u00e7\u00e3o pretendida&#8221;.<br>&#8220;Dificilmente, at\u00e9 \u00e0 fase cr\u00edtica, ser\u00e1 poss\u00edvel fazer a limpeza pretendida&#8221;, disse, sugerindo que &#8220;as a\u00e7\u00f5es ainda a realizar sejam cir\u00fargicas e em locais chave&#8221;.<br><\/p>\n\n\n\n<p>Com uma \u00e1rea total de 222 mil hectares, o distrito de Viana do Castelo tem 208 freguesias, 99 das quais (8,9% do total do pa\u00eds) consideradas priorit\u00e1rias na preven\u00e7\u00e3o de fogos florestais.<br><\/p>\n\n\n\n<p>&#8220;O n\u00famero de freguesias priorit\u00e1rias coloca o distrito no quinto lugar a n\u00edvel nacional. Nessas 99 freguesias est\u00e3o identificados 1.185 lugares priorit\u00e1rios&#8221;, sustentou durante a apresenta\u00e7\u00e3o do dispositivo distrital que decorreu, presencialmente, no audit\u00f3rio da Escola Superior de Tecnologia e Gest\u00e3o (ESTG) de Viana do Castelo.<br><\/p>\n\n\n\n<p>Naquele espa\u00e7o, com cerca de 200 lugares, estiveram presencialmente 13 respons\u00e1veis da prote\u00e7\u00e3o civil, cumprindo as recomenda\u00e7\u00f5es da Dire\u00e7\u00e3o-Geral da Sa\u00fade, sendo que mais 44 respons\u00e1veis do distrito de Viana do Castelo acompanharam e participaram na sess\u00e3o, com recurso a videoconfer\u00eancia.<br><\/p>\n\n\n\n<p>O respons\u00e1vel disse ainda que, apesar de Viana do Castelo ser &#8220;o distrito com o maior n\u00famero de ocorr\u00eancias por corpo de bombeiros, ocupa o \u00faltimo lugar do pa\u00eds no n\u00famero de operacionais&#8221;.<br><\/p>\n\n\n\n<p>As 12 corpora\u00e7\u00f5es existentes na regi\u00e3o integram 690 bombeiros, sendo que apenas 64 s\u00e3o profissionais e integram a corpora\u00e7\u00e3o dos sapadores de Viana do Castelo.<br><\/p>\n\n\n\n<p>Al\u00e9m da capital do Alto Minho, tamb\u00e9m Caminha possui duas corpora\u00e7\u00f5es de bombeiros volunt\u00e1rios, uma situada na sede do concelho e a outra em Vila Praia de \u00c2ncora.<br><\/p>\n\n\n\n<p>De acordo com os n\u00fameros hoje revelados por Marco Domingues, &#8220;entre 2017 e 2019 os corpos de bombeiros da regi\u00e3o foram refor\u00e7ados com 160 novos operacionais&#8221;, lamentando que o mesmo n\u00e3o venha a acontecer em 2020 devido \u00e0 pandemia de covid-19.<br><\/p>\n\n\n\n<p>&#8220;Os 70 novos elementos viram a sua atividade formativa suspensa devido \u00e0 pandemia de covid-19. \u00c9 um golpe contundente nas nossas fileiras que nos vai criar dificuldades&#8221;, admitiu, destacando que uma das preocupa\u00e7\u00f5es prende-se com &#8220;a indisponibilidade noturna dos restantes agentes da prote\u00e7\u00e3o j\u00e1 que um ter\u00e7o de todas as ocorr\u00eancias registadas na regi\u00e3o ocorrem \u00e0 noite&#8221;.<br><\/p>\n\n\n\n<p>O presidente da Comiss\u00e3o Distrital de Prote\u00e7\u00e3o Civil de Viana do Castelo, Miguel Alves, adiantou que ir\u00e1 propor \u00e0 Autoridade Nacional de Emerg\u00eancia e Prote\u00e7\u00e3o Civil a cria\u00e7\u00e3o de uma equipa de interven\u00e7\u00e3o noturna para responder \u00e0 &#8220;problem\u00e1tica&#8221; dos fogos que deflagram durante a noite.<br><\/p>\n\n\n\n<p>&#8220;Este problema deve merecer aten\u00e7\u00e3o especial. Desde 2014 que o maior n\u00famero de igni\u00e7\u00f5es ocorre \u00e0 noite. Esse cen\u00e1rio s\u00f3 n\u00e3o aconteceu no ano de 2019. Temos de ponderar e exigir que o distrito de Viana do Castelo disponha de uma equipa terrestre de interven\u00e7\u00e3o noturna &#8220;, especificou Miguel Alves.<\/p>\n","protected":false},"excerpt":{"rendered":"<p>O primeiro Comandante Operacional Distrital (CODIS) de Viana do Castelo, Marco Domingues, disse hoje que a regi\u00e3o contar\u00e1 na fase cr\u00edtica dos inc\u00eandios florestais com cerca de meio milhar de operacionais, distribu\u00eddos por 111 equipas. O respons\u00e1vel, que falava durante a apresenta\u00e7\u00e3o do Plano Operacional Distrital no \u00e2mbito do Dispositivo Especial de Combate a Inc\u00eandios [&hellip;]<\/p>\n","protected":false},"author":16,"featured_media":46274,"comment_status":"closed","ping_status":"closed","sticky":false,"template":"","format":"standard","meta":{"_exactmetrics_skip_tracking":false,"_exactmetrics_sitenote_active":false,"_exactmetrics_sitenote_note":"","_exactmetrics_sitenote_category":0,"footnotes":""},"categories":[73],"tags":[27],"class_list":["post-46273","post","type-post","status-publish","format-standard","has-post-thumbnail","hentry","category-alto-minho","tag-sociedade"],"yoast_head":"<!-- This site is optimized with the Yoast SEO Premium plugin v27.4 (Yoast SEO v27.4) - https:\/\/yoast.com\/product\/yoast-seo-premium-wordpress\/ -->\n<title>Alto Minho com perto de meio milhar de operacionais na fase cr\u00edtica de fogos<\/title>\n<meta name=\"robots\" content=\"index, follow, max-snippet:-1, max-image-preview:large, max-video-preview:-1\" \/>\n<link rel=\"canonical\" href=\"https:\/\/www.altominho.tv\/site\/2020\/05\/14\/alto-minho-com-perto-de-meio-milhar-de-operacionais-na-fase-critica-de-fogos\/\" \/>\n<meta property=\"og:locale\" content=\"pt_PT\" \/>\n<meta property=\"og:type\" content=\"article\" \/>\n<meta property=\"og:title\" content=\"Alto Minho com perto de meio milhar de operacionais na fase cr\u00edtica de fogos\" \/>\n<meta property=\"og:description\" content=\"O primeiro Comandante Operacional Distrital (CODIS) de Viana do Castelo, Marco Domingues, disse hoje que a regi\u00e3o contar\u00e1 na fase cr\u00edtica dos inc\u00eandios florestais com cerca de meio milhar de operacionais, distribu\u00eddos por 111 equipas. O respons\u00e1vel, que falava durante a apresenta\u00e7\u00e3o do Plano Operacional Distrital no \u00e2mbito do Dispositivo Especial de Combate a Inc\u00eandios [&hellip;]\" \/>\n<meta property=\"og:url\" content=\"https:\/\/www.altominho.tv\/site\/2020\/05\/14\/alto-minho-com-perto-de-meio-milhar-de-operacionais-na-fase-critica-de-fogos\/\" \/>\n<meta property=\"og:site_name\" content=\"Altominho.tv\" \/>\n<meta property=\"article:publisher\" content=\"https:\/\/www.facebook.com\/altominhotv\" \/>\n<meta property=\"article:published_time\" content=\"2020-05-14T15:23:42+00:00\" \/>\n<meta property=\"article:modified_time\" content=\"2020-05-14T15:23:48+00:00\" \/>\n<meta property=\"og:image\" content=\"https:\/\/www.altominho.tv\/site\/wp-content\/uploads\/2020\/05\/incendios.jpg\" \/>\n\t<meta property=\"og:image:width\" content=\"800\" \/>\n\t<meta property=\"og:image:height\" content=\"450\" \/>\n\t<meta property=\"og:image:type\" content=\"image\/jpeg\" \/>\n<meta name=\"author\" content=\"Andreia Cunha | Lusa\" \/>\n<meta name=\"twitter:card\" content=\"summary_large_image\" \/>\n<meta name=\"twitter:creator\" content=\"@altominhoTV\" \/>\n<meta name=\"twitter:site\" content=\"@altominhoTV\" \/>\n<meta name=\"twitter:label1\" content=\"Escrito por\" \/>\n\t<meta name=\"twitter:data1\" content=\"Andreia Cunha | Lusa\" \/>\n\t<meta name=\"twitter:label2\" content=\"Tempo estimado de leitura\" \/>\n\t<meta name=\"twitter:data2\" content=\"3 minutos\" \/>\n<script type=\"application\/ld+json\" class=\"yoast-schema-graph\">{\"@context\":\"https:\\\/\\\/schema.org\",\"@graph\":[{\"@type\":\"Article\",\"@id\":\"https:\\\/\\\/www.altominho.tv\\\/site\\\/2020\\\/05\\\/14\\\/alto-minho-com-perto-de-meio-milhar-de-operacionais-na-fase-critica-de-fogos\\\/#article\",\"isPartOf\":{\"@id\":\"https:\\\/\\\/www.altominho.tv\\\/site\\\/2020\\\/05\\\/14\\\/alto-minho-com-perto-de-meio-milhar-de-operacionais-na-fase-critica-de-fogos\\\/\"},\"author\":{\"name\":\"Andreia Cunha | Lusa\",\"@id\":\"https:\\\/\\\/www.altominho.tv\\\/site\\\/#\\\/schema\\\/person\\\/dbaf181c01b51ff40c9f461a905d321e\"},\"headline\":\"Alto Minho com perto de meio milhar de operacionais na fase cr\u00edtica de fogos\",\"datePublished\":\"2020-05-14T15:23:42+00:00\",\"dateModified\":\"2020-05-14T15:23:48+00:00\",\"mainEntityOfPage\":{\"@id\":\"https:\\\/\\\/www.altominho.tv\\\/site\\\/2020\\\/05\\\/14\\\/alto-minho-com-perto-de-meio-milhar-de-operacionais-na-fase-critica-de-fogos\\\/\"},\"wordCount\":686,\"image\":{\"@id\":\"https:\\\/\\\/www.altominho.tv\\\/site\\\/2020\\\/05\\\/14\\\/alto-minho-com-perto-de-meio-milhar-de-operacionais-na-fase-critica-de-fogos\\\/#primaryimage\"},\"thumbnailUrl\":\"https:\\\/\\\/www.altominho.tv\\\/site\\\/wp-content\\\/uploads\\\/2020\\\/05\\\/incendios.jpg\",\"keywords\":[\"Sociedade\"],\"articleSection\":[\"Alto Minho\"],\"inLanguage\":\"pt-PT\",\"copyrightYear\":\"2020\",\"copyrightHolder\":{\"@id\":\"https:\\\/\\\/www.altominho.tv\\\/site\\\/#organization\"}},{\"@type\":\"WebPage\",\"@id\":\"https:\\\/\\\/www.altominho.tv\\\/site\\\/2020\\\/05\\\/14\\\/alto-minho-com-perto-de-meio-milhar-de-operacionais-na-fase-critica-de-fogos\\\/\",\"url\":\"https:\\\/\\\/www.altominho.tv\\\/site\\\/2020\\\/05\\\/14\\\/alto-minho-com-perto-de-meio-milhar-de-operacionais-na-fase-critica-de-fogos\\\/\",\"name\":\"Alto Minho com perto de meio milhar de operacionais na fase cr\u00edtica de fogos\",\"isPartOf\":{\"@id\":\"https:\\\/\\\/www.altominho.tv\\\/site\\\/#website\"},\"primaryImageOfPage\":{\"@id\":\"https:\\\/\\\/www.altominho.tv\\\/site\\\/2020\\\/05\\\/14\\\/alto-minho-com-perto-de-meio-milhar-de-operacionais-na-fase-critica-de-fogos\\\/#primaryimage\"},\"image\":{\"@id\":\"https:\\\/\\\/www.altominho.tv\\\/site\\\/2020\\\/05\\\/14\\\/alto-minho-com-perto-de-meio-milhar-de-operacionais-na-fase-critica-de-fogos\\\/#primaryimage\"},\"thumbnailUrl\":\"https:\\\/\\\/www.altominho.tv\\\/site\\\/wp-content\\\/uploads\\\/2020\\\/05\\\/incendios.jpg\",\"datePublished\":\"2020-05-14T15:23:42+00:00\",\"dateModified\":\"2020-05-14T15:23:48+00:00\",\"author\":{\"@id\":\"https:\\\/\\\/www.altominho.tv\\\/site\\\/#\\\/schema\\\/person\\\/dbaf181c01b51ff40c9f461a905d321e\"},\"breadcrumb\":{\"@id\":\"https:\\\/\\\/www.altominho.tv\\\/site\\\/2020\\\/05\\\/14\\\/alto-minho-com-perto-de-meio-milhar-de-operacionais-na-fase-critica-de-fogos\\\/#breadcrumb\"},\"inLanguage\":\"pt-PT\",\"potentialAction\":[{\"@type\":\"ReadAction\",\"target\":[\"https:\\\/\\\/www.altominho.tv\\\/site\\\/2020\\\/05\\\/14\\\/alto-minho-com-perto-de-meio-milhar-de-operacionais-na-fase-critica-de-fogos\\\/\"]}]},{\"@type\":\"ImageObject\",\"inLanguage\":\"pt-PT\",\"@id\":\"https:\\\/\\\/www.altominho.tv\\\/site\\\/2020\\\/05\\\/14\\\/alto-minho-com-perto-de-meio-milhar-de-operacionais-na-fase-critica-de-fogos\\\/#primaryimage\",\"url\":\"https:\\\/\\\/www.altominho.tv\\\/site\\\/wp-content\\\/uploads\\\/2020\\\/05\\\/incendios.jpg\",\"contentUrl\":\"https:\\\/\\\/www.altominho.tv\\\/site\\\/wp-content\\\/uploads\\\/2020\\\/05\\\/incendios.jpg\",\"width\":800,\"height\":450},{\"@type\":\"BreadcrumbList\",\"@id\":\"https:\\\/\\\/www.altominho.tv\\\/site\\\/2020\\\/05\\\/14\\\/alto-minho-com-perto-de-meio-milhar-de-operacionais-na-fase-critica-de-fogos\\\/#breadcrumb\",\"itemListElement\":[{\"@type\":\"ListItem\",\"position\":1,\"name\":\"In\u00edcio\",\"item\":\"https:\\\/\\\/www.altominho.tv\\\/site\\\/\"},{\"@type\":\"ListItem\",\"position\":2,\"name\":\"Alto Minho com perto de meio milhar de operacionais na fase cr\u00edtica de fogos\"}]},{\"@type\":\"WebSite\",\"@id\":\"https:\\\/\\\/www.altominho.tv\\\/site\\\/#website\",\"url\":\"https:\\\/\\\/www.altominho.tv\\\/site\\\/\",\"name\":\"Altominho.tv\",\"description\":\"A sua regi\u00e3o \u00e0 dist\u00e2ncia de um clique...\",\"potentialAction\":[{\"@type\":\"SearchAction\",\"target\":{\"@type\":\"EntryPoint\",\"urlTemplate\":\"https:\\\/\\\/www.altominho.tv\\\/site\\\/?s={search_term_string}\"},\"query-input\":{\"@type\":\"PropertyValueSpecification\",\"valueRequired\":true,\"valueName\":\"search_term_string\"}}],\"inLanguage\":\"pt-PT\"},{\"@type\":\"Person\",\"@id\":\"https:\\\/\\\/www.altominho.tv\\\/site\\\/#\\\/schema\\\/person\\\/dbaf181c01b51ff40c9f461a905d321e\",\"name\":\"Andreia Cunha | Lusa\",\"image\":{\"@type\":\"ImageObject\",\"inLanguage\":\"pt-PT\",\"@id\":\"https:\\\/\\\/www.altominho.tv\\\/site\\\/wp-content\\\/uploads\\\/2017\\\/11\\\/Andreia_Cunha-1-150x150.jpg\",\"url\":\"https:\\\/\\\/www.altominho.tv\\\/site\\\/wp-content\\\/uploads\\\/2017\\\/11\\\/Andreia_Cunha-1-150x150.jpg\",\"contentUrl\":\"https:\\\/\\\/www.altominho.tv\\\/site\\\/wp-content\\\/uploads\\\/2017\\\/11\\\/Andreia_Cunha-1-150x150.jpg\",\"caption\":\"Andreia Cunha | Lusa\"},\"sameAs\":[\"https:\\\/\\\/www.altominho.tv\\\/site\"],\"url\":\"https:\\\/\\\/www.altominho.tv\\\/site\\\/author\\\/andreiacunhalusa\\\/\"}]}<\/script>\n<!-- \/ Yoast SEO Premium plugin. -->","yoast_head_json":{"title":"Alto Minho com perto de meio milhar de operacionais na fase cr\u00edtica de fogos","robots":{"index":"index","follow":"follow","max-snippet":"max-snippet:-1","max-image-preview":"max-image-preview:large","max-video-preview":"max-video-preview:-1"},"canonical":"https:\/\/www.altominho.tv\/site\/2020\/05\/14\/alto-minho-com-perto-de-meio-milhar-de-operacionais-na-fase-critica-de-fogos\/","og_locale":"pt_PT","og_type":"article","og_title":"Alto Minho com perto de meio milhar de operacionais na fase cr\u00edtica de fogos","og_description":"O primeiro Comandante Operacional Distrital (CODIS) de Viana do Castelo, Marco Domingues, disse hoje que a regi\u00e3o contar\u00e1 na fase cr\u00edtica dos inc\u00eandios florestais com cerca de meio milhar de operacionais, distribu\u00eddos por 111 equipas. O respons\u00e1vel, que falava durante a apresenta\u00e7\u00e3o do Plano Operacional Distrital no \u00e2mbito do Dispositivo Especial de Combate a Inc\u00eandios [&hellip;]","og_url":"https:\/\/www.altominho.tv\/site\/2020\/05\/14\/alto-minho-com-perto-de-meio-milhar-de-operacionais-na-fase-critica-de-fogos\/","og_site_name":"Altominho.tv","article_publisher":"https:\/\/www.facebook.com\/altominhotv","article_published_time":"2020-05-14T15:23:42+00:00","article_modified_time":"2020-05-14T15:23:48+00:00","og_image":[{"width":800,"height":450,"url":"https:\/\/www.altominho.tv\/site\/wp-content\/uploads\/2020\/05\/incendios.jpg","type":"image\/jpeg"}],"author":"Andreia Cunha | Lusa","twitter_card":"summary_large_image","twitter_creator":"@altominhoTV","twitter_site":"@altominhoTV","twitter_misc":{"Escrito por":"Andreia Cunha | Lusa","Tempo estimado de leitura":"3 minutos"},"schema":{"@context":"https:\/\/schema.org","@graph":[{"@type":"Article","@id":"https:\/\/www.altominho.tv\/site\/2020\/05\/14\/alto-minho-com-perto-de-meio-milhar-de-operacionais-na-fase-critica-de-fogos\/#article","isPartOf":{"@id":"https:\/\/www.altominho.tv\/site\/2020\/05\/14\/alto-minho-com-perto-de-meio-milhar-de-operacionais-na-fase-critica-de-fogos\/"},"author":{"name":"Andreia Cunha | Lusa","@id":"https:\/\/www.altominho.tv\/site\/#\/schema\/person\/dbaf181c01b51ff40c9f461a905d321e"},"headline":"Alto Minho com perto de meio milhar de operacionais na fase cr\u00edtica de fogos","datePublished":"2020-05-14T15:23:42+00:00","dateModified":"2020-05-14T15:23:48+00:00","mainEntityOfPage":{"@id":"https:\/\/www.altominho.tv\/site\/2020\/05\/14\/alto-minho-com-perto-de-meio-milhar-de-operacionais-na-fase-critica-de-fogos\/"},"wordCount":686,"image":{"@id":"https:\/\/www.altominho.tv\/site\/2020\/05\/14\/alto-minho-com-perto-de-meio-milhar-de-operacionais-na-fase-critica-de-fogos\/#primaryimage"},"thumbnailUrl":"https:\/\/www.altominho.tv\/site\/wp-content\/uploads\/2020\/05\/incendios.jpg","keywords":["Sociedade"],"articleSection":["Alto Minho"],"inLanguage":"pt-PT","copyrightYear":"2020","copyrightHolder":{"@id":"https:\/\/www.altominho.tv\/site\/#organization"}},{"@type":"WebPage","@id":"https:\/\/www.altominho.tv\/site\/2020\/05\/14\/alto-minho-com-perto-de-meio-milhar-de-operacionais-na-fase-critica-de-fogos\/","url":"https:\/\/www.altominho.tv\/site\/2020\/05\/14\/alto-minho-com-perto-de-meio-milhar-de-operacionais-na-fase-critica-de-fogos\/","name":"Alto Minho com perto de meio milhar de operacionais na fase cr\u00edtica de fogos","isPartOf":{"@id":"https:\/\/www.altominho.tv\/site\/#website"},"primaryImageOfPage":{"@id":"https:\/\/www.altominho.tv\/site\/2020\/05\/14\/alto-minho-com-perto-de-meio-milhar-de-operacionais-na-fase-critica-de-fogos\/#primaryimage"},"image":{"@id":"https:\/\/www.altominho.tv\/site\/2020\/05\/14\/alto-minho-com-perto-de-meio-milhar-de-operacionais-na-fase-critica-de-fogos\/#primaryimage"},"thumbnailUrl":"https:\/\/www.altominho.tv\/site\/wp-content\/uploads\/2020\/05\/incendios.jpg","datePublished":"2020-05-14T15:23:42+00:00","dateModified":"2020-05-14T15:23:48+00:00","author":{"@id":"https:\/\/www.altominho.tv\/site\/#\/schema\/person\/dbaf181c01b51ff40c9f461a905d321e"},"breadcrumb":{"@id":"https:\/\/www.altominho.tv\/site\/2020\/05\/14\/alto-minho-com-perto-de-meio-milhar-de-operacionais-na-fase-critica-de-fogos\/#breadcrumb"},"inLanguage":"pt-PT","potentialAction":[{"@type":"ReadAction","target":["https:\/\/www.altominho.tv\/site\/2020\/05\/14\/alto-minho-com-perto-de-meio-milhar-de-operacionais-na-fase-critica-de-fogos\/"]}]},{"@type":"ImageObject","inLanguage":"pt-PT","@id":"https:\/\/www.altominho.tv\/site\/2020\/05\/14\/alto-minho-com-perto-de-meio-milhar-de-operacionais-na-fase-critica-de-fogos\/#primaryimage","url":"https:\/\/www.altominho.tv\/site\/wp-content\/uploads\/2020\/05\/incendios.jpg","contentUrl":"https:\/\/www.altominho.tv\/site\/wp-content\/uploads\/2020\/05\/incendios.jpg","width":800,"height":450},{"@type":"BreadcrumbList","@id":"https:\/\/www.altominho.tv\/site\/2020\/05\/14\/alto-minho-com-perto-de-meio-milhar-de-operacionais-na-fase-critica-de-fogos\/#breadcrumb","itemListElement":[{"@type":"ListItem","position":1,"name":"In\u00edcio","item":"https:\/\/www.altominho.tv\/site\/"},{"@type":"ListItem","position":2,"name":"Alto Minho com perto de meio milhar de operacionais na fase cr\u00edtica de fogos"}]},{"@type":"WebSite","@id":"https:\/\/www.altominho.tv\/site\/#website","url":"https:\/\/www.altominho.tv\/site\/","name":"Altominho.tv","description":"A sua regi\u00e3o \u00e0 dist\u00e2ncia de um clique...","potentialAction":[{"@type":"SearchAction","target":{"@type":"EntryPoint","urlTemplate":"https:\/\/www.altominho.tv\/site\/?s={search_term_string}"},"query-input":{"@type":"PropertyValueSpecification","valueRequired":true,"valueName":"search_term_string"}}],"inLanguage":"pt-PT"},{"@type":"Person","@id":"https:\/\/www.altominho.tv\/site\/#\/schema\/person\/dbaf181c01b51ff40c9f461a905d321e","name":"Andreia Cunha | Lusa","image":{"@type":"ImageObject","inLanguage":"pt-PT","@id":"https:\/\/www.altominho.tv\/site\/wp-content\/uploads\/2017\/11\/Andreia_Cunha-1-150x150.jpg","url":"https:\/\/www.altominho.tv\/site\/wp-content\/uploads\/2017\/11\/Andreia_Cunha-1-150x150.jpg","contentUrl":"https:\/\/www.altominho.tv\/site\/wp-content\/uploads\/2017\/11\/Andreia_Cunha-1-150x150.jpg","caption":"Andreia Cunha | Lusa"},"sameAs":["https:\/\/www.altominho.tv\/site"],"url":"https:\/\/www.altominho.tv\/site\/author\/andreiacunhalusa\/"}]}},"_links":{"self":[{"href":"https:\/\/www.altominho.tv\/site\/wp-json\/wp\/v2\/posts\/46273","targetHints":{"allow":["GET"]}}],"collection":[{"href":"https:\/\/www.altominho.tv\/site\/wp-json\/wp\/v2\/posts"}],"about":[{"href":"https:\/\/www.altominho.tv\/site\/wp-json\/wp\/v2\/types\/post"}],"author":[{"embeddable":true,"href":"https:\/\/www.altominho.tv\/site\/wp-json\/wp\/v2\/users\/16"}],"replies":[{"embeddable":true,"href":"https:\/\/www.altominho.tv\/site\/wp-json\/wp\/v2\/comments?post=46273"}],"version-history":[{"count":0,"href":"https:\/\/www.altominho.tv\/site\/wp-json\/wp\/v2\/posts\/46273\/revisions"}],"wp:featuredmedia":[{"embeddable":true,"href":"https:\/\/www.altominho.tv\/site\/wp-json\/wp\/v2\/media\/46274"}],"wp:attachment":[{"href":"https:\/\/www.altominho.tv\/site\/wp-json\/wp\/v2\/media?parent=46273"}],"wp:term":[{"taxonomy":"category","embeddable":true,"href":"https:\/\/www.altominho.tv\/site\/wp-json\/wp\/v2\/categories?post=46273"},{"taxonomy":"post_tag","embeddable":true,"href":"https:\/\/www.altominho.tv\/site\/wp-json\/wp\/v2\/tags?post=46273"}],"curies":[{"name":"wp","href":"https:\/\/api.w.org\/{rel}","templated":true}]}}