{"id":46254,"date":"2020-05-14T14:48:15","date_gmt":"2020-05-14T13:48:15","guid":{"rendered":"http:\/\/www.altominho.tv\/site\/?p=46254"},"modified":"2020-05-14T14:48:19","modified_gmt":"2020-05-14T13:48:19","slug":"deputado-questiona-secretaria-de-estado-sobre-dispositivo-de-combate-a-incendios-em-viana-do-castelo","status":"publish","type":"post","link":"https:\/\/www.altominho.tv\/site\/2020\/05\/14\/deputado-questiona-secretaria-de-estado-sobre-dispositivo-de-combate-a-incendios-em-viana-do-castelo\/","title":{"rendered":"Deputado questiona secret\u00e1ria de Estado sobre dispositivo de combate a inc\u00eandios em Viana do Castelo"},"content":{"rendered":"<p>O deputado do PS Jos\u00e9 Manuel Carpinteira manifestou, esta quarta-feira, \u00e0 Secret\u00e1ria de Estado da Prote\u00e7\u00e3o Civil algumas preocupa\u00e7\u00f5es relativamente ao Dispositivo Especial de Combate a Inc\u00eandios Rurais (DECIR 2020) no distrito de Viana do Castelo, questionando a prevista redu\u00e7\u00e3o de meios a\u00e9reos, assim como a poss\u00edvel diminui\u00e7\u00e3o de meios humanos devido \u00e0 pandemia.<\/p>\n<p>Numa interven\u00e7\u00e3o durante a audi\u00e7\u00e3o da secret\u00e1ria de Estado Patr\u00edcia Gaspar na comiss\u00e3o de Agricultura e Mar, na Assembleia da Rep\u00fablica, o deputado eleito pelo c\u00edrculo de Viana do Castelo come\u00e7ou por manifestar-se confiante em rela\u00e7\u00e3o \u00e0 &#8220;abordagem integrada da preven\u00e7\u00e3o, vigil\u00e2ncia e combate&#8221; dos inc\u00eandios florestais, considerando que o plano de a\u00e7\u00e3o apresentado pela governante aos deputados &#8220;\u00e9 muito importante para reduzir a \u00e1rea ardida&#8221;.<\/p>\n<p>Jos\u00e9 Manuel Carpinteira apontou, contudo, algumas d\u00favidas sobre o dispositivo previsto para o Alto Minho no que respeita \u00e0 &#8220;<strong>redu\u00e7\u00e3o dos meios a\u00e9reos, mediante a substitui\u00e7\u00e3o de dois helic\u00f3pteros ligeiros por um helic\u00f3ptero m\u00e9dio<\/strong>&#8220;.<\/p>\n<p>O deputado socialista justificou a sua apreens\u00e3o considerando que &#8220;esta altera\u00e7\u00e3o pode n\u00e3o ser a mais adequada ao n\u00edvel da efic\u00e1cia, visto que uma das caracter\u00edsticas das ocorr\u00eancias nestes territ\u00f3rios de montanha \u00e9 a de v\u00e1rios fogos em simult\u00e2neo&#8221;.<\/p>\n<p>&#8220;<strong>Se, por um lado, a exist\u00eancia de apenas um helic\u00f3ptero reduz a capacidade de interven\u00e7\u00e3o, por outro, a sua tipologia tamb\u00e9m n\u00e3o ser\u00e1 a mais adequada quando compar\u00e1vel com os helic\u00f3pteros ligeiros, uma vez que exigem mais tempo para o arranque e necessitam de espa\u00e7os maiores para aterrar<\/strong>&#8220;, advertiu.<\/p>\n<p>Jos\u00e9 Manuel Carpinteira chamou ainda a aten\u00e7\u00e3o para o facto de a interven\u00e7\u00e3o dos meios terrestres em zonas montanhosas, como o territ\u00f3rio do Parque Nacional da Peneda-Ger\u00eas, ser &#8220;dificultada pelos acessos e pelo relevo&#8221;, pelo que considera que &#8220;os meios a\u00e9reos ligeiros permitiriam uma melhor resposta aos inc\u00eandios neste territ\u00f3rio&#8221;.<\/p>\n<p>&#8220;<strong>\u00c9 preciso n\u00e3o deixar destruir as nossas \u00c1reas Protegidas. Antes devemos criar uma maior resili\u00eancia do territ\u00f3rio&#8221;, defendeu, alertando que &#8220;esta altera\u00e7\u00e3o poder\u00e1 condicionar a resposta do dispositivo distrital aos inc\u00eandios deste ano no territ\u00f3rio do Alto Minho<\/strong>&#8220;.<\/p>\n<p>Recordando que, no contexto nacional, este distrito \u00e9 o que tem o menor n\u00famero bombeiros volunt\u00e1rios dispon\u00edveis para as muitas ocorr\u00eancias, apesar de um ligeiro acr\u00e9scimo este ano, o deputado alertou que a situa\u00e7\u00e3o pand\u00e9mica da COVID-19 &#8220;poder\u00e1 limitar ainda mais a resposta aos inc\u00eandios florestais&#8221;, dado que este ano &#8220;existe uma grande acumula\u00e7\u00e3o da vegeta\u00e7\u00e3o, o que aumentar\u00e1 o risco&#8221;.<\/p>\n","protected":false},"excerpt":{"rendered":"<p>O deputado do PS Jos\u00e9 Manuel Carpinteira manifestou, esta quarta-feira, \u00e0 Secret\u00e1ria de Estado da Prote\u00e7\u00e3o Civil algumas preocupa\u00e7\u00f5es relativamente ao Dispositivo Especial de Combate a Inc\u00eandios Rurais (DECIR 2020) no distrito de Viana do Castelo, questionando a prevista redu\u00e7\u00e3o de meios a\u00e9reos, assim como a poss\u00edvel diminui\u00e7\u00e3o de meios humanos devido \u00e0 pandemia. Numa [&hellip;]<\/p>\n","protected":false},"author":1,"featured_media":46255,"comment_status":"closed","ping_status":"closed","sticky":false,"template":"","format":"standard","meta":{"_exactmetrics_skip_tracking":false,"_exactmetrics_sitenote_active":false,"_exactmetrics_sitenote_note":"","_exactmetrics_sitenote_category":0,"footnotes":""},"categories":[73],"tags":[27],"class_list":["post-46254","post","type-post","status-publish","format-standard","has-post-thumbnail","hentry","category-alto-minho","tag-sociedade"],"yoast_head":"<!-- This site is optimized with the Yoast SEO Premium plugin v27.4 (Yoast SEO v27.4) - https:\/\/yoast.com\/product\/yoast-seo-premium-wordpress\/ -->\n<title>Deputado questiona secret\u00e1ria de Estado sobre dispositivo de combate a inc\u00eandios em Viana do Castelo<\/title>\n<meta name=\"robots\" content=\"index, follow, max-snippet:-1, max-image-preview:large, max-video-preview:-1\" \/>\n<link rel=\"canonical\" href=\"https:\/\/www.altominho.tv\/site\/2020\/05\/14\/deputado-questiona-secretaria-de-estado-sobre-dispositivo-de-combate-a-incendios-em-viana-do-castelo\/\" \/>\n<meta property=\"og:locale\" content=\"pt_PT\" \/>\n<meta property=\"og:type\" content=\"article\" \/>\n<meta property=\"og:title\" content=\"Deputado questiona secret\u00e1ria de Estado sobre dispositivo de combate a inc\u00eandios em Viana do Castelo\" \/>\n<meta property=\"og:description\" content=\"O deputado do PS Jos\u00e9 Manuel Carpinteira manifestou, esta quarta-feira, \u00e0 Secret\u00e1ria de Estado da Prote\u00e7\u00e3o Civil algumas preocupa\u00e7\u00f5es relativamente ao Dispositivo Especial de Combate a Inc\u00eandios Rurais (DECIR 2020) no distrito de Viana do Castelo, questionando a prevista redu\u00e7\u00e3o de meios a\u00e9reos, assim como a poss\u00edvel diminui\u00e7\u00e3o de meios humanos devido \u00e0 pandemia. Numa [&hellip;]\" \/>\n<meta property=\"og:url\" content=\"https:\/\/www.altominho.tv\/site\/2020\/05\/14\/deputado-questiona-secretaria-de-estado-sobre-dispositivo-de-combate-a-incendios-em-viana-do-castelo\/\" \/>\n<meta property=\"og:site_name\" content=\"Altominho.tv\" \/>\n<meta property=\"article:publisher\" content=\"https:\/\/www.facebook.com\/altominhotv\" \/>\n<meta property=\"article:published_time\" content=\"2020-05-14T13:48:15+00:00\" \/>\n<meta property=\"article:modified_time\" content=\"2020-05-14T13:48:19+00:00\" \/>\n<meta property=\"og:image\" content=\"https:\/\/www.altominho.tv\/site\/wp-content\/uploads\/2020\/05\/Jose\u0301-Manuel-Carpinteira.jpg\" \/>\n\t<meta property=\"og:image:width\" content=\"1260\" \/>\n\t<meta property=\"og:image:height\" content=\"840\" \/>\n\t<meta property=\"og:image:type\" content=\"image\/jpeg\" \/>\n<meta name=\"author\" content=\"Altominho.tv\" \/>\n<meta name=\"twitter:card\" content=\"summary_large_image\" \/>\n<meta name=\"twitter:creator\" content=\"@altominhoTV\" \/>\n<meta name=\"twitter:site\" content=\"@altominhoTV\" \/>\n<meta name=\"twitter:label1\" content=\"Escrito por\" \/>\n\t<meta name=\"twitter:data1\" content=\"Altominho.tv\" \/>\n\t<meta name=\"twitter:label2\" content=\"Tempo estimado de leitura\" \/>\n\t<meta name=\"twitter:data2\" content=\"2 minutos\" \/>\n<script type=\"application\/ld+json\" class=\"yoast-schema-graph\">{\"@context\":\"https:\\\/\\\/schema.org\",\"@graph\":[{\"@type\":\"Article\",\"@id\":\"https:\\\/\\\/www.altominho.tv\\\/site\\\/2020\\\/05\\\/14\\\/deputado-questiona-secretaria-de-estado-sobre-dispositivo-de-combate-a-incendios-em-viana-do-castelo\\\/#article\",\"isPartOf\":{\"@id\":\"https:\\\/\\\/www.altominho.tv\\\/site\\\/2020\\\/05\\\/14\\\/deputado-questiona-secretaria-de-estado-sobre-dispositivo-de-combate-a-incendios-em-viana-do-castelo\\\/\"},\"author\":{\"name\":\"Altominho.tv\",\"@id\":\"https:\\\/\\\/www.altominho.tv\\\/site\\\/#\\\/schema\\\/person\\\/4e536851627d7914baf3dac752b6af22\"},\"headline\":\"Deputado questiona secret\u00e1ria de Estado sobre dispositivo de combate a inc\u00eandios em Viana do Castelo\",\"datePublished\":\"2020-05-14T13:48:15+00:00\",\"dateModified\":\"2020-05-14T13:48:19+00:00\",\"mainEntityOfPage\":{\"@id\":\"https:\\\/\\\/www.altominho.tv\\\/site\\\/2020\\\/05\\\/14\\\/deputado-questiona-secretaria-de-estado-sobre-dispositivo-de-combate-a-incendios-em-viana-do-castelo\\\/\"},\"wordCount\":468,\"image\":{\"@id\":\"https:\\\/\\\/www.altominho.tv\\\/site\\\/2020\\\/05\\\/14\\\/deputado-questiona-secretaria-de-estado-sobre-dispositivo-de-combate-a-incendios-em-viana-do-castelo\\\/#primaryimage\"},\"thumbnailUrl\":\"https:\\\/\\\/www.altominho.tv\\\/site\\\/wp-content\\\/uploads\\\/2020\\\/05\\\/Jose\u0301-Manuel-Carpinteira.jpg\",\"keywords\":[\"Sociedade\"],\"articleSection\":[\"Alto Minho\"],\"inLanguage\":\"pt-PT\",\"copyrightYear\":\"2020\",\"copyrightHolder\":{\"@id\":\"https:\\\/\\\/www.altominho.tv\\\/site\\\/#organization\"}},{\"@type\":\"WebPage\",\"@id\":\"https:\\\/\\\/www.altominho.tv\\\/site\\\/2020\\\/05\\\/14\\\/deputado-questiona-secretaria-de-estado-sobre-dispositivo-de-combate-a-incendios-em-viana-do-castelo\\\/\",\"url\":\"https:\\\/\\\/www.altominho.tv\\\/site\\\/2020\\\/05\\\/14\\\/deputado-questiona-secretaria-de-estado-sobre-dispositivo-de-combate-a-incendios-em-viana-do-castelo\\\/\",\"name\":\"Deputado questiona secret\u00e1ria de Estado sobre dispositivo de combate a inc\u00eandios em Viana do Castelo\",\"isPartOf\":{\"@id\":\"https:\\\/\\\/www.altominho.tv\\\/site\\\/#website\"},\"primaryImageOfPage\":{\"@id\":\"https:\\\/\\\/www.altominho.tv\\\/site\\\/2020\\\/05\\\/14\\\/deputado-questiona-secretaria-de-estado-sobre-dispositivo-de-combate-a-incendios-em-viana-do-castelo\\\/#primaryimage\"},\"image\":{\"@id\":\"https:\\\/\\\/www.altominho.tv\\\/site\\\/2020\\\/05\\\/14\\\/deputado-questiona-secretaria-de-estado-sobre-dispositivo-de-combate-a-incendios-em-viana-do-castelo\\\/#primaryimage\"},\"thumbnailUrl\":\"https:\\\/\\\/www.altominho.tv\\\/site\\\/wp-content\\\/uploads\\\/2020\\\/05\\\/Jose\u0301-Manuel-Carpinteira.jpg\",\"datePublished\":\"2020-05-14T13:48:15+00:00\",\"dateModified\":\"2020-05-14T13:48:19+00:00\",\"author\":{\"@id\":\"https:\\\/\\\/www.altominho.tv\\\/site\\\/#\\\/schema\\\/person\\\/4e536851627d7914baf3dac752b6af22\"},\"breadcrumb\":{\"@id\":\"https:\\\/\\\/www.altominho.tv\\\/site\\\/2020\\\/05\\\/14\\\/deputado-questiona-secretaria-de-estado-sobre-dispositivo-de-combate-a-incendios-em-viana-do-castelo\\\/#breadcrumb\"},\"inLanguage\":\"pt-PT\",\"potentialAction\":[{\"@type\":\"ReadAction\",\"target\":[\"https:\\\/\\\/www.altominho.tv\\\/site\\\/2020\\\/05\\\/14\\\/deputado-questiona-secretaria-de-estado-sobre-dispositivo-de-combate-a-incendios-em-viana-do-castelo\\\/\"]}]},{\"@type\":\"ImageObject\",\"inLanguage\":\"pt-PT\",\"@id\":\"https:\\\/\\\/www.altominho.tv\\\/site\\\/2020\\\/05\\\/14\\\/deputado-questiona-secretaria-de-estado-sobre-dispositivo-de-combate-a-incendios-em-viana-do-castelo\\\/#primaryimage\",\"url\":\"https:\\\/\\\/www.altominho.tv\\\/site\\\/wp-content\\\/uploads\\\/2020\\\/05\\\/Jose\u0301-Manuel-Carpinteira.jpg\",\"contentUrl\":\"https:\\\/\\\/www.altominho.tv\\\/site\\\/wp-content\\\/uploads\\\/2020\\\/05\\\/Jose\u0301-Manuel-Carpinteira.jpg\",\"width\":1260,\"height\":840},{\"@type\":\"BreadcrumbList\",\"@id\":\"https:\\\/\\\/www.altominho.tv\\\/site\\\/2020\\\/05\\\/14\\\/deputado-questiona-secretaria-de-estado-sobre-dispositivo-de-combate-a-incendios-em-viana-do-castelo\\\/#breadcrumb\",\"itemListElement\":[{\"@type\":\"ListItem\",\"position\":1,\"name\":\"In\u00edcio\",\"item\":\"https:\\\/\\\/www.altominho.tv\\\/site\\\/\"},{\"@type\":\"ListItem\",\"position\":2,\"name\":\"Deputado questiona secret\u00e1ria de Estado sobre dispositivo de combate a inc\u00eandios em Viana do Castelo\"}]},{\"@type\":\"WebSite\",\"@id\":\"https:\\\/\\\/www.altominho.tv\\\/site\\\/#website\",\"url\":\"https:\\\/\\\/www.altominho.tv\\\/site\\\/\",\"name\":\"Altominho.tv\",\"description\":\"A sua regi\u00e3o \u00e0 dist\u00e2ncia de um clique...\",\"potentialAction\":[{\"@type\":\"SearchAction\",\"target\":{\"@type\":\"EntryPoint\",\"urlTemplate\":\"https:\\\/\\\/www.altominho.tv\\\/site\\\/?s={search_term_string}\"},\"query-input\":{\"@type\":\"PropertyValueSpecification\",\"valueRequired\":true,\"valueName\":\"search_term_string\"}}],\"inLanguage\":\"pt-PT\"},{\"@type\":\"Person\",\"@id\":\"https:\\\/\\\/www.altominho.tv\\\/site\\\/#\\\/schema\\\/person\\\/4e536851627d7914baf3dac752b6af22\",\"name\":\"Altominho.tv\",\"image\":{\"@type\":\"ImageObject\",\"inLanguage\":\"pt-PT\",\"@id\":\"https:\\\/\\\/www.altominho.tv\\\/site\\\/wp-content\\\/uploads\\\/2019\\\/11\\\/Logo_Avatar_2-150x150.jpg\",\"url\":\"https:\\\/\\\/www.altominho.tv\\\/site\\\/wp-content\\\/uploads\\\/2019\\\/11\\\/Logo_Avatar_2-150x150.jpg\",\"contentUrl\":\"https:\\\/\\\/www.altominho.tv\\\/site\\\/wp-content\\\/uploads\\\/2019\\\/11\\\/Logo_Avatar_2-150x150.jpg\",\"caption\":\"Altominho.tv\"},\"url\":\"https:\\\/\\\/www.altominho.tv\\\/site\\\/author\\\/altominhotv-tecnico\\\/\"}]}<\/script>\n<!-- \/ Yoast SEO Premium plugin. -->","yoast_head_json":{"title":"Deputado questiona secret\u00e1ria de Estado sobre dispositivo de combate a inc\u00eandios em Viana do Castelo","robots":{"index":"index","follow":"follow","max-snippet":"max-snippet:-1","max-image-preview":"max-image-preview:large","max-video-preview":"max-video-preview:-1"},"canonical":"https:\/\/www.altominho.tv\/site\/2020\/05\/14\/deputado-questiona-secretaria-de-estado-sobre-dispositivo-de-combate-a-incendios-em-viana-do-castelo\/","og_locale":"pt_PT","og_type":"article","og_title":"Deputado questiona secret\u00e1ria de Estado sobre dispositivo de combate a inc\u00eandios em Viana do Castelo","og_description":"O deputado do PS Jos\u00e9 Manuel Carpinteira manifestou, esta quarta-feira, \u00e0 Secret\u00e1ria de Estado da Prote\u00e7\u00e3o Civil algumas preocupa\u00e7\u00f5es relativamente ao Dispositivo Especial de Combate a Inc\u00eandios Rurais (DECIR 2020) no distrito de Viana do Castelo, questionando a prevista redu\u00e7\u00e3o de meios a\u00e9reos, assim como a poss\u00edvel diminui\u00e7\u00e3o de meios humanos devido \u00e0 pandemia. Numa [&hellip;]","og_url":"https:\/\/www.altominho.tv\/site\/2020\/05\/14\/deputado-questiona-secretaria-de-estado-sobre-dispositivo-de-combate-a-incendios-em-viana-do-castelo\/","og_site_name":"Altominho.tv","article_publisher":"https:\/\/www.facebook.com\/altominhotv","article_published_time":"2020-05-14T13:48:15+00:00","article_modified_time":"2020-05-14T13:48:19+00:00","og_image":[{"width":1260,"height":840,"url":"https:\/\/www.altominho.tv\/site\/wp-content\/uploads\/2020\/05\/Jose\u0301-Manuel-Carpinteira.jpg","type":"image\/jpeg"}],"author":"Altominho.tv","twitter_card":"summary_large_image","twitter_creator":"@altominhoTV","twitter_site":"@altominhoTV","twitter_misc":{"Escrito por":"Altominho.tv","Tempo estimado de leitura":"2 minutos"},"schema":{"@context":"https:\/\/schema.org","@graph":[{"@type":"Article","@id":"https:\/\/www.altominho.tv\/site\/2020\/05\/14\/deputado-questiona-secretaria-de-estado-sobre-dispositivo-de-combate-a-incendios-em-viana-do-castelo\/#article","isPartOf":{"@id":"https:\/\/www.altominho.tv\/site\/2020\/05\/14\/deputado-questiona-secretaria-de-estado-sobre-dispositivo-de-combate-a-incendios-em-viana-do-castelo\/"},"author":{"name":"Altominho.tv","@id":"https:\/\/www.altominho.tv\/site\/#\/schema\/person\/4e536851627d7914baf3dac752b6af22"},"headline":"Deputado questiona secret\u00e1ria de Estado sobre dispositivo de combate a inc\u00eandios em Viana do Castelo","datePublished":"2020-05-14T13:48:15+00:00","dateModified":"2020-05-14T13:48:19+00:00","mainEntityOfPage":{"@id":"https:\/\/www.altominho.tv\/site\/2020\/05\/14\/deputado-questiona-secretaria-de-estado-sobre-dispositivo-de-combate-a-incendios-em-viana-do-castelo\/"},"wordCount":468,"image":{"@id":"https:\/\/www.altominho.tv\/site\/2020\/05\/14\/deputado-questiona-secretaria-de-estado-sobre-dispositivo-de-combate-a-incendios-em-viana-do-castelo\/#primaryimage"},"thumbnailUrl":"https:\/\/www.altominho.tv\/site\/wp-content\/uploads\/2020\/05\/Jose\u0301-Manuel-Carpinteira.jpg","keywords":["Sociedade"],"articleSection":["Alto Minho"],"inLanguage":"pt-PT","copyrightYear":"2020","copyrightHolder":{"@id":"https:\/\/www.altominho.tv\/site\/#organization"}},{"@type":"WebPage","@id":"https:\/\/www.altominho.tv\/site\/2020\/05\/14\/deputado-questiona-secretaria-de-estado-sobre-dispositivo-de-combate-a-incendios-em-viana-do-castelo\/","url":"https:\/\/www.altominho.tv\/site\/2020\/05\/14\/deputado-questiona-secretaria-de-estado-sobre-dispositivo-de-combate-a-incendios-em-viana-do-castelo\/","name":"Deputado questiona secret\u00e1ria de Estado sobre dispositivo de combate a inc\u00eandios em Viana do Castelo","isPartOf":{"@id":"https:\/\/www.altominho.tv\/site\/#website"},"primaryImageOfPage":{"@id":"https:\/\/www.altominho.tv\/site\/2020\/05\/14\/deputado-questiona-secretaria-de-estado-sobre-dispositivo-de-combate-a-incendios-em-viana-do-castelo\/#primaryimage"},"image":{"@id":"https:\/\/www.altominho.tv\/site\/2020\/05\/14\/deputado-questiona-secretaria-de-estado-sobre-dispositivo-de-combate-a-incendios-em-viana-do-castelo\/#primaryimage"},"thumbnailUrl":"https:\/\/www.altominho.tv\/site\/wp-content\/uploads\/2020\/05\/Jose\u0301-Manuel-Carpinteira.jpg","datePublished":"2020-05-14T13:48:15+00:00","dateModified":"2020-05-14T13:48:19+00:00","author":{"@id":"https:\/\/www.altominho.tv\/site\/#\/schema\/person\/4e536851627d7914baf3dac752b6af22"},"breadcrumb":{"@id":"https:\/\/www.altominho.tv\/site\/2020\/05\/14\/deputado-questiona-secretaria-de-estado-sobre-dispositivo-de-combate-a-incendios-em-viana-do-castelo\/#breadcrumb"},"inLanguage":"pt-PT","potentialAction":[{"@type":"ReadAction","target":["https:\/\/www.altominho.tv\/site\/2020\/05\/14\/deputado-questiona-secretaria-de-estado-sobre-dispositivo-de-combate-a-incendios-em-viana-do-castelo\/"]}]},{"@type":"ImageObject","inLanguage":"pt-PT","@id":"https:\/\/www.altominho.tv\/site\/2020\/05\/14\/deputado-questiona-secretaria-de-estado-sobre-dispositivo-de-combate-a-incendios-em-viana-do-castelo\/#primaryimage","url":"https:\/\/www.altominho.tv\/site\/wp-content\/uploads\/2020\/05\/Jose\u0301-Manuel-Carpinteira.jpg","contentUrl":"https:\/\/www.altominho.tv\/site\/wp-content\/uploads\/2020\/05\/Jose\u0301-Manuel-Carpinteira.jpg","width":1260,"height":840},{"@type":"BreadcrumbList","@id":"https:\/\/www.altominho.tv\/site\/2020\/05\/14\/deputado-questiona-secretaria-de-estado-sobre-dispositivo-de-combate-a-incendios-em-viana-do-castelo\/#breadcrumb","itemListElement":[{"@type":"ListItem","position":1,"name":"In\u00edcio","item":"https:\/\/www.altominho.tv\/site\/"},{"@type":"ListItem","position":2,"name":"Deputado questiona secret\u00e1ria de Estado sobre dispositivo de combate a inc\u00eandios em Viana do Castelo"}]},{"@type":"WebSite","@id":"https:\/\/www.altominho.tv\/site\/#website","url":"https:\/\/www.altominho.tv\/site\/","name":"Altominho.tv","description":"A sua regi\u00e3o \u00e0 dist\u00e2ncia de um clique...","potentialAction":[{"@type":"SearchAction","target":{"@type":"EntryPoint","urlTemplate":"https:\/\/www.altominho.tv\/site\/?s={search_term_string}"},"query-input":{"@type":"PropertyValueSpecification","valueRequired":true,"valueName":"search_term_string"}}],"inLanguage":"pt-PT"},{"@type":"Person","@id":"https:\/\/www.altominho.tv\/site\/#\/schema\/person\/4e536851627d7914baf3dac752b6af22","name":"Altominho.tv","image":{"@type":"ImageObject","inLanguage":"pt-PT","@id":"https:\/\/www.altominho.tv\/site\/wp-content\/uploads\/2019\/11\/Logo_Avatar_2-150x150.jpg","url":"https:\/\/www.altominho.tv\/site\/wp-content\/uploads\/2019\/11\/Logo_Avatar_2-150x150.jpg","contentUrl":"https:\/\/www.altominho.tv\/site\/wp-content\/uploads\/2019\/11\/Logo_Avatar_2-150x150.jpg","caption":"Altominho.tv"},"url":"https:\/\/www.altominho.tv\/site\/author\/altominhotv-tecnico\/"}]}},"_links":{"self":[{"href":"https:\/\/www.altominho.tv\/site\/wp-json\/wp\/v2\/posts\/46254","targetHints":{"allow":["GET"]}}],"collection":[{"href":"https:\/\/www.altominho.tv\/site\/wp-json\/wp\/v2\/posts"}],"about":[{"href":"https:\/\/www.altominho.tv\/site\/wp-json\/wp\/v2\/types\/post"}],"author":[{"embeddable":true,"href":"https:\/\/www.altominho.tv\/site\/wp-json\/wp\/v2\/users\/1"}],"replies":[{"embeddable":true,"href":"https:\/\/www.altominho.tv\/site\/wp-json\/wp\/v2\/comments?post=46254"}],"version-history":[{"count":0,"href":"https:\/\/www.altominho.tv\/site\/wp-json\/wp\/v2\/posts\/46254\/revisions"}],"wp:featuredmedia":[{"embeddable":true,"href":"https:\/\/www.altominho.tv\/site\/wp-json\/wp\/v2\/media\/46255"}],"wp:attachment":[{"href":"https:\/\/www.altominho.tv\/site\/wp-json\/wp\/v2\/media?parent=46254"}],"wp:term":[{"taxonomy":"category","embeddable":true,"href":"https:\/\/www.altominho.tv\/site\/wp-json\/wp\/v2\/categories?post=46254"},{"taxonomy":"post_tag","embeddable":true,"href":"https:\/\/www.altominho.tv\/site\/wp-json\/wp\/v2\/tags?post=46254"}],"curies":[{"name":"wp","href":"https:\/\/api.w.org\/{rel}","templated":true}]}}