{"id":46252,"date":"2020-05-14T14:18:41","date_gmt":"2020-05-14T13:18:41","guid":{"rendered":"http:\/\/www.altominho.tv\/site\/?p=46252"},"modified":"2020-05-14T14:20:55","modified_gmt":"2020-05-14T13:20:55","slug":"manifesto-das-sete-eurocidades-ibericas-pede-livre-circulacao-nas-regioes-de-fronteira-para-reanimar-a-economia","status":"publish","type":"post","link":"https:\/\/www.altominho.tv\/site\/2020\/05\/14\/manifesto-das-sete-eurocidades-ibericas-pede-livre-circulacao-nas-regioes-de-fronteira-para-reanimar-a-economia\/","title":{"rendered":"Manifesto das sete Eurocidades ib\u00e9ricas pede livre circula\u00e7\u00e3o nas regi\u00f5es de fronteira para reanimar a economia"},"content":{"rendered":"<p><strong>Os autarcas das sete Eurocidades ib\u00e9ricas apelaram hoje, atrav\u00e9s de um manifesto conjunto, para a necessidade de restaurar a liberdade de circula\u00e7\u00e3o nestas regi\u00f5es que est\u00e3o a ser afetadas pelo encerramento da fronteira terrestre.<\/strong><\/p>\n<p>O documento, junta a uma s\u00f3 voz os autarcas das sete eurocidades de Portugal e Espanha e pede a \u201c<strong>abertura das fronteiras ou, mais especificamente, decretar a livre circula\u00e7\u00e3o dos cidad\u00e3os das Eurocidades da fronteira luso-espanhola entre os n\u00facleos populacionais que comp\u00f5em cada uma delas<\/strong>\u201d.<\/p>\n<p>As fronteiras terrestres entre <a href=\"\/\/www.altominho.tv\/site\/2020\/05\/13\/fronteiras-terrestres-com-espanha-vao-continuar-fechadas-ate-15-de-junho\/\">Portugal e Espanha v\u00e3o continuar encerradas at\u00e9 \u00e0s 00h00 de 15 de junho<\/a> devido \u00e0 pandemia da doen\u00e7a covid-19, segundo a resolu\u00e7\u00e3o de Conselhos de Ministros publicada em Di\u00e1rio da Rep\u00fablica na quarta-feira.<br \/>\nO controlo das fronteiras terrestres com Espanha e<a href=\"\/\/www.altominho.tv\/site\/2020\/03\/16\/reposicao-das-fronteiras-e-definicao-de-nove-pontos-de-passagem\/\">st\u00e1 a ser feito desde as 23h00 do dia 16 de mar\u00e7o em nove pontos de passagem autorizada<\/a> devido \u00e0 pandemia de covid-19, e terminava \u00e0s 00:00 de quinta-feira este controlo.<\/p>\n<p>O manifesto apela ainda \u00e0 cria\u00e7\u00e3o de um \u201c<strong>protocolo espec\u00edfico<\/strong>\u201d, para a fronteira entre Portugal e Espanha, \u201c<strong>tendo em conta as fases de desconfinamento em que os territ\u00f3rios est\u00e3o imersos, o que proporciona aos cidad\u00e3os, independentemente do seu pa\u00eds de resid\u00eancia, garantias legais similares e a n\u00edvel de controlo da sa\u00fade p\u00fablica<\/strong>\u201d.<\/p>\n<p>As regi\u00f5es ib\u00e9ricas pretendem ainda ter um \u2018status\u2019 de Eurocidade, como forma de \u201cdefinir um protocolo de a\u00e7\u00e3o em situa\u00e7\u00f5es de crise em que a singularidade dessas \u00e1reas de fronteira seja considerada\u201d.<\/p>\n<p>As sete Eurocidades querem tamb\u00e9m promover-se como localidades seguras face \u00e0 pandemia de covid-19.<\/p>\n<p>Segundo o documento, o objetivo \u00e9 \u201c<strong>contemplar um plano para a recupera\u00e7\u00e3o de espa\u00e7os fronteiri\u00e7os com base na proje\u00e7\u00e3o das Eurocidades como aglomera\u00e7\u00f5es urbanas transfronteiri\u00e7as seguras, longe de centros de cont\u00e1gio e que apostam em conjunto na seguran\u00e7a, sa\u00fade e bem-estar em suas ofertas comerciais a n\u00edvel gastron\u00f3mico, cultural, tur\u00edstico e a n\u00edvel de produ\u00e7\u00e3o<\/strong>\u201d.<\/p>\n<p>O manifesto explica ainda a inten\u00e7\u00e3o de \u201csolicitar meios de financiamento \u00e0 Uni\u00e3o Europeia e aos seus Estados\u201d para \u201caliviar o impacto econ\u00f3mico produzido pela crise da covid-19 de forma a ser poss\u00edvel apoiar os agentes locais e econ\u00f3micos das Eurocidades\u201d.<\/p>\n<p>O texto conjunto resulta da realiza\u00e7\u00e3o de f\u00f3rum \u2018online\u2019 convocado e organizado pelo Agrupamento Europeu de Coopera\u00e7\u00e3o Territorial (AECT) Eurocidade Chaves-Ver\u00edn, que decorreu em 05 de maio.<\/p>\n<p>Neste f\u00f3rum participaram os presidentes das sete Eurocidades Ib\u00e9ricas: Eurocidade Cerveira-Tomi\u00f1o, Eurocidade Tui-Valen\u00e7a, Eurocidade Salvaterra-Mon\u00e7\u00e3o, Eurocidade Chaves-Verin, AECT, Eurocidade Elvas-Badajoz, Eurocidade Ciudad Rodrigo-Fuentes de O\u00f1oro-Almeida-Vilar Formoso e Eurocidade do Guadiana, AECT (Vila Real Sto. Antonio-Castro Marim-Ayamonte), que subscrevem tamb\u00e9m agora o manifesto.<\/p>\n<p>O documento lembra ainda a liga\u00e7\u00e3o entre Portugal e Espanha, ainda anterior \u00e0 forma\u00e7\u00e3o das Eurocidades, onde existem \u201c<strong>espa\u00e7os comerciais, econ\u00f3micos, sociais, familiares e de lazer partilhados que permitiram a constru\u00e7\u00e3o de acordos entre entidades locais nos dois lados da raia<\/strong>\u201d.<\/p>\n<p>\u201cEm concreto, em todas as Eurocidades da fronteira luso-espanhola, independentemente dos diferentes ritmos de concretiza\u00e7\u00e3o institucional, os cidad\u00e3os possuem rela\u00e7\u00f5es sociais s\u00f3lidas e la\u00e7os hist\u00f3ricos que teceram os alicerces da coopera\u00e7\u00e3o neste territ\u00f3rio&#8221;.<\/p>\n<p>&#8220;A cultura do contrabando, quest\u00e3o importante, tamb\u00e9m foi, em tempos de escassez, uma forma de vida comum a toda a Raia Ib\u00e9rica que, por d\u00e9cadas, significou a revitaliza\u00e7\u00e3o das economias a n\u00edvel local pois desenvolveram-se as rela\u00e7\u00f5es transfronteiri\u00e7as, consideradas como bases de todos estes avan\u00e7os institucionais\u201d, vinca o manifesto.<\/p>\n","protected":false},"excerpt":{"rendered":"<p>Os autarcas das sete Eurocidades ib\u00e9ricas apelaram hoje, atrav\u00e9s de um manifesto conjunto, para a necessidade de restaurar a liberdade de circula\u00e7\u00e3o nestas regi\u00f5es que est\u00e3o a ser afetadas pelo encerramento da fronteira terrestre. O documento, junta a uma s\u00f3 voz os autarcas das sete eurocidades de Portugal e Espanha e pede a \u201cabertura das [&hellip;]<\/p>\n","protected":false},"author":13,"featured_media":45715,"comment_status":"closed","ping_status":"closed","sticky":false,"template":"","format":"standard","meta":{"_exactmetrics_skip_tracking":false,"_exactmetrics_sitenote_active":false,"_exactmetrics_sitenote_note":"","_exactmetrics_sitenote_category":0,"footnotes":""},"categories":[73],"tags":[21,27],"class_list":["post-46252","post","type-post","status-publish","format-standard","has-post-thumbnail","hentry","category-alto-minho","tag-economia","tag-sociedade"],"yoast_head":"<!-- This site is optimized with the Yoast SEO Premium plugin v27.4 (Yoast SEO v27.4) - https:\/\/yoast.com\/product\/yoast-seo-premium-wordpress\/ -->\n<title>Manifesto das sete Eurocidades ib\u00e9ricas pede livre circula\u00e7\u00e3o nas regi\u00f5es de fronteira para reanimar a economia<\/title>\n<meta name=\"robots\" content=\"index, follow, max-snippet:-1, max-image-preview:large, max-video-preview:-1\" \/>\n<link rel=\"canonical\" href=\"https:\/\/www.altominho.tv\/site\/2020\/05\/14\/manifesto-das-sete-eurocidades-ibericas-pede-livre-circulacao-nas-regioes-de-fronteira-para-reanimar-a-economia\/\" \/>\n<meta property=\"og:locale\" content=\"pt_PT\" \/>\n<meta property=\"og:type\" content=\"article\" \/>\n<meta property=\"og:title\" content=\"Manifesto das sete Eurocidades ib\u00e9ricas pede livre circula\u00e7\u00e3o nas regi\u00f5es de fronteira para reanimar a economia\" \/>\n<meta property=\"og:description\" content=\"Os autarcas das sete Eurocidades ib\u00e9ricas apelaram hoje, atrav\u00e9s de um manifesto conjunto, para a necessidade de restaurar a liberdade de circula\u00e7\u00e3o nestas regi\u00f5es que est\u00e3o a ser afetadas pelo encerramento da fronteira terrestre. O documento, junta a uma s\u00f3 voz os autarcas das sete eurocidades de Portugal e Espanha e pede a \u201cabertura das [&hellip;]\" \/>\n<meta property=\"og:url\" content=\"https:\/\/www.altominho.tv\/site\/2020\/05\/14\/manifesto-das-sete-eurocidades-ibericas-pede-livre-circulacao-nas-regioes-de-fronteira-para-reanimar-a-economia\/\" \/>\n<meta property=\"og:site_name\" content=\"Altominho.tv\" \/>\n<meta property=\"article:publisher\" content=\"https:\/\/www.facebook.com\/altominhotv\" \/>\n<meta property=\"article:published_time\" content=\"2020-05-14T13:18:41+00:00\" \/>\n<meta property=\"article:modified_time\" content=\"2020-05-14T13:20:55+00:00\" \/>\n<meta property=\"og:image\" content=\"https:\/\/www.altominho.tv\/site\/wp-content\/uploads\/2020\/05\/Fronteira_Valenc\u0327a.jpg\" \/>\n\t<meta property=\"og:image:width\" content=\"1800\" \/>\n\t<meta property=\"og:image:height\" content=\"1014\" \/>\n\t<meta property=\"og:image:type\" content=\"image\/jpeg\" \/>\n<meta name=\"author\" content=\"Lusa\" \/>\n<meta name=\"twitter:card\" content=\"summary_large_image\" \/>\n<meta name=\"twitter:creator\" content=\"@altominhoTV\" \/>\n<meta name=\"twitter:site\" content=\"@altominhoTV\" \/>\n<meta name=\"twitter:label1\" content=\"Escrito por\" \/>\n\t<meta name=\"twitter:data1\" content=\"Lusa\" \/>\n\t<meta name=\"twitter:label2\" content=\"Tempo estimado de leitura\" \/>\n\t<meta name=\"twitter:data2\" content=\"3 minutos\" \/>\n<script type=\"application\/ld+json\" class=\"yoast-schema-graph\">{\"@context\":\"https:\\\/\\\/schema.org\",\"@graph\":[{\"@type\":\"Article\",\"@id\":\"https:\\\/\\\/www.altominho.tv\\\/site\\\/2020\\\/05\\\/14\\\/manifesto-das-sete-eurocidades-ibericas-pede-livre-circulacao-nas-regioes-de-fronteira-para-reanimar-a-economia\\\/#article\",\"isPartOf\":{\"@id\":\"https:\\\/\\\/www.altominho.tv\\\/site\\\/2020\\\/05\\\/14\\\/manifesto-das-sete-eurocidades-ibericas-pede-livre-circulacao-nas-regioes-de-fronteira-para-reanimar-a-economia\\\/\"},\"author\":{\"name\":\"Lusa\",\"@id\":\"https:\\\/\\\/www.altominho.tv\\\/site\\\/#\\\/schema\\\/person\\\/63f693da3e1899361cbe955c46f3232e\"},\"headline\":\"Manifesto das sete Eurocidades ib\u00e9ricas pede livre circula\u00e7\u00e3o nas regi\u00f5es de fronteira para reanimar a economia\",\"datePublished\":\"2020-05-14T13:18:41+00:00\",\"dateModified\":\"2020-05-14T13:20:55+00:00\",\"mainEntityOfPage\":{\"@id\":\"https:\\\/\\\/www.altominho.tv\\\/site\\\/2020\\\/05\\\/14\\\/manifesto-das-sete-eurocidades-ibericas-pede-livre-circulacao-nas-regioes-de-fronteira-para-reanimar-a-economia\\\/\"},\"wordCount\":630,\"image\":{\"@id\":\"https:\\\/\\\/www.altominho.tv\\\/site\\\/2020\\\/05\\\/14\\\/manifesto-das-sete-eurocidades-ibericas-pede-livre-circulacao-nas-regioes-de-fronteira-para-reanimar-a-economia\\\/#primaryimage\"},\"thumbnailUrl\":\"https:\\\/\\\/www.altominho.tv\\\/site\\\/wp-content\\\/uploads\\\/2020\\\/05\\\/Fronteira_Valenc\u0327a.jpg\",\"keywords\":[\"Economia\",\"Sociedade\"],\"articleSection\":[\"Alto Minho\"],\"inLanguage\":\"pt-PT\",\"copyrightYear\":\"2020\",\"copyrightHolder\":{\"@id\":\"https:\\\/\\\/www.altominho.tv\\\/site\\\/#organization\"}},{\"@type\":\"WebPage\",\"@id\":\"https:\\\/\\\/www.altominho.tv\\\/site\\\/2020\\\/05\\\/14\\\/manifesto-das-sete-eurocidades-ibericas-pede-livre-circulacao-nas-regioes-de-fronteira-para-reanimar-a-economia\\\/\",\"url\":\"https:\\\/\\\/www.altominho.tv\\\/site\\\/2020\\\/05\\\/14\\\/manifesto-das-sete-eurocidades-ibericas-pede-livre-circulacao-nas-regioes-de-fronteira-para-reanimar-a-economia\\\/\",\"name\":\"Manifesto das sete Eurocidades ib\u00e9ricas pede livre circula\u00e7\u00e3o nas regi\u00f5es de fronteira para reanimar a economia\",\"isPartOf\":{\"@id\":\"https:\\\/\\\/www.altominho.tv\\\/site\\\/#website\"},\"primaryImageOfPage\":{\"@id\":\"https:\\\/\\\/www.altominho.tv\\\/site\\\/2020\\\/05\\\/14\\\/manifesto-das-sete-eurocidades-ibericas-pede-livre-circulacao-nas-regioes-de-fronteira-para-reanimar-a-economia\\\/#primaryimage\"},\"image\":{\"@id\":\"https:\\\/\\\/www.altominho.tv\\\/site\\\/2020\\\/05\\\/14\\\/manifesto-das-sete-eurocidades-ibericas-pede-livre-circulacao-nas-regioes-de-fronteira-para-reanimar-a-economia\\\/#primaryimage\"},\"thumbnailUrl\":\"https:\\\/\\\/www.altominho.tv\\\/site\\\/wp-content\\\/uploads\\\/2020\\\/05\\\/Fronteira_Valenc\u0327a.jpg\",\"datePublished\":\"2020-05-14T13:18:41+00:00\",\"dateModified\":\"2020-05-14T13:20:55+00:00\",\"author\":{\"@id\":\"https:\\\/\\\/www.altominho.tv\\\/site\\\/#\\\/schema\\\/person\\\/63f693da3e1899361cbe955c46f3232e\"},\"breadcrumb\":{\"@id\":\"https:\\\/\\\/www.altominho.tv\\\/site\\\/2020\\\/05\\\/14\\\/manifesto-das-sete-eurocidades-ibericas-pede-livre-circulacao-nas-regioes-de-fronteira-para-reanimar-a-economia\\\/#breadcrumb\"},\"inLanguage\":\"pt-PT\",\"potentialAction\":[{\"@type\":\"ReadAction\",\"target\":[\"https:\\\/\\\/www.altominho.tv\\\/site\\\/2020\\\/05\\\/14\\\/manifesto-das-sete-eurocidades-ibericas-pede-livre-circulacao-nas-regioes-de-fronteira-para-reanimar-a-economia\\\/\"]}]},{\"@type\":\"ImageObject\",\"inLanguage\":\"pt-PT\",\"@id\":\"https:\\\/\\\/www.altominho.tv\\\/site\\\/2020\\\/05\\\/14\\\/manifesto-das-sete-eurocidades-ibericas-pede-livre-circulacao-nas-regioes-de-fronteira-para-reanimar-a-economia\\\/#primaryimage\",\"url\":\"https:\\\/\\\/www.altominho.tv\\\/site\\\/wp-content\\\/uploads\\\/2020\\\/05\\\/Fronteira_Valenc\u0327a.jpg\",\"contentUrl\":\"https:\\\/\\\/www.altominho.tv\\\/site\\\/wp-content\\\/uploads\\\/2020\\\/05\\\/Fronteira_Valenc\u0327a.jpg\",\"width\":1800,\"height\":1014},{\"@type\":\"BreadcrumbList\",\"@id\":\"https:\\\/\\\/www.altominho.tv\\\/site\\\/2020\\\/05\\\/14\\\/manifesto-das-sete-eurocidades-ibericas-pede-livre-circulacao-nas-regioes-de-fronteira-para-reanimar-a-economia\\\/#breadcrumb\",\"itemListElement\":[{\"@type\":\"ListItem\",\"position\":1,\"name\":\"In\u00edcio\",\"item\":\"https:\\\/\\\/www.altominho.tv\\\/site\\\/\"},{\"@type\":\"ListItem\",\"position\":2,\"name\":\"Manifesto das sete Eurocidades ib\u00e9ricas pede livre circula\u00e7\u00e3o nas regi\u00f5es de fronteira para reanimar a economia\"}]},{\"@type\":\"WebSite\",\"@id\":\"https:\\\/\\\/www.altominho.tv\\\/site\\\/#website\",\"url\":\"https:\\\/\\\/www.altominho.tv\\\/site\\\/\",\"name\":\"Altominho.tv\",\"description\":\"A sua regi\u00e3o \u00e0 dist\u00e2ncia de um clique...\",\"potentialAction\":[{\"@type\":\"SearchAction\",\"target\":{\"@type\":\"EntryPoint\",\"urlTemplate\":\"https:\\\/\\\/www.altominho.tv\\\/site\\\/?s={search_term_string}\"},\"query-input\":{\"@type\":\"PropertyValueSpecification\",\"valueRequired\":true,\"valueName\":\"search_term_string\"}}],\"inLanguage\":\"pt-PT\"},{\"@type\":\"Person\",\"@id\":\"https:\\\/\\\/www.altominho.tv\\\/site\\\/#\\\/schema\\\/person\\\/63f693da3e1899361cbe955c46f3232e\",\"name\":\"Lusa\",\"image\":{\"@type\":\"ImageObject\",\"inLanguage\":\"pt-PT\",\"@id\":\"https:\\\/\\\/www.altominho.tv\\\/site\\\/wp-content\\\/uploads\\\/2019\\\/08\\\/LUSA_Logo.gif\",\"url\":\"https:\\\/\\\/www.altominho.tv\\\/site\\\/wp-content\\\/uploads\\\/2019\\\/08\\\/LUSA_Logo.gif\",\"contentUrl\":\"https:\\\/\\\/www.altominho.tv\\\/site\\\/wp-content\\\/uploads\\\/2019\\\/08\\\/LUSA_Logo.gif\",\"caption\":\"Lusa\"},\"sameAs\":[\"http:\\\/\\\/\\\/\\\/www.altominho.tv\\\/site\"],\"url\":\"https:\\\/\\\/www.altominho.tv\\\/site\\\/author\\\/lusa\\\/\"}]}<\/script>\n<!-- \/ Yoast SEO Premium plugin. -->","yoast_head_json":{"title":"Manifesto das sete Eurocidades ib\u00e9ricas pede livre circula\u00e7\u00e3o nas regi\u00f5es de fronteira para reanimar a economia","robots":{"index":"index","follow":"follow","max-snippet":"max-snippet:-1","max-image-preview":"max-image-preview:large","max-video-preview":"max-video-preview:-1"},"canonical":"https:\/\/www.altominho.tv\/site\/2020\/05\/14\/manifesto-das-sete-eurocidades-ibericas-pede-livre-circulacao-nas-regioes-de-fronteira-para-reanimar-a-economia\/","og_locale":"pt_PT","og_type":"article","og_title":"Manifesto das sete Eurocidades ib\u00e9ricas pede livre circula\u00e7\u00e3o nas regi\u00f5es de fronteira para reanimar a economia","og_description":"Os autarcas das sete Eurocidades ib\u00e9ricas apelaram hoje, atrav\u00e9s de um manifesto conjunto, para a necessidade de restaurar a liberdade de circula\u00e7\u00e3o nestas regi\u00f5es que est\u00e3o a ser afetadas pelo encerramento da fronteira terrestre. O documento, junta a uma s\u00f3 voz os autarcas das sete eurocidades de Portugal e Espanha e pede a \u201cabertura das [&hellip;]","og_url":"https:\/\/www.altominho.tv\/site\/2020\/05\/14\/manifesto-das-sete-eurocidades-ibericas-pede-livre-circulacao-nas-regioes-de-fronteira-para-reanimar-a-economia\/","og_site_name":"Altominho.tv","article_publisher":"https:\/\/www.facebook.com\/altominhotv","article_published_time":"2020-05-14T13:18:41+00:00","article_modified_time":"2020-05-14T13:20:55+00:00","og_image":[{"width":1800,"height":1014,"url":"https:\/\/www.altominho.tv\/site\/wp-content\/uploads\/2020\/05\/Fronteira_Valenc\u0327a.jpg","type":"image\/jpeg"}],"author":"Lusa","twitter_card":"summary_large_image","twitter_creator":"@altominhoTV","twitter_site":"@altominhoTV","twitter_misc":{"Escrito por":"Lusa","Tempo estimado de leitura":"3 minutos"},"schema":{"@context":"https:\/\/schema.org","@graph":[{"@type":"Article","@id":"https:\/\/www.altominho.tv\/site\/2020\/05\/14\/manifesto-das-sete-eurocidades-ibericas-pede-livre-circulacao-nas-regioes-de-fronteira-para-reanimar-a-economia\/#article","isPartOf":{"@id":"https:\/\/www.altominho.tv\/site\/2020\/05\/14\/manifesto-das-sete-eurocidades-ibericas-pede-livre-circulacao-nas-regioes-de-fronteira-para-reanimar-a-economia\/"},"author":{"name":"Lusa","@id":"https:\/\/www.altominho.tv\/site\/#\/schema\/person\/63f693da3e1899361cbe955c46f3232e"},"headline":"Manifesto das sete Eurocidades ib\u00e9ricas pede livre circula\u00e7\u00e3o nas regi\u00f5es de fronteira para reanimar a economia","datePublished":"2020-05-14T13:18:41+00:00","dateModified":"2020-05-14T13:20:55+00:00","mainEntityOfPage":{"@id":"https:\/\/www.altominho.tv\/site\/2020\/05\/14\/manifesto-das-sete-eurocidades-ibericas-pede-livre-circulacao-nas-regioes-de-fronteira-para-reanimar-a-economia\/"},"wordCount":630,"image":{"@id":"https:\/\/www.altominho.tv\/site\/2020\/05\/14\/manifesto-das-sete-eurocidades-ibericas-pede-livre-circulacao-nas-regioes-de-fronteira-para-reanimar-a-economia\/#primaryimage"},"thumbnailUrl":"https:\/\/www.altominho.tv\/site\/wp-content\/uploads\/2020\/05\/Fronteira_Valenc\u0327a.jpg","keywords":["Economia","Sociedade"],"articleSection":["Alto Minho"],"inLanguage":"pt-PT","copyrightYear":"2020","copyrightHolder":{"@id":"https:\/\/www.altominho.tv\/site\/#organization"}},{"@type":"WebPage","@id":"https:\/\/www.altominho.tv\/site\/2020\/05\/14\/manifesto-das-sete-eurocidades-ibericas-pede-livre-circulacao-nas-regioes-de-fronteira-para-reanimar-a-economia\/","url":"https:\/\/www.altominho.tv\/site\/2020\/05\/14\/manifesto-das-sete-eurocidades-ibericas-pede-livre-circulacao-nas-regioes-de-fronteira-para-reanimar-a-economia\/","name":"Manifesto das sete Eurocidades ib\u00e9ricas pede livre circula\u00e7\u00e3o nas regi\u00f5es de fronteira para reanimar a economia","isPartOf":{"@id":"https:\/\/www.altominho.tv\/site\/#website"},"primaryImageOfPage":{"@id":"https:\/\/www.altominho.tv\/site\/2020\/05\/14\/manifesto-das-sete-eurocidades-ibericas-pede-livre-circulacao-nas-regioes-de-fronteira-para-reanimar-a-economia\/#primaryimage"},"image":{"@id":"https:\/\/www.altominho.tv\/site\/2020\/05\/14\/manifesto-das-sete-eurocidades-ibericas-pede-livre-circulacao-nas-regioes-de-fronteira-para-reanimar-a-economia\/#primaryimage"},"thumbnailUrl":"https:\/\/www.altominho.tv\/site\/wp-content\/uploads\/2020\/05\/Fronteira_Valenc\u0327a.jpg","datePublished":"2020-05-14T13:18:41+00:00","dateModified":"2020-05-14T13:20:55+00:00","author":{"@id":"https:\/\/www.altominho.tv\/site\/#\/schema\/person\/63f693da3e1899361cbe955c46f3232e"},"breadcrumb":{"@id":"https:\/\/www.altominho.tv\/site\/2020\/05\/14\/manifesto-das-sete-eurocidades-ibericas-pede-livre-circulacao-nas-regioes-de-fronteira-para-reanimar-a-economia\/#breadcrumb"},"inLanguage":"pt-PT","potentialAction":[{"@type":"ReadAction","target":["https:\/\/www.altominho.tv\/site\/2020\/05\/14\/manifesto-das-sete-eurocidades-ibericas-pede-livre-circulacao-nas-regioes-de-fronteira-para-reanimar-a-economia\/"]}]},{"@type":"ImageObject","inLanguage":"pt-PT","@id":"https:\/\/www.altominho.tv\/site\/2020\/05\/14\/manifesto-das-sete-eurocidades-ibericas-pede-livre-circulacao-nas-regioes-de-fronteira-para-reanimar-a-economia\/#primaryimage","url":"https:\/\/www.altominho.tv\/site\/wp-content\/uploads\/2020\/05\/Fronteira_Valenc\u0327a.jpg","contentUrl":"https:\/\/www.altominho.tv\/site\/wp-content\/uploads\/2020\/05\/Fronteira_Valenc\u0327a.jpg","width":1800,"height":1014},{"@type":"BreadcrumbList","@id":"https:\/\/www.altominho.tv\/site\/2020\/05\/14\/manifesto-das-sete-eurocidades-ibericas-pede-livre-circulacao-nas-regioes-de-fronteira-para-reanimar-a-economia\/#breadcrumb","itemListElement":[{"@type":"ListItem","position":1,"name":"In\u00edcio","item":"https:\/\/www.altominho.tv\/site\/"},{"@type":"ListItem","position":2,"name":"Manifesto das sete Eurocidades ib\u00e9ricas pede livre circula\u00e7\u00e3o nas regi\u00f5es de fronteira para reanimar a economia"}]},{"@type":"WebSite","@id":"https:\/\/www.altominho.tv\/site\/#website","url":"https:\/\/www.altominho.tv\/site\/","name":"Altominho.tv","description":"A sua regi\u00e3o \u00e0 dist\u00e2ncia de um clique...","potentialAction":[{"@type":"SearchAction","target":{"@type":"EntryPoint","urlTemplate":"https:\/\/www.altominho.tv\/site\/?s={search_term_string}"},"query-input":{"@type":"PropertyValueSpecification","valueRequired":true,"valueName":"search_term_string"}}],"inLanguage":"pt-PT"},{"@type":"Person","@id":"https:\/\/www.altominho.tv\/site\/#\/schema\/person\/63f693da3e1899361cbe955c46f3232e","name":"Lusa","image":{"@type":"ImageObject","inLanguage":"pt-PT","@id":"https:\/\/www.altominho.tv\/site\/wp-content\/uploads\/2019\/08\/LUSA_Logo.gif","url":"https:\/\/www.altominho.tv\/site\/wp-content\/uploads\/2019\/08\/LUSA_Logo.gif","contentUrl":"https:\/\/www.altominho.tv\/site\/wp-content\/uploads\/2019\/08\/LUSA_Logo.gif","caption":"Lusa"},"sameAs":["http:\/\/\/\/www.altominho.tv\/site"],"url":"https:\/\/www.altominho.tv\/site\/author\/lusa\/"}]}},"_links":{"self":[{"href":"https:\/\/www.altominho.tv\/site\/wp-json\/wp\/v2\/posts\/46252","targetHints":{"allow":["GET"]}}],"collection":[{"href":"https:\/\/www.altominho.tv\/site\/wp-json\/wp\/v2\/posts"}],"about":[{"href":"https:\/\/www.altominho.tv\/site\/wp-json\/wp\/v2\/types\/post"}],"author":[{"embeddable":true,"href":"https:\/\/www.altominho.tv\/site\/wp-json\/wp\/v2\/users\/13"}],"replies":[{"embeddable":true,"href":"https:\/\/www.altominho.tv\/site\/wp-json\/wp\/v2\/comments?post=46252"}],"version-history":[{"count":0,"href":"https:\/\/www.altominho.tv\/site\/wp-json\/wp\/v2\/posts\/46252\/revisions"}],"wp:featuredmedia":[{"embeddable":true,"href":"https:\/\/www.altominho.tv\/site\/wp-json\/wp\/v2\/media\/45715"}],"wp:attachment":[{"href":"https:\/\/www.altominho.tv\/site\/wp-json\/wp\/v2\/media?parent=46252"}],"wp:term":[{"taxonomy":"category","embeddable":true,"href":"https:\/\/www.altominho.tv\/site\/wp-json\/wp\/v2\/categories?post=46252"},{"taxonomy":"post_tag","embeddable":true,"href":"https:\/\/www.altominho.tv\/site\/wp-json\/wp\/v2\/tags?post=46252"}],"curies":[{"name":"wp","href":"https:\/\/api.w.org\/{rel}","templated":true}]}}