{"id":46243,"date":"2020-05-14T13:20:45","date_gmt":"2020-05-14T12:20:45","guid":{"rendered":"http:\/\/www.altominho.tv\/site\/?p=46243"},"modified":"2020-05-14T13:20:51","modified_gmt":"2020-05-14T12:20:51","slug":"costa-afirma-que-profissionais-das-creches-serao-todos-testados-ate-segunda-feira","status":"publish","type":"post","link":"https:\/\/www.altominho.tv\/site\/2020\/05\/14\/costa-afirma-que-profissionais-das-creches-serao-todos-testados-ate-segunda-feira\/","title":{"rendered":"Costa afirma que profissionais das creches ser\u00e3o todos testados at\u00e9 segunda-feira"},"content":{"rendered":"\n<p>O primeiro-ministro afirmou hoje que todos os funcion\u00e1rios das creches far\u00e3o testes de diagn\u00f3stico da covid-19 at\u00e9 segunda-feira, adiantando que, num universo de 19 mil profissionais, j\u00e1 foram realizados testes em cerca de 15 mil.<\/p>\n\n\n\n<p>Ant\u00f3nio Costa falava no final de uma breve visita ao Centro Infantil Maria de Monserrate, em Lisboa, numa iniciativa integrada na prepara\u00e7\u00e3o da reabertura das creches a partir de segunda-feira.<\/p>\n\n\n\n<p>Ap\u00f3s breves discursos do presidente da C\u00e2mara de Lisboa, Fernando Medina, e da ministra da Seguran\u00e7a Social, Ana Mendes Godinho, o primeiro-ministro fez uma interven\u00e7\u00e3o em que frisou a necessidade de existirem condi\u00e7\u00f5es de seguran\u00e7a para a reabertura das creches em ambiente de covid-19.<\/p>\n\n\n\n<p>&#8220;Tal como se tinha feito com o pessoal que trabalha nos lares, o Governo decidiu fazer um grande esfor\u00e7o para efetuar testes de diagn\u00f3stico relativamente \u00e0s cerca de 19 mil pessoas que trabalham nas creches de todo o pa\u00eds. Neste momento, est\u00e3o j\u00e1 realizados cerca de 15 mil testes. Vamos continuar a fazer esse trabalho de forma a que, na segunda-feira, quando as creches reabrirem, todas as pessoas tenham sido testadas&#8221;, declarou Ant\u00f3nio Costa.<\/p>\n\n\n\n<p>Em rela\u00e7\u00e3o ao processo de reabertura das creches, Ant\u00f3nio Costa disse que, ao longo das \u00faltimas semanas, o Governo foi confrontado com posi\u00e7\u00f5es d\u00edspares, com algumas fam\u00edlias a pedirem a reabertura r\u00e1pida, alegando urg\u00eancia no regresso ao trabalho, e outras a pedirem para que continuassem encerradas.<\/p>\n\n\n\n<p>&#8220;Desde o princ\u00edpio que percebemos que, para darmos este passo, era necess\u00e1rio que os pais se sentissem seguros. Por isso, as creches n\u00e3o foram colocadas na primeira leva de reabertura, mas, antes, na segunda, dando tempo \u00e0s institui\u00e7\u00f5es para assimilarem as novas orienta\u00e7\u00f5es e fazerem necess\u00e1rio o esfor\u00e7o de adapta\u00e7\u00e3o&#8221;, declarou o primeiro-ministro.<\/p>\n\n\n\n<p>Ainda de acordo com o primeiro-ministro, para dar tempo de decis\u00e3o aos pais, o Governo decidiu &#8220;manter os apoios para as fam\u00edlias com crian\u00e7as em creches&#8221; durante a primeira quinzena de reabertura.<\/p>\n\n\n\n<p>&#8220;Assim, os pais podem escolher se ainda ficam em casa, se colocam j\u00e1 os seus filhos nas creches ou, ainda se os p\u00f5em apenas algumas horas para se irem adaptando. \u00c9 uma solu\u00e7\u00e3o para que todos sintam maior conforto, desde logo os pais, mas tamb\u00e9m os profissionais que trabalham nas creches, que passar\u00e3o a estar em contacto com dezenas de crian\u00e7as&#8221;, acrescentou.<\/p>\n","protected":false},"excerpt":{"rendered":"<p>O primeiro-ministro afirmou hoje que todos os funcion\u00e1rios das creches far\u00e3o testes de diagn\u00f3stico da covid-19 at\u00e9 segunda-feira, adiantando que, num universo de 19 mil profissionais, j\u00e1 foram realizados testes em cerca de 15 mil. Ant\u00f3nio Costa falava no final de uma breve visita ao Centro Infantil Maria de Monserrate, em Lisboa, numa iniciativa integrada [&hellip;]<\/p>\n","protected":false},"author":16,"featured_media":46244,"comment_status":"closed","ping_status":"closed","sticky":false,"template":"","format":"standard","meta":{"_exactmetrics_skip_tracking":false,"_exactmetrics_sitenote_active":false,"_exactmetrics_sitenote_note":"","_exactmetrics_sitenote_category":0,"footnotes":""},"categories":[73],"tags":[22,27],"class_list":["post-46243","post","type-post","status-publish","format-standard","has-post-thumbnail","hentry","category-alto-minho","tag-educacao","tag-sociedade"],"yoast_head":"<!-- This site is optimized with the Yoast SEO Premium plugin v27.4 (Yoast SEO v27.4) - https:\/\/yoast.com\/product\/yoast-seo-premium-wordpress\/ -->\n<title>Costa afirma que profissionais das creches ser\u00e3o todos testados at\u00e9 segunda-feira<\/title>\n<meta name=\"robots\" content=\"index, follow, max-snippet:-1, max-image-preview:large, max-video-preview:-1\" \/>\n<link rel=\"canonical\" href=\"https:\/\/www.altominho.tv\/site\/2020\/05\/14\/costa-afirma-que-profissionais-das-creches-serao-todos-testados-ate-segunda-feira\/\" \/>\n<meta property=\"og:locale\" content=\"pt_PT\" \/>\n<meta property=\"og:type\" content=\"article\" \/>\n<meta property=\"og:title\" content=\"Costa afirma que profissionais das creches ser\u00e3o todos testados at\u00e9 segunda-feira\" \/>\n<meta property=\"og:description\" content=\"O primeiro-ministro afirmou hoje que todos os funcion\u00e1rios das creches far\u00e3o testes de diagn\u00f3stico da covid-19 at\u00e9 segunda-feira, adiantando que, num universo de 19 mil profissionais, j\u00e1 foram realizados testes em cerca de 15 mil. Ant\u00f3nio Costa falava no final de uma breve visita ao Centro Infantil Maria de Monserrate, em Lisboa, numa iniciativa integrada [&hellip;]\" \/>\n<meta property=\"og:url\" content=\"https:\/\/www.altominho.tv\/site\/2020\/05\/14\/costa-afirma-que-profissionais-das-creches-serao-todos-testados-ate-segunda-feira\/\" \/>\n<meta property=\"og:site_name\" content=\"Altominho.tv\" \/>\n<meta property=\"article:publisher\" content=\"https:\/\/www.facebook.com\/altominhotv\" \/>\n<meta property=\"article:published_time\" content=\"2020-05-14T12:20:45+00:00\" \/>\n<meta property=\"article:modified_time\" content=\"2020-05-14T12:20:51+00:00\" \/>\n<meta property=\"og:image\" content=\"https:\/\/www.altominho.tv\/site\/wp-content\/uploads\/2020\/05\/costa-creches.jpg\" \/>\n\t<meta property=\"og:image:width\" content=\"860\" \/>\n\t<meta property=\"og:image:height\" content=\"573\" \/>\n\t<meta property=\"og:image:type\" content=\"image\/jpeg\" \/>\n<meta name=\"author\" content=\"Andreia Cunha | Lusa\" \/>\n<meta name=\"twitter:card\" content=\"summary_large_image\" \/>\n<meta name=\"twitter:creator\" content=\"@altominhoTV\" \/>\n<meta name=\"twitter:site\" content=\"@altominhoTV\" \/>\n<meta name=\"twitter:label1\" content=\"Escrito por\" \/>\n\t<meta name=\"twitter:data1\" content=\"Andreia Cunha | Lusa\" \/>\n\t<meta name=\"twitter:label2\" content=\"Tempo estimado de leitura\" \/>\n\t<meta name=\"twitter:data2\" content=\"2 minutos\" \/>\n<script type=\"application\/ld+json\" class=\"yoast-schema-graph\">{\"@context\":\"https:\\\/\\\/schema.org\",\"@graph\":[{\"@type\":\"Article\",\"@id\":\"https:\\\/\\\/www.altominho.tv\\\/site\\\/2020\\\/05\\\/14\\\/costa-afirma-que-profissionais-das-creches-serao-todos-testados-ate-segunda-feira\\\/#article\",\"isPartOf\":{\"@id\":\"https:\\\/\\\/www.altominho.tv\\\/site\\\/2020\\\/05\\\/14\\\/costa-afirma-que-profissionais-das-creches-serao-todos-testados-ate-segunda-feira\\\/\"},\"author\":{\"name\":\"Andreia Cunha | Lusa\",\"@id\":\"https:\\\/\\\/www.altominho.tv\\\/site\\\/#\\\/schema\\\/person\\\/dbaf181c01b51ff40c9f461a905d321e\"},\"headline\":\"Costa afirma que profissionais das creches ser\u00e3o todos testados at\u00e9 segunda-feira\",\"datePublished\":\"2020-05-14T12:20:45+00:00\",\"dateModified\":\"2020-05-14T12:20:51+00:00\",\"mainEntityOfPage\":{\"@id\":\"https:\\\/\\\/www.altominho.tv\\\/site\\\/2020\\\/05\\\/14\\\/costa-afirma-que-profissionais-das-creches-serao-todos-testados-ate-segunda-feira\\\/\"},\"wordCount\":422,\"image\":{\"@id\":\"https:\\\/\\\/www.altominho.tv\\\/site\\\/2020\\\/05\\\/14\\\/costa-afirma-que-profissionais-das-creches-serao-todos-testados-ate-segunda-feira\\\/#primaryimage\"},\"thumbnailUrl\":\"https:\\\/\\\/www.altominho.tv\\\/site\\\/wp-content\\\/uploads\\\/2020\\\/05\\\/costa-creches.jpg\",\"keywords\":[\"Educa\u00e7\u00e3o\",\"Sociedade\"],\"articleSection\":[\"Alto Minho\"],\"inLanguage\":\"pt-PT\",\"copyrightYear\":\"2020\",\"copyrightHolder\":{\"@id\":\"https:\\\/\\\/www.altominho.tv\\\/site\\\/#organization\"}},{\"@type\":\"WebPage\",\"@id\":\"https:\\\/\\\/www.altominho.tv\\\/site\\\/2020\\\/05\\\/14\\\/costa-afirma-que-profissionais-das-creches-serao-todos-testados-ate-segunda-feira\\\/\",\"url\":\"https:\\\/\\\/www.altominho.tv\\\/site\\\/2020\\\/05\\\/14\\\/costa-afirma-que-profissionais-das-creches-serao-todos-testados-ate-segunda-feira\\\/\",\"name\":\"Costa afirma que profissionais das creches ser\u00e3o todos testados at\u00e9 segunda-feira\",\"isPartOf\":{\"@id\":\"https:\\\/\\\/www.altominho.tv\\\/site\\\/#website\"},\"primaryImageOfPage\":{\"@id\":\"https:\\\/\\\/www.altominho.tv\\\/site\\\/2020\\\/05\\\/14\\\/costa-afirma-que-profissionais-das-creches-serao-todos-testados-ate-segunda-feira\\\/#primaryimage\"},\"image\":{\"@id\":\"https:\\\/\\\/www.altominho.tv\\\/site\\\/2020\\\/05\\\/14\\\/costa-afirma-que-profissionais-das-creches-serao-todos-testados-ate-segunda-feira\\\/#primaryimage\"},\"thumbnailUrl\":\"https:\\\/\\\/www.altominho.tv\\\/site\\\/wp-content\\\/uploads\\\/2020\\\/05\\\/costa-creches.jpg\",\"datePublished\":\"2020-05-14T12:20:45+00:00\",\"dateModified\":\"2020-05-14T12:20:51+00:00\",\"author\":{\"@id\":\"https:\\\/\\\/www.altominho.tv\\\/site\\\/#\\\/schema\\\/person\\\/dbaf181c01b51ff40c9f461a905d321e\"},\"breadcrumb\":{\"@id\":\"https:\\\/\\\/www.altominho.tv\\\/site\\\/2020\\\/05\\\/14\\\/costa-afirma-que-profissionais-das-creches-serao-todos-testados-ate-segunda-feira\\\/#breadcrumb\"},\"inLanguage\":\"pt-PT\",\"potentialAction\":[{\"@type\":\"ReadAction\",\"target\":[\"https:\\\/\\\/www.altominho.tv\\\/site\\\/2020\\\/05\\\/14\\\/costa-afirma-que-profissionais-das-creches-serao-todos-testados-ate-segunda-feira\\\/\"]}]},{\"@type\":\"ImageObject\",\"inLanguage\":\"pt-PT\",\"@id\":\"https:\\\/\\\/www.altominho.tv\\\/site\\\/2020\\\/05\\\/14\\\/costa-afirma-que-profissionais-das-creches-serao-todos-testados-ate-segunda-feira\\\/#primaryimage\",\"url\":\"https:\\\/\\\/www.altominho.tv\\\/site\\\/wp-content\\\/uploads\\\/2020\\\/05\\\/costa-creches.jpg\",\"contentUrl\":\"https:\\\/\\\/www.altominho.tv\\\/site\\\/wp-content\\\/uploads\\\/2020\\\/05\\\/costa-creches.jpg\",\"width\":860,\"height\":573},{\"@type\":\"BreadcrumbList\",\"@id\":\"https:\\\/\\\/www.altominho.tv\\\/site\\\/2020\\\/05\\\/14\\\/costa-afirma-que-profissionais-das-creches-serao-todos-testados-ate-segunda-feira\\\/#breadcrumb\",\"itemListElement\":[{\"@type\":\"ListItem\",\"position\":1,\"name\":\"In\u00edcio\",\"item\":\"https:\\\/\\\/www.altominho.tv\\\/site\\\/\"},{\"@type\":\"ListItem\",\"position\":2,\"name\":\"Costa afirma que profissionais das creches ser\u00e3o todos testados at\u00e9 segunda-feira\"}]},{\"@type\":\"WebSite\",\"@id\":\"https:\\\/\\\/www.altominho.tv\\\/site\\\/#website\",\"url\":\"https:\\\/\\\/www.altominho.tv\\\/site\\\/\",\"name\":\"Altominho.tv\",\"description\":\"A sua regi\u00e3o \u00e0 dist\u00e2ncia de um clique...\",\"potentialAction\":[{\"@type\":\"SearchAction\",\"target\":{\"@type\":\"EntryPoint\",\"urlTemplate\":\"https:\\\/\\\/www.altominho.tv\\\/site\\\/?s={search_term_string}\"},\"query-input\":{\"@type\":\"PropertyValueSpecification\",\"valueRequired\":true,\"valueName\":\"search_term_string\"}}],\"inLanguage\":\"pt-PT\"},{\"@type\":\"Person\",\"@id\":\"https:\\\/\\\/www.altominho.tv\\\/site\\\/#\\\/schema\\\/person\\\/dbaf181c01b51ff40c9f461a905d321e\",\"name\":\"Andreia Cunha | Lusa\",\"image\":{\"@type\":\"ImageObject\",\"inLanguage\":\"pt-PT\",\"@id\":\"https:\\\/\\\/www.altominho.tv\\\/site\\\/wp-content\\\/uploads\\\/2017\\\/11\\\/Andreia_Cunha-1-150x150.jpg\",\"url\":\"https:\\\/\\\/www.altominho.tv\\\/site\\\/wp-content\\\/uploads\\\/2017\\\/11\\\/Andreia_Cunha-1-150x150.jpg\",\"contentUrl\":\"https:\\\/\\\/www.altominho.tv\\\/site\\\/wp-content\\\/uploads\\\/2017\\\/11\\\/Andreia_Cunha-1-150x150.jpg\",\"caption\":\"Andreia Cunha | Lusa\"},\"sameAs\":[\"https:\\\/\\\/www.altominho.tv\\\/site\"],\"url\":\"https:\\\/\\\/www.altominho.tv\\\/site\\\/author\\\/andreiacunhalusa\\\/\"}]}<\/script>\n<!-- \/ Yoast SEO Premium plugin. -->","yoast_head_json":{"title":"Costa afirma que profissionais das creches ser\u00e3o todos testados at\u00e9 segunda-feira","robots":{"index":"index","follow":"follow","max-snippet":"max-snippet:-1","max-image-preview":"max-image-preview:large","max-video-preview":"max-video-preview:-1"},"canonical":"https:\/\/www.altominho.tv\/site\/2020\/05\/14\/costa-afirma-que-profissionais-das-creches-serao-todos-testados-ate-segunda-feira\/","og_locale":"pt_PT","og_type":"article","og_title":"Costa afirma que profissionais das creches ser\u00e3o todos testados at\u00e9 segunda-feira","og_description":"O primeiro-ministro afirmou hoje que todos os funcion\u00e1rios das creches far\u00e3o testes de diagn\u00f3stico da covid-19 at\u00e9 segunda-feira, adiantando que, num universo de 19 mil profissionais, j\u00e1 foram realizados testes em cerca de 15 mil. Ant\u00f3nio Costa falava no final de uma breve visita ao Centro Infantil Maria de Monserrate, em Lisboa, numa iniciativa integrada [&hellip;]","og_url":"https:\/\/www.altominho.tv\/site\/2020\/05\/14\/costa-afirma-que-profissionais-das-creches-serao-todos-testados-ate-segunda-feira\/","og_site_name":"Altominho.tv","article_publisher":"https:\/\/www.facebook.com\/altominhotv","article_published_time":"2020-05-14T12:20:45+00:00","article_modified_time":"2020-05-14T12:20:51+00:00","og_image":[{"width":860,"height":573,"url":"https:\/\/www.altominho.tv\/site\/wp-content\/uploads\/2020\/05\/costa-creches.jpg","type":"image\/jpeg"}],"author":"Andreia Cunha | Lusa","twitter_card":"summary_large_image","twitter_creator":"@altominhoTV","twitter_site":"@altominhoTV","twitter_misc":{"Escrito por":"Andreia Cunha | Lusa","Tempo estimado de leitura":"2 minutos"},"schema":{"@context":"https:\/\/schema.org","@graph":[{"@type":"Article","@id":"https:\/\/www.altominho.tv\/site\/2020\/05\/14\/costa-afirma-que-profissionais-das-creches-serao-todos-testados-ate-segunda-feira\/#article","isPartOf":{"@id":"https:\/\/www.altominho.tv\/site\/2020\/05\/14\/costa-afirma-que-profissionais-das-creches-serao-todos-testados-ate-segunda-feira\/"},"author":{"name":"Andreia Cunha | Lusa","@id":"https:\/\/www.altominho.tv\/site\/#\/schema\/person\/dbaf181c01b51ff40c9f461a905d321e"},"headline":"Costa afirma que profissionais das creches ser\u00e3o todos testados at\u00e9 segunda-feira","datePublished":"2020-05-14T12:20:45+00:00","dateModified":"2020-05-14T12:20:51+00:00","mainEntityOfPage":{"@id":"https:\/\/www.altominho.tv\/site\/2020\/05\/14\/costa-afirma-que-profissionais-das-creches-serao-todos-testados-ate-segunda-feira\/"},"wordCount":422,"image":{"@id":"https:\/\/www.altominho.tv\/site\/2020\/05\/14\/costa-afirma-que-profissionais-das-creches-serao-todos-testados-ate-segunda-feira\/#primaryimage"},"thumbnailUrl":"https:\/\/www.altominho.tv\/site\/wp-content\/uploads\/2020\/05\/costa-creches.jpg","keywords":["Educa\u00e7\u00e3o","Sociedade"],"articleSection":["Alto Minho"],"inLanguage":"pt-PT","copyrightYear":"2020","copyrightHolder":{"@id":"https:\/\/www.altominho.tv\/site\/#organization"}},{"@type":"WebPage","@id":"https:\/\/www.altominho.tv\/site\/2020\/05\/14\/costa-afirma-que-profissionais-das-creches-serao-todos-testados-ate-segunda-feira\/","url":"https:\/\/www.altominho.tv\/site\/2020\/05\/14\/costa-afirma-que-profissionais-das-creches-serao-todos-testados-ate-segunda-feira\/","name":"Costa afirma que profissionais das creches ser\u00e3o todos testados at\u00e9 segunda-feira","isPartOf":{"@id":"https:\/\/www.altominho.tv\/site\/#website"},"primaryImageOfPage":{"@id":"https:\/\/www.altominho.tv\/site\/2020\/05\/14\/costa-afirma-que-profissionais-das-creches-serao-todos-testados-ate-segunda-feira\/#primaryimage"},"image":{"@id":"https:\/\/www.altominho.tv\/site\/2020\/05\/14\/costa-afirma-que-profissionais-das-creches-serao-todos-testados-ate-segunda-feira\/#primaryimage"},"thumbnailUrl":"https:\/\/www.altominho.tv\/site\/wp-content\/uploads\/2020\/05\/costa-creches.jpg","datePublished":"2020-05-14T12:20:45+00:00","dateModified":"2020-05-14T12:20:51+00:00","author":{"@id":"https:\/\/www.altominho.tv\/site\/#\/schema\/person\/dbaf181c01b51ff40c9f461a905d321e"},"breadcrumb":{"@id":"https:\/\/www.altominho.tv\/site\/2020\/05\/14\/costa-afirma-que-profissionais-das-creches-serao-todos-testados-ate-segunda-feira\/#breadcrumb"},"inLanguage":"pt-PT","potentialAction":[{"@type":"ReadAction","target":["https:\/\/www.altominho.tv\/site\/2020\/05\/14\/costa-afirma-que-profissionais-das-creches-serao-todos-testados-ate-segunda-feira\/"]}]},{"@type":"ImageObject","inLanguage":"pt-PT","@id":"https:\/\/www.altominho.tv\/site\/2020\/05\/14\/costa-afirma-que-profissionais-das-creches-serao-todos-testados-ate-segunda-feira\/#primaryimage","url":"https:\/\/www.altominho.tv\/site\/wp-content\/uploads\/2020\/05\/costa-creches.jpg","contentUrl":"https:\/\/www.altominho.tv\/site\/wp-content\/uploads\/2020\/05\/costa-creches.jpg","width":860,"height":573},{"@type":"BreadcrumbList","@id":"https:\/\/www.altominho.tv\/site\/2020\/05\/14\/costa-afirma-que-profissionais-das-creches-serao-todos-testados-ate-segunda-feira\/#breadcrumb","itemListElement":[{"@type":"ListItem","position":1,"name":"In\u00edcio","item":"https:\/\/www.altominho.tv\/site\/"},{"@type":"ListItem","position":2,"name":"Costa afirma que profissionais das creches ser\u00e3o todos testados at\u00e9 segunda-feira"}]},{"@type":"WebSite","@id":"https:\/\/www.altominho.tv\/site\/#website","url":"https:\/\/www.altominho.tv\/site\/","name":"Altominho.tv","description":"A sua regi\u00e3o \u00e0 dist\u00e2ncia de um clique...","potentialAction":[{"@type":"SearchAction","target":{"@type":"EntryPoint","urlTemplate":"https:\/\/www.altominho.tv\/site\/?s={search_term_string}"},"query-input":{"@type":"PropertyValueSpecification","valueRequired":true,"valueName":"search_term_string"}}],"inLanguage":"pt-PT"},{"@type":"Person","@id":"https:\/\/www.altominho.tv\/site\/#\/schema\/person\/dbaf181c01b51ff40c9f461a905d321e","name":"Andreia Cunha | Lusa","image":{"@type":"ImageObject","inLanguage":"pt-PT","@id":"https:\/\/www.altominho.tv\/site\/wp-content\/uploads\/2017\/11\/Andreia_Cunha-1-150x150.jpg","url":"https:\/\/www.altominho.tv\/site\/wp-content\/uploads\/2017\/11\/Andreia_Cunha-1-150x150.jpg","contentUrl":"https:\/\/www.altominho.tv\/site\/wp-content\/uploads\/2017\/11\/Andreia_Cunha-1-150x150.jpg","caption":"Andreia Cunha | Lusa"},"sameAs":["https:\/\/www.altominho.tv\/site"],"url":"https:\/\/www.altominho.tv\/site\/author\/andreiacunhalusa\/"}]}},"_links":{"self":[{"href":"https:\/\/www.altominho.tv\/site\/wp-json\/wp\/v2\/posts\/46243","targetHints":{"allow":["GET"]}}],"collection":[{"href":"https:\/\/www.altominho.tv\/site\/wp-json\/wp\/v2\/posts"}],"about":[{"href":"https:\/\/www.altominho.tv\/site\/wp-json\/wp\/v2\/types\/post"}],"author":[{"embeddable":true,"href":"https:\/\/www.altominho.tv\/site\/wp-json\/wp\/v2\/users\/16"}],"replies":[{"embeddable":true,"href":"https:\/\/www.altominho.tv\/site\/wp-json\/wp\/v2\/comments?post=46243"}],"version-history":[{"count":0,"href":"https:\/\/www.altominho.tv\/site\/wp-json\/wp\/v2\/posts\/46243\/revisions"}],"wp:featuredmedia":[{"embeddable":true,"href":"https:\/\/www.altominho.tv\/site\/wp-json\/wp\/v2\/media\/46244"}],"wp:attachment":[{"href":"https:\/\/www.altominho.tv\/site\/wp-json\/wp\/v2\/media?parent=46243"}],"wp:term":[{"taxonomy":"category","embeddable":true,"href":"https:\/\/www.altominho.tv\/site\/wp-json\/wp\/v2\/categories?post=46243"},{"taxonomy":"post_tag","embeddable":true,"href":"https:\/\/www.altominho.tv\/site\/wp-json\/wp\/v2\/tags?post=46243"}],"curies":[{"name":"wp","href":"https:\/\/api.w.org\/{rel}","templated":true}]}}