{"id":46231,"date":"2020-05-14T10:26:34","date_gmt":"2020-05-14T09:26:34","guid":{"rendered":"http:\/\/www.altominho.tv\/site\/?p=46231"},"modified":"2020-05-14T10:26:38","modified_gmt":"2020-05-14T09:26:38","slug":"caminha-autoriza-alargamento-de-esplanadas-de-cafes-e-restaurantes-a-partir-de-18-de-maio","status":"publish","type":"post","link":"https:\/\/www.altominho.tv\/site\/2020\/05\/14\/caminha-autoriza-alargamento-de-esplanadas-de-cafes-e-restaurantes-a-partir-de-18-de-maio\/","title":{"rendered":"Caminha autoriza alargamento de esplanadas de caf\u00e9s e restaurantes a partir de 18 de Maio"},"content":{"rendered":"<p><strong>A autarquia de Caminha decidiu autorizar o alargamento das esplanadas existentes para o dobro, de modo a ajudar os empres\u00e1rios da restaura\u00e7\u00e3o local a combater os efeitos negativos das medidas de limita\u00e7\u00e3o de lota\u00e7\u00e3o dos seus estabelecimentos.<\/strong><\/p>\n<p>A ideia passa por permitir o alargamento dos espa\u00e7os de implanta\u00e7\u00e3o de esplanadas de modo a que os caf\u00e9s e restaurantes n\u00e3o percam mesas, devendo, no entanto, ser salvaguardado o distanciamento entre o conjunto de mesas e cadeiras, de acordo com as recomenda\u00e7\u00f5es da Dire\u00e7\u00e3o Geral da Sa\u00fade.<\/p>\n<p>A C\u00e2mara de Caminha adapta-se assim ao Plano de Confinamento apresentado pelo Governo que <strong>prev\u00ea a abertura de caf\u00e9s, pastelarias e restaurantes para o pr\u00f3ximo dia 18 de maio<\/strong>, permitindo a recoloca\u00e7\u00e3o de esplanadas que tinham sido retiradas no in\u00edcio da pandemia, o alargamento das mesmas e a coloca\u00e7\u00e3o de novas estruturas.<\/p>\n<p>Para Miguel Alves, \u201c<strong>\u00e9 essencial apoiar o com\u00e9rcio local, dar condi\u00e7\u00f5es aos nossos empres\u00e1rios para sobreviver aos pr\u00f3ximos meses e dizer \u00e0 sociedade que o concelho de Caminha se est\u00e1 a preparar para receber todos os turistas e amigos em seguran\u00e7a. Uma esplanada maior permite manter o n\u00famero de mesas e garantir o distanciamento social. O que se perde em espa\u00e7o p\u00fablico, ganha-se em economia e em seguran\u00e7a sanit\u00e1ria. \u00c9 uma troca tempor\u00e1ria que vale a pena<\/strong>\u201d.<\/p>\n<p>O Presidente da C\u00e2mara de Caminha prop\u00f4s tamb\u00e9m ao executivo camar\u00e1rio que as esplanadas do concelho de Caminha estejam isentas, at\u00e9 ao final do ano, do pagamento de taxas de ocupa\u00e7\u00e3o de espa\u00e7o p\u00fablico.<\/p>\n<p>A medida tem um impacto de cerca de 15 mil euros nos cofres do Munic\u00edpio mas tem um efeito imediato na tesouraria das empresas. O edil n\u00e3o tem d\u00favidas em dizer \u201c<strong>que \u00e9 uma receita que o Munic\u00edpio perde mas que ajuda diretamente a nossa restaura\u00e7\u00e3o, que tanto precisa de liquidez. O Turismo e os Servi\u00e7os s\u00e3o o motor principal da nossa economia e esta medida, como tantas outras que j\u00e1 tomamos, pretende incentivar os nossos empres\u00e1rios a enfrentar os pr\u00f3ximos meses com mais for\u00e7a e mais confian\u00e7a<\/strong>\u201d.<\/p>\n<p>A nova medida do Munic\u00edpio de Caminha obriga a que os estabelecimentos interessados em alargar ou criar esplanada apresentem uma planta do local a ocupar, a respeitar a passagem de pessoas, carrinhos de bebes, cadeiras de rodas ou ve\u00edculos de emerg\u00eancia.<\/p>\n<p>Nos casos em que a instala\u00e7\u00e3o pretendida ultrapasse os limites da largura da fachada do estabelecimento, os requerentes ter\u00e3o que entregar uma autoriza\u00e7\u00e3o dos confinantes para a ocupa\u00e7\u00e3o do devido espa\u00e7o.<\/p>\n<p>Esta medida vem no seguimento de um conjunto de a\u00e7\u00f5es que visam o apoio \u00e0 economia local, depois de a autarquia ter isentado todas as pequenas e microempresas do concelho do pagamento de tarifas fixas de \u00e1gua, saneamento e res\u00edduos urbanos e de ter sido lan\u00e7ada uma campanha de apoio ao com\u00e9rcio local que, entre outras coisas, produziu um v\u00eddeo promocional e permitiu a distribui\u00e7\u00e3o de 2500 viseiras pelas pequenas lojas e com\u00e9rcios de todo o concelho.<\/p>\n","protected":false},"excerpt":{"rendered":"<p>A autarquia de Caminha decidiu autorizar o alargamento das esplanadas existentes para o dobro, de modo a ajudar os empres\u00e1rios da restaura\u00e7\u00e3o local a combater os efeitos negativos das medidas de limita\u00e7\u00e3o de lota\u00e7\u00e3o dos seus estabelecimentos. A ideia passa por permitir o alargamento dos espa\u00e7os de implanta\u00e7\u00e3o de esplanadas de modo a que os [&hellip;]<\/p>\n","protected":false},"author":1,"featured_media":46233,"comment_status":"closed","ping_status":"closed","sticky":false,"template":"","format":"standard","meta":{"_exactmetrics_skip_tracking":false,"_exactmetrics_sitenote_active":false,"_exactmetrics_sitenote_note":"","_exactmetrics_sitenote_category":0,"footnotes":""},"categories":[7],"tags":[21],"class_list":["post-46231","post","type-post","status-publish","format-standard","has-post-thumbnail","hentry","category-caminha","tag-economia"],"yoast_head":"<!-- This site is optimized with the Yoast SEO Premium plugin v27.4 (Yoast SEO v27.4) - https:\/\/yoast.com\/product\/yoast-seo-premium-wordpress\/ -->\n<title>Caminha autoriza alargamento de esplanadas de caf\u00e9s e restaurantes a partir de 18 de Maio<\/title>\n<meta name=\"robots\" content=\"index, follow, max-snippet:-1, max-image-preview:large, max-video-preview:-1\" \/>\n<link rel=\"canonical\" href=\"https:\/\/www.altominho.tv\/site\/2020\/05\/14\/caminha-autoriza-alargamento-de-esplanadas-de-cafes-e-restaurantes-a-partir-de-18-de-maio\/\" \/>\n<meta property=\"og:locale\" content=\"pt_PT\" \/>\n<meta property=\"og:type\" content=\"article\" \/>\n<meta property=\"og:title\" content=\"Caminha autoriza alargamento de esplanadas de caf\u00e9s e restaurantes a partir de 18 de Maio\" \/>\n<meta property=\"og:description\" content=\"A autarquia de Caminha decidiu autorizar o alargamento das esplanadas existentes para o dobro, de modo a ajudar os empres\u00e1rios da restaura\u00e7\u00e3o local a combater os efeitos negativos das medidas de limita\u00e7\u00e3o de lota\u00e7\u00e3o dos seus estabelecimentos. A ideia passa por permitir o alargamento dos espa\u00e7os de implanta\u00e7\u00e3o de esplanadas de modo a que os [&hellip;]\" \/>\n<meta property=\"og:url\" content=\"https:\/\/www.altominho.tv\/site\/2020\/05\/14\/caminha-autoriza-alargamento-de-esplanadas-de-cafes-e-restaurantes-a-partir-de-18-de-maio\/\" \/>\n<meta property=\"og:site_name\" content=\"Altominho.tv\" \/>\n<meta property=\"article:publisher\" content=\"https:\/\/www.facebook.com\/altominhotv\" \/>\n<meta property=\"article:published_time\" content=\"2020-05-14T09:26:34+00:00\" \/>\n<meta property=\"article:modified_time\" content=\"2020-05-14T09:26:38+00:00\" \/>\n<meta property=\"og:image\" content=\"https:\/\/www.altominho.tv\/site\/wp-content\/uploads\/2020\/05\/Caminha_Centro_Histo\u0301rico.jpg\" \/>\n\t<meta property=\"og:image:width\" content=\"1500\" \/>\n\t<meta property=\"og:image:height\" content=\"845\" \/>\n\t<meta property=\"og:image:type\" content=\"image\/jpeg\" \/>\n<meta name=\"author\" content=\"Altominho.tv\" \/>\n<meta name=\"twitter:card\" content=\"summary_large_image\" \/>\n<meta name=\"twitter:creator\" content=\"@altominhoTV\" \/>\n<meta name=\"twitter:site\" content=\"@altominhoTV\" \/>\n<meta name=\"twitter:label1\" content=\"Escrito por\" \/>\n\t<meta name=\"twitter:data1\" content=\"Altominho.tv\" \/>\n\t<meta name=\"twitter:label2\" content=\"Tempo estimado de leitura\" \/>\n\t<meta name=\"twitter:data2\" content=\"3 minutos\" \/>\n<script type=\"application\/ld+json\" class=\"yoast-schema-graph\">{\"@context\":\"https:\\\/\\\/schema.org\",\"@graph\":[{\"@type\":\"Article\",\"@id\":\"https:\\\/\\\/www.altominho.tv\\\/site\\\/2020\\\/05\\\/14\\\/caminha-autoriza-alargamento-de-esplanadas-de-cafes-e-restaurantes-a-partir-de-18-de-maio\\\/#article\",\"isPartOf\":{\"@id\":\"https:\\\/\\\/www.altominho.tv\\\/site\\\/2020\\\/05\\\/14\\\/caminha-autoriza-alargamento-de-esplanadas-de-cafes-e-restaurantes-a-partir-de-18-de-maio\\\/\"},\"author\":{\"name\":\"Altominho.tv\",\"@id\":\"https:\\\/\\\/www.altominho.tv\\\/site\\\/#\\\/schema\\\/person\\\/4e536851627d7914baf3dac752b6af22\"},\"headline\":\"Caminha autoriza alargamento de esplanadas de caf\u00e9s e restaurantes a partir de 18 de Maio\",\"datePublished\":\"2020-05-14T09:26:34+00:00\",\"dateModified\":\"2020-05-14T09:26:38+00:00\",\"mainEntityOfPage\":{\"@id\":\"https:\\\/\\\/www.altominho.tv\\\/site\\\/2020\\\/05\\\/14\\\/caminha-autoriza-alargamento-de-esplanadas-de-cafes-e-restaurantes-a-partir-de-18-de-maio\\\/\"},\"wordCount\":553,\"image\":{\"@id\":\"https:\\\/\\\/www.altominho.tv\\\/site\\\/2020\\\/05\\\/14\\\/caminha-autoriza-alargamento-de-esplanadas-de-cafes-e-restaurantes-a-partir-de-18-de-maio\\\/#primaryimage\"},\"thumbnailUrl\":\"https:\\\/\\\/www.altominho.tv\\\/site\\\/wp-content\\\/uploads\\\/2020\\\/05\\\/Caminha_Centro_Histo\u0301rico.jpg\",\"keywords\":[\"Economia\"],\"articleSection\":[\"Caminha\"],\"inLanguage\":\"pt-PT\",\"copyrightYear\":\"2020\",\"copyrightHolder\":{\"@id\":\"https:\\\/\\\/www.altominho.tv\\\/site\\\/#organization\"}},{\"@type\":\"WebPage\",\"@id\":\"https:\\\/\\\/www.altominho.tv\\\/site\\\/2020\\\/05\\\/14\\\/caminha-autoriza-alargamento-de-esplanadas-de-cafes-e-restaurantes-a-partir-de-18-de-maio\\\/\",\"url\":\"https:\\\/\\\/www.altominho.tv\\\/site\\\/2020\\\/05\\\/14\\\/caminha-autoriza-alargamento-de-esplanadas-de-cafes-e-restaurantes-a-partir-de-18-de-maio\\\/\",\"name\":\"Caminha autoriza alargamento de esplanadas de caf\u00e9s e restaurantes a partir de 18 de Maio\",\"isPartOf\":{\"@id\":\"https:\\\/\\\/www.altominho.tv\\\/site\\\/#website\"},\"primaryImageOfPage\":{\"@id\":\"https:\\\/\\\/www.altominho.tv\\\/site\\\/2020\\\/05\\\/14\\\/caminha-autoriza-alargamento-de-esplanadas-de-cafes-e-restaurantes-a-partir-de-18-de-maio\\\/#primaryimage\"},\"image\":{\"@id\":\"https:\\\/\\\/www.altominho.tv\\\/site\\\/2020\\\/05\\\/14\\\/caminha-autoriza-alargamento-de-esplanadas-de-cafes-e-restaurantes-a-partir-de-18-de-maio\\\/#primaryimage\"},\"thumbnailUrl\":\"https:\\\/\\\/www.altominho.tv\\\/site\\\/wp-content\\\/uploads\\\/2020\\\/05\\\/Caminha_Centro_Histo\u0301rico.jpg\",\"datePublished\":\"2020-05-14T09:26:34+00:00\",\"dateModified\":\"2020-05-14T09:26:38+00:00\",\"author\":{\"@id\":\"https:\\\/\\\/www.altominho.tv\\\/site\\\/#\\\/schema\\\/person\\\/4e536851627d7914baf3dac752b6af22\"},\"breadcrumb\":{\"@id\":\"https:\\\/\\\/www.altominho.tv\\\/site\\\/2020\\\/05\\\/14\\\/caminha-autoriza-alargamento-de-esplanadas-de-cafes-e-restaurantes-a-partir-de-18-de-maio\\\/#breadcrumb\"},\"inLanguage\":\"pt-PT\",\"potentialAction\":[{\"@type\":\"ReadAction\",\"target\":[\"https:\\\/\\\/www.altominho.tv\\\/site\\\/2020\\\/05\\\/14\\\/caminha-autoriza-alargamento-de-esplanadas-de-cafes-e-restaurantes-a-partir-de-18-de-maio\\\/\"]}]},{\"@type\":\"ImageObject\",\"inLanguage\":\"pt-PT\",\"@id\":\"https:\\\/\\\/www.altominho.tv\\\/site\\\/2020\\\/05\\\/14\\\/caminha-autoriza-alargamento-de-esplanadas-de-cafes-e-restaurantes-a-partir-de-18-de-maio\\\/#primaryimage\",\"url\":\"https:\\\/\\\/www.altominho.tv\\\/site\\\/wp-content\\\/uploads\\\/2020\\\/05\\\/Caminha_Centro_Histo\u0301rico.jpg\",\"contentUrl\":\"https:\\\/\\\/www.altominho.tv\\\/site\\\/wp-content\\\/uploads\\\/2020\\\/05\\\/Caminha_Centro_Histo\u0301rico.jpg\",\"width\":1500,\"height\":845},{\"@type\":\"BreadcrumbList\",\"@id\":\"https:\\\/\\\/www.altominho.tv\\\/site\\\/2020\\\/05\\\/14\\\/caminha-autoriza-alargamento-de-esplanadas-de-cafes-e-restaurantes-a-partir-de-18-de-maio\\\/#breadcrumb\",\"itemListElement\":[{\"@type\":\"ListItem\",\"position\":1,\"name\":\"In\u00edcio\",\"item\":\"https:\\\/\\\/www.altominho.tv\\\/site\\\/\"},{\"@type\":\"ListItem\",\"position\":2,\"name\":\"Caminha autoriza alargamento de esplanadas de caf\u00e9s e restaurantes a partir de 18 de Maio\"}]},{\"@type\":\"WebSite\",\"@id\":\"https:\\\/\\\/www.altominho.tv\\\/site\\\/#website\",\"url\":\"https:\\\/\\\/www.altominho.tv\\\/site\\\/\",\"name\":\"Altominho.tv\",\"description\":\"A sua regi\u00e3o \u00e0 dist\u00e2ncia de um clique...\",\"potentialAction\":[{\"@type\":\"SearchAction\",\"target\":{\"@type\":\"EntryPoint\",\"urlTemplate\":\"https:\\\/\\\/www.altominho.tv\\\/site\\\/?s={search_term_string}\"},\"query-input\":{\"@type\":\"PropertyValueSpecification\",\"valueRequired\":true,\"valueName\":\"search_term_string\"}}],\"inLanguage\":\"pt-PT\"},{\"@type\":\"Person\",\"@id\":\"https:\\\/\\\/www.altominho.tv\\\/site\\\/#\\\/schema\\\/person\\\/4e536851627d7914baf3dac752b6af22\",\"name\":\"Altominho.tv\",\"image\":{\"@type\":\"ImageObject\",\"inLanguage\":\"pt-PT\",\"@id\":\"https:\\\/\\\/www.altominho.tv\\\/site\\\/wp-content\\\/uploads\\\/2019\\\/11\\\/Logo_Avatar_2-150x150.jpg\",\"url\":\"https:\\\/\\\/www.altominho.tv\\\/site\\\/wp-content\\\/uploads\\\/2019\\\/11\\\/Logo_Avatar_2-150x150.jpg\",\"contentUrl\":\"https:\\\/\\\/www.altominho.tv\\\/site\\\/wp-content\\\/uploads\\\/2019\\\/11\\\/Logo_Avatar_2-150x150.jpg\",\"caption\":\"Altominho.tv\"},\"url\":\"https:\\\/\\\/www.altominho.tv\\\/site\\\/author\\\/altominhotv-tecnico\\\/\"}]}<\/script>\n<!-- \/ Yoast SEO Premium plugin. -->","yoast_head_json":{"title":"Caminha autoriza alargamento de esplanadas de caf\u00e9s e restaurantes a partir de 18 de Maio","robots":{"index":"index","follow":"follow","max-snippet":"max-snippet:-1","max-image-preview":"max-image-preview:large","max-video-preview":"max-video-preview:-1"},"canonical":"https:\/\/www.altominho.tv\/site\/2020\/05\/14\/caminha-autoriza-alargamento-de-esplanadas-de-cafes-e-restaurantes-a-partir-de-18-de-maio\/","og_locale":"pt_PT","og_type":"article","og_title":"Caminha autoriza alargamento de esplanadas de caf\u00e9s e restaurantes a partir de 18 de Maio","og_description":"A autarquia de Caminha decidiu autorizar o alargamento das esplanadas existentes para o dobro, de modo a ajudar os empres\u00e1rios da restaura\u00e7\u00e3o local a combater os efeitos negativos das medidas de limita\u00e7\u00e3o de lota\u00e7\u00e3o dos seus estabelecimentos. A ideia passa por permitir o alargamento dos espa\u00e7os de implanta\u00e7\u00e3o de esplanadas de modo a que os [&hellip;]","og_url":"https:\/\/www.altominho.tv\/site\/2020\/05\/14\/caminha-autoriza-alargamento-de-esplanadas-de-cafes-e-restaurantes-a-partir-de-18-de-maio\/","og_site_name":"Altominho.tv","article_publisher":"https:\/\/www.facebook.com\/altominhotv","article_published_time":"2020-05-14T09:26:34+00:00","article_modified_time":"2020-05-14T09:26:38+00:00","og_image":[{"width":1500,"height":845,"url":"https:\/\/www.altominho.tv\/site\/wp-content\/uploads\/2020\/05\/Caminha_Centro_Histo\u0301rico.jpg","type":"image\/jpeg"}],"author":"Altominho.tv","twitter_card":"summary_large_image","twitter_creator":"@altominhoTV","twitter_site":"@altominhoTV","twitter_misc":{"Escrito por":"Altominho.tv","Tempo estimado de leitura":"3 minutos"},"schema":{"@context":"https:\/\/schema.org","@graph":[{"@type":"Article","@id":"https:\/\/www.altominho.tv\/site\/2020\/05\/14\/caminha-autoriza-alargamento-de-esplanadas-de-cafes-e-restaurantes-a-partir-de-18-de-maio\/#article","isPartOf":{"@id":"https:\/\/www.altominho.tv\/site\/2020\/05\/14\/caminha-autoriza-alargamento-de-esplanadas-de-cafes-e-restaurantes-a-partir-de-18-de-maio\/"},"author":{"name":"Altominho.tv","@id":"https:\/\/www.altominho.tv\/site\/#\/schema\/person\/4e536851627d7914baf3dac752b6af22"},"headline":"Caminha autoriza alargamento de esplanadas de caf\u00e9s e restaurantes a partir de 18 de Maio","datePublished":"2020-05-14T09:26:34+00:00","dateModified":"2020-05-14T09:26:38+00:00","mainEntityOfPage":{"@id":"https:\/\/www.altominho.tv\/site\/2020\/05\/14\/caminha-autoriza-alargamento-de-esplanadas-de-cafes-e-restaurantes-a-partir-de-18-de-maio\/"},"wordCount":553,"image":{"@id":"https:\/\/www.altominho.tv\/site\/2020\/05\/14\/caminha-autoriza-alargamento-de-esplanadas-de-cafes-e-restaurantes-a-partir-de-18-de-maio\/#primaryimage"},"thumbnailUrl":"https:\/\/www.altominho.tv\/site\/wp-content\/uploads\/2020\/05\/Caminha_Centro_Histo\u0301rico.jpg","keywords":["Economia"],"articleSection":["Caminha"],"inLanguage":"pt-PT","copyrightYear":"2020","copyrightHolder":{"@id":"https:\/\/www.altominho.tv\/site\/#organization"}},{"@type":"WebPage","@id":"https:\/\/www.altominho.tv\/site\/2020\/05\/14\/caminha-autoriza-alargamento-de-esplanadas-de-cafes-e-restaurantes-a-partir-de-18-de-maio\/","url":"https:\/\/www.altominho.tv\/site\/2020\/05\/14\/caminha-autoriza-alargamento-de-esplanadas-de-cafes-e-restaurantes-a-partir-de-18-de-maio\/","name":"Caminha autoriza alargamento de esplanadas de caf\u00e9s e restaurantes a partir de 18 de Maio","isPartOf":{"@id":"https:\/\/www.altominho.tv\/site\/#website"},"primaryImageOfPage":{"@id":"https:\/\/www.altominho.tv\/site\/2020\/05\/14\/caminha-autoriza-alargamento-de-esplanadas-de-cafes-e-restaurantes-a-partir-de-18-de-maio\/#primaryimage"},"image":{"@id":"https:\/\/www.altominho.tv\/site\/2020\/05\/14\/caminha-autoriza-alargamento-de-esplanadas-de-cafes-e-restaurantes-a-partir-de-18-de-maio\/#primaryimage"},"thumbnailUrl":"https:\/\/www.altominho.tv\/site\/wp-content\/uploads\/2020\/05\/Caminha_Centro_Histo\u0301rico.jpg","datePublished":"2020-05-14T09:26:34+00:00","dateModified":"2020-05-14T09:26:38+00:00","author":{"@id":"https:\/\/www.altominho.tv\/site\/#\/schema\/person\/4e536851627d7914baf3dac752b6af22"},"breadcrumb":{"@id":"https:\/\/www.altominho.tv\/site\/2020\/05\/14\/caminha-autoriza-alargamento-de-esplanadas-de-cafes-e-restaurantes-a-partir-de-18-de-maio\/#breadcrumb"},"inLanguage":"pt-PT","potentialAction":[{"@type":"ReadAction","target":["https:\/\/www.altominho.tv\/site\/2020\/05\/14\/caminha-autoriza-alargamento-de-esplanadas-de-cafes-e-restaurantes-a-partir-de-18-de-maio\/"]}]},{"@type":"ImageObject","inLanguage":"pt-PT","@id":"https:\/\/www.altominho.tv\/site\/2020\/05\/14\/caminha-autoriza-alargamento-de-esplanadas-de-cafes-e-restaurantes-a-partir-de-18-de-maio\/#primaryimage","url":"https:\/\/www.altominho.tv\/site\/wp-content\/uploads\/2020\/05\/Caminha_Centro_Histo\u0301rico.jpg","contentUrl":"https:\/\/www.altominho.tv\/site\/wp-content\/uploads\/2020\/05\/Caminha_Centro_Histo\u0301rico.jpg","width":1500,"height":845},{"@type":"BreadcrumbList","@id":"https:\/\/www.altominho.tv\/site\/2020\/05\/14\/caminha-autoriza-alargamento-de-esplanadas-de-cafes-e-restaurantes-a-partir-de-18-de-maio\/#breadcrumb","itemListElement":[{"@type":"ListItem","position":1,"name":"In\u00edcio","item":"https:\/\/www.altominho.tv\/site\/"},{"@type":"ListItem","position":2,"name":"Caminha autoriza alargamento de esplanadas de caf\u00e9s e restaurantes a partir de 18 de Maio"}]},{"@type":"WebSite","@id":"https:\/\/www.altominho.tv\/site\/#website","url":"https:\/\/www.altominho.tv\/site\/","name":"Altominho.tv","description":"A sua regi\u00e3o \u00e0 dist\u00e2ncia de um clique...","potentialAction":[{"@type":"SearchAction","target":{"@type":"EntryPoint","urlTemplate":"https:\/\/www.altominho.tv\/site\/?s={search_term_string}"},"query-input":{"@type":"PropertyValueSpecification","valueRequired":true,"valueName":"search_term_string"}}],"inLanguage":"pt-PT"},{"@type":"Person","@id":"https:\/\/www.altominho.tv\/site\/#\/schema\/person\/4e536851627d7914baf3dac752b6af22","name":"Altominho.tv","image":{"@type":"ImageObject","inLanguage":"pt-PT","@id":"https:\/\/www.altominho.tv\/site\/wp-content\/uploads\/2019\/11\/Logo_Avatar_2-150x150.jpg","url":"https:\/\/www.altominho.tv\/site\/wp-content\/uploads\/2019\/11\/Logo_Avatar_2-150x150.jpg","contentUrl":"https:\/\/www.altominho.tv\/site\/wp-content\/uploads\/2019\/11\/Logo_Avatar_2-150x150.jpg","caption":"Altominho.tv"},"url":"https:\/\/www.altominho.tv\/site\/author\/altominhotv-tecnico\/"}]}},"_links":{"self":[{"href":"https:\/\/www.altominho.tv\/site\/wp-json\/wp\/v2\/posts\/46231","targetHints":{"allow":["GET"]}}],"collection":[{"href":"https:\/\/www.altominho.tv\/site\/wp-json\/wp\/v2\/posts"}],"about":[{"href":"https:\/\/www.altominho.tv\/site\/wp-json\/wp\/v2\/types\/post"}],"author":[{"embeddable":true,"href":"https:\/\/www.altominho.tv\/site\/wp-json\/wp\/v2\/users\/1"}],"replies":[{"embeddable":true,"href":"https:\/\/www.altominho.tv\/site\/wp-json\/wp\/v2\/comments?post=46231"}],"version-history":[{"count":0,"href":"https:\/\/www.altominho.tv\/site\/wp-json\/wp\/v2\/posts\/46231\/revisions"}],"wp:featuredmedia":[{"embeddable":true,"href":"https:\/\/www.altominho.tv\/site\/wp-json\/wp\/v2\/media\/46233"}],"wp:attachment":[{"href":"https:\/\/www.altominho.tv\/site\/wp-json\/wp\/v2\/media?parent=46231"}],"wp:term":[{"taxonomy":"category","embeddable":true,"href":"https:\/\/www.altominho.tv\/site\/wp-json\/wp\/v2\/categories?post=46231"},{"taxonomy":"post_tag","embeddable":true,"href":"https:\/\/www.altominho.tv\/site\/wp-json\/wp\/v2\/tags?post=46231"}],"curies":[{"name":"wp","href":"https:\/\/api.w.org\/{rel}","templated":true}]}}