{"id":46223,"date":"2020-05-13T20:57:16","date_gmt":"2020-05-13T19:57:16","guid":{"rendered":"http:\/\/www.altominho.tv\/site\/?p=46223"},"modified":"2020-05-13T20:57:24","modified_gmt":"2020-05-13T19:57:24","slug":"parque-nacional-peneda-geres-podera-ter-um-forte-crescimento-como-destino-de-ferias","status":"publish","type":"post","link":"https:\/\/www.altominho.tv\/site\/2020\/05\/13\/parque-nacional-peneda-geres-podera-ter-um-forte-crescimento-como-destino-de-ferias\/","title":{"rendered":"Parque Nacional Peneda-Ger\u00eas poder\u00e1 ter um forte crescimento como destino de f\u00e9rias"},"content":{"rendered":"<p><strong>O Parque Nacional Peneda-Ger\u00eas &#8220;pode ser uma nova escolha&#8221; para f\u00e9rias, podendo &#8220;at\u00e9 beneficiar mais do que o normal&#8221; durante a \u00e9poca balnear, depois do confinamento obrigat\u00f3rio provocado pelo novo coronav\u00edrus, disse hoje \u00e0 Lusa uma das respons\u00e1veis pelo local.<\/strong><\/p>\n<p>Em declara\u00e7\u00f5es \u00e0 Lusa, a respons\u00e1vel pela ADERE &#8211; Peneda Ger\u00eas, entidade privada sem fins lucrativos que desenvolve a sua atividade no Parque Nacional da Peneda Ger\u00eas, S\u00f3nia Almeida, garantiu ainda que a vigil\u00e2ncia do parque nacional &#8220;foi mantida&#8221;, assim como a limpeza de matas e a manuten\u00e7\u00e3o dos trilhos pedestres, pelo que aquela \u00e1rea protegida &#8220;n\u00e3o sofreu muito&#8221; com o estado de emerg\u00eancia e falta de visitantes.<\/p>\n<p>A respons\u00e1vel lembrou que o parque &#8220;nunca este totalmente fechado&#8221;, porque tem entre oito a nove mil pessoas a viverem dentro dos seus limites, que abrange 22 freguesias dos concelhos de Arcos de Valdevez, Melga\u00e7o, Montalegre, Ponte da Barca e Terras de Bouro, mas &#8220;houve consequ\u00eancias ao n\u00edvel do Turismo&#8221;, uma vez que os restaurantes, alojamentos e atividades recreativas estiveram encerrados.<\/p>\n<p>&#8220;O Parque tem a particularidade de ser habitado, pelo que continuou a circular gente nos limites dos concelhos e dentro do permitido pelo estado de emerg\u00eancia. O que n\u00e3o existiu foi turistas ou desportistas que habitualmente usavam os trilhos e os alojamentos&#8221;, explicou.<\/p>\n<p>Com o fim do confinamento e com a \u00e9poca de f\u00e9rias a aproximar-se, a respons\u00e1vel acredita que a atividade tur\u00edstica do Ger\u00eas poder\u00e1 n\u00e3o ser das mais afetadas.<\/p>\n<p>&#8220;<strong>O alojamento no parque \u00e9 maioritariamente turismo rural e j\u00e1 existe procura de casas para os meses de f\u00e9rias, mas com a diferen\u00e7a de que esta procura est\u00e1 a ser feita por mais turistas nacionais, que habitualmente iam para fora do pa\u00eds, e com prefer\u00eancia para o arrendamento de resid\u00eancias inteiras e n\u00e3o apenas quartos<\/strong>&#8220;, disse.<\/p>\n<p>S\u00f3nia Almeida referiu que &#8220;<strong>a atividade tur\u00edstica na zona pode at\u00e9 beneficiar mais do que o normal de outros anos, pela preocupa\u00e7\u00e3o dos turistas em sa\u00edrem do pa\u00eds<\/strong>&#8220;.<br \/>\nSegundo a respons\u00e1vel, &#8220;<strong>al\u00e9m da procura que j\u00e1 est\u00e1 a ser notada, est\u00e1 tamb\u00e9m a existir uma preocupa\u00e7\u00e3o por parte dos operadores em melhorarem a oferta<\/strong>&#8221; no que toca a garantias contra o novo coronavirus.<\/p>\n<p>&#8220;<strong>Os respons\u00e1veis [pelos alojamentos tur\u00edsticos] est\u00e3o sem d\u00favida a refor\u00e7ar a garantia de seguran\u00e7a, n\u00e3o s\u00f3 com a aplica\u00e7\u00e3o das normas exigidas pelo Governo mas tamb\u00e9m com a procura de conseguirem o selo &#8220;Clean and Safe&#8221;, que n\u00e3o \u00e9 obrigat\u00f3rio mas refor\u00e7a garantias<\/strong>&#8220;, explicou.<\/p>\n","protected":false},"excerpt":{"rendered":"<p>O Parque Nacional Peneda-Ger\u00eas &#8220;pode ser uma nova escolha&#8221; para f\u00e9rias, podendo &#8220;at\u00e9 beneficiar mais do que o normal&#8221; durante a \u00e9poca balnear, depois do confinamento obrigat\u00f3rio provocado pelo novo coronav\u00edrus, disse hoje \u00e0 Lusa uma das respons\u00e1veis pelo local. Em declara\u00e7\u00f5es \u00e0 Lusa, a respons\u00e1vel pela ADERE &#8211; Peneda Ger\u00eas, entidade privada sem fins [&hellip;]<\/p>\n","protected":false},"author":13,"featured_media":46224,"comment_status":"closed","ping_status":"closed","sticky":false,"template":"","format":"standard","meta":{"_exactmetrics_skip_tracking":false,"_exactmetrics_sitenote_active":false,"_exactmetrics_sitenote_note":"","_exactmetrics_sitenote_category":0,"footnotes":""},"categories":[73],"tags":[24],"class_list":["post-46223","post","type-post","status-publish","format-standard","has-post-thumbnail","hentry","category-alto-minho","tag-lazer"],"yoast_head":"<!-- This site is optimized with the Yoast SEO Premium plugin v27.4 (Yoast SEO v27.4) - https:\/\/yoast.com\/product\/yoast-seo-premium-wordpress\/ -->\n<title>Parque Nacional Peneda-Ger\u00eas poder\u00e1 ter um forte crescimento como destino de f\u00e9rias<\/title>\n<meta name=\"robots\" content=\"index, follow, max-snippet:-1, max-image-preview:large, max-video-preview:-1\" \/>\n<link rel=\"canonical\" href=\"https:\/\/www.altominho.tv\/site\/2020\/05\/13\/parque-nacional-peneda-geres-podera-ter-um-forte-crescimento-como-destino-de-ferias\/\" \/>\n<meta property=\"og:locale\" content=\"pt_PT\" \/>\n<meta property=\"og:type\" content=\"article\" \/>\n<meta property=\"og:title\" content=\"Parque Nacional Peneda-Ger\u00eas poder\u00e1 ter um forte crescimento como destino de f\u00e9rias\" \/>\n<meta property=\"og:description\" content=\"O Parque Nacional Peneda-Ger\u00eas &#8220;pode ser uma nova escolha&#8221; para f\u00e9rias, podendo &#8220;at\u00e9 beneficiar mais do que o normal&#8221; durante a \u00e9poca balnear, depois do confinamento obrigat\u00f3rio provocado pelo novo coronav\u00edrus, disse hoje \u00e0 Lusa uma das respons\u00e1veis pelo local. Em declara\u00e7\u00f5es \u00e0 Lusa, a respons\u00e1vel pela ADERE &#8211; Peneda Ger\u00eas, entidade privada sem fins [&hellip;]\" \/>\n<meta property=\"og:url\" content=\"https:\/\/www.altominho.tv\/site\/2020\/05\/13\/parque-nacional-peneda-geres-podera-ter-um-forte-crescimento-como-destino-de-ferias\/\" \/>\n<meta property=\"og:site_name\" content=\"Altominho.tv\" \/>\n<meta property=\"article:publisher\" content=\"https:\/\/www.facebook.com\/altominhotv\" \/>\n<meta property=\"article:published_time\" content=\"2020-05-13T19:57:16+00:00\" \/>\n<meta property=\"article:modified_time\" content=\"2020-05-13T19:57:24+00:00\" \/>\n<meta property=\"og:image\" content=\"https:\/\/www.altominho.tv\/site\/wp-content\/uploads\/2020\/05\/PNPG_Cavalo.jpg\" \/>\n\t<meta property=\"og:image:width\" content=\"1920\" \/>\n\t<meta property=\"og:image:height\" content=\"1080\" \/>\n\t<meta property=\"og:image:type\" content=\"image\/jpeg\" \/>\n<meta name=\"author\" content=\"Lusa\" \/>\n<meta name=\"twitter:card\" content=\"summary_large_image\" \/>\n<meta name=\"twitter:creator\" content=\"@altominhoTV\" \/>\n<meta name=\"twitter:site\" content=\"@altominhoTV\" \/>\n<meta name=\"twitter:label1\" content=\"Escrito por\" \/>\n\t<meta name=\"twitter:data1\" content=\"Lusa\" \/>\n\t<meta name=\"twitter:label2\" content=\"Tempo estimado de leitura\" \/>\n\t<meta name=\"twitter:data2\" content=\"2 minutos\" \/>\n<script type=\"application\/ld+json\" class=\"yoast-schema-graph\">{\"@context\":\"https:\\\/\\\/schema.org\",\"@graph\":[{\"@type\":\"Article\",\"@id\":\"https:\\\/\\\/www.altominho.tv\\\/site\\\/2020\\\/05\\\/13\\\/parque-nacional-peneda-geres-podera-ter-um-forte-crescimento-como-destino-de-ferias\\\/#article\",\"isPartOf\":{\"@id\":\"https:\\\/\\\/www.altominho.tv\\\/site\\\/2020\\\/05\\\/13\\\/parque-nacional-peneda-geres-podera-ter-um-forte-crescimento-como-destino-de-ferias\\\/\"},\"author\":{\"name\":\"Lusa\",\"@id\":\"https:\\\/\\\/www.altominho.tv\\\/site\\\/#\\\/schema\\\/person\\\/63f693da3e1899361cbe955c46f3232e\"},\"headline\":\"Parque Nacional Peneda-Ger\u00eas poder\u00e1 ter um forte crescimento como destino de f\u00e9rias\",\"datePublished\":\"2020-05-13T19:57:16+00:00\",\"dateModified\":\"2020-05-13T19:57:24+00:00\",\"mainEntityOfPage\":{\"@id\":\"https:\\\/\\\/www.altominho.tv\\\/site\\\/2020\\\/05\\\/13\\\/parque-nacional-peneda-geres-podera-ter-um-forte-crescimento-como-destino-de-ferias\\\/\"},\"wordCount\":464,\"image\":{\"@id\":\"https:\\\/\\\/www.altominho.tv\\\/site\\\/2020\\\/05\\\/13\\\/parque-nacional-peneda-geres-podera-ter-um-forte-crescimento-como-destino-de-ferias\\\/#primaryimage\"},\"thumbnailUrl\":\"https:\\\/\\\/www.altominho.tv\\\/site\\\/wp-content\\\/uploads\\\/2020\\\/05\\\/PNPG_Cavalo.jpg\",\"keywords\":[\"Lazer\"],\"articleSection\":[\"Alto Minho\"],\"inLanguage\":\"pt-PT\",\"copyrightYear\":\"2020\",\"copyrightHolder\":{\"@id\":\"https:\\\/\\\/www.altominho.tv\\\/site\\\/#organization\"}},{\"@type\":\"WebPage\",\"@id\":\"https:\\\/\\\/www.altominho.tv\\\/site\\\/2020\\\/05\\\/13\\\/parque-nacional-peneda-geres-podera-ter-um-forte-crescimento-como-destino-de-ferias\\\/\",\"url\":\"https:\\\/\\\/www.altominho.tv\\\/site\\\/2020\\\/05\\\/13\\\/parque-nacional-peneda-geres-podera-ter-um-forte-crescimento-como-destino-de-ferias\\\/\",\"name\":\"Parque Nacional Peneda-Ger\u00eas poder\u00e1 ter um forte crescimento como destino de f\u00e9rias\",\"isPartOf\":{\"@id\":\"https:\\\/\\\/www.altominho.tv\\\/site\\\/#website\"},\"primaryImageOfPage\":{\"@id\":\"https:\\\/\\\/www.altominho.tv\\\/site\\\/2020\\\/05\\\/13\\\/parque-nacional-peneda-geres-podera-ter-um-forte-crescimento-como-destino-de-ferias\\\/#primaryimage\"},\"image\":{\"@id\":\"https:\\\/\\\/www.altominho.tv\\\/site\\\/2020\\\/05\\\/13\\\/parque-nacional-peneda-geres-podera-ter-um-forte-crescimento-como-destino-de-ferias\\\/#primaryimage\"},\"thumbnailUrl\":\"https:\\\/\\\/www.altominho.tv\\\/site\\\/wp-content\\\/uploads\\\/2020\\\/05\\\/PNPG_Cavalo.jpg\",\"datePublished\":\"2020-05-13T19:57:16+00:00\",\"dateModified\":\"2020-05-13T19:57:24+00:00\",\"author\":{\"@id\":\"https:\\\/\\\/www.altominho.tv\\\/site\\\/#\\\/schema\\\/person\\\/63f693da3e1899361cbe955c46f3232e\"},\"breadcrumb\":{\"@id\":\"https:\\\/\\\/www.altominho.tv\\\/site\\\/2020\\\/05\\\/13\\\/parque-nacional-peneda-geres-podera-ter-um-forte-crescimento-como-destino-de-ferias\\\/#breadcrumb\"},\"inLanguage\":\"pt-PT\",\"potentialAction\":[{\"@type\":\"ReadAction\",\"target\":[\"https:\\\/\\\/www.altominho.tv\\\/site\\\/2020\\\/05\\\/13\\\/parque-nacional-peneda-geres-podera-ter-um-forte-crescimento-como-destino-de-ferias\\\/\"]}]},{\"@type\":\"ImageObject\",\"inLanguage\":\"pt-PT\",\"@id\":\"https:\\\/\\\/www.altominho.tv\\\/site\\\/2020\\\/05\\\/13\\\/parque-nacional-peneda-geres-podera-ter-um-forte-crescimento-como-destino-de-ferias\\\/#primaryimage\",\"url\":\"https:\\\/\\\/www.altominho.tv\\\/site\\\/wp-content\\\/uploads\\\/2020\\\/05\\\/PNPG_Cavalo.jpg\",\"contentUrl\":\"https:\\\/\\\/www.altominho.tv\\\/site\\\/wp-content\\\/uploads\\\/2020\\\/05\\\/PNPG_Cavalo.jpg\",\"width\":1920,\"height\":1080},{\"@type\":\"BreadcrumbList\",\"@id\":\"https:\\\/\\\/www.altominho.tv\\\/site\\\/2020\\\/05\\\/13\\\/parque-nacional-peneda-geres-podera-ter-um-forte-crescimento-como-destino-de-ferias\\\/#breadcrumb\",\"itemListElement\":[{\"@type\":\"ListItem\",\"position\":1,\"name\":\"In\u00edcio\",\"item\":\"https:\\\/\\\/www.altominho.tv\\\/site\\\/\"},{\"@type\":\"ListItem\",\"position\":2,\"name\":\"Parque Nacional Peneda-Ger\u00eas poder\u00e1 ter um forte crescimento como destino de f\u00e9rias\"}]},{\"@type\":\"WebSite\",\"@id\":\"https:\\\/\\\/www.altominho.tv\\\/site\\\/#website\",\"url\":\"https:\\\/\\\/www.altominho.tv\\\/site\\\/\",\"name\":\"Altominho.tv\",\"description\":\"A sua regi\u00e3o \u00e0 dist\u00e2ncia de um clique...\",\"potentialAction\":[{\"@type\":\"SearchAction\",\"target\":{\"@type\":\"EntryPoint\",\"urlTemplate\":\"https:\\\/\\\/www.altominho.tv\\\/site\\\/?s={search_term_string}\"},\"query-input\":{\"@type\":\"PropertyValueSpecification\",\"valueRequired\":true,\"valueName\":\"search_term_string\"}}],\"inLanguage\":\"pt-PT\"},{\"@type\":\"Person\",\"@id\":\"https:\\\/\\\/www.altominho.tv\\\/site\\\/#\\\/schema\\\/person\\\/63f693da3e1899361cbe955c46f3232e\",\"name\":\"Lusa\",\"image\":{\"@type\":\"ImageObject\",\"inLanguage\":\"pt-PT\",\"@id\":\"https:\\\/\\\/www.altominho.tv\\\/site\\\/wp-content\\\/uploads\\\/2019\\\/08\\\/LUSA_Logo.gif\",\"url\":\"https:\\\/\\\/www.altominho.tv\\\/site\\\/wp-content\\\/uploads\\\/2019\\\/08\\\/LUSA_Logo.gif\",\"contentUrl\":\"https:\\\/\\\/www.altominho.tv\\\/site\\\/wp-content\\\/uploads\\\/2019\\\/08\\\/LUSA_Logo.gif\",\"caption\":\"Lusa\"},\"sameAs\":[\"http:\\\/\\\/\\\/\\\/www.altominho.tv\\\/site\"],\"url\":\"https:\\\/\\\/www.altominho.tv\\\/site\\\/author\\\/lusa\\\/\"}]}<\/script>\n<!-- \/ Yoast SEO Premium plugin. -->","yoast_head_json":{"title":"Parque Nacional Peneda-Ger\u00eas poder\u00e1 ter um forte crescimento como destino de f\u00e9rias","robots":{"index":"index","follow":"follow","max-snippet":"max-snippet:-1","max-image-preview":"max-image-preview:large","max-video-preview":"max-video-preview:-1"},"canonical":"https:\/\/www.altominho.tv\/site\/2020\/05\/13\/parque-nacional-peneda-geres-podera-ter-um-forte-crescimento-como-destino-de-ferias\/","og_locale":"pt_PT","og_type":"article","og_title":"Parque Nacional Peneda-Ger\u00eas poder\u00e1 ter um forte crescimento como destino de f\u00e9rias","og_description":"O Parque Nacional Peneda-Ger\u00eas &#8220;pode ser uma nova escolha&#8221; para f\u00e9rias, podendo &#8220;at\u00e9 beneficiar mais do que o normal&#8221; durante a \u00e9poca balnear, depois do confinamento obrigat\u00f3rio provocado pelo novo coronav\u00edrus, disse hoje \u00e0 Lusa uma das respons\u00e1veis pelo local. Em declara\u00e7\u00f5es \u00e0 Lusa, a respons\u00e1vel pela ADERE &#8211; Peneda Ger\u00eas, entidade privada sem fins [&hellip;]","og_url":"https:\/\/www.altominho.tv\/site\/2020\/05\/13\/parque-nacional-peneda-geres-podera-ter-um-forte-crescimento-como-destino-de-ferias\/","og_site_name":"Altominho.tv","article_publisher":"https:\/\/www.facebook.com\/altominhotv","article_published_time":"2020-05-13T19:57:16+00:00","article_modified_time":"2020-05-13T19:57:24+00:00","og_image":[{"width":1920,"height":1080,"url":"https:\/\/www.altominho.tv\/site\/wp-content\/uploads\/2020\/05\/PNPG_Cavalo.jpg","type":"image\/jpeg"}],"author":"Lusa","twitter_card":"summary_large_image","twitter_creator":"@altominhoTV","twitter_site":"@altominhoTV","twitter_misc":{"Escrito por":"Lusa","Tempo estimado de leitura":"2 minutos"},"schema":{"@context":"https:\/\/schema.org","@graph":[{"@type":"Article","@id":"https:\/\/www.altominho.tv\/site\/2020\/05\/13\/parque-nacional-peneda-geres-podera-ter-um-forte-crescimento-como-destino-de-ferias\/#article","isPartOf":{"@id":"https:\/\/www.altominho.tv\/site\/2020\/05\/13\/parque-nacional-peneda-geres-podera-ter-um-forte-crescimento-como-destino-de-ferias\/"},"author":{"name":"Lusa","@id":"https:\/\/www.altominho.tv\/site\/#\/schema\/person\/63f693da3e1899361cbe955c46f3232e"},"headline":"Parque Nacional Peneda-Ger\u00eas poder\u00e1 ter um forte crescimento como destino de f\u00e9rias","datePublished":"2020-05-13T19:57:16+00:00","dateModified":"2020-05-13T19:57:24+00:00","mainEntityOfPage":{"@id":"https:\/\/www.altominho.tv\/site\/2020\/05\/13\/parque-nacional-peneda-geres-podera-ter-um-forte-crescimento-como-destino-de-ferias\/"},"wordCount":464,"image":{"@id":"https:\/\/www.altominho.tv\/site\/2020\/05\/13\/parque-nacional-peneda-geres-podera-ter-um-forte-crescimento-como-destino-de-ferias\/#primaryimage"},"thumbnailUrl":"https:\/\/www.altominho.tv\/site\/wp-content\/uploads\/2020\/05\/PNPG_Cavalo.jpg","keywords":["Lazer"],"articleSection":["Alto Minho"],"inLanguage":"pt-PT","copyrightYear":"2020","copyrightHolder":{"@id":"https:\/\/www.altominho.tv\/site\/#organization"}},{"@type":"WebPage","@id":"https:\/\/www.altominho.tv\/site\/2020\/05\/13\/parque-nacional-peneda-geres-podera-ter-um-forte-crescimento-como-destino-de-ferias\/","url":"https:\/\/www.altominho.tv\/site\/2020\/05\/13\/parque-nacional-peneda-geres-podera-ter-um-forte-crescimento-como-destino-de-ferias\/","name":"Parque Nacional Peneda-Ger\u00eas poder\u00e1 ter um forte crescimento como destino de f\u00e9rias","isPartOf":{"@id":"https:\/\/www.altominho.tv\/site\/#website"},"primaryImageOfPage":{"@id":"https:\/\/www.altominho.tv\/site\/2020\/05\/13\/parque-nacional-peneda-geres-podera-ter-um-forte-crescimento-como-destino-de-ferias\/#primaryimage"},"image":{"@id":"https:\/\/www.altominho.tv\/site\/2020\/05\/13\/parque-nacional-peneda-geres-podera-ter-um-forte-crescimento-como-destino-de-ferias\/#primaryimage"},"thumbnailUrl":"https:\/\/www.altominho.tv\/site\/wp-content\/uploads\/2020\/05\/PNPG_Cavalo.jpg","datePublished":"2020-05-13T19:57:16+00:00","dateModified":"2020-05-13T19:57:24+00:00","author":{"@id":"https:\/\/www.altominho.tv\/site\/#\/schema\/person\/63f693da3e1899361cbe955c46f3232e"},"breadcrumb":{"@id":"https:\/\/www.altominho.tv\/site\/2020\/05\/13\/parque-nacional-peneda-geres-podera-ter-um-forte-crescimento-como-destino-de-ferias\/#breadcrumb"},"inLanguage":"pt-PT","potentialAction":[{"@type":"ReadAction","target":["https:\/\/www.altominho.tv\/site\/2020\/05\/13\/parque-nacional-peneda-geres-podera-ter-um-forte-crescimento-como-destino-de-ferias\/"]}]},{"@type":"ImageObject","inLanguage":"pt-PT","@id":"https:\/\/www.altominho.tv\/site\/2020\/05\/13\/parque-nacional-peneda-geres-podera-ter-um-forte-crescimento-como-destino-de-ferias\/#primaryimage","url":"https:\/\/www.altominho.tv\/site\/wp-content\/uploads\/2020\/05\/PNPG_Cavalo.jpg","contentUrl":"https:\/\/www.altominho.tv\/site\/wp-content\/uploads\/2020\/05\/PNPG_Cavalo.jpg","width":1920,"height":1080},{"@type":"BreadcrumbList","@id":"https:\/\/www.altominho.tv\/site\/2020\/05\/13\/parque-nacional-peneda-geres-podera-ter-um-forte-crescimento-como-destino-de-ferias\/#breadcrumb","itemListElement":[{"@type":"ListItem","position":1,"name":"In\u00edcio","item":"https:\/\/www.altominho.tv\/site\/"},{"@type":"ListItem","position":2,"name":"Parque Nacional Peneda-Ger\u00eas poder\u00e1 ter um forte crescimento como destino de f\u00e9rias"}]},{"@type":"WebSite","@id":"https:\/\/www.altominho.tv\/site\/#website","url":"https:\/\/www.altominho.tv\/site\/","name":"Altominho.tv","description":"A sua regi\u00e3o \u00e0 dist\u00e2ncia de um clique...","potentialAction":[{"@type":"SearchAction","target":{"@type":"EntryPoint","urlTemplate":"https:\/\/www.altominho.tv\/site\/?s={search_term_string}"},"query-input":{"@type":"PropertyValueSpecification","valueRequired":true,"valueName":"search_term_string"}}],"inLanguage":"pt-PT"},{"@type":"Person","@id":"https:\/\/www.altominho.tv\/site\/#\/schema\/person\/63f693da3e1899361cbe955c46f3232e","name":"Lusa","image":{"@type":"ImageObject","inLanguage":"pt-PT","@id":"https:\/\/www.altominho.tv\/site\/wp-content\/uploads\/2019\/08\/LUSA_Logo.gif","url":"https:\/\/www.altominho.tv\/site\/wp-content\/uploads\/2019\/08\/LUSA_Logo.gif","contentUrl":"https:\/\/www.altominho.tv\/site\/wp-content\/uploads\/2019\/08\/LUSA_Logo.gif","caption":"Lusa"},"sameAs":["http:\/\/\/\/www.altominho.tv\/site"],"url":"https:\/\/www.altominho.tv\/site\/author\/lusa\/"}]}},"_links":{"self":[{"href":"https:\/\/www.altominho.tv\/site\/wp-json\/wp\/v2\/posts\/46223","targetHints":{"allow":["GET"]}}],"collection":[{"href":"https:\/\/www.altominho.tv\/site\/wp-json\/wp\/v2\/posts"}],"about":[{"href":"https:\/\/www.altominho.tv\/site\/wp-json\/wp\/v2\/types\/post"}],"author":[{"embeddable":true,"href":"https:\/\/www.altominho.tv\/site\/wp-json\/wp\/v2\/users\/13"}],"replies":[{"embeddable":true,"href":"https:\/\/www.altominho.tv\/site\/wp-json\/wp\/v2\/comments?post=46223"}],"version-history":[{"count":0,"href":"https:\/\/www.altominho.tv\/site\/wp-json\/wp\/v2\/posts\/46223\/revisions"}],"wp:featuredmedia":[{"embeddable":true,"href":"https:\/\/www.altominho.tv\/site\/wp-json\/wp\/v2\/media\/46224"}],"wp:attachment":[{"href":"https:\/\/www.altominho.tv\/site\/wp-json\/wp\/v2\/media?parent=46223"}],"wp:term":[{"taxonomy":"category","embeddable":true,"href":"https:\/\/www.altominho.tv\/site\/wp-json\/wp\/v2\/categories?post=46223"},{"taxonomy":"post_tag","embeddable":true,"href":"https:\/\/www.altominho.tv\/site\/wp-json\/wp\/v2\/tags?post=46223"}],"curies":[{"name":"wp","href":"https:\/\/api.w.org\/{rel}","templated":true}]}}