{"id":46192,"date":"2020-05-13T15:46:29","date_gmt":"2020-05-13T14:46:29","guid":{"rendered":"http:\/\/www.altominho.tv\/site\/?p=46192"},"modified":"2020-05-13T15:46:33","modified_gmt":"2020-05-13T14:46:33","slug":"empresa-de-viana-do-castelo-integra-restauro-da-catedral-de-santiago-de-compostela","status":"publish","type":"post","link":"https:\/\/www.altominho.tv\/site\/2020\/05\/13\/empresa-de-viana-do-castelo-integra-restauro-da-catedral-de-santiago-de-compostela\/","title":{"rendered":"Empresa de Viana do Castelo integra restauro da Catedral de Santiago de Compostela"},"content":{"rendered":"<p>O Atelier Samthiago, sediado em Viana do Castelo, especializado em trabalhos de restauro, est\u00e1 a trabalhar desde fevereiro na reabilita\u00e7\u00e3o das fachadas sul e oriental da catedral de Santiago de Compostela, capital da Galiza.<\/p>\n<p>&#8220;Trabalhar na catedral de Santiago \u00e9, neste momento, possivelmente, uma das mais importantes obras em curso, de restauro, no mundo. Se calhar, a par da catedral de Notre Dame, em Paris, ou logo a seguir \u00e9 a mais importante em curso. Pelo menos, na Europa, n\u00e3o conhe\u00e7o mais nenhuma com esta envergadura e, com esta import\u00e2ncia&#8221;, afirmou o\u00a0s\u00f3cio gerente., Carlos Costa.<\/p>\n<p>O respons\u00e1vel explicou \u00e0 Lusa que a equipa de t\u00e9cnicos que o atelier tem, em perman\u00eancia naquela obra, esteve envolvida na reabilita\u00e7\u00e3o da Torre del Tesouro da Catedral de Santiago, conclu\u00edda na \u00faltima semana.<\/p>\n<p>&#8220;\u00c9 um trabalho muito grande e muito complexo em termos de organiza\u00e7\u00e3o. Em termos t\u00e9cnicos \u00e9 um trabalho que estamos habituados a fazer. Esta semana come\u00e7amos o embasamento em m\u00e1rmore da capela-mor. \u00c9 uma pe\u00e7a muito importante. \u00c9 um trabalho desafiante, que temos de encarar com grande sentido responsabilidade&#8221;, sustentou o respons\u00e1vel pela empresa que, em 2018, passou a integrar a lista oficial de empresas prestadoras de servi\u00e7os autorizadas pelo Vaticano.<\/p>\n<p>Segundo fonte da funda\u00e7\u00e3o da Catedral de Santiago, as obras na catedral, situada na Pra\u00e7a do Obradoiro, iniciadas em 2013, t\u00eam conclus\u00e3o prevista para finais de 2020, num investimento de 18 milh\u00f5es de euros, financiado pela funda\u00e7\u00e3o e pelo governo espanhol.<\/p>\n<p>Constru\u00edda entre 1075 e 1128, em estilo rom\u00e2nico, a catedral sofreu v\u00e1rias reformas que lhe adicionaram elementos g\u00f3ticos, renascentistas e barrocos. Segundo a tradi\u00e7\u00e3o, acolhe o t\u00famulo do ap\u00f3stolo Santiago Maior, padroeiro e santo protetor de Espanha, o que a converteu no principal destino de peregrina\u00e7\u00e3o crist\u00e3 na Europa a seguir a Roma, atrav\u00e9s do chamado Caminho de Santiago, uma rota que se estendia por toda a Pen\u00ednsula Ib\u00e9rica e Europa Ocidental.<\/p>\n<p>O ano Jacobeu \u00e9 definido pela circunst\u00e2ncia de o dia de S. Tiago (Santiago) ser a um domingo. O pr\u00f3ximo acontecer\u00e1 a 25 de julho de 2021.<\/p>\n<p>Os Caminhos de Santiago, que atravessam Portugal de sul para norte, s\u00e3o seguidos pelos peregrinos h\u00e1 s\u00e9culos e t\u00eam como destino a Catedral de Santiago de Compostela, em Espanha.<\/p>\n<p>Atualmente podem identificar-se tr\u00eas percursos principais: o Caminho da Costa que parte do Porto e atravessa o Minho at\u00e9 Espanha, o Caminho Interior, que liga Viseu a Chaves, com sa\u00edda para Espanha por Vilarelho da Raia, e o Caminho Central Portugu\u00eas que sai da S\u00e9 de Lisboa e passa por Tomar, Coimbra at\u00e9 entrar no Porto e seguir depois para Norte.<\/p>\n<p>A catedral de Santiago \u00e9 o quarto monumento mais visitado de Espanha, e foi declarada Bem de Interesse Cultural em 1896, sendo que o conjunto da cidade velha de Santiago de Compostela est\u00e1 classificado como Patrim\u00f3nio Mundial da UNESCO.<\/p>\n<p>Em Portugal, o Atelier Samthiago j\u00e1 efetuou, entre outros, trabalhos de conserva\u00e7\u00e3o e restauro no Mosteiro dos Jer\u00f3nimos, Pal\u00e1cio Nacional da Pena, Igreja dos Cl\u00e9rigos, Catedral de Santar\u00e9m, da Guarda, de Viana do Castelo, de Silves, Pal\u00e1cio Nacional de Bel\u00e9m, Castelo S\u00e3o Jorge, entre outros.<br \/>\nAtualmente, a empresa portuguesa, que este ano cumpre 15 anos de atividade, est\u00e1 ainda envolvida no restauro da S\u00e9 do Funchal, na Madeira, &#8220;naquele que \u00e9 o maior contrato p\u00fablico de presta\u00e7\u00e3o de servi\u00e7os de conserva\u00e7\u00e3o e restauro alguma vez celebrado em Portugal&#8221;.<\/p>\n<p>A interven\u00e7\u00e3o, do Governo Regional da Madeira, dever\u00e1 estar conclu\u00edda em 2021.<\/p>\n","protected":false},"excerpt":{"rendered":"<p>O Atelier Samthiago, sediado em Viana do Castelo, especializado em trabalhos de restauro, est\u00e1 a trabalhar desde fevereiro na reabilita\u00e7\u00e3o das fachadas sul e oriental da catedral de Santiago de Compostela, capital da Galiza. &#8220;Trabalhar na catedral de Santiago \u00e9, neste momento, possivelmente, uma das mais importantes obras em curso, de restauro, no mundo. Se [&hellip;]<\/p>\n","protected":false},"author":13,"featured_media":46193,"comment_status":"closed","ping_status":"closed","sticky":false,"template":"","format":"standard","meta":{"_exactmetrics_skip_tracking":false,"_exactmetrics_sitenote_active":false,"_exactmetrics_sitenote_note":"","_exactmetrics_sitenote_category":0,"footnotes":""},"categories":[14],"tags":[27],"class_list":["post-46192","post","type-post","status-publish","format-standard","has-post-thumbnail","hentry","category-viana-do-castelo","tag-sociedade"],"yoast_head":"<!-- This site is optimized with the Yoast SEO Premium plugin v27.4 (Yoast SEO v27.4) - https:\/\/yoast.com\/product\/yoast-seo-premium-wordpress\/ -->\n<title>Empresa de Viana do Castelo integra restauro da Catedral de Santiago de Compostela<\/title>\n<meta name=\"robots\" content=\"index, follow, max-snippet:-1, max-image-preview:large, max-video-preview:-1\" \/>\n<link rel=\"canonical\" href=\"https:\/\/www.altominho.tv\/site\/2020\/05\/13\/empresa-de-viana-do-castelo-integra-restauro-da-catedral-de-santiago-de-compostela\/\" \/>\n<meta property=\"og:locale\" content=\"pt_PT\" \/>\n<meta property=\"og:type\" content=\"article\" \/>\n<meta property=\"og:title\" content=\"Empresa de Viana do Castelo integra restauro da Catedral de Santiago de Compostela\" \/>\n<meta property=\"og:description\" content=\"O Atelier Samthiago, sediado em Viana do Castelo, especializado em trabalhos de restauro, est\u00e1 a trabalhar desde fevereiro na reabilita\u00e7\u00e3o das fachadas sul e oriental da catedral de Santiago de Compostela, capital da Galiza. &#8220;Trabalhar na catedral de Santiago \u00e9, neste momento, possivelmente, uma das mais importantes obras em curso, de restauro, no mundo. Se [&hellip;]\" \/>\n<meta property=\"og:url\" content=\"https:\/\/www.altominho.tv\/site\/2020\/05\/13\/empresa-de-viana-do-castelo-integra-restauro-da-catedral-de-santiago-de-compostela\/\" \/>\n<meta property=\"og:site_name\" content=\"Altominho.tv\" \/>\n<meta property=\"article:publisher\" content=\"https:\/\/www.facebook.com\/altominhotv\" \/>\n<meta property=\"article:published_time\" content=\"2020-05-13T14:46:29+00:00\" \/>\n<meta property=\"article:modified_time\" content=\"2020-05-13T14:46:33+00:00\" \/>\n<meta property=\"og:image\" content=\"https:\/\/www.altominho.tv\/site\/wp-content\/uploads\/2020\/05\/cathedral-235228_1920.jpg\" \/>\n\t<meta property=\"og:image:width\" content=\"1920\" \/>\n\t<meta property=\"og:image:height\" content=\"1236\" \/>\n\t<meta property=\"og:image:type\" content=\"image\/jpeg\" \/>\n<meta name=\"author\" content=\"Lusa\" \/>\n<meta name=\"twitter:card\" content=\"summary_large_image\" \/>\n<meta name=\"twitter:creator\" content=\"@altominhoTV\" \/>\n<meta name=\"twitter:site\" content=\"@altominhoTV\" \/>\n<meta name=\"twitter:label1\" content=\"Escrito por\" \/>\n\t<meta name=\"twitter:data1\" content=\"Lusa\" \/>\n\t<meta name=\"twitter:label2\" content=\"Tempo estimado de leitura\" \/>\n\t<meta name=\"twitter:data2\" content=\"3 minutos\" \/>\n<script type=\"application\/ld+json\" class=\"yoast-schema-graph\">{\"@context\":\"https:\\\/\\\/schema.org\",\"@graph\":[{\"@type\":\"Article\",\"@id\":\"https:\\\/\\\/www.altominho.tv\\\/site\\\/2020\\\/05\\\/13\\\/empresa-de-viana-do-castelo-integra-restauro-da-catedral-de-santiago-de-compostela\\\/#article\",\"isPartOf\":{\"@id\":\"https:\\\/\\\/www.altominho.tv\\\/site\\\/2020\\\/05\\\/13\\\/empresa-de-viana-do-castelo-integra-restauro-da-catedral-de-santiago-de-compostela\\\/\"},\"author\":{\"name\":\"Lusa\",\"@id\":\"https:\\\/\\\/www.altominho.tv\\\/site\\\/#\\\/schema\\\/person\\\/63f693da3e1899361cbe955c46f3232e\"},\"headline\":\"Empresa de Viana do Castelo integra restauro da Catedral de Santiago de Compostela\",\"datePublished\":\"2020-05-13T14:46:29+00:00\",\"dateModified\":\"2020-05-13T14:46:33+00:00\",\"mainEntityOfPage\":{\"@id\":\"https:\\\/\\\/www.altominho.tv\\\/site\\\/2020\\\/05\\\/13\\\/empresa-de-viana-do-castelo-integra-restauro-da-catedral-de-santiago-de-compostela\\\/\"},\"wordCount\":619,\"image\":{\"@id\":\"https:\\\/\\\/www.altominho.tv\\\/site\\\/2020\\\/05\\\/13\\\/empresa-de-viana-do-castelo-integra-restauro-da-catedral-de-santiago-de-compostela\\\/#primaryimage\"},\"thumbnailUrl\":\"https:\\\/\\\/www.altominho.tv\\\/site\\\/wp-content\\\/uploads\\\/2020\\\/05\\\/cathedral-235228_1920.jpg\",\"keywords\":[\"Sociedade\"],\"articleSection\":[\"Viana do Castelo\"],\"inLanguage\":\"pt-PT\",\"copyrightYear\":\"2020\",\"copyrightHolder\":{\"@id\":\"https:\\\/\\\/www.altominho.tv\\\/site\\\/#organization\"}},{\"@type\":\"WebPage\",\"@id\":\"https:\\\/\\\/www.altominho.tv\\\/site\\\/2020\\\/05\\\/13\\\/empresa-de-viana-do-castelo-integra-restauro-da-catedral-de-santiago-de-compostela\\\/\",\"url\":\"https:\\\/\\\/www.altominho.tv\\\/site\\\/2020\\\/05\\\/13\\\/empresa-de-viana-do-castelo-integra-restauro-da-catedral-de-santiago-de-compostela\\\/\",\"name\":\"Empresa de Viana do Castelo integra restauro da Catedral de Santiago de Compostela\",\"isPartOf\":{\"@id\":\"https:\\\/\\\/www.altominho.tv\\\/site\\\/#website\"},\"primaryImageOfPage\":{\"@id\":\"https:\\\/\\\/www.altominho.tv\\\/site\\\/2020\\\/05\\\/13\\\/empresa-de-viana-do-castelo-integra-restauro-da-catedral-de-santiago-de-compostela\\\/#primaryimage\"},\"image\":{\"@id\":\"https:\\\/\\\/www.altominho.tv\\\/site\\\/2020\\\/05\\\/13\\\/empresa-de-viana-do-castelo-integra-restauro-da-catedral-de-santiago-de-compostela\\\/#primaryimage\"},\"thumbnailUrl\":\"https:\\\/\\\/www.altominho.tv\\\/site\\\/wp-content\\\/uploads\\\/2020\\\/05\\\/cathedral-235228_1920.jpg\",\"datePublished\":\"2020-05-13T14:46:29+00:00\",\"dateModified\":\"2020-05-13T14:46:33+00:00\",\"author\":{\"@id\":\"https:\\\/\\\/www.altominho.tv\\\/site\\\/#\\\/schema\\\/person\\\/63f693da3e1899361cbe955c46f3232e\"},\"breadcrumb\":{\"@id\":\"https:\\\/\\\/www.altominho.tv\\\/site\\\/2020\\\/05\\\/13\\\/empresa-de-viana-do-castelo-integra-restauro-da-catedral-de-santiago-de-compostela\\\/#breadcrumb\"},\"inLanguage\":\"pt-PT\",\"potentialAction\":[{\"@type\":\"ReadAction\",\"target\":[\"https:\\\/\\\/www.altominho.tv\\\/site\\\/2020\\\/05\\\/13\\\/empresa-de-viana-do-castelo-integra-restauro-da-catedral-de-santiago-de-compostela\\\/\"]}]},{\"@type\":\"ImageObject\",\"inLanguage\":\"pt-PT\",\"@id\":\"https:\\\/\\\/www.altominho.tv\\\/site\\\/2020\\\/05\\\/13\\\/empresa-de-viana-do-castelo-integra-restauro-da-catedral-de-santiago-de-compostela\\\/#primaryimage\",\"url\":\"https:\\\/\\\/www.altominho.tv\\\/site\\\/wp-content\\\/uploads\\\/2020\\\/05\\\/cathedral-235228_1920.jpg\",\"contentUrl\":\"https:\\\/\\\/www.altominho.tv\\\/site\\\/wp-content\\\/uploads\\\/2020\\\/05\\\/cathedral-235228_1920.jpg\",\"width\":1920,\"height\":1236,\"caption\":\"PIXABAY\"},{\"@type\":\"BreadcrumbList\",\"@id\":\"https:\\\/\\\/www.altominho.tv\\\/site\\\/2020\\\/05\\\/13\\\/empresa-de-viana-do-castelo-integra-restauro-da-catedral-de-santiago-de-compostela\\\/#breadcrumb\",\"itemListElement\":[{\"@type\":\"ListItem\",\"position\":1,\"name\":\"In\u00edcio\",\"item\":\"https:\\\/\\\/www.altominho.tv\\\/site\\\/\"},{\"@type\":\"ListItem\",\"position\":2,\"name\":\"Empresa de Viana do Castelo integra restauro da Catedral de Santiago de Compostela\"}]},{\"@type\":\"WebSite\",\"@id\":\"https:\\\/\\\/www.altominho.tv\\\/site\\\/#website\",\"url\":\"https:\\\/\\\/www.altominho.tv\\\/site\\\/\",\"name\":\"Altominho.tv\",\"description\":\"A sua regi\u00e3o \u00e0 dist\u00e2ncia de um clique...\",\"potentialAction\":[{\"@type\":\"SearchAction\",\"target\":{\"@type\":\"EntryPoint\",\"urlTemplate\":\"https:\\\/\\\/www.altominho.tv\\\/site\\\/?s={search_term_string}\"},\"query-input\":{\"@type\":\"PropertyValueSpecification\",\"valueRequired\":true,\"valueName\":\"search_term_string\"}}],\"inLanguage\":\"pt-PT\"},{\"@type\":\"Person\",\"@id\":\"https:\\\/\\\/www.altominho.tv\\\/site\\\/#\\\/schema\\\/person\\\/63f693da3e1899361cbe955c46f3232e\",\"name\":\"Lusa\",\"image\":{\"@type\":\"ImageObject\",\"inLanguage\":\"pt-PT\",\"@id\":\"https:\\\/\\\/www.altominho.tv\\\/site\\\/wp-content\\\/uploads\\\/2019\\\/08\\\/LUSA_Logo.gif\",\"url\":\"https:\\\/\\\/www.altominho.tv\\\/site\\\/wp-content\\\/uploads\\\/2019\\\/08\\\/LUSA_Logo.gif\",\"contentUrl\":\"https:\\\/\\\/www.altominho.tv\\\/site\\\/wp-content\\\/uploads\\\/2019\\\/08\\\/LUSA_Logo.gif\",\"caption\":\"Lusa\"},\"sameAs\":[\"http:\\\/\\\/\\\/\\\/www.altominho.tv\\\/site\"],\"url\":\"https:\\\/\\\/www.altominho.tv\\\/site\\\/author\\\/lusa\\\/\"}]}<\/script>\n<!-- \/ Yoast SEO Premium plugin. -->","yoast_head_json":{"title":"Empresa de Viana do Castelo integra restauro da Catedral de Santiago de Compostela","robots":{"index":"index","follow":"follow","max-snippet":"max-snippet:-1","max-image-preview":"max-image-preview:large","max-video-preview":"max-video-preview:-1"},"canonical":"https:\/\/www.altominho.tv\/site\/2020\/05\/13\/empresa-de-viana-do-castelo-integra-restauro-da-catedral-de-santiago-de-compostela\/","og_locale":"pt_PT","og_type":"article","og_title":"Empresa de Viana do Castelo integra restauro da Catedral de Santiago de Compostela","og_description":"O Atelier Samthiago, sediado em Viana do Castelo, especializado em trabalhos de restauro, est\u00e1 a trabalhar desde fevereiro na reabilita\u00e7\u00e3o das fachadas sul e oriental da catedral de Santiago de Compostela, capital da Galiza. &#8220;Trabalhar na catedral de Santiago \u00e9, neste momento, possivelmente, uma das mais importantes obras em curso, de restauro, no mundo. Se [&hellip;]","og_url":"https:\/\/www.altominho.tv\/site\/2020\/05\/13\/empresa-de-viana-do-castelo-integra-restauro-da-catedral-de-santiago-de-compostela\/","og_site_name":"Altominho.tv","article_publisher":"https:\/\/www.facebook.com\/altominhotv","article_published_time":"2020-05-13T14:46:29+00:00","article_modified_time":"2020-05-13T14:46:33+00:00","og_image":[{"width":1920,"height":1236,"url":"https:\/\/www.altominho.tv\/site\/wp-content\/uploads\/2020\/05\/cathedral-235228_1920.jpg","type":"image\/jpeg"}],"author":"Lusa","twitter_card":"summary_large_image","twitter_creator":"@altominhoTV","twitter_site":"@altominhoTV","twitter_misc":{"Escrito por":"Lusa","Tempo estimado de leitura":"3 minutos"},"schema":{"@context":"https:\/\/schema.org","@graph":[{"@type":"Article","@id":"https:\/\/www.altominho.tv\/site\/2020\/05\/13\/empresa-de-viana-do-castelo-integra-restauro-da-catedral-de-santiago-de-compostela\/#article","isPartOf":{"@id":"https:\/\/www.altominho.tv\/site\/2020\/05\/13\/empresa-de-viana-do-castelo-integra-restauro-da-catedral-de-santiago-de-compostela\/"},"author":{"name":"Lusa","@id":"https:\/\/www.altominho.tv\/site\/#\/schema\/person\/63f693da3e1899361cbe955c46f3232e"},"headline":"Empresa de Viana do Castelo integra restauro da Catedral de Santiago de Compostela","datePublished":"2020-05-13T14:46:29+00:00","dateModified":"2020-05-13T14:46:33+00:00","mainEntityOfPage":{"@id":"https:\/\/www.altominho.tv\/site\/2020\/05\/13\/empresa-de-viana-do-castelo-integra-restauro-da-catedral-de-santiago-de-compostela\/"},"wordCount":619,"image":{"@id":"https:\/\/www.altominho.tv\/site\/2020\/05\/13\/empresa-de-viana-do-castelo-integra-restauro-da-catedral-de-santiago-de-compostela\/#primaryimage"},"thumbnailUrl":"https:\/\/www.altominho.tv\/site\/wp-content\/uploads\/2020\/05\/cathedral-235228_1920.jpg","keywords":["Sociedade"],"articleSection":["Viana do Castelo"],"inLanguage":"pt-PT","copyrightYear":"2020","copyrightHolder":{"@id":"https:\/\/www.altominho.tv\/site\/#organization"}},{"@type":"WebPage","@id":"https:\/\/www.altominho.tv\/site\/2020\/05\/13\/empresa-de-viana-do-castelo-integra-restauro-da-catedral-de-santiago-de-compostela\/","url":"https:\/\/www.altominho.tv\/site\/2020\/05\/13\/empresa-de-viana-do-castelo-integra-restauro-da-catedral-de-santiago-de-compostela\/","name":"Empresa de Viana do Castelo integra restauro da Catedral de Santiago de Compostela","isPartOf":{"@id":"https:\/\/www.altominho.tv\/site\/#website"},"primaryImageOfPage":{"@id":"https:\/\/www.altominho.tv\/site\/2020\/05\/13\/empresa-de-viana-do-castelo-integra-restauro-da-catedral-de-santiago-de-compostela\/#primaryimage"},"image":{"@id":"https:\/\/www.altominho.tv\/site\/2020\/05\/13\/empresa-de-viana-do-castelo-integra-restauro-da-catedral-de-santiago-de-compostela\/#primaryimage"},"thumbnailUrl":"https:\/\/www.altominho.tv\/site\/wp-content\/uploads\/2020\/05\/cathedral-235228_1920.jpg","datePublished":"2020-05-13T14:46:29+00:00","dateModified":"2020-05-13T14:46:33+00:00","author":{"@id":"https:\/\/www.altominho.tv\/site\/#\/schema\/person\/63f693da3e1899361cbe955c46f3232e"},"breadcrumb":{"@id":"https:\/\/www.altominho.tv\/site\/2020\/05\/13\/empresa-de-viana-do-castelo-integra-restauro-da-catedral-de-santiago-de-compostela\/#breadcrumb"},"inLanguage":"pt-PT","potentialAction":[{"@type":"ReadAction","target":["https:\/\/www.altominho.tv\/site\/2020\/05\/13\/empresa-de-viana-do-castelo-integra-restauro-da-catedral-de-santiago-de-compostela\/"]}]},{"@type":"ImageObject","inLanguage":"pt-PT","@id":"https:\/\/www.altominho.tv\/site\/2020\/05\/13\/empresa-de-viana-do-castelo-integra-restauro-da-catedral-de-santiago-de-compostela\/#primaryimage","url":"https:\/\/www.altominho.tv\/site\/wp-content\/uploads\/2020\/05\/cathedral-235228_1920.jpg","contentUrl":"https:\/\/www.altominho.tv\/site\/wp-content\/uploads\/2020\/05\/cathedral-235228_1920.jpg","width":1920,"height":1236,"caption":"PIXABAY"},{"@type":"BreadcrumbList","@id":"https:\/\/www.altominho.tv\/site\/2020\/05\/13\/empresa-de-viana-do-castelo-integra-restauro-da-catedral-de-santiago-de-compostela\/#breadcrumb","itemListElement":[{"@type":"ListItem","position":1,"name":"In\u00edcio","item":"https:\/\/www.altominho.tv\/site\/"},{"@type":"ListItem","position":2,"name":"Empresa de Viana do Castelo integra restauro da Catedral de Santiago de Compostela"}]},{"@type":"WebSite","@id":"https:\/\/www.altominho.tv\/site\/#website","url":"https:\/\/www.altominho.tv\/site\/","name":"Altominho.tv","description":"A sua regi\u00e3o \u00e0 dist\u00e2ncia de um clique...","potentialAction":[{"@type":"SearchAction","target":{"@type":"EntryPoint","urlTemplate":"https:\/\/www.altominho.tv\/site\/?s={search_term_string}"},"query-input":{"@type":"PropertyValueSpecification","valueRequired":true,"valueName":"search_term_string"}}],"inLanguage":"pt-PT"},{"@type":"Person","@id":"https:\/\/www.altominho.tv\/site\/#\/schema\/person\/63f693da3e1899361cbe955c46f3232e","name":"Lusa","image":{"@type":"ImageObject","inLanguage":"pt-PT","@id":"https:\/\/www.altominho.tv\/site\/wp-content\/uploads\/2019\/08\/LUSA_Logo.gif","url":"https:\/\/www.altominho.tv\/site\/wp-content\/uploads\/2019\/08\/LUSA_Logo.gif","contentUrl":"https:\/\/www.altominho.tv\/site\/wp-content\/uploads\/2019\/08\/LUSA_Logo.gif","caption":"Lusa"},"sameAs":["http:\/\/\/\/www.altominho.tv\/site"],"url":"https:\/\/www.altominho.tv\/site\/author\/lusa\/"}]}},"_links":{"self":[{"href":"https:\/\/www.altominho.tv\/site\/wp-json\/wp\/v2\/posts\/46192","targetHints":{"allow":["GET"]}}],"collection":[{"href":"https:\/\/www.altominho.tv\/site\/wp-json\/wp\/v2\/posts"}],"about":[{"href":"https:\/\/www.altominho.tv\/site\/wp-json\/wp\/v2\/types\/post"}],"author":[{"embeddable":true,"href":"https:\/\/www.altominho.tv\/site\/wp-json\/wp\/v2\/users\/13"}],"replies":[{"embeddable":true,"href":"https:\/\/www.altominho.tv\/site\/wp-json\/wp\/v2\/comments?post=46192"}],"version-history":[{"count":0,"href":"https:\/\/www.altominho.tv\/site\/wp-json\/wp\/v2\/posts\/46192\/revisions"}],"wp:featuredmedia":[{"embeddable":true,"href":"https:\/\/www.altominho.tv\/site\/wp-json\/wp\/v2\/media\/46193"}],"wp:attachment":[{"href":"https:\/\/www.altominho.tv\/site\/wp-json\/wp\/v2\/media?parent=46192"}],"wp:term":[{"taxonomy":"category","embeddable":true,"href":"https:\/\/www.altominho.tv\/site\/wp-json\/wp\/v2\/categories?post=46192"},{"taxonomy":"post_tag","embeddable":true,"href":"https:\/\/www.altominho.tv\/site\/wp-json\/wp\/v2\/tags?post=46192"}],"curies":[{"name":"wp","href":"https:\/\/api.w.org\/{rel}","templated":true}]}}