{"id":46162,"date":"2020-05-13T10:50:00","date_gmt":"2020-05-13T09:50:00","guid":{"rendered":"http:\/\/www.altominho.tv\/site\/?p=46162"},"modified":"2020-05-13T10:50:05","modified_gmt":"2020-05-13T09:50:05","slug":"biblioteca-municipal-de-arcos-de-valdevez-reabre-ao-publico","status":"publish","type":"post","link":"https:\/\/www.altominho.tv\/site\/2020\/05\/13\/biblioteca-municipal-de-arcos-de-valdevez-reabre-ao-publico\/","title":{"rendered":"Biblioteca Municipal de Arcos de Valdevez reabre ao p\u00fablico"},"content":{"rendered":"\n<p>O Munic\u00edpio de Arcos de Valdevez reabriu ao p\u00fablico, de forma presencial, o Servi\u00e7o de Empr\u00e9stimo de Publica\u00e7\u00f5es da Biblioteca Municipal Tomaz de Figueiredo.<\/p>\n\n\n\n<p>A C\u00e2mara de Arcos de Valdevez informou que &#8220;O utilizador deve preferencialmente aceder ao cat\u00e1logo da Rede de Bibliotecas de Arcos de Valdevez para facilitar a escolha e reserva das publica\u00e7\u00f5es pretendidas, dispon\u00edvel on-line&#8221;.<\/p>\n\n\n\n<p>Em alternativa, pode utilizar o endere\u00e7o eletr\u00f3nico\u00a0da Biblioteca, o telefone direto da Biblioteca\/Casa das Artes ou as Redes Sociais.<\/p>\n\n\n\n<p>O levantamento de livros \u00e9 presencial e limitado a uma pessoa de cada vez, sendo obrigat\u00f3rio o uso de m\u00e1scara pr\u00f3pria e a higieniza\u00e7\u00e3o das m\u00e3os, no local.<\/p>\n\n\n\n<p>Desta forma, &#8220;o Munic\u00edpio pretende incentivar e relembrar a import\u00e2ncia do livro e da leitura em momentos de confinamento social&#8221;.<\/p>\n","protected":false},"excerpt":{"rendered":"<p>O Munic\u00edpio de Arcos de Valdevez reabriu ao p\u00fablico, de forma presencial, o Servi\u00e7o de Empr\u00e9stimo de Publica\u00e7\u00f5es da Biblioteca Municipal Tomaz de Figueiredo. A C\u00e2mara de Arcos de Valdevez informou que &#8220;O utilizador deve preferencialmente aceder ao cat\u00e1logo da Rede de Bibliotecas de Arcos de Valdevez para facilitar a escolha e reserva das publica\u00e7\u00f5es [&hellip;]<\/p>\n","protected":false},"author":7,"featured_media":46163,"comment_status":"closed","ping_status":"closed","sticky":false,"template":"","format":"standard","meta":{"_exactmetrics_skip_tracking":false,"_exactmetrics_sitenote_active":false,"_exactmetrics_sitenote_note":"","_exactmetrics_sitenote_category":0,"footnotes":""},"categories":[2],"tags":[19,27],"class_list":["post-46162","post","type-post","status-publish","format-standard","has-post-thumbnail","hentry","category-arcos-de-valdevez","tag-cultura","tag-sociedade"],"yoast_head":"<!-- This site is optimized with the Yoast SEO Premium plugin v27.4 (Yoast SEO v27.4) - https:\/\/yoast.com\/product\/yoast-seo-premium-wordpress\/ -->\n<title>Biblioteca Municipal de Arcos de Valdevez reabre ao p\u00fablico<\/title>\n<meta name=\"robots\" content=\"index, follow, max-snippet:-1, max-image-preview:large, max-video-preview:-1\" \/>\n<link rel=\"canonical\" href=\"https:\/\/www.altominho.tv\/site\/2020\/05\/13\/biblioteca-municipal-de-arcos-de-valdevez-reabre-ao-publico\/\" \/>\n<meta property=\"og:locale\" content=\"pt_PT\" \/>\n<meta property=\"og:type\" content=\"article\" \/>\n<meta property=\"og:title\" content=\"Biblioteca Municipal de Arcos de Valdevez reabre ao p\u00fablico\" \/>\n<meta property=\"og:description\" content=\"O Munic\u00edpio de Arcos de Valdevez reabriu ao p\u00fablico, de forma presencial, o Servi\u00e7o de Empr\u00e9stimo de Publica\u00e7\u00f5es da Biblioteca Municipal Tomaz de Figueiredo. A C\u00e2mara de Arcos de Valdevez informou que &#8220;O utilizador deve preferencialmente aceder ao cat\u00e1logo da Rede de Bibliotecas de Arcos de Valdevez para facilitar a escolha e reserva das publica\u00e7\u00f5es [&hellip;]\" \/>\n<meta property=\"og:url\" content=\"https:\/\/www.altominho.tv\/site\/2020\/05\/13\/biblioteca-municipal-de-arcos-de-valdevez-reabre-ao-publico\/\" \/>\n<meta property=\"og:site_name\" content=\"Altominho.tv\" \/>\n<meta property=\"article:publisher\" content=\"https:\/\/www.facebook.com\/altominhotv\" \/>\n<meta property=\"article:published_time\" content=\"2020-05-13T09:50:00+00:00\" \/>\n<meta property=\"article:modified_time\" content=\"2020-05-13T09:50:05+00:00\" \/>\n<meta property=\"og:image\" content=\"https:\/\/www.altominho.tv\/site\/wp-content\/uploads\/2020\/05\/biblioteca-arcos.jpg\" \/>\n\t<meta property=\"og:image:width\" content=\"512\" \/>\n\t<meta property=\"og:image:height\" content=\"326\" \/>\n\t<meta property=\"og:image:type\" content=\"image\/jpeg\" \/>\n<meta name=\"author\" content=\"Andreia Cunha\" \/>\n<meta name=\"twitter:card\" content=\"summary_large_image\" \/>\n<meta name=\"twitter:creator\" content=\"@altominhoTV\" \/>\n<meta name=\"twitter:site\" content=\"@altominhoTV\" \/>\n<meta name=\"twitter:label1\" content=\"Escrito por\" \/>\n\t<meta name=\"twitter:data1\" content=\"Andreia Cunha\" \/>\n\t<meta name=\"twitter:label2\" content=\"Tempo estimado de leitura\" \/>\n\t<meta name=\"twitter:data2\" content=\"1 minuto\" \/>\n<script type=\"application\/ld+json\" class=\"yoast-schema-graph\">{\"@context\":\"https:\\\/\\\/schema.org\",\"@graph\":[{\"@type\":\"Article\",\"@id\":\"https:\\\/\\\/www.altominho.tv\\\/site\\\/2020\\\/05\\\/13\\\/biblioteca-municipal-de-arcos-de-valdevez-reabre-ao-publico\\\/#article\",\"isPartOf\":{\"@id\":\"https:\\\/\\\/www.altominho.tv\\\/site\\\/2020\\\/05\\\/13\\\/biblioteca-municipal-de-arcos-de-valdevez-reabre-ao-publico\\\/\"},\"author\":{\"name\":\"Andreia Cunha\",\"@id\":\"https:\\\/\\\/www.altominho.tv\\\/site\\\/#\\\/schema\\\/person\\\/a0e4ef6d041f98ca284393d8f1d97153\"},\"headline\":\"Biblioteca Municipal de Arcos de Valdevez reabre ao p\u00fablico\",\"datePublished\":\"2020-05-13T09:50:00+00:00\",\"dateModified\":\"2020-05-13T09:50:05+00:00\",\"mainEntityOfPage\":{\"@id\":\"https:\\\/\\\/www.altominho.tv\\\/site\\\/2020\\\/05\\\/13\\\/biblioteca-municipal-de-arcos-de-valdevez-reabre-ao-publico\\\/\"},\"wordCount\":154,\"image\":{\"@id\":\"https:\\\/\\\/www.altominho.tv\\\/site\\\/2020\\\/05\\\/13\\\/biblioteca-municipal-de-arcos-de-valdevez-reabre-ao-publico\\\/#primaryimage\"},\"thumbnailUrl\":\"https:\\\/\\\/www.altominho.tv\\\/site\\\/wp-content\\\/uploads\\\/2020\\\/05\\\/biblioteca-arcos.jpg\",\"keywords\":[\"Cultura\",\"Sociedade\"],\"articleSection\":[\"Arcos de Valdevez\"],\"inLanguage\":\"pt-PT\",\"copyrightYear\":\"2020\",\"copyrightHolder\":{\"@id\":\"https:\\\/\\\/www.altominho.tv\\\/site\\\/#organization\"}},{\"@type\":\"WebPage\",\"@id\":\"https:\\\/\\\/www.altominho.tv\\\/site\\\/2020\\\/05\\\/13\\\/biblioteca-municipal-de-arcos-de-valdevez-reabre-ao-publico\\\/\",\"url\":\"https:\\\/\\\/www.altominho.tv\\\/site\\\/2020\\\/05\\\/13\\\/biblioteca-municipal-de-arcos-de-valdevez-reabre-ao-publico\\\/\",\"name\":\"Biblioteca Municipal de Arcos de Valdevez reabre ao p\u00fablico\",\"isPartOf\":{\"@id\":\"https:\\\/\\\/www.altominho.tv\\\/site\\\/#website\"},\"primaryImageOfPage\":{\"@id\":\"https:\\\/\\\/www.altominho.tv\\\/site\\\/2020\\\/05\\\/13\\\/biblioteca-municipal-de-arcos-de-valdevez-reabre-ao-publico\\\/#primaryimage\"},\"image\":{\"@id\":\"https:\\\/\\\/www.altominho.tv\\\/site\\\/2020\\\/05\\\/13\\\/biblioteca-municipal-de-arcos-de-valdevez-reabre-ao-publico\\\/#primaryimage\"},\"thumbnailUrl\":\"https:\\\/\\\/www.altominho.tv\\\/site\\\/wp-content\\\/uploads\\\/2020\\\/05\\\/biblioteca-arcos.jpg\",\"datePublished\":\"2020-05-13T09:50:00+00:00\",\"dateModified\":\"2020-05-13T09:50:05+00:00\",\"author\":{\"@id\":\"https:\\\/\\\/www.altominho.tv\\\/site\\\/#\\\/schema\\\/person\\\/a0e4ef6d041f98ca284393d8f1d97153\"},\"breadcrumb\":{\"@id\":\"https:\\\/\\\/www.altominho.tv\\\/site\\\/2020\\\/05\\\/13\\\/biblioteca-municipal-de-arcos-de-valdevez-reabre-ao-publico\\\/#breadcrumb\"},\"inLanguage\":\"pt-PT\",\"potentialAction\":[{\"@type\":\"ReadAction\",\"target\":[\"https:\\\/\\\/www.altominho.tv\\\/site\\\/2020\\\/05\\\/13\\\/biblioteca-municipal-de-arcos-de-valdevez-reabre-ao-publico\\\/\"]}]},{\"@type\":\"ImageObject\",\"inLanguage\":\"pt-PT\",\"@id\":\"https:\\\/\\\/www.altominho.tv\\\/site\\\/2020\\\/05\\\/13\\\/biblioteca-municipal-de-arcos-de-valdevez-reabre-ao-publico\\\/#primaryimage\",\"url\":\"https:\\\/\\\/www.altominho.tv\\\/site\\\/wp-content\\\/uploads\\\/2020\\\/05\\\/biblioteca-arcos.jpg\",\"contentUrl\":\"https:\\\/\\\/www.altominho.tv\\\/site\\\/wp-content\\\/uploads\\\/2020\\\/05\\\/biblioteca-arcos.jpg\",\"width\":512,\"height\":326},{\"@type\":\"BreadcrumbList\",\"@id\":\"https:\\\/\\\/www.altominho.tv\\\/site\\\/2020\\\/05\\\/13\\\/biblioteca-municipal-de-arcos-de-valdevez-reabre-ao-publico\\\/#breadcrumb\",\"itemListElement\":[{\"@type\":\"ListItem\",\"position\":1,\"name\":\"In\u00edcio\",\"item\":\"https:\\\/\\\/www.altominho.tv\\\/site\\\/\"},{\"@type\":\"ListItem\",\"position\":2,\"name\":\"Biblioteca Municipal de Arcos de Valdevez reabre ao p\u00fablico\"}]},{\"@type\":\"WebSite\",\"@id\":\"https:\\\/\\\/www.altominho.tv\\\/site\\\/#website\",\"url\":\"https:\\\/\\\/www.altominho.tv\\\/site\\\/\",\"name\":\"Altominho.tv\",\"description\":\"A sua regi\u00e3o \u00e0 dist\u00e2ncia de um clique...\",\"potentialAction\":[{\"@type\":\"SearchAction\",\"target\":{\"@type\":\"EntryPoint\",\"urlTemplate\":\"https:\\\/\\\/www.altominho.tv\\\/site\\\/?s={search_term_string}\"},\"query-input\":{\"@type\":\"PropertyValueSpecification\",\"valueRequired\":true,\"valueName\":\"search_term_string\"}}],\"inLanguage\":\"pt-PT\"},{\"@type\":\"Person\",\"@id\":\"https:\\\/\\\/www.altominho.tv\\\/site\\\/#\\\/schema\\\/person\\\/a0e4ef6d041f98ca284393d8f1d97153\",\"name\":\"Andreia Cunha\",\"image\":{\"@type\":\"ImageObject\",\"inLanguage\":\"pt-PT\",\"@id\":\"https:\\\/\\\/www.altominho.tv\\\/site\\\/wp-content\\\/uploads\\\/2017\\\/11\\\/Andreia_Cunha-1-150x150.jpg\",\"url\":\"https:\\\/\\\/www.altominho.tv\\\/site\\\/wp-content\\\/uploads\\\/2017\\\/11\\\/Andreia_Cunha-1-150x150.jpg\",\"contentUrl\":\"https:\\\/\\\/www.altominho.tv\\\/site\\\/wp-content\\\/uploads\\\/2017\\\/11\\\/Andreia_Cunha-1-150x150.jpg\",\"caption\":\"Andreia Cunha\"},\"url\":\"https:\\\/\\\/www.altominho.tv\\\/site\\\/author\\\/andreiacunha\\\/\"}]}<\/script>\n<!-- \/ Yoast SEO Premium plugin. -->","yoast_head_json":{"title":"Biblioteca Municipal de Arcos de Valdevez reabre ao p\u00fablico","robots":{"index":"index","follow":"follow","max-snippet":"max-snippet:-1","max-image-preview":"max-image-preview:large","max-video-preview":"max-video-preview:-1"},"canonical":"https:\/\/www.altominho.tv\/site\/2020\/05\/13\/biblioteca-municipal-de-arcos-de-valdevez-reabre-ao-publico\/","og_locale":"pt_PT","og_type":"article","og_title":"Biblioteca Municipal de Arcos de Valdevez reabre ao p\u00fablico","og_description":"O Munic\u00edpio de Arcos de Valdevez reabriu ao p\u00fablico, de forma presencial, o Servi\u00e7o de Empr\u00e9stimo de Publica\u00e7\u00f5es da Biblioteca Municipal Tomaz de Figueiredo. A C\u00e2mara de Arcos de Valdevez informou que &#8220;O utilizador deve preferencialmente aceder ao cat\u00e1logo da Rede de Bibliotecas de Arcos de Valdevez para facilitar a escolha e reserva das publica\u00e7\u00f5es [&hellip;]","og_url":"https:\/\/www.altominho.tv\/site\/2020\/05\/13\/biblioteca-municipal-de-arcos-de-valdevez-reabre-ao-publico\/","og_site_name":"Altominho.tv","article_publisher":"https:\/\/www.facebook.com\/altominhotv","article_published_time":"2020-05-13T09:50:00+00:00","article_modified_time":"2020-05-13T09:50:05+00:00","og_image":[{"width":512,"height":326,"url":"https:\/\/www.altominho.tv\/site\/wp-content\/uploads\/2020\/05\/biblioteca-arcos.jpg","type":"image\/jpeg"}],"author":"Andreia Cunha","twitter_card":"summary_large_image","twitter_creator":"@altominhoTV","twitter_site":"@altominhoTV","twitter_misc":{"Escrito por":"Andreia Cunha","Tempo estimado de leitura":"1 minuto"},"schema":{"@context":"https:\/\/schema.org","@graph":[{"@type":"Article","@id":"https:\/\/www.altominho.tv\/site\/2020\/05\/13\/biblioteca-municipal-de-arcos-de-valdevez-reabre-ao-publico\/#article","isPartOf":{"@id":"https:\/\/www.altominho.tv\/site\/2020\/05\/13\/biblioteca-municipal-de-arcos-de-valdevez-reabre-ao-publico\/"},"author":{"name":"Andreia Cunha","@id":"https:\/\/www.altominho.tv\/site\/#\/schema\/person\/a0e4ef6d041f98ca284393d8f1d97153"},"headline":"Biblioteca Municipal de Arcos de Valdevez reabre ao p\u00fablico","datePublished":"2020-05-13T09:50:00+00:00","dateModified":"2020-05-13T09:50:05+00:00","mainEntityOfPage":{"@id":"https:\/\/www.altominho.tv\/site\/2020\/05\/13\/biblioteca-municipal-de-arcos-de-valdevez-reabre-ao-publico\/"},"wordCount":154,"image":{"@id":"https:\/\/www.altominho.tv\/site\/2020\/05\/13\/biblioteca-municipal-de-arcos-de-valdevez-reabre-ao-publico\/#primaryimage"},"thumbnailUrl":"https:\/\/www.altominho.tv\/site\/wp-content\/uploads\/2020\/05\/biblioteca-arcos.jpg","keywords":["Cultura","Sociedade"],"articleSection":["Arcos de Valdevez"],"inLanguage":"pt-PT","copyrightYear":"2020","copyrightHolder":{"@id":"https:\/\/www.altominho.tv\/site\/#organization"}},{"@type":"WebPage","@id":"https:\/\/www.altominho.tv\/site\/2020\/05\/13\/biblioteca-municipal-de-arcos-de-valdevez-reabre-ao-publico\/","url":"https:\/\/www.altominho.tv\/site\/2020\/05\/13\/biblioteca-municipal-de-arcos-de-valdevez-reabre-ao-publico\/","name":"Biblioteca Municipal de Arcos de Valdevez reabre ao p\u00fablico","isPartOf":{"@id":"https:\/\/www.altominho.tv\/site\/#website"},"primaryImageOfPage":{"@id":"https:\/\/www.altominho.tv\/site\/2020\/05\/13\/biblioteca-municipal-de-arcos-de-valdevez-reabre-ao-publico\/#primaryimage"},"image":{"@id":"https:\/\/www.altominho.tv\/site\/2020\/05\/13\/biblioteca-municipal-de-arcos-de-valdevez-reabre-ao-publico\/#primaryimage"},"thumbnailUrl":"https:\/\/www.altominho.tv\/site\/wp-content\/uploads\/2020\/05\/biblioteca-arcos.jpg","datePublished":"2020-05-13T09:50:00+00:00","dateModified":"2020-05-13T09:50:05+00:00","author":{"@id":"https:\/\/www.altominho.tv\/site\/#\/schema\/person\/a0e4ef6d041f98ca284393d8f1d97153"},"breadcrumb":{"@id":"https:\/\/www.altominho.tv\/site\/2020\/05\/13\/biblioteca-municipal-de-arcos-de-valdevez-reabre-ao-publico\/#breadcrumb"},"inLanguage":"pt-PT","potentialAction":[{"@type":"ReadAction","target":["https:\/\/www.altominho.tv\/site\/2020\/05\/13\/biblioteca-municipal-de-arcos-de-valdevez-reabre-ao-publico\/"]}]},{"@type":"ImageObject","inLanguage":"pt-PT","@id":"https:\/\/www.altominho.tv\/site\/2020\/05\/13\/biblioteca-municipal-de-arcos-de-valdevez-reabre-ao-publico\/#primaryimage","url":"https:\/\/www.altominho.tv\/site\/wp-content\/uploads\/2020\/05\/biblioteca-arcos.jpg","contentUrl":"https:\/\/www.altominho.tv\/site\/wp-content\/uploads\/2020\/05\/biblioteca-arcos.jpg","width":512,"height":326},{"@type":"BreadcrumbList","@id":"https:\/\/www.altominho.tv\/site\/2020\/05\/13\/biblioteca-municipal-de-arcos-de-valdevez-reabre-ao-publico\/#breadcrumb","itemListElement":[{"@type":"ListItem","position":1,"name":"In\u00edcio","item":"https:\/\/www.altominho.tv\/site\/"},{"@type":"ListItem","position":2,"name":"Biblioteca Municipal de Arcos de Valdevez reabre ao p\u00fablico"}]},{"@type":"WebSite","@id":"https:\/\/www.altominho.tv\/site\/#website","url":"https:\/\/www.altominho.tv\/site\/","name":"Altominho.tv","description":"A sua regi\u00e3o \u00e0 dist\u00e2ncia de um clique...","potentialAction":[{"@type":"SearchAction","target":{"@type":"EntryPoint","urlTemplate":"https:\/\/www.altominho.tv\/site\/?s={search_term_string}"},"query-input":{"@type":"PropertyValueSpecification","valueRequired":true,"valueName":"search_term_string"}}],"inLanguage":"pt-PT"},{"@type":"Person","@id":"https:\/\/www.altominho.tv\/site\/#\/schema\/person\/a0e4ef6d041f98ca284393d8f1d97153","name":"Andreia Cunha","image":{"@type":"ImageObject","inLanguage":"pt-PT","@id":"https:\/\/www.altominho.tv\/site\/wp-content\/uploads\/2017\/11\/Andreia_Cunha-1-150x150.jpg","url":"https:\/\/www.altominho.tv\/site\/wp-content\/uploads\/2017\/11\/Andreia_Cunha-1-150x150.jpg","contentUrl":"https:\/\/www.altominho.tv\/site\/wp-content\/uploads\/2017\/11\/Andreia_Cunha-1-150x150.jpg","caption":"Andreia Cunha"},"url":"https:\/\/www.altominho.tv\/site\/author\/andreiacunha\/"}]}},"_links":{"self":[{"href":"https:\/\/www.altominho.tv\/site\/wp-json\/wp\/v2\/posts\/46162","targetHints":{"allow":["GET"]}}],"collection":[{"href":"https:\/\/www.altominho.tv\/site\/wp-json\/wp\/v2\/posts"}],"about":[{"href":"https:\/\/www.altominho.tv\/site\/wp-json\/wp\/v2\/types\/post"}],"author":[{"embeddable":true,"href":"https:\/\/www.altominho.tv\/site\/wp-json\/wp\/v2\/users\/7"}],"replies":[{"embeddable":true,"href":"https:\/\/www.altominho.tv\/site\/wp-json\/wp\/v2\/comments?post=46162"}],"version-history":[{"count":0,"href":"https:\/\/www.altominho.tv\/site\/wp-json\/wp\/v2\/posts\/46162\/revisions"}],"wp:featuredmedia":[{"embeddable":true,"href":"https:\/\/www.altominho.tv\/site\/wp-json\/wp\/v2\/media\/46163"}],"wp:attachment":[{"href":"https:\/\/www.altominho.tv\/site\/wp-json\/wp\/v2\/media?parent=46162"}],"wp:term":[{"taxonomy":"category","embeddable":true,"href":"https:\/\/www.altominho.tv\/site\/wp-json\/wp\/v2\/categories?post=46162"},{"taxonomy":"post_tag","embeddable":true,"href":"https:\/\/www.altominho.tv\/site\/wp-json\/wp\/v2\/tags?post=46162"}],"curies":[{"name":"wp","href":"https:\/\/api.w.org\/{rel}","templated":true}]}}