{"id":46151,"date":"2020-05-13T09:17:58","date_gmt":"2020-05-13T08:17:58","guid":{"rendered":"http:\/\/www.altominho.tv\/site\/?p=46151"},"modified":"2020-05-13T09:18:03","modified_gmt":"2020-05-13T08:18:03","slug":"governo-aprova-resolucao-que-mantem-fronteiras-encerradas-depois-do-dia-14","status":"publish","type":"post","link":"https:\/\/www.altominho.tv\/site\/2020\/05\/13\/governo-aprova-resolucao-que-mantem-fronteiras-encerradas-depois-do-dia-14\/","title":{"rendered":"Governo aprova resolu\u00e7\u00e3o que mant\u00e9m fronteiras encerradas depois do dia 14"},"content":{"rendered":"\n<p>O Conselho de Ministros aprovou a resolu\u00e7\u00e3o que vai manter para al\u00e9m do dia 14 de maio o encerramento das fronteiras terrestres com Espanha.<br><\/p>\n\n\n\n<p>\u201cO Conselho de Ministros aprovou a resolu\u00e7\u00e3o que prorroga a reposi\u00e7\u00e3o, a t\u00edtulo excecional e tempor\u00e1rio, do controlo de pessoas nas fronteiras, no \u00e2mbito da pandemia da doen\u00e7a covid-19\u201d, refere o comunicado divulgado no final da reuni\u00e3o extraordin\u00e1ria do Governo.<br><\/p>\n\n\n\n<p>Esta resolu\u00e7\u00e3o entra em vigor \u00e0s 00:00 horas do dia 14 de maio, quinta-feira.<br><\/p>\n\n\n\n<p>A indica\u00e7\u00e3o de que o controlo de pessoas nas fronteiras se manteria para al\u00e9m de 14 de maio j\u00e1 tinha sido dada pelo ministro da Administra\u00e7\u00e3o Interna, Eduardo Cabrita, durante uma audi\u00e7\u00e3o na comiss\u00e3o parlamentar de Assuntos Constitucionais.<br><\/p>\n\n\n\n<p>Na ocasi\u00e3o, o ministro n\u00e3o avan\u00e7ou uma data para a reabertura, tendo referido que est\u00e1 \u201cdependente do sucesso\u201d de Portugal e de Espanha na luta contra a covid-19.<br><\/p>\n\n\n\n<p>O controlo das fronteiras terrestres com Espanha est\u00e1 a ser feito desde as 23:00 do dia 16 de mar\u00e7o em nove pontos de passagem autorizada devido \u00e0 pandemia de covid-19.<br><\/p>\n\n\n\n<p>Os pontos de fronteira em funcionamento s\u00e3o Valen\u00e7a-Tui, Vila Verde da Raia-Ver\u00edn, Quintanilha-San Vitero, Vilar Formoso-Fuentes de O\u00f1oro, Termas de Monfortinho-Cilleros, Marv\u00e3o-Val\u00eancia de Alc\u00e2ntara, Caia-Badajoz, Vila Verde de Ficalho-Rosal de la Frontera e Castro Marim-Ayamonte.<br><\/p>\n\n\n\n<p>No \u00e2mbito do controlo das fronteiras, est\u00e3o impedidas as desloca\u00e7\u00f5es tur\u00edsticas e de lazer entre os dois pa\u00edses, sendo apenas permitida circula\u00e7\u00e3o de transportes de mercadorias e de trabalhadores transfronteiri\u00e7os.<br><\/p>\n\n\n\n<p>A n\u00edvel global, segundo um balan\u00e7o da ag\u00eancia de not\u00edcias AFP, a pandemia de covid-19 j\u00e1 provocou mais de 289 mil mortos e infetou mais de 4,2 milh\u00f5es de pessoas em 195 pa\u00edses e territ\u00f3rios.<br><\/p>\n\n\n\n<p>Mais de 1,4 milh\u00f5es de doentes foram considerados curados.<br><\/p>\n\n\n\n<p>Em Portugal, morreram 1.163 pessoas das 27.913 confirmadas como infetadas, e h\u00e1 3.013 casos recuperados, de acordo com a Dire\u00e7\u00e3o-Geral da Sa\u00fade.<br><\/p>\n\n\n\n<p>Portugal entrou no dia 03 de maio em situa\u00e7\u00e3o de calamidade devido \u00e0 pandemia, depois de tr\u00eas per\u00edodos consecutivos em estado de emerg\u00eancia desde 19 de mar\u00e7o.<\/p>\n","protected":false},"excerpt":{"rendered":"<p>O Conselho de Ministros aprovou a resolu\u00e7\u00e3o que vai manter para al\u00e9m do dia 14 de maio o encerramento das fronteiras terrestres com Espanha. \u201cO Conselho de Ministros aprovou a resolu\u00e7\u00e3o que prorroga a reposi\u00e7\u00e3o, a t\u00edtulo excecional e tempor\u00e1rio, do controlo de pessoas nas fronteiras, no \u00e2mbito da pandemia da doen\u00e7a covid-19\u201d, refere o [&hellip;]<\/p>\n","protected":false},"author":7,"featured_media":46153,"comment_status":"closed","ping_status":"closed","sticky":false,"template":"","format":"standard","meta":{"_exactmetrics_skip_tracking":false,"_exactmetrics_sitenote_active":false,"_exactmetrics_sitenote_note":"","_exactmetrics_sitenote_category":0,"footnotes":""},"categories":[73],"tags":[27],"class_list":["post-46151","post","type-post","status-publish","format-standard","has-post-thumbnail","hentry","category-alto-minho","tag-sociedade"],"yoast_head":"<!-- This site is optimized with the Yoast SEO Premium plugin v27.4 (Yoast SEO v27.4) - https:\/\/yoast.com\/product\/yoast-seo-premium-wordpress\/ -->\n<title>Governo aprova resolu\u00e7\u00e3o que mant\u00e9m fronteiras encerradas depois do dia 14<\/title>\n<meta name=\"robots\" content=\"index, follow, max-snippet:-1, max-image-preview:large, max-video-preview:-1\" \/>\n<link rel=\"canonical\" href=\"https:\/\/www.altominho.tv\/site\/2020\/05\/13\/governo-aprova-resolucao-que-mantem-fronteiras-encerradas-depois-do-dia-14\/\" \/>\n<meta property=\"og:locale\" content=\"pt_PT\" \/>\n<meta property=\"og:type\" content=\"article\" \/>\n<meta property=\"og:title\" content=\"Governo aprova resolu\u00e7\u00e3o que mant\u00e9m fronteiras encerradas depois do dia 14\" \/>\n<meta property=\"og:description\" content=\"O Conselho de Ministros aprovou a resolu\u00e7\u00e3o que vai manter para al\u00e9m do dia 14 de maio o encerramento das fronteiras terrestres com Espanha. \u201cO Conselho de Ministros aprovou a resolu\u00e7\u00e3o que prorroga a reposi\u00e7\u00e3o, a t\u00edtulo excecional e tempor\u00e1rio, do controlo de pessoas nas fronteiras, no \u00e2mbito da pandemia da doen\u00e7a covid-19\u201d, refere o [&hellip;]\" \/>\n<meta property=\"og:url\" content=\"https:\/\/www.altominho.tv\/site\/2020\/05\/13\/governo-aprova-resolucao-que-mantem-fronteiras-encerradas-depois-do-dia-14\/\" \/>\n<meta property=\"og:site_name\" content=\"Altominho.tv\" \/>\n<meta property=\"article:publisher\" content=\"https:\/\/www.facebook.com\/altominhotv\" \/>\n<meta property=\"article:published_time\" content=\"2020-05-13T08:17:58+00:00\" \/>\n<meta property=\"article:modified_time\" content=\"2020-05-13T08:18:03+00:00\" \/>\n<meta property=\"og:image\" content=\"https:\/\/www.altominho.tv\/site\/wp-content\/uploads\/2020\/05\/Fronteira_Valenc\u0327a-1.jpg\" \/>\n\t<meta property=\"og:image:width\" content=\"1800\" \/>\n\t<meta property=\"og:image:height\" content=\"1014\" \/>\n\t<meta property=\"og:image:type\" content=\"image\/jpeg\" \/>\n<meta name=\"author\" content=\"Andreia Cunha\" \/>\n<meta name=\"twitter:card\" content=\"summary_large_image\" \/>\n<meta name=\"twitter:creator\" content=\"@altominhoTV\" \/>\n<meta name=\"twitter:site\" content=\"@altominhoTV\" \/>\n<meta name=\"twitter:label1\" content=\"Escrito por\" \/>\n\t<meta name=\"twitter:data1\" content=\"Andreia Cunha\" \/>\n\t<meta name=\"twitter:label2\" content=\"Tempo estimado de leitura\" \/>\n\t<meta name=\"twitter:data2\" content=\"2 minutos\" \/>\n<script type=\"application\/ld+json\" class=\"yoast-schema-graph\">{\"@context\":\"https:\\\/\\\/schema.org\",\"@graph\":[{\"@type\":\"Article\",\"@id\":\"https:\\\/\\\/www.altominho.tv\\\/site\\\/2020\\\/05\\\/13\\\/governo-aprova-resolucao-que-mantem-fronteiras-encerradas-depois-do-dia-14\\\/#article\",\"isPartOf\":{\"@id\":\"https:\\\/\\\/www.altominho.tv\\\/site\\\/2020\\\/05\\\/13\\\/governo-aprova-resolucao-que-mantem-fronteiras-encerradas-depois-do-dia-14\\\/\"},\"author\":{\"name\":\"Andreia Cunha\",\"@id\":\"https:\\\/\\\/www.altominho.tv\\\/site\\\/#\\\/schema\\\/person\\\/a0e4ef6d041f98ca284393d8f1d97153\"},\"headline\":\"Governo aprova resolu\u00e7\u00e3o que mant\u00e9m fronteiras encerradas depois do dia 14\",\"datePublished\":\"2020-05-13T08:17:58+00:00\",\"dateModified\":\"2020-05-13T08:18:03+00:00\",\"mainEntityOfPage\":{\"@id\":\"https:\\\/\\\/www.altominho.tv\\\/site\\\/2020\\\/05\\\/13\\\/governo-aprova-resolucao-que-mantem-fronteiras-encerradas-depois-do-dia-14\\\/\"},\"wordCount\":374,\"image\":{\"@id\":\"https:\\\/\\\/www.altominho.tv\\\/site\\\/2020\\\/05\\\/13\\\/governo-aprova-resolucao-que-mantem-fronteiras-encerradas-depois-do-dia-14\\\/#primaryimage\"},\"thumbnailUrl\":\"https:\\\/\\\/www.altominho.tv\\\/site\\\/wp-content\\\/uploads\\\/2020\\\/05\\\/Fronteira_Valenc\u0327a-1.jpg\",\"keywords\":[\"Sociedade\"],\"articleSection\":[\"Alto Minho\"],\"inLanguage\":\"pt-PT\",\"copyrightYear\":\"2020\",\"copyrightHolder\":{\"@id\":\"https:\\\/\\\/www.altominho.tv\\\/site\\\/#organization\"}},{\"@type\":\"WebPage\",\"@id\":\"https:\\\/\\\/www.altominho.tv\\\/site\\\/2020\\\/05\\\/13\\\/governo-aprova-resolucao-que-mantem-fronteiras-encerradas-depois-do-dia-14\\\/\",\"url\":\"https:\\\/\\\/www.altominho.tv\\\/site\\\/2020\\\/05\\\/13\\\/governo-aprova-resolucao-que-mantem-fronteiras-encerradas-depois-do-dia-14\\\/\",\"name\":\"Governo aprova resolu\u00e7\u00e3o que mant\u00e9m fronteiras encerradas depois do dia 14\",\"isPartOf\":{\"@id\":\"https:\\\/\\\/www.altominho.tv\\\/site\\\/#website\"},\"primaryImageOfPage\":{\"@id\":\"https:\\\/\\\/www.altominho.tv\\\/site\\\/2020\\\/05\\\/13\\\/governo-aprova-resolucao-que-mantem-fronteiras-encerradas-depois-do-dia-14\\\/#primaryimage\"},\"image\":{\"@id\":\"https:\\\/\\\/www.altominho.tv\\\/site\\\/2020\\\/05\\\/13\\\/governo-aprova-resolucao-que-mantem-fronteiras-encerradas-depois-do-dia-14\\\/#primaryimage\"},\"thumbnailUrl\":\"https:\\\/\\\/www.altominho.tv\\\/site\\\/wp-content\\\/uploads\\\/2020\\\/05\\\/Fronteira_Valenc\u0327a-1.jpg\",\"datePublished\":\"2020-05-13T08:17:58+00:00\",\"dateModified\":\"2020-05-13T08:18:03+00:00\",\"author\":{\"@id\":\"https:\\\/\\\/www.altominho.tv\\\/site\\\/#\\\/schema\\\/person\\\/a0e4ef6d041f98ca284393d8f1d97153\"},\"breadcrumb\":{\"@id\":\"https:\\\/\\\/www.altominho.tv\\\/site\\\/2020\\\/05\\\/13\\\/governo-aprova-resolucao-que-mantem-fronteiras-encerradas-depois-do-dia-14\\\/#breadcrumb\"},\"inLanguage\":\"pt-PT\",\"potentialAction\":[{\"@type\":\"ReadAction\",\"target\":[\"https:\\\/\\\/www.altominho.tv\\\/site\\\/2020\\\/05\\\/13\\\/governo-aprova-resolucao-que-mantem-fronteiras-encerradas-depois-do-dia-14\\\/\"]}]},{\"@type\":\"ImageObject\",\"inLanguage\":\"pt-PT\",\"@id\":\"https:\\\/\\\/www.altominho.tv\\\/site\\\/2020\\\/05\\\/13\\\/governo-aprova-resolucao-que-mantem-fronteiras-encerradas-depois-do-dia-14\\\/#primaryimage\",\"url\":\"https:\\\/\\\/www.altominho.tv\\\/site\\\/wp-content\\\/uploads\\\/2020\\\/05\\\/Fronteira_Valenc\u0327a-1.jpg\",\"contentUrl\":\"https:\\\/\\\/www.altominho.tv\\\/site\\\/wp-content\\\/uploads\\\/2020\\\/05\\\/Fronteira_Valenc\u0327a-1.jpg\",\"width\":1800,\"height\":1014},{\"@type\":\"BreadcrumbList\",\"@id\":\"https:\\\/\\\/www.altominho.tv\\\/site\\\/2020\\\/05\\\/13\\\/governo-aprova-resolucao-que-mantem-fronteiras-encerradas-depois-do-dia-14\\\/#breadcrumb\",\"itemListElement\":[{\"@type\":\"ListItem\",\"position\":1,\"name\":\"In\u00edcio\",\"item\":\"https:\\\/\\\/www.altominho.tv\\\/site\\\/\"},{\"@type\":\"ListItem\",\"position\":2,\"name\":\"Governo aprova resolu\u00e7\u00e3o que mant\u00e9m fronteiras encerradas depois do dia 14\"}]},{\"@type\":\"WebSite\",\"@id\":\"https:\\\/\\\/www.altominho.tv\\\/site\\\/#website\",\"url\":\"https:\\\/\\\/www.altominho.tv\\\/site\\\/\",\"name\":\"Altominho.tv\",\"description\":\"A sua regi\u00e3o \u00e0 dist\u00e2ncia de um clique...\",\"potentialAction\":[{\"@type\":\"SearchAction\",\"target\":{\"@type\":\"EntryPoint\",\"urlTemplate\":\"https:\\\/\\\/www.altominho.tv\\\/site\\\/?s={search_term_string}\"},\"query-input\":{\"@type\":\"PropertyValueSpecification\",\"valueRequired\":true,\"valueName\":\"search_term_string\"}}],\"inLanguage\":\"pt-PT\"},{\"@type\":\"Person\",\"@id\":\"https:\\\/\\\/www.altominho.tv\\\/site\\\/#\\\/schema\\\/person\\\/a0e4ef6d041f98ca284393d8f1d97153\",\"name\":\"Andreia Cunha\",\"image\":{\"@type\":\"ImageObject\",\"inLanguage\":\"pt-PT\",\"@id\":\"https:\\\/\\\/www.altominho.tv\\\/site\\\/wp-content\\\/uploads\\\/2017\\\/11\\\/Andreia_Cunha-1-150x150.jpg\",\"url\":\"https:\\\/\\\/www.altominho.tv\\\/site\\\/wp-content\\\/uploads\\\/2017\\\/11\\\/Andreia_Cunha-1-150x150.jpg\",\"contentUrl\":\"https:\\\/\\\/www.altominho.tv\\\/site\\\/wp-content\\\/uploads\\\/2017\\\/11\\\/Andreia_Cunha-1-150x150.jpg\",\"caption\":\"Andreia Cunha\"},\"url\":\"https:\\\/\\\/www.altominho.tv\\\/site\\\/author\\\/andreiacunha\\\/\"}]}<\/script>\n<!-- \/ Yoast SEO Premium plugin. -->","yoast_head_json":{"title":"Governo aprova resolu\u00e7\u00e3o que mant\u00e9m fronteiras encerradas depois do dia 14","robots":{"index":"index","follow":"follow","max-snippet":"max-snippet:-1","max-image-preview":"max-image-preview:large","max-video-preview":"max-video-preview:-1"},"canonical":"https:\/\/www.altominho.tv\/site\/2020\/05\/13\/governo-aprova-resolucao-que-mantem-fronteiras-encerradas-depois-do-dia-14\/","og_locale":"pt_PT","og_type":"article","og_title":"Governo aprova resolu\u00e7\u00e3o que mant\u00e9m fronteiras encerradas depois do dia 14","og_description":"O Conselho de Ministros aprovou a resolu\u00e7\u00e3o que vai manter para al\u00e9m do dia 14 de maio o encerramento das fronteiras terrestres com Espanha. \u201cO Conselho de Ministros aprovou a resolu\u00e7\u00e3o que prorroga a reposi\u00e7\u00e3o, a t\u00edtulo excecional e tempor\u00e1rio, do controlo de pessoas nas fronteiras, no \u00e2mbito da pandemia da doen\u00e7a covid-19\u201d, refere o [&hellip;]","og_url":"https:\/\/www.altominho.tv\/site\/2020\/05\/13\/governo-aprova-resolucao-que-mantem-fronteiras-encerradas-depois-do-dia-14\/","og_site_name":"Altominho.tv","article_publisher":"https:\/\/www.facebook.com\/altominhotv","article_published_time":"2020-05-13T08:17:58+00:00","article_modified_time":"2020-05-13T08:18:03+00:00","og_image":[{"width":1800,"height":1014,"url":"https:\/\/www.altominho.tv\/site\/wp-content\/uploads\/2020\/05\/Fronteira_Valenc\u0327a-1.jpg","type":"image\/jpeg"}],"author":"Andreia Cunha","twitter_card":"summary_large_image","twitter_creator":"@altominhoTV","twitter_site":"@altominhoTV","twitter_misc":{"Escrito por":"Andreia Cunha","Tempo estimado de leitura":"2 minutos"},"schema":{"@context":"https:\/\/schema.org","@graph":[{"@type":"Article","@id":"https:\/\/www.altominho.tv\/site\/2020\/05\/13\/governo-aprova-resolucao-que-mantem-fronteiras-encerradas-depois-do-dia-14\/#article","isPartOf":{"@id":"https:\/\/www.altominho.tv\/site\/2020\/05\/13\/governo-aprova-resolucao-que-mantem-fronteiras-encerradas-depois-do-dia-14\/"},"author":{"name":"Andreia Cunha","@id":"https:\/\/www.altominho.tv\/site\/#\/schema\/person\/a0e4ef6d041f98ca284393d8f1d97153"},"headline":"Governo aprova resolu\u00e7\u00e3o que mant\u00e9m fronteiras encerradas depois do dia 14","datePublished":"2020-05-13T08:17:58+00:00","dateModified":"2020-05-13T08:18:03+00:00","mainEntityOfPage":{"@id":"https:\/\/www.altominho.tv\/site\/2020\/05\/13\/governo-aprova-resolucao-que-mantem-fronteiras-encerradas-depois-do-dia-14\/"},"wordCount":374,"image":{"@id":"https:\/\/www.altominho.tv\/site\/2020\/05\/13\/governo-aprova-resolucao-que-mantem-fronteiras-encerradas-depois-do-dia-14\/#primaryimage"},"thumbnailUrl":"https:\/\/www.altominho.tv\/site\/wp-content\/uploads\/2020\/05\/Fronteira_Valenc\u0327a-1.jpg","keywords":["Sociedade"],"articleSection":["Alto Minho"],"inLanguage":"pt-PT","copyrightYear":"2020","copyrightHolder":{"@id":"https:\/\/www.altominho.tv\/site\/#organization"}},{"@type":"WebPage","@id":"https:\/\/www.altominho.tv\/site\/2020\/05\/13\/governo-aprova-resolucao-que-mantem-fronteiras-encerradas-depois-do-dia-14\/","url":"https:\/\/www.altominho.tv\/site\/2020\/05\/13\/governo-aprova-resolucao-que-mantem-fronteiras-encerradas-depois-do-dia-14\/","name":"Governo aprova resolu\u00e7\u00e3o que mant\u00e9m fronteiras encerradas depois do dia 14","isPartOf":{"@id":"https:\/\/www.altominho.tv\/site\/#website"},"primaryImageOfPage":{"@id":"https:\/\/www.altominho.tv\/site\/2020\/05\/13\/governo-aprova-resolucao-que-mantem-fronteiras-encerradas-depois-do-dia-14\/#primaryimage"},"image":{"@id":"https:\/\/www.altominho.tv\/site\/2020\/05\/13\/governo-aprova-resolucao-que-mantem-fronteiras-encerradas-depois-do-dia-14\/#primaryimage"},"thumbnailUrl":"https:\/\/www.altominho.tv\/site\/wp-content\/uploads\/2020\/05\/Fronteira_Valenc\u0327a-1.jpg","datePublished":"2020-05-13T08:17:58+00:00","dateModified":"2020-05-13T08:18:03+00:00","author":{"@id":"https:\/\/www.altominho.tv\/site\/#\/schema\/person\/a0e4ef6d041f98ca284393d8f1d97153"},"breadcrumb":{"@id":"https:\/\/www.altominho.tv\/site\/2020\/05\/13\/governo-aprova-resolucao-que-mantem-fronteiras-encerradas-depois-do-dia-14\/#breadcrumb"},"inLanguage":"pt-PT","potentialAction":[{"@type":"ReadAction","target":["https:\/\/www.altominho.tv\/site\/2020\/05\/13\/governo-aprova-resolucao-que-mantem-fronteiras-encerradas-depois-do-dia-14\/"]}]},{"@type":"ImageObject","inLanguage":"pt-PT","@id":"https:\/\/www.altominho.tv\/site\/2020\/05\/13\/governo-aprova-resolucao-que-mantem-fronteiras-encerradas-depois-do-dia-14\/#primaryimage","url":"https:\/\/www.altominho.tv\/site\/wp-content\/uploads\/2020\/05\/Fronteira_Valenc\u0327a-1.jpg","contentUrl":"https:\/\/www.altominho.tv\/site\/wp-content\/uploads\/2020\/05\/Fronteira_Valenc\u0327a-1.jpg","width":1800,"height":1014},{"@type":"BreadcrumbList","@id":"https:\/\/www.altominho.tv\/site\/2020\/05\/13\/governo-aprova-resolucao-que-mantem-fronteiras-encerradas-depois-do-dia-14\/#breadcrumb","itemListElement":[{"@type":"ListItem","position":1,"name":"In\u00edcio","item":"https:\/\/www.altominho.tv\/site\/"},{"@type":"ListItem","position":2,"name":"Governo aprova resolu\u00e7\u00e3o que mant\u00e9m fronteiras encerradas depois do dia 14"}]},{"@type":"WebSite","@id":"https:\/\/www.altominho.tv\/site\/#website","url":"https:\/\/www.altominho.tv\/site\/","name":"Altominho.tv","description":"A sua regi\u00e3o \u00e0 dist\u00e2ncia de um clique...","potentialAction":[{"@type":"SearchAction","target":{"@type":"EntryPoint","urlTemplate":"https:\/\/www.altominho.tv\/site\/?s={search_term_string}"},"query-input":{"@type":"PropertyValueSpecification","valueRequired":true,"valueName":"search_term_string"}}],"inLanguage":"pt-PT"},{"@type":"Person","@id":"https:\/\/www.altominho.tv\/site\/#\/schema\/person\/a0e4ef6d041f98ca284393d8f1d97153","name":"Andreia Cunha","image":{"@type":"ImageObject","inLanguage":"pt-PT","@id":"https:\/\/www.altominho.tv\/site\/wp-content\/uploads\/2017\/11\/Andreia_Cunha-1-150x150.jpg","url":"https:\/\/www.altominho.tv\/site\/wp-content\/uploads\/2017\/11\/Andreia_Cunha-1-150x150.jpg","contentUrl":"https:\/\/www.altominho.tv\/site\/wp-content\/uploads\/2017\/11\/Andreia_Cunha-1-150x150.jpg","caption":"Andreia Cunha"},"url":"https:\/\/www.altominho.tv\/site\/author\/andreiacunha\/"}]}},"_links":{"self":[{"href":"https:\/\/www.altominho.tv\/site\/wp-json\/wp\/v2\/posts\/46151","targetHints":{"allow":["GET"]}}],"collection":[{"href":"https:\/\/www.altominho.tv\/site\/wp-json\/wp\/v2\/posts"}],"about":[{"href":"https:\/\/www.altominho.tv\/site\/wp-json\/wp\/v2\/types\/post"}],"author":[{"embeddable":true,"href":"https:\/\/www.altominho.tv\/site\/wp-json\/wp\/v2\/users\/7"}],"replies":[{"embeddable":true,"href":"https:\/\/www.altominho.tv\/site\/wp-json\/wp\/v2\/comments?post=46151"}],"version-history":[{"count":0,"href":"https:\/\/www.altominho.tv\/site\/wp-json\/wp\/v2\/posts\/46151\/revisions"}],"wp:featuredmedia":[{"embeddable":true,"href":"https:\/\/www.altominho.tv\/site\/wp-json\/wp\/v2\/media\/46153"}],"wp:attachment":[{"href":"https:\/\/www.altominho.tv\/site\/wp-json\/wp\/v2\/media?parent=46151"}],"wp:term":[{"taxonomy":"category","embeddable":true,"href":"https:\/\/www.altominho.tv\/site\/wp-json\/wp\/v2\/categories?post=46151"},{"taxonomy":"post_tag","embeddable":true,"href":"https:\/\/www.altominho.tv\/site\/wp-json\/wp\/v2\/tags?post=46151"}],"curies":[{"name":"wp","href":"https:\/\/api.w.org\/{rel}","templated":true}]}}