{"id":46127,"date":"2020-05-12T14:03:37","date_gmt":"2020-05-12T13:03:37","guid":{"rendered":"http:\/\/www.altominho.tv\/site\/?p=46127"},"modified":"2020-05-12T14:03:41","modified_gmt":"2020-05-12T13:03:41","slug":"misericordias-consideram-precipitada-a-retoma-de-visitas-a-lares","status":"publish","type":"post","link":"https:\/\/www.altominho.tv\/site\/2020\/05\/12\/misericordias-consideram-precipitada-a-retoma-de-visitas-a-lares\/","title":{"rendered":"Miseric\u00f3rdias consideram precipitada a retoma de visitas a lares"},"content":{"rendered":"<p><strong>O presidente da Uni\u00e3o das Miseric\u00f3rdias considerou hoje que a retoma das visitas aos lares a 18 de maio \u00e9 precipitada e salientou que quem est\u00e1 no terreno deveria ter sido ouvido para uma melhor prepara\u00e7\u00e3o.<\/strong><\/p>\n<p class=\"text-paragraph\">As visitas aos lares de idosos v\u00e3o ser retomadas em 18 de maio, mas v\u00e3o ser sujeitas a agendamento pr\u00e9vio e, numa fase inicial, ser\u00e3o limitadas ao m\u00e1ximo de uma visita por semana e por utente, segundo orienta\u00e7\u00f5es dadas pela Dire\u00e7\u00e3o-Geral da Sa\u00fade (DGS).<\/p>\n<p class=\"text-paragraph\">Em declara\u00e7\u00f5es \u00e0 Lusa, o presidente da Uni\u00e3o das Miseric\u00f3rdias Portuguesas (UMP) disse ter ficado um bocado surpreendido com o an\u00fancio da retoma, uma vez que n\u00e3o estava previsto nas medidas de desconfinamento anunciadas publicamente.<\/p>\n<p class=\"text-paragraph\">\u201c<strong>Achamos que dev\u00edamos ter sido ouvidos para nos preparamos mais e melhor, para garantir toda a seguran\u00e7a n\u00e3o s\u00f3 dos idosos mas tamb\u00e9m dos colaboradores que t\u00eam sido heroicos<\/strong>\u201d, disse.<\/p>\n<p class=\"text-paragraph\">De acordo com Manuel Lemos, s\u00e3o as miseric\u00f3rdias que melhor conhecem o terreno, a geografia f\u00edsica dos edif\u00edcios e as comunidades.<\/p>\n<p class=\"text-paragraph\">\u201c\u00c9 uma boa not\u00edcia a retoma das visitas em 18 de maio, mas queremos saber em que moldes (\u2026). N\u00f3s estamos a preparar um gui\u00e3o para que tudo se passe com a maior seguran\u00e7a para todos os envolvidos pois n\u00e3o queremos andar para tr\u00e1s. Neste contexto, eu diria que acho o dia 18 muito cedo, mas vamos tentar\u201d, disse Manuel Lemos \u00e0 Lusa.<\/p>\n<p class=\"text-paragraph\">Segundo o presidente da UMP, as orienta\u00e7\u00f5es da Dire\u00e7\u00e3o-Geral da Sa\u00fade (DGS) s\u00e3o uma boa base, mas \u00e9 \u201cmais geral, mais vago e os lares t\u00eam especificidades pr\u00f3prias\u201d.<\/p>\n<p class=\"text-paragraph\">Nesse sentido, a UMP est\u00e1 a preparar um gui\u00e3o \u201cde cautelas\u201d e depois vai reunir com a tutela, o Minist\u00e9rio do Trabalho e da Seguran\u00e7a Social, para que tudo decorra com seguran\u00e7a.<\/p>\n<p class=\"text-paragraph\">Manuel Lemos lembrou a morte de 123 idosos desde o in\u00edcio da pandemia covid-19.<\/p>\n<p class=\"text-paragraph\">\u201c<strong>Todos temos medos e por isso vamos ter cautelas. (\u2026) Por isso se for poss\u00edvel e houver condi\u00e7\u00f5es podemos come\u00e7ar a marcar [visitas] a partir de dia 18<\/strong>\u201d, disse.<\/p>\n<p class=\"text-paragraph\">Numa informa\u00e7\u00e3o publicada na segunda-feira no seu \u2018site\u2019, a DGS refere que este limite de um visitante por utente uma vez por semana poder\u00e1 ser ajustado mediante as condi\u00e7\u00f5es da institui\u00e7\u00e3o e a situa\u00e7\u00e3o epidemiol\u00f3gica observada na zona onde o lar est\u00e1 localizado.<\/p>\n<p class=\"text-paragraph\">As visitas v\u00e3o ter um tempo limitado, n\u00e3o devendo exceder os 90 minutos, acrescenta.<\/p>\n<p class=\"text-paragraph\">A orienta\u00e7\u00e3o da DGS para a retoma das visitas a Estruturas Residenciais para Idosos (ERPI) e Unidades de Cuidados Continuados Integrados (UCCI) da Rede Nacional de Cuidados Continuados Integrados (RNCCI) prev\u00ea que as institui\u00e7\u00f5es garantam o agendamento pr\u00e9vio das visitas, para que possa ser garantida higieniza\u00e7\u00e3o entre visitas e a manuten\u00e7\u00e3o do distanciamento f\u00edsico apropriado.<\/p>\n<p class=\"text-paragraph\">A institui\u00e7\u00e3o ter\u00e1 ainda de organizar um registo de visitantes, com indica\u00e7\u00e3o da data, hora, nome, contacto e residente visitado.<\/p>\n<p class=\"text-paragraph\">Os visitantes ter\u00e3o de \u201c<strong>utilizar m\u00e1scara, preferencialmente cir\u00fargica, durante todo o per\u00edodo de perman\u00eancia na institui\u00e7\u00e3o<\/strong>\u201d, ficando ainda impedidos de levar objetos pessoais, g\u00e9neros alimentares ou outros produtos aos utentes.<\/p>\n<p class=\"text-paragraph\">Em 07 de mar\u00e7o, a ministra da Sa\u00fade anunciou a suspens\u00e3o das visitas em lares localizados na regi\u00e3o norte e em 13 de mar\u00e7o foi promulgado pelo Presidente da Rep\u00fablica o diploma do Governo com medidas extraordin\u00e1rias e urgentes de resposta ao surto de covid-19, que contemplava a proibi\u00e7\u00e3o de visitas a lares de idosos em todo o pa\u00eds.<\/p>\n<p class=\"text-paragraph\">As visitas, <a href=\"\/\/www.altominho.tv\/site\/2020\/05\/11\/visita-a-lares-e-unidades-de-cuidados-continuados-retomadas-a-partir-da-proxima-segunda\/\">com in\u00edcio marcado para a pr\u00f3xima segunda-feira, dia 18 de maio<\/a>, estar\u00e3o sempre dependentes da situa\u00e7\u00e3o epidemiol\u00f3gica observada na institui\u00e7\u00e3o ou no local onde esta est\u00e1 inserida, podendo voltar a ser suspensas por tempo limitado caso tal se verifique necess\u00e1rio.<\/p>\n<p class=\"text-paragraph\">Portugal contabiliza 1.144 mortos associados \u00e0 covid-19 em 27.679 casos confirmados de infe\u00e7\u00e3o, segundo o \u00faltimo boletim di\u00e1rio da Dire\u00e7\u00e3o-Geral da Sa\u00fade (DGS) sobre a pandemia.<\/p>\n<p class=\"text-paragraph\">Portugal entrou no dia 03 de maio em situa\u00e7\u00e3o de calamidade devido \u00e0 pandemia, depois de tr\u00eas per\u00edodos consecutivos em estado de emerg\u00eancia desde 19 de mar\u00e7o.<\/p>\n","protected":false},"excerpt":{"rendered":"<p>O presidente da Uni\u00e3o das Miseric\u00f3rdias considerou hoje que a retoma das visitas aos lares a 18 de maio \u00e9 precipitada e salientou que quem est\u00e1 no terreno deveria ter sido ouvido para uma melhor prepara\u00e7\u00e3o. As visitas aos lares de idosos v\u00e3o ser retomadas em 18 de maio, mas v\u00e3o ser sujeitas a agendamento [&hellip;]<\/p>\n","protected":false},"author":13,"featured_media":46128,"comment_status":"closed","ping_status":"closed","sticky":false,"template":"","format":"standard","meta":{"_exactmetrics_skip_tracking":false,"_exactmetrics_sitenote_active":false,"_exactmetrics_sitenote_note":"","_exactmetrics_sitenote_category":0,"footnotes":""},"categories":[73],"tags":[],"class_list":["post-46127","post","type-post","status-publish","format-standard","has-post-thumbnail","hentry","category-alto-minho"],"yoast_head":"<!-- This site is optimized with the Yoast SEO Premium plugin v27.4 (Yoast SEO v27.4) - https:\/\/yoast.com\/product\/yoast-seo-premium-wordpress\/ -->\n<title>Miseric\u00f3rdias consideram precipitada a retoma de visitas a lares<\/title>\n<meta name=\"robots\" content=\"index, follow, max-snippet:-1, max-image-preview:large, max-video-preview:-1\" \/>\n<link rel=\"canonical\" href=\"https:\/\/www.altominho.tv\/site\/2020\/05\/12\/misericordias-consideram-precipitada-a-retoma-de-visitas-a-lares\/\" \/>\n<meta property=\"og:locale\" content=\"pt_PT\" \/>\n<meta property=\"og:type\" content=\"article\" \/>\n<meta property=\"og:title\" content=\"Miseric\u00f3rdias consideram precipitada a retoma de visitas a lares\" \/>\n<meta property=\"og:description\" content=\"O presidente da Uni\u00e3o das Miseric\u00f3rdias considerou hoje que a retoma das visitas aos lares a 18 de maio \u00e9 precipitada e salientou que quem est\u00e1 no terreno deveria ter sido ouvido para uma melhor prepara\u00e7\u00e3o. As visitas aos lares de idosos v\u00e3o ser retomadas em 18 de maio, mas v\u00e3o ser sujeitas a agendamento [&hellip;]\" \/>\n<meta property=\"og:url\" content=\"https:\/\/www.altominho.tv\/site\/2020\/05\/12\/misericordias-consideram-precipitada-a-retoma-de-visitas-a-lares\/\" \/>\n<meta property=\"og:site_name\" content=\"Altominho.tv\" \/>\n<meta property=\"article:publisher\" content=\"https:\/\/www.facebook.com\/altominhotv\" \/>\n<meta property=\"article:published_time\" content=\"2020-05-12T13:03:37+00:00\" \/>\n<meta property=\"article:modified_time\" content=\"2020-05-12T13:03:41+00:00\" \/>\n<meta property=\"og:image\" content=\"https:\/\/www.altominho.tv\/site\/wp-content\/uploads\/2020\/05\/Presidente_Misericordias.jpg\" \/>\n\t<meta property=\"og:image:width\" content=\"1060\" \/>\n\t<meta property=\"og:image:height\" content=\"594\" \/>\n\t<meta property=\"og:image:type\" content=\"image\/jpeg\" \/>\n<meta name=\"author\" content=\"Lusa\" \/>\n<meta name=\"twitter:card\" content=\"summary_large_image\" \/>\n<meta name=\"twitter:creator\" content=\"@altominhoTV\" \/>\n<meta name=\"twitter:site\" content=\"@altominhoTV\" \/>\n<meta name=\"twitter:label1\" content=\"Escrito por\" \/>\n\t<meta name=\"twitter:data1\" content=\"Lusa\" \/>\n\t<meta name=\"twitter:label2\" content=\"Tempo estimado de leitura\" \/>\n\t<meta name=\"twitter:data2\" content=\"4 minutos\" \/>\n<script type=\"application\/ld+json\" class=\"yoast-schema-graph\">{\"@context\":\"https:\\\/\\\/schema.org\",\"@graph\":[{\"@type\":\"Article\",\"@id\":\"https:\\\/\\\/www.altominho.tv\\\/site\\\/2020\\\/05\\\/12\\\/misericordias-consideram-precipitada-a-retoma-de-visitas-a-lares\\\/#article\",\"isPartOf\":{\"@id\":\"https:\\\/\\\/www.altominho.tv\\\/site\\\/2020\\\/05\\\/12\\\/misericordias-consideram-precipitada-a-retoma-de-visitas-a-lares\\\/\"},\"author\":{\"name\":\"Lusa\",\"@id\":\"https:\\\/\\\/www.altominho.tv\\\/site\\\/#\\\/schema\\\/person\\\/63f693da3e1899361cbe955c46f3232e\"},\"headline\":\"Miseric\u00f3rdias consideram precipitada a retoma de visitas a lares\",\"datePublished\":\"2020-05-12T13:03:37+00:00\",\"dateModified\":\"2020-05-12T13:03:41+00:00\",\"mainEntityOfPage\":{\"@id\":\"https:\\\/\\\/www.altominho.tv\\\/site\\\/2020\\\/05\\\/12\\\/misericordias-consideram-precipitada-a-retoma-de-visitas-a-lares\\\/\"},\"wordCount\":727,\"image\":{\"@id\":\"https:\\\/\\\/www.altominho.tv\\\/site\\\/2020\\\/05\\\/12\\\/misericordias-consideram-precipitada-a-retoma-de-visitas-a-lares\\\/#primaryimage\"},\"thumbnailUrl\":\"https:\\\/\\\/www.altominho.tv\\\/site\\\/wp-content\\\/uploads\\\/2020\\\/05\\\/Presidente_Misericordias.jpg\",\"articleSection\":[\"Alto Minho\"],\"inLanguage\":\"pt-PT\",\"copyrightYear\":\"2020\",\"copyrightHolder\":{\"@id\":\"https:\\\/\\\/www.altominho.tv\\\/site\\\/#organization\"}},{\"@type\":\"WebPage\",\"@id\":\"https:\\\/\\\/www.altominho.tv\\\/site\\\/2020\\\/05\\\/12\\\/misericordias-consideram-precipitada-a-retoma-de-visitas-a-lares\\\/\",\"url\":\"https:\\\/\\\/www.altominho.tv\\\/site\\\/2020\\\/05\\\/12\\\/misericordias-consideram-precipitada-a-retoma-de-visitas-a-lares\\\/\",\"name\":\"Miseric\u00f3rdias consideram precipitada a retoma de visitas a lares\",\"isPartOf\":{\"@id\":\"https:\\\/\\\/www.altominho.tv\\\/site\\\/#website\"},\"primaryImageOfPage\":{\"@id\":\"https:\\\/\\\/www.altominho.tv\\\/site\\\/2020\\\/05\\\/12\\\/misericordias-consideram-precipitada-a-retoma-de-visitas-a-lares\\\/#primaryimage\"},\"image\":{\"@id\":\"https:\\\/\\\/www.altominho.tv\\\/site\\\/2020\\\/05\\\/12\\\/misericordias-consideram-precipitada-a-retoma-de-visitas-a-lares\\\/#primaryimage\"},\"thumbnailUrl\":\"https:\\\/\\\/www.altominho.tv\\\/site\\\/wp-content\\\/uploads\\\/2020\\\/05\\\/Presidente_Misericordias.jpg\",\"datePublished\":\"2020-05-12T13:03:37+00:00\",\"dateModified\":\"2020-05-12T13:03:41+00:00\",\"author\":{\"@id\":\"https:\\\/\\\/www.altominho.tv\\\/site\\\/#\\\/schema\\\/person\\\/63f693da3e1899361cbe955c46f3232e\"},\"breadcrumb\":{\"@id\":\"https:\\\/\\\/www.altominho.tv\\\/site\\\/2020\\\/05\\\/12\\\/misericordias-consideram-precipitada-a-retoma-de-visitas-a-lares\\\/#breadcrumb\"},\"inLanguage\":\"pt-PT\",\"potentialAction\":[{\"@type\":\"ReadAction\",\"target\":[\"https:\\\/\\\/www.altominho.tv\\\/site\\\/2020\\\/05\\\/12\\\/misericordias-consideram-precipitada-a-retoma-de-visitas-a-lares\\\/\"]}]},{\"@type\":\"ImageObject\",\"inLanguage\":\"pt-PT\",\"@id\":\"https:\\\/\\\/www.altominho.tv\\\/site\\\/2020\\\/05\\\/12\\\/misericordias-consideram-precipitada-a-retoma-de-visitas-a-lares\\\/#primaryimage\",\"url\":\"https:\\\/\\\/www.altominho.tv\\\/site\\\/wp-content\\\/uploads\\\/2020\\\/05\\\/Presidente_Misericordias.jpg\",\"contentUrl\":\"https:\\\/\\\/www.altominho.tv\\\/site\\\/wp-content\\\/uploads\\\/2020\\\/05\\\/Presidente_Misericordias.jpg\",\"width\":1060,\"height\":594,\"caption\":\"Global\"},{\"@type\":\"BreadcrumbList\",\"@id\":\"https:\\\/\\\/www.altominho.tv\\\/site\\\/2020\\\/05\\\/12\\\/misericordias-consideram-precipitada-a-retoma-de-visitas-a-lares\\\/#breadcrumb\",\"itemListElement\":[{\"@type\":\"ListItem\",\"position\":1,\"name\":\"In\u00edcio\",\"item\":\"https:\\\/\\\/www.altominho.tv\\\/site\\\/\"},{\"@type\":\"ListItem\",\"position\":2,\"name\":\"Miseric\u00f3rdias consideram precipitada a retoma de visitas a lares\"}]},{\"@type\":\"WebSite\",\"@id\":\"https:\\\/\\\/www.altominho.tv\\\/site\\\/#website\",\"url\":\"https:\\\/\\\/www.altominho.tv\\\/site\\\/\",\"name\":\"Altominho.tv\",\"description\":\"A sua regi\u00e3o \u00e0 dist\u00e2ncia de um clique...\",\"potentialAction\":[{\"@type\":\"SearchAction\",\"target\":{\"@type\":\"EntryPoint\",\"urlTemplate\":\"https:\\\/\\\/www.altominho.tv\\\/site\\\/?s={search_term_string}\"},\"query-input\":{\"@type\":\"PropertyValueSpecification\",\"valueRequired\":true,\"valueName\":\"search_term_string\"}}],\"inLanguage\":\"pt-PT\"},{\"@type\":\"Person\",\"@id\":\"https:\\\/\\\/www.altominho.tv\\\/site\\\/#\\\/schema\\\/person\\\/63f693da3e1899361cbe955c46f3232e\",\"name\":\"Lusa\",\"image\":{\"@type\":\"ImageObject\",\"inLanguage\":\"pt-PT\",\"@id\":\"https:\\\/\\\/www.altominho.tv\\\/site\\\/wp-content\\\/uploads\\\/2019\\\/08\\\/LUSA_Logo.gif\",\"url\":\"https:\\\/\\\/www.altominho.tv\\\/site\\\/wp-content\\\/uploads\\\/2019\\\/08\\\/LUSA_Logo.gif\",\"contentUrl\":\"https:\\\/\\\/www.altominho.tv\\\/site\\\/wp-content\\\/uploads\\\/2019\\\/08\\\/LUSA_Logo.gif\",\"caption\":\"Lusa\"},\"sameAs\":[\"http:\\\/\\\/\\\/\\\/www.altominho.tv\\\/site\"],\"url\":\"https:\\\/\\\/www.altominho.tv\\\/site\\\/author\\\/lusa\\\/\"}]}<\/script>\n<!-- \/ Yoast SEO Premium plugin. -->","yoast_head_json":{"title":"Miseric\u00f3rdias consideram precipitada a retoma de visitas a lares","robots":{"index":"index","follow":"follow","max-snippet":"max-snippet:-1","max-image-preview":"max-image-preview:large","max-video-preview":"max-video-preview:-1"},"canonical":"https:\/\/www.altominho.tv\/site\/2020\/05\/12\/misericordias-consideram-precipitada-a-retoma-de-visitas-a-lares\/","og_locale":"pt_PT","og_type":"article","og_title":"Miseric\u00f3rdias consideram precipitada a retoma de visitas a lares","og_description":"O presidente da Uni\u00e3o das Miseric\u00f3rdias considerou hoje que a retoma das visitas aos lares a 18 de maio \u00e9 precipitada e salientou que quem est\u00e1 no terreno deveria ter sido ouvido para uma melhor prepara\u00e7\u00e3o. As visitas aos lares de idosos v\u00e3o ser retomadas em 18 de maio, mas v\u00e3o ser sujeitas a agendamento [&hellip;]","og_url":"https:\/\/www.altominho.tv\/site\/2020\/05\/12\/misericordias-consideram-precipitada-a-retoma-de-visitas-a-lares\/","og_site_name":"Altominho.tv","article_publisher":"https:\/\/www.facebook.com\/altominhotv","article_published_time":"2020-05-12T13:03:37+00:00","article_modified_time":"2020-05-12T13:03:41+00:00","og_image":[{"width":1060,"height":594,"url":"https:\/\/www.altominho.tv\/site\/wp-content\/uploads\/2020\/05\/Presidente_Misericordias.jpg","type":"image\/jpeg"}],"author":"Lusa","twitter_card":"summary_large_image","twitter_creator":"@altominhoTV","twitter_site":"@altominhoTV","twitter_misc":{"Escrito por":"Lusa","Tempo estimado de leitura":"4 minutos"},"schema":{"@context":"https:\/\/schema.org","@graph":[{"@type":"Article","@id":"https:\/\/www.altominho.tv\/site\/2020\/05\/12\/misericordias-consideram-precipitada-a-retoma-de-visitas-a-lares\/#article","isPartOf":{"@id":"https:\/\/www.altominho.tv\/site\/2020\/05\/12\/misericordias-consideram-precipitada-a-retoma-de-visitas-a-lares\/"},"author":{"name":"Lusa","@id":"https:\/\/www.altominho.tv\/site\/#\/schema\/person\/63f693da3e1899361cbe955c46f3232e"},"headline":"Miseric\u00f3rdias consideram precipitada a retoma de visitas a lares","datePublished":"2020-05-12T13:03:37+00:00","dateModified":"2020-05-12T13:03:41+00:00","mainEntityOfPage":{"@id":"https:\/\/www.altominho.tv\/site\/2020\/05\/12\/misericordias-consideram-precipitada-a-retoma-de-visitas-a-lares\/"},"wordCount":727,"image":{"@id":"https:\/\/www.altominho.tv\/site\/2020\/05\/12\/misericordias-consideram-precipitada-a-retoma-de-visitas-a-lares\/#primaryimage"},"thumbnailUrl":"https:\/\/www.altominho.tv\/site\/wp-content\/uploads\/2020\/05\/Presidente_Misericordias.jpg","articleSection":["Alto Minho"],"inLanguage":"pt-PT","copyrightYear":"2020","copyrightHolder":{"@id":"https:\/\/www.altominho.tv\/site\/#organization"}},{"@type":"WebPage","@id":"https:\/\/www.altominho.tv\/site\/2020\/05\/12\/misericordias-consideram-precipitada-a-retoma-de-visitas-a-lares\/","url":"https:\/\/www.altominho.tv\/site\/2020\/05\/12\/misericordias-consideram-precipitada-a-retoma-de-visitas-a-lares\/","name":"Miseric\u00f3rdias consideram precipitada a retoma de visitas a lares","isPartOf":{"@id":"https:\/\/www.altominho.tv\/site\/#website"},"primaryImageOfPage":{"@id":"https:\/\/www.altominho.tv\/site\/2020\/05\/12\/misericordias-consideram-precipitada-a-retoma-de-visitas-a-lares\/#primaryimage"},"image":{"@id":"https:\/\/www.altominho.tv\/site\/2020\/05\/12\/misericordias-consideram-precipitada-a-retoma-de-visitas-a-lares\/#primaryimage"},"thumbnailUrl":"https:\/\/www.altominho.tv\/site\/wp-content\/uploads\/2020\/05\/Presidente_Misericordias.jpg","datePublished":"2020-05-12T13:03:37+00:00","dateModified":"2020-05-12T13:03:41+00:00","author":{"@id":"https:\/\/www.altominho.tv\/site\/#\/schema\/person\/63f693da3e1899361cbe955c46f3232e"},"breadcrumb":{"@id":"https:\/\/www.altominho.tv\/site\/2020\/05\/12\/misericordias-consideram-precipitada-a-retoma-de-visitas-a-lares\/#breadcrumb"},"inLanguage":"pt-PT","potentialAction":[{"@type":"ReadAction","target":["https:\/\/www.altominho.tv\/site\/2020\/05\/12\/misericordias-consideram-precipitada-a-retoma-de-visitas-a-lares\/"]}]},{"@type":"ImageObject","inLanguage":"pt-PT","@id":"https:\/\/www.altominho.tv\/site\/2020\/05\/12\/misericordias-consideram-precipitada-a-retoma-de-visitas-a-lares\/#primaryimage","url":"https:\/\/www.altominho.tv\/site\/wp-content\/uploads\/2020\/05\/Presidente_Misericordias.jpg","contentUrl":"https:\/\/www.altominho.tv\/site\/wp-content\/uploads\/2020\/05\/Presidente_Misericordias.jpg","width":1060,"height":594,"caption":"Global"},{"@type":"BreadcrumbList","@id":"https:\/\/www.altominho.tv\/site\/2020\/05\/12\/misericordias-consideram-precipitada-a-retoma-de-visitas-a-lares\/#breadcrumb","itemListElement":[{"@type":"ListItem","position":1,"name":"In\u00edcio","item":"https:\/\/www.altominho.tv\/site\/"},{"@type":"ListItem","position":2,"name":"Miseric\u00f3rdias consideram precipitada a retoma de visitas a lares"}]},{"@type":"WebSite","@id":"https:\/\/www.altominho.tv\/site\/#website","url":"https:\/\/www.altominho.tv\/site\/","name":"Altominho.tv","description":"A sua regi\u00e3o \u00e0 dist\u00e2ncia de um clique...","potentialAction":[{"@type":"SearchAction","target":{"@type":"EntryPoint","urlTemplate":"https:\/\/www.altominho.tv\/site\/?s={search_term_string}"},"query-input":{"@type":"PropertyValueSpecification","valueRequired":true,"valueName":"search_term_string"}}],"inLanguage":"pt-PT"},{"@type":"Person","@id":"https:\/\/www.altominho.tv\/site\/#\/schema\/person\/63f693da3e1899361cbe955c46f3232e","name":"Lusa","image":{"@type":"ImageObject","inLanguage":"pt-PT","@id":"https:\/\/www.altominho.tv\/site\/wp-content\/uploads\/2019\/08\/LUSA_Logo.gif","url":"https:\/\/www.altominho.tv\/site\/wp-content\/uploads\/2019\/08\/LUSA_Logo.gif","contentUrl":"https:\/\/www.altominho.tv\/site\/wp-content\/uploads\/2019\/08\/LUSA_Logo.gif","caption":"Lusa"},"sameAs":["http:\/\/\/\/www.altominho.tv\/site"],"url":"https:\/\/www.altominho.tv\/site\/author\/lusa\/"}]}},"_links":{"self":[{"href":"https:\/\/www.altominho.tv\/site\/wp-json\/wp\/v2\/posts\/46127","targetHints":{"allow":["GET"]}}],"collection":[{"href":"https:\/\/www.altominho.tv\/site\/wp-json\/wp\/v2\/posts"}],"about":[{"href":"https:\/\/www.altominho.tv\/site\/wp-json\/wp\/v2\/types\/post"}],"author":[{"embeddable":true,"href":"https:\/\/www.altominho.tv\/site\/wp-json\/wp\/v2\/users\/13"}],"replies":[{"embeddable":true,"href":"https:\/\/www.altominho.tv\/site\/wp-json\/wp\/v2\/comments?post=46127"}],"version-history":[{"count":0,"href":"https:\/\/www.altominho.tv\/site\/wp-json\/wp\/v2\/posts\/46127\/revisions"}],"wp:featuredmedia":[{"embeddable":true,"href":"https:\/\/www.altominho.tv\/site\/wp-json\/wp\/v2\/media\/46128"}],"wp:attachment":[{"href":"https:\/\/www.altominho.tv\/site\/wp-json\/wp\/v2\/media?parent=46127"}],"wp:term":[{"taxonomy":"category","embeddable":true,"href":"https:\/\/www.altominho.tv\/site\/wp-json\/wp\/v2\/categories?post=46127"},{"taxonomy":"post_tag","embeddable":true,"href":"https:\/\/www.altominho.tv\/site\/wp-json\/wp\/v2\/tags?post=46127"}],"curies":[{"name":"wp","href":"https:\/\/api.w.org\/{rel}","templated":true}]}}