{"id":46122,"date":"2020-05-11T22:02:20","date_gmt":"2020-05-11T21:02:20","guid":{"rendered":"http:\/\/www.altominho.tv\/site\/?p=46122"},"modified":"2020-05-11T22:02:24","modified_gmt":"2020-05-11T21:02:24","slug":"visita-a-lares-e-unidades-de-cuidados-continuados-retomadas-a-partir-da-proxima-segunda","status":"publish","type":"post","link":"https:\/\/www.altominho.tv\/site\/2020\/05\/11\/visita-a-lares-e-unidades-de-cuidados-continuados-retomadas-a-partir-da-proxima-segunda\/","title":{"rendered":"Visita a lares e unidades de cuidados continuados retomadas a partir da pr\u00f3xima segunda"},"content":{"rendered":"<p class=\"t-article-content-intro-1 selectionShareable\"><strong>As visitas a utentes de lares de idosos e unidades de cuidados continuados podem ser retomadas a partir de 18 de maio, segundo orienta\u00e7\u00e3o da Dire\u00e7\u00e3o-Geral da Sa\u00fade.<\/strong><\/p>\n<p class=\"selectionShareable\">As visitas ter\u00e3o de ter <strong>marca\u00e7\u00e3o pr\u00e9via<\/strong> e ocorrer num <strong>espa\u00e7o pr\u00f3prio, de prefer\u00eancia no exterior da institui\u00e7\u00e3o<\/strong>, mantendo a<strong> dist\u00e2ncia de seguran\u00e7a de dois metros<\/strong> entre os utentes e os familiares, recomenda a Dire\u00e7\u00e3o-Geral da Sa\u00fade (DGS).<\/p>\n<p class=\"selectionShareable\">Cada utente s\u00f3 poder\u00e1 receber a<strong> visita de uma pessoa, uma vez por semana e, no m\u00e1ximo, durante 90 minutos<\/strong>.<\/p>\n<p class=\"selectionShareable\">&#8220;A institui\u00e7\u00e3o deve garantir o agendamento pr\u00e9vio das visitas, de forma a garantir a utiliza\u00e7\u00e3o adequada do espa\u00e7o que lhe est\u00e1 alocado, a respetiva higieniza\u00e7\u00e3o entre visitas e a manuten\u00e7\u00e3o do distanciamento f\u00edsico apropriado&#8221;, recomenda a DGS numa nota divulgada esta segunda-feira \u00e0 noite.<\/p>\n<p class=\"selectionShareable\">Dever\u00e1 ser feito um registo dos visitantes, com nome e contacto, a data e hora da visita e o residente visitado.<\/p>\n<p class=\"selectionShareable\">&#8220;As pessoas com sinais ou sintomas sugestivos de covid-19 ou com contacto com um caso suspeito ou confirmado de covid-19 nos \u00faltimos 14 dias, n\u00e3o devem realizar ou receber visitas&#8221;, refere a nota assinada pela diretora-geral da Sa\u00fade, Gra\u00e7a Freitas.<\/p>\n<p class=\"selectionShareable\">&#8220;A institui\u00e7\u00e3o deve garantir que <strong>a visita decorre em espa\u00e7o pr\u00f3prio, amplo e com condi\u00e7\u00f5es de arejamento (idealmente, espa\u00e7o exterior)<\/strong>, n\u00e3o devendo ser realizadas visitas na sala de conv\u00edvio dos utentes ou no pr\u00f3prio quarto, exceto nos casos em que o <strong>utente se encontra acamado<\/strong> (nos casos de quartos partilhados ter\u00e3o de ser criadas condi\u00e7\u00f5es de separa\u00e7\u00e3o f\u00edsica)&#8221;, sublinha a DGS.<\/p>\n<p class=\"selectionShareable\">No \u00e2mbito das medidas de prote\u00e7\u00e3o \u00e0 infe\u00e7\u00e3o pelo novo coronav\u00edrus, &#8220;a institui\u00e7\u00e3o deve disponibilizar aos visitantes produtos para higieniza\u00e7\u00e3o das m\u00e3os, antes e ap\u00f3s o per\u00edodo de visitas&#8221;, &#8220;deve, sempre que poss\u00edvel, definir corredores e portas de circula\u00e7\u00e3o apenas para as visitas, diferentes dos de utentes e profissionais&#8221; e &#8220;certificar-se do cumprimento das regras definidas&#8221; pela DGS &#8220;nomeadamente a correta utiliza\u00e7\u00e3o de m\u00e1scaras pelos utentes.&#8221;<\/p>\n<p class=\"selectionShareable\">&#8220;As visitas devem respeitar um n\u00famero m\u00e1ximo por dia e por utente, sendo, <strong>numa primeira fase, de um visitante por utente, uma vez por semana<\/strong> (este limite pode ser ajustado mediante as condi\u00e7\u00f5es da institui\u00e7\u00e3o e a situa\u00e7\u00e3o epidemiol\u00f3gica local, em articula\u00e7\u00e3o com a autoridade de Sa\u00fade local e segundo a avalia\u00e7\u00e3o de risco)&#8221;, sublinha a DGS.<\/p>\n<p class=\"selectionShareable\">&#8220;Os<strong> visitantes devem utilizar m\u00e1scara<\/strong>, preferencialmente cir\u00fargica&#8221; e &#8220;<strong>n\u00e3o devem levar objetos pessoais, g\u00e9neros alimentares ou outros produtos<\/strong>&#8220;.<\/p>\n<p class=\"selectionShareable\">As visitas aos lares de idosos foram suspensas a partir de 8 de mar\u00e7o na regi\u00e3o Norte. A proibi\u00e7\u00e3o estendeu-se a todo o pa\u00eds no dia 16, no \u00e2mbito da pandemia de covid-19.<\/p>\n<p class=\"selectionShareable\">Em abril, foram feitos mais de 17 mil testes de rastreio do novo coronav\u00edrus em lares de idosos, com as autoridades a pretenderem atingir os 70 mil em maio.<\/p>\n","protected":false},"excerpt":{"rendered":"<p>As visitas a utentes de lares de idosos e unidades de cuidados continuados podem ser retomadas a partir de 18 de maio, segundo orienta\u00e7\u00e3o da Dire\u00e7\u00e3o-Geral da Sa\u00fade. As visitas ter\u00e3o de ter marca\u00e7\u00e3o pr\u00e9via e ocorrer num espa\u00e7o pr\u00f3prio, de prefer\u00eancia no exterior da institui\u00e7\u00e3o, mantendo a dist\u00e2ncia de seguran\u00e7a de dois metros entre [&hellip;]<\/p>\n","protected":false},"author":13,"featured_media":46123,"comment_status":"closed","ping_status":"closed","sticky":false,"template":"","format":"standard","meta":{"_exactmetrics_skip_tracking":false,"_exactmetrics_sitenote_active":false,"_exactmetrics_sitenote_note":"","_exactmetrics_sitenote_category":0,"footnotes":""},"categories":[73],"tags":[26],"class_list":["post-46122","post","type-post","status-publish","format-standard","has-post-thumbnail","hentry","category-alto-minho","tag-saude"],"yoast_head":"<!-- This site is optimized with the Yoast SEO Premium plugin v27.4 (Yoast SEO v27.4) - https:\/\/yoast.com\/product\/yoast-seo-premium-wordpress\/ -->\n<title>Visita a lares e unidades de cuidados continuados retomadas a partir da pr\u00f3xima segunda<\/title>\n<meta name=\"robots\" content=\"index, follow, max-snippet:-1, max-image-preview:large, max-video-preview:-1\" \/>\n<link rel=\"canonical\" href=\"https:\/\/www.altominho.tv\/site\/2020\/05\/11\/visita-a-lares-e-unidades-de-cuidados-continuados-retomadas-a-partir-da-proxima-segunda\/\" \/>\n<meta property=\"og:locale\" content=\"pt_PT\" \/>\n<meta property=\"og:type\" content=\"article\" \/>\n<meta property=\"og:title\" content=\"Visita a lares e unidades de cuidados continuados retomadas a partir da pr\u00f3xima segunda\" \/>\n<meta property=\"og:description\" content=\"As visitas a utentes de lares de idosos e unidades de cuidados continuados podem ser retomadas a partir de 18 de maio, segundo orienta\u00e7\u00e3o da Dire\u00e7\u00e3o-Geral da Sa\u00fade. As visitas ter\u00e3o de ter marca\u00e7\u00e3o pr\u00e9via e ocorrer num espa\u00e7o pr\u00f3prio, de prefer\u00eancia no exterior da institui\u00e7\u00e3o, mantendo a dist\u00e2ncia de seguran\u00e7a de dois metros entre [&hellip;]\" \/>\n<meta property=\"og:url\" content=\"https:\/\/www.altominho.tv\/site\/2020\/05\/11\/visita-a-lares-e-unidades-de-cuidados-continuados-retomadas-a-partir-da-proxima-segunda\/\" \/>\n<meta property=\"og:site_name\" content=\"Altominho.tv\" \/>\n<meta property=\"article:publisher\" content=\"https:\/\/www.facebook.com\/altominhotv\" \/>\n<meta property=\"article:published_time\" content=\"2020-05-11T21:02:20+00:00\" \/>\n<meta property=\"article:modified_time\" content=\"2020-05-11T21:02:24+00:00\" \/>\n<meta property=\"og:image\" content=\"https:\/\/www.altominho.tv\/site\/wp-content\/uploads\/2020\/05\/Lares_Portugal.jpg\" \/>\n\t<meta property=\"og:image:width\" content=\"1550\" \/>\n\t<meta property=\"og:image:height\" content=\"1030\" \/>\n\t<meta property=\"og:image:type\" content=\"image\/jpeg\" \/>\n<meta name=\"author\" content=\"Lusa\" \/>\n<meta name=\"twitter:card\" content=\"summary_large_image\" \/>\n<meta name=\"twitter:creator\" content=\"@altominhoTV\" \/>\n<meta name=\"twitter:site\" content=\"@altominhoTV\" \/>\n<meta name=\"twitter:label1\" content=\"Escrito por\" \/>\n\t<meta name=\"twitter:data1\" content=\"Lusa\" \/>\n\t<meta name=\"twitter:label2\" content=\"Tempo estimado de leitura\" \/>\n\t<meta name=\"twitter:data2\" content=\"3 minutos\" \/>\n<script type=\"application\/ld+json\" class=\"yoast-schema-graph\">{\"@context\":\"https:\\\/\\\/schema.org\",\"@graph\":[{\"@type\":\"Article\",\"@id\":\"https:\\\/\\\/www.altominho.tv\\\/site\\\/2020\\\/05\\\/11\\\/visita-a-lares-e-unidades-de-cuidados-continuados-retomadas-a-partir-da-proxima-segunda\\\/#article\",\"isPartOf\":{\"@id\":\"https:\\\/\\\/www.altominho.tv\\\/site\\\/2020\\\/05\\\/11\\\/visita-a-lares-e-unidades-de-cuidados-continuados-retomadas-a-partir-da-proxima-segunda\\\/\"},\"author\":{\"name\":\"Lusa\",\"@id\":\"https:\\\/\\\/www.altominho.tv\\\/site\\\/#\\\/schema\\\/person\\\/63f693da3e1899361cbe955c46f3232e\"},\"headline\":\"Visita a lares e unidades de cuidados continuados retomadas a partir da pr\u00f3xima segunda\",\"datePublished\":\"2020-05-11T21:02:20+00:00\",\"dateModified\":\"2020-05-11T21:02:24+00:00\",\"mainEntityOfPage\":{\"@id\":\"https:\\\/\\\/www.altominho.tv\\\/site\\\/2020\\\/05\\\/11\\\/visita-a-lares-e-unidades-de-cuidados-continuados-retomadas-a-partir-da-proxima-segunda\\\/\"},\"wordCount\":528,\"image\":{\"@id\":\"https:\\\/\\\/www.altominho.tv\\\/site\\\/2020\\\/05\\\/11\\\/visita-a-lares-e-unidades-de-cuidados-continuados-retomadas-a-partir-da-proxima-segunda\\\/#primaryimage\"},\"thumbnailUrl\":\"https:\\\/\\\/www.altominho.tv\\\/site\\\/wp-content\\\/uploads\\\/2020\\\/05\\\/Lares_Portugal.jpg\",\"keywords\":[\"Sa\u00fade\"],\"articleSection\":[\"Alto Minho\"],\"inLanguage\":\"pt-PT\",\"copyrightYear\":\"2020\",\"copyrightHolder\":{\"@id\":\"https:\\\/\\\/www.altominho.tv\\\/site\\\/#organization\"}},{\"@type\":\"WebPage\",\"@id\":\"https:\\\/\\\/www.altominho.tv\\\/site\\\/2020\\\/05\\\/11\\\/visita-a-lares-e-unidades-de-cuidados-continuados-retomadas-a-partir-da-proxima-segunda\\\/\",\"url\":\"https:\\\/\\\/www.altominho.tv\\\/site\\\/2020\\\/05\\\/11\\\/visita-a-lares-e-unidades-de-cuidados-continuados-retomadas-a-partir-da-proxima-segunda\\\/\",\"name\":\"Visita a lares e unidades de cuidados continuados retomadas a partir da pr\u00f3xima segunda\",\"isPartOf\":{\"@id\":\"https:\\\/\\\/www.altominho.tv\\\/site\\\/#website\"},\"primaryImageOfPage\":{\"@id\":\"https:\\\/\\\/www.altominho.tv\\\/site\\\/2020\\\/05\\\/11\\\/visita-a-lares-e-unidades-de-cuidados-continuados-retomadas-a-partir-da-proxima-segunda\\\/#primaryimage\"},\"image\":{\"@id\":\"https:\\\/\\\/www.altominho.tv\\\/site\\\/2020\\\/05\\\/11\\\/visita-a-lares-e-unidades-de-cuidados-continuados-retomadas-a-partir-da-proxima-segunda\\\/#primaryimage\"},\"thumbnailUrl\":\"https:\\\/\\\/www.altominho.tv\\\/site\\\/wp-content\\\/uploads\\\/2020\\\/05\\\/Lares_Portugal.jpg\",\"datePublished\":\"2020-05-11T21:02:20+00:00\",\"dateModified\":\"2020-05-11T21:02:24+00:00\",\"author\":{\"@id\":\"https:\\\/\\\/www.altominho.tv\\\/site\\\/#\\\/schema\\\/person\\\/63f693da3e1899361cbe955c46f3232e\"},\"breadcrumb\":{\"@id\":\"https:\\\/\\\/www.altominho.tv\\\/site\\\/2020\\\/05\\\/11\\\/visita-a-lares-e-unidades-de-cuidados-continuados-retomadas-a-partir-da-proxima-segunda\\\/#breadcrumb\"},\"inLanguage\":\"pt-PT\",\"potentialAction\":[{\"@type\":\"ReadAction\",\"target\":[\"https:\\\/\\\/www.altominho.tv\\\/site\\\/2020\\\/05\\\/11\\\/visita-a-lares-e-unidades-de-cuidados-continuados-retomadas-a-partir-da-proxima-segunda\\\/\"]}]},{\"@type\":\"ImageObject\",\"inLanguage\":\"pt-PT\",\"@id\":\"https:\\\/\\\/www.altominho.tv\\\/site\\\/2020\\\/05\\\/11\\\/visita-a-lares-e-unidades-de-cuidados-continuados-retomadas-a-partir-da-proxima-segunda\\\/#primaryimage\",\"url\":\"https:\\\/\\\/www.altominho.tv\\\/site\\\/wp-content\\\/uploads\\\/2020\\\/05\\\/Lares_Portugal.jpg\",\"contentUrl\":\"https:\\\/\\\/www.altominho.tv\\\/site\\\/wp-content\\\/uploads\\\/2020\\\/05\\\/Lares_Portugal.jpg\",\"width\":1550,\"height\":1030,\"caption\":\"Miguel A.Lopes\"},{\"@type\":\"BreadcrumbList\",\"@id\":\"https:\\\/\\\/www.altominho.tv\\\/site\\\/2020\\\/05\\\/11\\\/visita-a-lares-e-unidades-de-cuidados-continuados-retomadas-a-partir-da-proxima-segunda\\\/#breadcrumb\",\"itemListElement\":[{\"@type\":\"ListItem\",\"position\":1,\"name\":\"In\u00edcio\",\"item\":\"https:\\\/\\\/www.altominho.tv\\\/site\\\/\"},{\"@type\":\"ListItem\",\"position\":2,\"name\":\"Visita a lares e unidades de cuidados continuados retomadas a partir da pr\u00f3xima segunda\"}]},{\"@type\":\"WebSite\",\"@id\":\"https:\\\/\\\/www.altominho.tv\\\/site\\\/#website\",\"url\":\"https:\\\/\\\/www.altominho.tv\\\/site\\\/\",\"name\":\"Altominho.tv\",\"description\":\"A sua regi\u00e3o \u00e0 dist\u00e2ncia de um clique...\",\"potentialAction\":[{\"@type\":\"SearchAction\",\"target\":{\"@type\":\"EntryPoint\",\"urlTemplate\":\"https:\\\/\\\/www.altominho.tv\\\/site\\\/?s={search_term_string}\"},\"query-input\":{\"@type\":\"PropertyValueSpecification\",\"valueRequired\":true,\"valueName\":\"search_term_string\"}}],\"inLanguage\":\"pt-PT\"},{\"@type\":\"Person\",\"@id\":\"https:\\\/\\\/www.altominho.tv\\\/site\\\/#\\\/schema\\\/person\\\/63f693da3e1899361cbe955c46f3232e\",\"name\":\"Lusa\",\"image\":{\"@type\":\"ImageObject\",\"inLanguage\":\"pt-PT\",\"@id\":\"https:\\\/\\\/www.altominho.tv\\\/site\\\/wp-content\\\/uploads\\\/2019\\\/08\\\/LUSA_Logo.gif\",\"url\":\"https:\\\/\\\/www.altominho.tv\\\/site\\\/wp-content\\\/uploads\\\/2019\\\/08\\\/LUSA_Logo.gif\",\"contentUrl\":\"https:\\\/\\\/www.altominho.tv\\\/site\\\/wp-content\\\/uploads\\\/2019\\\/08\\\/LUSA_Logo.gif\",\"caption\":\"Lusa\"},\"sameAs\":[\"http:\\\/\\\/\\\/\\\/www.altominho.tv\\\/site\"],\"url\":\"https:\\\/\\\/www.altominho.tv\\\/site\\\/author\\\/lusa\\\/\"}]}<\/script>\n<!-- \/ Yoast SEO Premium plugin. -->","yoast_head_json":{"title":"Visita a lares e unidades de cuidados continuados retomadas a partir da pr\u00f3xima segunda","robots":{"index":"index","follow":"follow","max-snippet":"max-snippet:-1","max-image-preview":"max-image-preview:large","max-video-preview":"max-video-preview:-1"},"canonical":"https:\/\/www.altominho.tv\/site\/2020\/05\/11\/visita-a-lares-e-unidades-de-cuidados-continuados-retomadas-a-partir-da-proxima-segunda\/","og_locale":"pt_PT","og_type":"article","og_title":"Visita a lares e unidades de cuidados continuados retomadas a partir da pr\u00f3xima segunda","og_description":"As visitas a utentes de lares de idosos e unidades de cuidados continuados podem ser retomadas a partir de 18 de maio, segundo orienta\u00e7\u00e3o da Dire\u00e7\u00e3o-Geral da Sa\u00fade. As visitas ter\u00e3o de ter marca\u00e7\u00e3o pr\u00e9via e ocorrer num espa\u00e7o pr\u00f3prio, de prefer\u00eancia no exterior da institui\u00e7\u00e3o, mantendo a dist\u00e2ncia de seguran\u00e7a de dois metros entre [&hellip;]","og_url":"https:\/\/www.altominho.tv\/site\/2020\/05\/11\/visita-a-lares-e-unidades-de-cuidados-continuados-retomadas-a-partir-da-proxima-segunda\/","og_site_name":"Altominho.tv","article_publisher":"https:\/\/www.facebook.com\/altominhotv","article_published_time":"2020-05-11T21:02:20+00:00","article_modified_time":"2020-05-11T21:02:24+00:00","og_image":[{"width":1550,"height":1030,"url":"https:\/\/www.altominho.tv\/site\/wp-content\/uploads\/2020\/05\/Lares_Portugal.jpg","type":"image\/jpeg"}],"author":"Lusa","twitter_card":"summary_large_image","twitter_creator":"@altominhoTV","twitter_site":"@altominhoTV","twitter_misc":{"Escrito por":"Lusa","Tempo estimado de leitura":"3 minutos"},"schema":{"@context":"https:\/\/schema.org","@graph":[{"@type":"Article","@id":"https:\/\/www.altominho.tv\/site\/2020\/05\/11\/visita-a-lares-e-unidades-de-cuidados-continuados-retomadas-a-partir-da-proxima-segunda\/#article","isPartOf":{"@id":"https:\/\/www.altominho.tv\/site\/2020\/05\/11\/visita-a-lares-e-unidades-de-cuidados-continuados-retomadas-a-partir-da-proxima-segunda\/"},"author":{"name":"Lusa","@id":"https:\/\/www.altominho.tv\/site\/#\/schema\/person\/63f693da3e1899361cbe955c46f3232e"},"headline":"Visita a lares e unidades de cuidados continuados retomadas a partir da pr\u00f3xima segunda","datePublished":"2020-05-11T21:02:20+00:00","dateModified":"2020-05-11T21:02:24+00:00","mainEntityOfPage":{"@id":"https:\/\/www.altominho.tv\/site\/2020\/05\/11\/visita-a-lares-e-unidades-de-cuidados-continuados-retomadas-a-partir-da-proxima-segunda\/"},"wordCount":528,"image":{"@id":"https:\/\/www.altominho.tv\/site\/2020\/05\/11\/visita-a-lares-e-unidades-de-cuidados-continuados-retomadas-a-partir-da-proxima-segunda\/#primaryimage"},"thumbnailUrl":"https:\/\/www.altominho.tv\/site\/wp-content\/uploads\/2020\/05\/Lares_Portugal.jpg","keywords":["Sa\u00fade"],"articleSection":["Alto Minho"],"inLanguage":"pt-PT","copyrightYear":"2020","copyrightHolder":{"@id":"https:\/\/www.altominho.tv\/site\/#organization"}},{"@type":"WebPage","@id":"https:\/\/www.altominho.tv\/site\/2020\/05\/11\/visita-a-lares-e-unidades-de-cuidados-continuados-retomadas-a-partir-da-proxima-segunda\/","url":"https:\/\/www.altominho.tv\/site\/2020\/05\/11\/visita-a-lares-e-unidades-de-cuidados-continuados-retomadas-a-partir-da-proxima-segunda\/","name":"Visita a lares e unidades de cuidados continuados retomadas a partir da pr\u00f3xima segunda","isPartOf":{"@id":"https:\/\/www.altominho.tv\/site\/#website"},"primaryImageOfPage":{"@id":"https:\/\/www.altominho.tv\/site\/2020\/05\/11\/visita-a-lares-e-unidades-de-cuidados-continuados-retomadas-a-partir-da-proxima-segunda\/#primaryimage"},"image":{"@id":"https:\/\/www.altominho.tv\/site\/2020\/05\/11\/visita-a-lares-e-unidades-de-cuidados-continuados-retomadas-a-partir-da-proxima-segunda\/#primaryimage"},"thumbnailUrl":"https:\/\/www.altominho.tv\/site\/wp-content\/uploads\/2020\/05\/Lares_Portugal.jpg","datePublished":"2020-05-11T21:02:20+00:00","dateModified":"2020-05-11T21:02:24+00:00","author":{"@id":"https:\/\/www.altominho.tv\/site\/#\/schema\/person\/63f693da3e1899361cbe955c46f3232e"},"breadcrumb":{"@id":"https:\/\/www.altominho.tv\/site\/2020\/05\/11\/visita-a-lares-e-unidades-de-cuidados-continuados-retomadas-a-partir-da-proxima-segunda\/#breadcrumb"},"inLanguage":"pt-PT","potentialAction":[{"@type":"ReadAction","target":["https:\/\/www.altominho.tv\/site\/2020\/05\/11\/visita-a-lares-e-unidades-de-cuidados-continuados-retomadas-a-partir-da-proxima-segunda\/"]}]},{"@type":"ImageObject","inLanguage":"pt-PT","@id":"https:\/\/www.altominho.tv\/site\/2020\/05\/11\/visita-a-lares-e-unidades-de-cuidados-continuados-retomadas-a-partir-da-proxima-segunda\/#primaryimage","url":"https:\/\/www.altominho.tv\/site\/wp-content\/uploads\/2020\/05\/Lares_Portugal.jpg","contentUrl":"https:\/\/www.altominho.tv\/site\/wp-content\/uploads\/2020\/05\/Lares_Portugal.jpg","width":1550,"height":1030,"caption":"Miguel A.Lopes"},{"@type":"BreadcrumbList","@id":"https:\/\/www.altominho.tv\/site\/2020\/05\/11\/visita-a-lares-e-unidades-de-cuidados-continuados-retomadas-a-partir-da-proxima-segunda\/#breadcrumb","itemListElement":[{"@type":"ListItem","position":1,"name":"In\u00edcio","item":"https:\/\/www.altominho.tv\/site\/"},{"@type":"ListItem","position":2,"name":"Visita a lares e unidades de cuidados continuados retomadas a partir da pr\u00f3xima segunda"}]},{"@type":"WebSite","@id":"https:\/\/www.altominho.tv\/site\/#website","url":"https:\/\/www.altominho.tv\/site\/","name":"Altominho.tv","description":"A sua regi\u00e3o \u00e0 dist\u00e2ncia de um clique...","potentialAction":[{"@type":"SearchAction","target":{"@type":"EntryPoint","urlTemplate":"https:\/\/www.altominho.tv\/site\/?s={search_term_string}"},"query-input":{"@type":"PropertyValueSpecification","valueRequired":true,"valueName":"search_term_string"}}],"inLanguage":"pt-PT"},{"@type":"Person","@id":"https:\/\/www.altominho.tv\/site\/#\/schema\/person\/63f693da3e1899361cbe955c46f3232e","name":"Lusa","image":{"@type":"ImageObject","inLanguage":"pt-PT","@id":"https:\/\/www.altominho.tv\/site\/wp-content\/uploads\/2019\/08\/LUSA_Logo.gif","url":"https:\/\/www.altominho.tv\/site\/wp-content\/uploads\/2019\/08\/LUSA_Logo.gif","contentUrl":"https:\/\/www.altominho.tv\/site\/wp-content\/uploads\/2019\/08\/LUSA_Logo.gif","caption":"Lusa"},"sameAs":["http:\/\/\/\/www.altominho.tv\/site"],"url":"https:\/\/www.altominho.tv\/site\/author\/lusa\/"}]}},"_links":{"self":[{"href":"https:\/\/www.altominho.tv\/site\/wp-json\/wp\/v2\/posts\/46122","targetHints":{"allow":["GET"]}}],"collection":[{"href":"https:\/\/www.altominho.tv\/site\/wp-json\/wp\/v2\/posts"}],"about":[{"href":"https:\/\/www.altominho.tv\/site\/wp-json\/wp\/v2\/types\/post"}],"author":[{"embeddable":true,"href":"https:\/\/www.altominho.tv\/site\/wp-json\/wp\/v2\/users\/13"}],"replies":[{"embeddable":true,"href":"https:\/\/www.altominho.tv\/site\/wp-json\/wp\/v2\/comments?post=46122"}],"version-history":[{"count":0,"href":"https:\/\/www.altominho.tv\/site\/wp-json\/wp\/v2\/posts\/46122\/revisions"}],"wp:featuredmedia":[{"embeddable":true,"href":"https:\/\/www.altominho.tv\/site\/wp-json\/wp\/v2\/media\/46123"}],"wp:attachment":[{"href":"https:\/\/www.altominho.tv\/site\/wp-json\/wp\/v2\/media?parent=46122"}],"wp:term":[{"taxonomy":"category","embeddable":true,"href":"https:\/\/www.altominho.tv\/site\/wp-json\/wp\/v2\/categories?post=46122"},{"taxonomy":"post_tag","embeddable":true,"href":"https:\/\/www.altominho.tv\/site\/wp-json\/wp\/v2\/tags?post=46122"}],"curies":[{"name":"wp","href":"https:\/\/api.w.org\/{rel}","templated":true}]}}