{"id":46109,"date":"2020-05-11T18:39:47","date_gmt":"2020-05-11T17:39:47","guid":{"rendered":"http:\/\/www.altominho.tv\/site\/?p=46109"},"modified":"2020-05-11T18:39:53","modified_gmt":"2020-05-11T17:39:53","slug":"aquamuseu-disponibiliza-conteudo-de-exposicoes-online","status":"publish","type":"post","link":"https:\/\/www.altominho.tv\/site\/2020\/05\/11\/aquamuseu-disponibiliza-conteudo-de-exposicoes-online\/","title":{"rendered":"Aquamuseu disponibiliza conte\u00fado de exposi\u00e7\u00f5es online"},"content":{"rendered":"\n<p>O Aquamuseu do Rio Minho, situado em Vila Nova de Cerveira, vai disponibilizar conte\u00fado de exposi\u00e7\u00f5es online.<\/p>\n\n\n\n<p>Ainda de portas fechadas ao p\u00fablico como medida de conten\u00e7\u00e3o \u00e0 pandemia da COVID-19, a C\u00e2mara de Cerveira informou que o Aquamuseu do Rio Minho &#8220;passa a disponibilizar a informa\u00e7\u00e3o de duas exposi\u00e7\u00f5es com recurso aos meios digitais, contribuindo para um maior conhecimento e aprendizagem relativamente a duas esp\u00e9cies: o s\u00e1vel e o negr\u00e3o&#8221;.<\/p>\n\n\n\n<p>Seja por motivos pedag\u00f3gicos, cient\u00edficos ou apenas a t\u00edtulo de curiosidade, a informa\u00e7\u00e3o detalhada ilustrada com registos fotogr\u00e1ficos consta no website do Aquamuseu, e ser\u00e1 replicada faseadamente na P\u00e1gina do Facebook \u2013 Aquamuseu do Rio Minho, com o indicativo \u2018Sabia que\u2026\u2019<\/p>\n\n\n\n<p>\u201cA pesca do s\u00e1vel ao longo dos tempos\u201d \u00e9 o t\u00edtulo da primeira exposi\u00e7\u00e3o.<\/p>\n\n\n\n<p>Esta primeira exposi\u00e7\u00e3o retrata a morfologia e a biologia desta esp\u00e9cie an\u00e1droma (que migra do mar para o rio), a distribui\u00e7\u00e3o geogr\u00e1fica, a pesca ao longo dos tempos, e os per\u00edodos e artes de pesca.<\/p>\n\n\n\n<p>J\u00e1 a mostra que destaca o negr\u00e3o tamb\u00e9m aborda a morfologia desta esp\u00e9cie demersal conhecida pelos pescadores como barbadinho, al\u00e9m do seu habitat e a alimenta\u00e7\u00e3o.<\/p>\n","protected":false},"excerpt":{"rendered":"<p>O Aquamuseu do Rio Minho, situado em Vila Nova de Cerveira, vai disponibilizar conte\u00fado de exposi\u00e7\u00f5es online. Ainda de portas fechadas ao p\u00fablico como medida de conten\u00e7\u00e3o \u00e0 pandemia da COVID-19, a C\u00e2mara de Cerveira informou que o Aquamuseu do Rio Minho &#8220;passa a disponibilizar a informa\u00e7\u00e3o de duas exposi\u00e7\u00f5es com recurso aos meios digitais, [&hellip;]<\/p>\n","protected":false},"author":7,"featured_media":46110,"comment_status":"closed","ping_status":"closed","sticky":false,"template":"","format":"standard","meta":{"_exactmetrics_skip_tracking":false,"_exactmetrics_sitenote_active":false,"_exactmetrics_sitenote_note":"","_exactmetrics_sitenote_category":0,"footnotes":""},"categories":[15],"tags":[27],"class_list":["post-46109","post","type-post","status-publish","format-standard","has-post-thumbnail","hentry","category-vila-nova-de-cerveira","tag-sociedade"],"yoast_head":"<!-- This site is optimized with the Yoast SEO Premium plugin v27.4 (Yoast SEO v27.4) - https:\/\/yoast.com\/product\/yoast-seo-premium-wordpress\/ -->\n<title>Aquamuseu disponibiliza conte\u00fado de exposi\u00e7\u00f5es online<\/title>\n<meta name=\"robots\" content=\"index, follow, max-snippet:-1, max-image-preview:large, max-video-preview:-1\" \/>\n<link rel=\"canonical\" href=\"https:\/\/www.altominho.tv\/site\/2020\/05\/11\/aquamuseu-disponibiliza-conteudo-de-exposicoes-online\/\" \/>\n<meta property=\"og:locale\" content=\"pt_PT\" \/>\n<meta property=\"og:type\" content=\"article\" \/>\n<meta property=\"og:title\" content=\"Aquamuseu disponibiliza conte\u00fado de exposi\u00e7\u00f5es online\" \/>\n<meta property=\"og:description\" content=\"O Aquamuseu do Rio Minho, situado em Vila Nova de Cerveira, vai disponibilizar conte\u00fado de exposi\u00e7\u00f5es online. Ainda de portas fechadas ao p\u00fablico como medida de conten\u00e7\u00e3o \u00e0 pandemia da COVID-19, a C\u00e2mara de Cerveira informou que o Aquamuseu do Rio Minho &#8220;passa a disponibilizar a informa\u00e7\u00e3o de duas exposi\u00e7\u00f5es com recurso aos meios digitais, [&hellip;]\" \/>\n<meta property=\"og:url\" content=\"https:\/\/www.altominho.tv\/site\/2020\/05\/11\/aquamuseu-disponibiliza-conteudo-de-exposicoes-online\/\" \/>\n<meta property=\"og:site_name\" content=\"Altominho.tv\" \/>\n<meta property=\"article:publisher\" content=\"https:\/\/www.facebook.com\/altominhotv\" \/>\n<meta property=\"article:published_time\" content=\"2020-05-11T17:39:47+00:00\" \/>\n<meta property=\"article:modified_time\" content=\"2020-05-11T17:39:53+00:00\" \/>\n<meta property=\"og:image\" content=\"https:\/\/www.altominho.tv\/site\/wp-content\/uploads\/2020\/05\/NEGRAO-scaled.jpg\" \/>\n\t<meta property=\"og:image:width\" content=\"2560\" \/>\n\t<meta property=\"og:image:height\" content=\"1700\" \/>\n\t<meta property=\"og:image:type\" content=\"image\/jpeg\" \/>\n<meta name=\"author\" content=\"Andreia Cunha\" \/>\n<meta name=\"twitter:card\" content=\"summary_large_image\" \/>\n<meta name=\"twitter:creator\" content=\"@altominhoTV\" \/>\n<meta name=\"twitter:site\" content=\"@altominhoTV\" \/>\n<meta name=\"twitter:label1\" content=\"Escrito por\" \/>\n\t<meta name=\"twitter:data1\" content=\"Andreia Cunha\" \/>\n\t<meta name=\"twitter:label2\" content=\"Tempo estimado de leitura\" \/>\n\t<meta name=\"twitter:data2\" content=\"1 minuto\" \/>\n<script type=\"application\/ld+json\" class=\"yoast-schema-graph\">{\"@context\":\"https:\\\/\\\/schema.org\",\"@graph\":[{\"@type\":\"Article\",\"@id\":\"https:\\\/\\\/www.altominho.tv\\\/site\\\/2020\\\/05\\\/11\\\/aquamuseu-disponibiliza-conteudo-de-exposicoes-online\\\/#article\",\"isPartOf\":{\"@id\":\"https:\\\/\\\/www.altominho.tv\\\/site\\\/2020\\\/05\\\/11\\\/aquamuseu-disponibiliza-conteudo-de-exposicoes-online\\\/\"},\"author\":{\"name\":\"Andreia Cunha\",\"@id\":\"https:\\\/\\\/www.altominho.tv\\\/site\\\/#\\\/schema\\\/person\\\/a0e4ef6d041f98ca284393d8f1d97153\"},\"headline\":\"Aquamuseu disponibiliza conte\u00fado de exposi\u00e7\u00f5es online\",\"datePublished\":\"2020-05-11T17:39:47+00:00\",\"dateModified\":\"2020-05-11T17:39:53+00:00\",\"mainEntityOfPage\":{\"@id\":\"https:\\\/\\\/www.altominho.tv\\\/site\\\/2020\\\/05\\\/11\\\/aquamuseu-disponibiliza-conteudo-de-exposicoes-online\\\/\"},\"wordCount\":222,\"image\":{\"@id\":\"https:\\\/\\\/www.altominho.tv\\\/site\\\/2020\\\/05\\\/11\\\/aquamuseu-disponibiliza-conteudo-de-exposicoes-online\\\/#primaryimage\"},\"thumbnailUrl\":\"https:\\\/\\\/www.altominho.tv\\\/site\\\/wp-content\\\/uploads\\\/2020\\\/05\\\/NEGRAO-scaled.jpg\",\"keywords\":[\"Sociedade\"],\"articleSection\":[\"Vila Nova de Cerveira\"],\"inLanguage\":\"pt-PT\",\"copyrightYear\":\"2020\",\"copyrightHolder\":{\"@id\":\"https:\\\/\\\/www.altominho.tv\\\/site\\\/#organization\"}},{\"@type\":\"WebPage\",\"@id\":\"https:\\\/\\\/www.altominho.tv\\\/site\\\/2020\\\/05\\\/11\\\/aquamuseu-disponibiliza-conteudo-de-exposicoes-online\\\/\",\"url\":\"https:\\\/\\\/www.altominho.tv\\\/site\\\/2020\\\/05\\\/11\\\/aquamuseu-disponibiliza-conteudo-de-exposicoes-online\\\/\",\"name\":\"Aquamuseu disponibiliza conte\u00fado de exposi\u00e7\u00f5es online\",\"isPartOf\":{\"@id\":\"https:\\\/\\\/www.altominho.tv\\\/site\\\/#website\"},\"primaryImageOfPage\":{\"@id\":\"https:\\\/\\\/www.altominho.tv\\\/site\\\/2020\\\/05\\\/11\\\/aquamuseu-disponibiliza-conteudo-de-exposicoes-online\\\/#primaryimage\"},\"image\":{\"@id\":\"https:\\\/\\\/www.altominho.tv\\\/site\\\/2020\\\/05\\\/11\\\/aquamuseu-disponibiliza-conteudo-de-exposicoes-online\\\/#primaryimage\"},\"thumbnailUrl\":\"https:\\\/\\\/www.altominho.tv\\\/site\\\/wp-content\\\/uploads\\\/2020\\\/05\\\/NEGRAO-scaled.jpg\",\"datePublished\":\"2020-05-11T17:39:47+00:00\",\"dateModified\":\"2020-05-11T17:39:53+00:00\",\"author\":{\"@id\":\"https:\\\/\\\/www.altominho.tv\\\/site\\\/#\\\/schema\\\/person\\\/a0e4ef6d041f98ca284393d8f1d97153\"},\"breadcrumb\":{\"@id\":\"https:\\\/\\\/www.altominho.tv\\\/site\\\/2020\\\/05\\\/11\\\/aquamuseu-disponibiliza-conteudo-de-exposicoes-online\\\/#breadcrumb\"},\"inLanguage\":\"pt-PT\",\"potentialAction\":[{\"@type\":\"ReadAction\",\"target\":[\"https:\\\/\\\/www.altominho.tv\\\/site\\\/2020\\\/05\\\/11\\\/aquamuseu-disponibiliza-conteudo-de-exposicoes-online\\\/\"]}]},{\"@type\":\"ImageObject\",\"inLanguage\":\"pt-PT\",\"@id\":\"https:\\\/\\\/www.altominho.tv\\\/site\\\/2020\\\/05\\\/11\\\/aquamuseu-disponibiliza-conteudo-de-exposicoes-online\\\/#primaryimage\",\"url\":\"https:\\\/\\\/www.altominho.tv\\\/site\\\/wp-content\\\/uploads\\\/2020\\\/05\\\/NEGRAO-scaled.jpg\",\"contentUrl\":\"https:\\\/\\\/www.altominho.tv\\\/site\\\/wp-content\\\/uploads\\\/2020\\\/05\\\/NEGRAO-scaled.jpg\",\"width\":2560,\"height\":1700},{\"@type\":\"BreadcrumbList\",\"@id\":\"https:\\\/\\\/www.altominho.tv\\\/site\\\/2020\\\/05\\\/11\\\/aquamuseu-disponibiliza-conteudo-de-exposicoes-online\\\/#breadcrumb\",\"itemListElement\":[{\"@type\":\"ListItem\",\"position\":1,\"name\":\"In\u00edcio\",\"item\":\"https:\\\/\\\/www.altominho.tv\\\/site\\\/\"},{\"@type\":\"ListItem\",\"position\":2,\"name\":\"Aquamuseu disponibiliza conte\u00fado de exposi\u00e7\u00f5es online\"}]},{\"@type\":\"WebSite\",\"@id\":\"https:\\\/\\\/www.altominho.tv\\\/site\\\/#website\",\"url\":\"https:\\\/\\\/www.altominho.tv\\\/site\\\/\",\"name\":\"Altominho.tv\",\"description\":\"A sua regi\u00e3o \u00e0 dist\u00e2ncia de um clique...\",\"potentialAction\":[{\"@type\":\"SearchAction\",\"target\":{\"@type\":\"EntryPoint\",\"urlTemplate\":\"https:\\\/\\\/www.altominho.tv\\\/site\\\/?s={search_term_string}\"},\"query-input\":{\"@type\":\"PropertyValueSpecification\",\"valueRequired\":true,\"valueName\":\"search_term_string\"}}],\"inLanguage\":\"pt-PT\"},{\"@type\":\"Person\",\"@id\":\"https:\\\/\\\/www.altominho.tv\\\/site\\\/#\\\/schema\\\/person\\\/a0e4ef6d041f98ca284393d8f1d97153\",\"name\":\"Andreia Cunha\",\"image\":{\"@type\":\"ImageObject\",\"inLanguage\":\"pt-PT\",\"@id\":\"https:\\\/\\\/www.altominho.tv\\\/site\\\/wp-content\\\/uploads\\\/2017\\\/11\\\/Andreia_Cunha-1-150x150.jpg\",\"url\":\"https:\\\/\\\/www.altominho.tv\\\/site\\\/wp-content\\\/uploads\\\/2017\\\/11\\\/Andreia_Cunha-1-150x150.jpg\",\"contentUrl\":\"https:\\\/\\\/www.altominho.tv\\\/site\\\/wp-content\\\/uploads\\\/2017\\\/11\\\/Andreia_Cunha-1-150x150.jpg\",\"caption\":\"Andreia Cunha\"},\"url\":\"https:\\\/\\\/www.altominho.tv\\\/site\\\/author\\\/andreiacunha\\\/\"}]}<\/script>\n<!-- \/ Yoast SEO Premium plugin. -->","yoast_head_json":{"title":"Aquamuseu disponibiliza conte\u00fado de exposi\u00e7\u00f5es online","robots":{"index":"index","follow":"follow","max-snippet":"max-snippet:-1","max-image-preview":"max-image-preview:large","max-video-preview":"max-video-preview:-1"},"canonical":"https:\/\/www.altominho.tv\/site\/2020\/05\/11\/aquamuseu-disponibiliza-conteudo-de-exposicoes-online\/","og_locale":"pt_PT","og_type":"article","og_title":"Aquamuseu disponibiliza conte\u00fado de exposi\u00e7\u00f5es online","og_description":"O Aquamuseu do Rio Minho, situado em Vila Nova de Cerveira, vai disponibilizar conte\u00fado de exposi\u00e7\u00f5es online. Ainda de portas fechadas ao p\u00fablico como medida de conten\u00e7\u00e3o \u00e0 pandemia da COVID-19, a C\u00e2mara de Cerveira informou que o Aquamuseu do Rio Minho &#8220;passa a disponibilizar a informa\u00e7\u00e3o de duas exposi\u00e7\u00f5es com recurso aos meios digitais, [&hellip;]","og_url":"https:\/\/www.altominho.tv\/site\/2020\/05\/11\/aquamuseu-disponibiliza-conteudo-de-exposicoes-online\/","og_site_name":"Altominho.tv","article_publisher":"https:\/\/www.facebook.com\/altominhotv","article_published_time":"2020-05-11T17:39:47+00:00","article_modified_time":"2020-05-11T17:39:53+00:00","og_image":[{"width":2560,"height":1700,"url":"https:\/\/www.altominho.tv\/site\/wp-content\/uploads\/2020\/05\/NEGRAO-scaled.jpg","type":"image\/jpeg"}],"author":"Andreia Cunha","twitter_card":"summary_large_image","twitter_creator":"@altominhoTV","twitter_site":"@altominhoTV","twitter_misc":{"Escrito por":"Andreia Cunha","Tempo estimado de leitura":"1 minuto"},"schema":{"@context":"https:\/\/schema.org","@graph":[{"@type":"Article","@id":"https:\/\/www.altominho.tv\/site\/2020\/05\/11\/aquamuseu-disponibiliza-conteudo-de-exposicoes-online\/#article","isPartOf":{"@id":"https:\/\/www.altominho.tv\/site\/2020\/05\/11\/aquamuseu-disponibiliza-conteudo-de-exposicoes-online\/"},"author":{"name":"Andreia Cunha","@id":"https:\/\/www.altominho.tv\/site\/#\/schema\/person\/a0e4ef6d041f98ca284393d8f1d97153"},"headline":"Aquamuseu disponibiliza conte\u00fado de exposi\u00e7\u00f5es online","datePublished":"2020-05-11T17:39:47+00:00","dateModified":"2020-05-11T17:39:53+00:00","mainEntityOfPage":{"@id":"https:\/\/www.altominho.tv\/site\/2020\/05\/11\/aquamuseu-disponibiliza-conteudo-de-exposicoes-online\/"},"wordCount":222,"image":{"@id":"https:\/\/www.altominho.tv\/site\/2020\/05\/11\/aquamuseu-disponibiliza-conteudo-de-exposicoes-online\/#primaryimage"},"thumbnailUrl":"https:\/\/www.altominho.tv\/site\/wp-content\/uploads\/2020\/05\/NEGRAO-scaled.jpg","keywords":["Sociedade"],"articleSection":["Vila Nova de Cerveira"],"inLanguage":"pt-PT","copyrightYear":"2020","copyrightHolder":{"@id":"https:\/\/www.altominho.tv\/site\/#organization"}},{"@type":"WebPage","@id":"https:\/\/www.altominho.tv\/site\/2020\/05\/11\/aquamuseu-disponibiliza-conteudo-de-exposicoes-online\/","url":"https:\/\/www.altominho.tv\/site\/2020\/05\/11\/aquamuseu-disponibiliza-conteudo-de-exposicoes-online\/","name":"Aquamuseu disponibiliza conte\u00fado de exposi\u00e7\u00f5es online","isPartOf":{"@id":"https:\/\/www.altominho.tv\/site\/#website"},"primaryImageOfPage":{"@id":"https:\/\/www.altominho.tv\/site\/2020\/05\/11\/aquamuseu-disponibiliza-conteudo-de-exposicoes-online\/#primaryimage"},"image":{"@id":"https:\/\/www.altominho.tv\/site\/2020\/05\/11\/aquamuseu-disponibiliza-conteudo-de-exposicoes-online\/#primaryimage"},"thumbnailUrl":"https:\/\/www.altominho.tv\/site\/wp-content\/uploads\/2020\/05\/NEGRAO-scaled.jpg","datePublished":"2020-05-11T17:39:47+00:00","dateModified":"2020-05-11T17:39:53+00:00","author":{"@id":"https:\/\/www.altominho.tv\/site\/#\/schema\/person\/a0e4ef6d041f98ca284393d8f1d97153"},"breadcrumb":{"@id":"https:\/\/www.altominho.tv\/site\/2020\/05\/11\/aquamuseu-disponibiliza-conteudo-de-exposicoes-online\/#breadcrumb"},"inLanguage":"pt-PT","potentialAction":[{"@type":"ReadAction","target":["https:\/\/www.altominho.tv\/site\/2020\/05\/11\/aquamuseu-disponibiliza-conteudo-de-exposicoes-online\/"]}]},{"@type":"ImageObject","inLanguage":"pt-PT","@id":"https:\/\/www.altominho.tv\/site\/2020\/05\/11\/aquamuseu-disponibiliza-conteudo-de-exposicoes-online\/#primaryimage","url":"https:\/\/www.altominho.tv\/site\/wp-content\/uploads\/2020\/05\/NEGRAO-scaled.jpg","contentUrl":"https:\/\/www.altominho.tv\/site\/wp-content\/uploads\/2020\/05\/NEGRAO-scaled.jpg","width":2560,"height":1700},{"@type":"BreadcrumbList","@id":"https:\/\/www.altominho.tv\/site\/2020\/05\/11\/aquamuseu-disponibiliza-conteudo-de-exposicoes-online\/#breadcrumb","itemListElement":[{"@type":"ListItem","position":1,"name":"In\u00edcio","item":"https:\/\/www.altominho.tv\/site\/"},{"@type":"ListItem","position":2,"name":"Aquamuseu disponibiliza conte\u00fado de exposi\u00e7\u00f5es online"}]},{"@type":"WebSite","@id":"https:\/\/www.altominho.tv\/site\/#website","url":"https:\/\/www.altominho.tv\/site\/","name":"Altominho.tv","description":"A sua regi\u00e3o \u00e0 dist\u00e2ncia de um clique...","potentialAction":[{"@type":"SearchAction","target":{"@type":"EntryPoint","urlTemplate":"https:\/\/www.altominho.tv\/site\/?s={search_term_string}"},"query-input":{"@type":"PropertyValueSpecification","valueRequired":true,"valueName":"search_term_string"}}],"inLanguage":"pt-PT"},{"@type":"Person","@id":"https:\/\/www.altominho.tv\/site\/#\/schema\/person\/a0e4ef6d041f98ca284393d8f1d97153","name":"Andreia Cunha","image":{"@type":"ImageObject","inLanguage":"pt-PT","@id":"https:\/\/www.altominho.tv\/site\/wp-content\/uploads\/2017\/11\/Andreia_Cunha-1-150x150.jpg","url":"https:\/\/www.altominho.tv\/site\/wp-content\/uploads\/2017\/11\/Andreia_Cunha-1-150x150.jpg","contentUrl":"https:\/\/www.altominho.tv\/site\/wp-content\/uploads\/2017\/11\/Andreia_Cunha-1-150x150.jpg","caption":"Andreia Cunha"},"url":"https:\/\/www.altominho.tv\/site\/author\/andreiacunha\/"}]}},"_links":{"self":[{"href":"https:\/\/www.altominho.tv\/site\/wp-json\/wp\/v2\/posts\/46109","targetHints":{"allow":["GET"]}}],"collection":[{"href":"https:\/\/www.altominho.tv\/site\/wp-json\/wp\/v2\/posts"}],"about":[{"href":"https:\/\/www.altominho.tv\/site\/wp-json\/wp\/v2\/types\/post"}],"author":[{"embeddable":true,"href":"https:\/\/www.altominho.tv\/site\/wp-json\/wp\/v2\/users\/7"}],"replies":[{"embeddable":true,"href":"https:\/\/www.altominho.tv\/site\/wp-json\/wp\/v2\/comments?post=46109"}],"version-history":[{"count":0,"href":"https:\/\/www.altominho.tv\/site\/wp-json\/wp\/v2\/posts\/46109\/revisions"}],"wp:featuredmedia":[{"embeddable":true,"href":"https:\/\/www.altominho.tv\/site\/wp-json\/wp\/v2\/media\/46110"}],"wp:attachment":[{"href":"https:\/\/www.altominho.tv\/site\/wp-json\/wp\/v2\/media?parent=46109"}],"wp:term":[{"taxonomy":"category","embeddable":true,"href":"https:\/\/www.altominho.tv\/site\/wp-json\/wp\/v2\/categories?post=46109"},{"taxonomy":"post_tag","embeddable":true,"href":"https:\/\/www.altominho.tv\/site\/wp-json\/wp\/v2\/tags?post=46109"}],"curies":[{"name":"wp","href":"https:\/\/api.w.org\/{rel}","templated":true}]}}