{"id":46096,"date":"2020-05-11T17:15:54","date_gmt":"2020-05-11T16:15:54","guid":{"rendered":"http:\/\/www.altominho.tv\/site\/?p=46096"},"modified":"2020-05-11T17:15:57","modified_gmt":"2020-05-11T16:15:57","slug":"voluntarias-produziram-equipamentos-de-protecao-para-distribuir-pelas-ipss","status":"publish","type":"post","link":"https:\/\/www.altominho.tv\/site\/2020\/05\/11\/voluntarias-produziram-equipamentos-de-protecao-para-distribuir-pelas-ipss\/","title":{"rendered":"Volunt\u00e1rias produziram equipamentos de prote\u00e7\u00e3o para distribuir pelas IPSS"},"content":{"rendered":"<p class=\"text-align-left\">Um grupo de volunt\u00e1rias entregou, esta segunda-feira, na C\u00e2mara de Vila Nova de Cerveira, 650 batas, t\u00fanicas, cal\u00e7as, cobre-botas e c\u00f3gulas, para serem distribu\u00eddas pelas Institui\u00e7\u00f5es Particulares de Solidariedade Social (IPSS) do concelho.<\/p>\n<p class=\"text-align-left\">Aliando o gosto pela costura \u00e0 solidariedade, o grupo \u201cTodos Juntos Seremos Mais Fortes\u201d tem vindo a produzir equipamentos de prote\u00e7\u00e3o individual para ajudar os profissionais que se encontram na linha da frente no combate \u00e0 Covid-19.<\/p>\n<p>A iniciativa resultou da &#8220;aquisi\u00e7\u00e3o de 1.000m2 de Tecido N\u00e3o Tecido (TNT) por parte da C\u00e2mara Municipal&#8221;.<\/p>\n","protected":false},"excerpt":{"rendered":"<p>Um grupo de volunt\u00e1rias entregou, esta segunda-feira, na C\u00e2mara de Vila Nova de Cerveira, 650 batas, t\u00fanicas, cal\u00e7as, cobre-botas e c\u00f3gulas, para serem distribu\u00eddas pelas Institui\u00e7\u00f5es Particulares de Solidariedade Social (IPSS) do concelho. Aliando o gosto pela costura \u00e0 solidariedade, o grupo \u201cTodos Juntos Seremos Mais Fortes\u201d tem vindo a produzir equipamentos de prote\u00e7\u00e3o individual [&hellip;]<\/p>\n","protected":false},"author":12,"featured_media":46097,"comment_status":"closed","ping_status":"closed","sticky":false,"template":"","format":"standard","meta":{"_exactmetrics_skip_tracking":false,"_exactmetrics_sitenote_active":false,"_exactmetrics_sitenote_note":"","_exactmetrics_sitenote_category":0,"footnotes":""},"categories":[15],"tags":[27],"class_list":["post-46096","post","type-post","status-publish","format-standard","has-post-thumbnail","hentry","category-vila-nova-de-cerveira","tag-sociedade"],"yoast_head":"<!-- This site is optimized with the Yoast SEO Premium plugin v27.4 (Yoast SEO v27.4) - https:\/\/yoast.com\/product\/yoast-seo-premium-wordpress\/ -->\n<title>Volunt\u00e1rias produziram equipamentos de prote\u00e7\u00e3o para distribuir pelas IPSS<\/title>\n<meta name=\"robots\" content=\"index, follow, max-snippet:-1, max-image-preview:large, max-video-preview:-1\" \/>\n<link rel=\"canonical\" href=\"https:\/\/www.altominho.tv\/site\/2020\/05\/11\/voluntarias-produziram-equipamentos-de-protecao-para-distribuir-pelas-ipss\/\" \/>\n<meta property=\"og:locale\" content=\"pt_PT\" \/>\n<meta property=\"og:type\" content=\"article\" \/>\n<meta property=\"og:title\" content=\"Volunt\u00e1rias produziram equipamentos de prote\u00e7\u00e3o para distribuir pelas IPSS\" \/>\n<meta property=\"og:description\" content=\"Um grupo de volunt\u00e1rias entregou, esta segunda-feira, na C\u00e2mara de Vila Nova de Cerveira, 650 batas, t\u00fanicas, cal\u00e7as, cobre-botas e c\u00f3gulas, para serem distribu\u00eddas pelas Institui\u00e7\u00f5es Particulares de Solidariedade Social (IPSS) do concelho. Aliando o gosto pela costura \u00e0 solidariedade, o grupo \u201cTodos Juntos Seremos Mais Fortes\u201d tem vindo a produzir equipamentos de prote\u00e7\u00e3o individual [&hellip;]\" \/>\n<meta property=\"og:url\" content=\"https:\/\/www.altominho.tv\/site\/2020\/05\/11\/voluntarias-produziram-equipamentos-de-protecao-para-distribuir-pelas-ipss\/\" \/>\n<meta property=\"og:site_name\" content=\"Altominho.tv\" \/>\n<meta property=\"article:publisher\" content=\"https:\/\/www.facebook.com\/altominhotv\" \/>\n<meta property=\"article:published_time\" content=\"2020-05-11T16:15:54+00:00\" \/>\n<meta property=\"article:modified_time\" content=\"2020-05-11T16:15:57+00:00\" \/>\n<meta property=\"og:image\" content=\"https:\/\/www.altominho.tv\/site\/wp-content\/uploads\/2020\/05\/Volunta\u0301rias-entregam-material-de-protec\u0327ao-individual-scaled-e1589213056331.jpg\" \/>\n\t<meta property=\"og:image:width\" content=\"2444\" \/>\n\t<meta property=\"og:image:height\" content=\"1344\" \/>\n\t<meta property=\"og:image:type\" content=\"image\/jpeg\" \/>\n<meta name=\"author\" content=\"Andreia Ferreira\" \/>\n<meta name=\"twitter:card\" content=\"summary_large_image\" \/>\n<meta name=\"twitter:creator\" content=\"@altominhoTV\" \/>\n<meta name=\"twitter:site\" content=\"@altominhoTV\" \/>\n<meta name=\"twitter:label1\" content=\"Escrito por\" \/>\n\t<meta name=\"twitter:data1\" content=\"Andreia Ferreira\" \/>\n<script type=\"application\/ld+json\" class=\"yoast-schema-graph\">{\"@context\":\"https:\\\/\\\/schema.org\",\"@graph\":[{\"@type\":\"Article\",\"@id\":\"https:\\\/\\\/www.altominho.tv\\\/site\\\/2020\\\/05\\\/11\\\/voluntarias-produziram-equipamentos-de-protecao-para-distribuir-pelas-ipss\\\/#article\",\"isPartOf\":{\"@id\":\"https:\\\/\\\/www.altominho.tv\\\/site\\\/2020\\\/05\\\/11\\\/voluntarias-produziram-equipamentos-de-protecao-para-distribuir-pelas-ipss\\\/\"},\"author\":{\"name\":\"Andreia Ferreira\",\"@id\":\"https:\\\/\\\/www.altominho.tv\\\/site\\\/#\\\/schema\\\/person\\\/d9be4265364723f14ea8e0d56a1d38cd\"},\"headline\":\"Volunt\u00e1rias produziram equipamentos de prote\u00e7\u00e3o para distribuir pelas IPSS\",\"datePublished\":\"2020-05-11T16:15:54+00:00\",\"dateModified\":\"2020-05-11T16:15:57+00:00\",\"mainEntityOfPage\":{\"@id\":\"https:\\\/\\\/www.altominho.tv\\\/site\\\/2020\\\/05\\\/11\\\/voluntarias-produziram-equipamentos-de-protecao-para-distribuir-pelas-ipss\\\/\"},\"wordCount\":106,\"image\":{\"@id\":\"https:\\\/\\\/www.altominho.tv\\\/site\\\/2020\\\/05\\\/11\\\/voluntarias-produziram-equipamentos-de-protecao-para-distribuir-pelas-ipss\\\/#primaryimage\"},\"thumbnailUrl\":\"https:\\\/\\\/www.altominho.tv\\\/site\\\/wp-content\\\/uploads\\\/2020\\\/05\\\/Volunta\u0301rias-entregam-material-de-protec\u0327ao-individual-scaled-e1589213056331.jpg\",\"keywords\":[\"Sociedade\"],\"articleSection\":[\"Vila Nova de Cerveira\"],\"inLanguage\":\"pt-PT\",\"copyrightYear\":\"2020\",\"copyrightHolder\":{\"@id\":\"https:\\\/\\\/www.altominho.tv\\\/site\\\/#organization\"}},{\"@type\":\"WebPage\",\"@id\":\"https:\\\/\\\/www.altominho.tv\\\/site\\\/2020\\\/05\\\/11\\\/voluntarias-produziram-equipamentos-de-protecao-para-distribuir-pelas-ipss\\\/\",\"url\":\"https:\\\/\\\/www.altominho.tv\\\/site\\\/2020\\\/05\\\/11\\\/voluntarias-produziram-equipamentos-de-protecao-para-distribuir-pelas-ipss\\\/\",\"name\":\"Volunt\u00e1rias produziram equipamentos de prote\u00e7\u00e3o para distribuir pelas IPSS\",\"isPartOf\":{\"@id\":\"https:\\\/\\\/www.altominho.tv\\\/site\\\/#website\"},\"primaryImageOfPage\":{\"@id\":\"https:\\\/\\\/www.altominho.tv\\\/site\\\/2020\\\/05\\\/11\\\/voluntarias-produziram-equipamentos-de-protecao-para-distribuir-pelas-ipss\\\/#primaryimage\"},\"image\":{\"@id\":\"https:\\\/\\\/www.altominho.tv\\\/site\\\/2020\\\/05\\\/11\\\/voluntarias-produziram-equipamentos-de-protecao-para-distribuir-pelas-ipss\\\/#primaryimage\"},\"thumbnailUrl\":\"https:\\\/\\\/www.altominho.tv\\\/site\\\/wp-content\\\/uploads\\\/2020\\\/05\\\/Volunta\u0301rias-entregam-material-de-protec\u0327ao-individual-scaled-e1589213056331.jpg\",\"datePublished\":\"2020-05-11T16:15:54+00:00\",\"dateModified\":\"2020-05-11T16:15:57+00:00\",\"author\":{\"@id\":\"https:\\\/\\\/www.altominho.tv\\\/site\\\/#\\\/schema\\\/person\\\/d9be4265364723f14ea8e0d56a1d38cd\"},\"breadcrumb\":{\"@id\":\"https:\\\/\\\/www.altominho.tv\\\/site\\\/2020\\\/05\\\/11\\\/voluntarias-produziram-equipamentos-de-protecao-para-distribuir-pelas-ipss\\\/#breadcrumb\"},\"inLanguage\":\"pt-PT\",\"potentialAction\":[{\"@type\":\"ReadAction\",\"target\":[\"https:\\\/\\\/www.altominho.tv\\\/site\\\/2020\\\/05\\\/11\\\/voluntarias-produziram-equipamentos-de-protecao-para-distribuir-pelas-ipss\\\/\"]}]},{\"@type\":\"ImageObject\",\"inLanguage\":\"pt-PT\",\"@id\":\"https:\\\/\\\/www.altominho.tv\\\/site\\\/2020\\\/05\\\/11\\\/voluntarias-produziram-equipamentos-de-protecao-para-distribuir-pelas-ipss\\\/#primaryimage\",\"url\":\"https:\\\/\\\/www.altominho.tv\\\/site\\\/wp-content\\\/uploads\\\/2020\\\/05\\\/Volunta\u0301rias-entregam-material-de-protec\u0327ao-individual-scaled-e1589213056331.jpg\",\"contentUrl\":\"https:\\\/\\\/www.altominho.tv\\\/site\\\/wp-content\\\/uploads\\\/2020\\\/05\\\/Volunta\u0301rias-entregam-material-de-protec\u0327ao-individual-scaled-e1589213056331.jpg\",\"width\":2444,\"height\":1344},{\"@type\":\"BreadcrumbList\",\"@id\":\"https:\\\/\\\/www.altominho.tv\\\/site\\\/2020\\\/05\\\/11\\\/voluntarias-produziram-equipamentos-de-protecao-para-distribuir-pelas-ipss\\\/#breadcrumb\",\"itemListElement\":[{\"@type\":\"ListItem\",\"position\":1,\"name\":\"In\u00edcio\",\"item\":\"https:\\\/\\\/www.altominho.tv\\\/site\\\/\"},{\"@type\":\"ListItem\",\"position\":2,\"name\":\"Volunt\u00e1rias produziram equipamentos de prote\u00e7\u00e3o para distribuir pelas IPSS\"}]},{\"@type\":\"WebSite\",\"@id\":\"https:\\\/\\\/www.altominho.tv\\\/site\\\/#website\",\"url\":\"https:\\\/\\\/www.altominho.tv\\\/site\\\/\",\"name\":\"Altominho.tv\",\"description\":\"A sua regi\u00e3o \u00e0 dist\u00e2ncia de um clique...\",\"potentialAction\":[{\"@type\":\"SearchAction\",\"target\":{\"@type\":\"EntryPoint\",\"urlTemplate\":\"https:\\\/\\\/www.altominho.tv\\\/site\\\/?s={search_term_string}\"},\"query-input\":{\"@type\":\"PropertyValueSpecification\",\"valueRequired\":true,\"valueName\":\"search_term_string\"}}],\"inLanguage\":\"pt-PT\"},{\"@type\":\"Person\",\"@id\":\"https:\\\/\\\/www.altominho.tv\\\/site\\\/#\\\/schema\\\/person\\\/d9be4265364723f14ea8e0d56a1d38cd\",\"name\":\"Andreia Ferreira\",\"image\":{\"@type\":\"ImageObject\",\"inLanguage\":\"pt-PT\",\"@id\":\"https:\\\/\\\/www.altominho.tv\\\/site\\\/wp-content\\\/uploads\\\/2021\\\/01\\\/AndreiaFerreira-150x150.jpg\",\"url\":\"https:\\\/\\\/www.altominho.tv\\\/site\\\/wp-content\\\/uploads\\\/2021\\\/01\\\/AndreiaFerreira-150x150.jpg\",\"contentUrl\":\"https:\\\/\\\/www.altominho.tv\\\/site\\\/wp-content\\\/uploads\\\/2021\\\/01\\\/AndreiaFerreira-150x150.jpg\",\"caption\":\"Andreia Ferreira\"},\"url\":\"https:\\\/\\\/www.altominho.tv\\\/site\\\/author\\\/andreiaferreira\\\/\"}]}<\/script>\n<!-- \/ Yoast SEO Premium plugin. -->","yoast_head_json":{"title":"Volunt\u00e1rias produziram equipamentos de prote\u00e7\u00e3o para distribuir pelas IPSS","robots":{"index":"index","follow":"follow","max-snippet":"max-snippet:-1","max-image-preview":"max-image-preview:large","max-video-preview":"max-video-preview:-1"},"canonical":"https:\/\/www.altominho.tv\/site\/2020\/05\/11\/voluntarias-produziram-equipamentos-de-protecao-para-distribuir-pelas-ipss\/","og_locale":"pt_PT","og_type":"article","og_title":"Volunt\u00e1rias produziram equipamentos de prote\u00e7\u00e3o para distribuir pelas IPSS","og_description":"Um grupo de volunt\u00e1rias entregou, esta segunda-feira, na C\u00e2mara de Vila Nova de Cerveira, 650 batas, t\u00fanicas, cal\u00e7as, cobre-botas e c\u00f3gulas, para serem distribu\u00eddas pelas Institui\u00e7\u00f5es Particulares de Solidariedade Social (IPSS) do concelho. Aliando o gosto pela costura \u00e0 solidariedade, o grupo \u201cTodos Juntos Seremos Mais Fortes\u201d tem vindo a produzir equipamentos de prote\u00e7\u00e3o individual [&hellip;]","og_url":"https:\/\/www.altominho.tv\/site\/2020\/05\/11\/voluntarias-produziram-equipamentos-de-protecao-para-distribuir-pelas-ipss\/","og_site_name":"Altominho.tv","article_publisher":"https:\/\/www.facebook.com\/altominhotv","article_published_time":"2020-05-11T16:15:54+00:00","article_modified_time":"2020-05-11T16:15:57+00:00","og_image":[{"width":2444,"height":1344,"url":"https:\/\/www.altominho.tv\/site\/wp-content\/uploads\/2020\/05\/Volunta\u0301rias-entregam-material-de-protec\u0327ao-individual-scaled-e1589213056331.jpg","type":"image\/jpeg"}],"author":"Andreia Ferreira","twitter_card":"summary_large_image","twitter_creator":"@altominhoTV","twitter_site":"@altominhoTV","twitter_misc":{"Escrito por":"Andreia Ferreira"},"schema":{"@context":"https:\/\/schema.org","@graph":[{"@type":"Article","@id":"https:\/\/www.altominho.tv\/site\/2020\/05\/11\/voluntarias-produziram-equipamentos-de-protecao-para-distribuir-pelas-ipss\/#article","isPartOf":{"@id":"https:\/\/www.altominho.tv\/site\/2020\/05\/11\/voluntarias-produziram-equipamentos-de-protecao-para-distribuir-pelas-ipss\/"},"author":{"name":"Andreia Ferreira","@id":"https:\/\/www.altominho.tv\/site\/#\/schema\/person\/d9be4265364723f14ea8e0d56a1d38cd"},"headline":"Volunt\u00e1rias produziram equipamentos de prote\u00e7\u00e3o para distribuir pelas IPSS","datePublished":"2020-05-11T16:15:54+00:00","dateModified":"2020-05-11T16:15:57+00:00","mainEntityOfPage":{"@id":"https:\/\/www.altominho.tv\/site\/2020\/05\/11\/voluntarias-produziram-equipamentos-de-protecao-para-distribuir-pelas-ipss\/"},"wordCount":106,"image":{"@id":"https:\/\/www.altominho.tv\/site\/2020\/05\/11\/voluntarias-produziram-equipamentos-de-protecao-para-distribuir-pelas-ipss\/#primaryimage"},"thumbnailUrl":"https:\/\/www.altominho.tv\/site\/wp-content\/uploads\/2020\/05\/Volunta\u0301rias-entregam-material-de-protec\u0327ao-individual-scaled-e1589213056331.jpg","keywords":["Sociedade"],"articleSection":["Vila Nova de Cerveira"],"inLanguage":"pt-PT","copyrightYear":"2020","copyrightHolder":{"@id":"https:\/\/www.altominho.tv\/site\/#organization"}},{"@type":"WebPage","@id":"https:\/\/www.altominho.tv\/site\/2020\/05\/11\/voluntarias-produziram-equipamentos-de-protecao-para-distribuir-pelas-ipss\/","url":"https:\/\/www.altominho.tv\/site\/2020\/05\/11\/voluntarias-produziram-equipamentos-de-protecao-para-distribuir-pelas-ipss\/","name":"Volunt\u00e1rias produziram equipamentos de prote\u00e7\u00e3o para distribuir pelas IPSS","isPartOf":{"@id":"https:\/\/www.altominho.tv\/site\/#website"},"primaryImageOfPage":{"@id":"https:\/\/www.altominho.tv\/site\/2020\/05\/11\/voluntarias-produziram-equipamentos-de-protecao-para-distribuir-pelas-ipss\/#primaryimage"},"image":{"@id":"https:\/\/www.altominho.tv\/site\/2020\/05\/11\/voluntarias-produziram-equipamentos-de-protecao-para-distribuir-pelas-ipss\/#primaryimage"},"thumbnailUrl":"https:\/\/www.altominho.tv\/site\/wp-content\/uploads\/2020\/05\/Volunta\u0301rias-entregam-material-de-protec\u0327ao-individual-scaled-e1589213056331.jpg","datePublished":"2020-05-11T16:15:54+00:00","dateModified":"2020-05-11T16:15:57+00:00","author":{"@id":"https:\/\/www.altominho.tv\/site\/#\/schema\/person\/d9be4265364723f14ea8e0d56a1d38cd"},"breadcrumb":{"@id":"https:\/\/www.altominho.tv\/site\/2020\/05\/11\/voluntarias-produziram-equipamentos-de-protecao-para-distribuir-pelas-ipss\/#breadcrumb"},"inLanguage":"pt-PT","potentialAction":[{"@type":"ReadAction","target":["https:\/\/www.altominho.tv\/site\/2020\/05\/11\/voluntarias-produziram-equipamentos-de-protecao-para-distribuir-pelas-ipss\/"]}]},{"@type":"ImageObject","inLanguage":"pt-PT","@id":"https:\/\/www.altominho.tv\/site\/2020\/05\/11\/voluntarias-produziram-equipamentos-de-protecao-para-distribuir-pelas-ipss\/#primaryimage","url":"https:\/\/www.altominho.tv\/site\/wp-content\/uploads\/2020\/05\/Volunta\u0301rias-entregam-material-de-protec\u0327ao-individual-scaled-e1589213056331.jpg","contentUrl":"https:\/\/www.altominho.tv\/site\/wp-content\/uploads\/2020\/05\/Volunta\u0301rias-entregam-material-de-protec\u0327ao-individual-scaled-e1589213056331.jpg","width":2444,"height":1344},{"@type":"BreadcrumbList","@id":"https:\/\/www.altominho.tv\/site\/2020\/05\/11\/voluntarias-produziram-equipamentos-de-protecao-para-distribuir-pelas-ipss\/#breadcrumb","itemListElement":[{"@type":"ListItem","position":1,"name":"In\u00edcio","item":"https:\/\/www.altominho.tv\/site\/"},{"@type":"ListItem","position":2,"name":"Volunt\u00e1rias produziram equipamentos de prote\u00e7\u00e3o para distribuir pelas IPSS"}]},{"@type":"WebSite","@id":"https:\/\/www.altominho.tv\/site\/#website","url":"https:\/\/www.altominho.tv\/site\/","name":"Altominho.tv","description":"A sua regi\u00e3o \u00e0 dist\u00e2ncia de um clique...","potentialAction":[{"@type":"SearchAction","target":{"@type":"EntryPoint","urlTemplate":"https:\/\/www.altominho.tv\/site\/?s={search_term_string}"},"query-input":{"@type":"PropertyValueSpecification","valueRequired":true,"valueName":"search_term_string"}}],"inLanguage":"pt-PT"},{"@type":"Person","@id":"https:\/\/www.altominho.tv\/site\/#\/schema\/person\/d9be4265364723f14ea8e0d56a1d38cd","name":"Andreia Ferreira","image":{"@type":"ImageObject","inLanguage":"pt-PT","@id":"https:\/\/www.altominho.tv\/site\/wp-content\/uploads\/2021\/01\/AndreiaFerreira-150x150.jpg","url":"https:\/\/www.altominho.tv\/site\/wp-content\/uploads\/2021\/01\/AndreiaFerreira-150x150.jpg","contentUrl":"https:\/\/www.altominho.tv\/site\/wp-content\/uploads\/2021\/01\/AndreiaFerreira-150x150.jpg","caption":"Andreia Ferreira"},"url":"https:\/\/www.altominho.tv\/site\/author\/andreiaferreira\/"}]}},"_links":{"self":[{"href":"https:\/\/www.altominho.tv\/site\/wp-json\/wp\/v2\/posts\/46096","targetHints":{"allow":["GET"]}}],"collection":[{"href":"https:\/\/www.altominho.tv\/site\/wp-json\/wp\/v2\/posts"}],"about":[{"href":"https:\/\/www.altominho.tv\/site\/wp-json\/wp\/v2\/types\/post"}],"author":[{"embeddable":true,"href":"https:\/\/www.altominho.tv\/site\/wp-json\/wp\/v2\/users\/12"}],"replies":[{"embeddable":true,"href":"https:\/\/www.altominho.tv\/site\/wp-json\/wp\/v2\/comments?post=46096"}],"version-history":[{"count":0,"href":"https:\/\/www.altominho.tv\/site\/wp-json\/wp\/v2\/posts\/46096\/revisions"}],"wp:featuredmedia":[{"embeddable":true,"href":"https:\/\/www.altominho.tv\/site\/wp-json\/wp\/v2\/media\/46097"}],"wp:attachment":[{"href":"https:\/\/www.altominho.tv\/site\/wp-json\/wp\/v2\/media?parent=46096"}],"wp:term":[{"taxonomy":"category","embeddable":true,"href":"https:\/\/www.altominho.tv\/site\/wp-json\/wp\/v2\/categories?post=46096"},{"taxonomy":"post_tag","embeddable":true,"href":"https:\/\/www.altominho.tv\/site\/wp-json\/wp\/v2\/tags?post=46096"}],"curies":[{"name":"wp","href":"https:\/\/api.w.org\/{rel}","templated":true}]}}