{"id":46093,"date":"2020-05-11T16:52:57","date_gmt":"2020-05-11T15:52:57","guid":{"rendered":"http:\/\/www.altominho.tv\/site\/?p=46093"},"modified":"2020-05-11T16:53:01","modified_gmt":"2020-05-11T15:53:01","slug":"ja-foram-distribuidas-e-ativadas-mais-de-375-000-pulseiras-a-criancas-entre-os-2-e-os-10-anos-ao-abrigo-do-programa-estou-aqui-da-psp","status":"publish","type":"post","link":"https:\/\/www.altominho.tv\/site\/2020\/05\/11\/ja-foram-distribuidas-e-ativadas-mais-de-375-000-pulseiras-a-criancas-entre-os-2-e-os-10-anos-ao-abrigo-do-programa-estou-aqui-da-psp\/","title":{"rendered":"J\u00e1 foram distribu\u00eddas e ativadas mais de 375 000 pulseiras a crian\u00e7as entre os 2 e os 10 anos ao abrigo do programa &#8220;Estou aqui!&#8221; da PSP"},"content":{"rendered":"\n<p>O programa&nbsp;<em>Estou Aqui! Crian\u00e7as<\/em>&nbsp;(EA) \u00e9 uma iniciativa da Pol\u00edcia de Seguran\u00e7a P\u00fablica, criada em 2012.<\/p>\n\n\n\n<p>Este programa \u00e9 desenvolvido em parceria\u00a0com a Altice Portugal, atrav\u00e9s da\u00a0MEO e da Funda\u00e7\u00e3o Altice,\u00a0Secretaria-Geral do Minist\u00e9rio da Administra\u00e7\u00e3o Interna,\u00a0R\u00e1dio Comercial,\u00a0<em>Missing Children Europe<\/em>\u00a0e Instituto de Apoio \u00e0 Crian\u00e7a.<\/p>\n\n\n\n<p>Neste \u00e2mbito j\u00e1 foram distribu\u00eddas e ativadas mais de 375\u00a0000 pulseiras a crian\u00e7as entre os 2 e os 10 anos de idade, informou a PSP em comunicado.<\/p>\n\n\n\n<p>&#8220;Cada\u00a0pulseira distribu\u00edda disp\u00f5e de um c\u00f3digo alfanum\u00e9rico \u00fanico o qual permite que qualquer pessoa que encontre uma crian\u00e7a perdida a sinalize via 112. Essa chamada \u00e9 encaminhada para a PSP que disp\u00f5e dos dados associados \u00e0 pulseira e, de forma c\u00e9lere, contacta os pais, educadores ou tutores da crian\u00e7a que se encontre perdida, promovendo o reencontro&#8221;, l\u00ea-se na nota enviada pela Pol\u00edcia de Seguran\u00e7a P\u00fablica.<\/p>\n\n\n\n<p>O\u00a0<em>Estou Aqui! Crian\u00e7as<\/em>\u00a0abrangeu em 2019 mais de\u00a077.000 crian\u00e7as, registando-se 8 ativa\u00e7\u00f5es, ou seja, 8 situa\u00e7\u00f5es de acionamento da pulseira para garantir a reuni\u00e3o de uma crian\u00e7a perdida com a fam\u00edlia.<\/p>\n\n\n\n<p>Por norma t\u00eam in\u00edcio em maio as inscri\u00e7\u00f5es para a nova edi\u00e7\u00e3o anual deste programa. <\/p>\n\n\n\n<p>Atendendo &#8220;ao especial contexto de sa\u00fade p\u00fablica que vivenciamos, a validade das pulseiras da edi\u00e7\u00e3o de 2019 que estariam ativas at\u00e9 31 de maio, \u00e9 prolongada at\u00e9\u00a015 de Julho&#8221;.<\/p>\n","protected":false},"excerpt":{"rendered":"<p>O programa&nbsp;Estou Aqui! Crian\u00e7as&nbsp;(EA) \u00e9 uma iniciativa da Pol\u00edcia de Seguran\u00e7a P\u00fablica, criada em 2012. Este programa \u00e9 desenvolvido em parceria\u00a0com a Altice Portugal, atrav\u00e9s da\u00a0MEO e da Funda\u00e7\u00e3o Altice,\u00a0Secretaria-Geral do Minist\u00e9rio da Administra\u00e7\u00e3o Interna,\u00a0R\u00e1dio Comercial,\u00a0Missing Children Europe\u00a0e Instituto de Apoio \u00e0 Crian\u00e7a. Neste \u00e2mbito j\u00e1 foram distribu\u00eddas e ativadas mais de 375\u00a0000 pulseiras a [&hellip;]<\/p>\n","protected":false},"author":7,"featured_media":46094,"comment_status":"closed","ping_status":"closed","sticky":false,"template":"","format":"standard","meta":{"_exactmetrics_skip_tracking":false,"_exactmetrics_sitenote_active":false,"_exactmetrics_sitenote_note":"","_exactmetrics_sitenote_category":0,"footnotes":""},"categories":[73],"tags":[27],"class_list":["post-46093","post","type-post","status-publish","format-standard","has-post-thumbnail","hentry","category-alto-minho","tag-sociedade"],"yoast_head":"<!-- This site is optimized with the Yoast SEO Premium plugin v27.4 (Yoast SEO v27.4) - https:\/\/yoast.com\/product\/yoast-seo-premium-wordpress\/ -->\n<title>J\u00e1 foram distribu\u00eddas e ativadas mais de 375 000 pulseiras a crian\u00e7as entre os 2 e os 10 anos ao abrigo do programa &quot;Estou aqui!&quot; da PSP<\/title>\n<meta name=\"robots\" content=\"index, follow, max-snippet:-1, max-image-preview:large, max-video-preview:-1\" \/>\n<link rel=\"canonical\" href=\"https:\/\/www.altominho.tv\/site\/2020\/05\/11\/ja-foram-distribuidas-e-ativadas-mais-de-375-000-pulseiras-a-criancas-entre-os-2-e-os-10-anos-ao-abrigo-do-programa-estou-aqui-da-psp\/\" \/>\n<meta property=\"og:locale\" content=\"pt_PT\" \/>\n<meta property=\"og:type\" content=\"article\" \/>\n<meta property=\"og:title\" content=\"J\u00e1 foram distribu\u00eddas e ativadas mais de 375 000 pulseiras a crian\u00e7as entre os 2 e os 10 anos ao abrigo do programa &quot;Estou aqui!&quot; da PSP\" \/>\n<meta property=\"og:description\" content=\"O programa&nbsp;Estou Aqui! Crian\u00e7as&nbsp;(EA) \u00e9 uma iniciativa da Pol\u00edcia de Seguran\u00e7a P\u00fablica, criada em 2012. Este programa \u00e9 desenvolvido em parceria\u00a0com a Altice Portugal, atrav\u00e9s da\u00a0MEO e da Funda\u00e7\u00e3o Altice,\u00a0Secretaria-Geral do Minist\u00e9rio da Administra\u00e7\u00e3o Interna,\u00a0R\u00e1dio Comercial,\u00a0Missing Children Europe\u00a0e Instituto de Apoio \u00e0 Crian\u00e7a. Neste \u00e2mbito j\u00e1 foram distribu\u00eddas e ativadas mais de 375\u00a0000 pulseiras a [&hellip;]\" \/>\n<meta property=\"og:url\" content=\"https:\/\/www.altominho.tv\/site\/2020\/05\/11\/ja-foram-distribuidas-e-ativadas-mais-de-375-000-pulseiras-a-criancas-entre-os-2-e-os-10-anos-ao-abrigo-do-programa-estou-aqui-da-psp\/\" \/>\n<meta property=\"og:site_name\" content=\"Altominho.tv\" \/>\n<meta property=\"article:publisher\" content=\"https:\/\/www.facebook.com\/altominhotv\" \/>\n<meta property=\"article:published_time\" content=\"2020-05-11T15:52:57+00:00\" \/>\n<meta property=\"article:modified_time\" content=\"2020-05-11T15:53:01+00:00\" \/>\n<meta property=\"og:image\" content=\"https:\/\/www.altominho.tv\/site\/wp-content\/uploads\/2020\/05\/image006.jpg\" \/>\n\t<meta property=\"og:image:width\" content=\"597\" \/>\n\t<meta property=\"og:image:height\" content=\"256\" \/>\n\t<meta property=\"og:image:type\" content=\"image\/jpeg\" \/>\n<meta name=\"author\" content=\"Andreia Cunha\" \/>\n<meta name=\"twitter:card\" content=\"summary_large_image\" \/>\n<meta name=\"twitter:creator\" content=\"@altominhoTV\" \/>\n<meta name=\"twitter:site\" content=\"@altominhoTV\" \/>\n<meta name=\"twitter:label1\" content=\"Escrito por\" \/>\n\t<meta name=\"twitter:data1\" content=\"Andreia Cunha\" \/>\n\t<meta name=\"twitter:label2\" content=\"Tempo estimado de leitura\" \/>\n\t<meta name=\"twitter:data2\" content=\"1 minuto\" \/>\n<script type=\"application\/ld+json\" class=\"yoast-schema-graph\">{\"@context\":\"https:\\\/\\\/schema.org\",\"@graph\":[{\"@type\":\"Article\",\"@id\":\"https:\\\/\\\/www.altominho.tv\\\/site\\\/2020\\\/05\\\/11\\\/ja-foram-distribuidas-e-ativadas-mais-de-375-000-pulseiras-a-criancas-entre-os-2-e-os-10-anos-ao-abrigo-do-programa-estou-aqui-da-psp\\\/#article\",\"isPartOf\":{\"@id\":\"https:\\\/\\\/www.altominho.tv\\\/site\\\/2020\\\/05\\\/11\\\/ja-foram-distribuidas-e-ativadas-mais-de-375-000-pulseiras-a-criancas-entre-os-2-e-os-10-anos-ao-abrigo-do-programa-estou-aqui-da-psp\\\/\"},\"author\":{\"name\":\"Andreia Cunha\",\"@id\":\"https:\\\/\\\/www.altominho.tv\\\/site\\\/#\\\/schema\\\/person\\\/a0e4ef6d041f98ca284393d8f1d97153\"},\"headline\":\"J\u00e1 foram distribu\u00eddas e ativadas mais de 375 000 pulseiras a crian\u00e7as entre os 2 e os 10 anos ao abrigo do programa &#8220;Estou aqui!&#8221; da PSP\",\"datePublished\":\"2020-05-11T15:52:57+00:00\",\"dateModified\":\"2020-05-11T15:53:01+00:00\",\"mainEntityOfPage\":{\"@id\":\"https:\\\/\\\/www.altominho.tv\\\/site\\\/2020\\\/05\\\/11\\\/ja-foram-distribuidas-e-ativadas-mais-de-375-000-pulseiras-a-criancas-entre-os-2-e-os-10-anos-ao-abrigo-do-programa-estou-aqui-da-psp\\\/\"},\"wordCount\":269,\"image\":{\"@id\":\"https:\\\/\\\/www.altominho.tv\\\/site\\\/2020\\\/05\\\/11\\\/ja-foram-distribuidas-e-ativadas-mais-de-375-000-pulseiras-a-criancas-entre-os-2-e-os-10-anos-ao-abrigo-do-programa-estou-aqui-da-psp\\\/#primaryimage\"},\"thumbnailUrl\":\"https:\\\/\\\/www.altominho.tv\\\/site\\\/wp-content\\\/uploads\\\/2020\\\/05\\\/image006.jpg\",\"keywords\":[\"Sociedade\"],\"articleSection\":[\"Alto Minho\"],\"inLanguage\":\"pt-PT\",\"copyrightYear\":\"2020\",\"copyrightHolder\":{\"@id\":\"https:\\\/\\\/www.altominho.tv\\\/site\\\/#organization\"}},{\"@type\":\"WebPage\",\"@id\":\"https:\\\/\\\/www.altominho.tv\\\/site\\\/2020\\\/05\\\/11\\\/ja-foram-distribuidas-e-ativadas-mais-de-375-000-pulseiras-a-criancas-entre-os-2-e-os-10-anos-ao-abrigo-do-programa-estou-aqui-da-psp\\\/\",\"url\":\"https:\\\/\\\/www.altominho.tv\\\/site\\\/2020\\\/05\\\/11\\\/ja-foram-distribuidas-e-ativadas-mais-de-375-000-pulseiras-a-criancas-entre-os-2-e-os-10-anos-ao-abrigo-do-programa-estou-aqui-da-psp\\\/\",\"name\":\"J\u00e1 foram distribu\u00eddas e ativadas mais de 375 000 pulseiras a crian\u00e7as entre os 2 e os 10 anos ao abrigo do programa \\\"Estou aqui!\\\" da PSP\",\"isPartOf\":{\"@id\":\"https:\\\/\\\/www.altominho.tv\\\/site\\\/#website\"},\"primaryImageOfPage\":{\"@id\":\"https:\\\/\\\/www.altominho.tv\\\/site\\\/2020\\\/05\\\/11\\\/ja-foram-distribuidas-e-ativadas-mais-de-375-000-pulseiras-a-criancas-entre-os-2-e-os-10-anos-ao-abrigo-do-programa-estou-aqui-da-psp\\\/#primaryimage\"},\"image\":{\"@id\":\"https:\\\/\\\/www.altominho.tv\\\/site\\\/2020\\\/05\\\/11\\\/ja-foram-distribuidas-e-ativadas-mais-de-375-000-pulseiras-a-criancas-entre-os-2-e-os-10-anos-ao-abrigo-do-programa-estou-aqui-da-psp\\\/#primaryimage\"},\"thumbnailUrl\":\"https:\\\/\\\/www.altominho.tv\\\/site\\\/wp-content\\\/uploads\\\/2020\\\/05\\\/image006.jpg\",\"datePublished\":\"2020-05-11T15:52:57+00:00\",\"dateModified\":\"2020-05-11T15:53:01+00:00\",\"author\":{\"@id\":\"https:\\\/\\\/www.altominho.tv\\\/site\\\/#\\\/schema\\\/person\\\/a0e4ef6d041f98ca284393d8f1d97153\"},\"breadcrumb\":{\"@id\":\"https:\\\/\\\/www.altominho.tv\\\/site\\\/2020\\\/05\\\/11\\\/ja-foram-distribuidas-e-ativadas-mais-de-375-000-pulseiras-a-criancas-entre-os-2-e-os-10-anos-ao-abrigo-do-programa-estou-aqui-da-psp\\\/#breadcrumb\"},\"inLanguage\":\"pt-PT\",\"potentialAction\":[{\"@type\":\"ReadAction\",\"target\":[\"https:\\\/\\\/www.altominho.tv\\\/site\\\/2020\\\/05\\\/11\\\/ja-foram-distribuidas-e-ativadas-mais-de-375-000-pulseiras-a-criancas-entre-os-2-e-os-10-anos-ao-abrigo-do-programa-estou-aqui-da-psp\\\/\"]}]},{\"@type\":\"ImageObject\",\"inLanguage\":\"pt-PT\",\"@id\":\"https:\\\/\\\/www.altominho.tv\\\/site\\\/2020\\\/05\\\/11\\\/ja-foram-distribuidas-e-ativadas-mais-de-375-000-pulseiras-a-criancas-entre-os-2-e-os-10-anos-ao-abrigo-do-programa-estou-aqui-da-psp\\\/#primaryimage\",\"url\":\"https:\\\/\\\/www.altominho.tv\\\/site\\\/wp-content\\\/uploads\\\/2020\\\/05\\\/image006.jpg\",\"contentUrl\":\"https:\\\/\\\/www.altominho.tv\\\/site\\\/wp-content\\\/uploads\\\/2020\\\/05\\\/image006.jpg\",\"width\":597,\"height\":256},{\"@type\":\"BreadcrumbList\",\"@id\":\"https:\\\/\\\/www.altominho.tv\\\/site\\\/2020\\\/05\\\/11\\\/ja-foram-distribuidas-e-ativadas-mais-de-375-000-pulseiras-a-criancas-entre-os-2-e-os-10-anos-ao-abrigo-do-programa-estou-aqui-da-psp\\\/#breadcrumb\",\"itemListElement\":[{\"@type\":\"ListItem\",\"position\":1,\"name\":\"In\u00edcio\",\"item\":\"https:\\\/\\\/www.altominho.tv\\\/site\\\/\"},{\"@type\":\"ListItem\",\"position\":2,\"name\":\"J\u00e1 foram distribu\u00eddas e ativadas mais de 375 000 pulseiras a crian\u00e7as entre os 2 e os 10 anos ao abrigo do programa &#8220;Estou aqui!&#8221; da PSP\"}]},{\"@type\":\"WebSite\",\"@id\":\"https:\\\/\\\/www.altominho.tv\\\/site\\\/#website\",\"url\":\"https:\\\/\\\/www.altominho.tv\\\/site\\\/\",\"name\":\"Altominho.tv\",\"description\":\"A sua regi\u00e3o \u00e0 dist\u00e2ncia de um clique...\",\"potentialAction\":[{\"@type\":\"SearchAction\",\"target\":{\"@type\":\"EntryPoint\",\"urlTemplate\":\"https:\\\/\\\/www.altominho.tv\\\/site\\\/?s={search_term_string}\"},\"query-input\":{\"@type\":\"PropertyValueSpecification\",\"valueRequired\":true,\"valueName\":\"search_term_string\"}}],\"inLanguage\":\"pt-PT\"},{\"@type\":\"Person\",\"@id\":\"https:\\\/\\\/www.altominho.tv\\\/site\\\/#\\\/schema\\\/person\\\/a0e4ef6d041f98ca284393d8f1d97153\",\"name\":\"Andreia Cunha\",\"image\":{\"@type\":\"ImageObject\",\"inLanguage\":\"pt-PT\",\"@id\":\"https:\\\/\\\/www.altominho.tv\\\/site\\\/wp-content\\\/uploads\\\/2017\\\/11\\\/Andreia_Cunha-1-150x150.jpg\",\"url\":\"https:\\\/\\\/www.altominho.tv\\\/site\\\/wp-content\\\/uploads\\\/2017\\\/11\\\/Andreia_Cunha-1-150x150.jpg\",\"contentUrl\":\"https:\\\/\\\/www.altominho.tv\\\/site\\\/wp-content\\\/uploads\\\/2017\\\/11\\\/Andreia_Cunha-1-150x150.jpg\",\"caption\":\"Andreia Cunha\"},\"url\":\"https:\\\/\\\/www.altominho.tv\\\/site\\\/author\\\/andreiacunha\\\/\"}]}<\/script>\n<!-- \/ Yoast SEO Premium plugin. -->","yoast_head_json":{"title":"J\u00e1 foram distribu\u00eddas e ativadas mais de 375 000 pulseiras a crian\u00e7as entre os 2 e os 10 anos ao abrigo do programa \"Estou aqui!\" da PSP","robots":{"index":"index","follow":"follow","max-snippet":"max-snippet:-1","max-image-preview":"max-image-preview:large","max-video-preview":"max-video-preview:-1"},"canonical":"https:\/\/www.altominho.tv\/site\/2020\/05\/11\/ja-foram-distribuidas-e-ativadas-mais-de-375-000-pulseiras-a-criancas-entre-os-2-e-os-10-anos-ao-abrigo-do-programa-estou-aqui-da-psp\/","og_locale":"pt_PT","og_type":"article","og_title":"J\u00e1 foram distribu\u00eddas e ativadas mais de 375 000 pulseiras a crian\u00e7as entre os 2 e os 10 anos ao abrigo do programa \"Estou aqui!\" da PSP","og_description":"O programa&nbsp;Estou Aqui! Crian\u00e7as&nbsp;(EA) \u00e9 uma iniciativa da Pol\u00edcia de Seguran\u00e7a P\u00fablica, criada em 2012. Este programa \u00e9 desenvolvido em parceria\u00a0com a Altice Portugal, atrav\u00e9s da\u00a0MEO e da Funda\u00e7\u00e3o Altice,\u00a0Secretaria-Geral do Minist\u00e9rio da Administra\u00e7\u00e3o Interna,\u00a0R\u00e1dio Comercial,\u00a0Missing Children Europe\u00a0e Instituto de Apoio \u00e0 Crian\u00e7a. Neste \u00e2mbito j\u00e1 foram distribu\u00eddas e ativadas mais de 375\u00a0000 pulseiras a [&hellip;]","og_url":"https:\/\/www.altominho.tv\/site\/2020\/05\/11\/ja-foram-distribuidas-e-ativadas-mais-de-375-000-pulseiras-a-criancas-entre-os-2-e-os-10-anos-ao-abrigo-do-programa-estou-aqui-da-psp\/","og_site_name":"Altominho.tv","article_publisher":"https:\/\/www.facebook.com\/altominhotv","article_published_time":"2020-05-11T15:52:57+00:00","article_modified_time":"2020-05-11T15:53:01+00:00","og_image":[{"width":597,"height":256,"url":"https:\/\/www.altominho.tv\/site\/wp-content\/uploads\/2020\/05\/image006.jpg","type":"image\/jpeg"}],"author":"Andreia Cunha","twitter_card":"summary_large_image","twitter_creator":"@altominhoTV","twitter_site":"@altominhoTV","twitter_misc":{"Escrito por":"Andreia Cunha","Tempo estimado de leitura":"1 minuto"},"schema":{"@context":"https:\/\/schema.org","@graph":[{"@type":"Article","@id":"https:\/\/www.altominho.tv\/site\/2020\/05\/11\/ja-foram-distribuidas-e-ativadas-mais-de-375-000-pulseiras-a-criancas-entre-os-2-e-os-10-anos-ao-abrigo-do-programa-estou-aqui-da-psp\/#article","isPartOf":{"@id":"https:\/\/www.altominho.tv\/site\/2020\/05\/11\/ja-foram-distribuidas-e-ativadas-mais-de-375-000-pulseiras-a-criancas-entre-os-2-e-os-10-anos-ao-abrigo-do-programa-estou-aqui-da-psp\/"},"author":{"name":"Andreia Cunha","@id":"https:\/\/www.altominho.tv\/site\/#\/schema\/person\/a0e4ef6d041f98ca284393d8f1d97153"},"headline":"J\u00e1 foram distribu\u00eddas e ativadas mais de 375 000 pulseiras a crian\u00e7as entre os 2 e os 10 anos ao abrigo do programa &#8220;Estou aqui!&#8221; da PSP","datePublished":"2020-05-11T15:52:57+00:00","dateModified":"2020-05-11T15:53:01+00:00","mainEntityOfPage":{"@id":"https:\/\/www.altominho.tv\/site\/2020\/05\/11\/ja-foram-distribuidas-e-ativadas-mais-de-375-000-pulseiras-a-criancas-entre-os-2-e-os-10-anos-ao-abrigo-do-programa-estou-aqui-da-psp\/"},"wordCount":269,"image":{"@id":"https:\/\/www.altominho.tv\/site\/2020\/05\/11\/ja-foram-distribuidas-e-ativadas-mais-de-375-000-pulseiras-a-criancas-entre-os-2-e-os-10-anos-ao-abrigo-do-programa-estou-aqui-da-psp\/#primaryimage"},"thumbnailUrl":"https:\/\/www.altominho.tv\/site\/wp-content\/uploads\/2020\/05\/image006.jpg","keywords":["Sociedade"],"articleSection":["Alto Minho"],"inLanguage":"pt-PT","copyrightYear":"2020","copyrightHolder":{"@id":"https:\/\/www.altominho.tv\/site\/#organization"}},{"@type":"WebPage","@id":"https:\/\/www.altominho.tv\/site\/2020\/05\/11\/ja-foram-distribuidas-e-ativadas-mais-de-375-000-pulseiras-a-criancas-entre-os-2-e-os-10-anos-ao-abrigo-do-programa-estou-aqui-da-psp\/","url":"https:\/\/www.altominho.tv\/site\/2020\/05\/11\/ja-foram-distribuidas-e-ativadas-mais-de-375-000-pulseiras-a-criancas-entre-os-2-e-os-10-anos-ao-abrigo-do-programa-estou-aqui-da-psp\/","name":"J\u00e1 foram distribu\u00eddas e ativadas mais de 375 000 pulseiras a crian\u00e7as entre os 2 e os 10 anos ao abrigo do programa \"Estou aqui!\" da PSP","isPartOf":{"@id":"https:\/\/www.altominho.tv\/site\/#website"},"primaryImageOfPage":{"@id":"https:\/\/www.altominho.tv\/site\/2020\/05\/11\/ja-foram-distribuidas-e-ativadas-mais-de-375-000-pulseiras-a-criancas-entre-os-2-e-os-10-anos-ao-abrigo-do-programa-estou-aqui-da-psp\/#primaryimage"},"image":{"@id":"https:\/\/www.altominho.tv\/site\/2020\/05\/11\/ja-foram-distribuidas-e-ativadas-mais-de-375-000-pulseiras-a-criancas-entre-os-2-e-os-10-anos-ao-abrigo-do-programa-estou-aqui-da-psp\/#primaryimage"},"thumbnailUrl":"https:\/\/www.altominho.tv\/site\/wp-content\/uploads\/2020\/05\/image006.jpg","datePublished":"2020-05-11T15:52:57+00:00","dateModified":"2020-05-11T15:53:01+00:00","author":{"@id":"https:\/\/www.altominho.tv\/site\/#\/schema\/person\/a0e4ef6d041f98ca284393d8f1d97153"},"breadcrumb":{"@id":"https:\/\/www.altominho.tv\/site\/2020\/05\/11\/ja-foram-distribuidas-e-ativadas-mais-de-375-000-pulseiras-a-criancas-entre-os-2-e-os-10-anos-ao-abrigo-do-programa-estou-aqui-da-psp\/#breadcrumb"},"inLanguage":"pt-PT","potentialAction":[{"@type":"ReadAction","target":["https:\/\/www.altominho.tv\/site\/2020\/05\/11\/ja-foram-distribuidas-e-ativadas-mais-de-375-000-pulseiras-a-criancas-entre-os-2-e-os-10-anos-ao-abrigo-do-programa-estou-aqui-da-psp\/"]}]},{"@type":"ImageObject","inLanguage":"pt-PT","@id":"https:\/\/www.altominho.tv\/site\/2020\/05\/11\/ja-foram-distribuidas-e-ativadas-mais-de-375-000-pulseiras-a-criancas-entre-os-2-e-os-10-anos-ao-abrigo-do-programa-estou-aqui-da-psp\/#primaryimage","url":"https:\/\/www.altominho.tv\/site\/wp-content\/uploads\/2020\/05\/image006.jpg","contentUrl":"https:\/\/www.altominho.tv\/site\/wp-content\/uploads\/2020\/05\/image006.jpg","width":597,"height":256},{"@type":"BreadcrumbList","@id":"https:\/\/www.altominho.tv\/site\/2020\/05\/11\/ja-foram-distribuidas-e-ativadas-mais-de-375-000-pulseiras-a-criancas-entre-os-2-e-os-10-anos-ao-abrigo-do-programa-estou-aqui-da-psp\/#breadcrumb","itemListElement":[{"@type":"ListItem","position":1,"name":"In\u00edcio","item":"https:\/\/www.altominho.tv\/site\/"},{"@type":"ListItem","position":2,"name":"J\u00e1 foram distribu\u00eddas e ativadas mais de 375 000 pulseiras a crian\u00e7as entre os 2 e os 10 anos ao abrigo do programa &#8220;Estou aqui!&#8221; da PSP"}]},{"@type":"WebSite","@id":"https:\/\/www.altominho.tv\/site\/#website","url":"https:\/\/www.altominho.tv\/site\/","name":"Altominho.tv","description":"A sua regi\u00e3o \u00e0 dist\u00e2ncia de um clique...","potentialAction":[{"@type":"SearchAction","target":{"@type":"EntryPoint","urlTemplate":"https:\/\/www.altominho.tv\/site\/?s={search_term_string}"},"query-input":{"@type":"PropertyValueSpecification","valueRequired":true,"valueName":"search_term_string"}}],"inLanguage":"pt-PT"},{"@type":"Person","@id":"https:\/\/www.altominho.tv\/site\/#\/schema\/person\/a0e4ef6d041f98ca284393d8f1d97153","name":"Andreia Cunha","image":{"@type":"ImageObject","inLanguage":"pt-PT","@id":"https:\/\/www.altominho.tv\/site\/wp-content\/uploads\/2017\/11\/Andreia_Cunha-1-150x150.jpg","url":"https:\/\/www.altominho.tv\/site\/wp-content\/uploads\/2017\/11\/Andreia_Cunha-1-150x150.jpg","contentUrl":"https:\/\/www.altominho.tv\/site\/wp-content\/uploads\/2017\/11\/Andreia_Cunha-1-150x150.jpg","caption":"Andreia Cunha"},"url":"https:\/\/www.altominho.tv\/site\/author\/andreiacunha\/"}]}},"_links":{"self":[{"href":"https:\/\/www.altominho.tv\/site\/wp-json\/wp\/v2\/posts\/46093","targetHints":{"allow":["GET"]}}],"collection":[{"href":"https:\/\/www.altominho.tv\/site\/wp-json\/wp\/v2\/posts"}],"about":[{"href":"https:\/\/www.altominho.tv\/site\/wp-json\/wp\/v2\/types\/post"}],"author":[{"embeddable":true,"href":"https:\/\/www.altominho.tv\/site\/wp-json\/wp\/v2\/users\/7"}],"replies":[{"embeddable":true,"href":"https:\/\/www.altominho.tv\/site\/wp-json\/wp\/v2\/comments?post=46093"}],"version-history":[{"count":0,"href":"https:\/\/www.altominho.tv\/site\/wp-json\/wp\/v2\/posts\/46093\/revisions"}],"wp:featuredmedia":[{"embeddable":true,"href":"https:\/\/www.altominho.tv\/site\/wp-json\/wp\/v2\/media\/46094"}],"wp:attachment":[{"href":"https:\/\/www.altominho.tv\/site\/wp-json\/wp\/v2\/media?parent=46093"}],"wp:term":[{"taxonomy":"category","embeddable":true,"href":"https:\/\/www.altominho.tv\/site\/wp-json\/wp\/v2\/categories?post=46093"},{"taxonomy":"post_tag","embeddable":true,"href":"https:\/\/www.altominho.tv\/site\/wp-json\/wp\/v2\/tags?post=46093"}],"curies":[{"name":"wp","href":"https:\/\/api.w.org\/{rel}","templated":true}]}}